{"id":1363,"date":"2022-11-17T09:00:00","date_gmt":"2022-11-17T08:00:00","guid":{"rendered":"https:\/\/lacartebuissonniere.fr\/?p=1363"},"modified":"2022-11-13T15:54:04","modified_gmt":"2022-11-13T14:54:04","slug":"le-ginkgo-pleureur-du-jardin-dalbert-kahn","status":"publish","type":"post","link":"https:\/\/lacartebuissonniere.fr\/index.php\/2022\/11\/17\/le-ginkgo-pleureur-du-jardin-dalbert-kahn\/","title":{"rendered":"Le ginkgo pleureur du jardin d\u2019Albert Kahn"},"content":{"rendered":"\n<p>Le <a href=\"https:\/\/albert-kahn.hauts-de-seine.fr\/les-collections\/presentation\/jardin\/lart-des-jardins-a-boulogne\" target=\"_blank\" rel=\"noreferrer noopener\">jardin d\u2019Albert Kahn<\/a>, situ\u00e9 \u00e0 Boulogne-Billancourt, est un ravissement pour le promeneur en toute saison. Il m\u00eale jardins japonais, anglais, fran\u00e7ais, verger-roseraie, for\u00eats bleue, dor\u00e9e et vosgienne. <br>En automne, le flamboiement de ses \u00e9rables japonais vaut \u00e0 lui seul le d\u00e9tour\u00a0:<\/p>\n\n\n\n<figure class=\"wp-block-gallery has-nested-images columns-default is-cropped wp-block-gallery-1 is-layout-flex wp-block-gallery-is-layout-flex\">\n<figure class=\"wp-block-image size-large\"><img loading=\"lazy\" decoding=\"async\" width=\"1024\" height=\"768\" data-id=\"1366\" src=\"https:\/\/lacartebuissonniere.fr\/wp-content\/uploads\/2022\/11\/4C71904F-C604-40A2-B969-DB894E2C9FD0_1_105_c.jpeg\" alt=\"\" class=\"wp-image-1366\" srcset=\"https:\/\/lacartebuissonniere.fr\/wp-content\/uploads\/2022\/11\/4C71904F-C604-40A2-B969-DB894E2C9FD0_1_105_c.jpeg 1024w, https:\/\/lacartebuissonniere.fr\/wp-content\/uploads\/2022\/11\/4C71904F-C604-40A2-B969-DB894E2C9FD0_1_105_c-300x225.jpeg 300w, https:\/\/lacartebuissonniere.fr\/wp-content\/uploads\/2022\/11\/4C71904F-C604-40A2-B969-DB894E2C9FD0_1_105_c-768x576.jpeg 768w\" sizes=\"auto, (max-width: 1024px) 100vw, 1024px\" \/><\/figure>\n\n\n\n<figure class=\"wp-block-image size-large\"><img loading=\"lazy\" decoding=\"async\" width=\"1017\" height=\"772\" data-id=\"1365\" src=\"https:\/\/lacartebuissonniere.fr\/wp-content\/uploads\/2022\/11\/FC573830-013F-4442-B85D-03DA14E1881F_1_105_c.jpeg\" alt=\"\" class=\"wp-image-1365\" srcset=\"https:\/\/lacartebuissonniere.fr\/wp-content\/uploads\/2022\/11\/FC573830-013F-4442-B85D-03DA14E1881F_1_105_c.jpeg 1017w, https:\/\/lacartebuissonniere.fr\/wp-content\/uploads\/2022\/11\/FC573830-013F-4442-B85D-03DA14E1881F_1_105_c-300x228.jpeg 300w, https:\/\/lacartebuissonniere.fr\/wp-content\/uploads\/2022\/11\/FC573830-013F-4442-B85D-03DA14E1881F_1_105_c-768x583.jpeg 768w\" sizes=\"auto, (max-width: 1017px) 100vw, 1017px\" \/><\/figure>\n<\/figure>\n\n\n\n<p>On peut appr\u00e9cier \u00e9galement la beaut\u00e9 de ses ginkgos et s\u2019attarder sur un sp\u00e9cimen centenaire remarquable, un ginkgo pleureur \u00ab\u2009Saint Cloud\u2009\u00bb, probablement unique au monde\u00a0:<\/p>\n\n\n\n<figure class=\"wp-block-gallery has-nested-images columns-default is-cropped wp-block-gallery-2 is-layout-flex wp-block-gallery-is-layout-flex\">\n<figure class=\"wp-block-image size-large\"><img loading=\"lazy\" decoding=\"async\" width=\"768\" height=\"1024\" data-id=\"1369\" src=\"https:\/\/lacartebuissonniere.fr\/wp-content\/uploads\/2022\/11\/0E3BC2FF-EEA8-4E3A-9802-3F39BFBF0F55_1_105_c.jpeg\" alt=\"\" class=\"wp-image-1369\" srcset=\"https:\/\/lacartebuissonniere.fr\/wp-content\/uploads\/2022\/11\/0E3BC2FF-EEA8-4E3A-9802-3F39BFBF0F55_1_105_c.jpeg 768w, https:\/\/lacartebuissonniere.fr\/wp-content\/uploads\/2022\/11\/0E3BC2FF-EEA8-4E3A-9802-3F39BFBF0F55_1_105_c-225x300.jpeg 225w\" sizes=\"auto, (max-width: 768px) 100vw, 768px\" \/><\/figure>\n\n\n\n<figure class=\"wp-block-image size-large\"><img loading=\"lazy\" decoding=\"async\" width=\"768\" height=\"1024\" data-id=\"1368\" src=\"https:\/\/lacartebuissonniere.fr\/wp-content\/uploads\/2022\/11\/F850345A-2D9A-4D4A-AF11-96A6BA9E3804_1_105_c.jpeg\" alt=\"\" class=\"wp-image-1368\" srcset=\"https:\/\/lacartebuissonniere.fr\/wp-content\/uploads\/2022\/11\/F850345A-2D9A-4D4A-AF11-96A6BA9E3804_1_105_c.jpeg 768w, https:\/\/lacartebuissonniere.fr\/wp-content\/uploads\/2022\/11\/F850345A-2D9A-4D4A-AF11-96A6BA9E3804_1_105_c-225x300.jpeg 225w\" sizes=\"auto, (max-width: 768px) 100vw, 768px\" \/><\/figure>\n<\/figure>\n\n\n\n<p>Ses branches retombent \u00e0 la mani\u00e8re de celles des saules, lui conf\u00e9rant un port aussi majestueux qu\u2019harmonieux\u00a0:<\/p>\n\n\n\n<figure class=\"wp-block-gallery has-nested-images columns-default is-cropped wp-block-gallery-3 is-layout-flex wp-block-gallery-is-layout-flex\">\n<figure class=\"wp-block-image size-large\"><img loading=\"lazy\" decoding=\"async\" width=\"768\" height=\"1024\" data-id=\"1372\" src=\"https:\/\/lacartebuissonniere.fr\/wp-content\/uploads\/2022\/11\/11390210-FF0A-4065-B8C5-3B14F0B880F3_1_105_c.jpeg\" alt=\"\" class=\"wp-image-1372\" srcset=\"https:\/\/lacartebuissonniere.fr\/wp-content\/uploads\/2022\/11\/11390210-FF0A-4065-B8C5-3B14F0B880F3_1_105_c.jpeg 768w, https:\/\/lacartebuissonniere.fr\/wp-content\/uploads\/2022\/11\/11390210-FF0A-4065-B8C5-3B14F0B880F3_1_105_c-225x300.jpeg 225w\" sizes=\"auto, (max-width: 768px) 100vw, 768px\" \/><\/figure>\n\n\n\n<figure class=\"wp-block-image size-large\"><img loading=\"lazy\" decoding=\"async\" width=\"768\" height=\"1024\" data-id=\"1371\" src=\"https:\/\/lacartebuissonniere.fr\/wp-content\/uploads\/2022\/11\/2387CAFC-63CC-491B-AC5D-08D9C390E0B1_1_105_c.jpeg\" alt=\"\" class=\"wp-image-1371\" srcset=\"https:\/\/lacartebuissonniere.fr\/wp-content\/uploads\/2022\/11\/2387CAFC-63CC-491B-AC5D-08D9C390E0B1_1_105_c.jpeg 768w, https:\/\/lacartebuissonniere.fr\/wp-content\/uploads\/2022\/11\/2387CAFC-63CC-491B-AC5D-08D9C390E0B1_1_105_c-225x300.jpeg 225w\" sizes=\"auto, (max-width: 768px) 100vw, 768px\" \/><\/figure>\n<\/figure>\n","protected":false},"excerpt":{"rendered":"<p>Le jardin d\u2019Albert Kahn, situ\u00e9 \u00e0 Boulogne-Billancourt, est un ravissement pour le promeneur en toute saison. Il m\u00eale jardins japonais, anglais, fran\u00e7ais, verger-roseraie, for\u00eats bleue, dor\u00e9e et vosgienne. En automne, le flamboiement de ses \u00e9rables japonais vaut \u00e0 lui seul le d\u00e9tour\u00a0: On peut appr\u00e9cier \u00e9galement la beaut\u00e9 de ses ginkgos et s\u2019attarder sur un [&hellip;]<\/p>\n","protected":false},"author":2,"featured_media":0,"comment_status":"open","ping_status":"open","sticky":false,"template":"","format":"standard","meta":{"two_page_speed":[],"footnotes":""},"categories":[16,17],"tags":[],"class_list":["post-1363","post","type-post","status-publish","format-standard","hentry","category-flaneries","category-flaneries-botaniques","entry"],"yoast_head":"<!-- This site is optimized with the Yoast SEO plugin v25.4 - https:\/\/yoast.com\/wordpress\/plugins\/seo\/ -->\n<title>Le ginkgo pleureur du jardin d\u2019Albert Kahn - La carte buissonni\u00e8re<\/title>\n<meta name=\"robots\" content=\"index, follow, max-snippet:-1, max-image-preview:large, max-video-preview:-1\" \/>\n<link rel=\"canonical\" href=\"https:\/\/lacartebuissonniere.fr\/index.php\/2022\/11\/17\/le-ginkgo-pleureur-du-jardin-dalbert-kahn\/\" \/>\n<meta property=\"og:locale\" content=\"fr_FR\" \/>\n<meta property=\"og:type\" content=\"article\" \/>\n<meta property=\"og:title\" content=\"Le ginkgo pleureur du jardin d\u2019Albert Kahn - La carte buissonni\u00e8re\" \/>\n<meta property=\"og:description\" content=\"Le jardin d\u2019Albert Kahn, situ\u00e9 \u00e0 Boulogne-Billancourt, est un ravissement pour le promeneur en toute saison. Il m\u00eale jardins japonais, anglais, fran\u00e7ais, verger-roseraie, for\u00eats bleue, dor\u00e9e et vosgienne. En automne, le flamboiement de ses \u00e9rables japonais vaut \u00e0 lui seul le d\u00e9tour\u00a0: On peut appr\u00e9cier \u00e9galement la beaut\u00e9 de ses ginkgos et s\u2019attarder sur un [&hellip;]\" \/>\n<meta property=\"og:url\" content=\"https:\/\/lacartebuissonniere.fr\/index.php\/2022\/11\/17\/le-ginkgo-pleureur-du-jardin-dalbert-kahn\/\" \/>\n<meta property=\"og:site_name\" content=\"La carte buissonni\u00e8re\" \/>\n<meta property=\"article:publisher\" content=\"https:\/\/www.facebook.com\/lacartebuissonniere\/\" \/>\n<meta property=\"article:published_time\" content=\"2022-11-17T08:00:00+00:00\" \/>\n<meta property=\"og:image\" content=\"https:\/\/lacartebuissonniere.fr\/wp-content\/uploads\/2022\/11\/4C71904F-C604-40A2-B969-DB894E2C9FD0_1_105_c.jpeg\" \/>\n<meta name=\"author\" content=\"Carte buissonni\u00e8re\" \/>\n<meta name=\"twitter:card\" content=\"summary_large_image\" \/>\n<meta name=\"twitter:label1\" content=\"\u00c9crit par\" \/>\n\t<meta name=\"twitter:data1\" content=\"Carte buissonni\u00e8re\" \/>\n<script type=\"application\/ld+json\" class=\"yoast-schema-graph\">{\"@context\":\"https:\/\/schema.org\",\"@graph\":[{\"@type\":\"Article\",\"@id\":\"https:\/\/lacartebuissonniere.fr\/index.php\/2022\/11\/17\/le-ginkgo-pleureur-du-jardin-dalbert-kahn\/#article\",\"isPartOf\":{\"@id\":\"https:\/\/lacartebuissonniere.fr\/index.php\/2022\/11\/17\/le-ginkgo-pleureur-du-jardin-dalbert-kahn\/\"},\"author\":{\"name\":\"Carte buissonni\u00e8re\",\"@id\":\"https:\/\/lacartebuissonniere.fr\/#\/schema\/person\/4e60af809837a2287e4f6d4daaf7abd4\"},\"headline\":\"Le ginkgo pleureur du jardin d\u2019Albert Kahn\",\"datePublished\":\"2022-11-17T08:00:00+00:00\",\"mainEntityOfPage\":{\"@id\":\"https:\/\/lacartebuissonniere.fr\/index.php\/2022\/11\/17\/le-ginkgo-pleureur-du-jardin-dalbert-kahn\/\"},\"wordCount\":101,\"commentCount\":0,\"publisher\":{\"@id\":\"https:\/\/lacartebuissonniere.fr\/#organization\"},\"image\":{\"@id\":\"https:\/\/lacartebuissonniere.fr\/index.php\/2022\/11\/17\/le-ginkgo-pleureur-du-jardin-dalbert-kahn\/#primaryimage\"},\"thumbnailUrl\":\"https:\/\/lacartebuissonniere.fr\/wp-content\/uploads\/2022\/11\/4C71904F-C604-40A2-B969-DB894E2C9FD0_1_105_c.jpeg\",\"articleSection\":[\"FL\u00c2NERIES\",\"Fl\u00e2neries botaniques\"],\"inLanguage\":\"fr-FR\",\"potentialAction\":[{\"@type\":\"CommentAction\",\"name\":\"Comment\",\"target\":[\"https:\/\/lacartebuissonniere.fr\/index.php\/2022\/11\/17\/le-ginkgo-pleureur-du-jardin-dalbert-kahn\/#respond\"]}]},{\"@type\":\"WebPage\",\"@id\":\"https:\/\/lacartebuissonniere.fr\/index.php\/2022\/11\/17\/le-ginkgo-pleureur-du-jardin-dalbert-kahn\/\",\"url\":\"https:\/\/lacartebuissonniere.fr\/index.php\/2022\/11\/17\/le-ginkgo-pleureur-du-jardin-dalbert-kahn\/\",\"name\":\"Le ginkgo pleureur du jardin d\u2019Albert Kahn - La carte buissonni\u00e8re\",\"isPartOf\":{\"@id\":\"https:\/\/lacartebuissonniere.fr\/#website\"},\"primaryImageOfPage\":{\"@id\":\"https:\/\/lacartebuissonniere.fr\/index.php\/2022\/11\/17\/le-ginkgo-pleureur-du-jardin-dalbert-kahn\/#primaryimage\"},\"image\":{\"@id\":\"https:\/\/lacartebuissonniere.fr\/index.php\/2022\/11\/17\/le-ginkgo-pleureur-du-jardin-dalbert-kahn\/#primaryimage\"},\"thumbnailUrl\":\"https:\/\/lacartebuissonniere.fr\/wp-content\/uploads\/2022\/11\/4C71904F-C604-40A2-B969-DB894E2C9FD0_1_105_c.jpeg\",\"datePublished\":\"2022-11-17T08:00:00+00:00\",\"breadcrumb\":{\"@id\":\"https:\/\/lacartebuissonniere.fr\/index.php\/2022\/11\/17\/le-ginkgo-pleureur-du-jardin-dalbert-kahn\/#breadcrumb\"},\"inLanguage\":\"fr-FR\",\"potentialAction\":[{\"@type\":\"ReadAction\",\"target\":[\"https:\/\/lacartebuissonniere.fr\/index.php\/2022\/11\/17\/le-ginkgo-pleureur-du-jardin-dalbert-kahn\/\"]}]},{\"@type\":\"ImageObject\",\"inLanguage\":\"fr-FR\",\"@id\":\"https:\/\/lacartebuissonniere.fr\/index.php\/2022\/11\/17\/le-ginkgo-pleureur-du-jardin-dalbert-kahn\/#primaryimage\",\"url\":\"https:\/\/lacartebuissonniere.fr\/wp-content\/uploads\/2022\/11\/4C71904F-C604-40A2-B969-DB894E2C9FD0_1_105_c.jpeg\",\"contentUrl\":\"https:\/\/lacartebuissonniere.fr\/wp-content\/uploads\/2022\/11\/4C71904F-C604-40A2-B969-DB894E2C9FD0_1_105_c.jpeg\",\"width\":1024,\"height\":768},{\"@type\":\"BreadcrumbList\",\"@id\":\"https:\/\/lacartebuissonniere.fr\/index.php\/2022\/11\/17\/le-ginkgo-pleureur-du-jardin-dalbert-kahn\/#breadcrumb\",\"itemListElement\":[{\"@type\":\"ListItem\",\"position\":1,\"name\":\"Accueil\",\"item\":\"https:\/\/lacartebuissonniere.fr\/\"},{\"@type\":\"ListItem\",\"position\":2,\"name\":\"Le ginkgo pleureur du jardin d\u2019Albert Kahn\"}]},{\"@type\":\"WebSite\",\"@id\":\"https:\/\/lacartebuissonniere.fr\/#website\",\"url\":\"https:\/\/lacartebuissonniere.fr\/\",\"name\":\"La carte buissonni\u00e8re\",\"description\":\"\",\"publisher\":{\"@id\":\"https:\/\/lacartebuissonniere.fr\/#organization\"},\"potentialAction\":[{\"@type\":\"SearchAction\",\"target\":{\"@type\":\"EntryPoint\",\"urlTemplate\":\"https:\/\/lacartebuissonniere.fr\/?s={search_term_string}\"},\"query-input\":{\"@type\":\"PropertyValueSpecification\",\"valueRequired\":true,\"valueName\":\"search_term_string\"}}],\"inLanguage\":\"fr-FR\"},{\"@type\":\"Organization\",\"@id\":\"https:\/\/lacartebuissonniere.fr\/#organization\",\"name\":\"La carte buissonni\u00e8re\",\"url\":\"https:\/\/lacartebuissonniere.fr\/\",\"logo\":{\"@type\":\"ImageObject\",\"inLanguage\":\"fr-FR\",\"@id\":\"https:\/\/lacartebuissonniere.fr\/#\/schema\/logo\/image\/\",\"url\":\"https:\/\/lacartebuissonniere.fr\/wp-content\/uploads\/2022\/12\/Illustration-sans-titre.jpg\",\"contentUrl\":\"https:\/\/lacartebuissonniere.fr\/wp-content\/uploads\/2022\/12\/Illustration-sans-titre.jpg\",\"width\":637,\"height\":680,\"caption\":\"La carte buissonni\u00e8re\"},\"image\":{\"@id\":\"https:\/\/lacartebuissonniere.fr\/#\/schema\/logo\/image\/\"},\"sameAs\":[\"https:\/\/www.facebook.com\/lacartebuissonniere\/\",\"https:\/\/www.pinterest.fr\/DelphChabanne\/\"]},{\"@type\":\"Person\",\"@id\":\"https:\/\/lacartebuissonniere.fr\/#\/schema\/person\/4e60af809837a2287e4f6d4daaf7abd4\",\"name\":\"Carte buissonni\u00e8re\",\"image\":{\"@type\":\"ImageObject\",\"inLanguage\":\"fr-FR\",\"@id\":\"https:\/\/lacartebuissonniere.fr\/#\/schema\/person\/image\/\",\"url\":\"https:\/\/secure.gravatar.com\/avatar\/b543b5e0f093efbab3dfee8595bf9077ed504ab48ffeb378c9dc263381c278e6?s=96&d=mm&r=g\",\"contentUrl\":\"https:\/\/secure.gravatar.com\/avatar\/b543b5e0f093efbab3dfee8595bf9077ed504ab48ffeb378c9dc263381c278e6?s=96&d=mm&r=g\",\"caption\":\"Carte buissonni\u00e8re\"},\"sameAs\":[\"http:\/\/lacartebuissonniere.fr\"],\"url\":\"https:\/\/lacartebuissonniere.fr\/index.php\/author\/carteb\/\"}]}<\/script>\n<!-- \/ Yoast SEO plugin. -->","yoast_head_json":{"title":"Le ginkgo pleureur du jardin d\u2019Albert Kahn - La carte buissonni\u00e8re","robots":{"index":"index","follow":"follow","max-snippet":"max-snippet:-1","max-image-preview":"max-image-preview:large","max-video-preview":"max-video-preview:-1"},"canonical":"https:\/\/lacartebuissonniere.fr\/index.php\/2022\/11\/17\/le-ginkgo-pleureur-du-jardin-dalbert-kahn\/","og_locale":"fr_FR","og_type":"article","og_title":"Le ginkgo pleureur du jardin d\u2019Albert Kahn - La carte buissonni\u00e8re","og_description":"Le jardin d\u2019Albert Kahn, situ\u00e9 \u00e0 Boulogne-Billancourt, est un ravissement pour le promeneur en toute saison. Il m\u00eale jardins japonais, anglais, fran\u00e7ais, verger-roseraie, for\u00eats bleue, dor\u00e9e et vosgienne. En automne, le flamboiement de ses \u00e9rables japonais vaut \u00e0 lui seul le d\u00e9tour\u00a0: On peut appr\u00e9cier \u00e9galement la beaut\u00e9 de ses ginkgos et s\u2019attarder sur un [&hellip;]","og_url":"https:\/\/lacartebuissonniere.fr\/index.php\/2022\/11\/17\/le-ginkgo-pleureur-du-jardin-dalbert-kahn\/","og_site_name":"La carte buissonni\u00e8re","article_publisher":"https:\/\/www.facebook.com\/lacartebuissonniere\/","article_published_time":"2022-11-17T08:00:00+00:00","og_image":[{"url":"https:\/\/lacartebuissonniere.fr\/wp-content\/uploads\/2022\/11\/4C71904F-C604-40A2-B969-DB894E2C9FD0_1_105_c.jpeg","type":"","width":"","height":""}],"author":"Carte buissonni\u00e8re","twitter_card":"summary_large_image","twitter_misc":{"\u00c9crit par":"Carte buissonni\u00e8re"},"schema":{"@context":"https:\/\/schema.org","@graph":[{"@type":"Article","@id":"https:\/\/lacartebuissonniere.fr\/index.php\/2022\/11\/17\/le-ginkgo-pleureur-du-jardin-dalbert-kahn\/#article","isPartOf":{"@id":"https:\/\/lacartebuissonniere.fr\/index.php\/2022\/11\/17\/le-ginkgo-pleureur-du-jardin-dalbert-kahn\/"},"author":{"name":"Carte buissonni\u00e8re","@id":"https:\/\/lacartebuissonniere.fr\/#\/schema\/person\/4e60af809837a2287e4f6d4daaf7abd4"},"headline":"Le ginkgo pleureur du jardin d\u2019Albert Kahn","datePublished":"2022-11-17T08:00:00+00:00","mainEntityOfPage":{"@id":"https:\/\/lacartebuissonniere.fr\/index.php\/2022\/11\/17\/le-ginkgo-pleureur-du-jardin-dalbert-kahn\/"},"wordCount":101,"commentCount":0,"publisher":{"@id":"https:\/\/lacartebuissonniere.fr\/#organization"},"image":{"@id":"https:\/\/lacartebuissonniere.fr\/index.php\/2022\/11\/17\/le-ginkgo-pleureur-du-jardin-dalbert-kahn\/#primaryimage"},"thumbnailUrl":"https:\/\/lacartebuissonniere.fr\/wp-content\/uploads\/2022\/11\/4C71904F-C604-40A2-B969-DB894E2C9FD0_1_105_c.jpeg","articleSection":["FL\u00c2NERIES","Fl\u00e2neries botaniques"],"inLanguage":"fr-FR","potentialAction":[{"@type":"CommentAction","name":"Comment","target":["https:\/\/lacartebuissonniere.fr\/index.php\/2022\/11\/17\/le-ginkgo-pleureur-du-jardin-dalbert-kahn\/#respond"]}]},{"@type":"WebPage","@id":"https:\/\/lacartebuissonniere.fr\/index.php\/2022\/11\/17\/le-ginkgo-pleureur-du-jardin-dalbert-kahn\/","url":"https:\/\/lacartebuissonniere.fr\/index.php\/2022\/11\/17\/le-ginkgo-pleureur-du-jardin-dalbert-kahn\/","name":"Le ginkgo pleureur du jardin d\u2019Albert Kahn - La carte buissonni\u00e8re","isPartOf":{"@id":"https:\/\/lacartebuissonniere.fr\/#website"},"primaryImageOfPage":{"@id":"https:\/\/lacartebuissonniere.fr\/index.php\/2022\/11\/17\/le-ginkgo-pleureur-du-jardin-dalbert-kahn\/#primaryimage"},"image":{"@id":"https:\/\/lacartebuissonniere.fr\/index.php\/2022\/11\/17\/le-ginkgo-pleureur-du-jardin-dalbert-kahn\/#primaryimage"},"thumbnailUrl":"https:\/\/lacartebuissonniere.fr\/wp-content\/uploads\/2022\/11\/4C71904F-C604-40A2-B969-DB894E2C9FD0_1_105_c.jpeg","datePublished":"2022-11-17T08:00:00+00:00","breadcrumb":{"@id":"https:\/\/lacartebuissonniere.fr\/index.php\/2022\/11\/17\/le-ginkgo-pleureur-du-jardin-dalbert-kahn\/#breadcrumb"},"inLanguage":"fr-FR","potentialAction":[{"@type":"ReadAction","target":["https:\/\/lacartebuissonniere.fr\/index.php\/2022\/11\/17\/le-ginkgo-pleureur-du-jardin-dalbert-kahn\/"]}]},{"@type":"ImageObject","inLanguage":"fr-FR","@id":"https:\/\/lacartebuissonniere.fr\/index.php\/2022\/11\/17\/le-ginkgo-pleureur-du-jardin-dalbert-kahn\/#primaryimage","url":"https:\/\/lacartebuissonniere.fr\/wp-content\/uploads\/2022\/11\/4C71904F-C604-40A2-B969-DB894E2C9FD0_1_105_c.jpeg","contentUrl":"https:\/\/lacartebuissonniere.fr\/wp-content\/uploads\/2022\/11\/4C71904F-C604-40A2-B969-DB894E2C9FD0_1_105_c.jpeg","width":1024,"height":768},{"@type":"BreadcrumbList","@id":"https:\/\/lacartebuissonniere.fr\/index.php\/2022\/11\/17\/le-ginkgo-pleureur-du-jardin-dalbert-kahn\/#breadcrumb","itemListElement":[{"@type":"ListItem","position":1,"name":"Accueil","item":"https:\/\/lacartebuissonniere.fr\/"},{"@type":"ListItem","position":2,"name":"Le ginkgo pleureur du jardin d\u2019Albert Kahn"}]},{"@type":"WebSite","@id":"https:\/\/lacartebuissonniere.fr\/#website","url":"https:\/\/lacartebuissonniere.fr\/","name":"La carte buissonni\u00e8re","description":"","publisher":{"@id":"https:\/\/lacartebuissonniere.fr\/#organization"},"potentialAction":[{"@type":"SearchAction","target":{"@type":"EntryPoint","urlTemplate":"https:\/\/lacartebuissonniere.fr\/?s={search_term_string}"},"query-input":{"@type":"PropertyValueSpecification","valueRequired":true,"valueName":"search_term_string"}}],"inLanguage":"fr-FR"},{"@type":"Organization","@id":"https:\/\/lacartebuissonniere.fr\/#organization","name":"La carte buissonni\u00e8re","url":"https:\/\/lacartebuissonniere.fr\/","logo":{"@type":"ImageObject","inLanguage":"fr-FR","@id":"https:\/\/lacartebuissonniere.fr\/#\/schema\/logo\/image\/","url":"https:\/\/lacartebuissonniere.fr\/wp-content\/uploads\/2022\/12\/Illustration-sans-titre.jpg","contentUrl":"https:\/\/lacartebuissonniere.fr\/wp-content\/uploads\/2022\/12\/Illustration-sans-titre.jpg","width":637,"height":680,"caption":"La carte buissonni\u00e8re"},"image":{"@id":"https:\/\/lacartebuissonniere.fr\/#\/schema\/logo\/image\/"},"sameAs":["https:\/\/www.facebook.com\/lacartebuissonniere\/","https:\/\/www.pinterest.fr\/DelphChabanne\/"]},{"@type":"Person","@id":"https:\/\/lacartebuissonniere.fr\/#\/schema\/person\/4e60af809837a2287e4f6d4daaf7abd4","name":"Carte buissonni\u00e8re","image":{"@type":"ImageObject","inLanguage":"fr-FR","@id":"https:\/\/lacartebuissonniere.fr\/#\/schema\/person\/image\/","url":"https:\/\/secure.gravatar.com\/avatar\/b543b5e0f093efbab3dfee8595bf9077ed504ab48ffeb378c9dc263381c278e6?s=96&d=mm&r=g","contentUrl":"https:\/\/secure.gravatar.com\/avatar\/b543b5e0f093efbab3dfee8595bf9077ed504ab48ffeb378c9dc263381c278e6?s=96&d=mm&r=g","caption":"Carte buissonni\u00e8re"},"sameAs":["http:\/\/lacartebuissonniere.fr"],"url":"https:\/\/lacartebuissonniere.fr\/index.php\/author\/carteb\/"}]}},"_links":{"self":[{"href":"https:\/\/lacartebuissonniere.fr\/index.php\/wp-json\/wp\/v2\/posts\/1363","targetHints":{"allow":["GET"]}}],"collection":[{"href":"https:\/\/lacartebuissonniere.fr\/index.php\/wp-json\/wp\/v2\/posts"}],"about":[{"href":"https:\/\/lacartebuissonniere.fr\/index.php\/wp-json\/wp\/v2\/types\/post"}],"author":[{"embeddable":true,"href":"https:\/\/lacartebuissonniere.fr\/index.php\/wp-json\/wp\/v2\/users\/2"}],"replies":[{"embeddable":true,"href":"https:\/\/lacartebuissonniere.fr\/index.php\/wp-json\/wp\/v2\/comments?post=1363"}],"version-history":[{"count":4,"href":"https:\/\/lacartebuissonniere.fr\/index.php\/wp-json\/wp\/v2\/posts\/1363\/revisions"}],"predecessor-version":[{"id":1373,"href":"https:\/\/lacartebuissonniere.fr\/index.php\/wp-json\/wp\/v2\/posts\/1363\/revisions\/1373"}],"wp:attachment":[{"href":"https:\/\/lacartebuissonniere.fr\/index.php\/wp-json\/wp\/v2\/media?parent=1363"}],"wp:term":[{"taxonomy":"category","embeddable":true,"href":"https:\/\/lacartebuissonniere.fr\/index.php\/wp-json\/wp\/v2\/categories?post=1363"},{"taxonomy":"post_tag","embeddable":true,"href":"https:\/\/lacartebuissonniere.fr\/index.php\/wp-json\/wp\/v2\/tags?post=1363"}],"curies":[{"name":"wp","href":"https:\/\/api.w.org\/{rel}","templated":true}]}}