{"id":1652,"date":"2022-12-16T09:00:00","date_gmt":"2022-12-16T08:00:00","guid":{"rendered":"https:\/\/lacartebuissonniere.fr\/?p=1652"},"modified":"2022-12-14T20:23:41","modified_gmt":"2022-12-14T19:23:41","slug":"ambiance-flocons-de-neige","status":"publish","type":"post","link":"https:\/\/lacartebuissonniere.fr\/index.php\/2022\/12\/16\/ambiance-flocons-de-neige\/","title":{"rendered":"Ambiance flocons de neige"},"content":{"rendered":"\n<p>Le froid intense de ces derniers jours a eu raison des feuilles des ginkgos bicentenaires du Jardin des Plantes, qui jonchent le sol d\u2019un immense tapis couleur d\u2019or\u00a0:<\/p>\n\n\n\n<figure class=\"wp-block-gallery has-nested-images columns-default is-cropped wp-block-gallery-1 is-layout-flex wp-block-gallery-is-layout-flex\">\n<figure class=\"wp-block-image size-large\"><img loading=\"lazy\" decoding=\"async\" width=\"768\" height=\"1024\" data-id=\"1655\" src=\"https:\/\/lacartebuissonniere.fr\/wp-content\/uploads\/2022\/12\/15649C16-C937-4898-8766-B4EB8F0BD99E_1_105_c.jpeg\" alt=\"\" class=\"wp-image-1655\" srcset=\"https:\/\/lacartebuissonniere.fr\/wp-content\/uploads\/2022\/12\/15649C16-C937-4898-8766-B4EB8F0BD99E_1_105_c.jpeg 768w, https:\/\/lacartebuissonniere.fr\/wp-content\/uploads\/2022\/12\/15649C16-C937-4898-8766-B4EB8F0BD99E_1_105_c-225x300.jpeg 225w\" sizes=\"auto, (max-width: 768px) 100vw, 768px\" \/><\/figure>\n\n\n\n<figure class=\"wp-block-image size-large\"><img loading=\"lazy\" decoding=\"async\" width=\"768\" height=\"1024\" data-id=\"1654\" src=\"https:\/\/lacartebuissonniere.fr\/wp-content\/uploads\/2022\/12\/9DEC53C3-47BD-44D5-9854-6E72A33EF2F9_1_105_c.jpeg\" alt=\"\" class=\"wp-image-1654\" srcset=\"https:\/\/lacartebuissonniere.fr\/wp-content\/uploads\/2022\/12\/9DEC53C3-47BD-44D5-9854-6E72A33EF2F9_1_105_c.jpeg 768w, https:\/\/lacartebuissonniere.fr\/wp-content\/uploads\/2022\/12\/9DEC53C3-47BD-44D5-9854-6E72A33EF2F9_1_105_c-225x300.jpeg 225w\" sizes=\"auto, (max-width: 768px) 100vw, 768px\" \/><\/figure>\n<\/figure>\n\n\n\n<p>Un \u00e9pisode neigeux a m\u00eame travers\u00e9 le nord de la France mercredi dernier. Au petit matin, le Faune dansant du Jardin du Luxembourg \u00e9tait cern\u00e9 de blanc et les feuilles du grand ginkgo m\u00e2le ench\u00e2ss\u00e9es dans le givre :<\/p>\n\n\n\n<figure class=\"wp-block-gallery has-nested-images columns-default is-cropped wp-block-gallery-2 is-layout-flex wp-block-gallery-is-layout-flex\">\n<figure class=\"wp-block-image size-large\"><img loading=\"lazy\" decoding=\"async\" width=\"768\" height=\"1024\" data-id=\"1659\" src=\"https:\/\/lacartebuissonniere.fr\/wp-content\/uploads\/2022\/12\/IMG_2714-768x1024.jpeg\" alt=\"\" class=\"wp-image-1659\" srcset=\"https:\/\/lacartebuissonniere.fr\/wp-content\/uploads\/2022\/12\/IMG_2714-768x1024.jpeg 768w, https:\/\/lacartebuissonniere.fr\/wp-content\/uploads\/2022\/12\/IMG_2714-225x300.jpeg 225w, https:\/\/lacartebuissonniere.fr\/wp-content\/uploads\/2022\/12\/IMG_2714-1152x1536.jpeg 1152w, https:\/\/lacartebuissonniere.fr\/wp-content\/uploads\/2022\/12\/IMG_2714-1536x2048.jpeg 1536w, https:\/\/lacartebuissonniere.fr\/wp-content\/uploads\/2022\/12\/IMG_2714-scaled.jpeg 1920w\" sizes=\"auto, (max-width: 768px) 100vw, 768px\" \/><\/figure>\n\n\n\n<figure class=\"wp-block-image size-large\"><img loading=\"lazy\" decoding=\"async\" width=\"768\" height=\"1024\" data-id=\"1657\" src=\"https:\/\/lacartebuissonniere.fr\/wp-content\/uploads\/2022\/12\/BA7E8B3E-204A-45CC-A4F1-3F7E0AEE7E6C_1_105_c.jpeg\" alt=\"\" class=\"wp-image-1657\" srcset=\"https:\/\/lacartebuissonniere.fr\/wp-content\/uploads\/2022\/12\/BA7E8B3E-204A-45CC-A4F1-3F7E0AEE7E6C_1_105_c.jpeg 768w, https:\/\/lacartebuissonniere.fr\/wp-content\/uploads\/2022\/12\/BA7E8B3E-204A-45CC-A4F1-3F7E0AEE7E6C_1_105_c-225x300.jpeg 225w\" sizes=\"auto, (max-width: 768px) 100vw, 768px\" \/><\/figure>\n<\/figure>\n\n\n\n<p>Cette ambiance hivernale m\u2019a inspir\u00e9 des cartes buissonni\u00e8res sem\u00e9es de flocons\u00a0:<\/p>\n\n\n\n<figure class=\"wp-block-image size-full\"><img loading=\"lazy\" decoding=\"async\" width=\"1024\" height=\"768\" src=\"https:\/\/lacartebuissonniere.fr\/wp-content\/uploads\/2022\/12\/6A38B043-57AB-4BA2-BB45-60A2171E7CB3_1_105_c.jpeg\" alt=\"\" class=\"wp-image-1661\" srcset=\"https:\/\/lacartebuissonniere.fr\/wp-content\/uploads\/2022\/12\/6A38B043-57AB-4BA2-BB45-60A2171E7CB3_1_105_c.jpeg 1024w, https:\/\/lacartebuissonniere.fr\/wp-content\/uploads\/2022\/12\/6A38B043-57AB-4BA2-BB45-60A2171E7CB3_1_105_c-300x225.jpeg 300w, https:\/\/lacartebuissonniere.fr\/wp-content\/uploads\/2022\/12\/6A38B043-57AB-4BA2-BB45-60A2171E7CB3_1_105_c-768x576.jpeg 768w\" sizes=\"auto, (max-width: 1024px) 100vw, 1024px\" \/><\/figure>\n\n\n\n<figure class=\"wp-block-image size-full\"><img loading=\"lazy\" decoding=\"async\" width=\"1024\" height=\"768\" src=\"https:\/\/lacartebuissonniere.fr\/wp-content\/uploads\/2022\/12\/EC39D318-9747-4995-B6CD-FA2E3CEE1435_1_105_c.jpeg\" alt=\"\" class=\"wp-image-1662\" srcset=\"https:\/\/lacartebuissonniere.fr\/wp-content\/uploads\/2022\/12\/EC39D318-9747-4995-B6CD-FA2E3CEE1435_1_105_c.jpeg 1024w, https:\/\/lacartebuissonniere.fr\/wp-content\/uploads\/2022\/12\/EC39D318-9747-4995-B6CD-FA2E3CEE1435_1_105_c-300x225.jpeg 300w, https:\/\/lacartebuissonniere.fr\/wp-content\/uploads\/2022\/12\/EC39D318-9747-4995-B6CD-FA2E3CEE1435_1_105_c-768x576.jpeg 768w\" sizes=\"auto, (max-width: 1024px) 100vw, 1024px\" \/><\/figure>\n","protected":false},"excerpt":{"rendered":"<p>Le froid intense de ces derniers jours a eu raison des feuilles des ginkgos bicentenaires du Jardin des Plantes, qui jonchent le sol d\u2019un immense tapis couleur d\u2019or\u00a0: Un \u00e9pisode neigeux a m\u00eame travers\u00e9 le nord de la France mercredi dernier. Au petit matin, le Faune dansant du Jardin du Luxembourg \u00e9tait cern\u00e9 de blanc [&hellip;]<\/p>\n","protected":false},"author":2,"featured_media":0,"comment_status":"open","ping_status":"open","sticky":false,"template":"","format":"standard","meta":{"two_page_speed":[],"footnotes":""},"categories":[15,16,17],"tags":[],"class_list":["post-1652","post","type-post","status-publish","format-standard","hentry","category-coulisses","category-flaneries","category-flaneries-botaniques","entry"],"yoast_head":"<!-- This site is optimized with the Yoast SEO plugin v25.4 - https:\/\/yoast.com\/wordpress\/plugins\/seo\/ -->\n<title>Ambiance flocons de neige - La carte buissonni\u00e8re<\/title>\n<meta name=\"robots\" content=\"index, follow, max-snippet:-1, max-image-preview:large, max-video-preview:-1\" \/>\n<link rel=\"canonical\" href=\"https:\/\/lacartebuissonniere.fr\/index.php\/2022\/12\/16\/ambiance-flocons-de-neige\/\" \/>\n<meta property=\"og:locale\" content=\"fr_FR\" \/>\n<meta property=\"og:type\" content=\"article\" \/>\n<meta property=\"og:title\" content=\"Ambiance flocons de neige - La carte buissonni\u00e8re\" \/>\n<meta property=\"og:description\" content=\"Le froid intense de ces derniers jours a eu raison des feuilles des ginkgos bicentenaires du Jardin des Plantes, qui jonchent le sol d\u2019un immense tapis couleur d\u2019or\u00a0: Un \u00e9pisode neigeux a m\u00eame travers\u00e9 le nord de la France mercredi dernier. Au petit matin, le Faune dansant du Jardin du Luxembourg \u00e9tait cern\u00e9 de blanc [&hellip;]\" \/>\n<meta property=\"og:url\" content=\"https:\/\/lacartebuissonniere.fr\/index.php\/2022\/12\/16\/ambiance-flocons-de-neige\/\" \/>\n<meta property=\"og:site_name\" content=\"La carte buissonni\u00e8re\" \/>\n<meta property=\"article:publisher\" content=\"https:\/\/www.facebook.com\/lacartebuissonniere\/\" \/>\n<meta property=\"article:published_time\" content=\"2022-12-16T08:00:00+00:00\" \/>\n<meta property=\"og:image\" content=\"https:\/\/lacartebuissonniere.fr\/wp-content\/uploads\/2022\/12\/15649C16-C937-4898-8766-B4EB8F0BD99E_1_105_c.jpeg\" \/>\n<meta name=\"author\" content=\"Carte buissonni\u00e8re\" \/>\n<meta name=\"twitter:card\" content=\"summary_large_image\" \/>\n<meta name=\"twitter:label1\" content=\"\u00c9crit par\" \/>\n\t<meta name=\"twitter:data1\" content=\"Carte buissonni\u00e8re\" \/>\n<script type=\"application\/ld+json\" class=\"yoast-schema-graph\">{\"@context\":\"https:\/\/schema.org\",\"@graph\":[{\"@type\":\"Article\",\"@id\":\"https:\/\/lacartebuissonniere.fr\/index.php\/2022\/12\/16\/ambiance-flocons-de-neige\/#article\",\"isPartOf\":{\"@id\":\"https:\/\/lacartebuissonniere.fr\/index.php\/2022\/12\/16\/ambiance-flocons-de-neige\/\"},\"author\":{\"name\":\"Carte buissonni\u00e8re\",\"@id\":\"https:\/\/lacartebuissonniere.fr\/#\/schema\/person\/4e60af809837a2287e4f6d4daaf7abd4\"},\"headline\":\"Ambiance flocons de neige\",\"datePublished\":\"2022-12-16T08:00:00+00:00\",\"mainEntityOfPage\":{\"@id\":\"https:\/\/lacartebuissonniere.fr\/index.php\/2022\/12\/16\/ambiance-flocons-de-neige\/\"},\"wordCount\":90,\"commentCount\":0,\"publisher\":{\"@id\":\"https:\/\/lacartebuissonniere.fr\/#organization\"},\"image\":{\"@id\":\"https:\/\/lacartebuissonniere.fr\/index.php\/2022\/12\/16\/ambiance-flocons-de-neige\/#primaryimage\"},\"thumbnailUrl\":\"https:\/\/lacartebuissonniere.fr\/wp-content\/uploads\/2022\/12\/15649C16-C937-4898-8766-B4EB8F0BD99E_1_105_c.jpeg\",\"articleSection\":[\"COULISSES\",\"FL\u00c2NERIES\",\"Fl\u00e2neries botaniques\"],\"inLanguage\":\"fr-FR\",\"potentialAction\":[{\"@type\":\"CommentAction\",\"name\":\"Comment\",\"target\":[\"https:\/\/lacartebuissonniere.fr\/index.php\/2022\/12\/16\/ambiance-flocons-de-neige\/#respond\"]}]},{\"@type\":\"WebPage\",\"@id\":\"https:\/\/lacartebuissonniere.fr\/index.php\/2022\/12\/16\/ambiance-flocons-de-neige\/\",\"url\":\"https:\/\/lacartebuissonniere.fr\/index.php\/2022\/12\/16\/ambiance-flocons-de-neige\/\",\"name\":\"Ambiance flocons de neige - La carte buissonni\u00e8re\",\"isPartOf\":{\"@id\":\"https:\/\/lacartebuissonniere.fr\/#website\"},\"primaryImageOfPage\":{\"@id\":\"https:\/\/lacartebuissonniere.fr\/index.php\/2022\/12\/16\/ambiance-flocons-de-neige\/#primaryimage\"},\"image\":{\"@id\":\"https:\/\/lacartebuissonniere.fr\/index.php\/2022\/12\/16\/ambiance-flocons-de-neige\/#primaryimage\"},\"thumbnailUrl\":\"https:\/\/lacartebuissonniere.fr\/wp-content\/uploads\/2022\/12\/15649C16-C937-4898-8766-B4EB8F0BD99E_1_105_c.jpeg\",\"datePublished\":\"2022-12-16T08:00:00+00:00\",\"breadcrumb\":{\"@id\":\"https:\/\/lacartebuissonniere.fr\/index.php\/2022\/12\/16\/ambiance-flocons-de-neige\/#breadcrumb\"},\"inLanguage\":\"fr-FR\",\"potentialAction\":[{\"@type\":\"ReadAction\",\"target\":[\"https:\/\/lacartebuissonniere.fr\/index.php\/2022\/12\/16\/ambiance-flocons-de-neige\/\"]}]},{\"@type\":\"ImageObject\",\"inLanguage\":\"fr-FR\",\"@id\":\"https:\/\/lacartebuissonniere.fr\/index.php\/2022\/12\/16\/ambiance-flocons-de-neige\/#primaryimage\",\"url\":\"https:\/\/lacartebuissonniere.fr\/wp-content\/uploads\/2022\/12\/15649C16-C937-4898-8766-B4EB8F0BD99E_1_105_c.jpeg\",\"contentUrl\":\"https:\/\/lacartebuissonniere.fr\/wp-content\/uploads\/2022\/12\/15649C16-C937-4898-8766-B4EB8F0BD99E_1_105_c.jpeg\",\"width\":768,\"height\":1024},{\"@type\":\"BreadcrumbList\",\"@id\":\"https:\/\/lacartebuissonniere.fr\/index.php\/2022\/12\/16\/ambiance-flocons-de-neige\/#breadcrumb\",\"itemListElement\":[{\"@type\":\"ListItem\",\"position\":1,\"name\":\"Accueil\",\"item\":\"https:\/\/lacartebuissonniere.fr\/\"},{\"@type\":\"ListItem\",\"position\":2,\"name\":\"Ambiance flocons de neige\"}]},{\"@type\":\"WebSite\",\"@id\":\"https:\/\/lacartebuissonniere.fr\/#website\",\"url\":\"https:\/\/lacartebuissonniere.fr\/\",\"name\":\"La carte buissonni\u00e8re\",\"description\":\"\",\"publisher\":{\"@id\":\"https:\/\/lacartebuissonniere.fr\/#organization\"},\"potentialAction\":[{\"@type\":\"SearchAction\",\"target\":{\"@type\":\"EntryPoint\",\"urlTemplate\":\"https:\/\/lacartebuissonniere.fr\/?s={search_term_string}\"},\"query-input\":{\"@type\":\"PropertyValueSpecification\",\"valueRequired\":true,\"valueName\":\"search_term_string\"}}],\"inLanguage\":\"fr-FR\"},{\"@type\":\"Organization\",\"@id\":\"https:\/\/lacartebuissonniere.fr\/#organization\",\"name\":\"La carte buissonni\u00e8re\",\"url\":\"https:\/\/lacartebuissonniere.fr\/\",\"logo\":{\"@type\":\"ImageObject\",\"inLanguage\":\"fr-FR\",\"@id\":\"https:\/\/lacartebuissonniere.fr\/#\/schema\/logo\/image\/\",\"url\":\"https:\/\/lacartebuissonniere.fr\/wp-content\/uploads\/2022\/12\/Illustration-sans-titre.jpg\",\"contentUrl\":\"https:\/\/lacartebuissonniere.fr\/wp-content\/uploads\/2022\/12\/Illustration-sans-titre.jpg\",\"width\":637,\"height\":680,\"caption\":\"La carte buissonni\u00e8re\"},\"image\":{\"@id\":\"https:\/\/lacartebuissonniere.fr\/#\/schema\/logo\/image\/\"},\"sameAs\":[\"https:\/\/www.facebook.com\/lacartebuissonniere\/\",\"https:\/\/www.pinterest.fr\/DelphChabanne\/\"]},{\"@type\":\"Person\",\"@id\":\"https:\/\/lacartebuissonniere.fr\/#\/schema\/person\/4e60af809837a2287e4f6d4daaf7abd4\",\"name\":\"Carte buissonni\u00e8re\",\"image\":{\"@type\":\"ImageObject\",\"inLanguage\":\"fr-FR\",\"@id\":\"https:\/\/lacartebuissonniere.fr\/#\/schema\/person\/image\/\",\"url\":\"https:\/\/secure.gravatar.com\/avatar\/b543b5e0f093efbab3dfee8595bf9077ed504ab48ffeb378c9dc263381c278e6?s=96&d=mm&r=g\",\"contentUrl\":\"https:\/\/secure.gravatar.com\/avatar\/b543b5e0f093efbab3dfee8595bf9077ed504ab48ffeb378c9dc263381c278e6?s=96&d=mm&r=g\",\"caption\":\"Carte buissonni\u00e8re\"},\"sameAs\":[\"http:\/\/lacartebuissonniere.fr\"],\"url\":\"https:\/\/lacartebuissonniere.fr\/index.php\/author\/carteb\/\"}]}<\/script>\n<!-- \/ Yoast SEO plugin. -->","yoast_head_json":{"title":"Ambiance flocons de neige - La carte buissonni\u00e8re","robots":{"index":"index","follow":"follow","max-snippet":"max-snippet:-1","max-image-preview":"max-image-preview:large","max-video-preview":"max-video-preview:-1"},"canonical":"https:\/\/lacartebuissonniere.fr\/index.php\/2022\/12\/16\/ambiance-flocons-de-neige\/","og_locale":"fr_FR","og_type":"article","og_title":"Ambiance flocons de neige - La carte buissonni\u00e8re","og_description":"Le froid intense de ces derniers jours a eu raison des feuilles des ginkgos bicentenaires du Jardin des Plantes, qui jonchent le sol d\u2019un immense tapis couleur d\u2019or\u00a0: Un \u00e9pisode neigeux a m\u00eame travers\u00e9 le nord de la France mercredi dernier. Au petit matin, le Faune dansant du Jardin du Luxembourg \u00e9tait cern\u00e9 de blanc [&hellip;]","og_url":"https:\/\/lacartebuissonniere.fr\/index.php\/2022\/12\/16\/ambiance-flocons-de-neige\/","og_site_name":"La carte buissonni\u00e8re","article_publisher":"https:\/\/www.facebook.com\/lacartebuissonniere\/","article_published_time":"2022-12-16T08:00:00+00:00","og_image":[{"url":"https:\/\/lacartebuissonniere.fr\/wp-content\/uploads\/2022\/12\/15649C16-C937-4898-8766-B4EB8F0BD99E_1_105_c.jpeg","type":"","width":"","height":""}],"author":"Carte buissonni\u00e8re","twitter_card":"summary_large_image","twitter_misc":{"\u00c9crit par":"Carte buissonni\u00e8re"},"schema":{"@context":"https:\/\/schema.org","@graph":[{"@type":"Article","@id":"https:\/\/lacartebuissonniere.fr\/index.php\/2022\/12\/16\/ambiance-flocons-de-neige\/#article","isPartOf":{"@id":"https:\/\/lacartebuissonniere.fr\/index.php\/2022\/12\/16\/ambiance-flocons-de-neige\/"},"author":{"name":"Carte buissonni\u00e8re","@id":"https:\/\/lacartebuissonniere.fr\/#\/schema\/person\/4e60af809837a2287e4f6d4daaf7abd4"},"headline":"Ambiance flocons de neige","datePublished":"2022-12-16T08:00:00+00:00","mainEntityOfPage":{"@id":"https:\/\/lacartebuissonniere.fr\/index.php\/2022\/12\/16\/ambiance-flocons-de-neige\/"},"wordCount":90,"commentCount":0,"publisher":{"@id":"https:\/\/lacartebuissonniere.fr\/#organization"},"image":{"@id":"https:\/\/lacartebuissonniere.fr\/index.php\/2022\/12\/16\/ambiance-flocons-de-neige\/#primaryimage"},"thumbnailUrl":"https:\/\/lacartebuissonniere.fr\/wp-content\/uploads\/2022\/12\/15649C16-C937-4898-8766-B4EB8F0BD99E_1_105_c.jpeg","articleSection":["COULISSES","FL\u00c2NERIES","Fl\u00e2neries botaniques"],"inLanguage":"fr-FR","potentialAction":[{"@type":"CommentAction","name":"Comment","target":["https:\/\/lacartebuissonniere.fr\/index.php\/2022\/12\/16\/ambiance-flocons-de-neige\/#respond"]}]},{"@type":"WebPage","@id":"https:\/\/lacartebuissonniere.fr\/index.php\/2022\/12\/16\/ambiance-flocons-de-neige\/","url":"https:\/\/lacartebuissonniere.fr\/index.php\/2022\/12\/16\/ambiance-flocons-de-neige\/","name":"Ambiance flocons de neige - La carte buissonni\u00e8re","isPartOf":{"@id":"https:\/\/lacartebuissonniere.fr\/#website"},"primaryImageOfPage":{"@id":"https:\/\/lacartebuissonniere.fr\/index.php\/2022\/12\/16\/ambiance-flocons-de-neige\/#primaryimage"},"image":{"@id":"https:\/\/lacartebuissonniere.fr\/index.php\/2022\/12\/16\/ambiance-flocons-de-neige\/#primaryimage"},"thumbnailUrl":"https:\/\/lacartebuissonniere.fr\/wp-content\/uploads\/2022\/12\/15649C16-C937-4898-8766-B4EB8F0BD99E_1_105_c.jpeg","datePublished":"2022-12-16T08:00:00+00:00","breadcrumb":{"@id":"https:\/\/lacartebuissonniere.fr\/index.php\/2022\/12\/16\/ambiance-flocons-de-neige\/#breadcrumb"},"inLanguage":"fr-FR","potentialAction":[{"@type":"ReadAction","target":["https:\/\/lacartebuissonniere.fr\/index.php\/2022\/12\/16\/ambiance-flocons-de-neige\/"]}]},{"@type":"ImageObject","inLanguage":"fr-FR","@id":"https:\/\/lacartebuissonniere.fr\/index.php\/2022\/12\/16\/ambiance-flocons-de-neige\/#primaryimage","url":"https:\/\/lacartebuissonniere.fr\/wp-content\/uploads\/2022\/12\/15649C16-C937-4898-8766-B4EB8F0BD99E_1_105_c.jpeg","contentUrl":"https:\/\/lacartebuissonniere.fr\/wp-content\/uploads\/2022\/12\/15649C16-C937-4898-8766-B4EB8F0BD99E_1_105_c.jpeg","width":768,"height":1024},{"@type":"BreadcrumbList","@id":"https:\/\/lacartebuissonniere.fr\/index.php\/2022\/12\/16\/ambiance-flocons-de-neige\/#breadcrumb","itemListElement":[{"@type":"ListItem","position":1,"name":"Accueil","item":"https:\/\/lacartebuissonniere.fr\/"},{"@type":"ListItem","position":2,"name":"Ambiance flocons de neige"}]},{"@type":"WebSite","@id":"https:\/\/lacartebuissonniere.fr\/#website","url":"https:\/\/lacartebuissonniere.fr\/","name":"La carte buissonni\u00e8re","description":"","publisher":{"@id":"https:\/\/lacartebuissonniere.fr\/#organization"},"potentialAction":[{"@type":"SearchAction","target":{"@type":"EntryPoint","urlTemplate":"https:\/\/lacartebuissonniere.fr\/?s={search_term_string}"},"query-input":{"@type":"PropertyValueSpecification","valueRequired":true,"valueName":"search_term_string"}}],"inLanguage":"fr-FR"},{"@type":"Organization","@id":"https:\/\/lacartebuissonniere.fr\/#organization","name":"La carte buissonni\u00e8re","url":"https:\/\/lacartebuissonniere.fr\/","logo":{"@type":"ImageObject","inLanguage":"fr-FR","@id":"https:\/\/lacartebuissonniere.fr\/#\/schema\/logo\/image\/","url":"https:\/\/lacartebuissonniere.fr\/wp-content\/uploads\/2022\/12\/Illustration-sans-titre.jpg","contentUrl":"https:\/\/lacartebuissonniere.fr\/wp-content\/uploads\/2022\/12\/Illustration-sans-titre.jpg","width":637,"height":680,"caption":"La carte buissonni\u00e8re"},"image":{"@id":"https:\/\/lacartebuissonniere.fr\/#\/schema\/logo\/image\/"},"sameAs":["https:\/\/www.facebook.com\/lacartebuissonniere\/","https:\/\/www.pinterest.fr\/DelphChabanne\/"]},{"@type":"Person","@id":"https:\/\/lacartebuissonniere.fr\/#\/schema\/person\/4e60af809837a2287e4f6d4daaf7abd4","name":"Carte buissonni\u00e8re","image":{"@type":"ImageObject","inLanguage":"fr-FR","@id":"https:\/\/lacartebuissonniere.fr\/#\/schema\/person\/image\/","url":"https:\/\/secure.gravatar.com\/avatar\/b543b5e0f093efbab3dfee8595bf9077ed504ab48ffeb378c9dc263381c278e6?s=96&d=mm&r=g","contentUrl":"https:\/\/secure.gravatar.com\/avatar\/b543b5e0f093efbab3dfee8595bf9077ed504ab48ffeb378c9dc263381c278e6?s=96&d=mm&r=g","caption":"Carte buissonni\u00e8re"},"sameAs":["http:\/\/lacartebuissonniere.fr"],"url":"https:\/\/lacartebuissonniere.fr\/index.php\/author\/carteb\/"}]}},"_links":{"self":[{"href":"https:\/\/lacartebuissonniere.fr\/index.php\/wp-json\/wp\/v2\/posts\/1652","targetHints":{"allow":["GET"]}}],"collection":[{"href":"https:\/\/lacartebuissonniere.fr\/index.php\/wp-json\/wp\/v2\/posts"}],"about":[{"href":"https:\/\/lacartebuissonniere.fr\/index.php\/wp-json\/wp\/v2\/types\/post"}],"author":[{"embeddable":true,"href":"https:\/\/lacartebuissonniere.fr\/index.php\/wp-json\/wp\/v2\/users\/2"}],"replies":[{"embeddable":true,"href":"https:\/\/lacartebuissonniere.fr\/index.php\/wp-json\/wp\/v2\/comments?post=1652"}],"version-history":[{"count":3,"href":"https:\/\/lacartebuissonniere.fr\/index.php\/wp-json\/wp\/v2\/posts\/1652\/revisions"}],"predecessor-version":[{"id":1663,"href":"https:\/\/lacartebuissonniere.fr\/index.php\/wp-json\/wp\/v2\/posts\/1652\/revisions\/1663"}],"wp:attachment":[{"href":"https:\/\/lacartebuissonniere.fr\/index.php\/wp-json\/wp\/v2\/media?parent=1652"}],"wp:term":[{"taxonomy":"category","embeddable":true,"href":"https:\/\/lacartebuissonniere.fr\/index.php\/wp-json\/wp\/v2\/categories?post=1652"},{"taxonomy":"post_tag","embeddable":true,"href":"https:\/\/lacartebuissonniere.fr\/index.php\/wp-json\/wp\/v2\/tags?post=1652"}],"curies":[{"name":"wp","href":"https:\/\/api.w.org\/{rel}","templated":true}]}}