{"id":2491,"date":"2023-03-08T09:00:00","date_gmt":"2023-03-08T08:00:00","guid":{"rendered":"https:\/\/lacartebuissonniere.fr\/?p=2491"},"modified":"2023-03-02T09:27:20","modified_gmt":"2023-03-02T08:27:20","slug":"motif-kanzemizu","status":"publish","type":"post","link":"https:\/\/lacartebuissonniere.fr\/index.php\/2023\/03\/08\/motif-kanzemizu\/","title":{"rendered":"Motif kanzemizu"},"content":{"rendered":"\n<div class=\"wp-block-media-text alignwide has-media-on-the-right is-stacked-on-mobile\"><div class=\"wp-block-media-text__content\">\n<p>Ce motif se compose de courbes et de spirales qui \u00e9voquent des eaux tourbilllonnantes. <\/p>\n\n\n\n<p>Son nom signifie litt\u00e9ralement \u00ab&nbsp;l\u2019eau de Kanze&nbsp;\u00bb.<\/p>\n\n\n\n<p> En effet, selon la l\u00e9gende, la famille Kanze, qui a fond\u00e9 la plus grande \u00e9cole de N\u00f4 au XIV<sup>e<\/sup> si\u00e8cle, utilisait des puits \u00e0 l\u2019int\u00e9rieur desquels les eaux tourbillonnaient.<\/p>\n<\/div><figure class=\"wp-block-media-text__media\"><img loading=\"lazy\" decoding=\"async\" width=\"250\" height=\"250\" src=\"https:\/\/lacartebuissonniere.fr\/wp-content\/uploads\/2023\/02\/E9748394-2FF0-4D75-8315-12FBCB07558B_4_5005_c.jpeg\" alt=\"\" class=\"wp-image-2492 size-full\" srcset=\"https:\/\/lacartebuissonniere.fr\/wp-content\/uploads\/2023\/02\/E9748394-2FF0-4D75-8315-12FBCB07558B_4_5005_c.jpeg 250w, https:\/\/lacartebuissonniere.fr\/wp-content\/uploads\/2023\/02\/E9748394-2FF0-4D75-8315-12FBCB07558B_4_5005_c-150x150.jpeg 150w\" sizes=\"auto, (max-width: 250px) 100vw, 250px\" \/><\/figure><\/div>\n\n\n\n<p><\/p>\n\n\n\n<p>\u00c0 la fin du XVIII<sup>e<\/sup> si\u00e8cle, il est devenu le symbole d\u2019un acteur de kabuki Sawamura S\u014dj\u016br\u014d III (1753\u20131801), qui appara\u00eet avec un v\u00eatement orn\u00e9 de ce motif sur une estampe d\u2019Utagawa Toyokuni, ce qui a concouru \u00e0 le rendre populaire&nbsp;:<\/p>\n\n\n<div class=\"wp-block-image\">\n<figure class=\"aligncenter size-large\"><img loading=\"lazy\" decoding=\"async\" width=\"687\" height=\"1024\" src=\"https:\/\/lacartebuissonniere.fr\/wp-content\/uploads\/2023\/02\/Capture-decran-2023-02-18-a-22.07.19-687x1024.png\" alt=\"\" class=\"wp-image-2494\" srcset=\"https:\/\/lacartebuissonniere.fr\/wp-content\/uploads\/2023\/02\/Capture-decran-2023-02-18-a-22.07.19-687x1024.png 687w, https:\/\/lacartebuissonniere.fr\/wp-content\/uploads\/2023\/02\/Capture-decran-2023-02-18-a-22.07.19-201x300.png 201w, https:\/\/lacartebuissonniere.fr\/wp-content\/uploads\/2023\/02\/Capture-decran-2023-02-18-a-22.07.19-768x1144.png 768w, https:\/\/lacartebuissonniere.fr\/wp-content\/uploads\/2023\/02\/Capture-decran-2023-02-18-a-22.07.19-1031x1536.png 1031w, https:\/\/lacartebuissonniere.fr\/wp-content\/uploads\/2023\/02\/Capture-decran-2023-02-18-a-22.07.19-403x600.png 403w, https:\/\/lacartebuissonniere.fr\/wp-content\/uploads\/2023\/02\/Capture-decran-2023-02-18-a-22.07.19.png 1322w\" sizes=\"auto, (max-width: 687px) 100vw, 687px\" \/><\/figure>\n<\/div>\n\n\n<p><\/p>\n\n\n\n<p>On le retrouve ainsi sur ce <em>obi<\/em> (ceinture), agr\u00e9ment\u00e9 de <em><a href=\"https:\/\/lacartebuissonniere.fr\/index.php\/2023\/02\/22\/motif-kanoko\/\" target=\"_blank\" rel=\"noreferrer noopener\">kanoko<\/a><\/em> et m\u00eal\u00e9 de chrysanth\u00e8mes :<\/p>\n\n\n\n<figure class=\"wp-block-image size-large\"><img loading=\"lazy\" decoding=\"async\" width=\"1024\" height=\"306\" src=\"https:\/\/lacartebuissonniere.fr\/wp-content\/uploads\/2023\/02\/9E839D9A-1317-4725-A8F5-5657302CD079_1_105_c-1024x306.jpeg\" alt=\"\" class=\"wp-image-2523\" srcset=\"https:\/\/lacartebuissonniere.fr\/wp-content\/uploads\/2023\/02\/9E839D9A-1317-4725-A8F5-5657302CD079_1_105_c-1024x306.jpeg 1024w, https:\/\/lacartebuissonniere.fr\/wp-content\/uploads\/2023\/02\/9E839D9A-1317-4725-A8F5-5657302CD079_1_105_c-300x90.jpeg 300w, https:\/\/lacartebuissonniere.fr\/wp-content\/uploads\/2023\/02\/9E839D9A-1317-4725-A8F5-5657302CD079_1_105_c-768x230.jpeg 768w, https:\/\/lacartebuissonniere.fr\/wp-content\/uploads\/2023\/02\/9E839D9A-1317-4725-A8F5-5657302CD079_1_105_c-1536x460.jpeg 1536w, https:\/\/lacartebuissonniere.fr\/wp-content\/uploads\/2023\/02\/9E839D9A-1317-4725-A8F5-5657302CD079_1_105_c-600x180.jpeg 600w, https:\/\/lacartebuissonniere.fr\/wp-content\/uploads\/2023\/02\/9E839D9A-1317-4725-A8F5-5657302CD079_1_105_c.jpeg 1621w\" sizes=\"auto, (max-width: 1024px) 100vw, 1024px\" \/><\/figure>\n\n\n\n<p><\/p>\n\n\n\n<p>Utamaro l\u2019affectionne et le repr\u00e9sente souvent. Ici, vous retrouverez \u00e9galement les motifs <em><a href=\"https:\/\/lacartebuissonniere.fr\/index.php\/2023\/02\/22\/motif-kanoko\/\" target=\"_blank\" rel=\"noreferrer noopener\">kanoko<\/a><\/em>, <em><a href=\"https:\/\/lacartebuissonniere.fr\/index.php\/2023\/02\/15\/motif-sayagata\/\" target=\"_blank\" rel=\"noreferrer noopener\">sayagata<\/a><\/em>, <em><a href=\"https:\/\/lacartebuissonniere.fr\/index.php\/2023\/03\/01\/motif-shippo\/\" target=\"_blank\" rel=\"noreferrer noopener\">shippo<\/a><\/em> et <em><a href=\"https:\/\/lacartebuissonniere.fr\/index.php\/2023\/02\/01\/motif-asanoha\/\" target=\"_blank\" rel=\"noreferrer noopener\">asanoha<\/a><\/em>\u00a0:<\/p>\n\n\n\n<figure class=\"wp-block-gallery has-nested-images columns-default is-cropped wp-block-gallery-1 is-layout-flex wp-block-gallery-is-layout-flex\">\n<figure class=\"wp-block-image size-large\"><img loading=\"lazy\" decoding=\"async\" width=\"694\" height=\"1024\" data-id=\"2497\" src=\"https:\/\/lacartebuissonniere.fr\/wp-content\/uploads\/2023\/02\/DE7947A1-EA5B-4F63-8BCB-E73B41721297_1_105_c-694x1024.jpeg\" alt=\"\" class=\"wp-image-2497\" srcset=\"https:\/\/lacartebuissonniere.fr\/wp-content\/uploads\/2023\/02\/DE7947A1-EA5B-4F63-8BCB-E73B41721297_1_105_c-694x1024.jpeg 694w, https:\/\/lacartebuissonniere.fr\/wp-content\/uploads\/2023\/02\/DE7947A1-EA5B-4F63-8BCB-E73B41721297_1_105_c-203x300.jpeg 203w, https:\/\/lacartebuissonniere.fr\/wp-content\/uploads\/2023\/02\/DE7947A1-EA5B-4F63-8BCB-E73B41721297_1_105_c-407x600.jpeg 407w, https:\/\/lacartebuissonniere.fr\/wp-content\/uploads\/2023\/02\/DE7947A1-EA5B-4F63-8BCB-E73B41721297_1_105_c.jpeg 730w\" sizes=\"auto, (max-width: 694px) 100vw, 694px\" \/><\/figure>\n\n\n\n<figure class=\"wp-block-image size-large\"><img loading=\"lazy\" decoding=\"async\" width=\"680\" height=\"1024\" data-id=\"2496\" src=\"https:\/\/lacartebuissonniere.fr\/wp-content\/uploads\/2023\/02\/5EFDB0DC-0133-4AB2-9827-60018F2A75EA_1_105_c-680x1024.jpeg\" alt=\"\" class=\"wp-image-2496\" srcset=\"https:\/\/lacartebuissonniere.fr\/wp-content\/uploads\/2023\/02\/5EFDB0DC-0133-4AB2-9827-60018F2A75EA_1_105_c-680x1024.jpeg 680w, https:\/\/lacartebuissonniere.fr\/wp-content\/uploads\/2023\/02\/5EFDB0DC-0133-4AB2-9827-60018F2A75EA_1_105_c-199x300.jpeg 199w, https:\/\/lacartebuissonniere.fr\/wp-content\/uploads\/2023\/02\/5EFDB0DC-0133-4AB2-9827-60018F2A75EA_1_105_c-399x600.jpeg 399w, https:\/\/lacartebuissonniere.fr\/wp-content\/uploads\/2023\/02\/5EFDB0DC-0133-4AB2-9827-60018F2A75EA_1_105_c.jpeg 722w\" sizes=\"auto, (max-width: 680px) 100vw, 680px\" \/><\/figure>\n<\/figure>\n\n\n\n<p><\/p>\n\n\n\n<p>Encore quelques belles illustrations chez Kikukawa Eizan :<\/p>\n\n\n\n<figure class=\"wp-block-gallery has-nested-images columns-default is-cropped wp-block-gallery-2 is-layout-flex wp-block-gallery-is-layout-flex\">\n<figure class=\"wp-block-image size-large\"><img loading=\"lazy\" decoding=\"async\" width=\"698\" height=\"1024\" data-id=\"2500\" src=\"https:\/\/lacartebuissonniere.fr\/wp-content\/uploads\/2023\/02\/083C5CE1-0858-4566-9088-7442FA5026AE_1_105_c-698x1024.jpeg\" alt=\"\" class=\"wp-image-2500\" srcset=\"https:\/\/lacartebuissonniere.fr\/wp-content\/uploads\/2023\/02\/083C5CE1-0858-4566-9088-7442FA5026AE_1_105_c-698x1024.jpeg 698w, https:\/\/lacartebuissonniere.fr\/wp-content\/uploads\/2023\/02\/083C5CE1-0858-4566-9088-7442FA5026AE_1_105_c-204x300.jpeg 204w, https:\/\/lacartebuissonniere.fr\/wp-content\/uploads\/2023\/02\/083C5CE1-0858-4566-9088-7442FA5026AE_1_105_c-409x600.jpeg 409w, https:\/\/lacartebuissonniere.fr\/wp-content\/uploads\/2023\/02\/083C5CE1-0858-4566-9088-7442FA5026AE_1_105_c.jpeg 732w\" sizes=\"auto, (max-width: 698px) 100vw, 698px\" \/><\/figure>\n\n\n\n<figure class=\"wp-block-image size-large\"><img loading=\"lazy\" decoding=\"async\" width=\"711\" height=\"1024\" data-id=\"2499\" src=\"https:\/\/lacartebuissonniere.fr\/wp-content\/uploads\/2023\/02\/D1DA014C-27CD-48AA-8ABA-4F415EFE54B9_1_105_c-711x1024.jpeg\" alt=\"\" class=\"wp-image-2499\" srcset=\"https:\/\/lacartebuissonniere.fr\/wp-content\/uploads\/2023\/02\/D1DA014C-27CD-48AA-8ABA-4F415EFE54B9_1_105_c-711x1024.jpeg 711w, https:\/\/lacartebuissonniere.fr\/wp-content\/uploads\/2023\/02\/D1DA014C-27CD-48AA-8ABA-4F415EFE54B9_1_105_c-208x300.jpeg 208w, https:\/\/lacartebuissonniere.fr\/wp-content\/uploads\/2023\/02\/D1DA014C-27CD-48AA-8ABA-4F415EFE54B9_1_105_c-417x600.jpeg 417w, https:\/\/lacartebuissonniere.fr\/wp-content\/uploads\/2023\/02\/D1DA014C-27CD-48AA-8ABA-4F415EFE54B9_1_105_c.jpeg 739w\" sizes=\"auto, (max-width: 711px) 100vw, 711px\" \/><\/figure>\n<\/figure>\n\n\n\n<p><\/p>\n\n\n\n<p>Le motif <em>kanzemizu<\/em> continuait encore \u00e0 plaire dans la deuxi\u00e8me partie du XIX<sup>e<\/sup> si\u00e8cle, quand a \u00e9t\u00e9 confectionn\u00e9 ce superbe <em>kosode<\/em> (kimono de femme) de satin de soie damass\u00e9, actuellement expos\u00e9 au mus\u00e9e du Quai Branly&nbsp;:<\/p>\n\n\n\n<figure class=\"wp-block-gallery has-nested-images columns-default is-cropped wp-block-gallery-3 is-layout-flex wp-block-gallery-is-layout-flex\">\n<figure class=\"wp-block-image size-large\"><img loading=\"lazy\" decoding=\"async\" width=\"768\" height=\"1024\" data-id=\"2504\" src=\"https:\/\/lacartebuissonniere.fr\/wp-content\/uploads\/2023\/02\/A6FC3BE1-5458-445E-9D52-426486C00A4F_1_105_c.jpeg\" alt=\"\" class=\"wp-image-2504\" srcset=\"https:\/\/lacartebuissonniere.fr\/wp-content\/uploads\/2023\/02\/A6FC3BE1-5458-445E-9D52-426486C00A4F_1_105_c.jpeg 768w, https:\/\/lacartebuissonniere.fr\/wp-content\/uploads\/2023\/02\/A6FC3BE1-5458-445E-9D52-426486C00A4F_1_105_c-225x300.jpeg 225w, https:\/\/lacartebuissonniere.fr\/wp-content\/uploads\/2023\/02\/A6FC3BE1-5458-445E-9D52-426486C00A4F_1_105_c-450x600.jpeg 450w\" sizes=\"auto, (max-width: 768px) 100vw, 768px\" \/><\/figure>\n\n\n\n<figure class=\"wp-block-image size-large\"><img loading=\"lazy\" decoding=\"async\" width=\"768\" height=\"1024\" data-id=\"2503\" src=\"https:\/\/lacartebuissonniere.fr\/wp-content\/uploads\/2023\/02\/9634BC85-8A04-4047-A237-F98177241460_1_105_c.jpeg\" alt=\"\" class=\"wp-image-2503\" srcset=\"https:\/\/lacartebuissonniere.fr\/wp-content\/uploads\/2023\/02\/9634BC85-8A04-4047-A237-F98177241460_1_105_c.jpeg 768w, https:\/\/lacartebuissonniere.fr\/wp-content\/uploads\/2023\/02\/9634BC85-8A04-4047-A237-F98177241460_1_105_c-225x300.jpeg 225w, https:\/\/lacartebuissonniere.fr\/wp-content\/uploads\/2023\/02\/9634BC85-8A04-4047-A237-F98177241460_1_105_c-450x600.jpeg 450w\" sizes=\"auto, (max-width: 768px) 100vw, 768px\" \/><\/figure>\n<\/figure>\n\n\n\n<p><\/p>\n\n\n\n<p>Je le trouve particuli\u00e8rement \u00e9l\u00e9gant sur ce <a href=\"https:\/\/lacartebuissonniere.fr\/index.php\/2022\/11\/16\/les-secrets-du-papier-washi\/\" target=\"_blank\" rel=\"noreferrer noopener\">papier <em>washi<\/em><\/a> agr\u00e9ment\u00e9 de grues&nbsp;:<\/p>\n\n\n\n<figure class=\"wp-block-image size-large\"><img loading=\"lazy\" decoding=\"async\" width=\"1024\" height=\"796\" src=\"https:\/\/lacartebuissonniere.fr\/wp-content\/uploads\/2023\/02\/IMG_4157-1024x796.jpeg\" alt=\"\" class=\"wp-image-2508\" srcset=\"https:\/\/lacartebuissonniere.fr\/wp-content\/uploads\/2023\/02\/IMG_4157-1024x796.jpeg 1024w, https:\/\/lacartebuissonniere.fr\/wp-content\/uploads\/2023\/02\/IMG_4157-300x233.jpeg 300w, https:\/\/lacartebuissonniere.fr\/wp-content\/uploads\/2023\/02\/IMG_4157-768x597.jpeg 768w, https:\/\/lacartebuissonniere.fr\/wp-content\/uploads\/2023\/02\/IMG_4157-1536x1193.jpeg 1536w, https:\/\/lacartebuissonniere.fr\/wp-content\/uploads\/2023\/02\/IMG_4157-2048x1591.jpeg 2048w, https:\/\/lacartebuissonniere.fr\/wp-content\/uploads\/2023\/02\/IMG_4157-600x466.jpeg 600w\" sizes=\"auto, (max-width: 1024px) 100vw, 1024px\" \/><\/figure>\n\n\n\n<p><\/p>\n\n\n\n<p>Sources :<\/p>\n\n\n\n<p><a href=\"https:\/\/polinacouture.com\/la-significations-des-motifs-sur-les-tissus-japonais\/\" target=\"_blank\" rel=\"noreferrer noopener\">\u00ab&nbsp;La Signification des Motifs Japonais Traditionnels&nbsp;\u00bb<\/a><\/p>\n\n\n\n<p><a href=\"https:\/\/www.britannica.com\/art\/Kanze-school\" target=\"_blank\" rel=\"noreferrer noopener\">\u00ab&nbsp;Kanze school&nbsp;\u00bb<\/a>, article de l\u2019<em>Encyclop\u00e6dia Britannica<\/em><\/p>\n\n\n\n<p><a href=\"https:\/\/www.metmuseum.org\/art\/collection\/search\/56989\" target=\"_blank\" rel=\"noreferrer noopener\">Fiche de l\u2019estampe d\u2019Utagawa Toyokuni sur le site du Met Museum<\/a><\/p>\n","protected":false},"excerpt":{"rendered":"<p>Ce motif se compose de courbes et de spirales qui \u00e9voquent des eaux tourbilllonnantes. Son nom signifie litt\u00e9ralement \u00ab&nbsp;l\u2019eau de Kanze&nbsp;\u00bb. En effet, selon la l\u00e9gende, la famille Kanze, qui a fond\u00e9 la plus grande \u00e9cole de N\u00f4 au XIVe si\u00e8cle, utilisait des puits \u00e0 l\u2019int\u00e9rieur desquels les eaux tourbillonnaient. \u00c0 la fin du XVIIIe [&hellip;]<\/p>\n","protected":false},"author":2,"featured_media":0,"comment_status":"open","ping_status":"open","sticky":false,"template":"","format":"standard","meta":{"two_page_speed":[],"footnotes":""},"categories":[16,18,13],"tags":[],"class_list":["post-2491","post","type-post","status-publish","format-standard","hentry","category-flaneries","category-flaneries-culturelles","category-infos","entry"],"yoast_head":"<!-- This site is optimized with the Yoast SEO plugin v25.4 - https:\/\/yoast.com\/wordpress\/plugins\/seo\/ -->\n<title>Motif kanzemizu - La carte buissonni\u00e8re<\/title>\n<meta name=\"robots\" content=\"index, follow, max-snippet:-1, max-image-preview:large, max-video-preview:-1\" \/>\n<link rel=\"canonical\" href=\"https:\/\/lacartebuissonniere.fr\/index.php\/2023\/03\/08\/motif-kanzemizu\/\" \/>\n<meta property=\"og:locale\" content=\"fr_FR\" \/>\n<meta property=\"og:type\" content=\"article\" \/>\n<meta property=\"og:title\" content=\"Motif kanzemizu - La carte buissonni\u00e8re\" \/>\n<meta property=\"og:description\" content=\"Ce motif se compose de courbes et de spirales qui \u00e9voquent des eaux tourbilllonnantes. Son nom signifie litt\u00e9ralement \u00ab&nbsp;l\u2019eau de Kanze&nbsp;\u00bb. En effet, selon la l\u00e9gende, la famille Kanze, qui a fond\u00e9 la plus grande \u00e9cole de N\u00f4 au XIVe si\u00e8cle, utilisait des puits \u00e0 l\u2019int\u00e9rieur desquels les eaux tourbillonnaient. \u00c0 la fin du XVIIIe [&hellip;]\" \/>\n<meta property=\"og:url\" content=\"https:\/\/lacartebuissonniere.fr\/index.php\/2023\/03\/08\/motif-kanzemizu\/\" \/>\n<meta property=\"og:site_name\" content=\"La carte buissonni\u00e8re\" \/>\n<meta property=\"article:publisher\" content=\"https:\/\/www.facebook.com\/lacartebuissonniere\/\" \/>\n<meta property=\"article:published_time\" content=\"2023-03-08T08:00:00+00:00\" \/>\n<meta property=\"og:image\" content=\"https:\/\/lacartebuissonniere.fr\/wp-content\/uploads\/2023\/02\/E9748394-2FF0-4D75-8315-12FBCB07558B_4_5005_c.jpeg\" \/>\n<meta name=\"author\" content=\"Carte buissonni\u00e8re\" \/>\n<meta name=\"twitter:card\" content=\"summary_large_image\" \/>\n<meta name=\"twitter:label1\" content=\"\u00c9crit par\" \/>\n\t<meta name=\"twitter:data1\" content=\"Carte buissonni\u00e8re\" \/>\n\t<meta name=\"twitter:label2\" content=\"Dur\u00e9e de lecture estim\u00e9e\" \/>\n\t<meta name=\"twitter:data2\" content=\"4 minutes\" \/>\n<script type=\"application\/ld+json\" class=\"yoast-schema-graph\">{\"@context\":\"https:\/\/schema.org\",\"@graph\":[{\"@type\":\"Article\",\"@id\":\"https:\/\/lacartebuissonniere.fr\/index.php\/2023\/03\/08\/motif-kanzemizu\/#article\",\"isPartOf\":{\"@id\":\"https:\/\/lacartebuissonniere.fr\/index.php\/2023\/03\/08\/motif-kanzemizu\/\"},\"author\":{\"name\":\"Carte buissonni\u00e8re\",\"@id\":\"https:\/\/lacartebuissonniere.fr\/#\/schema\/person\/4e60af809837a2287e4f6d4daaf7abd4\"},\"headline\":\"Motif kanzemizu\",\"datePublished\":\"2023-03-08T08:00:00+00:00\",\"mainEntityOfPage\":{\"@id\":\"https:\/\/lacartebuissonniere.fr\/index.php\/2023\/03\/08\/motif-kanzemizu\/\"},\"wordCount\":236,\"commentCount\":1,\"publisher\":{\"@id\":\"https:\/\/lacartebuissonniere.fr\/#organization\"},\"image\":{\"@id\":\"https:\/\/lacartebuissonniere.fr\/index.php\/2023\/03\/08\/motif-kanzemizu\/#primaryimage\"},\"thumbnailUrl\":\"https:\/\/lacartebuissonniere.fr\/wp-content\/uploads\/2023\/02\/E9748394-2FF0-4D75-8315-12FBCB07558B_4_5005_c.jpeg\",\"articleSection\":[\"FL\u00c2NERIES\",\"Fl\u00e2neries culturelles\",\"INFOS\"],\"inLanguage\":\"fr-FR\",\"potentialAction\":[{\"@type\":\"CommentAction\",\"name\":\"Comment\",\"target\":[\"https:\/\/lacartebuissonniere.fr\/index.php\/2023\/03\/08\/motif-kanzemizu\/#respond\"]}]},{\"@type\":\"WebPage\",\"@id\":\"https:\/\/lacartebuissonniere.fr\/index.php\/2023\/03\/08\/motif-kanzemizu\/\",\"url\":\"https:\/\/lacartebuissonniere.fr\/index.php\/2023\/03\/08\/motif-kanzemizu\/\",\"name\":\"Motif kanzemizu - La carte buissonni\u00e8re\",\"isPartOf\":{\"@id\":\"https:\/\/lacartebuissonniere.fr\/#website\"},\"primaryImageOfPage\":{\"@id\":\"https:\/\/lacartebuissonniere.fr\/index.php\/2023\/03\/08\/motif-kanzemizu\/#primaryimage\"},\"image\":{\"@id\":\"https:\/\/lacartebuissonniere.fr\/index.php\/2023\/03\/08\/motif-kanzemizu\/#primaryimage\"},\"thumbnailUrl\":\"https:\/\/lacartebuissonniere.fr\/wp-content\/uploads\/2023\/02\/E9748394-2FF0-4D75-8315-12FBCB07558B_4_5005_c.jpeg\",\"datePublished\":\"2023-03-08T08:00:00+00:00\",\"breadcrumb\":{\"@id\":\"https:\/\/lacartebuissonniere.fr\/index.php\/2023\/03\/08\/motif-kanzemizu\/#breadcrumb\"},\"inLanguage\":\"fr-FR\",\"potentialAction\":[{\"@type\":\"ReadAction\",\"target\":[\"https:\/\/lacartebuissonniere.fr\/index.php\/2023\/03\/08\/motif-kanzemizu\/\"]}]},{\"@type\":\"ImageObject\",\"inLanguage\":\"fr-FR\",\"@id\":\"https:\/\/lacartebuissonniere.fr\/index.php\/2023\/03\/08\/motif-kanzemizu\/#primaryimage\",\"url\":\"https:\/\/lacartebuissonniere.fr\/wp-content\/uploads\/2023\/02\/E9748394-2FF0-4D75-8315-12FBCB07558B_4_5005_c.jpeg\",\"contentUrl\":\"https:\/\/lacartebuissonniere.fr\/wp-content\/uploads\/2023\/02\/E9748394-2FF0-4D75-8315-12FBCB07558B_4_5005_c.jpeg\",\"width\":250,\"height\":250},{\"@type\":\"BreadcrumbList\",\"@id\":\"https:\/\/lacartebuissonniere.fr\/index.php\/2023\/03\/08\/motif-kanzemizu\/#breadcrumb\",\"itemListElement\":[{\"@type\":\"ListItem\",\"position\":1,\"name\":\"Accueil\",\"item\":\"https:\/\/lacartebuissonniere.fr\/\"},{\"@type\":\"ListItem\",\"position\":2,\"name\":\"Motif kanzemizu\"}]},{\"@type\":\"WebSite\",\"@id\":\"https:\/\/lacartebuissonniere.fr\/#website\",\"url\":\"https:\/\/lacartebuissonniere.fr\/\",\"name\":\"La carte buissonni\u00e8re\",\"description\":\"\",\"publisher\":{\"@id\":\"https:\/\/lacartebuissonniere.fr\/#organization\"},\"potentialAction\":[{\"@type\":\"SearchAction\",\"target\":{\"@type\":\"EntryPoint\",\"urlTemplate\":\"https:\/\/lacartebuissonniere.fr\/?s={search_term_string}\"},\"query-input\":{\"@type\":\"PropertyValueSpecification\",\"valueRequired\":true,\"valueName\":\"search_term_string\"}}],\"inLanguage\":\"fr-FR\"},{\"@type\":\"Organization\",\"@id\":\"https:\/\/lacartebuissonniere.fr\/#organization\",\"name\":\"La carte buissonni\u00e8re\",\"url\":\"https:\/\/lacartebuissonniere.fr\/\",\"logo\":{\"@type\":\"ImageObject\",\"inLanguage\":\"fr-FR\",\"@id\":\"https:\/\/lacartebuissonniere.fr\/#\/schema\/logo\/image\/\",\"url\":\"https:\/\/lacartebuissonniere.fr\/wp-content\/uploads\/2022\/12\/Illustration-sans-titre.jpg\",\"contentUrl\":\"https:\/\/lacartebuissonniere.fr\/wp-content\/uploads\/2022\/12\/Illustration-sans-titre.jpg\",\"width\":637,\"height\":680,\"caption\":\"La carte buissonni\u00e8re\"},\"image\":{\"@id\":\"https:\/\/lacartebuissonniere.fr\/#\/schema\/logo\/image\/\"},\"sameAs\":[\"https:\/\/www.facebook.com\/lacartebuissonniere\/\",\"https:\/\/www.pinterest.fr\/DelphChabanne\/\"]},{\"@type\":\"Person\",\"@id\":\"https:\/\/lacartebuissonniere.fr\/#\/schema\/person\/4e60af809837a2287e4f6d4daaf7abd4\",\"name\":\"Carte buissonni\u00e8re\",\"image\":{\"@type\":\"ImageObject\",\"inLanguage\":\"fr-FR\",\"@id\":\"https:\/\/lacartebuissonniere.fr\/#\/schema\/person\/image\/\",\"url\":\"https:\/\/secure.gravatar.com\/avatar\/b543b5e0f093efbab3dfee8595bf9077ed504ab48ffeb378c9dc263381c278e6?s=96&d=mm&r=g\",\"contentUrl\":\"https:\/\/secure.gravatar.com\/avatar\/b543b5e0f093efbab3dfee8595bf9077ed504ab48ffeb378c9dc263381c278e6?s=96&d=mm&r=g\",\"caption\":\"Carte buissonni\u00e8re\"},\"sameAs\":[\"http:\/\/lacartebuissonniere.fr\"],\"url\":\"https:\/\/lacartebuissonniere.fr\/index.php\/author\/carteb\/\"}]}<\/script>\n<!-- \/ Yoast SEO plugin. -->","yoast_head_json":{"title":"Motif kanzemizu - La carte buissonni\u00e8re","robots":{"index":"index","follow":"follow","max-snippet":"max-snippet:-1","max-image-preview":"max-image-preview:large","max-video-preview":"max-video-preview:-1"},"canonical":"https:\/\/lacartebuissonniere.fr\/index.php\/2023\/03\/08\/motif-kanzemizu\/","og_locale":"fr_FR","og_type":"article","og_title":"Motif kanzemizu - La carte buissonni\u00e8re","og_description":"Ce motif se compose de courbes et de spirales qui \u00e9voquent des eaux tourbilllonnantes. Son nom signifie litt\u00e9ralement \u00ab&nbsp;l\u2019eau de Kanze&nbsp;\u00bb. En effet, selon la l\u00e9gende, la famille Kanze, qui a fond\u00e9 la plus grande \u00e9cole de N\u00f4 au XIVe si\u00e8cle, utilisait des puits \u00e0 l\u2019int\u00e9rieur desquels les eaux tourbillonnaient. \u00c0 la fin du XVIIIe [&hellip;]","og_url":"https:\/\/lacartebuissonniere.fr\/index.php\/2023\/03\/08\/motif-kanzemizu\/","og_site_name":"La carte buissonni\u00e8re","article_publisher":"https:\/\/www.facebook.com\/lacartebuissonniere\/","article_published_time":"2023-03-08T08:00:00+00:00","og_image":[{"url":"https:\/\/lacartebuissonniere.fr\/wp-content\/uploads\/2023\/02\/E9748394-2FF0-4D75-8315-12FBCB07558B_4_5005_c.jpeg","type":"","width":"","height":""}],"author":"Carte buissonni\u00e8re","twitter_card":"summary_large_image","twitter_misc":{"\u00c9crit par":"Carte buissonni\u00e8re","Dur\u00e9e de lecture estim\u00e9e":"4 minutes"},"schema":{"@context":"https:\/\/schema.org","@graph":[{"@type":"Article","@id":"https:\/\/lacartebuissonniere.fr\/index.php\/2023\/03\/08\/motif-kanzemizu\/#article","isPartOf":{"@id":"https:\/\/lacartebuissonniere.fr\/index.php\/2023\/03\/08\/motif-kanzemizu\/"},"author":{"name":"Carte buissonni\u00e8re","@id":"https:\/\/lacartebuissonniere.fr\/#\/schema\/person\/4e60af809837a2287e4f6d4daaf7abd4"},"headline":"Motif kanzemizu","datePublished":"2023-03-08T08:00:00+00:00","mainEntityOfPage":{"@id":"https:\/\/lacartebuissonniere.fr\/index.php\/2023\/03\/08\/motif-kanzemizu\/"},"wordCount":236,"commentCount":1,"publisher":{"@id":"https:\/\/lacartebuissonniere.fr\/#organization"},"image":{"@id":"https:\/\/lacartebuissonniere.fr\/index.php\/2023\/03\/08\/motif-kanzemizu\/#primaryimage"},"thumbnailUrl":"https:\/\/lacartebuissonniere.fr\/wp-content\/uploads\/2023\/02\/E9748394-2FF0-4D75-8315-12FBCB07558B_4_5005_c.jpeg","articleSection":["FL\u00c2NERIES","Fl\u00e2neries culturelles","INFOS"],"inLanguage":"fr-FR","potentialAction":[{"@type":"CommentAction","name":"Comment","target":["https:\/\/lacartebuissonniere.fr\/index.php\/2023\/03\/08\/motif-kanzemizu\/#respond"]}]},{"@type":"WebPage","@id":"https:\/\/lacartebuissonniere.fr\/index.php\/2023\/03\/08\/motif-kanzemizu\/","url":"https:\/\/lacartebuissonniere.fr\/index.php\/2023\/03\/08\/motif-kanzemizu\/","name":"Motif kanzemizu - La carte buissonni\u00e8re","isPartOf":{"@id":"https:\/\/lacartebuissonniere.fr\/#website"},"primaryImageOfPage":{"@id":"https:\/\/lacartebuissonniere.fr\/index.php\/2023\/03\/08\/motif-kanzemizu\/#primaryimage"},"image":{"@id":"https:\/\/lacartebuissonniere.fr\/index.php\/2023\/03\/08\/motif-kanzemizu\/#primaryimage"},"thumbnailUrl":"https:\/\/lacartebuissonniere.fr\/wp-content\/uploads\/2023\/02\/E9748394-2FF0-4D75-8315-12FBCB07558B_4_5005_c.jpeg","datePublished":"2023-03-08T08:00:00+00:00","breadcrumb":{"@id":"https:\/\/lacartebuissonniere.fr\/index.php\/2023\/03\/08\/motif-kanzemizu\/#breadcrumb"},"inLanguage":"fr-FR","potentialAction":[{"@type":"ReadAction","target":["https:\/\/lacartebuissonniere.fr\/index.php\/2023\/03\/08\/motif-kanzemizu\/"]}]},{"@type":"ImageObject","inLanguage":"fr-FR","@id":"https:\/\/lacartebuissonniere.fr\/index.php\/2023\/03\/08\/motif-kanzemizu\/#primaryimage","url":"https:\/\/lacartebuissonniere.fr\/wp-content\/uploads\/2023\/02\/E9748394-2FF0-4D75-8315-12FBCB07558B_4_5005_c.jpeg","contentUrl":"https:\/\/lacartebuissonniere.fr\/wp-content\/uploads\/2023\/02\/E9748394-2FF0-4D75-8315-12FBCB07558B_4_5005_c.jpeg","width":250,"height":250},{"@type":"BreadcrumbList","@id":"https:\/\/lacartebuissonniere.fr\/index.php\/2023\/03\/08\/motif-kanzemizu\/#breadcrumb","itemListElement":[{"@type":"ListItem","position":1,"name":"Accueil","item":"https:\/\/lacartebuissonniere.fr\/"},{"@type":"ListItem","position":2,"name":"Motif kanzemizu"}]},{"@type":"WebSite","@id":"https:\/\/lacartebuissonniere.fr\/#website","url":"https:\/\/lacartebuissonniere.fr\/","name":"La carte buissonni\u00e8re","description":"","publisher":{"@id":"https:\/\/lacartebuissonniere.fr\/#organization"},"potentialAction":[{"@type":"SearchAction","target":{"@type":"EntryPoint","urlTemplate":"https:\/\/lacartebuissonniere.fr\/?s={search_term_string}"},"query-input":{"@type":"PropertyValueSpecification","valueRequired":true,"valueName":"search_term_string"}}],"inLanguage":"fr-FR"},{"@type":"Organization","@id":"https:\/\/lacartebuissonniere.fr\/#organization","name":"La carte buissonni\u00e8re","url":"https:\/\/lacartebuissonniere.fr\/","logo":{"@type":"ImageObject","inLanguage":"fr-FR","@id":"https:\/\/lacartebuissonniere.fr\/#\/schema\/logo\/image\/","url":"https:\/\/lacartebuissonniere.fr\/wp-content\/uploads\/2022\/12\/Illustration-sans-titre.jpg","contentUrl":"https:\/\/lacartebuissonniere.fr\/wp-content\/uploads\/2022\/12\/Illustration-sans-titre.jpg","width":637,"height":680,"caption":"La carte buissonni\u00e8re"},"image":{"@id":"https:\/\/lacartebuissonniere.fr\/#\/schema\/logo\/image\/"},"sameAs":["https:\/\/www.facebook.com\/lacartebuissonniere\/","https:\/\/www.pinterest.fr\/DelphChabanne\/"]},{"@type":"Person","@id":"https:\/\/lacartebuissonniere.fr\/#\/schema\/person\/4e60af809837a2287e4f6d4daaf7abd4","name":"Carte buissonni\u00e8re","image":{"@type":"ImageObject","inLanguage":"fr-FR","@id":"https:\/\/lacartebuissonniere.fr\/#\/schema\/person\/image\/","url":"https:\/\/secure.gravatar.com\/avatar\/b543b5e0f093efbab3dfee8595bf9077ed504ab48ffeb378c9dc263381c278e6?s=96&d=mm&r=g","contentUrl":"https:\/\/secure.gravatar.com\/avatar\/b543b5e0f093efbab3dfee8595bf9077ed504ab48ffeb378c9dc263381c278e6?s=96&d=mm&r=g","caption":"Carte buissonni\u00e8re"},"sameAs":["http:\/\/lacartebuissonniere.fr"],"url":"https:\/\/lacartebuissonniere.fr\/index.php\/author\/carteb\/"}]}},"_links":{"self":[{"href":"https:\/\/lacartebuissonniere.fr\/index.php\/wp-json\/wp\/v2\/posts\/2491","targetHints":{"allow":["GET"]}}],"collection":[{"href":"https:\/\/lacartebuissonniere.fr\/index.php\/wp-json\/wp\/v2\/posts"}],"about":[{"href":"https:\/\/lacartebuissonniere.fr\/index.php\/wp-json\/wp\/v2\/types\/post"}],"author":[{"embeddable":true,"href":"https:\/\/lacartebuissonniere.fr\/index.php\/wp-json\/wp\/v2\/users\/2"}],"replies":[{"embeddable":true,"href":"https:\/\/lacartebuissonniere.fr\/index.php\/wp-json\/wp\/v2\/comments?post=2491"}],"version-history":[{"count":11,"href":"https:\/\/lacartebuissonniere.fr\/index.php\/wp-json\/wp\/v2\/posts\/2491\/revisions"}],"predecessor-version":[{"id":2573,"href":"https:\/\/lacartebuissonniere.fr\/index.php\/wp-json\/wp\/v2\/posts\/2491\/revisions\/2573"}],"wp:attachment":[{"href":"https:\/\/lacartebuissonniere.fr\/index.php\/wp-json\/wp\/v2\/media?parent=2491"}],"wp:term":[{"taxonomy":"category","embeddable":true,"href":"https:\/\/lacartebuissonniere.fr\/index.php\/wp-json\/wp\/v2\/categories?post=2491"},{"taxonomy":"post_tag","embeddable":true,"href":"https:\/\/lacartebuissonniere.fr\/index.php\/wp-json\/wp\/v2\/tags?post=2491"}],"curies":[{"name":"wp","href":"https:\/\/api.w.org\/{rel}","templated":true}]}}