{"id":2696,"date":"2023-03-28T09:00:00","date_gmt":"2023-03-28T07:00:00","guid":{"rendered":"https:\/\/lacartebuissonniere.fr\/?p=2696"},"modified":"2023-03-12T12:47:40","modified_gmt":"2023-03-12T11:47:40","slug":"sous-le-signe-de-la-jonquille","status":"publish","type":"post","link":"https:\/\/lacartebuissonniere.fr\/index.php\/2023\/03\/28\/sous-le-signe-de-la-jonquille\/","title":{"rendered":"Sous le signe de la jonquille"},"content":{"rendered":"\n<p><\/p>\n\n\n\n<p>Dans le calendrier r\u00e9publicain fran\u00e7ais, le 8<sup>e<\/sup> jour du mois de germinal, souvent notre 28 mars, \u00e9tait d\u00e9nomm\u00e9 jour de la jonquille.<\/p>\n\n\n\n<figure class=\"wp-block-gallery has-nested-images columns-default is-cropped wp-block-gallery-1 is-layout-flex wp-block-gallery-is-layout-flex\">\n<figure class=\"wp-block-image size-large\"><img loading=\"lazy\" decoding=\"async\" width=\"1024\" height=\"768\" data-id=\"2699\" src=\"https:\/\/lacartebuissonniere.fr\/wp-content\/uploads\/2023\/03\/59515500-1899-49DF-89BF-4E2A8BFF3385_1_105_c.jpeg\" alt=\"\" class=\"wp-image-2699\" srcset=\"https:\/\/lacartebuissonniere.fr\/wp-content\/uploads\/2023\/03\/59515500-1899-49DF-89BF-4E2A8BFF3385_1_105_c.jpeg 1024w, https:\/\/lacartebuissonniere.fr\/wp-content\/uploads\/2023\/03\/59515500-1899-49DF-89BF-4E2A8BFF3385_1_105_c-300x225.jpeg 300w, https:\/\/lacartebuissonniere.fr\/wp-content\/uploads\/2023\/03\/59515500-1899-49DF-89BF-4E2A8BFF3385_1_105_c-768x576.jpeg 768w, https:\/\/lacartebuissonniere.fr\/wp-content\/uploads\/2023\/03\/59515500-1899-49DF-89BF-4E2A8BFF3385_1_105_c-600x450.jpeg 600w\" sizes=\"auto, (max-width: 1024px) 100vw, 1024px\" \/><\/figure>\n\n\n\n<figure class=\"wp-block-image size-large\"><img loading=\"lazy\" decoding=\"async\" width=\"1024\" height=\"768\" data-id=\"2698\" src=\"https:\/\/lacartebuissonniere.fr\/wp-content\/uploads\/2023\/03\/6408A45B-F23D-4732-A1B8-C3727E57C320_1_105_c.jpeg\" alt=\"\" class=\"wp-image-2698\" srcset=\"https:\/\/lacartebuissonniere.fr\/wp-content\/uploads\/2023\/03\/6408A45B-F23D-4732-A1B8-C3727E57C320_1_105_c.jpeg 1024w, https:\/\/lacartebuissonniere.fr\/wp-content\/uploads\/2023\/03\/6408A45B-F23D-4732-A1B8-C3727E57C320_1_105_c-300x225.jpeg 300w, https:\/\/lacartebuissonniere.fr\/wp-content\/uploads\/2023\/03\/6408A45B-F23D-4732-A1B8-C3727E57C320_1_105_c-768x576.jpeg 768w, https:\/\/lacartebuissonniere.fr\/wp-content\/uploads\/2023\/03\/6408A45B-F23D-4732-A1B8-C3727E57C320_1_105_c-600x450.jpeg 600w\" sizes=\"auto, (max-width: 1024px) 100vw, 1024px\" \/><\/figure>\n<\/figure>\n\n\n\n<p><\/p>\n\n\n\n<p>Ces fleurs de printemps sont li\u00e9es pour moi \u00e0 de grandes balades d\u2019enfance dans les for\u00eats de Puisaye. L\u2019occasion de <em>gauger<\/em>, un verbe typiquement bourguignon signifiant \u00ab\u00a0s\u2019enfoncer dans l\u2019eau boueuse\u00a0\u00bb, mais aussi de faire de jolis bouquets\u00a0:<\/p>\n\n\n<div class=\"wp-block-image\">\n<figure class=\"aligncenter size-full\"><img loading=\"lazy\" decoding=\"async\" width=\"768\" height=\"1024\" src=\"https:\/\/lacartebuissonniere.fr\/wp-content\/uploads\/2023\/03\/2E828B62-F564-47B8-904C-ED4876E5B924_1_105_c.jpeg\" alt=\"\" class=\"wp-image-2700\" srcset=\"https:\/\/lacartebuissonniere.fr\/wp-content\/uploads\/2023\/03\/2E828B62-F564-47B8-904C-ED4876E5B924_1_105_c.jpeg 768w, https:\/\/lacartebuissonniere.fr\/wp-content\/uploads\/2023\/03\/2E828B62-F564-47B8-904C-ED4876E5B924_1_105_c-225x300.jpeg 225w, https:\/\/lacartebuissonniere.fr\/wp-content\/uploads\/2023\/03\/2E828B62-F564-47B8-904C-ED4876E5B924_1_105_c-450x600.jpeg 450w\" sizes=\"auto, (max-width: 768px) 100vw, 768px\" \/><\/figure>\n<\/div>\n\n\n<p><\/p>\n\n\n\n<p>\u00ab\u00a0Il faut du jaune pour amorcer le mouvement, \u00e9clabousser la fin d\u2019hiver.<br>Les <em>jonquilles<\/em> prennent leur \u00e9lan de loin, moins frileuses que leurs fr\u00e8res plus d\u00e9licats, les narcisses.<br>Bonnes filles, elles donnent de l\u2019espoir, commencent \u00e0 se gonfler d\u00e8s le d\u00e9but de f\u00e9vrier. On craint le gel, mais elles sont t\u00eatues, et finissent par l\u2019emporter.<br>Elles chantent avec leur trompette si \u00e9vas\u00e9e. <br>Et que la lumi\u00e8re soit.\u00a0\u00bb<br>Philippe Delerm, <em>Le caract\u00e8re de la bruy\u00e8re<\/em><\/p>\n\n\n\n<p>Lumineuse et r\u00e9sistante, la jonquille est devenue un embl\u00e8me joyeux de la lutte contre le cancer.<br>Depuis la premi\u00e8re \u00e9dition en 2000, l\u2019Institut Curie en a fait le symbole de sa campagne nationale de mobilisation et d\u2019appel \u00e0 g\u00e9n\u00e9rosit\u00e9, <a href=\"https:\/\/unejonquillecontrelecancer.fr\/\" target=\"_blank\" rel=\"noreferrer noopener\">Une Jonquille Contre le Cancer<\/a>.<br>\u00c0 cette occasion, l\u2019an pass\u00e9, la place du Panth\u00e9on a accueilli une fleur de trois m\u00e8tres de haut construite en Lego :<\/p>\n\n\n\n<figure class=\"wp-block-gallery has-nested-images columns-default is-cropped wp-block-gallery-2 is-layout-flex wp-block-gallery-is-layout-flex\">\n<figure class=\"wp-block-image size-large\"><img loading=\"lazy\" decoding=\"async\" width=\"1024\" height=\"768\" data-id=\"2703\" src=\"https:\/\/lacartebuissonniere.fr\/wp-content\/uploads\/2023\/03\/F6A19EC6-58A6-43EF-B826-D0C7D1E8E868_1_105_c.jpeg\" alt=\"\" class=\"wp-image-2703\" srcset=\"https:\/\/lacartebuissonniere.fr\/wp-content\/uploads\/2023\/03\/F6A19EC6-58A6-43EF-B826-D0C7D1E8E868_1_105_c.jpeg 1024w, https:\/\/lacartebuissonniere.fr\/wp-content\/uploads\/2023\/03\/F6A19EC6-58A6-43EF-B826-D0C7D1E8E868_1_105_c-300x225.jpeg 300w, https:\/\/lacartebuissonniere.fr\/wp-content\/uploads\/2023\/03\/F6A19EC6-58A6-43EF-B826-D0C7D1E8E868_1_105_c-768x576.jpeg 768w, https:\/\/lacartebuissonniere.fr\/wp-content\/uploads\/2023\/03\/F6A19EC6-58A6-43EF-B826-D0C7D1E8E868_1_105_c-600x450.jpeg 600w\" sizes=\"auto, (max-width: 1024px) 100vw, 1024px\" \/><\/figure>\n\n\n\n<figure class=\"wp-block-image size-large\"><img loading=\"lazy\" decoding=\"async\" width=\"1024\" height=\"768\" data-id=\"2702\" src=\"https:\/\/lacartebuissonniere.fr\/wp-content\/uploads\/2023\/03\/6C086185-D6A6-47FA-B664-1CF2E5CEADCB_1_105_c.jpeg\" alt=\"\" class=\"wp-image-2702\" srcset=\"https:\/\/lacartebuissonniere.fr\/wp-content\/uploads\/2023\/03\/6C086185-D6A6-47FA-B664-1CF2E5CEADCB_1_105_c.jpeg 1024w, https:\/\/lacartebuissonniere.fr\/wp-content\/uploads\/2023\/03\/6C086185-D6A6-47FA-B664-1CF2E5CEADCB_1_105_c-300x225.jpeg 300w, https:\/\/lacartebuissonniere.fr\/wp-content\/uploads\/2023\/03\/6C086185-D6A6-47FA-B664-1CF2E5CEADCB_1_105_c-768x576.jpeg 768w, https:\/\/lacartebuissonniere.fr\/wp-content\/uploads\/2023\/03\/6C086185-D6A6-47FA-B664-1CF2E5CEADCB_1_105_c-600x450.jpeg 600w\" sizes=\"auto, (max-width: 1024px) 100vw, 1024px\" \/><\/figure>\n<\/figure>\n\n\n\n<p><\/p>\n\n\n\n<p>Cette ann\u00e9e, la vente solidaire de jonquilles s\u2019est achev\u00e9e en ce lieu, mais il est toujours temps de <a href=\"https:\/\/aider.curie.fr\/jonquille143\/~mon-don\">faire un don<\/a>\u00a0!<\/p>\n\n\n\n<figure class=\"wp-block-image size-large\"><img loading=\"lazy\" decoding=\"async\" width=\"1024\" height=\"754\" src=\"https:\/\/lacartebuissonniere.fr\/wp-content\/uploads\/2023\/03\/AFDDE6FD-32F3-41F5-B7B4-C6E44064EA70_1_105_c-1024x754.jpeg\" alt=\"\" class=\"wp-image-2704\" srcset=\"https:\/\/lacartebuissonniere.fr\/wp-content\/uploads\/2023\/03\/AFDDE6FD-32F3-41F5-B7B4-C6E44064EA70_1_105_c-1024x754.jpeg 1024w, https:\/\/lacartebuissonniere.fr\/wp-content\/uploads\/2023\/03\/AFDDE6FD-32F3-41F5-B7B4-C6E44064EA70_1_105_c-300x221.jpeg 300w, https:\/\/lacartebuissonniere.fr\/wp-content\/uploads\/2023\/03\/AFDDE6FD-32F3-41F5-B7B4-C6E44064EA70_1_105_c-768x566.jpeg 768w, https:\/\/lacartebuissonniere.fr\/wp-content\/uploads\/2023\/03\/AFDDE6FD-32F3-41F5-B7B4-C6E44064EA70_1_105_c-600x442.jpeg 600w, https:\/\/lacartebuissonniere.fr\/wp-content\/uploads\/2023\/03\/AFDDE6FD-32F3-41F5-B7B4-C6E44064EA70_1_105_c.jpeg 1033w\" sizes=\"auto, (max-width: 1024px) 100vw, 1024px\" \/><\/figure>\n","protected":false},"excerpt":{"rendered":"<p>Dans le calendrier r\u00e9publicain fran\u00e7ais, le 8e jour du mois de germinal, souvent notre 28 mars, \u00e9tait d\u00e9nomm\u00e9 jour de la jonquille. Ces fleurs de printemps sont li\u00e9es pour moi \u00e0 de grandes balades d\u2019enfance dans les for\u00eats de Puisaye. L\u2019occasion de gauger, un verbe typiquement bourguignon signifiant \u00ab\u00a0s\u2019enfoncer dans l\u2019eau boueuse\u00a0\u00bb, mais aussi de [&hellip;]<\/p>\n","protected":false},"author":2,"featured_media":0,"comment_status":"open","ping_status":"open","sticky":false,"template":"","format":"standard","meta":{"two_page_speed":[],"footnotes":""},"categories":[13],"tags":[],"class_list":["post-2696","post","type-post","status-publish","format-standard","hentry","category-infos","entry"],"yoast_head":"<!-- This site is optimized with the Yoast SEO plugin v25.4 - https:\/\/yoast.com\/wordpress\/plugins\/seo\/ -->\n<title>Sous le signe de la jonquille - La carte buissonni\u00e8re<\/title>\n<meta name=\"robots\" content=\"index, follow, max-snippet:-1, max-image-preview:large, max-video-preview:-1\" \/>\n<link rel=\"canonical\" href=\"https:\/\/lacartebuissonniere.fr\/index.php\/2023\/03\/28\/sous-le-signe-de-la-jonquille\/\" \/>\n<meta property=\"og:locale\" content=\"fr_FR\" \/>\n<meta property=\"og:type\" content=\"article\" \/>\n<meta property=\"og:title\" content=\"Sous le signe de la jonquille - La carte buissonni\u00e8re\" \/>\n<meta property=\"og:description\" content=\"Dans le calendrier r\u00e9publicain fran\u00e7ais, le 8e jour du mois de germinal, souvent notre 28 mars, \u00e9tait d\u00e9nomm\u00e9 jour de la jonquille. Ces fleurs de printemps sont li\u00e9es pour moi \u00e0 de grandes balades d\u2019enfance dans les for\u00eats de Puisaye. L\u2019occasion de gauger, un verbe typiquement bourguignon signifiant \u00ab\u00a0s\u2019enfoncer dans l\u2019eau boueuse\u00a0\u00bb, mais aussi de [&hellip;]\" \/>\n<meta property=\"og:url\" content=\"https:\/\/lacartebuissonniere.fr\/index.php\/2023\/03\/28\/sous-le-signe-de-la-jonquille\/\" \/>\n<meta property=\"og:site_name\" content=\"La carte buissonni\u00e8re\" \/>\n<meta property=\"article:publisher\" content=\"https:\/\/www.facebook.com\/lacartebuissonniere\/\" \/>\n<meta property=\"article:published_time\" content=\"2023-03-28T07:00:00+00:00\" \/>\n<meta property=\"og:image\" content=\"https:\/\/lacartebuissonniere.fr\/wp-content\/uploads\/2023\/03\/59515500-1899-49DF-89BF-4E2A8BFF3385_1_105_c.jpeg\" \/>\n<meta name=\"author\" content=\"Carte buissonni\u00e8re\" \/>\n<meta name=\"twitter:card\" content=\"summary_large_image\" \/>\n<meta name=\"twitter:label1\" content=\"\u00c9crit par\" \/>\n\t<meta name=\"twitter:data1\" content=\"Carte buissonni\u00e8re\" \/>\n\t<meta name=\"twitter:label2\" content=\"Dur\u00e9e de lecture estim\u00e9e\" \/>\n\t<meta name=\"twitter:data2\" content=\"3 minutes\" \/>\n<script type=\"application\/ld+json\" class=\"yoast-schema-graph\">{\"@context\":\"https:\/\/schema.org\",\"@graph\":[{\"@type\":\"Article\",\"@id\":\"https:\/\/lacartebuissonniere.fr\/index.php\/2023\/03\/28\/sous-le-signe-de-la-jonquille\/#article\",\"isPartOf\":{\"@id\":\"https:\/\/lacartebuissonniere.fr\/index.php\/2023\/03\/28\/sous-le-signe-de-la-jonquille\/\"},\"author\":{\"name\":\"Carte buissonni\u00e8re\",\"@id\":\"https:\/\/lacartebuissonniere.fr\/#\/schema\/person\/4e60af809837a2287e4f6d4daaf7abd4\"},\"headline\":\"Sous le signe de la jonquille\",\"datePublished\":\"2023-03-28T07:00:00+00:00\",\"mainEntityOfPage\":{\"@id\":\"https:\/\/lacartebuissonniere.fr\/index.php\/2023\/03\/28\/sous-le-signe-de-la-jonquille\/\"},\"wordCount\":254,\"commentCount\":2,\"publisher\":{\"@id\":\"https:\/\/lacartebuissonniere.fr\/#organization\"},\"image\":{\"@id\":\"https:\/\/lacartebuissonniere.fr\/index.php\/2023\/03\/28\/sous-le-signe-de-la-jonquille\/#primaryimage\"},\"thumbnailUrl\":\"https:\/\/lacartebuissonniere.fr\/wp-content\/uploads\/2023\/03\/59515500-1899-49DF-89BF-4E2A8BFF3385_1_105_c.jpeg\",\"articleSection\":[\"INFOS\"],\"inLanguage\":\"fr-FR\",\"potentialAction\":[{\"@type\":\"CommentAction\",\"name\":\"Comment\",\"target\":[\"https:\/\/lacartebuissonniere.fr\/index.php\/2023\/03\/28\/sous-le-signe-de-la-jonquille\/#respond\"]}]},{\"@type\":\"WebPage\",\"@id\":\"https:\/\/lacartebuissonniere.fr\/index.php\/2023\/03\/28\/sous-le-signe-de-la-jonquille\/\",\"url\":\"https:\/\/lacartebuissonniere.fr\/index.php\/2023\/03\/28\/sous-le-signe-de-la-jonquille\/\",\"name\":\"Sous le signe de la jonquille - La carte buissonni\u00e8re\",\"isPartOf\":{\"@id\":\"https:\/\/lacartebuissonniere.fr\/#website\"},\"primaryImageOfPage\":{\"@id\":\"https:\/\/lacartebuissonniere.fr\/index.php\/2023\/03\/28\/sous-le-signe-de-la-jonquille\/#primaryimage\"},\"image\":{\"@id\":\"https:\/\/lacartebuissonniere.fr\/index.php\/2023\/03\/28\/sous-le-signe-de-la-jonquille\/#primaryimage\"},\"thumbnailUrl\":\"https:\/\/lacartebuissonniere.fr\/wp-content\/uploads\/2023\/03\/59515500-1899-49DF-89BF-4E2A8BFF3385_1_105_c.jpeg\",\"datePublished\":\"2023-03-28T07:00:00+00:00\",\"breadcrumb\":{\"@id\":\"https:\/\/lacartebuissonniere.fr\/index.php\/2023\/03\/28\/sous-le-signe-de-la-jonquille\/#breadcrumb\"},\"inLanguage\":\"fr-FR\",\"potentialAction\":[{\"@type\":\"ReadAction\",\"target\":[\"https:\/\/lacartebuissonniere.fr\/index.php\/2023\/03\/28\/sous-le-signe-de-la-jonquille\/\"]}]},{\"@type\":\"ImageObject\",\"inLanguage\":\"fr-FR\",\"@id\":\"https:\/\/lacartebuissonniere.fr\/index.php\/2023\/03\/28\/sous-le-signe-de-la-jonquille\/#primaryimage\",\"url\":\"https:\/\/lacartebuissonniere.fr\/wp-content\/uploads\/2023\/03\/59515500-1899-49DF-89BF-4E2A8BFF3385_1_105_c.jpeg\",\"contentUrl\":\"https:\/\/lacartebuissonniere.fr\/wp-content\/uploads\/2023\/03\/59515500-1899-49DF-89BF-4E2A8BFF3385_1_105_c.jpeg\",\"width\":1024,\"height\":768},{\"@type\":\"BreadcrumbList\",\"@id\":\"https:\/\/lacartebuissonniere.fr\/index.php\/2023\/03\/28\/sous-le-signe-de-la-jonquille\/#breadcrumb\",\"itemListElement\":[{\"@type\":\"ListItem\",\"position\":1,\"name\":\"Accueil\",\"item\":\"https:\/\/lacartebuissonniere.fr\/\"},{\"@type\":\"ListItem\",\"position\":2,\"name\":\"Sous le signe de la jonquille\"}]},{\"@type\":\"WebSite\",\"@id\":\"https:\/\/lacartebuissonniere.fr\/#website\",\"url\":\"https:\/\/lacartebuissonniere.fr\/\",\"name\":\"La carte buissonni\u00e8re\",\"description\":\"\",\"publisher\":{\"@id\":\"https:\/\/lacartebuissonniere.fr\/#organization\"},\"potentialAction\":[{\"@type\":\"SearchAction\",\"target\":{\"@type\":\"EntryPoint\",\"urlTemplate\":\"https:\/\/lacartebuissonniere.fr\/?s={search_term_string}\"},\"query-input\":{\"@type\":\"PropertyValueSpecification\",\"valueRequired\":true,\"valueName\":\"search_term_string\"}}],\"inLanguage\":\"fr-FR\"},{\"@type\":\"Organization\",\"@id\":\"https:\/\/lacartebuissonniere.fr\/#organization\",\"name\":\"La carte buissonni\u00e8re\",\"url\":\"https:\/\/lacartebuissonniere.fr\/\",\"logo\":{\"@type\":\"ImageObject\",\"inLanguage\":\"fr-FR\",\"@id\":\"https:\/\/lacartebuissonniere.fr\/#\/schema\/logo\/image\/\",\"url\":\"https:\/\/lacartebuissonniere.fr\/wp-content\/uploads\/2022\/12\/Illustration-sans-titre.jpg\",\"contentUrl\":\"https:\/\/lacartebuissonniere.fr\/wp-content\/uploads\/2022\/12\/Illustration-sans-titre.jpg\",\"width\":637,\"height\":680,\"caption\":\"La carte buissonni\u00e8re\"},\"image\":{\"@id\":\"https:\/\/lacartebuissonniere.fr\/#\/schema\/logo\/image\/\"},\"sameAs\":[\"https:\/\/www.facebook.com\/lacartebuissonniere\/\",\"https:\/\/www.pinterest.fr\/DelphChabanne\/\"]},{\"@type\":\"Person\",\"@id\":\"https:\/\/lacartebuissonniere.fr\/#\/schema\/person\/4e60af809837a2287e4f6d4daaf7abd4\",\"name\":\"Carte buissonni\u00e8re\",\"image\":{\"@type\":\"ImageObject\",\"inLanguage\":\"fr-FR\",\"@id\":\"https:\/\/lacartebuissonniere.fr\/#\/schema\/person\/image\/\",\"url\":\"https:\/\/secure.gravatar.com\/avatar\/b543b5e0f093efbab3dfee8595bf9077ed504ab48ffeb378c9dc263381c278e6?s=96&d=mm&r=g\",\"contentUrl\":\"https:\/\/secure.gravatar.com\/avatar\/b543b5e0f093efbab3dfee8595bf9077ed504ab48ffeb378c9dc263381c278e6?s=96&d=mm&r=g\",\"caption\":\"Carte buissonni\u00e8re\"},\"sameAs\":[\"http:\/\/lacartebuissonniere.fr\"],\"url\":\"https:\/\/lacartebuissonniere.fr\/index.php\/author\/carteb\/\"}]}<\/script>\n<!-- \/ Yoast SEO plugin. -->","yoast_head_json":{"title":"Sous le signe de la jonquille - La carte buissonni\u00e8re","robots":{"index":"index","follow":"follow","max-snippet":"max-snippet:-1","max-image-preview":"max-image-preview:large","max-video-preview":"max-video-preview:-1"},"canonical":"https:\/\/lacartebuissonniere.fr\/index.php\/2023\/03\/28\/sous-le-signe-de-la-jonquille\/","og_locale":"fr_FR","og_type":"article","og_title":"Sous le signe de la jonquille - La carte buissonni\u00e8re","og_description":"Dans le calendrier r\u00e9publicain fran\u00e7ais, le 8e jour du mois de germinal, souvent notre 28 mars, \u00e9tait d\u00e9nomm\u00e9 jour de la jonquille. Ces fleurs de printemps sont li\u00e9es pour moi \u00e0 de grandes balades d\u2019enfance dans les for\u00eats de Puisaye. L\u2019occasion de gauger, un verbe typiquement bourguignon signifiant \u00ab\u00a0s\u2019enfoncer dans l\u2019eau boueuse\u00a0\u00bb, mais aussi de [&hellip;]","og_url":"https:\/\/lacartebuissonniere.fr\/index.php\/2023\/03\/28\/sous-le-signe-de-la-jonquille\/","og_site_name":"La carte buissonni\u00e8re","article_publisher":"https:\/\/www.facebook.com\/lacartebuissonniere\/","article_published_time":"2023-03-28T07:00:00+00:00","og_image":[{"url":"https:\/\/lacartebuissonniere.fr\/wp-content\/uploads\/2023\/03\/59515500-1899-49DF-89BF-4E2A8BFF3385_1_105_c.jpeg","type":"","width":"","height":""}],"author":"Carte buissonni\u00e8re","twitter_card":"summary_large_image","twitter_misc":{"\u00c9crit par":"Carte buissonni\u00e8re","Dur\u00e9e de lecture estim\u00e9e":"3 minutes"},"schema":{"@context":"https:\/\/schema.org","@graph":[{"@type":"Article","@id":"https:\/\/lacartebuissonniere.fr\/index.php\/2023\/03\/28\/sous-le-signe-de-la-jonquille\/#article","isPartOf":{"@id":"https:\/\/lacartebuissonniere.fr\/index.php\/2023\/03\/28\/sous-le-signe-de-la-jonquille\/"},"author":{"name":"Carte buissonni\u00e8re","@id":"https:\/\/lacartebuissonniere.fr\/#\/schema\/person\/4e60af809837a2287e4f6d4daaf7abd4"},"headline":"Sous le signe de la jonquille","datePublished":"2023-03-28T07:00:00+00:00","mainEntityOfPage":{"@id":"https:\/\/lacartebuissonniere.fr\/index.php\/2023\/03\/28\/sous-le-signe-de-la-jonquille\/"},"wordCount":254,"commentCount":2,"publisher":{"@id":"https:\/\/lacartebuissonniere.fr\/#organization"},"image":{"@id":"https:\/\/lacartebuissonniere.fr\/index.php\/2023\/03\/28\/sous-le-signe-de-la-jonquille\/#primaryimage"},"thumbnailUrl":"https:\/\/lacartebuissonniere.fr\/wp-content\/uploads\/2023\/03\/59515500-1899-49DF-89BF-4E2A8BFF3385_1_105_c.jpeg","articleSection":["INFOS"],"inLanguage":"fr-FR","potentialAction":[{"@type":"CommentAction","name":"Comment","target":["https:\/\/lacartebuissonniere.fr\/index.php\/2023\/03\/28\/sous-le-signe-de-la-jonquille\/#respond"]}]},{"@type":"WebPage","@id":"https:\/\/lacartebuissonniere.fr\/index.php\/2023\/03\/28\/sous-le-signe-de-la-jonquille\/","url":"https:\/\/lacartebuissonniere.fr\/index.php\/2023\/03\/28\/sous-le-signe-de-la-jonquille\/","name":"Sous le signe de la jonquille - La carte buissonni\u00e8re","isPartOf":{"@id":"https:\/\/lacartebuissonniere.fr\/#website"},"primaryImageOfPage":{"@id":"https:\/\/lacartebuissonniere.fr\/index.php\/2023\/03\/28\/sous-le-signe-de-la-jonquille\/#primaryimage"},"image":{"@id":"https:\/\/lacartebuissonniere.fr\/index.php\/2023\/03\/28\/sous-le-signe-de-la-jonquille\/#primaryimage"},"thumbnailUrl":"https:\/\/lacartebuissonniere.fr\/wp-content\/uploads\/2023\/03\/59515500-1899-49DF-89BF-4E2A8BFF3385_1_105_c.jpeg","datePublished":"2023-03-28T07:00:00+00:00","breadcrumb":{"@id":"https:\/\/lacartebuissonniere.fr\/index.php\/2023\/03\/28\/sous-le-signe-de-la-jonquille\/#breadcrumb"},"inLanguage":"fr-FR","potentialAction":[{"@type":"ReadAction","target":["https:\/\/lacartebuissonniere.fr\/index.php\/2023\/03\/28\/sous-le-signe-de-la-jonquille\/"]}]},{"@type":"ImageObject","inLanguage":"fr-FR","@id":"https:\/\/lacartebuissonniere.fr\/index.php\/2023\/03\/28\/sous-le-signe-de-la-jonquille\/#primaryimage","url":"https:\/\/lacartebuissonniere.fr\/wp-content\/uploads\/2023\/03\/59515500-1899-49DF-89BF-4E2A8BFF3385_1_105_c.jpeg","contentUrl":"https:\/\/lacartebuissonniere.fr\/wp-content\/uploads\/2023\/03\/59515500-1899-49DF-89BF-4E2A8BFF3385_1_105_c.jpeg","width":1024,"height":768},{"@type":"BreadcrumbList","@id":"https:\/\/lacartebuissonniere.fr\/index.php\/2023\/03\/28\/sous-le-signe-de-la-jonquille\/#breadcrumb","itemListElement":[{"@type":"ListItem","position":1,"name":"Accueil","item":"https:\/\/lacartebuissonniere.fr\/"},{"@type":"ListItem","position":2,"name":"Sous le signe de la jonquille"}]},{"@type":"WebSite","@id":"https:\/\/lacartebuissonniere.fr\/#website","url":"https:\/\/lacartebuissonniere.fr\/","name":"La carte buissonni\u00e8re","description":"","publisher":{"@id":"https:\/\/lacartebuissonniere.fr\/#organization"},"potentialAction":[{"@type":"SearchAction","target":{"@type":"EntryPoint","urlTemplate":"https:\/\/lacartebuissonniere.fr\/?s={search_term_string}"},"query-input":{"@type":"PropertyValueSpecification","valueRequired":true,"valueName":"search_term_string"}}],"inLanguage":"fr-FR"},{"@type":"Organization","@id":"https:\/\/lacartebuissonniere.fr\/#organization","name":"La carte buissonni\u00e8re","url":"https:\/\/lacartebuissonniere.fr\/","logo":{"@type":"ImageObject","inLanguage":"fr-FR","@id":"https:\/\/lacartebuissonniere.fr\/#\/schema\/logo\/image\/","url":"https:\/\/lacartebuissonniere.fr\/wp-content\/uploads\/2022\/12\/Illustration-sans-titre.jpg","contentUrl":"https:\/\/lacartebuissonniere.fr\/wp-content\/uploads\/2022\/12\/Illustration-sans-titre.jpg","width":637,"height":680,"caption":"La carte buissonni\u00e8re"},"image":{"@id":"https:\/\/lacartebuissonniere.fr\/#\/schema\/logo\/image\/"},"sameAs":["https:\/\/www.facebook.com\/lacartebuissonniere\/","https:\/\/www.pinterest.fr\/DelphChabanne\/"]},{"@type":"Person","@id":"https:\/\/lacartebuissonniere.fr\/#\/schema\/person\/4e60af809837a2287e4f6d4daaf7abd4","name":"Carte buissonni\u00e8re","image":{"@type":"ImageObject","inLanguage":"fr-FR","@id":"https:\/\/lacartebuissonniere.fr\/#\/schema\/person\/image\/","url":"https:\/\/secure.gravatar.com\/avatar\/b543b5e0f093efbab3dfee8595bf9077ed504ab48ffeb378c9dc263381c278e6?s=96&d=mm&r=g","contentUrl":"https:\/\/secure.gravatar.com\/avatar\/b543b5e0f093efbab3dfee8595bf9077ed504ab48ffeb378c9dc263381c278e6?s=96&d=mm&r=g","caption":"Carte buissonni\u00e8re"},"sameAs":["http:\/\/lacartebuissonniere.fr"],"url":"https:\/\/lacartebuissonniere.fr\/index.php\/author\/carteb\/"}]}},"_links":{"self":[{"href":"https:\/\/lacartebuissonniere.fr\/index.php\/wp-json\/wp\/v2\/posts\/2696","targetHints":{"allow":["GET"]}}],"collection":[{"href":"https:\/\/lacartebuissonniere.fr\/index.php\/wp-json\/wp\/v2\/posts"}],"about":[{"href":"https:\/\/lacartebuissonniere.fr\/index.php\/wp-json\/wp\/v2\/types\/post"}],"author":[{"embeddable":true,"href":"https:\/\/lacartebuissonniere.fr\/index.php\/wp-json\/wp\/v2\/users\/2"}],"replies":[{"embeddable":true,"href":"https:\/\/lacartebuissonniere.fr\/index.php\/wp-json\/wp\/v2\/comments?post=2696"}],"version-history":[{"count":4,"href":"https:\/\/lacartebuissonniere.fr\/index.php\/wp-json\/wp\/v2\/posts\/2696\/revisions"}],"predecessor-version":[{"id":2707,"href":"https:\/\/lacartebuissonniere.fr\/index.php\/wp-json\/wp\/v2\/posts\/2696\/revisions\/2707"}],"wp:attachment":[{"href":"https:\/\/lacartebuissonniere.fr\/index.php\/wp-json\/wp\/v2\/media?parent=2696"}],"wp:term":[{"taxonomy":"category","embeddable":true,"href":"https:\/\/lacartebuissonniere.fr\/index.php\/wp-json\/wp\/v2\/categories?post=2696"},{"taxonomy":"post_tag","embeddable":true,"href":"https:\/\/lacartebuissonniere.fr\/index.php\/wp-json\/wp\/v2\/tags?post=2696"}],"curies":[{"name":"wp","href":"https:\/\/api.w.org\/{rel}","templated":true}]}}