{"id":3164,"date":"2023-05-23T09:00:00","date_gmt":"2023-05-23T07:00:00","guid":{"rendered":"https:\/\/lacartebuissonniere.fr\/?p=3164"},"modified":"2023-05-11T08:41:59","modified_gmt":"2023-05-11T06:41:59","slug":"cherchez-la-grue-2","status":"publish","type":"post","link":"https:\/\/lacartebuissonniere.fr\/index.php\/2023\/05\/23\/cherchez-la-grue-2\/","title":{"rendered":"Cherchez la grue !"},"content":{"rendered":"\n<p><\/p>\n\n\n\n<p>Vous aviez <a href=\"https:\/\/lacartebuissonniere.fr\/index.php\/2023\/03\/10\/cherchez-la-grue\/\" target=\"_blank\" rel=\"noreferrer noopener\">jou\u00e9 avec l\u2019estampe d\u2019Utamaro<\/a>&nbsp;?<\/p>\n\n\n\n<p>Une grue du Japon se cache \u00e9galement dans cette \u0153uvre d\u2019Isoda Kory\u016bsai&nbsp;:<\/p>\n\n\n<div class=\"wp-block-image\">\n<figure class=\"aligncenter size-large is-resized\"><img loading=\"lazy\" decoding=\"async\" src=\"https:\/\/lacartebuissonniere.fr\/wp-content\/uploads\/2023\/05\/418E2F79-B91C-431E-BC9B-3FECD5F44F69_1_105_c-724x1024.jpeg\" alt=\"\" class=\"wp-image-3166\" width=\"724\" height=\"1024\" srcset=\"https:\/\/lacartebuissonniere.fr\/wp-content\/uploads\/2023\/05\/418E2F79-B91C-431E-BC9B-3FECD5F44F69_1_105_c-724x1024.jpeg 724w, https:\/\/lacartebuissonniere.fr\/wp-content\/uploads\/2023\/05\/418E2F79-B91C-431E-BC9B-3FECD5F44F69_1_105_c-212x300.jpeg 212w, https:\/\/lacartebuissonniere.fr\/wp-content\/uploads\/2023\/05\/418E2F79-B91C-431E-BC9B-3FECD5F44F69_1_105_c-424x600.jpeg 424w, https:\/\/lacartebuissonniere.fr\/wp-content\/uploads\/2023\/05\/418E2F79-B91C-431E-BC9B-3FECD5F44F69_1_105_c.jpeg 745w\" sizes=\"auto, (max-width: 724px) 100vw, 724px\" \/><\/figure>\n<\/div>\n\n\n<p><\/p>\n\n\n\n<p>Si vous en avez l\u2019occasion, vous pouvez aller l\u2019admirer de pr\u00e8s \u00e0 <a href=\"https:\/\/m.quaibranly.fr\/fr\/expositions-evenements\/au-musee\/expositions\/details-de-levenement\/e\/kimono\" target=\"_blank\" rel=\"noreferrer noopener\">l\u2019exposition KIMONO<\/a> qui se tient encore pour quelques jours au mus\u00e9e du quai Branly.<\/p>\n\n\n\n<p>Vous y apprendrez que les courtisanes les plus en vue de l\u2019\u00e9poque Edo (1603-1868) \u00e9taient des ic\u00f4nes de mode, des mani\u00e8res d\u2019influenceuses avant l\u2019heure. On enviait leur go\u00fbt et on copiait leur style.<\/p>\n\n\n\n<p>Dans cette estampe, Manday\u016b, de la maison Nakaomiya, regarde jouer ses <em>kamuro<\/em> (apprenties)  tout en fumant la pipe. Elle a nou\u00e9 l\u2019<em>obi<\/em>, la ceinture de son kimono, \u00e0 l\u2019avant, comme le font les courtisanes.<\/p>\n\n\n\n<p>Vous qui \u00eates d\u00e9sormais familiaris\u00e9 avec les motifs japonais, vous aurez reconnu <em><a href=\"https:\/\/lacartebuissonniere.fr\/index.php\/2023\/03\/22\/motif-kikko-ou-kikkoumon\/\" target=\"_blank\" rel=\"noreferrer noopener\">kikko<\/a><\/em> sur son kimono et <em><a href=\"https:\/\/lacartebuissonniere.fr\/index.php\/2023\/05\/10\/motif-raimon\/\" target=\"_blank\" rel=\"noreferrer noopener\">ra\u00efmon<\/a><\/em> sur les deux pots noirs.<\/p>\n\n\n\n<p>Et la grue&nbsp;? Vous l\u2019avez trouv\u00e9e&nbsp;?<\/p>\n\n\n\n<p>Il n\u2019y en pas une, mais plusieurs&nbsp;!<\/p>\n\n\n\n<p>Le sur-kimono noir de Manday\u016b en est couvert, comme on le voit bien sur ce d\u00e9tail de sa manche&nbsp;:<\/p>\n\n\n<div class=\"wp-block-image\">\n<figure class=\"aligncenter size-full\"><img loading=\"lazy\" decoding=\"async\" width=\"768\" height=\"1024\" src=\"https:\/\/lacartebuissonniere.fr\/wp-content\/uploads\/2023\/05\/E270D392-0330-4AE7-A580-7604E9679EF5_1_105_c.jpeg\" alt=\"\" class=\"wp-image-3167\" srcset=\"https:\/\/lacartebuissonniere.fr\/wp-content\/uploads\/2023\/05\/E270D392-0330-4AE7-A580-7604E9679EF5_1_105_c.jpeg 768w, https:\/\/lacartebuissonniere.fr\/wp-content\/uploads\/2023\/05\/E270D392-0330-4AE7-A580-7604E9679EF5_1_105_c-225x300.jpeg 225w, https:\/\/lacartebuissonniere.fr\/wp-content\/uploads\/2023\/05\/E270D392-0330-4AE7-A580-7604E9679EF5_1_105_c-450x600.jpeg 450w\" sizes=\"auto, (max-width: 768px) 100vw, 768px\" \/><\/figure>\n<\/div>","protected":false},"excerpt":{"rendered":"<p>Vous aviez jou\u00e9 avec l\u2019estampe d\u2019Utamaro&nbsp;? Une grue du Japon se cache \u00e9galement dans cette \u0153uvre d\u2019Isoda Kory\u016bsai&nbsp;: Si vous en avez l\u2019occasion, vous pouvez aller l\u2019admirer de pr\u00e8s \u00e0 l\u2019exposition KIMONO qui se tient encore pour quelques jours au mus\u00e9e du quai Branly. Vous y apprendrez que les courtisanes les plus en vue de [&hellip;]<\/p>\n","protected":false},"author":2,"featured_media":0,"comment_status":"open","ping_status":"open","sticky":false,"template":"","format":"standard","meta":{"two_page_speed":[],"footnotes":""},"categories":[16,18],"tags":[],"class_list":["post-3164","post","type-post","status-publish","format-standard","hentry","category-flaneries","category-flaneries-culturelles","entry"],"yoast_head":"<!-- This site is optimized with the Yoast SEO plugin v25.4 - https:\/\/yoast.com\/wordpress\/plugins\/seo\/ -->\n<title>Cherchez la grue ! - La carte buissonni\u00e8re<\/title>\n<meta name=\"robots\" content=\"index, follow, max-snippet:-1, max-image-preview:large, max-video-preview:-1\" \/>\n<link rel=\"canonical\" href=\"https:\/\/lacartebuissonniere.fr\/index.php\/2023\/05\/23\/cherchez-la-grue-2\/\" \/>\n<meta property=\"og:locale\" content=\"fr_FR\" \/>\n<meta property=\"og:type\" content=\"article\" \/>\n<meta property=\"og:title\" content=\"Cherchez la grue ! - La carte buissonni\u00e8re\" \/>\n<meta property=\"og:description\" content=\"Vous aviez jou\u00e9 avec l\u2019estampe d\u2019Utamaro&nbsp;? Une grue du Japon se cache \u00e9galement dans cette \u0153uvre d\u2019Isoda Kory\u016bsai&nbsp;: Si vous en avez l\u2019occasion, vous pouvez aller l\u2019admirer de pr\u00e8s \u00e0 l\u2019exposition KIMONO qui se tient encore pour quelques jours au mus\u00e9e du quai Branly. Vous y apprendrez que les courtisanes les plus en vue de [&hellip;]\" \/>\n<meta property=\"og:url\" content=\"https:\/\/lacartebuissonniere.fr\/index.php\/2023\/05\/23\/cherchez-la-grue-2\/\" \/>\n<meta property=\"og:site_name\" content=\"La carte buissonni\u00e8re\" \/>\n<meta property=\"article:publisher\" content=\"https:\/\/www.facebook.com\/lacartebuissonniere\/\" \/>\n<meta property=\"article:published_time\" content=\"2023-05-23T07:00:00+00:00\" \/>\n<meta property=\"og:image\" content=\"https:\/\/lacartebuissonniere.fr\/wp-content\/uploads\/2023\/05\/418E2F79-B91C-431E-BC9B-3FECD5F44F69_1_105_c-724x1024.jpeg\" \/>\n<meta name=\"author\" content=\"Carte buissonni\u00e8re\" \/>\n<meta name=\"twitter:card\" content=\"summary_large_image\" \/>\n<meta name=\"twitter:label1\" content=\"\u00c9crit par\" \/>\n\t<meta name=\"twitter:data1\" content=\"Carte buissonni\u00e8re\" \/>\n\t<meta name=\"twitter:label2\" content=\"Dur\u00e9e de lecture estim\u00e9e\" \/>\n\t<meta name=\"twitter:data2\" content=\"2 minutes\" \/>\n<script type=\"application\/ld+json\" class=\"yoast-schema-graph\">{\"@context\":\"https:\/\/schema.org\",\"@graph\":[{\"@type\":\"Article\",\"@id\":\"https:\/\/lacartebuissonniere.fr\/index.php\/2023\/05\/23\/cherchez-la-grue-2\/#article\",\"isPartOf\":{\"@id\":\"https:\/\/lacartebuissonniere.fr\/index.php\/2023\/05\/23\/cherchez-la-grue-2\/\"},\"author\":{\"name\":\"Carte buissonni\u00e8re\",\"@id\":\"https:\/\/lacartebuissonniere.fr\/#\/schema\/person\/4e60af809837a2287e4f6d4daaf7abd4\"},\"headline\":\"Cherchez la grue !\",\"datePublished\":\"2023-05-23T07:00:00+00:00\",\"mainEntityOfPage\":{\"@id\":\"https:\/\/lacartebuissonniere.fr\/index.php\/2023\/05\/23\/cherchez-la-grue-2\/\"},\"wordCount\":196,\"commentCount\":0,\"publisher\":{\"@id\":\"https:\/\/lacartebuissonniere.fr\/#organization\"},\"image\":{\"@id\":\"https:\/\/lacartebuissonniere.fr\/index.php\/2023\/05\/23\/cherchez-la-grue-2\/#primaryimage\"},\"thumbnailUrl\":\"https:\/\/lacartebuissonniere.fr\/wp-content\/uploads\/2023\/05\/418E2F79-B91C-431E-BC9B-3FECD5F44F69_1_105_c-724x1024.jpeg\",\"articleSection\":[\"FL\u00c2NERIES\",\"Fl\u00e2neries culturelles\"],\"inLanguage\":\"fr-FR\",\"potentialAction\":[{\"@type\":\"CommentAction\",\"name\":\"Comment\",\"target\":[\"https:\/\/lacartebuissonniere.fr\/index.php\/2023\/05\/23\/cherchez-la-grue-2\/#respond\"]}]},{\"@type\":\"WebPage\",\"@id\":\"https:\/\/lacartebuissonniere.fr\/index.php\/2023\/05\/23\/cherchez-la-grue-2\/\",\"url\":\"https:\/\/lacartebuissonniere.fr\/index.php\/2023\/05\/23\/cherchez-la-grue-2\/\",\"name\":\"Cherchez la grue ! - La carte buissonni\u00e8re\",\"isPartOf\":{\"@id\":\"https:\/\/lacartebuissonniere.fr\/#website\"},\"primaryImageOfPage\":{\"@id\":\"https:\/\/lacartebuissonniere.fr\/index.php\/2023\/05\/23\/cherchez-la-grue-2\/#primaryimage\"},\"image\":{\"@id\":\"https:\/\/lacartebuissonniere.fr\/index.php\/2023\/05\/23\/cherchez-la-grue-2\/#primaryimage\"},\"thumbnailUrl\":\"https:\/\/lacartebuissonniere.fr\/wp-content\/uploads\/2023\/05\/418E2F79-B91C-431E-BC9B-3FECD5F44F69_1_105_c-724x1024.jpeg\",\"datePublished\":\"2023-05-23T07:00:00+00:00\",\"breadcrumb\":{\"@id\":\"https:\/\/lacartebuissonniere.fr\/index.php\/2023\/05\/23\/cherchez-la-grue-2\/#breadcrumb\"},\"inLanguage\":\"fr-FR\",\"potentialAction\":[{\"@type\":\"ReadAction\",\"target\":[\"https:\/\/lacartebuissonniere.fr\/index.php\/2023\/05\/23\/cherchez-la-grue-2\/\"]}]},{\"@type\":\"ImageObject\",\"inLanguage\":\"fr-FR\",\"@id\":\"https:\/\/lacartebuissonniere.fr\/index.php\/2023\/05\/23\/cherchez-la-grue-2\/#primaryimage\",\"url\":\"https:\/\/lacartebuissonniere.fr\/wp-content\/uploads\/2023\/05\/418E2F79-B91C-431E-BC9B-3FECD5F44F69_1_105_c-724x1024.jpeg\",\"contentUrl\":\"https:\/\/lacartebuissonniere.fr\/wp-content\/uploads\/2023\/05\/418E2F79-B91C-431E-BC9B-3FECD5F44F69_1_105_c-724x1024.jpeg\"},{\"@type\":\"BreadcrumbList\",\"@id\":\"https:\/\/lacartebuissonniere.fr\/index.php\/2023\/05\/23\/cherchez-la-grue-2\/#breadcrumb\",\"itemListElement\":[{\"@type\":\"ListItem\",\"position\":1,\"name\":\"Accueil\",\"item\":\"https:\/\/lacartebuissonniere.fr\/\"},{\"@type\":\"ListItem\",\"position\":2,\"name\":\"Cherchez la grue !\"}]},{\"@type\":\"WebSite\",\"@id\":\"https:\/\/lacartebuissonniere.fr\/#website\",\"url\":\"https:\/\/lacartebuissonniere.fr\/\",\"name\":\"La carte buissonni\u00e8re\",\"description\":\"\",\"publisher\":{\"@id\":\"https:\/\/lacartebuissonniere.fr\/#organization\"},\"potentialAction\":[{\"@type\":\"SearchAction\",\"target\":{\"@type\":\"EntryPoint\",\"urlTemplate\":\"https:\/\/lacartebuissonniere.fr\/?s={search_term_string}\"},\"query-input\":{\"@type\":\"PropertyValueSpecification\",\"valueRequired\":true,\"valueName\":\"search_term_string\"}}],\"inLanguage\":\"fr-FR\"},{\"@type\":\"Organization\",\"@id\":\"https:\/\/lacartebuissonniere.fr\/#organization\",\"name\":\"La carte buissonni\u00e8re\",\"url\":\"https:\/\/lacartebuissonniere.fr\/\",\"logo\":{\"@type\":\"ImageObject\",\"inLanguage\":\"fr-FR\",\"@id\":\"https:\/\/lacartebuissonniere.fr\/#\/schema\/logo\/image\/\",\"url\":\"https:\/\/lacartebuissonniere.fr\/wp-content\/uploads\/2022\/12\/Illustration-sans-titre.jpg\",\"contentUrl\":\"https:\/\/lacartebuissonniere.fr\/wp-content\/uploads\/2022\/12\/Illustration-sans-titre.jpg\",\"width\":637,\"height\":680,\"caption\":\"La carte buissonni\u00e8re\"},\"image\":{\"@id\":\"https:\/\/lacartebuissonniere.fr\/#\/schema\/logo\/image\/\"},\"sameAs\":[\"https:\/\/www.facebook.com\/lacartebuissonniere\/\",\"https:\/\/www.pinterest.fr\/DelphChabanne\/\"]},{\"@type\":\"Person\",\"@id\":\"https:\/\/lacartebuissonniere.fr\/#\/schema\/person\/4e60af809837a2287e4f6d4daaf7abd4\",\"name\":\"Carte buissonni\u00e8re\",\"image\":{\"@type\":\"ImageObject\",\"inLanguage\":\"fr-FR\",\"@id\":\"https:\/\/lacartebuissonniere.fr\/#\/schema\/person\/image\/\",\"url\":\"https:\/\/secure.gravatar.com\/avatar\/b543b5e0f093efbab3dfee8595bf9077ed504ab48ffeb378c9dc263381c278e6?s=96&d=mm&r=g\",\"contentUrl\":\"https:\/\/secure.gravatar.com\/avatar\/b543b5e0f093efbab3dfee8595bf9077ed504ab48ffeb378c9dc263381c278e6?s=96&d=mm&r=g\",\"caption\":\"Carte buissonni\u00e8re\"},\"sameAs\":[\"http:\/\/lacartebuissonniere.fr\"],\"url\":\"https:\/\/lacartebuissonniere.fr\/index.php\/author\/carteb\/\"}]}<\/script>\n<!-- \/ Yoast SEO plugin. -->","yoast_head_json":{"title":"Cherchez la grue ! - La carte buissonni\u00e8re","robots":{"index":"index","follow":"follow","max-snippet":"max-snippet:-1","max-image-preview":"max-image-preview:large","max-video-preview":"max-video-preview:-1"},"canonical":"https:\/\/lacartebuissonniere.fr\/index.php\/2023\/05\/23\/cherchez-la-grue-2\/","og_locale":"fr_FR","og_type":"article","og_title":"Cherchez la grue ! - La carte buissonni\u00e8re","og_description":"Vous aviez jou\u00e9 avec l\u2019estampe d\u2019Utamaro&nbsp;? Une grue du Japon se cache \u00e9galement dans cette \u0153uvre d\u2019Isoda Kory\u016bsai&nbsp;: Si vous en avez l\u2019occasion, vous pouvez aller l\u2019admirer de pr\u00e8s \u00e0 l\u2019exposition KIMONO qui se tient encore pour quelques jours au mus\u00e9e du quai Branly. Vous y apprendrez que les courtisanes les plus en vue de [&hellip;]","og_url":"https:\/\/lacartebuissonniere.fr\/index.php\/2023\/05\/23\/cherchez-la-grue-2\/","og_site_name":"La carte buissonni\u00e8re","article_publisher":"https:\/\/www.facebook.com\/lacartebuissonniere\/","article_published_time":"2023-05-23T07:00:00+00:00","og_image":[{"url":"https:\/\/lacartebuissonniere.fr\/wp-content\/uploads\/2023\/05\/418E2F79-B91C-431E-BC9B-3FECD5F44F69_1_105_c-724x1024.jpeg","type":"","width":"","height":""}],"author":"Carte buissonni\u00e8re","twitter_card":"summary_large_image","twitter_misc":{"\u00c9crit par":"Carte buissonni\u00e8re","Dur\u00e9e de lecture estim\u00e9e":"2 minutes"},"schema":{"@context":"https:\/\/schema.org","@graph":[{"@type":"Article","@id":"https:\/\/lacartebuissonniere.fr\/index.php\/2023\/05\/23\/cherchez-la-grue-2\/#article","isPartOf":{"@id":"https:\/\/lacartebuissonniere.fr\/index.php\/2023\/05\/23\/cherchez-la-grue-2\/"},"author":{"name":"Carte buissonni\u00e8re","@id":"https:\/\/lacartebuissonniere.fr\/#\/schema\/person\/4e60af809837a2287e4f6d4daaf7abd4"},"headline":"Cherchez la grue !","datePublished":"2023-05-23T07:00:00+00:00","mainEntityOfPage":{"@id":"https:\/\/lacartebuissonniere.fr\/index.php\/2023\/05\/23\/cherchez-la-grue-2\/"},"wordCount":196,"commentCount":0,"publisher":{"@id":"https:\/\/lacartebuissonniere.fr\/#organization"},"image":{"@id":"https:\/\/lacartebuissonniere.fr\/index.php\/2023\/05\/23\/cherchez-la-grue-2\/#primaryimage"},"thumbnailUrl":"https:\/\/lacartebuissonniere.fr\/wp-content\/uploads\/2023\/05\/418E2F79-B91C-431E-BC9B-3FECD5F44F69_1_105_c-724x1024.jpeg","articleSection":["FL\u00c2NERIES","Fl\u00e2neries culturelles"],"inLanguage":"fr-FR","potentialAction":[{"@type":"CommentAction","name":"Comment","target":["https:\/\/lacartebuissonniere.fr\/index.php\/2023\/05\/23\/cherchez-la-grue-2\/#respond"]}]},{"@type":"WebPage","@id":"https:\/\/lacartebuissonniere.fr\/index.php\/2023\/05\/23\/cherchez-la-grue-2\/","url":"https:\/\/lacartebuissonniere.fr\/index.php\/2023\/05\/23\/cherchez-la-grue-2\/","name":"Cherchez la grue ! - La carte buissonni\u00e8re","isPartOf":{"@id":"https:\/\/lacartebuissonniere.fr\/#website"},"primaryImageOfPage":{"@id":"https:\/\/lacartebuissonniere.fr\/index.php\/2023\/05\/23\/cherchez-la-grue-2\/#primaryimage"},"image":{"@id":"https:\/\/lacartebuissonniere.fr\/index.php\/2023\/05\/23\/cherchez-la-grue-2\/#primaryimage"},"thumbnailUrl":"https:\/\/lacartebuissonniere.fr\/wp-content\/uploads\/2023\/05\/418E2F79-B91C-431E-BC9B-3FECD5F44F69_1_105_c-724x1024.jpeg","datePublished":"2023-05-23T07:00:00+00:00","breadcrumb":{"@id":"https:\/\/lacartebuissonniere.fr\/index.php\/2023\/05\/23\/cherchez-la-grue-2\/#breadcrumb"},"inLanguage":"fr-FR","potentialAction":[{"@type":"ReadAction","target":["https:\/\/lacartebuissonniere.fr\/index.php\/2023\/05\/23\/cherchez-la-grue-2\/"]}]},{"@type":"ImageObject","inLanguage":"fr-FR","@id":"https:\/\/lacartebuissonniere.fr\/index.php\/2023\/05\/23\/cherchez-la-grue-2\/#primaryimage","url":"https:\/\/lacartebuissonniere.fr\/wp-content\/uploads\/2023\/05\/418E2F79-B91C-431E-BC9B-3FECD5F44F69_1_105_c-724x1024.jpeg","contentUrl":"https:\/\/lacartebuissonniere.fr\/wp-content\/uploads\/2023\/05\/418E2F79-B91C-431E-BC9B-3FECD5F44F69_1_105_c-724x1024.jpeg"},{"@type":"BreadcrumbList","@id":"https:\/\/lacartebuissonniere.fr\/index.php\/2023\/05\/23\/cherchez-la-grue-2\/#breadcrumb","itemListElement":[{"@type":"ListItem","position":1,"name":"Accueil","item":"https:\/\/lacartebuissonniere.fr\/"},{"@type":"ListItem","position":2,"name":"Cherchez la grue !"}]},{"@type":"WebSite","@id":"https:\/\/lacartebuissonniere.fr\/#website","url":"https:\/\/lacartebuissonniere.fr\/","name":"La carte buissonni\u00e8re","description":"","publisher":{"@id":"https:\/\/lacartebuissonniere.fr\/#organization"},"potentialAction":[{"@type":"SearchAction","target":{"@type":"EntryPoint","urlTemplate":"https:\/\/lacartebuissonniere.fr\/?s={search_term_string}"},"query-input":{"@type":"PropertyValueSpecification","valueRequired":true,"valueName":"search_term_string"}}],"inLanguage":"fr-FR"},{"@type":"Organization","@id":"https:\/\/lacartebuissonniere.fr\/#organization","name":"La carte buissonni\u00e8re","url":"https:\/\/lacartebuissonniere.fr\/","logo":{"@type":"ImageObject","inLanguage":"fr-FR","@id":"https:\/\/lacartebuissonniere.fr\/#\/schema\/logo\/image\/","url":"https:\/\/lacartebuissonniere.fr\/wp-content\/uploads\/2022\/12\/Illustration-sans-titre.jpg","contentUrl":"https:\/\/lacartebuissonniere.fr\/wp-content\/uploads\/2022\/12\/Illustration-sans-titre.jpg","width":637,"height":680,"caption":"La carte buissonni\u00e8re"},"image":{"@id":"https:\/\/lacartebuissonniere.fr\/#\/schema\/logo\/image\/"},"sameAs":["https:\/\/www.facebook.com\/lacartebuissonniere\/","https:\/\/www.pinterest.fr\/DelphChabanne\/"]},{"@type":"Person","@id":"https:\/\/lacartebuissonniere.fr\/#\/schema\/person\/4e60af809837a2287e4f6d4daaf7abd4","name":"Carte buissonni\u00e8re","image":{"@type":"ImageObject","inLanguage":"fr-FR","@id":"https:\/\/lacartebuissonniere.fr\/#\/schema\/person\/image\/","url":"https:\/\/secure.gravatar.com\/avatar\/b543b5e0f093efbab3dfee8595bf9077ed504ab48ffeb378c9dc263381c278e6?s=96&d=mm&r=g","contentUrl":"https:\/\/secure.gravatar.com\/avatar\/b543b5e0f093efbab3dfee8595bf9077ed504ab48ffeb378c9dc263381c278e6?s=96&d=mm&r=g","caption":"Carte buissonni\u00e8re"},"sameAs":["http:\/\/lacartebuissonniere.fr"],"url":"https:\/\/lacartebuissonniere.fr\/index.php\/author\/carteb\/"}]}},"_links":{"self":[{"href":"https:\/\/lacartebuissonniere.fr\/index.php\/wp-json\/wp\/v2\/posts\/3164","targetHints":{"allow":["GET"]}}],"collection":[{"href":"https:\/\/lacartebuissonniere.fr\/index.php\/wp-json\/wp\/v2\/posts"}],"about":[{"href":"https:\/\/lacartebuissonniere.fr\/index.php\/wp-json\/wp\/v2\/types\/post"}],"author":[{"embeddable":true,"href":"https:\/\/lacartebuissonniere.fr\/index.php\/wp-json\/wp\/v2\/users\/2"}],"replies":[{"embeddable":true,"href":"https:\/\/lacartebuissonniere.fr\/index.php\/wp-json\/wp\/v2\/comments?post=3164"}],"version-history":[{"count":3,"href":"https:\/\/lacartebuissonniere.fr\/index.php\/wp-json\/wp\/v2\/posts\/3164\/revisions"}],"predecessor-version":[{"id":3175,"href":"https:\/\/lacartebuissonniere.fr\/index.php\/wp-json\/wp\/v2\/posts\/3164\/revisions\/3175"}],"wp:attachment":[{"href":"https:\/\/lacartebuissonniere.fr\/index.php\/wp-json\/wp\/v2\/media?parent=3164"}],"wp:term":[{"taxonomy":"category","embeddable":true,"href":"https:\/\/lacartebuissonniere.fr\/index.php\/wp-json\/wp\/v2\/categories?post=3164"},{"taxonomy":"post_tag","embeddable":true,"href":"https:\/\/lacartebuissonniere.fr\/index.php\/wp-json\/wp\/v2\/tags?post=3164"}],"curies":[{"name":"wp","href":"https:\/\/api.w.org\/{rel}","templated":true}]}}