{"id":3169,"date":"2023-05-30T09:00:00","date_gmt":"2023-05-30T07:00:00","guid":{"rendered":"https:\/\/lacartebuissonniere.fr\/?p=3169"},"modified":"2023-05-05T18:01:08","modified_gmt":"2023-05-05T16:01:08","slug":"sous-le-signe-de-la-fraise","status":"publish","type":"post","link":"https:\/\/lacartebuissonniere.fr\/index.php\/2023\/05\/30\/sous-le-signe-de-la-fraise\/","title":{"rendered":"Sous le signe de la fraise"},"content":{"rendered":"\n<p><\/p>\n\n\n\n<p>Dans le calendrier r\u00e9publicain fran\u00e7ais, le 11<sup>e<\/sup> jour du mois de prairial, souvent notre 30 mai, \u00e9tait d\u00e9nomm\u00e9 jour de la fraise.<\/p>\n\n\n<div class=\"wp-block-image\">\n<figure class=\"aligncenter size-full\"><img loading=\"lazy\" decoding=\"async\" width=\"591\" height=\"591\" src=\"https:\/\/lacartebuissonniere.fr\/wp-content\/uploads\/2023\/05\/FC8D7F68-F32F-4C79-B9C1-ABE60B682165_1_201_a.jpeg\" alt=\"\" class=\"wp-image-3170\" srcset=\"https:\/\/lacartebuissonniere.fr\/wp-content\/uploads\/2023\/05\/FC8D7F68-F32F-4C79-B9C1-ABE60B682165_1_201_a.jpeg 591w, https:\/\/lacartebuissonniere.fr\/wp-content\/uploads\/2023\/05\/FC8D7F68-F32F-4C79-B9C1-ABE60B682165_1_201_a-300x300.jpeg 300w, https:\/\/lacartebuissonniere.fr\/wp-content\/uploads\/2023\/05\/FC8D7F68-F32F-4C79-B9C1-ABE60B682165_1_201_a-150x150.jpeg 150w\" sizes=\"auto, (max-width: 591px) 100vw, 591px\" \/><\/figure>\n<\/div>\n\n\n<p><\/p>\n\n\n\n<p>Avec <em>Les <a href=\"https:\/\/lacartebuissonniere.fr\/index.php\/2023\/03\/21\/sous-le-signe-de-la-primevere\/\" target=\"_blank\" rel=\"noreferrer noopener\">coucous<\/a><\/em> de Matisse, un autre tableau a sa place toute trouv\u00e9e dans mon mus\u00e9e id\u00e9al\u00a0: <em>Le panier de fraises <\/em>de Chardin\u00a0:<\/p>\n\n\n<div class=\"wp-block-image\">\n<figure class=\"aligncenter size-full\"><img loading=\"lazy\" decoding=\"async\" width=\"1024\" height=\"827\" src=\"https:\/\/lacartebuissonniere.fr\/wp-content\/uploads\/2023\/05\/4AEDD38B-692C-4348-B878-3A050910A303_1_105_c.jpeg\" alt=\"\" class=\"wp-image-3171\" srcset=\"https:\/\/lacartebuissonniere.fr\/wp-content\/uploads\/2023\/05\/4AEDD38B-692C-4348-B878-3A050910A303_1_105_c.jpeg 1024w, https:\/\/lacartebuissonniere.fr\/wp-content\/uploads\/2023\/05\/4AEDD38B-692C-4348-B878-3A050910A303_1_105_c-300x242.jpeg 300w, https:\/\/lacartebuissonniere.fr\/wp-content\/uploads\/2023\/05\/4AEDD38B-692C-4348-B878-3A050910A303_1_105_c-768x620.jpeg 768w, https:\/\/lacartebuissonniere.fr\/wp-content\/uploads\/2023\/05\/4AEDD38B-692C-4348-B878-3A050910A303_1_105_c-600x485.jpeg 600w\" sizes=\"auto, (max-width: 1024px) 100vw, 1024px\" \/><\/figure>\n<\/div>\n\n\n<p><\/p>\n\n\n\n<p>Au Salon de 1761, cette impeccable pyramide de fraises n\u2019avait pourtant pas retenu l\u2019attention des critiques.<\/p>\n\n\n\n<p>C\u2019est seulement en 1862 que Charles Blanc d\u00e9crit \u00ab un panier de fraises, un verre de cristal \u00e0 demi plein d\u2019eau o\u00f9 chatoient les reflets vermeils d\u2019une belle p\u00eache plac\u00e9e pr\u00e8s de deux \u0153illets blancs et de quelques cerises \u00bb et en conclut : \u00ab il ne lui en fallait pas davantage pour faire un morceau exquis. \u00bb<\/p>\n\n\n\n<h2 class=\"wp-block-heading\">\u00ab\u00a0Le miracle des choses que peint Chardin\u00a0\u00bb<\/h2>\n\n\n\n<p>Dans le chapitre consacr\u00e9 \u00e0 Chardin de <em>L&rsquo;art du dix-huiti\u00e8me si\u00e8cle<\/em>, les fr\u00e8res Goncourt \u00e9voquent \u00ab&nbsp;la pourpre humide des fraises&nbsp;\u00bb, avant de nous en livrer la clef&nbsp;:<\/p>\n\n\n\n<p>\u00ab&nbsp;C&rsquo;est l\u00e0 le miracle des choses que peint Chardin : model\u00e9es dans la masse et l&rsquo;entour de leurs contours, dessin\u00e9es avec leur lumi\u00e8re, faites pour ainsi dire de l&rsquo;\u00e2me de leur couleur, elles semblent se d\u00e9tacher de la toile et s&rsquo;animer, par je ne sais quelle merveilleuse op\u00e9ration d&rsquo;optique entre la toile et le spectateur, dans l&rsquo;espace.&nbsp;\u00bb<\/p>\n\n\n\n<p>Adjug\u00e9e 24,4 millions d\u2019euros le 23 mars 2022 \u00e0 un galeriste new-yorkais, cette merveilleuse nature morte pourrait n\u00e9anmoins revenir au Louvre, car le minist\u00e8re de la Culture a d\u00e9cid\u00e9 de refuser la d\u00e9livrance du certificat d\u2019exportation n\u00e9cessaire \u00e0 son d\u00e9part. Cela lui conf\u00e8re ainsi le statut de tr\u00e9sor national pour une p\u00e9riode de trente mois, le temps pour t\u00e2cher de r\u00e9unir les fonds n\u00e9cessaires \u00e0 la r\u00e9alisation d\u2019une acquisition au b\u00e9n\u00e9fice des collections nationales publiques.<\/p>\n\n\n\n<p>En esp\u00e9rant le bonheur prochain de pouvoir l\u2019admirer, d\u00e9gustons des fraises \u2013 c\u2019est la pleine saison\u00a0! \u2013 et envoyons des cartes buissonni\u00e8res \u00e0 leurs joyeuses couleurs\u00a0:<\/p>\n\n\n<div class=\"wp-block-image\">\n<figure class=\"aligncenter size-full\"><img loading=\"lazy\" decoding=\"async\" width=\"886\" height=\"886\" src=\"https:\/\/lacartebuissonniere.fr\/wp-content\/uploads\/2023\/05\/8C83F18B-1BE1-4C28-BFA2-E0E3DADE8F62_1_105_c.jpeg\" alt=\"\" class=\"wp-image-3172\" srcset=\"https:\/\/lacartebuissonniere.fr\/wp-content\/uploads\/2023\/05\/8C83F18B-1BE1-4C28-BFA2-E0E3DADE8F62_1_105_c.jpeg 886w, https:\/\/lacartebuissonniere.fr\/wp-content\/uploads\/2023\/05\/8C83F18B-1BE1-4C28-BFA2-E0E3DADE8F62_1_105_c-300x300.jpeg 300w, https:\/\/lacartebuissonniere.fr\/wp-content\/uploads\/2023\/05\/8C83F18B-1BE1-4C28-BFA2-E0E3DADE8F62_1_105_c-150x150.jpeg 150w, https:\/\/lacartebuissonniere.fr\/wp-content\/uploads\/2023\/05\/8C83F18B-1BE1-4C28-BFA2-E0E3DADE8F62_1_105_c-768x768.jpeg 768w, https:\/\/lacartebuissonniere.fr\/wp-content\/uploads\/2023\/05\/8C83F18B-1BE1-4C28-BFA2-E0E3DADE8F62_1_105_c-600x600.jpeg 600w\" sizes=\"auto, (max-width: 886px) 100vw, 886px\" \/><\/figure>\n<\/div>\n\n\n<p><\/p>\n\n\n\n<p>Sources&nbsp;:<\/p>\n\n\n\n<p><em><a href=\"https:\/\/gallica.bnf.fr\/ark:\/12148\/bpt6k1178788\" target=\"_blank\" rel=\"noreferrer noopener\">L&rsquo;art du dix-huiti\u00e8me si\u00e8cle. Watteau. Chardin. Boucher. Latour. Greuze. Les Saint-Aubin<\/a><\/em> \/ par Edmond et Jules de Goncourt, pp. 91 et 94<\/p>\n\n\n\n<p><a href=\"https:\/\/www.gazette-drouot.com\/article\/avec-le-panier-de-fraises-de-chardin-un-peintre-du-xviiie-C2-A0siecle-deja-impressionniste\/32449\" target=\"_blank\" rel=\"noreferrer noopener\">\u00ab\u00a0Avec le panier de fraises de Chardin, un peintre du XVIIIe si\u00e8cle d\u00e9j\u00e0 impressionniste\u00a0\u00bb<\/a> \u2013 La Gazette Drouot<\/p>\n\n\n\n<p><a href=\"https:\/\/www.culture.gouv.fr\/Presse\/Communiques-de-presse\/Le-Panier-de-fraises-de-Jean-Simeon-Chardin-reconnu-tresor-national\" target=\"_blank\" rel=\"noreferrer noopener\">\u00ab\u00a0Le Panier de fraises, de Jean Sim\u00e9on Chardin, reconnu tr\u00e9sor national\u00a0\u00bb<\/a> &#8211; Communiqu\u00e9 de presse du minist\u00e8re de la Culture<\/p>\n","protected":false},"excerpt":{"rendered":"<p>Dans le calendrier r\u00e9publicain fran\u00e7ais, le 11e jour du mois de prairial, souvent notre 30 mai, \u00e9tait d\u00e9nomm\u00e9 jour de la fraise. Avec Les coucous de Matisse, un autre tableau a sa place toute trouv\u00e9e dans mon mus\u00e9e id\u00e9al\u00a0: Le panier de fraises de Chardin\u00a0: Au Salon de 1761, cette impeccable pyramide de fraises n\u2019avait [&hellip;]<\/p>\n","protected":false},"author":2,"featured_media":0,"comment_status":"open","ping_status":"open","sticky":false,"template":"","format":"standard","meta":{"two_page_speed":[],"footnotes":""},"categories":[16,18],"tags":[],"class_list":["post-3169","post","type-post","status-publish","format-standard","hentry","category-flaneries","category-flaneries-culturelles","entry"],"yoast_head":"<!-- This site is optimized with the Yoast SEO plugin v25.4 - https:\/\/yoast.com\/wordpress\/plugins\/seo\/ -->\n<title>Sous le signe de la fraise - La carte buissonni\u00e8re<\/title>\n<meta name=\"robots\" content=\"index, follow, max-snippet:-1, max-image-preview:large, max-video-preview:-1\" \/>\n<link rel=\"canonical\" href=\"https:\/\/lacartebuissonniere.fr\/index.php\/2023\/05\/30\/sous-le-signe-de-la-fraise\/\" \/>\n<meta property=\"og:locale\" content=\"fr_FR\" \/>\n<meta property=\"og:type\" content=\"article\" \/>\n<meta property=\"og:title\" content=\"Sous le signe de la fraise - La carte buissonni\u00e8re\" \/>\n<meta property=\"og:description\" content=\"Dans le calendrier r\u00e9publicain fran\u00e7ais, le 11e jour du mois de prairial, souvent notre 30 mai, \u00e9tait d\u00e9nomm\u00e9 jour de la fraise. Avec Les coucous de Matisse, un autre tableau a sa place toute trouv\u00e9e dans mon mus\u00e9e id\u00e9al\u00a0: Le panier de fraises de Chardin\u00a0: Au Salon de 1761, cette impeccable pyramide de fraises n\u2019avait [&hellip;]\" \/>\n<meta property=\"og:url\" content=\"https:\/\/lacartebuissonniere.fr\/index.php\/2023\/05\/30\/sous-le-signe-de-la-fraise\/\" \/>\n<meta property=\"og:site_name\" content=\"La carte buissonni\u00e8re\" \/>\n<meta property=\"article:publisher\" content=\"https:\/\/www.facebook.com\/lacartebuissonniere\/\" \/>\n<meta property=\"article:published_time\" content=\"2023-05-30T07:00:00+00:00\" \/>\n<meta property=\"og:image\" content=\"https:\/\/lacartebuissonniere.fr\/wp-content\/uploads\/2023\/05\/FC8D7F68-F32F-4C79-B9C1-ABE60B682165_1_201_a.jpeg\" \/>\n<meta name=\"author\" content=\"Carte buissonni\u00e8re\" \/>\n<meta name=\"twitter:card\" content=\"summary_large_image\" \/>\n<meta name=\"twitter:label1\" content=\"\u00c9crit par\" \/>\n\t<meta name=\"twitter:data1\" content=\"Carte buissonni\u00e8re\" \/>\n\t<meta name=\"twitter:label2\" content=\"Dur\u00e9e de lecture estim\u00e9e\" \/>\n\t<meta name=\"twitter:data2\" content=\"3 minutes\" \/>\n<script type=\"application\/ld+json\" class=\"yoast-schema-graph\">{\"@context\":\"https:\/\/schema.org\",\"@graph\":[{\"@type\":\"Article\",\"@id\":\"https:\/\/lacartebuissonniere.fr\/index.php\/2023\/05\/30\/sous-le-signe-de-la-fraise\/#article\",\"isPartOf\":{\"@id\":\"https:\/\/lacartebuissonniere.fr\/index.php\/2023\/05\/30\/sous-le-signe-de-la-fraise\/\"},\"author\":{\"name\":\"Carte buissonni\u00e8re\",\"@id\":\"https:\/\/lacartebuissonniere.fr\/#\/schema\/person\/4e60af809837a2287e4f6d4daaf7abd4\"},\"headline\":\"Sous le signe de la fraise\",\"datePublished\":\"2023-05-30T07:00:00+00:00\",\"mainEntityOfPage\":{\"@id\":\"https:\/\/lacartebuissonniere.fr\/index.php\/2023\/05\/30\/sous-le-signe-de-la-fraise\/\"},\"wordCount\":415,\"commentCount\":2,\"publisher\":{\"@id\":\"https:\/\/lacartebuissonniere.fr\/#organization\"},\"image\":{\"@id\":\"https:\/\/lacartebuissonniere.fr\/index.php\/2023\/05\/30\/sous-le-signe-de-la-fraise\/#primaryimage\"},\"thumbnailUrl\":\"https:\/\/lacartebuissonniere.fr\/wp-content\/uploads\/2023\/05\/FC8D7F68-F32F-4C79-B9C1-ABE60B682165_1_201_a.jpeg\",\"articleSection\":[\"FL\u00c2NERIES\",\"Fl\u00e2neries culturelles\"],\"inLanguage\":\"fr-FR\",\"potentialAction\":[{\"@type\":\"CommentAction\",\"name\":\"Comment\",\"target\":[\"https:\/\/lacartebuissonniere.fr\/index.php\/2023\/05\/30\/sous-le-signe-de-la-fraise\/#respond\"]}]},{\"@type\":\"WebPage\",\"@id\":\"https:\/\/lacartebuissonniere.fr\/index.php\/2023\/05\/30\/sous-le-signe-de-la-fraise\/\",\"url\":\"https:\/\/lacartebuissonniere.fr\/index.php\/2023\/05\/30\/sous-le-signe-de-la-fraise\/\",\"name\":\"Sous le signe de la fraise - La carte buissonni\u00e8re\",\"isPartOf\":{\"@id\":\"https:\/\/lacartebuissonniere.fr\/#website\"},\"primaryImageOfPage\":{\"@id\":\"https:\/\/lacartebuissonniere.fr\/index.php\/2023\/05\/30\/sous-le-signe-de-la-fraise\/#primaryimage\"},\"image\":{\"@id\":\"https:\/\/lacartebuissonniere.fr\/index.php\/2023\/05\/30\/sous-le-signe-de-la-fraise\/#primaryimage\"},\"thumbnailUrl\":\"https:\/\/lacartebuissonniere.fr\/wp-content\/uploads\/2023\/05\/FC8D7F68-F32F-4C79-B9C1-ABE60B682165_1_201_a.jpeg\",\"datePublished\":\"2023-05-30T07:00:00+00:00\",\"breadcrumb\":{\"@id\":\"https:\/\/lacartebuissonniere.fr\/index.php\/2023\/05\/30\/sous-le-signe-de-la-fraise\/#breadcrumb\"},\"inLanguage\":\"fr-FR\",\"potentialAction\":[{\"@type\":\"ReadAction\",\"target\":[\"https:\/\/lacartebuissonniere.fr\/index.php\/2023\/05\/30\/sous-le-signe-de-la-fraise\/\"]}]},{\"@type\":\"ImageObject\",\"inLanguage\":\"fr-FR\",\"@id\":\"https:\/\/lacartebuissonniere.fr\/index.php\/2023\/05\/30\/sous-le-signe-de-la-fraise\/#primaryimage\",\"url\":\"https:\/\/lacartebuissonniere.fr\/wp-content\/uploads\/2023\/05\/FC8D7F68-F32F-4C79-B9C1-ABE60B682165_1_201_a.jpeg\",\"contentUrl\":\"https:\/\/lacartebuissonniere.fr\/wp-content\/uploads\/2023\/05\/FC8D7F68-F32F-4C79-B9C1-ABE60B682165_1_201_a.jpeg\",\"width\":591,\"height\":591},{\"@type\":\"BreadcrumbList\",\"@id\":\"https:\/\/lacartebuissonniere.fr\/index.php\/2023\/05\/30\/sous-le-signe-de-la-fraise\/#breadcrumb\",\"itemListElement\":[{\"@type\":\"ListItem\",\"position\":1,\"name\":\"Accueil\",\"item\":\"https:\/\/lacartebuissonniere.fr\/\"},{\"@type\":\"ListItem\",\"position\":2,\"name\":\"Sous le signe de la fraise\"}]},{\"@type\":\"WebSite\",\"@id\":\"https:\/\/lacartebuissonniere.fr\/#website\",\"url\":\"https:\/\/lacartebuissonniere.fr\/\",\"name\":\"La carte buissonni\u00e8re\",\"description\":\"\",\"publisher\":{\"@id\":\"https:\/\/lacartebuissonniere.fr\/#organization\"},\"potentialAction\":[{\"@type\":\"SearchAction\",\"target\":{\"@type\":\"EntryPoint\",\"urlTemplate\":\"https:\/\/lacartebuissonniere.fr\/?s={search_term_string}\"},\"query-input\":{\"@type\":\"PropertyValueSpecification\",\"valueRequired\":true,\"valueName\":\"search_term_string\"}}],\"inLanguage\":\"fr-FR\"},{\"@type\":\"Organization\",\"@id\":\"https:\/\/lacartebuissonniere.fr\/#organization\",\"name\":\"La carte buissonni\u00e8re\",\"url\":\"https:\/\/lacartebuissonniere.fr\/\",\"logo\":{\"@type\":\"ImageObject\",\"inLanguage\":\"fr-FR\",\"@id\":\"https:\/\/lacartebuissonniere.fr\/#\/schema\/logo\/image\/\",\"url\":\"https:\/\/lacartebuissonniere.fr\/wp-content\/uploads\/2022\/12\/Illustration-sans-titre.jpg\",\"contentUrl\":\"https:\/\/lacartebuissonniere.fr\/wp-content\/uploads\/2022\/12\/Illustration-sans-titre.jpg\",\"width\":637,\"height\":680,\"caption\":\"La carte buissonni\u00e8re\"},\"image\":{\"@id\":\"https:\/\/lacartebuissonniere.fr\/#\/schema\/logo\/image\/\"},\"sameAs\":[\"https:\/\/www.facebook.com\/lacartebuissonniere\/\",\"https:\/\/www.pinterest.fr\/DelphChabanne\/\"]},{\"@type\":\"Person\",\"@id\":\"https:\/\/lacartebuissonniere.fr\/#\/schema\/person\/4e60af809837a2287e4f6d4daaf7abd4\",\"name\":\"Carte buissonni\u00e8re\",\"image\":{\"@type\":\"ImageObject\",\"inLanguage\":\"fr-FR\",\"@id\":\"https:\/\/lacartebuissonniere.fr\/#\/schema\/person\/image\/\",\"url\":\"https:\/\/secure.gravatar.com\/avatar\/b543b5e0f093efbab3dfee8595bf9077ed504ab48ffeb378c9dc263381c278e6?s=96&d=mm&r=g\",\"contentUrl\":\"https:\/\/secure.gravatar.com\/avatar\/b543b5e0f093efbab3dfee8595bf9077ed504ab48ffeb378c9dc263381c278e6?s=96&d=mm&r=g\",\"caption\":\"Carte buissonni\u00e8re\"},\"sameAs\":[\"http:\/\/lacartebuissonniere.fr\"],\"url\":\"https:\/\/lacartebuissonniere.fr\/index.php\/author\/carteb\/\"}]}<\/script>\n<!-- \/ Yoast SEO plugin. -->","yoast_head_json":{"title":"Sous le signe de la fraise - La carte buissonni\u00e8re","robots":{"index":"index","follow":"follow","max-snippet":"max-snippet:-1","max-image-preview":"max-image-preview:large","max-video-preview":"max-video-preview:-1"},"canonical":"https:\/\/lacartebuissonniere.fr\/index.php\/2023\/05\/30\/sous-le-signe-de-la-fraise\/","og_locale":"fr_FR","og_type":"article","og_title":"Sous le signe de la fraise - La carte buissonni\u00e8re","og_description":"Dans le calendrier r\u00e9publicain fran\u00e7ais, le 11e jour du mois de prairial, souvent notre 30 mai, \u00e9tait d\u00e9nomm\u00e9 jour de la fraise. Avec Les coucous de Matisse, un autre tableau a sa place toute trouv\u00e9e dans mon mus\u00e9e id\u00e9al\u00a0: Le panier de fraises de Chardin\u00a0: Au Salon de 1761, cette impeccable pyramide de fraises n\u2019avait [&hellip;]","og_url":"https:\/\/lacartebuissonniere.fr\/index.php\/2023\/05\/30\/sous-le-signe-de-la-fraise\/","og_site_name":"La carte buissonni\u00e8re","article_publisher":"https:\/\/www.facebook.com\/lacartebuissonniere\/","article_published_time":"2023-05-30T07:00:00+00:00","og_image":[{"url":"https:\/\/lacartebuissonniere.fr\/wp-content\/uploads\/2023\/05\/FC8D7F68-F32F-4C79-B9C1-ABE60B682165_1_201_a.jpeg","type":"","width":"","height":""}],"author":"Carte buissonni\u00e8re","twitter_card":"summary_large_image","twitter_misc":{"\u00c9crit par":"Carte buissonni\u00e8re","Dur\u00e9e de lecture estim\u00e9e":"3 minutes"},"schema":{"@context":"https:\/\/schema.org","@graph":[{"@type":"Article","@id":"https:\/\/lacartebuissonniere.fr\/index.php\/2023\/05\/30\/sous-le-signe-de-la-fraise\/#article","isPartOf":{"@id":"https:\/\/lacartebuissonniere.fr\/index.php\/2023\/05\/30\/sous-le-signe-de-la-fraise\/"},"author":{"name":"Carte buissonni\u00e8re","@id":"https:\/\/lacartebuissonniere.fr\/#\/schema\/person\/4e60af809837a2287e4f6d4daaf7abd4"},"headline":"Sous le signe de la fraise","datePublished":"2023-05-30T07:00:00+00:00","mainEntityOfPage":{"@id":"https:\/\/lacartebuissonniere.fr\/index.php\/2023\/05\/30\/sous-le-signe-de-la-fraise\/"},"wordCount":415,"commentCount":2,"publisher":{"@id":"https:\/\/lacartebuissonniere.fr\/#organization"},"image":{"@id":"https:\/\/lacartebuissonniere.fr\/index.php\/2023\/05\/30\/sous-le-signe-de-la-fraise\/#primaryimage"},"thumbnailUrl":"https:\/\/lacartebuissonniere.fr\/wp-content\/uploads\/2023\/05\/FC8D7F68-F32F-4C79-B9C1-ABE60B682165_1_201_a.jpeg","articleSection":["FL\u00c2NERIES","Fl\u00e2neries culturelles"],"inLanguage":"fr-FR","potentialAction":[{"@type":"CommentAction","name":"Comment","target":["https:\/\/lacartebuissonniere.fr\/index.php\/2023\/05\/30\/sous-le-signe-de-la-fraise\/#respond"]}]},{"@type":"WebPage","@id":"https:\/\/lacartebuissonniere.fr\/index.php\/2023\/05\/30\/sous-le-signe-de-la-fraise\/","url":"https:\/\/lacartebuissonniere.fr\/index.php\/2023\/05\/30\/sous-le-signe-de-la-fraise\/","name":"Sous le signe de la fraise - La carte buissonni\u00e8re","isPartOf":{"@id":"https:\/\/lacartebuissonniere.fr\/#website"},"primaryImageOfPage":{"@id":"https:\/\/lacartebuissonniere.fr\/index.php\/2023\/05\/30\/sous-le-signe-de-la-fraise\/#primaryimage"},"image":{"@id":"https:\/\/lacartebuissonniere.fr\/index.php\/2023\/05\/30\/sous-le-signe-de-la-fraise\/#primaryimage"},"thumbnailUrl":"https:\/\/lacartebuissonniere.fr\/wp-content\/uploads\/2023\/05\/FC8D7F68-F32F-4C79-B9C1-ABE60B682165_1_201_a.jpeg","datePublished":"2023-05-30T07:00:00+00:00","breadcrumb":{"@id":"https:\/\/lacartebuissonniere.fr\/index.php\/2023\/05\/30\/sous-le-signe-de-la-fraise\/#breadcrumb"},"inLanguage":"fr-FR","potentialAction":[{"@type":"ReadAction","target":["https:\/\/lacartebuissonniere.fr\/index.php\/2023\/05\/30\/sous-le-signe-de-la-fraise\/"]}]},{"@type":"ImageObject","inLanguage":"fr-FR","@id":"https:\/\/lacartebuissonniere.fr\/index.php\/2023\/05\/30\/sous-le-signe-de-la-fraise\/#primaryimage","url":"https:\/\/lacartebuissonniere.fr\/wp-content\/uploads\/2023\/05\/FC8D7F68-F32F-4C79-B9C1-ABE60B682165_1_201_a.jpeg","contentUrl":"https:\/\/lacartebuissonniere.fr\/wp-content\/uploads\/2023\/05\/FC8D7F68-F32F-4C79-B9C1-ABE60B682165_1_201_a.jpeg","width":591,"height":591},{"@type":"BreadcrumbList","@id":"https:\/\/lacartebuissonniere.fr\/index.php\/2023\/05\/30\/sous-le-signe-de-la-fraise\/#breadcrumb","itemListElement":[{"@type":"ListItem","position":1,"name":"Accueil","item":"https:\/\/lacartebuissonniere.fr\/"},{"@type":"ListItem","position":2,"name":"Sous le signe de la fraise"}]},{"@type":"WebSite","@id":"https:\/\/lacartebuissonniere.fr\/#website","url":"https:\/\/lacartebuissonniere.fr\/","name":"La carte buissonni\u00e8re","description":"","publisher":{"@id":"https:\/\/lacartebuissonniere.fr\/#organization"},"potentialAction":[{"@type":"SearchAction","target":{"@type":"EntryPoint","urlTemplate":"https:\/\/lacartebuissonniere.fr\/?s={search_term_string}"},"query-input":{"@type":"PropertyValueSpecification","valueRequired":true,"valueName":"search_term_string"}}],"inLanguage":"fr-FR"},{"@type":"Organization","@id":"https:\/\/lacartebuissonniere.fr\/#organization","name":"La carte buissonni\u00e8re","url":"https:\/\/lacartebuissonniere.fr\/","logo":{"@type":"ImageObject","inLanguage":"fr-FR","@id":"https:\/\/lacartebuissonniere.fr\/#\/schema\/logo\/image\/","url":"https:\/\/lacartebuissonniere.fr\/wp-content\/uploads\/2022\/12\/Illustration-sans-titre.jpg","contentUrl":"https:\/\/lacartebuissonniere.fr\/wp-content\/uploads\/2022\/12\/Illustration-sans-titre.jpg","width":637,"height":680,"caption":"La carte buissonni\u00e8re"},"image":{"@id":"https:\/\/lacartebuissonniere.fr\/#\/schema\/logo\/image\/"},"sameAs":["https:\/\/www.facebook.com\/lacartebuissonniere\/","https:\/\/www.pinterest.fr\/DelphChabanne\/"]},{"@type":"Person","@id":"https:\/\/lacartebuissonniere.fr\/#\/schema\/person\/4e60af809837a2287e4f6d4daaf7abd4","name":"Carte buissonni\u00e8re","image":{"@type":"ImageObject","inLanguage":"fr-FR","@id":"https:\/\/lacartebuissonniere.fr\/#\/schema\/person\/image\/","url":"https:\/\/secure.gravatar.com\/avatar\/b543b5e0f093efbab3dfee8595bf9077ed504ab48ffeb378c9dc263381c278e6?s=96&d=mm&r=g","contentUrl":"https:\/\/secure.gravatar.com\/avatar\/b543b5e0f093efbab3dfee8595bf9077ed504ab48ffeb378c9dc263381c278e6?s=96&d=mm&r=g","caption":"Carte buissonni\u00e8re"},"sameAs":["http:\/\/lacartebuissonniere.fr"],"url":"https:\/\/lacartebuissonniere.fr\/index.php\/author\/carteb\/"}]}},"_links":{"self":[{"href":"https:\/\/lacartebuissonniere.fr\/index.php\/wp-json\/wp\/v2\/posts\/3169","targetHints":{"allow":["GET"]}}],"collection":[{"href":"https:\/\/lacartebuissonniere.fr\/index.php\/wp-json\/wp\/v2\/posts"}],"about":[{"href":"https:\/\/lacartebuissonniere.fr\/index.php\/wp-json\/wp\/v2\/types\/post"}],"author":[{"embeddable":true,"href":"https:\/\/lacartebuissonniere.fr\/index.php\/wp-json\/wp\/v2\/users\/2"}],"replies":[{"embeddable":true,"href":"https:\/\/lacartebuissonniere.fr\/index.php\/wp-json\/wp\/v2\/comments?post=3169"}],"version-history":[{"count":1,"href":"https:\/\/lacartebuissonniere.fr\/index.php\/wp-json\/wp\/v2\/posts\/3169\/revisions"}],"predecessor-version":[{"id":3173,"href":"https:\/\/lacartebuissonniere.fr\/index.php\/wp-json\/wp\/v2\/posts\/3169\/revisions\/3173"}],"wp:attachment":[{"href":"https:\/\/lacartebuissonniere.fr\/index.php\/wp-json\/wp\/v2\/media?parent=3169"}],"wp:term":[{"taxonomy":"category","embeddable":true,"href":"https:\/\/lacartebuissonniere.fr\/index.php\/wp-json\/wp\/v2\/categories?post=3169"},{"taxonomy":"post_tag","embeddable":true,"href":"https:\/\/lacartebuissonniere.fr\/index.php\/wp-json\/wp\/v2\/tags?post=3169"}],"curies":[{"name":"wp","href":"https:\/\/api.w.org\/{rel}","templated":true}]}}