{"id":3434,"date":"2023-06-22T09:00:00","date_gmt":"2023-06-22T07:00:00","guid":{"rendered":"https:\/\/lacartebuissonniere.fr\/?p=3434"},"modified":"2023-06-10T08:36:02","modified_gmt":"2023-06-10T06:36:02","slug":"vert-comme-le-trefle","status":"publish","type":"post","link":"https:\/\/lacartebuissonniere.fr\/index.php\/2023\/06\/22\/vert-comme-le-trefle\/","title":{"rendered":"Vert comme le tr\u00e8fle !"},"content":{"rendered":"\n<p><\/p>\n\n\n\n<p>Pour les besoins d\u2019une commande, j\u2019ai test\u00e9 la peinture verte sur des feuilles de ginkgo.<\/p>\n\n\n\n<p>Une fois pass\u00e9e la premi\u00e8re couche, on per\u00e7oit encore le jaune initial, mais apr\u00e8s deux suppl\u00e9mentaires, on obtient un beau vert mat\u2026 et une manucure originale\u00a0!<\/p>\n\n\n\n<figure class=\"wp-block-gallery has-nested-images columns-default is-cropped wp-block-gallery-1 is-layout-flex wp-block-gallery-is-layout-flex\">\n<figure class=\"wp-block-image size-large\"><img loading=\"lazy\" decoding=\"async\" width=\"1024\" height=\"768\" data-id=\"3439\" src=\"https:\/\/lacartebuissonniere.fr\/wp-content\/uploads\/2023\/06\/22B05F12-7778-46F5-9C96-436128C45F98_1_105_c-1.jpeg\" alt=\"\" class=\"wp-image-3439\" srcset=\"https:\/\/lacartebuissonniere.fr\/wp-content\/uploads\/2023\/06\/22B05F12-7778-46F5-9C96-436128C45F98_1_105_c-1.jpeg 1024w, https:\/\/lacartebuissonniere.fr\/wp-content\/uploads\/2023\/06\/22B05F12-7778-46F5-9C96-436128C45F98_1_105_c-1-300x225.jpeg 300w, https:\/\/lacartebuissonniere.fr\/wp-content\/uploads\/2023\/06\/22B05F12-7778-46F5-9C96-436128C45F98_1_105_c-1-768x576.jpeg 768w, https:\/\/lacartebuissonniere.fr\/wp-content\/uploads\/2023\/06\/22B05F12-7778-46F5-9C96-436128C45F98_1_105_c-1-600x450.jpeg 600w\" sizes=\"auto, (max-width: 1024px) 100vw, 1024px\" \/><\/figure>\n\n\n\n<figure class=\"wp-block-image size-large\"><img decoding=\"async\" data-id=\"3438\" src=\"https:\/\/lacartebuissonniere.fr\/wp-content\/uploads\/2023\/06\/C59BBABC-7C6D-4A12-AF52-B878312A0AD2_1_105_c-1.jpeg\" alt=\"\" class=\"wp-image-3438\"\/><\/figure>\n<\/figure>\n\n\n\n<p><\/p>\n\n\n\n<p>Restait \u00e0 associer les ginkgos verts \u00e0 des motifs de tr\u00e8fles \u00e0 quatre feuilles\u00a0:<\/p>\n\n\n\n<figure class=\"wp-block-image size-full\"><img loading=\"lazy\" decoding=\"async\" width=\"1024\" height=\"768\" src=\"https:\/\/lacartebuissonniere.fr\/wp-content\/uploads\/2023\/06\/7E437580-3A74-4412-BC0D-0EE74770A94C_1_105_c.jpeg\" alt=\"\" class=\"wp-image-3437\" srcset=\"https:\/\/lacartebuissonniere.fr\/wp-content\/uploads\/2023\/06\/7E437580-3A74-4412-BC0D-0EE74770A94C_1_105_c.jpeg 1024w, https:\/\/lacartebuissonniere.fr\/wp-content\/uploads\/2023\/06\/7E437580-3A74-4412-BC0D-0EE74770A94C_1_105_c-300x225.jpeg 300w, https:\/\/lacartebuissonniere.fr\/wp-content\/uploads\/2023\/06\/7E437580-3A74-4412-BC0D-0EE74770A94C_1_105_c-768x576.jpeg 768w, https:\/\/lacartebuissonniere.fr\/wp-content\/uploads\/2023\/06\/7E437580-3A74-4412-BC0D-0EE74770A94C_1_105_c-600x450.jpeg 600w\" sizes=\"auto, (max-width: 1024px) 100vw, 1024px\" \/><\/figure>\n\n\n\n<p>Et \u00e0 souhaiter beaucoup de chance \u00e0 leurs destinataires&nbsp;!<\/p>\n","protected":false},"excerpt":{"rendered":"<p>Pour les besoins d\u2019une commande, j\u2019ai test\u00e9 la peinture verte sur des feuilles de ginkgo. Une fois pass\u00e9e la premi\u00e8re couche, on per\u00e7oit encore le jaune initial, mais apr\u00e8s deux suppl\u00e9mentaires, on obtient un beau vert mat\u2026 et une manucure originale\u00a0! Restait \u00e0 associer les ginkgos verts \u00e0 des motifs de tr\u00e8fles \u00e0 quatre feuilles\u00a0: [&hellip;]<\/p>\n","protected":false},"author":2,"featured_media":0,"comment_status":"open","ping_status":"open","sticky":false,"template":"","format":"standard","meta":{"two_page_speed":[],"footnotes":""},"categories":[15],"tags":[],"class_list":["post-3434","post","type-post","status-publish","format-standard","hentry","category-coulisses","entry"],"yoast_head":"<!-- This site is optimized with the Yoast SEO plugin v25.4 - https:\/\/yoast.com\/wordpress\/plugins\/seo\/ -->\n<title>Vert comme le tr\u00e8fle ! - La carte buissonni\u00e8re<\/title>\n<meta name=\"robots\" content=\"index, follow, max-snippet:-1, max-image-preview:large, max-video-preview:-1\" \/>\n<link rel=\"canonical\" href=\"https:\/\/lacartebuissonniere.fr\/index.php\/2023\/06\/22\/vert-comme-le-trefle\/\" \/>\n<meta property=\"og:locale\" content=\"fr_FR\" \/>\n<meta property=\"og:type\" content=\"article\" \/>\n<meta property=\"og:title\" content=\"Vert comme le tr\u00e8fle ! - La carte buissonni\u00e8re\" \/>\n<meta property=\"og:description\" content=\"Pour les besoins d\u2019une commande, j\u2019ai test\u00e9 la peinture verte sur des feuilles de ginkgo. Une fois pass\u00e9e la premi\u00e8re couche, on per\u00e7oit encore le jaune initial, mais apr\u00e8s deux suppl\u00e9mentaires, on obtient un beau vert mat\u2026 et une manucure originale\u00a0! Restait \u00e0 associer les ginkgos verts \u00e0 des motifs de tr\u00e8fles \u00e0 quatre feuilles\u00a0: [&hellip;]\" \/>\n<meta property=\"og:url\" content=\"https:\/\/lacartebuissonniere.fr\/index.php\/2023\/06\/22\/vert-comme-le-trefle\/\" \/>\n<meta property=\"og:site_name\" content=\"La carte buissonni\u00e8re\" \/>\n<meta property=\"article:publisher\" content=\"https:\/\/www.facebook.com\/lacartebuissonniere\/\" \/>\n<meta property=\"article:published_time\" content=\"2023-06-22T07:00:00+00:00\" \/>\n<meta property=\"og:image\" content=\"https:\/\/lacartebuissonniere.fr\/wp-content\/uploads\/2023\/06\/22B05F12-7778-46F5-9C96-436128C45F98_1_105_c-1.jpeg\" \/>\n<meta name=\"author\" content=\"Carte buissonni\u00e8re\" \/>\n<meta name=\"twitter:card\" content=\"summary_large_image\" \/>\n<meta name=\"twitter:label1\" content=\"\u00c9crit par\" \/>\n\t<meta name=\"twitter:data1\" content=\"Carte buissonni\u00e8re\" \/>\n\t<meta name=\"twitter:label2\" content=\"Dur\u00e9e de lecture estim\u00e9e\" \/>\n\t<meta name=\"twitter:data2\" content=\"1 minute\" \/>\n<script type=\"application\/ld+json\" class=\"yoast-schema-graph\">{\"@context\":\"https:\/\/schema.org\",\"@graph\":[{\"@type\":\"Article\",\"@id\":\"https:\/\/lacartebuissonniere.fr\/index.php\/2023\/06\/22\/vert-comme-le-trefle\/#article\",\"isPartOf\":{\"@id\":\"https:\/\/lacartebuissonniere.fr\/index.php\/2023\/06\/22\/vert-comme-le-trefle\/\"},\"author\":{\"name\":\"Carte buissonni\u00e8re\",\"@id\":\"https:\/\/lacartebuissonniere.fr\/#\/schema\/person\/4e60af809837a2287e4f6d4daaf7abd4\"},\"headline\":\"Vert comme le tr\u00e8fle !\",\"datePublished\":\"2023-06-22T07:00:00+00:00\",\"mainEntityOfPage\":{\"@id\":\"https:\/\/lacartebuissonniere.fr\/index.php\/2023\/06\/22\/vert-comme-le-trefle\/\"},\"wordCount\":73,\"commentCount\":0,\"publisher\":{\"@id\":\"https:\/\/lacartebuissonniere.fr\/#organization\"},\"image\":{\"@id\":\"https:\/\/lacartebuissonniere.fr\/index.php\/2023\/06\/22\/vert-comme-le-trefle\/#primaryimage\"},\"thumbnailUrl\":\"https:\/\/lacartebuissonniere.fr\/wp-content\/uploads\/2023\/06\/22B05F12-7778-46F5-9C96-436128C45F98_1_105_c-1.jpeg\",\"articleSection\":[\"COULISSES\"],\"inLanguage\":\"fr-FR\",\"potentialAction\":[{\"@type\":\"CommentAction\",\"name\":\"Comment\",\"target\":[\"https:\/\/lacartebuissonniere.fr\/index.php\/2023\/06\/22\/vert-comme-le-trefle\/#respond\"]}]},{\"@type\":\"WebPage\",\"@id\":\"https:\/\/lacartebuissonniere.fr\/index.php\/2023\/06\/22\/vert-comme-le-trefle\/\",\"url\":\"https:\/\/lacartebuissonniere.fr\/index.php\/2023\/06\/22\/vert-comme-le-trefle\/\",\"name\":\"Vert comme le tr\u00e8fle ! - La carte buissonni\u00e8re\",\"isPartOf\":{\"@id\":\"https:\/\/lacartebuissonniere.fr\/#website\"},\"primaryImageOfPage\":{\"@id\":\"https:\/\/lacartebuissonniere.fr\/index.php\/2023\/06\/22\/vert-comme-le-trefle\/#primaryimage\"},\"image\":{\"@id\":\"https:\/\/lacartebuissonniere.fr\/index.php\/2023\/06\/22\/vert-comme-le-trefle\/#primaryimage\"},\"thumbnailUrl\":\"https:\/\/lacartebuissonniere.fr\/wp-content\/uploads\/2023\/06\/22B05F12-7778-46F5-9C96-436128C45F98_1_105_c-1.jpeg\",\"datePublished\":\"2023-06-22T07:00:00+00:00\",\"breadcrumb\":{\"@id\":\"https:\/\/lacartebuissonniere.fr\/index.php\/2023\/06\/22\/vert-comme-le-trefle\/#breadcrumb\"},\"inLanguage\":\"fr-FR\",\"potentialAction\":[{\"@type\":\"ReadAction\",\"target\":[\"https:\/\/lacartebuissonniere.fr\/index.php\/2023\/06\/22\/vert-comme-le-trefle\/\"]}]},{\"@type\":\"ImageObject\",\"inLanguage\":\"fr-FR\",\"@id\":\"https:\/\/lacartebuissonniere.fr\/index.php\/2023\/06\/22\/vert-comme-le-trefle\/#primaryimage\",\"url\":\"https:\/\/lacartebuissonniere.fr\/wp-content\/uploads\/2023\/06\/22B05F12-7778-46F5-9C96-436128C45F98_1_105_c-1.jpeg\",\"contentUrl\":\"https:\/\/lacartebuissonniere.fr\/wp-content\/uploads\/2023\/06\/22B05F12-7778-46F5-9C96-436128C45F98_1_105_c-1.jpeg\",\"width\":1024,\"height\":768},{\"@type\":\"BreadcrumbList\",\"@id\":\"https:\/\/lacartebuissonniere.fr\/index.php\/2023\/06\/22\/vert-comme-le-trefle\/#breadcrumb\",\"itemListElement\":[{\"@type\":\"ListItem\",\"position\":1,\"name\":\"Accueil\",\"item\":\"https:\/\/lacartebuissonniere.fr\/\"},{\"@type\":\"ListItem\",\"position\":2,\"name\":\"Vert comme le tr\u00e8fle !\"}]},{\"@type\":\"WebSite\",\"@id\":\"https:\/\/lacartebuissonniere.fr\/#website\",\"url\":\"https:\/\/lacartebuissonniere.fr\/\",\"name\":\"La carte buissonni\u00e8re\",\"description\":\"\",\"publisher\":{\"@id\":\"https:\/\/lacartebuissonniere.fr\/#organization\"},\"potentialAction\":[{\"@type\":\"SearchAction\",\"target\":{\"@type\":\"EntryPoint\",\"urlTemplate\":\"https:\/\/lacartebuissonniere.fr\/?s={search_term_string}\"},\"query-input\":{\"@type\":\"PropertyValueSpecification\",\"valueRequired\":true,\"valueName\":\"search_term_string\"}}],\"inLanguage\":\"fr-FR\"},{\"@type\":\"Organization\",\"@id\":\"https:\/\/lacartebuissonniere.fr\/#organization\",\"name\":\"La carte buissonni\u00e8re\",\"url\":\"https:\/\/lacartebuissonniere.fr\/\",\"logo\":{\"@type\":\"ImageObject\",\"inLanguage\":\"fr-FR\",\"@id\":\"https:\/\/lacartebuissonniere.fr\/#\/schema\/logo\/image\/\",\"url\":\"https:\/\/lacartebuissonniere.fr\/wp-content\/uploads\/2022\/12\/Illustration-sans-titre.jpg\",\"contentUrl\":\"https:\/\/lacartebuissonniere.fr\/wp-content\/uploads\/2022\/12\/Illustration-sans-titre.jpg\",\"width\":637,\"height\":680,\"caption\":\"La carte buissonni\u00e8re\"},\"image\":{\"@id\":\"https:\/\/lacartebuissonniere.fr\/#\/schema\/logo\/image\/\"},\"sameAs\":[\"https:\/\/www.facebook.com\/lacartebuissonniere\/\",\"https:\/\/www.pinterest.fr\/DelphChabanne\/\"]},{\"@type\":\"Person\",\"@id\":\"https:\/\/lacartebuissonniere.fr\/#\/schema\/person\/4e60af809837a2287e4f6d4daaf7abd4\",\"name\":\"Carte buissonni\u00e8re\",\"image\":{\"@type\":\"ImageObject\",\"inLanguage\":\"fr-FR\",\"@id\":\"https:\/\/lacartebuissonniere.fr\/#\/schema\/person\/image\/\",\"url\":\"https:\/\/secure.gravatar.com\/avatar\/b543b5e0f093efbab3dfee8595bf9077ed504ab48ffeb378c9dc263381c278e6?s=96&d=mm&r=g\",\"contentUrl\":\"https:\/\/secure.gravatar.com\/avatar\/b543b5e0f093efbab3dfee8595bf9077ed504ab48ffeb378c9dc263381c278e6?s=96&d=mm&r=g\",\"caption\":\"Carte buissonni\u00e8re\"},\"sameAs\":[\"http:\/\/lacartebuissonniere.fr\"],\"url\":\"https:\/\/lacartebuissonniere.fr\/index.php\/author\/carteb\/\"}]}<\/script>\n<!-- \/ Yoast SEO plugin. -->","yoast_head_json":{"title":"Vert comme le tr\u00e8fle ! - La carte buissonni\u00e8re","robots":{"index":"index","follow":"follow","max-snippet":"max-snippet:-1","max-image-preview":"max-image-preview:large","max-video-preview":"max-video-preview:-1"},"canonical":"https:\/\/lacartebuissonniere.fr\/index.php\/2023\/06\/22\/vert-comme-le-trefle\/","og_locale":"fr_FR","og_type":"article","og_title":"Vert comme le tr\u00e8fle ! - La carte buissonni\u00e8re","og_description":"Pour les besoins d\u2019une commande, j\u2019ai test\u00e9 la peinture verte sur des feuilles de ginkgo. Une fois pass\u00e9e la premi\u00e8re couche, on per\u00e7oit encore le jaune initial, mais apr\u00e8s deux suppl\u00e9mentaires, on obtient un beau vert mat\u2026 et une manucure originale\u00a0! Restait \u00e0 associer les ginkgos verts \u00e0 des motifs de tr\u00e8fles \u00e0 quatre feuilles\u00a0: [&hellip;]","og_url":"https:\/\/lacartebuissonniere.fr\/index.php\/2023\/06\/22\/vert-comme-le-trefle\/","og_site_name":"La carte buissonni\u00e8re","article_publisher":"https:\/\/www.facebook.com\/lacartebuissonniere\/","article_published_time":"2023-06-22T07:00:00+00:00","og_image":[{"url":"https:\/\/lacartebuissonniere.fr\/wp-content\/uploads\/2023\/06\/22B05F12-7778-46F5-9C96-436128C45F98_1_105_c-1.jpeg","type":"","width":"","height":""}],"author":"Carte buissonni\u00e8re","twitter_card":"summary_large_image","twitter_misc":{"\u00c9crit par":"Carte buissonni\u00e8re","Dur\u00e9e de lecture estim\u00e9e":"1 minute"},"schema":{"@context":"https:\/\/schema.org","@graph":[{"@type":"Article","@id":"https:\/\/lacartebuissonniere.fr\/index.php\/2023\/06\/22\/vert-comme-le-trefle\/#article","isPartOf":{"@id":"https:\/\/lacartebuissonniere.fr\/index.php\/2023\/06\/22\/vert-comme-le-trefle\/"},"author":{"name":"Carte buissonni\u00e8re","@id":"https:\/\/lacartebuissonniere.fr\/#\/schema\/person\/4e60af809837a2287e4f6d4daaf7abd4"},"headline":"Vert comme le tr\u00e8fle !","datePublished":"2023-06-22T07:00:00+00:00","mainEntityOfPage":{"@id":"https:\/\/lacartebuissonniere.fr\/index.php\/2023\/06\/22\/vert-comme-le-trefle\/"},"wordCount":73,"commentCount":0,"publisher":{"@id":"https:\/\/lacartebuissonniere.fr\/#organization"},"image":{"@id":"https:\/\/lacartebuissonniere.fr\/index.php\/2023\/06\/22\/vert-comme-le-trefle\/#primaryimage"},"thumbnailUrl":"https:\/\/lacartebuissonniere.fr\/wp-content\/uploads\/2023\/06\/22B05F12-7778-46F5-9C96-436128C45F98_1_105_c-1.jpeg","articleSection":["COULISSES"],"inLanguage":"fr-FR","potentialAction":[{"@type":"CommentAction","name":"Comment","target":["https:\/\/lacartebuissonniere.fr\/index.php\/2023\/06\/22\/vert-comme-le-trefle\/#respond"]}]},{"@type":"WebPage","@id":"https:\/\/lacartebuissonniere.fr\/index.php\/2023\/06\/22\/vert-comme-le-trefle\/","url":"https:\/\/lacartebuissonniere.fr\/index.php\/2023\/06\/22\/vert-comme-le-trefle\/","name":"Vert comme le tr\u00e8fle ! - La carte buissonni\u00e8re","isPartOf":{"@id":"https:\/\/lacartebuissonniere.fr\/#website"},"primaryImageOfPage":{"@id":"https:\/\/lacartebuissonniere.fr\/index.php\/2023\/06\/22\/vert-comme-le-trefle\/#primaryimage"},"image":{"@id":"https:\/\/lacartebuissonniere.fr\/index.php\/2023\/06\/22\/vert-comme-le-trefle\/#primaryimage"},"thumbnailUrl":"https:\/\/lacartebuissonniere.fr\/wp-content\/uploads\/2023\/06\/22B05F12-7778-46F5-9C96-436128C45F98_1_105_c-1.jpeg","datePublished":"2023-06-22T07:00:00+00:00","breadcrumb":{"@id":"https:\/\/lacartebuissonniere.fr\/index.php\/2023\/06\/22\/vert-comme-le-trefle\/#breadcrumb"},"inLanguage":"fr-FR","potentialAction":[{"@type":"ReadAction","target":["https:\/\/lacartebuissonniere.fr\/index.php\/2023\/06\/22\/vert-comme-le-trefle\/"]}]},{"@type":"ImageObject","inLanguage":"fr-FR","@id":"https:\/\/lacartebuissonniere.fr\/index.php\/2023\/06\/22\/vert-comme-le-trefle\/#primaryimage","url":"https:\/\/lacartebuissonniere.fr\/wp-content\/uploads\/2023\/06\/22B05F12-7778-46F5-9C96-436128C45F98_1_105_c-1.jpeg","contentUrl":"https:\/\/lacartebuissonniere.fr\/wp-content\/uploads\/2023\/06\/22B05F12-7778-46F5-9C96-436128C45F98_1_105_c-1.jpeg","width":1024,"height":768},{"@type":"BreadcrumbList","@id":"https:\/\/lacartebuissonniere.fr\/index.php\/2023\/06\/22\/vert-comme-le-trefle\/#breadcrumb","itemListElement":[{"@type":"ListItem","position":1,"name":"Accueil","item":"https:\/\/lacartebuissonniere.fr\/"},{"@type":"ListItem","position":2,"name":"Vert comme le tr\u00e8fle !"}]},{"@type":"WebSite","@id":"https:\/\/lacartebuissonniere.fr\/#website","url":"https:\/\/lacartebuissonniere.fr\/","name":"La carte buissonni\u00e8re","description":"","publisher":{"@id":"https:\/\/lacartebuissonniere.fr\/#organization"},"potentialAction":[{"@type":"SearchAction","target":{"@type":"EntryPoint","urlTemplate":"https:\/\/lacartebuissonniere.fr\/?s={search_term_string}"},"query-input":{"@type":"PropertyValueSpecification","valueRequired":true,"valueName":"search_term_string"}}],"inLanguage":"fr-FR"},{"@type":"Organization","@id":"https:\/\/lacartebuissonniere.fr\/#organization","name":"La carte buissonni\u00e8re","url":"https:\/\/lacartebuissonniere.fr\/","logo":{"@type":"ImageObject","inLanguage":"fr-FR","@id":"https:\/\/lacartebuissonniere.fr\/#\/schema\/logo\/image\/","url":"https:\/\/lacartebuissonniere.fr\/wp-content\/uploads\/2022\/12\/Illustration-sans-titre.jpg","contentUrl":"https:\/\/lacartebuissonniere.fr\/wp-content\/uploads\/2022\/12\/Illustration-sans-titre.jpg","width":637,"height":680,"caption":"La carte buissonni\u00e8re"},"image":{"@id":"https:\/\/lacartebuissonniere.fr\/#\/schema\/logo\/image\/"},"sameAs":["https:\/\/www.facebook.com\/lacartebuissonniere\/","https:\/\/www.pinterest.fr\/DelphChabanne\/"]},{"@type":"Person","@id":"https:\/\/lacartebuissonniere.fr\/#\/schema\/person\/4e60af809837a2287e4f6d4daaf7abd4","name":"Carte buissonni\u00e8re","image":{"@type":"ImageObject","inLanguage":"fr-FR","@id":"https:\/\/lacartebuissonniere.fr\/#\/schema\/person\/image\/","url":"https:\/\/secure.gravatar.com\/avatar\/b543b5e0f093efbab3dfee8595bf9077ed504ab48ffeb378c9dc263381c278e6?s=96&d=mm&r=g","contentUrl":"https:\/\/secure.gravatar.com\/avatar\/b543b5e0f093efbab3dfee8595bf9077ed504ab48ffeb378c9dc263381c278e6?s=96&d=mm&r=g","caption":"Carte buissonni\u00e8re"},"sameAs":["http:\/\/lacartebuissonniere.fr"],"url":"https:\/\/lacartebuissonniere.fr\/index.php\/author\/carteb\/"}]}},"_links":{"self":[{"href":"https:\/\/lacartebuissonniere.fr\/index.php\/wp-json\/wp\/v2\/posts\/3434","targetHints":{"allow":["GET"]}}],"collection":[{"href":"https:\/\/lacartebuissonniere.fr\/index.php\/wp-json\/wp\/v2\/posts"}],"about":[{"href":"https:\/\/lacartebuissonniere.fr\/index.php\/wp-json\/wp\/v2\/types\/post"}],"author":[{"embeddable":true,"href":"https:\/\/lacartebuissonniere.fr\/index.php\/wp-json\/wp\/v2\/users\/2"}],"replies":[{"embeddable":true,"href":"https:\/\/lacartebuissonniere.fr\/index.php\/wp-json\/wp\/v2\/comments?post=3434"}],"version-history":[{"count":1,"href":"https:\/\/lacartebuissonniere.fr\/index.php\/wp-json\/wp\/v2\/posts\/3434\/revisions"}],"predecessor-version":[{"id":3440,"href":"https:\/\/lacartebuissonniere.fr\/index.php\/wp-json\/wp\/v2\/posts\/3434\/revisions\/3440"}],"wp:attachment":[{"href":"https:\/\/lacartebuissonniere.fr\/index.php\/wp-json\/wp\/v2\/media?parent=3434"}],"wp:term":[{"taxonomy":"category","embeddable":true,"href":"https:\/\/lacartebuissonniere.fr\/index.php\/wp-json\/wp\/v2\/categories?post=3434"},{"taxonomy":"post_tag","embeddable":true,"href":"https:\/\/lacartebuissonniere.fr\/index.php\/wp-json\/wp\/v2\/tags?post=3434"}],"curies":[{"name":"wp","href":"https:\/\/api.w.org\/{rel}","templated":true}]}}