{"id":3632,"date":"2023-07-27T09:00:00","date_gmt":"2023-07-27T07:00:00","guid":{"rendered":"https:\/\/lacartebuissonniere.fr\/?p=3632"},"modified":"2023-07-08T12:29:59","modified_gmt":"2023-07-08T10:29:59","slug":"sous-le-signe-de-la-mure","status":"publish","type":"post","link":"https:\/\/lacartebuissonniere.fr\/index.php\/2023\/07\/27\/sous-le-signe-de-la-mure\/","title":{"rendered":"Sous le signe de la m\u00fbre"},"content":{"rendered":"\n<p><\/p>\n\n\n\n<p>Dans le calendrier r\u00e9publicain fran\u00e7ais, le 9<sup>e<\/sup> jour du mois de thermidor, souvent notre 27 juillet, \u00e9tait d\u00e9nomm\u00e9 jour de la m\u00fbre.<\/p>\n\n\n\n<figure class=\"wp-block-image size-full\"><img loading=\"lazy\" decoding=\"async\" width=\"851\" height=\"573\" src=\"https:\/\/lacartebuissonniere.fr\/wp-content\/uploads\/2023\/07\/9C681E66-6E90-4F91-8647-ADDA52355CEE_1_201_a.jpeg\" alt=\"\" class=\"wp-image-3633\" srcset=\"https:\/\/lacartebuissonniere.fr\/wp-content\/uploads\/2023\/07\/9C681E66-6E90-4F91-8647-ADDA52355CEE_1_201_a.jpeg 851w, https:\/\/lacartebuissonniere.fr\/wp-content\/uploads\/2023\/07\/9C681E66-6E90-4F91-8647-ADDA52355CEE_1_201_a-300x202.jpeg 300w, https:\/\/lacartebuissonniere.fr\/wp-content\/uploads\/2023\/07\/9C681E66-6E90-4F91-8647-ADDA52355CEE_1_201_a-768x517.jpeg 768w, https:\/\/lacartebuissonniere.fr\/wp-content\/uploads\/2023\/07\/9C681E66-6E90-4F91-8647-ADDA52355CEE_1_201_a-600x404.jpeg 600w\" sizes=\"auto, (max-width: 851px) 100vw, 851px\" \/><\/figure>\n\n\n\n<p><\/p>\n\n\n\n<p>Ovide nous apprend l\u2019origine de sa couleur sombre, comme il explique la naissance de <a href=\"https:\/\/lacartebuissonniere.fr\/index.php\/2023\/04\/16\/sous-le-signe-de-lanemone\/\" target=\"_blank\" rel=\"noreferrer noopener\">l\u2019an\u00e9mone<\/a> ou de <a href=\"https:\/\/lacartebuissonniere.fr\/index.php\/2023\/04\/28\/sous-le-signe-de-lhyacinthe\/\" target=\"_blank\" rel=\"noreferrer noopener\">l\u2019hyacinthe<\/a>.<\/p>\n\n\n\n<p>Dans le chapitre IV des <em>M\u00e9tamorphoses<\/em>, il narre les amours de Pyrame et Thisb\u00e9.<\/p>\n\n\n\n<p>Ces jeunes Babyloniens, habitant des maisons contigu\u00ebs, \u00e9taient passionn\u00e9ment \u00e9pris l\u2019un de l\u2019autre, mais leurs p\u00e8res s\u2019opposaient \u00e0 leur mariage. Cette trame sera \u00e9galement celle de <em>Rom\u00e9o et Juliette<\/em>, avec un destin tout aussi tragique\u2026<\/p>\n\n\n\n<p>Dans un premier temps, les amants profitent d\u2019une fissure dans le mur de leurs maisons pour se parler, comme on les voit, en haut, sur cette belle enluminure du XIII<sup>e<\/sup> si\u00e8cle\u00a0:<\/p>\n\n\n<div class=\"wp-block-image\">\n<figure class=\"aligncenter size-full\"><img loading=\"lazy\" decoding=\"async\" width=\"481\" height=\"714\" src=\"https:\/\/lacartebuissonniere.fr\/wp-content\/uploads\/2023\/07\/BCAD7A2F-D69E-4AC6-AB90-7528467D7CCE_1_201_a.jpeg\" alt=\"\" class=\"wp-image-3635\" srcset=\"https:\/\/lacartebuissonniere.fr\/wp-content\/uploads\/2023\/07\/BCAD7A2F-D69E-4AC6-AB90-7528467D7CCE_1_201_a.jpeg 481w, https:\/\/lacartebuissonniere.fr\/wp-content\/uploads\/2023\/07\/BCAD7A2F-D69E-4AC6-AB90-7528467D7CCE_1_201_a-202x300.jpeg 202w, https:\/\/lacartebuissonniere.fr\/wp-content\/uploads\/2023\/07\/BCAD7A2F-D69E-4AC6-AB90-7528467D7CCE_1_201_a-404x600.jpeg 404w\" sizes=\"auto, (max-width: 481px) 100vw, 481px\" \/><\/figure>\n<\/div>\n\n\n<p><\/p>\n\n\n\n<p>Puis ils d\u00e9cident de s\u2019enfuir et se donnent rendez-vous sous un haut m\u00fbrier charg\u00e9 de fruits blancs comme la neige (\u00ab&nbsp;arbor ibi niueis uberrima pomis, \/ ardua morus&nbsp;\u00bb).<\/p>\n\n\n\n<p>Il s\u2019ensuit un terrible quiproquo. Thisb\u00e9 arrive la premi\u00e8re et aper\u00e7oit une lionne la gueule ensanglant\u00e9e de son dernier repas. En s\u2019enfuyant, elle laisse choir le voile qui couvrait ses \u00e9paules.<\/p>\n\n\n\n<p>Quand Pyrame parvient au lieu-dit, il trouve le voile tach\u00e9 de sang. Persuad\u00e9 de la mort de sa bien-aim\u00e9e, il plonge son arme dans son sein, arrosant de pourpre les fruits du m\u00fbrier (\u00ab\u00a0purpureo tinguit pendentia mora colore\u00a0\u00bb).<\/p>\n\n\n\n<figure class=\"wp-block-image size-full\"><img loading=\"lazy\" decoding=\"async\" width=\"1024\" height=\"768\" src=\"https:\/\/lacartebuissonniere.fr\/wp-content\/uploads\/2023\/07\/9B50C25F-4B14-454B-AE32-ED662FE3AC12_1_105_c.jpeg\" alt=\"\" class=\"wp-image-3636\" srcset=\"https:\/\/lacartebuissonniere.fr\/wp-content\/uploads\/2023\/07\/9B50C25F-4B14-454B-AE32-ED662FE3AC12_1_105_c.jpeg 1024w, https:\/\/lacartebuissonniere.fr\/wp-content\/uploads\/2023\/07\/9B50C25F-4B14-454B-AE32-ED662FE3AC12_1_105_c-300x225.jpeg 300w, https:\/\/lacartebuissonniere.fr\/wp-content\/uploads\/2023\/07\/9B50C25F-4B14-454B-AE32-ED662FE3AC12_1_105_c-768x576.jpeg 768w, https:\/\/lacartebuissonniere.fr\/wp-content\/uploads\/2023\/07\/9B50C25F-4B14-454B-AE32-ED662FE3AC12_1_105_c-600x450.jpeg 600w\" sizes=\"auto, (max-width: 1024px) 100vw, 1024px\" \/><figcaption class=\"wp-element-caption\">Mosa\u00efque romaine \u00e0 Paphos (Chypre) &#8211; \u00a9 G\u00e9rard Janot, <a href=\"http:\/\/creativecommons.org\/licenses\/by-sa\/3.0\/\" target=\"_blank\" rel=\"noreferrer noopener\">CC BY-SA 3.0<\/a><\/figcaption><\/figure>\n\n\n\n<p><\/p>\n\n\n\n<p>Lorsque Thisb\u00e9 revient sur ses pas, elle saisit l\u2019arme et se tue \u00e0 son tour, apr\u00e8s avoir implor\u00e9 le m\u00fbrier d\u2019abriter leurs corps et de conserver la marque de leur terrible destin en portant toujours des fruits t\u00e9moignages d\u2019un double et sanglant sacrifice (\u00ab\u00a0gemini monimenta cruoris\u00a0\u00bb). C&rsquo;est ce moment que saisit Pierre-Claude Gautherot dans une toile datant de 1799 :<\/p>\n\n\n\n<figure class=\"wp-block-image size-large\"><img loading=\"lazy\" decoding=\"async\" width=\"1024\" height=\"790\" src=\"https:\/\/lacartebuissonniere.fr\/wp-content\/uploads\/2023\/07\/Pierre_Gautherot_-_Pyramus_and_Thisbe_1799-1024x790.jpg\" alt=\"\" class=\"wp-image-3637\" srcset=\"https:\/\/lacartebuissonniere.fr\/wp-content\/uploads\/2023\/07\/Pierre_Gautherot_-_Pyramus_and_Thisbe_1799-1024x790.jpg 1024w, https:\/\/lacartebuissonniere.fr\/wp-content\/uploads\/2023\/07\/Pierre_Gautherot_-_Pyramus_and_Thisbe_1799-300x232.jpg 300w, https:\/\/lacartebuissonniere.fr\/wp-content\/uploads\/2023\/07\/Pierre_Gautherot_-_Pyramus_and_Thisbe_1799-768x593.jpg 768w, https:\/\/lacartebuissonniere.fr\/wp-content\/uploads\/2023\/07\/Pierre_Gautherot_-_Pyramus_and_Thisbe_1799-600x463.jpg 600w, https:\/\/lacartebuissonniere.fr\/wp-content\/uploads\/2023\/07\/Pierre_Gautherot_-_Pyramus_and_Thisbe_1799.jpg 1280w\" sizes=\"auto, (max-width: 1024px) 100vw, 1024px\" \/><\/figure>\n\n\n\n<p><\/p>\n\n\n\n<p>Ovide excelle \u00e0 sceller le destin funeste d\u2019amants contrari\u00e9s dont le sang colore \u00e0 jamais fleurs ou fruits.<\/p>\n\n\n\n<p>Pour autant, la m\u00fbre demeure avant tout pour moi ce fruit que j\u2019ai plaisir \u00e0 cueillir \u00e0 m\u00eame le roncier, \u00e0 d\u00e9guster en confiture et \u00e0 illustrer en carte buissonni\u00e8re&nbsp;!<\/p>\n\n\n\n<figure class=\"wp-block-image size-large\"><img loading=\"lazy\" decoding=\"async\" width=\"773\" height=\"1024\" src=\"https:\/\/lacartebuissonniere.fr\/wp-content\/uploads\/2023\/07\/IMG_7324-773x1024.jpeg\" alt=\"\" class=\"wp-image-3639\" srcset=\"https:\/\/lacartebuissonniere.fr\/wp-content\/uploads\/2023\/07\/IMG_7324-773x1024.jpeg 773w, https:\/\/lacartebuissonniere.fr\/wp-content\/uploads\/2023\/07\/IMG_7324-227x300.jpeg 227w, https:\/\/lacartebuissonniere.fr\/wp-content\/uploads\/2023\/07\/IMG_7324-768x1017.jpeg 768w, https:\/\/lacartebuissonniere.fr\/wp-content\/uploads\/2023\/07\/IMG_7324-1160x1536.jpeg 1160w, https:\/\/lacartebuissonniere.fr\/wp-content\/uploads\/2023\/07\/IMG_7324-1546x2048.jpeg 1546w, https:\/\/lacartebuissonniere.fr\/wp-content\/uploads\/2023\/07\/IMG_7324-453x600.jpeg 453w, https:\/\/lacartebuissonniere.fr\/wp-content\/uploads\/2023\/07\/IMG_7324-scaled.jpeg 1933w\" sizes=\"auto, (max-width: 773px) 100vw, 773px\" \/><\/figure>\n","protected":false},"excerpt":{"rendered":"<p>Dans le calendrier r\u00e9publicain fran\u00e7ais, le 9e jour du mois de thermidor, souvent notre 27 juillet, \u00e9tait d\u00e9nomm\u00e9 jour de la m\u00fbre. Ovide nous apprend l\u2019origine de sa couleur sombre, comme il explique la naissance de l\u2019an\u00e9mone ou de l\u2019hyacinthe. Dans le chapitre IV des M\u00e9tamorphoses, il narre les amours de Pyrame et Thisb\u00e9. Ces [&hellip;]<\/p>\n","protected":false},"author":2,"featured_media":0,"comment_status":"open","ping_status":"open","sticky":false,"template":"","format":"standard","meta":{"two_page_speed":[],"footnotes":""},"categories":[16,18],"tags":[],"class_list":["post-3632","post","type-post","status-publish","format-standard","hentry","category-flaneries","category-flaneries-culturelles","entry"],"yoast_head":"<!-- This site is optimized with the Yoast SEO plugin v25.4 - https:\/\/yoast.com\/wordpress\/plugins\/seo\/ -->\n<title>Sous le signe de la m\u00fbre - La carte buissonni\u00e8re<\/title>\n<meta name=\"robots\" content=\"index, follow, max-snippet:-1, max-image-preview:large, max-video-preview:-1\" \/>\n<link rel=\"canonical\" href=\"https:\/\/lacartebuissonniere.fr\/index.php\/2023\/07\/27\/sous-le-signe-de-la-mure\/\" \/>\n<meta property=\"og:locale\" content=\"fr_FR\" \/>\n<meta property=\"og:type\" content=\"article\" \/>\n<meta property=\"og:title\" content=\"Sous le signe de la m\u00fbre - La carte buissonni\u00e8re\" \/>\n<meta property=\"og:description\" content=\"Dans le calendrier r\u00e9publicain fran\u00e7ais, le 9e jour du mois de thermidor, souvent notre 27 juillet, \u00e9tait d\u00e9nomm\u00e9 jour de la m\u00fbre. Ovide nous apprend l\u2019origine de sa couleur sombre, comme il explique la naissance de l\u2019an\u00e9mone ou de l\u2019hyacinthe. Dans le chapitre IV des M\u00e9tamorphoses, il narre les amours de Pyrame et Thisb\u00e9. Ces [&hellip;]\" \/>\n<meta property=\"og:url\" content=\"https:\/\/lacartebuissonniere.fr\/index.php\/2023\/07\/27\/sous-le-signe-de-la-mure\/\" \/>\n<meta property=\"og:site_name\" content=\"La carte buissonni\u00e8re\" \/>\n<meta property=\"article:publisher\" content=\"https:\/\/www.facebook.com\/lacartebuissonniere\/\" \/>\n<meta property=\"article:published_time\" content=\"2023-07-27T07:00:00+00:00\" \/>\n<meta property=\"og:image\" content=\"https:\/\/lacartebuissonniere.fr\/wp-content\/uploads\/2023\/07\/9C681E66-6E90-4F91-8647-ADDA52355CEE_1_201_a.jpeg\" \/>\n<meta name=\"author\" content=\"Carte buissonni\u00e8re\" \/>\n<meta name=\"twitter:card\" content=\"summary_large_image\" \/>\n<meta name=\"twitter:label1\" content=\"\u00c9crit par\" \/>\n\t<meta name=\"twitter:data1\" content=\"Carte buissonni\u00e8re\" \/>\n\t<meta name=\"twitter:label2\" content=\"Dur\u00e9e de lecture estim\u00e9e\" \/>\n\t<meta name=\"twitter:data2\" content=\"3 minutes\" \/>\n<script type=\"application\/ld+json\" class=\"yoast-schema-graph\">{\"@context\":\"https:\/\/schema.org\",\"@graph\":[{\"@type\":\"Article\",\"@id\":\"https:\/\/lacartebuissonniere.fr\/index.php\/2023\/07\/27\/sous-le-signe-de-la-mure\/#article\",\"isPartOf\":{\"@id\":\"https:\/\/lacartebuissonniere.fr\/index.php\/2023\/07\/27\/sous-le-signe-de-la-mure\/\"},\"author\":{\"name\":\"Carte buissonni\u00e8re\",\"@id\":\"https:\/\/lacartebuissonniere.fr\/#\/schema\/person\/4e60af809837a2287e4f6d4daaf7abd4\"},\"headline\":\"Sous le signe de la m\u00fbre\",\"datePublished\":\"2023-07-27T07:00:00+00:00\",\"mainEntityOfPage\":{\"@id\":\"https:\/\/lacartebuissonniere.fr\/index.php\/2023\/07\/27\/sous-le-signe-de-la-mure\/\"},\"wordCount\":375,\"commentCount\":1,\"publisher\":{\"@id\":\"https:\/\/lacartebuissonniere.fr\/#organization\"},\"image\":{\"@id\":\"https:\/\/lacartebuissonniere.fr\/index.php\/2023\/07\/27\/sous-le-signe-de-la-mure\/#primaryimage\"},\"thumbnailUrl\":\"https:\/\/lacartebuissonniere.fr\/wp-content\/uploads\/2023\/07\/9C681E66-6E90-4F91-8647-ADDA52355CEE_1_201_a.jpeg\",\"articleSection\":[\"FL\u00c2NERIES\",\"Fl\u00e2neries culturelles\"],\"inLanguage\":\"fr-FR\",\"potentialAction\":[{\"@type\":\"CommentAction\",\"name\":\"Comment\",\"target\":[\"https:\/\/lacartebuissonniere.fr\/index.php\/2023\/07\/27\/sous-le-signe-de-la-mure\/#respond\"]}]},{\"@type\":\"WebPage\",\"@id\":\"https:\/\/lacartebuissonniere.fr\/index.php\/2023\/07\/27\/sous-le-signe-de-la-mure\/\",\"url\":\"https:\/\/lacartebuissonniere.fr\/index.php\/2023\/07\/27\/sous-le-signe-de-la-mure\/\",\"name\":\"Sous le signe de la m\u00fbre - La carte buissonni\u00e8re\",\"isPartOf\":{\"@id\":\"https:\/\/lacartebuissonniere.fr\/#website\"},\"primaryImageOfPage\":{\"@id\":\"https:\/\/lacartebuissonniere.fr\/index.php\/2023\/07\/27\/sous-le-signe-de-la-mure\/#primaryimage\"},\"image\":{\"@id\":\"https:\/\/lacartebuissonniere.fr\/index.php\/2023\/07\/27\/sous-le-signe-de-la-mure\/#primaryimage\"},\"thumbnailUrl\":\"https:\/\/lacartebuissonniere.fr\/wp-content\/uploads\/2023\/07\/9C681E66-6E90-4F91-8647-ADDA52355CEE_1_201_a.jpeg\",\"datePublished\":\"2023-07-27T07:00:00+00:00\",\"breadcrumb\":{\"@id\":\"https:\/\/lacartebuissonniere.fr\/index.php\/2023\/07\/27\/sous-le-signe-de-la-mure\/#breadcrumb\"},\"inLanguage\":\"fr-FR\",\"potentialAction\":[{\"@type\":\"ReadAction\",\"target\":[\"https:\/\/lacartebuissonniere.fr\/index.php\/2023\/07\/27\/sous-le-signe-de-la-mure\/\"]}]},{\"@type\":\"ImageObject\",\"inLanguage\":\"fr-FR\",\"@id\":\"https:\/\/lacartebuissonniere.fr\/index.php\/2023\/07\/27\/sous-le-signe-de-la-mure\/#primaryimage\",\"url\":\"https:\/\/lacartebuissonniere.fr\/wp-content\/uploads\/2023\/07\/9C681E66-6E90-4F91-8647-ADDA52355CEE_1_201_a.jpeg\",\"contentUrl\":\"https:\/\/lacartebuissonniere.fr\/wp-content\/uploads\/2023\/07\/9C681E66-6E90-4F91-8647-ADDA52355CEE_1_201_a.jpeg\",\"width\":851,\"height\":573},{\"@type\":\"BreadcrumbList\",\"@id\":\"https:\/\/lacartebuissonniere.fr\/index.php\/2023\/07\/27\/sous-le-signe-de-la-mure\/#breadcrumb\",\"itemListElement\":[{\"@type\":\"ListItem\",\"position\":1,\"name\":\"Accueil\",\"item\":\"https:\/\/lacartebuissonniere.fr\/\"},{\"@type\":\"ListItem\",\"position\":2,\"name\":\"Sous le signe de la m\u00fbre\"}]},{\"@type\":\"WebSite\",\"@id\":\"https:\/\/lacartebuissonniere.fr\/#website\",\"url\":\"https:\/\/lacartebuissonniere.fr\/\",\"name\":\"La carte buissonni\u00e8re\",\"description\":\"\",\"publisher\":{\"@id\":\"https:\/\/lacartebuissonniere.fr\/#organization\"},\"potentialAction\":[{\"@type\":\"SearchAction\",\"target\":{\"@type\":\"EntryPoint\",\"urlTemplate\":\"https:\/\/lacartebuissonniere.fr\/?s={search_term_string}\"},\"query-input\":{\"@type\":\"PropertyValueSpecification\",\"valueRequired\":true,\"valueName\":\"search_term_string\"}}],\"inLanguage\":\"fr-FR\"},{\"@type\":\"Organization\",\"@id\":\"https:\/\/lacartebuissonniere.fr\/#organization\",\"name\":\"La carte buissonni\u00e8re\",\"url\":\"https:\/\/lacartebuissonniere.fr\/\",\"logo\":{\"@type\":\"ImageObject\",\"inLanguage\":\"fr-FR\",\"@id\":\"https:\/\/lacartebuissonniere.fr\/#\/schema\/logo\/image\/\",\"url\":\"https:\/\/lacartebuissonniere.fr\/wp-content\/uploads\/2022\/12\/Illustration-sans-titre.jpg\",\"contentUrl\":\"https:\/\/lacartebuissonniere.fr\/wp-content\/uploads\/2022\/12\/Illustration-sans-titre.jpg\",\"width\":637,\"height\":680,\"caption\":\"La carte buissonni\u00e8re\"},\"image\":{\"@id\":\"https:\/\/lacartebuissonniere.fr\/#\/schema\/logo\/image\/\"},\"sameAs\":[\"https:\/\/www.facebook.com\/lacartebuissonniere\/\",\"https:\/\/www.pinterest.fr\/DelphChabanne\/\"]},{\"@type\":\"Person\",\"@id\":\"https:\/\/lacartebuissonniere.fr\/#\/schema\/person\/4e60af809837a2287e4f6d4daaf7abd4\",\"name\":\"Carte buissonni\u00e8re\",\"image\":{\"@type\":\"ImageObject\",\"inLanguage\":\"fr-FR\",\"@id\":\"https:\/\/lacartebuissonniere.fr\/#\/schema\/person\/image\/\",\"url\":\"https:\/\/secure.gravatar.com\/avatar\/b543b5e0f093efbab3dfee8595bf9077ed504ab48ffeb378c9dc263381c278e6?s=96&d=mm&r=g\",\"contentUrl\":\"https:\/\/secure.gravatar.com\/avatar\/b543b5e0f093efbab3dfee8595bf9077ed504ab48ffeb378c9dc263381c278e6?s=96&d=mm&r=g\",\"caption\":\"Carte buissonni\u00e8re\"},\"sameAs\":[\"http:\/\/lacartebuissonniere.fr\"],\"url\":\"https:\/\/lacartebuissonniere.fr\/index.php\/author\/carteb\/\"}]}<\/script>\n<!-- \/ Yoast SEO plugin. -->","yoast_head_json":{"title":"Sous le signe de la m\u00fbre - La carte buissonni\u00e8re","robots":{"index":"index","follow":"follow","max-snippet":"max-snippet:-1","max-image-preview":"max-image-preview:large","max-video-preview":"max-video-preview:-1"},"canonical":"https:\/\/lacartebuissonniere.fr\/index.php\/2023\/07\/27\/sous-le-signe-de-la-mure\/","og_locale":"fr_FR","og_type":"article","og_title":"Sous le signe de la m\u00fbre - La carte buissonni\u00e8re","og_description":"Dans le calendrier r\u00e9publicain fran\u00e7ais, le 9e jour du mois de thermidor, souvent notre 27 juillet, \u00e9tait d\u00e9nomm\u00e9 jour de la m\u00fbre. Ovide nous apprend l\u2019origine de sa couleur sombre, comme il explique la naissance de l\u2019an\u00e9mone ou de l\u2019hyacinthe. Dans le chapitre IV des M\u00e9tamorphoses, il narre les amours de Pyrame et Thisb\u00e9. Ces [&hellip;]","og_url":"https:\/\/lacartebuissonniere.fr\/index.php\/2023\/07\/27\/sous-le-signe-de-la-mure\/","og_site_name":"La carte buissonni\u00e8re","article_publisher":"https:\/\/www.facebook.com\/lacartebuissonniere\/","article_published_time":"2023-07-27T07:00:00+00:00","og_image":[{"url":"https:\/\/lacartebuissonniere.fr\/wp-content\/uploads\/2023\/07\/9C681E66-6E90-4F91-8647-ADDA52355CEE_1_201_a.jpeg","type":"","width":"","height":""}],"author":"Carte buissonni\u00e8re","twitter_card":"summary_large_image","twitter_misc":{"\u00c9crit par":"Carte buissonni\u00e8re","Dur\u00e9e de lecture estim\u00e9e":"3 minutes"},"schema":{"@context":"https:\/\/schema.org","@graph":[{"@type":"Article","@id":"https:\/\/lacartebuissonniere.fr\/index.php\/2023\/07\/27\/sous-le-signe-de-la-mure\/#article","isPartOf":{"@id":"https:\/\/lacartebuissonniere.fr\/index.php\/2023\/07\/27\/sous-le-signe-de-la-mure\/"},"author":{"name":"Carte buissonni\u00e8re","@id":"https:\/\/lacartebuissonniere.fr\/#\/schema\/person\/4e60af809837a2287e4f6d4daaf7abd4"},"headline":"Sous le signe de la m\u00fbre","datePublished":"2023-07-27T07:00:00+00:00","mainEntityOfPage":{"@id":"https:\/\/lacartebuissonniere.fr\/index.php\/2023\/07\/27\/sous-le-signe-de-la-mure\/"},"wordCount":375,"commentCount":1,"publisher":{"@id":"https:\/\/lacartebuissonniere.fr\/#organization"},"image":{"@id":"https:\/\/lacartebuissonniere.fr\/index.php\/2023\/07\/27\/sous-le-signe-de-la-mure\/#primaryimage"},"thumbnailUrl":"https:\/\/lacartebuissonniere.fr\/wp-content\/uploads\/2023\/07\/9C681E66-6E90-4F91-8647-ADDA52355CEE_1_201_a.jpeg","articleSection":["FL\u00c2NERIES","Fl\u00e2neries culturelles"],"inLanguage":"fr-FR","potentialAction":[{"@type":"CommentAction","name":"Comment","target":["https:\/\/lacartebuissonniere.fr\/index.php\/2023\/07\/27\/sous-le-signe-de-la-mure\/#respond"]}]},{"@type":"WebPage","@id":"https:\/\/lacartebuissonniere.fr\/index.php\/2023\/07\/27\/sous-le-signe-de-la-mure\/","url":"https:\/\/lacartebuissonniere.fr\/index.php\/2023\/07\/27\/sous-le-signe-de-la-mure\/","name":"Sous le signe de la m\u00fbre - La carte buissonni\u00e8re","isPartOf":{"@id":"https:\/\/lacartebuissonniere.fr\/#website"},"primaryImageOfPage":{"@id":"https:\/\/lacartebuissonniere.fr\/index.php\/2023\/07\/27\/sous-le-signe-de-la-mure\/#primaryimage"},"image":{"@id":"https:\/\/lacartebuissonniere.fr\/index.php\/2023\/07\/27\/sous-le-signe-de-la-mure\/#primaryimage"},"thumbnailUrl":"https:\/\/lacartebuissonniere.fr\/wp-content\/uploads\/2023\/07\/9C681E66-6E90-4F91-8647-ADDA52355CEE_1_201_a.jpeg","datePublished":"2023-07-27T07:00:00+00:00","breadcrumb":{"@id":"https:\/\/lacartebuissonniere.fr\/index.php\/2023\/07\/27\/sous-le-signe-de-la-mure\/#breadcrumb"},"inLanguage":"fr-FR","potentialAction":[{"@type":"ReadAction","target":["https:\/\/lacartebuissonniere.fr\/index.php\/2023\/07\/27\/sous-le-signe-de-la-mure\/"]}]},{"@type":"ImageObject","inLanguage":"fr-FR","@id":"https:\/\/lacartebuissonniere.fr\/index.php\/2023\/07\/27\/sous-le-signe-de-la-mure\/#primaryimage","url":"https:\/\/lacartebuissonniere.fr\/wp-content\/uploads\/2023\/07\/9C681E66-6E90-4F91-8647-ADDA52355CEE_1_201_a.jpeg","contentUrl":"https:\/\/lacartebuissonniere.fr\/wp-content\/uploads\/2023\/07\/9C681E66-6E90-4F91-8647-ADDA52355CEE_1_201_a.jpeg","width":851,"height":573},{"@type":"BreadcrumbList","@id":"https:\/\/lacartebuissonniere.fr\/index.php\/2023\/07\/27\/sous-le-signe-de-la-mure\/#breadcrumb","itemListElement":[{"@type":"ListItem","position":1,"name":"Accueil","item":"https:\/\/lacartebuissonniere.fr\/"},{"@type":"ListItem","position":2,"name":"Sous le signe de la m\u00fbre"}]},{"@type":"WebSite","@id":"https:\/\/lacartebuissonniere.fr\/#website","url":"https:\/\/lacartebuissonniere.fr\/","name":"La carte buissonni\u00e8re","description":"","publisher":{"@id":"https:\/\/lacartebuissonniere.fr\/#organization"},"potentialAction":[{"@type":"SearchAction","target":{"@type":"EntryPoint","urlTemplate":"https:\/\/lacartebuissonniere.fr\/?s={search_term_string}"},"query-input":{"@type":"PropertyValueSpecification","valueRequired":true,"valueName":"search_term_string"}}],"inLanguage":"fr-FR"},{"@type":"Organization","@id":"https:\/\/lacartebuissonniere.fr\/#organization","name":"La carte buissonni\u00e8re","url":"https:\/\/lacartebuissonniere.fr\/","logo":{"@type":"ImageObject","inLanguage":"fr-FR","@id":"https:\/\/lacartebuissonniere.fr\/#\/schema\/logo\/image\/","url":"https:\/\/lacartebuissonniere.fr\/wp-content\/uploads\/2022\/12\/Illustration-sans-titre.jpg","contentUrl":"https:\/\/lacartebuissonniere.fr\/wp-content\/uploads\/2022\/12\/Illustration-sans-titre.jpg","width":637,"height":680,"caption":"La carte buissonni\u00e8re"},"image":{"@id":"https:\/\/lacartebuissonniere.fr\/#\/schema\/logo\/image\/"},"sameAs":["https:\/\/www.facebook.com\/lacartebuissonniere\/","https:\/\/www.pinterest.fr\/DelphChabanne\/"]},{"@type":"Person","@id":"https:\/\/lacartebuissonniere.fr\/#\/schema\/person\/4e60af809837a2287e4f6d4daaf7abd4","name":"Carte buissonni\u00e8re","image":{"@type":"ImageObject","inLanguage":"fr-FR","@id":"https:\/\/lacartebuissonniere.fr\/#\/schema\/person\/image\/","url":"https:\/\/secure.gravatar.com\/avatar\/b543b5e0f093efbab3dfee8595bf9077ed504ab48ffeb378c9dc263381c278e6?s=96&d=mm&r=g","contentUrl":"https:\/\/secure.gravatar.com\/avatar\/b543b5e0f093efbab3dfee8595bf9077ed504ab48ffeb378c9dc263381c278e6?s=96&d=mm&r=g","caption":"Carte buissonni\u00e8re"},"sameAs":["http:\/\/lacartebuissonniere.fr"],"url":"https:\/\/lacartebuissonniere.fr\/index.php\/author\/carteb\/"}]}},"_links":{"self":[{"href":"https:\/\/lacartebuissonniere.fr\/index.php\/wp-json\/wp\/v2\/posts\/3632","targetHints":{"allow":["GET"]}}],"collection":[{"href":"https:\/\/lacartebuissonniere.fr\/index.php\/wp-json\/wp\/v2\/posts"}],"about":[{"href":"https:\/\/lacartebuissonniere.fr\/index.php\/wp-json\/wp\/v2\/types\/post"}],"author":[{"embeddable":true,"href":"https:\/\/lacartebuissonniere.fr\/index.php\/wp-json\/wp\/v2\/users\/2"}],"replies":[{"embeddable":true,"href":"https:\/\/lacartebuissonniere.fr\/index.php\/wp-json\/wp\/v2\/comments?post=3632"}],"version-history":[{"count":3,"href":"https:\/\/lacartebuissonniere.fr\/index.php\/wp-json\/wp\/v2\/posts\/3632\/revisions"}],"predecessor-version":[{"id":3640,"href":"https:\/\/lacartebuissonniere.fr\/index.php\/wp-json\/wp\/v2\/posts\/3632\/revisions\/3640"}],"wp:attachment":[{"href":"https:\/\/lacartebuissonniere.fr\/index.php\/wp-json\/wp\/v2\/media?parent=3632"}],"wp:term":[{"taxonomy":"category","embeddable":true,"href":"https:\/\/lacartebuissonniere.fr\/index.php\/wp-json\/wp\/v2\/categories?post=3632"},{"taxonomy":"post_tag","embeddable":true,"href":"https:\/\/lacartebuissonniere.fr\/index.php\/wp-json\/wp\/v2\/tags?post=3632"}],"curies":[{"name":"wp","href":"https:\/\/api.w.org\/{rel}","templated":true}]}}