{"id":3702,"date":"2023-08-24T09:00:00","date_gmt":"2023-08-24T07:00:00","guid":{"rendered":"https:\/\/lacartebuissonniere.fr\/?p=3702"},"modified":"2023-07-31T19:14:25","modified_gmt":"2023-07-31T17:14:25","slug":"sous-le-signe-de-la-prune","status":"publish","type":"post","link":"https:\/\/lacartebuissonniere.fr\/index.php\/2023\/08\/24\/sous-le-signe-de-la-prune\/","title":{"rendered":"Sous le signe de la prune"},"content":{"rendered":"\n<p><\/p>\n\n\n\n<p>Dans le calendrier r\u00e9publicain fran\u00e7ais, le 1<sup>er<\/sup> jour du mois de fructidor, souvent notre 18 ao\u00fbt, \u00e9tait d\u00e9nomm\u00e9 jour de la prune.<\/p>\n\n\n\n<figure class=\"wp-block-gallery has-nested-images columns-default is-cropped wp-block-gallery-1 is-layout-flex wp-block-gallery-is-layout-flex\">\n<figure class=\"wp-block-image size-large\"><img loading=\"lazy\" decoding=\"async\" width=\"829\" height=\"553\" data-id=\"3704\" src=\"https:\/\/lacartebuissonniere.fr\/wp-content\/uploads\/2023\/07\/6A79C813-88C2-4458-95BF-12D8B5265D38_1_201_a.jpeg\" alt=\"\" class=\"wp-image-3704\" srcset=\"https:\/\/lacartebuissonniere.fr\/wp-content\/uploads\/2023\/07\/6A79C813-88C2-4458-95BF-12D8B5265D38_1_201_a.jpeg 829w, https:\/\/lacartebuissonniere.fr\/wp-content\/uploads\/2023\/07\/6A79C813-88C2-4458-95BF-12D8B5265D38_1_201_a-300x200.jpeg 300w, https:\/\/lacartebuissonniere.fr\/wp-content\/uploads\/2023\/07\/6A79C813-88C2-4458-95BF-12D8B5265D38_1_201_a-768x512.jpeg 768w, https:\/\/lacartebuissonniere.fr\/wp-content\/uploads\/2023\/07\/6A79C813-88C2-4458-95BF-12D8B5265D38_1_201_a-600x400.jpeg 600w\" sizes=\"auto, (max-width: 829px) 100vw, 829px\" \/><\/figure>\n\n\n\n<figure class=\"wp-block-image size-large\"><img loading=\"lazy\" decoding=\"async\" width=\"835\" height=\"557\" data-id=\"3703\" src=\"https:\/\/lacartebuissonniere.fr\/wp-content\/uploads\/2023\/07\/0AE4B98F-91F1-4983-9A88-1C331420E42F_1_201_a.jpeg\" alt=\"\" class=\"wp-image-3703\" srcset=\"https:\/\/lacartebuissonniere.fr\/wp-content\/uploads\/2023\/07\/0AE4B98F-91F1-4983-9A88-1C331420E42F_1_201_a.jpeg 835w, https:\/\/lacartebuissonniere.fr\/wp-content\/uploads\/2023\/07\/0AE4B98F-91F1-4983-9A88-1C331420E42F_1_201_a-300x200.jpeg 300w, https:\/\/lacartebuissonniere.fr\/wp-content\/uploads\/2023\/07\/0AE4B98F-91F1-4983-9A88-1C331420E42F_1_201_a-768x512.jpeg 768w, https:\/\/lacartebuissonniere.fr\/wp-content\/uploads\/2023\/07\/0AE4B98F-91F1-4983-9A88-1C331420E42F_1_201_a-600x400.jpeg 600w\" sizes=\"auto, (max-width: 835px) 100vw, 835px\" \/><\/figure>\n<\/figure>\n\n\n\n<p><\/p>\n\n\n\n<p>La prune d\u00e9signe \u00e9videmment le fruit (reine-claude, prune d&rsquo;Agen, mirabelle, quetsche\u2026), mais \u00e9galement l\u2019eau-de-vie obtenue par sa distillation.<\/p>\n\n\n<div class=\"wp-block-image\">\n<figure class=\"aligncenter size-full is-resized\"><img loading=\"lazy\" decoding=\"async\" src=\"https:\/\/lacartebuissonniere.fr\/wp-content\/uploads\/2023\/07\/Prunes2.jpeg\" alt=\"\" class=\"wp-image-3705\" width=\"840\" height=\"555\" srcset=\"https:\/\/lacartebuissonniere.fr\/wp-content\/uploads\/2023\/07\/Prunes2.jpeg 881w, https:\/\/lacartebuissonniere.fr\/wp-content\/uploads\/2023\/07\/Prunes2-300x199.jpeg 300w, https:\/\/lacartebuissonniere.fr\/wp-content\/uploads\/2023\/07\/Prunes2-768x508.jpeg 768w, https:\/\/lacartebuissonniere.fr\/wp-content\/uploads\/2023\/07\/Prunes2-600x397.jpeg 600w\" sizes=\"auto, (max-width: 840px) 100vw, 840px\" \/><\/figure>\n<\/div>\n\n\n<p><\/p>\n\n\n\n<p>C\u2019est l\u2019usage qu\u2019en fait Zola dans <em>L&rsquo;Assommoir<\/em>.<\/p>\n\n\n\n<p>D\u00e8s le chapitre 2, pour mieux courtiser Gervaise, Coupeau l&rsquo;invite au cabaret \u00e9ponyme du p\u00e8re Colombe et ils y \u00ab&nbsp;mang[ent] ensemble une prune&nbsp;\u00bb. \u00c0 ce stade du r\u00e9cit, elle affirme que \u00ab&nbsp;c\u2019est vilain de boire&nbsp;\u00bb et s\u2019en abstient&nbsp;:<\/p>\n\n\n\n<p>\u00ab\u00a0\u2013 Tenez, ajouta-t-elle en montrant son verre, j\u2019ai mang\u00e9 ma prune ; seulement, je laisserai la sauce, parce que \u00e7a me ferait du mal.<br>Coupeau, lui aussi, ne comprenait pas qu\u2019on p\u00fbt avaler de pleins verres d\u2019eau-de-vie. Une prune par-ci par-l\u00e0, \u00e7a n\u2019\u00e9tait pas mauvais. Quant au vitriol, \u00e0 <a href=\"https:\/\/lacartebuissonniere.fr\/index.php\/2023\/03\/05\/journee-de-labsinthe\/\" target=\"_blank\" rel=\"noreferrer noopener\">l\u2019absinthe<\/a> et aux autres cochonneries, bonsoir ! il n\u2019en fallait pas.\u00a0\u00bb<\/p>\n\n\n\n<p>Malheureusement, leurs bonnes r\u00e9solutions ne dureront qu\u2019un temps et la d\u00e9ch\u00e9ance dans l\u2019alcoolisme sera terrible.<\/p>\n\n\n\n<p>Toujours est-il que, <a href=\"https:\/\/lacartebuissonniere.fr\/index.php\/2023\/06\/27\/la-grue-de-nana\/\" target=\"_blank\" rel=\"noreferrer noopener\">comme pour Nana<\/a>, je me suis toujours imagin\u00e9 Gervaise sous les traits d\u2019un mod\u00e8le de Manet, celui du tableau justement intitul\u00e9 \u00ab\u00a0La Prune\u00a0\u00bb, contemporain du roman (1877)\u00a0:<\/p>\n\n\n\n<figure class=\"wp-block-gallery has-nested-images columns-default is-cropped wp-block-gallery-2 is-layout-flex wp-block-gallery-is-layout-flex\">\n<figure class=\"wp-block-image size-large\"><img loading=\"lazy\" decoding=\"async\" width=\"684\" height=\"1024\" data-id=\"3708\" src=\"https:\/\/lacartebuissonniere.fr\/wp-content\/uploads\/2023\/07\/B44FB9A6-C8D4-43B5-8AA6-B543DD406CAA_1_105_c-684x1024.jpeg\" alt=\"\" class=\"wp-image-3708\" srcset=\"https:\/\/lacartebuissonniere.fr\/wp-content\/uploads\/2023\/07\/B44FB9A6-C8D4-43B5-8AA6-B543DD406CAA_1_105_c-684x1024.jpeg 684w, https:\/\/lacartebuissonniere.fr\/wp-content\/uploads\/2023\/07\/B44FB9A6-C8D4-43B5-8AA6-B543DD406CAA_1_105_c-200x300.jpeg 200w, https:\/\/lacartebuissonniere.fr\/wp-content\/uploads\/2023\/07\/B44FB9A6-C8D4-43B5-8AA6-B543DD406CAA_1_105_c-401x600.jpeg 401w, https:\/\/lacartebuissonniere.fr\/wp-content\/uploads\/2023\/07\/B44FB9A6-C8D4-43B5-8AA6-B543DD406CAA_1_105_c.jpeg 724w\" sizes=\"auto, (max-width: 684px) 100vw, 684px\" \/><\/figure>\n\n\n\n<figure class=\"wp-block-image size-large\"><img loading=\"lazy\" decoding=\"async\" width=\"768\" height=\"1024\" data-id=\"3707\" src=\"https:\/\/lacartebuissonniere.fr\/wp-content\/uploads\/2023\/07\/D4225AA5-4491-4F49-9611-B03A9566DE93_1_105_c.jpeg\" alt=\"\" class=\"wp-image-3707\" srcset=\"https:\/\/lacartebuissonniere.fr\/wp-content\/uploads\/2023\/07\/D4225AA5-4491-4F49-9611-B03A9566DE93_1_105_c.jpeg 768w, https:\/\/lacartebuissonniere.fr\/wp-content\/uploads\/2023\/07\/D4225AA5-4491-4F49-9611-B03A9566DE93_1_105_c-225x300.jpeg 225w, https:\/\/lacartebuissonniere.fr\/wp-content\/uploads\/2023\/07\/D4225AA5-4491-4F49-9611-B03A9566DE93_1_105_c-450x600.jpeg 450w\" sizes=\"auto, (max-width: 768px) 100vw, 768px\" \/><\/figure>\n<\/figure>\n\n\n\n<p><\/p>\n\n\n\n<p>J\u2019ai eu la chance de voir ce tableau, conserv\u00e9 \u00e0 Washington, lors de la r\u00e9cente <a href=\"http:\/\/www.musee-orsay.fr\/fr\/agenda\/expositions\/manet-degas\" target=\"_blank\" rel=\"noreferrer noopener\">exposition \u00ab\u00a0Manet \/ Degas\u00a0\u00bb au mus\u00e9e d\u2019Orsay<\/a> et j\u2019y ai retrouv\u00e9 ce \u00ab\u00a0joli visage de blonde [\u00e0 la] transparence laiteuse de fine porcelaine\u00a0\u00bb, avec, d\u00e9j\u00e0, le regard perdu dans le vague\u00a0:<\/p>\n\n\n\n<figure class=\"wp-block-image size-full\"><img loading=\"lazy\" decoding=\"async\" width=\"1024\" height=\"768\" src=\"https:\/\/lacartebuissonniere.fr\/wp-content\/uploads\/2023\/07\/4E5809A7-A4E4-47A5-AB2B-042D726A3290_1_105_c.jpeg\" alt=\"\" class=\"wp-image-3709\" srcset=\"https:\/\/lacartebuissonniere.fr\/wp-content\/uploads\/2023\/07\/4E5809A7-A4E4-47A5-AB2B-042D726A3290_1_105_c.jpeg 1024w, https:\/\/lacartebuissonniere.fr\/wp-content\/uploads\/2023\/07\/4E5809A7-A4E4-47A5-AB2B-042D726A3290_1_105_c-300x225.jpeg 300w, https:\/\/lacartebuissonniere.fr\/wp-content\/uploads\/2023\/07\/4E5809A7-A4E4-47A5-AB2B-042D726A3290_1_105_c-768x576.jpeg 768w, https:\/\/lacartebuissonniere.fr\/wp-content\/uploads\/2023\/07\/4E5809A7-A4E4-47A5-AB2B-042D726A3290_1_105_c-600x450.jpeg 600w\" sizes=\"auto, (max-width: 1024px) 100vw, 1024px\" \/><\/figure>\n\n\n\n<p><\/p>\n\n\n\n<p>En cette fin d\u2019\u00e9t\u00e9, le fruit est d\u00e9licieux, gorg\u00e9 de soleil et sucr\u00e9 \u00e0 souhait\u00a0: il m\u00e9rite d\u2019\u00eatre d\u00e9gust\u00e9 tel quel ou envoy\u00e9 en carte buissonni\u00e8re\u00a0!<\/p>\n\n\n\n<figure class=\"wp-block-image size-large\"><img loading=\"lazy\" decoding=\"async\" width=\"1024\" height=\"762\" src=\"https:\/\/lacartebuissonniere.fr\/wp-content\/uploads\/2023\/07\/IMG_7969-1024x762.jpeg\" alt=\"\" class=\"wp-image-3710\" srcset=\"https:\/\/lacartebuissonniere.fr\/wp-content\/uploads\/2023\/07\/IMG_7969-1024x762.jpeg 1024w, https:\/\/lacartebuissonniere.fr\/wp-content\/uploads\/2023\/07\/IMG_7969-300x223.jpeg 300w, https:\/\/lacartebuissonniere.fr\/wp-content\/uploads\/2023\/07\/IMG_7969-768x572.jpeg 768w, https:\/\/lacartebuissonniere.fr\/wp-content\/uploads\/2023\/07\/IMG_7969-1536x1144.jpeg 1536w, https:\/\/lacartebuissonniere.fr\/wp-content\/uploads\/2023\/07\/IMG_7969-2048x1525.jpeg 2048w, https:\/\/lacartebuissonniere.fr\/wp-content\/uploads\/2023\/07\/IMG_7969-600x447.jpeg 600w\" sizes=\"auto, (max-width: 1024px) 100vw, 1024px\" \/><\/figure>\n","protected":false},"excerpt":{"rendered":"<p>Dans le calendrier r\u00e9publicain fran\u00e7ais, le 1er jour du mois de fructidor, souvent notre 18 ao\u00fbt, \u00e9tait d\u00e9nomm\u00e9 jour de la prune. La prune d\u00e9signe \u00e9videmment le fruit (reine-claude, prune d&rsquo;Agen, mirabelle, quetsche\u2026), mais \u00e9galement l\u2019eau-de-vie obtenue par sa distillation. C\u2019est l\u2019usage qu\u2019en fait Zola dans L&rsquo;Assommoir. D\u00e8s le chapitre 2, pour mieux courtiser Gervaise, [&hellip;]<\/p>\n","protected":false},"author":2,"featured_media":0,"comment_status":"open","ping_status":"open","sticky":false,"template":"","format":"standard","meta":{"two_page_speed":[],"footnotes":""},"categories":[16,18],"tags":[],"class_list":["post-3702","post","type-post","status-publish","format-standard","hentry","category-flaneries","category-flaneries-culturelles","entry"],"yoast_head":"<!-- This site is optimized with the Yoast SEO plugin v25.4 - https:\/\/yoast.com\/wordpress\/plugins\/seo\/ -->\n<title>Sous le signe de la prune - La carte buissonni\u00e8re<\/title>\n<meta name=\"robots\" content=\"index, follow, max-snippet:-1, max-image-preview:large, max-video-preview:-1\" \/>\n<link rel=\"canonical\" href=\"https:\/\/lacartebuissonniere.fr\/index.php\/2023\/08\/24\/sous-le-signe-de-la-prune\/\" \/>\n<meta property=\"og:locale\" content=\"fr_FR\" \/>\n<meta property=\"og:type\" content=\"article\" \/>\n<meta property=\"og:title\" content=\"Sous le signe de la prune - La carte buissonni\u00e8re\" \/>\n<meta property=\"og:description\" content=\"Dans le calendrier r\u00e9publicain fran\u00e7ais, le 1er jour du mois de fructidor, souvent notre 18 ao\u00fbt, \u00e9tait d\u00e9nomm\u00e9 jour de la prune. La prune d\u00e9signe \u00e9videmment le fruit (reine-claude, prune d&rsquo;Agen, mirabelle, quetsche\u2026), mais \u00e9galement l\u2019eau-de-vie obtenue par sa distillation. C\u2019est l\u2019usage qu\u2019en fait Zola dans L&rsquo;Assommoir. D\u00e8s le chapitre 2, pour mieux courtiser Gervaise, [&hellip;]\" \/>\n<meta property=\"og:url\" content=\"https:\/\/lacartebuissonniere.fr\/index.php\/2023\/08\/24\/sous-le-signe-de-la-prune\/\" \/>\n<meta property=\"og:site_name\" content=\"La carte buissonni\u00e8re\" \/>\n<meta property=\"article:publisher\" content=\"https:\/\/www.facebook.com\/lacartebuissonniere\/\" \/>\n<meta property=\"article:published_time\" content=\"2023-08-24T07:00:00+00:00\" \/>\n<meta property=\"og:image\" content=\"https:\/\/lacartebuissonniere.fr\/wp-content\/uploads\/2023\/07\/6A79C813-88C2-4458-95BF-12D8B5265D38_1_201_a.jpeg\" \/>\n<meta name=\"author\" content=\"Carte buissonni\u00e8re\" \/>\n<meta name=\"twitter:card\" content=\"summary_large_image\" \/>\n<meta name=\"twitter:label1\" content=\"\u00c9crit par\" \/>\n\t<meta name=\"twitter:data1\" content=\"Carte buissonni\u00e8re\" \/>\n\t<meta name=\"twitter:label2\" content=\"Dur\u00e9e de lecture estim\u00e9e\" \/>\n\t<meta name=\"twitter:data2\" content=\"3 minutes\" \/>\n<script type=\"application\/ld+json\" class=\"yoast-schema-graph\">{\"@context\":\"https:\/\/schema.org\",\"@graph\":[{\"@type\":\"Article\",\"@id\":\"https:\/\/lacartebuissonniere.fr\/index.php\/2023\/08\/24\/sous-le-signe-de-la-prune\/#article\",\"isPartOf\":{\"@id\":\"https:\/\/lacartebuissonniere.fr\/index.php\/2023\/08\/24\/sous-le-signe-de-la-prune\/\"},\"author\":{\"name\":\"Carte buissonni\u00e8re\",\"@id\":\"https:\/\/lacartebuissonniere.fr\/#\/schema\/person\/4e60af809837a2287e4f6d4daaf7abd4\"},\"headline\":\"Sous le signe de la prune\",\"datePublished\":\"2023-08-24T07:00:00+00:00\",\"mainEntityOfPage\":{\"@id\":\"https:\/\/lacartebuissonniere.fr\/index.php\/2023\/08\/24\/sous-le-signe-de-la-prune\/\"},\"wordCount\":302,\"commentCount\":1,\"publisher\":{\"@id\":\"https:\/\/lacartebuissonniere.fr\/#organization\"},\"image\":{\"@id\":\"https:\/\/lacartebuissonniere.fr\/index.php\/2023\/08\/24\/sous-le-signe-de-la-prune\/#primaryimage\"},\"thumbnailUrl\":\"https:\/\/lacartebuissonniere.fr\/wp-content\/uploads\/2023\/07\/6A79C813-88C2-4458-95BF-12D8B5265D38_1_201_a.jpeg\",\"articleSection\":[\"FL\u00c2NERIES\",\"Fl\u00e2neries culturelles\"],\"inLanguage\":\"fr-FR\",\"potentialAction\":[{\"@type\":\"CommentAction\",\"name\":\"Comment\",\"target\":[\"https:\/\/lacartebuissonniere.fr\/index.php\/2023\/08\/24\/sous-le-signe-de-la-prune\/#respond\"]}]},{\"@type\":\"WebPage\",\"@id\":\"https:\/\/lacartebuissonniere.fr\/index.php\/2023\/08\/24\/sous-le-signe-de-la-prune\/\",\"url\":\"https:\/\/lacartebuissonniere.fr\/index.php\/2023\/08\/24\/sous-le-signe-de-la-prune\/\",\"name\":\"Sous le signe de la prune - La carte buissonni\u00e8re\",\"isPartOf\":{\"@id\":\"https:\/\/lacartebuissonniere.fr\/#website\"},\"primaryImageOfPage\":{\"@id\":\"https:\/\/lacartebuissonniere.fr\/index.php\/2023\/08\/24\/sous-le-signe-de-la-prune\/#primaryimage\"},\"image\":{\"@id\":\"https:\/\/lacartebuissonniere.fr\/index.php\/2023\/08\/24\/sous-le-signe-de-la-prune\/#primaryimage\"},\"thumbnailUrl\":\"https:\/\/lacartebuissonniere.fr\/wp-content\/uploads\/2023\/07\/6A79C813-88C2-4458-95BF-12D8B5265D38_1_201_a.jpeg\",\"datePublished\":\"2023-08-24T07:00:00+00:00\",\"breadcrumb\":{\"@id\":\"https:\/\/lacartebuissonniere.fr\/index.php\/2023\/08\/24\/sous-le-signe-de-la-prune\/#breadcrumb\"},\"inLanguage\":\"fr-FR\",\"potentialAction\":[{\"@type\":\"ReadAction\",\"target\":[\"https:\/\/lacartebuissonniere.fr\/index.php\/2023\/08\/24\/sous-le-signe-de-la-prune\/\"]}]},{\"@type\":\"ImageObject\",\"inLanguage\":\"fr-FR\",\"@id\":\"https:\/\/lacartebuissonniere.fr\/index.php\/2023\/08\/24\/sous-le-signe-de-la-prune\/#primaryimage\",\"url\":\"https:\/\/lacartebuissonniere.fr\/wp-content\/uploads\/2023\/07\/6A79C813-88C2-4458-95BF-12D8B5265D38_1_201_a.jpeg\",\"contentUrl\":\"https:\/\/lacartebuissonniere.fr\/wp-content\/uploads\/2023\/07\/6A79C813-88C2-4458-95BF-12D8B5265D38_1_201_a.jpeg\",\"width\":829,\"height\":553},{\"@type\":\"BreadcrumbList\",\"@id\":\"https:\/\/lacartebuissonniere.fr\/index.php\/2023\/08\/24\/sous-le-signe-de-la-prune\/#breadcrumb\",\"itemListElement\":[{\"@type\":\"ListItem\",\"position\":1,\"name\":\"Accueil\",\"item\":\"https:\/\/lacartebuissonniere.fr\/\"},{\"@type\":\"ListItem\",\"position\":2,\"name\":\"Sous le signe de la prune\"}]},{\"@type\":\"WebSite\",\"@id\":\"https:\/\/lacartebuissonniere.fr\/#website\",\"url\":\"https:\/\/lacartebuissonniere.fr\/\",\"name\":\"La carte buissonni\u00e8re\",\"description\":\"\",\"publisher\":{\"@id\":\"https:\/\/lacartebuissonniere.fr\/#organization\"},\"potentialAction\":[{\"@type\":\"SearchAction\",\"target\":{\"@type\":\"EntryPoint\",\"urlTemplate\":\"https:\/\/lacartebuissonniere.fr\/?s={search_term_string}\"},\"query-input\":{\"@type\":\"PropertyValueSpecification\",\"valueRequired\":true,\"valueName\":\"search_term_string\"}}],\"inLanguage\":\"fr-FR\"},{\"@type\":\"Organization\",\"@id\":\"https:\/\/lacartebuissonniere.fr\/#organization\",\"name\":\"La carte buissonni\u00e8re\",\"url\":\"https:\/\/lacartebuissonniere.fr\/\",\"logo\":{\"@type\":\"ImageObject\",\"inLanguage\":\"fr-FR\",\"@id\":\"https:\/\/lacartebuissonniere.fr\/#\/schema\/logo\/image\/\",\"url\":\"https:\/\/lacartebuissonniere.fr\/wp-content\/uploads\/2022\/12\/Illustration-sans-titre.jpg\",\"contentUrl\":\"https:\/\/lacartebuissonniere.fr\/wp-content\/uploads\/2022\/12\/Illustration-sans-titre.jpg\",\"width\":637,\"height\":680,\"caption\":\"La carte buissonni\u00e8re\"},\"image\":{\"@id\":\"https:\/\/lacartebuissonniere.fr\/#\/schema\/logo\/image\/\"},\"sameAs\":[\"https:\/\/www.facebook.com\/lacartebuissonniere\/\",\"https:\/\/www.pinterest.fr\/DelphChabanne\/\"]},{\"@type\":\"Person\",\"@id\":\"https:\/\/lacartebuissonniere.fr\/#\/schema\/person\/4e60af809837a2287e4f6d4daaf7abd4\",\"name\":\"Carte buissonni\u00e8re\",\"image\":{\"@type\":\"ImageObject\",\"inLanguage\":\"fr-FR\",\"@id\":\"https:\/\/lacartebuissonniere.fr\/#\/schema\/person\/image\/\",\"url\":\"https:\/\/secure.gravatar.com\/avatar\/b543b5e0f093efbab3dfee8595bf9077ed504ab48ffeb378c9dc263381c278e6?s=96&d=mm&r=g\",\"contentUrl\":\"https:\/\/secure.gravatar.com\/avatar\/b543b5e0f093efbab3dfee8595bf9077ed504ab48ffeb378c9dc263381c278e6?s=96&d=mm&r=g\",\"caption\":\"Carte buissonni\u00e8re\"},\"sameAs\":[\"http:\/\/lacartebuissonniere.fr\"],\"url\":\"https:\/\/lacartebuissonniere.fr\/index.php\/author\/carteb\/\"}]}<\/script>\n<!-- \/ Yoast SEO plugin. -->","yoast_head_json":{"title":"Sous le signe de la prune - La carte buissonni\u00e8re","robots":{"index":"index","follow":"follow","max-snippet":"max-snippet:-1","max-image-preview":"max-image-preview:large","max-video-preview":"max-video-preview:-1"},"canonical":"https:\/\/lacartebuissonniere.fr\/index.php\/2023\/08\/24\/sous-le-signe-de-la-prune\/","og_locale":"fr_FR","og_type":"article","og_title":"Sous le signe de la prune - La carte buissonni\u00e8re","og_description":"Dans le calendrier r\u00e9publicain fran\u00e7ais, le 1er jour du mois de fructidor, souvent notre 18 ao\u00fbt, \u00e9tait d\u00e9nomm\u00e9 jour de la prune. La prune d\u00e9signe \u00e9videmment le fruit (reine-claude, prune d&rsquo;Agen, mirabelle, quetsche\u2026), mais \u00e9galement l\u2019eau-de-vie obtenue par sa distillation. C\u2019est l\u2019usage qu\u2019en fait Zola dans L&rsquo;Assommoir. D\u00e8s le chapitre 2, pour mieux courtiser Gervaise, [&hellip;]","og_url":"https:\/\/lacartebuissonniere.fr\/index.php\/2023\/08\/24\/sous-le-signe-de-la-prune\/","og_site_name":"La carte buissonni\u00e8re","article_publisher":"https:\/\/www.facebook.com\/lacartebuissonniere\/","article_published_time":"2023-08-24T07:00:00+00:00","og_image":[{"url":"https:\/\/lacartebuissonniere.fr\/wp-content\/uploads\/2023\/07\/6A79C813-88C2-4458-95BF-12D8B5265D38_1_201_a.jpeg","type":"","width":"","height":""}],"author":"Carte buissonni\u00e8re","twitter_card":"summary_large_image","twitter_misc":{"\u00c9crit par":"Carte buissonni\u00e8re","Dur\u00e9e de lecture estim\u00e9e":"3 minutes"},"schema":{"@context":"https:\/\/schema.org","@graph":[{"@type":"Article","@id":"https:\/\/lacartebuissonniere.fr\/index.php\/2023\/08\/24\/sous-le-signe-de-la-prune\/#article","isPartOf":{"@id":"https:\/\/lacartebuissonniere.fr\/index.php\/2023\/08\/24\/sous-le-signe-de-la-prune\/"},"author":{"name":"Carte buissonni\u00e8re","@id":"https:\/\/lacartebuissonniere.fr\/#\/schema\/person\/4e60af809837a2287e4f6d4daaf7abd4"},"headline":"Sous le signe de la prune","datePublished":"2023-08-24T07:00:00+00:00","mainEntityOfPage":{"@id":"https:\/\/lacartebuissonniere.fr\/index.php\/2023\/08\/24\/sous-le-signe-de-la-prune\/"},"wordCount":302,"commentCount":1,"publisher":{"@id":"https:\/\/lacartebuissonniere.fr\/#organization"},"image":{"@id":"https:\/\/lacartebuissonniere.fr\/index.php\/2023\/08\/24\/sous-le-signe-de-la-prune\/#primaryimage"},"thumbnailUrl":"https:\/\/lacartebuissonniere.fr\/wp-content\/uploads\/2023\/07\/6A79C813-88C2-4458-95BF-12D8B5265D38_1_201_a.jpeg","articleSection":["FL\u00c2NERIES","Fl\u00e2neries culturelles"],"inLanguage":"fr-FR","potentialAction":[{"@type":"CommentAction","name":"Comment","target":["https:\/\/lacartebuissonniere.fr\/index.php\/2023\/08\/24\/sous-le-signe-de-la-prune\/#respond"]}]},{"@type":"WebPage","@id":"https:\/\/lacartebuissonniere.fr\/index.php\/2023\/08\/24\/sous-le-signe-de-la-prune\/","url":"https:\/\/lacartebuissonniere.fr\/index.php\/2023\/08\/24\/sous-le-signe-de-la-prune\/","name":"Sous le signe de la prune - La carte buissonni\u00e8re","isPartOf":{"@id":"https:\/\/lacartebuissonniere.fr\/#website"},"primaryImageOfPage":{"@id":"https:\/\/lacartebuissonniere.fr\/index.php\/2023\/08\/24\/sous-le-signe-de-la-prune\/#primaryimage"},"image":{"@id":"https:\/\/lacartebuissonniere.fr\/index.php\/2023\/08\/24\/sous-le-signe-de-la-prune\/#primaryimage"},"thumbnailUrl":"https:\/\/lacartebuissonniere.fr\/wp-content\/uploads\/2023\/07\/6A79C813-88C2-4458-95BF-12D8B5265D38_1_201_a.jpeg","datePublished":"2023-08-24T07:00:00+00:00","breadcrumb":{"@id":"https:\/\/lacartebuissonniere.fr\/index.php\/2023\/08\/24\/sous-le-signe-de-la-prune\/#breadcrumb"},"inLanguage":"fr-FR","potentialAction":[{"@type":"ReadAction","target":["https:\/\/lacartebuissonniere.fr\/index.php\/2023\/08\/24\/sous-le-signe-de-la-prune\/"]}]},{"@type":"ImageObject","inLanguage":"fr-FR","@id":"https:\/\/lacartebuissonniere.fr\/index.php\/2023\/08\/24\/sous-le-signe-de-la-prune\/#primaryimage","url":"https:\/\/lacartebuissonniere.fr\/wp-content\/uploads\/2023\/07\/6A79C813-88C2-4458-95BF-12D8B5265D38_1_201_a.jpeg","contentUrl":"https:\/\/lacartebuissonniere.fr\/wp-content\/uploads\/2023\/07\/6A79C813-88C2-4458-95BF-12D8B5265D38_1_201_a.jpeg","width":829,"height":553},{"@type":"BreadcrumbList","@id":"https:\/\/lacartebuissonniere.fr\/index.php\/2023\/08\/24\/sous-le-signe-de-la-prune\/#breadcrumb","itemListElement":[{"@type":"ListItem","position":1,"name":"Accueil","item":"https:\/\/lacartebuissonniere.fr\/"},{"@type":"ListItem","position":2,"name":"Sous le signe de la prune"}]},{"@type":"WebSite","@id":"https:\/\/lacartebuissonniere.fr\/#website","url":"https:\/\/lacartebuissonniere.fr\/","name":"La carte buissonni\u00e8re","description":"","publisher":{"@id":"https:\/\/lacartebuissonniere.fr\/#organization"},"potentialAction":[{"@type":"SearchAction","target":{"@type":"EntryPoint","urlTemplate":"https:\/\/lacartebuissonniere.fr\/?s={search_term_string}"},"query-input":{"@type":"PropertyValueSpecification","valueRequired":true,"valueName":"search_term_string"}}],"inLanguage":"fr-FR"},{"@type":"Organization","@id":"https:\/\/lacartebuissonniere.fr\/#organization","name":"La carte buissonni\u00e8re","url":"https:\/\/lacartebuissonniere.fr\/","logo":{"@type":"ImageObject","inLanguage":"fr-FR","@id":"https:\/\/lacartebuissonniere.fr\/#\/schema\/logo\/image\/","url":"https:\/\/lacartebuissonniere.fr\/wp-content\/uploads\/2022\/12\/Illustration-sans-titre.jpg","contentUrl":"https:\/\/lacartebuissonniere.fr\/wp-content\/uploads\/2022\/12\/Illustration-sans-titre.jpg","width":637,"height":680,"caption":"La carte buissonni\u00e8re"},"image":{"@id":"https:\/\/lacartebuissonniere.fr\/#\/schema\/logo\/image\/"},"sameAs":["https:\/\/www.facebook.com\/lacartebuissonniere\/","https:\/\/www.pinterest.fr\/DelphChabanne\/"]},{"@type":"Person","@id":"https:\/\/lacartebuissonniere.fr\/#\/schema\/person\/4e60af809837a2287e4f6d4daaf7abd4","name":"Carte buissonni\u00e8re","image":{"@type":"ImageObject","inLanguage":"fr-FR","@id":"https:\/\/lacartebuissonniere.fr\/#\/schema\/person\/image\/","url":"https:\/\/secure.gravatar.com\/avatar\/b543b5e0f093efbab3dfee8595bf9077ed504ab48ffeb378c9dc263381c278e6?s=96&d=mm&r=g","contentUrl":"https:\/\/secure.gravatar.com\/avatar\/b543b5e0f093efbab3dfee8595bf9077ed504ab48ffeb378c9dc263381c278e6?s=96&d=mm&r=g","caption":"Carte buissonni\u00e8re"},"sameAs":["http:\/\/lacartebuissonniere.fr"],"url":"https:\/\/lacartebuissonniere.fr\/index.php\/author\/carteb\/"}]}},"_links":{"self":[{"href":"https:\/\/lacartebuissonniere.fr\/index.php\/wp-json\/wp\/v2\/posts\/3702","targetHints":{"allow":["GET"]}}],"collection":[{"href":"https:\/\/lacartebuissonniere.fr\/index.php\/wp-json\/wp\/v2\/posts"}],"about":[{"href":"https:\/\/lacartebuissonniere.fr\/index.php\/wp-json\/wp\/v2\/types\/post"}],"author":[{"embeddable":true,"href":"https:\/\/lacartebuissonniere.fr\/index.php\/wp-json\/wp\/v2\/users\/2"}],"replies":[{"embeddable":true,"href":"https:\/\/lacartebuissonniere.fr\/index.php\/wp-json\/wp\/v2\/comments?post=3702"}],"version-history":[{"count":2,"href":"https:\/\/lacartebuissonniere.fr\/index.php\/wp-json\/wp\/v2\/posts\/3702\/revisions"}],"predecessor-version":[{"id":3711,"href":"https:\/\/lacartebuissonniere.fr\/index.php\/wp-json\/wp\/v2\/posts\/3702\/revisions\/3711"}],"wp:attachment":[{"href":"https:\/\/lacartebuissonniere.fr\/index.php\/wp-json\/wp\/v2\/media?parent=3702"}],"wp:term":[{"taxonomy":"category","embeddable":true,"href":"https:\/\/lacartebuissonniere.fr\/index.php\/wp-json\/wp\/v2\/categories?post=3702"},{"taxonomy":"post_tag","embeddable":true,"href":"https:\/\/lacartebuissonniere.fr\/index.php\/wp-json\/wp\/v2\/tags?post=3702"}],"curies":[{"name":"wp","href":"https:\/\/api.w.org\/{rel}","templated":true}]}}