{"id":3791,"date":"2023-09-06T09:00:00","date_gmt":"2023-09-06T07:00:00","guid":{"rendered":"https:\/\/lacartebuissonniere.fr\/?p=3791"},"modified":"2023-08-19T08:49:39","modified_gmt":"2023-08-19T06:49:39","slug":"motif-akikusa-7-plantes-dautomne","status":"publish","type":"post","link":"https:\/\/lacartebuissonniere.fr\/index.php\/2023\/09\/06\/motif-akikusa-7-plantes-dautomne\/","title":{"rendered":"Motif akikusa"},"content":{"rendered":"\n<p><\/p>\n\n\n\n<p>Depuis le 1<sup>er<\/sup> septembre, c\u2019est l\u2019automne au sens m\u00e9t\u00e9orologique.<\/p>\n\n\n\n<p>Il est symbole de beaut\u00e9 et de nostalgie, exaltant cette sensibilit\u00e9 pour l\u2019\u00e9ph\u00e9m\u00e8re que les Japonais appellent&nbsp;<em>mono no aware<\/em>&nbsp;(\u7269\u306e\u54c0\u308c).<\/p>\n\n\n\n<p><em>Akikusa<\/em> (\u79cb\u8349) est un terme g\u00e9n\u00e9rique qui d\u00e9signe des fleurs et herbes de cette saison.<\/p>\n\n\n\n<p>En g\u00e9n\u00e9ral, ces plantes regroupent sept esp\u00e8ces&nbsp;: eupatoires (<em>fujibakama<\/em>), campanules (<em>kiky\u014d<\/em>), pueraria (<em>kuzu<\/em>), ipom\u00e9es (<em>asagao<\/em>), pampas (<em>suzuki<\/em>), patrinias (<em>ominaeshi<\/em>) et <em>lesp\u00e9d\u00e8zes<\/em> (hagi). Ce choix remonte \u00e0 des po\u00e8mes appartenant \u00e0 la plus ancienne anthologie japonaise dat\u00e9e des environs de 760&nbsp;: <em>Man&rsquo;y\u014dsh\u016b<\/em> (\u4e07\u8449\u96c6, litt\u00e9ralement \u00ab&nbsp;Recueil de dix mille feuilles&nbsp;\u00bb).<\/p>\n\n\n\n<p>Cette paire de paravents d\u2019Ogata K\u014drin (d\u00e9but du XVIII<sup>e<\/sup> si\u00e8cle) exprime la beaut\u00e9 de ce d\u00e9cor automnal\u00a0:<\/p>\n\n\n<div class=\"wp-block-image\">\n<figure class=\"aligncenter size-large\"><img loading=\"lazy\" decoding=\"async\" width=\"1024\" height=\"452\" src=\"https:\/\/lacartebuissonniere.fr\/wp-content\/uploads\/2023\/08\/Flowering_Plants_in_Autumn-1024x452.jpg\" alt=\"\" class=\"wp-image-3792\" srcset=\"https:\/\/lacartebuissonniere.fr\/wp-content\/uploads\/2023\/08\/Flowering_Plants_in_Autumn-1024x452.jpg 1024w, https:\/\/lacartebuissonniere.fr\/wp-content\/uploads\/2023\/08\/Flowering_Plants_in_Autumn-300x132.jpg 300w, https:\/\/lacartebuissonniere.fr\/wp-content\/uploads\/2023\/08\/Flowering_Plants_in_Autumn-768x339.jpg 768w, https:\/\/lacartebuissonniere.fr\/wp-content\/uploads\/2023\/08\/Flowering_Plants_in_Autumn-1536x677.jpg 1536w, https:\/\/lacartebuissonniere.fr\/wp-content\/uploads\/2023\/08\/Flowering_Plants_in_Autumn-2048x903.jpg 2048w, https:\/\/lacartebuissonniere.fr\/wp-content\/uploads\/2023\/08\/Flowering_Plants_in_Autumn-600x265.jpg 600w\" sizes=\"auto, (max-width: 1024px) 100vw, 1024px\" \/><\/figure>\n<\/div>\n\n\n<p><\/p>\n\n\n\n<p>Lorsque j\u2019ai visit\u00e9 l\u2019exposition <a href=\"https:\/\/www.guimet.fr\/event\/hiroshige-et-leventail-voyage-au-japon-du-19e-siecle\/\" target=\"_blank\" rel=\"noreferrer noopener\">\u00ab\u00a0Hiroshige et l\u2019\u00e9ventail, voyage dans le Japon du 19<sup>e<\/sup> si\u00e8cle\u00a0\u00bb <\/a>en f\u00e9vrier dernier, j\u2019ai pass\u00e9 un moment \u00e9merveill\u00e9 devant ces sept plantes, repr\u00e9sent\u00e9es avec une pr\u00e9cision toute naturaliste sous un grand disque lunaire\u00a0:<\/p>\n\n\n<div class=\"wp-block-image\">\n<figure class=\"aligncenter size-large\"><img loading=\"lazy\" decoding=\"async\" width=\"1024\" height=\"740\" src=\"https:\/\/lacartebuissonniere.fr\/wp-content\/uploads\/2023\/08\/IMG_4311-1024x740.jpeg\" alt=\"\" class=\"wp-image-3793\" srcset=\"https:\/\/lacartebuissonniere.fr\/wp-content\/uploads\/2023\/08\/IMG_4311-1024x740.jpeg 1024w, https:\/\/lacartebuissonniere.fr\/wp-content\/uploads\/2023\/08\/IMG_4311-300x217.jpeg 300w, https:\/\/lacartebuissonniere.fr\/wp-content\/uploads\/2023\/08\/IMG_4311-768x555.jpeg 768w, https:\/\/lacartebuissonniere.fr\/wp-content\/uploads\/2023\/08\/IMG_4311-1536x1111.jpeg 1536w, https:\/\/lacartebuissonniere.fr\/wp-content\/uploads\/2023\/08\/IMG_4311-2048x1481.jpeg 2048w, https:\/\/lacartebuissonniere.fr\/wp-content\/uploads\/2023\/08\/IMG_4311-600x434.jpeg 600w\" sizes=\"auto, (max-width: 1024px) 100vw, 1024px\" \/><\/figure>\n<\/div>\n\n\n<p><\/p>\n\n\n\n<p>De gauche \u00e0 droite, vous pourrez reconna\u00eetre les plantes dans l\u2019ordre expos\u00e9 plus haut.<\/p>\n\n\n\n<p>On les retrouve sur ce kimono et cet inr\u00f4, \u00e9galement de la p\u00e9riode Edo (1603-1868)\u00a0:<\/p>\n\n\n\n<figure class=\"wp-block-gallery has-nested-images columns-default is-cropped wp-block-gallery-1 is-layout-flex wp-block-gallery-is-layout-flex\">\n<figure class=\"wp-block-image size-large\"><img loading=\"lazy\" decoding=\"async\" width=\"768\" height=\"1024\" data-id=\"3798\" src=\"https:\/\/lacartebuissonniere.fr\/wp-content\/uploads\/2023\/08\/01098BEE-5AC9-4D4E-B9FD-70627ADCA4F4_1_105_c-1.jpeg\" alt=\"\" class=\"wp-image-3798\" srcset=\"https:\/\/lacartebuissonniere.fr\/wp-content\/uploads\/2023\/08\/01098BEE-5AC9-4D4E-B9FD-70627ADCA4F4_1_105_c-1.jpeg 768w, https:\/\/lacartebuissonniere.fr\/wp-content\/uploads\/2023\/08\/01098BEE-5AC9-4D4E-B9FD-70627ADCA4F4_1_105_c-1-225x300.jpeg 225w, https:\/\/lacartebuissonniere.fr\/wp-content\/uploads\/2023\/08\/01098BEE-5AC9-4D4E-B9FD-70627ADCA4F4_1_105_c-1-450x600.jpeg 450w\" sizes=\"auto, (max-width: 768px) 100vw, 768px\" \/><\/figure>\n\n\n\n<figure class=\"wp-block-image size-large\"><img loading=\"lazy\" decoding=\"async\" width=\"768\" height=\"1024\" data-id=\"3797\" src=\"https:\/\/lacartebuissonniere.fr\/wp-content\/uploads\/2023\/08\/5F82A3AA-732E-4B9D-A2BB-CFCC771824D0_1_105_c-2.jpeg\" alt=\"\" class=\"wp-image-3797\" srcset=\"https:\/\/lacartebuissonniere.fr\/wp-content\/uploads\/2023\/08\/5F82A3AA-732E-4B9D-A2BB-CFCC771824D0_1_105_c-2.jpeg 768w, https:\/\/lacartebuissonniere.fr\/wp-content\/uploads\/2023\/08\/5F82A3AA-732E-4B9D-A2BB-CFCC771824D0_1_105_c-2-225x300.jpeg 225w, https:\/\/lacartebuissonniere.fr\/wp-content\/uploads\/2023\/08\/5F82A3AA-732E-4B9D-A2BB-CFCC771824D0_1_105_c-2-450x600.jpeg 450w\" sizes=\"auto, (max-width: 768px) 100vw, 768px\" \/><\/figure>\n<\/figure>\n\n\n\n<p><\/p>\n\n\n\n<p>C\u2019est donc tout logiquement que j\u2019ai eu envie d\u2019ajouter des feuilles de ginkgo dor\u00e9es aux sept plantes d\u2019automne\u00a0:<\/p>\n\n\n<div class=\"wp-block-image\">\n<figure class=\"aligncenter size-large\"><img loading=\"lazy\" decoding=\"async\" width=\"1024\" height=\"752\" src=\"https:\/\/lacartebuissonniere.fr\/wp-content\/uploads\/2023\/08\/C3F3A3DF-77EE-4723-847F-38126FD85F6A_1_105_c-1024x752.jpeg\" alt=\"\" class=\"wp-image-3799\" srcset=\"https:\/\/lacartebuissonniere.fr\/wp-content\/uploads\/2023\/08\/C3F3A3DF-77EE-4723-847F-38126FD85F6A_1_105_c-1024x752.jpeg 1024w, https:\/\/lacartebuissonniere.fr\/wp-content\/uploads\/2023\/08\/C3F3A3DF-77EE-4723-847F-38126FD85F6A_1_105_c-300x220.jpeg 300w, https:\/\/lacartebuissonniere.fr\/wp-content\/uploads\/2023\/08\/C3F3A3DF-77EE-4723-847F-38126FD85F6A_1_105_c-768x564.jpeg 768w, https:\/\/lacartebuissonniere.fr\/wp-content\/uploads\/2023\/08\/C3F3A3DF-77EE-4723-847F-38126FD85F6A_1_105_c-600x440.jpeg 600w, https:\/\/lacartebuissonniere.fr\/wp-content\/uploads\/2023\/08\/C3F3A3DF-77EE-4723-847F-38126FD85F6A_1_105_c.jpeg 1034w\" sizes=\"auto, (max-width: 1024px) 100vw, 1024px\" \/><\/figure>\n<\/div>\n\n\n<p><\/p>\n\n\n\n<p>Sources&nbsp;:<\/p>\n\n\n\n<p><a href=\"https:\/\/polinacouture.com\/la-signification-des-fleurs-sur-les-tissus-japonais\/#les-plantes-dautomne-akikusa\" target=\"_blank\" rel=\"noreferrer noopener\">\u00ab\u00a0Les plantes d\u2019Automne : \u00a0Akikusa\u00a0\u00bb<\/a><\/p>\n\n\n\n<p><a href=\"https:\/\/angel-torazou.com\/akikusa-en\/\" target=\"_blank\" rel=\"noreferrer noopener\">\u00ab\u00a0What is Akikusa-mon? \u00bb<\/a><\/p>\n\n\n\n<p><a href=\"https:\/\/www.aisf.or.jp\/~jaanus\/deta\/a\/akikusa.htm\" target=\"_blank\" rel=\"noreferrer noopener\">\u00ab\u00a0Akikusa\u00a0\u00bb<\/a> &#8211; JAANUS<\/p>\n","protected":false},"excerpt":{"rendered":"<p>Depuis le 1er septembre, c\u2019est l\u2019automne au sens m\u00e9t\u00e9orologique. Il est symbole de beaut\u00e9 et de nostalgie, exaltant cette sensibilit\u00e9 pour l\u2019\u00e9ph\u00e9m\u00e8re que les Japonais appellent&nbsp;mono no aware&nbsp;(\u7269\u306e\u54c0\u308c). Akikusa (\u79cb\u8349) est un terme g\u00e9n\u00e9rique qui d\u00e9signe des fleurs et herbes de cette saison. En g\u00e9n\u00e9ral, ces plantes regroupent sept esp\u00e8ces&nbsp;: eupatoires (fujibakama), campanules (kiky\u014d), pueraria [&hellip;]<\/p>\n","protected":false},"author":2,"featured_media":0,"comment_status":"open","ping_status":"open","sticky":false,"template":"","format":"standard","meta":{"two_page_speed":[],"footnotes":""},"categories":[16,17,18],"tags":[],"class_list":["post-3791","post","type-post","status-publish","format-standard","hentry","category-flaneries","category-flaneries-botaniques","category-flaneries-culturelles","entry"],"yoast_head":"<!-- This site is optimized with the Yoast SEO plugin v25.4 - https:\/\/yoast.com\/wordpress\/plugins\/seo\/ -->\n<title>Motif akikusa - La carte buissonni\u00e8re<\/title>\n<meta name=\"robots\" content=\"index, follow, max-snippet:-1, max-image-preview:large, max-video-preview:-1\" \/>\n<link rel=\"canonical\" href=\"https:\/\/lacartebuissonniere.fr\/index.php\/2023\/09\/06\/motif-akikusa-7-plantes-dautomne\/\" \/>\n<meta property=\"og:locale\" content=\"fr_FR\" \/>\n<meta property=\"og:type\" content=\"article\" \/>\n<meta property=\"og:title\" content=\"Motif akikusa - La carte buissonni\u00e8re\" \/>\n<meta property=\"og:description\" content=\"Depuis le 1er septembre, c\u2019est l\u2019automne au sens m\u00e9t\u00e9orologique. Il est symbole de beaut\u00e9 et de nostalgie, exaltant cette sensibilit\u00e9 pour l\u2019\u00e9ph\u00e9m\u00e8re que les Japonais appellent&nbsp;mono no aware&nbsp;(\u7269\u306e\u54c0\u308c). Akikusa (\u79cb\u8349) est un terme g\u00e9n\u00e9rique qui d\u00e9signe des fleurs et herbes de cette saison. En g\u00e9n\u00e9ral, ces plantes regroupent sept esp\u00e8ces&nbsp;: eupatoires (fujibakama), campanules (kiky\u014d), pueraria [&hellip;]\" \/>\n<meta property=\"og:url\" content=\"https:\/\/lacartebuissonniere.fr\/index.php\/2023\/09\/06\/motif-akikusa-7-plantes-dautomne\/\" \/>\n<meta property=\"og:site_name\" content=\"La carte buissonni\u00e8re\" \/>\n<meta property=\"article:publisher\" content=\"https:\/\/www.facebook.com\/lacartebuissonniere\/\" \/>\n<meta property=\"article:published_time\" content=\"2023-09-06T07:00:00+00:00\" \/>\n<meta property=\"og:image\" content=\"https:\/\/lacartebuissonniere.fr\/wp-content\/uploads\/2023\/08\/Flowering_Plants_in_Autumn-1024x452.jpg\" \/>\n<meta name=\"author\" content=\"Carte buissonni\u00e8re\" \/>\n<meta name=\"twitter:card\" content=\"summary_large_image\" \/>\n<meta name=\"twitter:label1\" content=\"\u00c9crit par\" \/>\n\t<meta name=\"twitter:data1\" content=\"Carte buissonni\u00e8re\" \/>\n\t<meta name=\"twitter:label2\" content=\"Dur\u00e9e de lecture estim\u00e9e\" \/>\n\t<meta name=\"twitter:data2\" content=\"3 minutes\" \/>\n<script type=\"application\/ld+json\" class=\"yoast-schema-graph\">{\"@context\":\"https:\/\/schema.org\",\"@graph\":[{\"@type\":\"Article\",\"@id\":\"https:\/\/lacartebuissonniere.fr\/index.php\/2023\/09\/06\/motif-akikusa-7-plantes-dautomne\/#article\",\"isPartOf\":{\"@id\":\"https:\/\/lacartebuissonniere.fr\/index.php\/2023\/09\/06\/motif-akikusa-7-plantes-dautomne\/\"},\"author\":{\"name\":\"Carte buissonni\u00e8re\",\"@id\":\"https:\/\/lacartebuissonniere.fr\/#\/schema\/person\/4e60af809837a2287e4f6d4daaf7abd4\"},\"headline\":\"Motif akikusa\",\"datePublished\":\"2023-09-06T07:00:00+00:00\",\"mainEntityOfPage\":{\"@id\":\"https:\/\/lacartebuissonniere.fr\/index.php\/2023\/09\/06\/motif-akikusa-7-plantes-dautomne\/\"},\"wordCount\":250,\"commentCount\":2,\"publisher\":{\"@id\":\"https:\/\/lacartebuissonniere.fr\/#organization\"},\"image\":{\"@id\":\"https:\/\/lacartebuissonniere.fr\/index.php\/2023\/09\/06\/motif-akikusa-7-plantes-dautomne\/#primaryimage\"},\"thumbnailUrl\":\"https:\/\/lacartebuissonniere.fr\/wp-content\/uploads\/2023\/08\/Flowering_Plants_in_Autumn-1024x452.jpg\",\"articleSection\":[\"FL\u00c2NERIES\",\"Fl\u00e2neries botaniques\",\"Fl\u00e2neries culturelles\"],\"inLanguage\":\"fr-FR\",\"potentialAction\":[{\"@type\":\"CommentAction\",\"name\":\"Comment\",\"target\":[\"https:\/\/lacartebuissonniere.fr\/index.php\/2023\/09\/06\/motif-akikusa-7-plantes-dautomne\/#respond\"]}]},{\"@type\":\"WebPage\",\"@id\":\"https:\/\/lacartebuissonniere.fr\/index.php\/2023\/09\/06\/motif-akikusa-7-plantes-dautomne\/\",\"url\":\"https:\/\/lacartebuissonniere.fr\/index.php\/2023\/09\/06\/motif-akikusa-7-plantes-dautomne\/\",\"name\":\"Motif akikusa - La carte buissonni\u00e8re\",\"isPartOf\":{\"@id\":\"https:\/\/lacartebuissonniere.fr\/#website\"},\"primaryImageOfPage\":{\"@id\":\"https:\/\/lacartebuissonniere.fr\/index.php\/2023\/09\/06\/motif-akikusa-7-plantes-dautomne\/#primaryimage\"},\"image\":{\"@id\":\"https:\/\/lacartebuissonniere.fr\/index.php\/2023\/09\/06\/motif-akikusa-7-plantes-dautomne\/#primaryimage\"},\"thumbnailUrl\":\"https:\/\/lacartebuissonniere.fr\/wp-content\/uploads\/2023\/08\/Flowering_Plants_in_Autumn-1024x452.jpg\",\"datePublished\":\"2023-09-06T07:00:00+00:00\",\"breadcrumb\":{\"@id\":\"https:\/\/lacartebuissonniere.fr\/index.php\/2023\/09\/06\/motif-akikusa-7-plantes-dautomne\/#breadcrumb\"},\"inLanguage\":\"fr-FR\",\"potentialAction\":[{\"@type\":\"ReadAction\",\"target\":[\"https:\/\/lacartebuissonniere.fr\/index.php\/2023\/09\/06\/motif-akikusa-7-plantes-dautomne\/\"]}]},{\"@type\":\"ImageObject\",\"inLanguage\":\"fr-FR\",\"@id\":\"https:\/\/lacartebuissonniere.fr\/index.php\/2023\/09\/06\/motif-akikusa-7-plantes-dautomne\/#primaryimage\",\"url\":\"https:\/\/lacartebuissonniere.fr\/wp-content\/uploads\/2023\/08\/Flowering_Plants_in_Autumn.jpg\",\"contentUrl\":\"https:\/\/lacartebuissonniere.fr\/wp-content\/uploads\/2023\/08\/Flowering_Plants_in_Autumn.jpg\",\"width\":2236,\"height\":986},{\"@type\":\"BreadcrumbList\",\"@id\":\"https:\/\/lacartebuissonniere.fr\/index.php\/2023\/09\/06\/motif-akikusa-7-plantes-dautomne\/#breadcrumb\",\"itemListElement\":[{\"@type\":\"ListItem\",\"position\":1,\"name\":\"Accueil\",\"item\":\"https:\/\/lacartebuissonniere.fr\/\"},{\"@type\":\"ListItem\",\"position\":2,\"name\":\"Motif akikusa\"}]},{\"@type\":\"WebSite\",\"@id\":\"https:\/\/lacartebuissonniere.fr\/#website\",\"url\":\"https:\/\/lacartebuissonniere.fr\/\",\"name\":\"La carte buissonni\u00e8re\",\"description\":\"\",\"publisher\":{\"@id\":\"https:\/\/lacartebuissonniere.fr\/#organization\"},\"potentialAction\":[{\"@type\":\"SearchAction\",\"target\":{\"@type\":\"EntryPoint\",\"urlTemplate\":\"https:\/\/lacartebuissonniere.fr\/?s={search_term_string}\"},\"query-input\":{\"@type\":\"PropertyValueSpecification\",\"valueRequired\":true,\"valueName\":\"search_term_string\"}}],\"inLanguage\":\"fr-FR\"},{\"@type\":\"Organization\",\"@id\":\"https:\/\/lacartebuissonniere.fr\/#organization\",\"name\":\"La carte buissonni\u00e8re\",\"url\":\"https:\/\/lacartebuissonniere.fr\/\",\"logo\":{\"@type\":\"ImageObject\",\"inLanguage\":\"fr-FR\",\"@id\":\"https:\/\/lacartebuissonniere.fr\/#\/schema\/logo\/image\/\",\"url\":\"https:\/\/lacartebuissonniere.fr\/wp-content\/uploads\/2022\/12\/Illustration-sans-titre.jpg\",\"contentUrl\":\"https:\/\/lacartebuissonniere.fr\/wp-content\/uploads\/2022\/12\/Illustration-sans-titre.jpg\",\"width\":637,\"height\":680,\"caption\":\"La carte buissonni\u00e8re\"},\"image\":{\"@id\":\"https:\/\/lacartebuissonniere.fr\/#\/schema\/logo\/image\/\"},\"sameAs\":[\"https:\/\/www.facebook.com\/lacartebuissonniere\/\",\"https:\/\/www.pinterest.fr\/DelphChabanne\/\"]},{\"@type\":\"Person\",\"@id\":\"https:\/\/lacartebuissonniere.fr\/#\/schema\/person\/4e60af809837a2287e4f6d4daaf7abd4\",\"name\":\"Carte buissonni\u00e8re\",\"image\":{\"@type\":\"ImageObject\",\"inLanguage\":\"fr-FR\",\"@id\":\"https:\/\/lacartebuissonniere.fr\/#\/schema\/person\/image\/\",\"url\":\"https:\/\/secure.gravatar.com\/avatar\/b543b5e0f093efbab3dfee8595bf9077ed504ab48ffeb378c9dc263381c278e6?s=96&d=mm&r=g\",\"contentUrl\":\"https:\/\/secure.gravatar.com\/avatar\/b543b5e0f093efbab3dfee8595bf9077ed504ab48ffeb378c9dc263381c278e6?s=96&d=mm&r=g\",\"caption\":\"Carte buissonni\u00e8re\"},\"sameAs\":[\"http:\/\/lacartebuissonniere.fr\"],\"url\":\"https:\/\/lacartebuissonniere.fr\/index.php\/author\/carteb\/\"}]}<\/script>\n<!-- \/ Yoast SEO plugin. -->","yoast_head_json":{"title":"Motif akikusa - La carte buissonni\u00e8re","robots":{"index":"index","follow":"follow","max-snippet":"max-snippet:-1","max-image-preview":"max-image-preview:large","max-video-preview":"max-video-preview:-1"},"canonical":"https:\/\/lacartebuissonniere.fr\/index.php\/2023\/09\/06\/motif-akikusa-7-plantes-dautomne\/","og_locale":"fr_FR","og_type":"article","og_title":"Motif akikusa - La carte buissonni\u00e8re","og_description":"Depuis le 1er septembre, c\u2019est l\u2019automne au sens m\u00e9t\u00e9orologique. Il est symbole de beaut\u00e9 et de nostalgie, exaltant cette sensibilit\u00e9 pour l\u2019\u00e9ph\u00e9m\u00e8re que les Japonais appellent&nbsp;mono no aware&nbsp;(\u7269\u306e\u54c0\u308c). Akikusa (\u79cb\u8349) est un terme g\u00e9n\u00e9rique qui d\u00e9signe des fleurs et herbes de cette saison. En g\u00e9n\u00e9ral, ces plantes regroupent sept esp\u00e8ces&nbsp;: eupatoires (fujibakama), campanules (kiky\u014d), pueraria [&hellip;]","og_url":"https:\/\/lacartebuissonniere.fr\/index.php\/2023\/09\/06\/motif-akikusa-7-plantes-dautomne\/","og_site_name":"La carte buissonni\u00e8re","article_publisher":"https:\/\/www.facebook.com\/lacartebuissonniere\/","article_published_time":"2023-09-06T07:00:00+00:00","og_image":[{"url":"https:\/\/lacartebuissonniere.fr\/wp-content\/uploads\/2023\/08\/Flowering_Plants_in_Autumn-1024x452.jpg","type":"","width":"","height":""}],"author":"Carte buissonni\u00e8re","twitter_card":"summary_large_image","twitter_misc":{"\u00c9crit par":"Carte buissonni\u00e8re","Dur\u00e9e de lecture estim\u00e9e":"3 minutes"},"schema":{"@context":"https:\/\/schema.org","@graph":[{"@type":"Article","@id":"https:\/\/lacartebuissonniere.fr\/index.php\/2023\/09\/06\/motif-akikusa-7-plantes-dautomne\/#article","isPartOf":{"@id":"https:\/\/lacartebuissonniere.fr\/index.php\/2023\/09\/06\/motif-akikusa-7-plantes-dautomne\/"},"author":{"name":"Carte buissonni\u00e8re","@id":"https:\/\/lacartebuissonniere.fr\/#\/schema\/person\/4e60af809837a2287e4f6d4daaf7abd4"},"headline":"Motif akikusa","datePublished":"2023-09-06T07:00:00+00:00","mainEntityOfPage":{"@id":"https:\/\/lacartebuissonniere.fr\/index.php\/2023\/09\/06\/motif-akikusa-7-plantes-dautomne\/"},"wordCount":250,"commentCount":2,"publisher":{"@id":"https:\/\/lacartebuissonniere.fr\/#organization"},"image":{"@id":"https:\/\/lacartebuissonniere.fr\/index.php\/2023\/09\/06\/motif-akikusa-7-plantes-dautomne\/#primaryimage"},"thumbnailUrl":"https:\/\/lacartebuissonniere.fr\/wp-content\/uploads\/2023\/08\/Flowering_Plants_in_Autumn-1024x452.jpg","articleSection":["FL\u00c2NERIES","Fl\u00e2neries botaniques","Fl\u00e2neries culturelles"],"inLanguage":"fr-FR","potentialAction":[{"@type":"CommentAction","name":"Comment","target":["https:\/\/lacartebuissonniere.fr\/index.php\/2023\/09\/06\/motif-akikusa-7-plantes-dautomne\/#respond"]}]},{"@type":"WebPage","@id":"https:\/\/lacartebuissonniere.fr\/index.php\/2023\/09\/06\/motif-akikusa-7-plantes-dautomne\/","url":"https:\/\/lacartebuissonniere.fr\/index.php\/2023\/09\/06\/motif-akikusa-7-plantes-dautomne\/","name":"Motif akikusa - La carte buissonni\u00e8re","isPartOf":{"@id":"https:\/\/lacartebuissonniere.fr\/#website"},"primaryImageOfPage":{"@id":"https:\/\/lacartebuissonniere.fr\/index.php\/2023\/09\/06\/motif-akikusa-7-plantes-dautomne\/#primaryimage"},"image":{"@id":"https:\/\/lacartebuissonniere.fr\/index.php\/2023\/09\/06\/motif-akikusa-7-plantes-dautomne\/#primaryimage"},"thumbnailUrl":"https:\/\/lacartebuissonniere.fr\/wp-content\/uploads\/2023\/08\/Flowering_Plants_in_Autumn-1024x452.jpg","datePublished":"2023-09-06T07:00:00+00:00","breadcrumb":{"@id":"https:\/\/lacartebuissonniere.fr\/index.php\/2023\/09\/06\/motif-akikusa-7-plantes-dautomne\/#breadcrumb"},"inLanguage":"fr-FR","potentialAction":[{"@type":"ReadAction","target":["https:\/\/lacartebuissonniere.fr\/index.php\/2023\/09\/06\/motif-akikusa-7-plantes-dautomne\/"]}]},{"@type":"ImageObject","inLanguage":"fr-FR","@id":"https:\/\/lacartebuissonniere.fr\/index.php\/2023\/09\/06\/motif-akikusa-7-plantes-dautomne\/#primaryimage","url":"https:\/\/lacartebuissonniere.fr\/wp-content\/uploads\/2023\/08\/Flowering_Plants_in_Autumn.jpg","contentUrl":"https:\/\/lacartebuissonniere.fr\/wp-content\/uploads\/2023\/08\/Flowering_Plants_in_Autumn.jpg","width":2236,"height":986},{"@type":"BreadcrumbList","@id":"https:\/\/lacartebuissonniere.fr\/index.php\/2023\/09\/06\/motif-akikusa-7-plantes-dautomne\/#breadcrumb","itemListElement":[{"@type":"ListItem","position":1,"name":"Accueil","item":"https:\/\/lacartebuissonniere.fr\/"},{"@type":"ListItem","position":2,"name":"Motif akikusa"}]},{"@type":"WebSite","@id":"https:\/\/lacartebuissonniere.fr\/#website","url":"https:\/\/lacartebuissonniere.fr\/","name":"La carte buissonni\u00e8re","description":"","publisher":{"@id":"https:\/\/lacartebuissonniere.fr\/#organization"},"potentialAction":[{"@type":"SearchAction","target":{"@type":"EntryPoint","urlTemplate":"https:\/\/lacartebuissonniere.fr\/?s={search_term_string}"},"query-input":{"@type":"PropertyValueSpecification","valueRequired":true,"valueName":"search_term_string"}}],"inLanguage":"fr-FR"},{"@type":"Organization","@id":"https:\/\/lacartebuissonniere.fr\/#organization","name":"La carte buissonni\u00e8re","url":"https:\/\/lacartebuissonniere.fr\/","logo":{"@type":"ImageObject","inLanguage":"fr-FR","@id":"https:\/\/lacartebuissonniere.fr\/#\/schema\/logo\/image\/","url":"https:\/\/lacartebuissonniere.fr\/wp-content\/uploads\/2022\/12\/Illustration-sans-titre.jpg","contentUrl":"https:\/\/lacartebuissonniere.fr\/wp-content\/uploads\/2022\/12\/Illustration-sans-titre.jpg","width":637,"height":680,"caption":"La carte buissonni\u00e8re"},"image":{"@id":"https:\/\/lacartebuissonniere.fr\/#\/schema\/logo\/image\/"},"sameAs":["https:\/\/www.facebook.com\/lacartebuissonniere\/","https:\/\/www.pinterest.fr\/DelphChabanne\/"]},{"@type":"Person","@id":"https:\/\/lacartebuissonniere.fr\/#\/schema\/person\/4e60af809837a2287e4f6d4daaf7abd4","name":"Carte buissonni\u00e8re","image":{"@type":"ImageObject","inLanguage":"fr-FR","@id":"https:\/\/lacartebuissonniere.fr\/#\/schema\/person\/image\/","url":"https:\/\/secure.gravatar.com\/avatar\/b543b5e0f093efbab3dfee8595bf9077ed504ab48ffeb378c9dc263381c278e6?s=96&d=mm&r=g","contentUrl":"https:\/\/secure.gravatar.com\/avatar\/b543b5e0f093efbab3dfee8595bf9077ed504ab48ffeb378c9dc263381c278e6?s=96&d=mm&r=g","caption":"Carte buissonni\u00e8re"},"sameAs":["http:\/\/lacartebuissonniere.fr"],"url":"https:\/\/lacartebuissonniere.fr\/index.php\/author\/carteb\/"}]}},"_links":{"self":[{"href":"https:\/\/lacartebuissonniere.fr\/index.php\/wp-json\/wp\/v2\/posts\/3791","targetHints":{"allow":["GET"]}}],"collection":[{"href":"https:\/\/lacartebuissonniere.fr\/index.php\/wp-json\/wp\/v2\/posts"}],"about":[{"href":"https:\/\/lacartebuissonniere.fr\/index.php\/wp-json\/wp\/v2\/types\/post"}],"author":[{"embeddable":true,"href":"https:\/\/lacartebuissonniere.fr\/index.php\/wp-json\/wp\/v2\/users\/2"}],"replies":[{"embeddable":true,"href":"https:\/\/lacartebuissonniere.fr\/index.php\/wp-json\/wp\/v2\/comments?post=3791"}],"version-history":[{"count":2,"href":"https:\/\/lacartebuissonniere.fr\/index.php\/wp-json\/wp\/v2\/posts\/3791\/revisions"}],"predecessor-version":[{"id":3801,"href":"https:\/\/lacartebuissonniere.fr\/index.php\/wp-json\/wp\/v2\/posts\/3791\/revisions\/3801"}],"wp:attachment":[{"href":"https:\/\/lacartebuissonniere.fr\/index.php\/wp-json\/wp\/v2\/media?parent=3791"}],"wp:term":[{"taxonomy":"category","embeddable":true,"href":"https:\/\/lacartebuissonniere.fr\/index.php\/wp-json\/wp\/v2\/categories?post=3791"},{"taxonomy":"post_tag","embeddable":true,"href":"https:\/\/lacartebuissonniere.fr\/index.php\/wp-json\/wp\/v2\/tags?post=3791"}],"curies":[{"name":"wp","href":"https:\/\/api.w.org\/{rel}","templated":true}]}}