{"id":3821,"date":"2023-09-10T09:00:00","date_gmt":"2023-09-10T07:00:00","guid":{"rendered":"https:\/\/lacartebuissonniere.fr\/?p=3821"},"modified":"2023-08-21T10:26:51","modified_gmt":"2023-08-21T08:26:51","slug":"sous-le-signe-de-lecrevisse","status":"publish","type":"post","link":"https:\/\/lacartebuissonniere.fr\/index.php\/2023\/09\/10\/sous-le-signe-de-lecrevisse\/","title":{"rendered":"Sous le signe de l\u2019\u00e9crevisse"},"content":{"rendered":"\n<p><\/p>\n\n\n\n<p>Dans le calendrier r\u00e9publicain fran\u00e7ais, le 24<sup>e<\/sup> jour du mois de fructidor, souvent notre 10 septembre, \u00e9tait d\u00e9nomm\u00e9 jour de l\u2019\u00e9crevisse.<\/p>\n\n\n\n<p>Ce petit crustac\u00e9 d\u00e9capode (\u00e0 dix pattes) vit habituellement dans les eaux douces.<\/p>\n\n\n\n<p>Celle-ci venait d\u2019\u00eatre sortie de la Seine par des plongeurs de la Protection civile en exercice\u00a0:<\/p>\n\n\n<div class=\"wp-block-image\">\n<figure class=\"aligncenter size-large\"><img loading=\"lazy\" decoding=\"async\" width=\"1024\" height=\"739\" src=\"https:\/\/lacartebuissonniere.fr\/wp-content\/uploads\/2023\/08\/E07E908D-F4F4-4317-9494-6E1A98A78491_1_105_c-1024x739.jpeg\" alt=\"\" class=\"wp-image-3822\" srcset=\"https:\/\/lacartebuissonniere.fr\/wp-content\/uploads\/2023\/08\/E07E908D-F4F4-4317-9494-6E1A98A78491_1_105_c-1024x739.jpeg 1024w, https:\/\/lacartebuissonniere.fr\/wp-content\/uploads\/2023\/08\/E07E908D-F4F4-4317-9494-6E1A98A78491_1_105_c-300x216.jpeg 300w, https:\/\/lacartebuissonniere.fr\/wp-content\/uploads\/2023\/08\/E07E908D-F4F4-4317-9494-6E1A98A78491_1_105_c-768x554.jpeg 768w, https:\/\/lacartebuissonniere.fr\/wp-content\/uploads\/2023\/08\/E07E908D-F4F4-4317-9494-6E1A98A78491_1_105_c-600x433.jpeg 600w, https:\/\/lacartebuissonniere.fr\/wp-content\/uploads\/2023\/08\/E07E908D-F4F4-4317-9494-6E1A98A78491_1_105_c.jpeg 1044w\" sizes=\"auto, (max-width: 1024px) 100vw, 1024px\" \/><\/figure>\n<\/div>\n\n\n<p><\/p>\n\n\n\n<p>Sa large nageoire caudale lui permet de reculer brusquement en cas de danger.<\/p>\n\n\n\n<p>Cette particularit\u00e9 a retenu l\u2019attention amus\u00e9e de deux grands auteurs&nbsp;: Apollinaire et Flaubert.<\/p>\n\n\n\n<p>Dans <em>Le Bestiaire ou Cort\u00e8ge d&rsquo;Orph\u00e9e<\/em>, paru en 1911, Apollinaire lui consacre un de ses courts po\u00e8mes&nbsp;:<\/p>\n\n\n\n<p>\u00ab\u00a0Incertitude, \u00f4 mes d\u00e9lices<br>Vous et moi nous nous en allons<br>Comme s\u2019en vont les \u00e9crevisses,<br>\u00c0 reculons, \u00e0 reculons.\u00a0\u00bb<\/p>\n\n\n\n<p>Raoul Dufy, qui a travaill\u00e9 avec le po\u00e8te \u00e0 l\u2019\u00e9laboration du recueil, l\u2019illustre ainsi\u00a0:<\/p>\n\n\n<div class=\"wp-block-image\">\n<figure class=\"aligncenter size-full\"><img loading=\"lazy\" decoding=\"async\" width=\"863\" height=\"910\" src=\"https:\/\/lacartebuissonniere.fr\/wp-content\/uploads\/2023\/08\/EF2E36C5-8BF2-4B1B-9C58-73CBFCE1219B_1_105_c.jpeg\" alt=\"\" class=\"wp-image-3823\" srcset=\"https:\/\/lacartebuissonniere.fr\/wp-content\/uploads\/2023\/08\/EF2E36C5-8BF2-4B1B-9C58-73CBFCE1219B_1_105_c.jpeg 863w, https:\/\/lacartebuissonniere.fr\/wp-content\/uploads\/2023\/08\/EF2E36C5-8BF2-4B1B-9C58-73CBFCE1219B_1_105_c-285x300.jpeg 285w, https:\/\/lacartebuissonniere.fr\/wp-content\/uploads\/2023\/08\/EF2E36C5-8BF2-4B1B-9C58-73CBFCE1219B_1_105_c-768x810.jpeg 768w, https:\/\/lacartebuissonniere.fr\/wp-content\/uploads\/2023\/08\/EF2E36C5-8BF2-4B1B-9C58-73CBFCE1219B_1_105_c-569x600.jpeg 569w\" sizes=\"auto, (max-width: 863px) 100vw, 863px\" \/><\/figure>\n<\/div>\n\n\n<p><\/p>\n\n\n\n<p>Et vous pouvez \u00e9galement en entendre la <a href=\"https:\/\/m.youtube.com\/watch?v=M2zyUVQUp9E\" target=\"_blank\" rel=\"noreferrer noopener\">m\u00e9lodie de Francis Poulenc, interpr\u00e9t\u00e9e par St\u00e9phane Degout<\/a>.<\/p>\n\n\n\n<p>Quant \u00e0 Flaubert, c\u2019est dans son <em>Dictionnaire des id\u00e9es re\u00e7ues<\/em>, publi\u00e9 \u00e0 titre posthume en 1913, que l\u2019on trouve une entr\u00e9e \u00ab&nbsp;\u00e9crevisse&nbsp;\u00bb fort dr\u00f4le&nbsp;:<\/p>\n\n\n\n<p>\u00ab&nbsp;Marche \u00e0 reculons. Toujours appeler les r\u00e9actionnaires des \u00e9crevisses.&nbsp;\u00bb<\/p>\n\n\n\n<p>Pour demeurer sur une note joyeuse, j\u2019ai cr\u00e9\u00e9 des cartes buissonni\u00e8res de la belle couleur rouge qu\u2019elles prennent \u00e0 la cuisson\u00a0!<\/p>\n\n\n<div class=\"wp-block-image\">\n<figure class=\"aligncenter size-full\"><img loading=\"lazy\" decoding=\"async\" width=\"1025\" height=\"766\" src=\"https:\/\/lacartebuissonniere.fr\/wp-content\/uploads\/2023\/08\/02FE62DE-3077-45F3-8C8B-612D45B07D36_1_105_c.jpeg\" alt=\"\" class=\"wp-image-3824\" srcset=\"https:\/\/lacartebuissonniere.fr\/wp-content\/uploads\/2023\/08\/02FE62DE-3077-45F3-8C8B-612D45B07D36_1_105_c.jpeg 1025w, https:\/\/lacartebuissonniere.fr\/wp-content\/uploads\/2023\/08\/02FE62DE-3077-45F3-8C8B-612D45B07D36_1_105_c-300x224.jpeg 300w, https:\/\/lacartebuissonniere.fr\/wp-content\/uploads\/2023\/08\/02FE62DE-3077-45F3-8C8B-612D45B07D36_1_105_c-768x574.jpeg 768w, https:\/\/lacartebuissonniere.fr\/wp-content\/uploads\/2023\/08\/02FE62DE-3077-45F3-8C8B-612D45B07D36_1_105_c-600x448.jpeg 600w\" sizes=\"auto, (max-width: 1025px) 100vw, 1025px\" \/><\/figure>\n<\/div>","protected":false},"excerpt":{"rendered":"<p>Dans le calendrier r\u00e9publicain fran\u00e7ais, le 24e jour du mois de fructidor, souvent notre 10 septembre, \u00e9tait d\u00e9nomm\u00e9 jour de l\u2019\u00e9crevisse. Ce petit crustac\u00e9 d\u00e9capode (\u00e0 dix pattes) vit habituellement dans les eaux douces. Celle-ci venait d\u2019\u00eatre sortie de la Seine par des plongeurs de la Protection civile en exercice\u00a0: Sa large nageoire caudale lui [&hellip;]<\/p>\n","protected":false},"author":2,"featured_media":0,"comment_status":"open","ping_status":"open","sticky":false,"template":"","format":"standard","meta":{"two_page_speed":[],"footnotes":""},"categories":[16,18],"tags":[],"class_list":["post-3821","post","type-post","status-publish","format-standard","hentry","category-flaneries","category-flaneries-culturelles","entry"],"yoast_head":"<!-- This site is optimized with the Yoast SEO plugin v25.4 - https:\/\/yoast.com\/wordpress\/plugins\/seo\/ -->\n<title>Sous le signe de l\u2019\u00e9crevisse - La carte buissonni\u00e8re<\/title>\n<meta name=\"robots\" content=\"index, follow, max-snippet:-1, max-image-preview:large, max-video-preview:-1\" \/>\n<link rel=\"canonical\" href=\"https:\/\/lacartebuissonniere.fr\/index.php\/2023\/09\/10\/sous-le-signe-de-lecrevisse\/\" \/>\n<meta property=\"og:locale\" content=\"fr_FR\" \/>\n<meta property=\"og:type\" content=\"article\" \/>\n<meta property=\"og:title\" content=\"Sous le signe de l\u2019\u00e9crevisse - La carte buissonni\u00e8re\" \/>\n<meta property=\"og:description\" content=\"Dans le calendrier r\u00e9publicain fran\u00e7ais, le 24e jour du mois de fructidor, souvent notre 10 septembre, \u00e9tait d\u00e9nomm\u00e9 jour de l\u2019\u00e9crevisse. Ce petit crustac\u00e9 d\u00e9capode (\u00e0 dix pattes) vit habituellement dans les eaux douces. Celle-ci venait d\u2019\u00eatre sortie de la Seine par des plongeurs de la Protection civile en exercice\u00a0: Sa large nageoire caudale lui [&hellip;]\" \/>\n<meta property=\"og:url\" content=\"https:\/\/lacartebuissonniere.fr\/index.php\/2023\/09\/10\/sous-le-signe-de-lecrevisse\/\" \/>\n<meta property=\"og:site_name\" content=\"La carte buissonni\u00e8re\" \/>\n<meta property=\"article:publisher\" content=\"https:\/\/www.facebook.com\/lacartebuissonniere\/\" \/>\n<meta property=\"article:published_time\" content=\"2023-09-10T07:00:00+00:00\" \/>\n<meta property=\"og:image\" content=\"https:\/\/lacartebuissonniere.fr\/wp-content\/uploads\/2023\/08\/E07E908D-F4F4-4317-9494-6E1A98A78491_1_105_c-1024x739.jpeg\" \/>\n<meta name=\"author\" content=\"Carte buissonni\u00e8re\" \/>\n<meta name=\"twitter:card\" content=\"summary_large_image\" \/>\n<meta name=\"twitter:label1\" content=\"\u00c9crit par\" \/>\n\t<meta name=\"twitter:data1\" content=\"Carte buissonni\u00e8re\" \/>\n\t<meta name=\"twitter:label2\" content=\"Dur\u00e9e de lecture estim\u00e9e\" \/>\n\t<meta name=\"twitter:data2\" content=\"2 minutes\" \/>\n<script type=\"application\/ld+json\" class=\"yoast-schema-graph\">{\"@context\":\"https:\/\/schema.org\",\"@graph\":[{\"@type\":\"Article\",\"@id\":\"https:\/\/lacartebuissonniere.fr\/index.php\/2023\/09\/10\/sous-le-signe-de-lecrevisse\/#article\",\"isPartOf\":{\"@id\":\"https:\/\/lacartebuissonniere.fr\/index.php\/2023\/09\/10\/sous-le-signe-de-lecrevisse\/\"},\"author\":{\"name\":\"Carte buissonni\u00e8re\",\"@id\":\"https:\/\/lacartebuissonniere.fr\/#\/schema\/person\/4e60af809837a2287e4f6d4daaf7abd4\"},\"headline\":\"Sous le signe de l\u2019\u00e9crevisse\",\"datePublished\":\"2023-09-10T07:00:00+00:00\",\"mainEntityOfPage\":{\"@id\":\"https:\/\/lacartebuissonniere.fr\/index.php\/2023\/09\/10\/sous-le-signe-de-lecrevisse\/\"},\"wordCount\":225,\"commentCount\":1,\"publisher\":{\"@id\":\"https:\/\/lacartebuissonniere.fr\/#organization\"},\"image\":{\"@id\":\"https:\/\/lacartebuissonniere.fr\/index.php\/2023\/09\/10\/sous-le-signe-de-lecrevisse\/#primaryimage\"},\"thumbnailUrl\":\"https:\/\/lacartebuissonniere.fr\/wp-content\/uploads\/2023\/08\/E07E908D-F4F4-4317-9494-6E1A98A78491_1_105_c-1024x739.jpeg\",\"articleSection\":[\"FL\u00c2NERIES\",\"Fl\u00e2neries culturelles\"],\"inLanguage\":\"fr-FR\",\"potentialAction\":[{\"@type\":\"CommentAction\",\"name\":\"Comment\",\"target\":[\"https:\/\/lacartebuissonniere.fr\/index.php\/2023\/09\/10\/sous-le-signe-de-lecrevisse\/#respond\"]}]},{\"@type\":\"WebPage\",\"@id\":\"https:\/\/lacartebuissonniere.fr\/index.php\/2023\/09\/10\/sous-le-signe-de-lecrevisse\/\",\"url\":\"https:\/\/lacartebuissonniere.fr\/index.php\/2023\/09\/10\/sous-le-signe-de-lecrevisse\/\",\"name\":\"Sous le signe de l\u2019\u00e9crevisse - La carte buissonni\u00e8re\",\"isPartOf\":{\"@id\":\"https:\/\/lacartebuissonniere.fr\/#website\"},\"primaryImageOfPage\":{\"@id\":\"https:\/\/lacartebuissonniere.fr\/index.php\/2023\/09\/10\/sous-le-signe-de-lecrevisse\/#primaryimage\"},\"image\":{\"@id\":\"https:\/\/lacartebuissonniere.fr\/index.php\/2023\/09\/10\/sous-le-signe-de-lecrevisse\/#primaryimage\"},\"thumbnailUrl\":\"https:\/\/lacartebuissonniere.fr\/wp-content\/uploads\/2023\/08\/E07E908D-F4F4-4317-9494-6E1A98A78491_1_105_c-1024x739.jpeg\",\"datePublished\":\"2023-09-10T07:00:00+00:00\",\"breadcrumb\":{\"@id\":\"https:\/\/lacartebuissonniere.fr\/index.php\/2023\/09\/10\/sous-le-signe-de-lecrevisse\/#breadcrumb\"},\"inLanguage\":\"fr-FR\",\"potentialAction\":[{\"@type\":\"ReadAction\",\"target\":[\"https:\/\/lacartebuissonniere.fr\/index.php\/2023\/09\/10\/sous-le-signe-de-lecrevisse\/\"]}]},{\"@type\":\"ImageObject\",\"inLanguage\":\"fr-FR\",\"@id\":\"https:\/\/lacartebuissonniere.fr\/index.php\/2023\/09\/10\/sous-le-signe-de-lecrevisse\/#primaryimage\",\"url\":\"https:\/\/lacartebuissonniere.fr\/wp-content\/uploads\/2023\/08\/E07E908D-F4F4-4317-9494-6E1A98A78491_1_105_c-1024x739.jpeg\",\"contentUrl\":\"https:\/\/lacartebuissonniere.fr\/wp-content\/uploads\/2023\/08\/E07E908D-F4F4-4317-9494-6E1A98A78491_1_105_c-1024x739.jpeg\"},{\"@type\":\"BreadcrumbList\",\"@id\":\"https:\/\/lacartebuissonniere.fr\/index.php\/2023\/09\/10\/sous-le-signe-de-lecrevisse\/#breadcrumb\",\"itemListElement\":[{\"@type\":\"ListItem\",\"position\":1,\"name\":\"Accueil\",\"item\":\"https:\/\/lacartebuissonniere.fr\/\"},{\"@type\":\"ListItem\",\"position\":2,\"name\":\"Sous le signe de l\u2019\u00e9crevisse\"}]},{\"@type\":\"WebSite\",\"@id\":\"https:\/\/lacartebuissonniere.fr\/#website\",\"url\":\"https:\/\/lacartebuissonniere.fr\/\",\"name\":\"La carte buissonni\u00e8re\",\"description\":\"\",\"publisher\":{\"@id\":\"https:\/\/lacartebuissonniere.fr\/#organization\"},\"potentialAction\":[{\"@type\":\"SearchAction\",\"target\":{\"@type\":\"EntryPoint\",\"urlTemplate\":\"https:\/\/lacartebuissonniere.fr\/?s={search_term_string}\"},\"query-input\":{\"@type\":\"PropertyValueSpecification\",\"valueRequired\":true,\"valueName\":\"search_term_string\"}}],\"inLanguage\":\"fr-FR\"},{\"@type\":\"Organization\",\"@id\":\"https:\/\/lacartebuissonniere.fr\/#organization\",\"name\":\"La carte buissonni\u00e8re\",\"url\":\"https:\/\/lacartebuissonniere.fr\/\",\"logo\":{\"@type\":\"ImageObject\",\"inLanguage\":\"fr-FR\",\"@id\":\"https:\/\/lacartebuissonniere.fr\/#\/schema\/logo\/image\/\",\"url\":\"https:\/\/lacartebuissonniere.fr\/wp-content\/uploads\/2022\/12\/Illustration-sans-titre.jpg\",\"contentUrl\":\"https:\/\/lacartebuissonniere.fr\/wp-content\/uploads\/2022\/12\/Illustration-sans-titre.jpg\",\"width\":637,\"height\":680,\"caption\":\"La carte buissonni\u00e8re\"},\"image\":{\"@id\":\"https:\/\/lacartebuissonniere.fr\/#\/schema\/logo\/image\/\"},\"sameAs\":[\"https:\/\/www.facebook.com\/lacartebuissonniere\/\",\"https:\/\/www.pinterest.fr\/DelphChabanne\/\"]},{\"@type\":\"Person\",\"@id\":\"https:\/\/lacartebuissonniere.fr\/#\/schema\/person\/4e60af809837a2287e4f6d4daaf7abd4\",\"name\":\"Carte buissonni\u00e8re\",\"image\":{\"@type\":\"ImageObject\",\"inLanguage\":\"fr-FR\",\"@id\":\"https:\/\/lacartebuissonniere.fr\/#\/schema\/person\/image\/\",\"url\":\"https:\/\/secure.gravatar.com\/avatar\/b543b5e0f093efbab3dfee8595bf9077ed504ab48ffeb378c9dc263381c278e6?s=96&d=mm&r=g\",\"contentUrl\":\"https:\/\/secure.gravatar.com\/avatar\/b543b5e0f093efbab3dfee8595bf9077ed504ab48ffeb378c9dc263381c278e6?s=96&d=mm&r=g\",\"caption\":\"Carte buissonni\u00e8re\"},\"sameAs\":[\"http:\/\/lacartebuissonniere.fr\"],\"url\":\"https:\/\/lacartebuissonniere.fr\/index.php\/author\/carteb\/\"}]}<\/script>\n<!-- \/ Yoast SEO plugin. -->","yoast_head_json":{"title":"Sous le signe de l\u2019\u00e9crevisse - La carte buissonni\u00e8re","robots":{"index":"index","follow":"follow","max-snippet":"max-snippet:-1","max-image-preview":"max-image-preview:large","max-video-preview":"max-video-preview:-1"},"canonical":"https:\/\/lacartebuissonniere.fr\/index.php\/2023\/09\/10\/sous-le-signe-de-lecrevisse\/","og_locale":"fr_FR","og_type":"article","og_title":"Sous le signe de l\u2019\u00e9crevisse - La carte buissonni\u00e8re","og_description":"Dans le calendrier r\u00e9publicain fran\u00e7ais, le 24e jour du mois de fructidor, souvent notre 10 septembre, \u00e9tait d\u00e9nomm\u00e9 jour de l\u2019\u00e9crevisse. Ce petit crustac\u00e9 d\u00e9capode (\u00e0 dix pattes) vit habituellement dans les eaux douces. Celle-ci venait d\u2019\u00eatre sortie de la Seine par des plongeurs de la Protection civile en exercice\u00a0: Sa large nageoire caudale lui [&hellip;]","og_url":"https:\/\/lacartebuissonniere.fr\/index.php\/2023\/09\/10\/sous-le-signe-de-lecrevisse\/","og_site_name":"La carte buissonni\u00e8re","article_publisher":"https:\/\/www.facebook.com\/lacartebuissonniere\/","article_published_time":"2023-09-10T07:00:00+00:00","og_image":[{"url":"https:\/\/lacartebuissonniere.fr\/wp-content\/uploads\/2023\/08\/E07E908D-F4F4-4317-9494-6E1A98A78491_1_105_c-1024x739.jpeg","type":"","width":"","height":""}],"author":"Carte buissonni\u00e8re","twitter_card":"summary_large_image","twitter_misc":{"\u00c9crit par":"Carte buissonni\u00e8re","Dur\u00e9e de lecture estim\u00e9e":"2 minutes"},"schema":{"@context":"https:\/\/schema.org","@graph":[{"@type":"Article","@id":"https:\/\/lacartebuissonniere.fr\/index.php\/2023\/09\/10\/sous-le-signe-de-lecrevisse\/#article","isPartOf":{"@id":"https:\/\/lacartebuissonniere.fr\/index.php\/2023\/09\/10\/sous-le-signe-de-lecrevisse\/"},"author":{"name":"Carte buissonni\u00e8re","@id":"https:\/\/lacartebuissonniere.fr\/#\/schema\/person\/4e60af809837a2287e4f6d4daaf7abd4"},"headline":"Sous le signe de l\u2019\u00e9crevisse","datePublished":"2023-09-10T07:00:00+00:00","mainEntityOfPage":{"@id":"https:\/\/lacartebuissonniere.fr\/index.php\/2023\/09\/10\/sous-le-signe-de-lecrevisse\/"},"wordCount":225,"commentCount":1,"publisher":{"@id":"https:\/\/lacartebuissonniere.fr\/#organization"},"image":{"@id":"https:\/\/lacartebuissonniere.fr\/index.php\/2023\/09\/10\/sous-le-signe-de-lecrevisse\/#primaryimage"},"thumbnailUrl":"https:\/\/lacartebuissonniere.fr\/wp-content\/uploads\/2023\/08\/E07E908D-F4F4-4317-9494-6E1A98A78491_1_105_c-1024x739.jpeg","articleSection":["FL\u00c2NERIES","Fl\u00e2neries culturelles"],"inLanguage":"fr-FR","potentialAction":[{"@type":"CommentAction","name":"Comment","target":["https:\/\/lacartebuissonniere.fr\/index.php\/2023\/09\/10\/sous-le-signe-de-lecrevisse\/#respond"]}]},{"@type":"WebPage","@id":"https:\/\/lacartebuissonniere.fr\/index.php\/2023\/09\/10\/sous-le-signe-de-lecrevisse\/","url":"https:\/\/lacartebuissonniere.fr\/index.php\/2023\/09\/10\/sous-le-signe-de-lecrevisse\/","name":"Sous le signe de l\u2019\u00e9crevisse - La carte buissonni\u00e8re","isPartOf":{"@id":"https:\/\/lacartebuissonniere.fr\/#website"},"primaryImageOfPage":{"@id":"https:\/\/lacartebuissonniere.fr\/index.php\/2023\/09\/10\/sous-le-signe-de-lecrevisse\/#primaryimage"},"image":{"@id":"https:\/\/lacartebuissonniere.fr\/index.php\/2023\/09\/10\/sous-le-signe-de-lecrevisse\/#primaryimage"},"thumbnailUrl":"https:\/\/lacartebuissonniere.fr\/wp-content\/uploads\/2023\/08\/E07E908D-F4F4-4317-9494-6E1A98A78491_1_105_c-1024x739.jpeg","datePublished":"2023-09-10T07:00:00+00:00","breadcrumb":{"@id":"https:\/\/lacartebuissonniere.fr\/index.php\/2023\/09\/10\/sous-le-signe-de-lecrevisse\/#breadcrumb"},"inLanguage":"fr-FR","potentialAction":[{"@type":"ReadAction","target":["https:\/\/lacartebuissonniere.fr\/index.php\/2023\/09\/10\/sous-le-signe-de-lecrevisse\/"]}]},{"@type":"ImageObject","inLanguage":"fr-FR","@id":"https:\/\/lacartebuissonniere.fr\/index.php\/2023\/09\/10\/sous-le-signe-de-lecrevisse\/#primaryimage","url":"https:\/\/lacartebuissonniere.fr\/wp-content\/uploads\/2023\/08\/E07E908D-F4F4-4317-9494-6E1A98A78491_1_105_c-1024x739.jpeg","contentUrl":"https:\/\/lacartebuissonniere.fr\/wp-content\/uploads\/2023\/08\/E07E908D-F4F4-4317-9494-6E1A98A78491_1_105_c-1024x739.jpeg"},{"@type":"BreadcrumbList","@id":"https:\/\/lacartebuissonniere.fr\/index.php\/2023\/09\/10\/sous-le-signe-de-lecrevisse\/#breadcrumb","itemListElement":[{"@type":"ListItem","position":1,"name":"Accueil","item":"https:\/\/lacartebuissonniere.fr\/"},{"@type":"ListItem","position":2,"name":"Sous le signe de l\u2019\u00e9crevisse"}]},{"@type":"WebSite","@id":"https:\/\/lacartebuissonniere.fr\/#website","url":"https:\/\/lacartebuissonniere.fr\/","name":"La carte buissonni\u00e8re","description":"","publisher":{"@id":"https:\/\/lacartebuissonniere.fr\/#organization"},"potentialAction":[{"@type":"SearchAction","target":{"@type":"EntryPoint","urlTemplate":"https:\/\/lacartebuissonniere.fr\/?s={search_term_string}"},"query-input":{"@type":"PropertyValueSpecification","valueRequired":true,"valueName":"search_term_string"}}],"inLanguage":"fr-FR"},{"@type":"Organization","@id":"https:\/\/lacartebuissonniere.fr\/#organization","name":"La carte buissonni\u00e8re","url":"https:\/\/lacartebuissonniere.fr\/","logo":{"@type":"ImageObject","inLanguage":"fr-FR","@id":"https:\/\/lacartebuissonniere.fr\/#\/schema\/logo\/image\/","url":"https:\/\/lacartebuissonniere.fr\/wp-content\/uploads\/2022\/12\/Illustration-sans-titre.jpg","contentUrl":"https:\/\/lacartebuissonniere.fr\/wp-content\/uploads\/2022\/12\/Illustration-sans-titre.jpg","width":637,"height":680,"caption":"La carte buissonni\u00e8re"},"image":{"@id":"https:\/\/lacartebuissonniere.fr\/#\/schema\/logo\/image\/"},"sameAs":["https:\/\/www.facebook.com\/lacartebuissonniere\/","https:\/\/www.pinterest.fr\/DelphChabanne\/"]},{"@type":"Person","@id":"https:\/\/lacartebuissonniere.fr\/#\/schema\/person\/4e60af809837a2287e4f6d4daaf7abd4","name":"Carte buissonni\u00e8re","image":{"@type":"ImageObject","inLanguage":"fr-FR","@id":"https:\/\/lacartebuissonniere.fr\/#\/schema\/person\/image\/","url":"https:\/\/secure.gravatar.com\/avatar\/b543b5e0f093efbab3dfee8595bf9077ed504ab48ffeb378c9dc263381c278e6?s=96&d=mm&r=g","contentUrl":"https:\/\/secure.gravatar.com\/avatar\/b543b5e0f093efbab3dfee8595bf9077ed504ab48ffeb378c9dc263381c278e6?s=96&d=mm&r=g","caption":"Carte buissonni\u00e8re"},"sameAs":["http:\/\/lacartebuissonniere.fr"],"url":"https:\/\/lacartebuissonniere.fr\/index.php\/author\/carteb\/"}]}},"_links":{"self":[{"href":"https:\/\/lacartebuissonniere.fr\/index.php\/wp-json\/wp\/v2\/posts\/3821","targetHints":{"allow":["GET"]}}],"collection":[{"href":"https:\/\/lacartebuissonniere.fr\/index.php\/wp-json\/wp\/v2\/posts"}],"about":[{"href":"https:\/\/lacartebuissonniere.fr\/index.php\/wp-json\/wp\/v2\/types\/post"}],"author":[{"embeddable":true,"href":"https:\/\/lacartebuissonniere.fr\/index.php\/wp-json\/wp\/v2\/users\/2"}],"replies":[{"embeddable":true,"href":"https:\/\/lacartebuissonniere.fr\/index.php\/wp-json\/wp\/v2\/comments?post=3821"}],"version-history":[{"count":1,"href":"https:\/\/lacartebuissonniere.fr\/index.php\/wp-json\/wp\/v2\/posts\/3821\/revisions"}],"predecessor-version":[{"id":3825,"href":"https:\/\/lacartebuissonniere.fr\/index.php\/wp-json\/wp\/v2\/posts\/3821\/revisions\/3825"}],"wp:attachment":[{"href":"https:\/\/lacartebuissonniere.fr\/index.php\/wp-json\/wp\/v2\/media?parent=3821"}],"wp:term":[{"taxonomy":"category","embeddable":true,"href":"https:\/\/lacartebuissonniere.fr\/index.php\/wp-json\/wp\/v2\/categories?post=3821"},{"taxonomy":"post_tag","embeddable":true,"href":"https:\/\/lacartebuissonniere.fr\/index.php\/wp-json\/wp\/v2\/tags?post=3821"}],"curies":[{"name":"wp","href":"https:\/\/api.w.org\/{rel}","templated":true}]}}