{"id":3944,"date":"2023-09-27T09:00:00","date_gmt":"2023-09-27T07:00:00","guid":{"rendered":"https:\/\/lacartebuissonniere.fr\/?p=3944"},"modified":"2025-12-01T21:28:27","modified_gmt":"2025-12-01T20:28:27","slug":"motif-karakusa","status":"publish","type":"post","link":"https:\/\/lacartebuissonniere.fr\/index.php\/2023\/09\/27\/motif-karakusa\/","title":{"rendered":"Motif karakusa"},"content":{"rendered":"\n<p><\/p>\n\n\n\n<div class=\"wp-block-media-text has-media-on-the-right is-stacked-on-mobile\"><div class=\"wp-block-media-text__content\">\n<p>Les arabesques de <em>karakusa<\/em> (\u5510\u8349, litt\u00e9ralement \u00ab&nbsp;herbe de Chine&nbsp;\u00bb) repr\u00e9sentent une plante stylis\u00e9e en train de cro\u00eetre dans toutes les directions.<\/p>\n\n\n\n<p>Ce motif a \u00e9t\u00e9 introduit au Japon depuis la Chine durant la p\u00e9riode Nara (710-794). On le dit originaire de l&rsquo;\u00c9gypte ancienne, influenc\u00e9 par les palmettes, les lotus ou l&rsquo;acanthe.<\/p>\n<\/div><figure class=\"wp-block-media-text__media\"><img loading=\"lazy\" decoding=\"async\" width=\"760\" height=\"760\" src=\"https:\/\/lacartebuissonniere.fr\/wp-content\/uploads\/2023\/08\/31BAA0FA-28B7-4D65-9656-71D7AFD80941_1_201_a.jpeg\" alt=\"\" class=\"wp-image-3945 size-full\" srcset=\"https:\/\/lacartebuissonniere.fr\/wp-content\/uploads\/2023\/08\/31BAA0FA-28B7-4D65-9656-71D7AFD80941_1_201_a.jpeg 760w, https:\/\/lacartebuissonniere.fr\/wp-content\/uploads\/2023\/08\/31BAA0FA-28B7-4D65-9656-71D7AFD80941_1_201_a-300x300.jpeg 300w, https:\/\/lacartebuissonniere.fr\/wp-content\/uploads\/2023\/08\/31BAA0FA-28B7-4D65-9656-71D7AFD80941_1_201_a-150x150.jpeg 150w, https:\/\/lacartebuissonniere.fr\/wp-content\/uploads\/2023\/08\/31BAA0FA-28B7-4D65-9656-71D7AFD80941_1_201_a-600x600.jpeg 600w\" sizes=\"auto, (max-width: 760px) 100vw, 760px\" \/><\/figure><\/div>\n\n\n\n<p><\/p>\n\n\n\n<p>Il \u00e9tait alors purement d\u00e9coratif, avant que les Japonais ne le transforment en symbole de prosp\u00e9rit\u00e9 et de long\u00e9vit\u00e9. C\u2019est donc un porte-bonheur.<\/p>\n\n\n\n<p>Il d\u00e9core de nombreux objets, \u00e0 commencer par les <em>tsuba<\/em>, ces gardes des sabres japonais (ici, XVII<sup>e<\/sup> et XVIII<sup>e<\/sup> si\u00e8cles)\u00a0:<\/p>\n\n\n\n<figure class=\"wp-block-gallery has-nested-images columns-default is-cropped wp-block-gallery-1 is-layout-flex wp-block-gallery-is-layout-flex\">\n<figure class=\"wp-block-image size-large\"><img loading=\"lazy\" decoding=\"async\" width=\"886\" height=\"887\" data-id=\"3946\" src=\"https:\/\/lacartebuissonniere.fr\/wp-content\/uploads\/2023\/08\/CF3D0C83-7609-470C-8D8E-38F7040B3E8A_1_105_c.jpeg\" alt=\"\" class=\"wp-image-3946\" srcset=\"https:\/\/lacartebuissonniere.fr\/wp-content\/uploads\/2023\/08\/CF3D0C83-7609-470C-8D8E-38F7040B3E8A_1_105_c.jpeg 886w, https:\/\/lacartebuissonniere.fr\/wp-content\/uploads\/2023\/08\/CF3D0C83-7609-470C-8D8E-38F7040B3E8A_1_105_c-300x300.jpeg 300w, https:\/\/lacartebuissonniere.fr\/wp-content\/uploads\/2023\/08\/CF3D0C83-7609-470C-8D8E-38F7040B3E8A_1_105_c-150x150.jpeg 150w, https:\/\/lacartebuissonniere.fr\/wp-content\/uploads\/2023\/08\/CF3D0C83-7609-470C-8D8E-38F7040B3E8A_1_105_c-768x769.jpeg 768w, https:\/\/lacartebuissonniere.fr\/wp-content\/uploads\/2023\/08\/CF3D0C83-7609-470C-8D8E-38F7040B3E8A_1_105_c-600x600.jpeg 600w\" sizes=\"auto, (max-width: 886px) 100vw, 886px\" \/><\/figure>\n\n\n\n<figure class=\"wp-block-image size-large\"><img loading=\"lazy\" decoding=\"async\" width=\"886\" height=\"886\" data-id=\"3947\" src=\"https:\/\/lacartebuissonniere.fr\/wp-content\/uploads\/2023\/08\/B9A634B4-CE86-4263-B78A-D514146BA47A_1_105_c.jpeg\" alt=\"\" class=\"wp-image-3947\" srcset=\"https:\/\/lacartebuissonniere.fr\/wp-content\/uploads\/2023\/08\/B9A634B4-CE86-4263-B78A-D514146BA47A_1_105_c.jpeg 886w, https:\/\/lacartebuissonniere.fr\/wp-content\/uploads\/2023\/08\/B9A634B4-CE86-4263-B78A-D514146BA47A_1_105_c-300x300.jpeg 300w, https:\/\/lacartebuissonniere.fr\/wp-content\/uploads\/2023\/08\/B9A634B4-CE86-4263-B78A-D514146BA47A_1_105_c-150x150.jpeg 150w, https:\/\/lacartebuissonniere.fr\/wp-content\/uploads\/2023\/08\/B9A634B4-CE86-4263-B78A-D514146BA47A_1_105_c-768x768.jpeg 768w, https:\/\/lacartebuissonniere.fr\/wp-content\/uploads\/2023\/08\/B9A634B4-CE86-4263-B78A-D514146BA47A_1_105_c-600x600.jpeg 600w\" sizes=\"auto, (max-width: 886px) 100vw, 886px\" \/><\/figure>\n<\/figure>\n\n\n\n<p><\/p>\n\n\n\n<p>Il est souvent associ\u00e9 \u00e0 d\u2019autres plantes.<\/p>\n\n\n\n<p>Ce br\u00fbleur d\u2019encens de 1780 le m\u00eale ainsi \u00e0 des motifs de paulownia (<em>kiri<\/em>)&nbsp;:<\/p>\n\n\n<div class=\"wp-block-image\">\n<figure class=\"aligncenter size-full\"><img loading=\"lazy\" decoding=\"async\" width=\"886\" height=\"886\" src=\"https:\/\/lacartebuissonniere.fr\/wp-content\/uploads\/2023\/08\/67F2A53C-DC56-4FA8-BE04-CC67C3A837CB_1_105_c.jpeg\" alt=\"\" class=\"wp-image-3948\" srcset=\"https:\/\/lacartebuissonniere.fr\/wp-content\/uploads\/2023\/08\/67F2A53C-DC56-4FA8-BE04-CC67C3A837CB_1_105_c.jpeg 886w, https:\/\/lacartebuissonniere.fr\/wp-content\/uploads\/2023\/08\/67F2A53C-DC56-4FA8-BE04-CC67C3A837CB_1_105_c-300x300.jpeg 300w, https:\/\/lacartebuissonniere.fr\/wp-content\/uploads\/2023\/08\/67F2A53C-DC56-4FA8-BE04-CC67C3A837CB_1_105_c-150x150.jpeg 150w, https:\/\/lacartebuissonniere.fr\/wp-content\/uploads\/2023\/08\/67F2A53C-DC56-4FA8-BE04-CC67C3A837CB_1_105_c-768x768.jpeg 768w, https:\/\/lacartebuissonniere.fr\/wp-content\/uploads\/2023\/08\/67F2A53C-DC56-4FA8-BE04-CC67C3A837CB_1_105_c-600x600.jpeg 600w\" sizes=\"auto, (max-width: 886px) 100vw, 886px\" \/><\/figure>\n<\/div>\n\n\n<p><\/p>\n\n\n\n<p>Quant \u00e0 ce <em>jimbaori<\/em> (gilet d&rsquo;apparat port\u00e9 au-dessus de l&rsquo;armure) de th\u00e9\u00e2tre kabuki de l\u2019\u00e8re Meiji (1868-1912), il alterne les lignes ondulantes de <em><a href=\"https:\/\/lacartebuissonniere.fr\/index.php\/2023\/03\/15\/motif-tatewaku\/\" target=\"_blank\" rel=\"noreferrer noopener\">tatewaku<\/a><\/em> et les rinceaux de <em>karakusa<\/em> avec des cercles comprenant de nombreux motifs&nbsp;: ph\u00e9nix, dragon, lion, paulownia, chrysanth\u00e8me, nuages\u2026<\/p>\n\n\n<div class=\"wp-block-image\">\n<figure class=\"aligncenter size-large\"><img loading=\"lazy\" decoding=\"async\" width=\"710\" height=\"1024\" src=\"https:\/\/lacartebuissonniere.fr\/wp-content\/uploads\/2023\/08\/EF7B36A9-04F2-444B-B155-7C36E017D49F_1_105_c-710x1024.jpeg\" alt=\"\" class=\"wp-image-3949\" srcset=\"https:\/\/lacartebuissonniere.fr\/wp-content\/uploads\/2023\/08\/EF7B36A9-04F2-444B-B155-7C36E017D49F_1_105_c-710x1024.jpeg 710w, https:\/\/lacartebuissonniere.fr\/wp-content\/uploads\/2023\/08\/EF7B36A9-04F2-444B-B155-7C36E017D49F_1_105_c-208x300.jpeg 208w, https:\/\/lacartebuissonniere.fr\/wp-content\/uploads\/2023\/08\/EF7B36A9-04F2-444B-B155-7C36E017D49F_1_105_c-416x600.jpeg 416w, https:\/\/lacartebuissonniere.fr\/wp-content\/uploads\/2023\/08\/EF7B36A9-04F2-444B-B155-7C36E017D49F_1_105_c.jpeg 738w\" sizes=\"auto, (max-width: 710px) 100vw, 710px\" \/><\/figure>\n<\/div>\n\n\n<p><\/p>\n\n\n\n<p>De nos jours, c\u2019est le motif le plus fr\u00e9quent pour les <em>furoshiki<\/em>, ces carr\u00e9s de tissu utilis\u00e9s pour emballer des cadeaux ou transporter des objets quotidiens comme les bo\u00eetes \u00e0 bento.<\/p>\n\n\n\n<p>Et il orne \u00e9galement mes cartes buissonni\u00e8res&nbsp;!<\/p>\n\n\n\n<figure class=\"wp-block-gallery has-nested-images columns-default is-cropped wp-block-gallery-2 is-layout-flex wp-block-gallery-is-layout-flex\">\n<figure class=\"wp-block-image size-large\"><img loading=\"lazy\" decoding=\"async\" width=\"705\" height=\"529\" data-id=\"3950\" src=\"https:\/\/lacartebuissonniere.fr\/wp-content\/uploads\/2023\/08\/74A1F041-88A9-4D29-A936-CC12A9DB7D8F_1_201_a.jpeg\" alt=\"\" class=\"wp-image-3950\" srcset=\"https:\/\/lacartebuissonniere.fr\/wp-content\/uploads\/2023\/08\/74A1F041-88A9-4D29-A936-CC12A9DB7D8F_1_201_a.jpeg 705w, https:\/\/lacartebuissonniere.fr\/wp-content\/uploads\/2023\/08\/74A1F041-88A9-4D29-A936-CC12A9DB7D8F_1_201_a-300x225.jpeg 300w, https:\/\/lacartebuissonniere.fr\/wp-content\/uploads\/2023\/08\/74A1F041-88A9-4D29-A936-CC12A9DB7D8F_1_201_a-600x450.jpeg 600w\" sizes=\"auto, (max-width: 705px) 100vw, 705px\" \/><\/figure>\n\n\n\n<figure class=\"wp-block-image size-large\"><img loading=\"lazy\" decoding=\"async\" width=\"1024\" height=\"750\" data-id=\"3951\" src=\"https:\/\/lacartebuissonniere.fr\/wp-content\/uploads\/2023\/08\/05D2E5CB-298F-4E08-B46D-01AA8A7397A1_1_105_c-1024x750.jpeg\" alt=\"\" class=\"wp-image-3951\" srcset=\"https:\/\/lacartebuissonniere.fr\/wp-content\/uploads\/2023\/08\/05D2E5CB-298F-4E08-B46D-01AA8A7397A1_1_105_c-1024x750.jpeg 1024w, https:\/\/lacartebuissonniere.fr\/wp-content\/uploads\/2023\/08\/05D2E5CB-298F-4E08-B46D-01AA8A7397A1_1_105_c-300x220.jpeg 300w, https:\/\/lacartebuissonniere.fr\/wp-content\/uploads\/2023\/08\/05D2E5CB-298F-4E08-B46D-01AA8A7397A1_1_105_c-768x563.jpeg 768w, https:\/\/lacartebuissonniere.fr\/wp-content\/uploads\/2023\/08\/05D2E5CB-298F-4E08-B46D-01AA8A7397A1_1_105_c-600x440.jpeg 600w, https:\/\/lacartebuissonniere.fr\/wp-content\/uploads\/2023\/08\/05D2E5CB-298F-4E08-B46D-01AA8A7397A1_1_105_c.jpeg 1036w\" sizes=\"auto, (max-width: 1024px) 100vw, 1024px\" \/><\/figure>\n<\/figure>\n\n\n\n<p><\/p>\n\n\n\n<p>Sources&nbsp;:<\/p>\n\n\n\n<p><a href=\"https:\/\/polinacouture.com\/la-significations-des-motifs-sur-les-tissus-japonais\/#les-arabesques-karakusa\" target=\"_blank\" rel=\"noreferrer noopener\">\u00ab&nbsp;La Signification des Motifs Japonais Traditionnels&nbsp;\u00bb<\/a><\/p>\n\n\n\n<p><a href=\"https:\/\/www.couleursjapon.com\/blog\/motif-de-tissu-japonais-karakusa-arabesques\/\" target=\"_blank\" rel=\"noreferrer noopener\">\u00ab&nbsp;Motifs de tissus japonais&nbsp;: karakusa (arabesques)&nbsp;\u00bb<\/a><\/p>\n\n\n\n<p><a href=\"https:\/\/www.heldermann-verlag.de\/jgg\/jgg01_05\/jgg0504.pdf\" target=\"_blank\" rel=\"noreferrer noopener\">\u00ab&nbsp;Analysis of the Spiral Pattern <em>Karakusa<\/em> \u00bb<\/a><\/p>\n","protected":false},"excerpt":{"rendered":"<p>Les arabesques de karakusa (\u5510\u8349, litt\u00e9ralement \u00ab&nbsp;herbe de Chine&nbsp;\u00bb) repr\u00e9sentent une plante stylis\u00e9e en train de cro\u00eetre dans toutes les directions. Ce motif a \u00e9t\u00e9 introduit au Japon depuis la Chine durant la p\u00e9riode Nara (710-794). On le dit originaire de l&rsquo;\u00c9gypte ancienne, influenc\u00e9 par les palmettes, les lotus ou l&rsquo;acanthe. Il \u00e9tait alors purement [&hellip;]<\/p>\n","protected":false},"author":2,"featured_media":0,"comment_status":"open","ping_status":"open","sticky":false,"template":"","format":"standard","meta":{"two_page_speed":[],"footnotes":""},"categories":[16,18,13],"tags":[],"class_list":["post-3944","post","type-post","status-publish","format-standard","hentry","category-flaneries","category-flaneries-culturelles","category-infos","entry"],"yoast_head":"<!-- This site is optimized with the Yoast SEO plugin v25.4 - https:\/\/yoast.com\/wordpress\/plugins\/seo\/ -->\n<title>Motif karakusa - La carte buissonni\u00e8re<\/title>\n<meta name=\"robots\" content=\"index, follow, max-snippet:-1, max-image-preview:large, max-video-preview:-1\" \/>\n<link rel=\"canonical\" href=\"https:\/\/lacartebuissonniere.fr\/index.php\/2023\/09\/27\/motif-karakusa\/\" \/>\n<meta property=\"og:locale\" content=\"fr_FR\" \/>\n<meta property=\"og:type\" content=\"article\" \/>\n<meta property=\"og:title\" content=\"Motif karakusa - La carte buissonni\u00e8re\" \/>\n<meta property=\"og:description\" content=\"Les arabesques de karakusa (\u5510\u8349, litt\u00e9ralement \u00ab&nbsp;herbe de Chine&nbsp;\u00bb) repr\u00e9sentent une plante stylis\u00e9e en train de cro\u00eetre dans toutes les directions. Ce motif a \u00e9t\u00e9 introduit au Japon depuis la Chine durant la p\u00e9riode Nara (710-794). On le dit originaire de l&rsquo;\u00c9gypte ancienne, influenc\u00e9 par les palmettes, les lotus ou l&rsquo;acanthe. Il \u00e9tait alors purement [&hellip;]\" \/>\n<meta property=\"og:url\" content=\"https:\/\/lacartebuissonniere.fr\/index.php\/2023\/09\/27\/motif-karakusa\/\" \/>\n<meta property=\"og:site_name\" content=\"La carte buissonni\u00e8re\" \/>\n<meta property=\"article:publisher\" content=\"https:\/\/www.facebook.com\/lacartebuissonniere\/\" \/>\n<meta property=\"article:published_time\" content=\"2023-09-27T07:00:00+00:00\" \/>\n<meta property=\"article:modified_time\" content=\"2025-12-01T20:28:27+00:00\" \/>\n<meta property=\"og:image\" content=\"https:\/\/lacartebuissonniere.fr\/wp-content\/uploads\/2023\/08\/31BAA0FA-28B7-4D65-9656-71D7AFD80941_1_201_a.jpeg\" \/>\n\t<meta property=\"og:image:width\" content=\"760\" \/>\n\t<meta property=\"og:image:height\" content=\"760\" \/>\n\t<meta property=\"og:image:type\" content=\"image\/jpeg\" \/>\n<meta name=\"author\" content=\"Carte buissonni\u00e8re\" \/>\n<meta name=\"twitter:card\" content=\"summary_large_image\" \/>\n<meta name=\"twitter:label1\" content=\"\u00c9crit par\" \/>\n\t<meta name=\"twitter:data1\" content=\"Carte buissonni\u00e8re\" \/>\n\t<meta name=\"twitter:label2\" content=\"Dur\u00e9e de lecture estim\u00e9e\" \/>\n\t<meta name=\"twitter:data2\" content=\"3 minutes\" \/>\n<script type=\"application\/ld+json\" class=\"yoast-schema-graph\">{\"@context\":\"https:\/\/schema.org\",\"@graph\":[{\"@type\":\"Article\",\"@id\":\"https:\/\/lacartebuissonniere.fr\/index.php\/2023\/09\/27\/motif-karakusa\/#article\",\"isPartOf\":{\"@id\":\"https:\/\/lacartebuissonniere.fr\/index.php\/2023\/09\/27\/motif-karakusa\/\"},\"author\":{\"name\":\"Carte buissonni\u00e8re\",\"@id\":\"https:\/\/lacartebuissonniere.fr\/#\/schema\/person\/4e60af809837a2287e4f6d4daaf7abd4\"},\"headline\":\"Motif karakusa\",\"datePublished\":\"2023-09-27T07:00:00+00:00\",\"dateModified\":\"2025-12-01T20:28:27+00:00\",\"mainEntityOfPage\":{\"@id\":\"https:\/\/lacartebuissonniere.fr\/index.php\/2023\/09\/27\/motif-karakusa\/\"},\"wordCount\":247,\"commentCount\":2,\"publisher\":{\"@id\":\"https:\/\/lacartebuissonniere.fr\/#organization\"},\"image\":{\"@id\":\"https:\/\/lacartebuissonniere.fr\/index.php\/2023\/09\/27\/motif-karakusa\/#primaryimage\"},\"thumbnailUrl\":\"https:\/\/lacartebuissonniere.fr\/wp-content\/uploads\/2023\/08\/31BAA0FA-28B7-4D65-9656-71D7AFD80941_1_201_a.jpeg\",\"articleSection\":[\"FL\u00c2NERIES\",\"Fl\u00e2neries culturelles\",\"INFOS\"],\"inLanguage\":\"fr-FR\",\"potentialAction\":[{\"@type\":\"CommentAction\",\"name\":\"Comment\",\"target\":[\"https:\/\/lacartebuissonniere.fr\/index.php\/2023\/09\/27\/motif-karakusa\/#respond\"]}]},{\"@type\":\"WebPage\",\"@id\":\"https:\/\/lacartebuissonniere.fr\/index.php\/2023\/09\/27\/motif-karakusa\/\",\"url\":\"https:\/\/lacartebuissonniere.fr\/index.php\/2023\/09\/27\/motif-karakusa\/\",\"name\":\"Motif karakusa - La carte buissonni\u00e8re\",\"isPartOf\":{\"@id\":\"https:\/\/lacartebuissonniere.fr\/#website\"},\"primaryImageOfPage\":{\"@id\":\"https:\/\/lacartebuissonniere.fr\/index.php\/2023\/09\/27\/motif-karakusa\/#primaryimage\"},\"image\":{\"@id\":\"https:\/\/lacartebuissonniere.fr\/index.php\/2023\/09\/27\/motif-karakusa\/#primaryimage\"},\"thumbnailUrl\":\"https:\/\/lacartebuissonniere.fr\/wp-content\/uploads\/2023\/08\/31BAA0FA-28B7-4D65-9656-71D7AFD80941_1_201_a.jpeg\",\"datePublished\":\"2023-09-27T07:00:00+00:00\",\"dateModified\":\"2025-12-01T20:28:27+00:00\",\"breadcrumb\":{\"@id\":\"https:\/\/lacartebuissonniere.fr\/index.php\/2023\/09\/27\/motif-karakusa\/#breadcrumb\"},\"inLanguage\":\"fr-FR\",\"potentialAction\":[{\"@type\":\"ReadAction\",\"target\":[\"https:\/\/lacartebuissonniere.fr\/index.php\/2023\/09\/27\/motif-karakusa\/\"]}]},{\"@type\":\"ImageObject\",\"inLanguage\":\"fr-FR\",\"@id\":\"https:\/\/lacartebuissonniere.fr\/index.php\/2023\/09\/27\/motif-karakusa\/#primaryimage\",\"url\":\"https:\/\/lacartebuissonniere.fr\/wp-content\/uploads\/2023\/08\/31BAA0FA-28B7-4D65-9656-71D7AFD80941_1_201_a.jpeg\",\"contentUrl\":\"https:\/\/lacartebuissonniere.fr\/wp-content\/uploads\/2023\/08\/31BAA0FA-28B7-4D65-9656-71D7AFD80941_1_201_a.jpeg\",\"width\":760,\"height\":760},{\"@type\":\"BreadcrumbList\",\"@id\":\"https:\/\/lacartebuissonniere.fr\/index.php\/2023\/09\/27\/motif-karakusa\/#breadcrumb\",\"itemListElement\":[{\"@type\":\"ListItem\",\"position\":1,\"name\":\"Accueil\",\"item\":\"https:\/\/lacartebuissonniere.fr\/\"},{\"@type\":\"ListItem\",\"position\":2,\"name\":\"Motif karakusa\"}]},{\"@type\":\"WebSite\",\"@id\":\"https:\/\/lacartebuissonniere.fr\/#website\",\"url\":\"https:\/\/lacartebuissonniere.fr\/\",\"name\":\"La carte buissonni\u00e8re\",\"description\":\"\",\"publisher\":{\"@id\":\"https:\/\/lacartebuissonniere.fr\/#organization\"},\"potentialAction\":[{\"@type\":\"SearchAction\",\"target\":{\"@type\":\"EntryPoint\",\"urlTemplate\":\"https:\/\/lacartebuissonniere.fr\/?s={search_term_string}\"},\"query-input\":{\"@type\":\"PropertyValueSpecification\",\"valueRequired\":true,\"valueName\":\"search_term_string\"}}],\"inLanguage\":\"fr-FR\"},{\"@type\":\"Organization\",\"@id\":\"https:\/\/lacartebuissonniere.fr\/#organization\",\"name\":\"La carte buissonni\u00e8re\",\"url\":\"https:\/\/lacartebuissonniere.fr\/\",\"logo\":{\"@type\":\"ImageObject\",\"inLanguage\":\"fr-FR\",\"@id\":\"https:\/\/lacartebuissonniere.fr\/#\/schema\/logo\/image\/\",\"url\":\"https:\/\/lacartebuissonniere.fr\/wp-content\/uploads\/2022\/12\/Illustration-sans-titre.jpg\",\"contentUrl\":\"https:\/\/lacartebuissonniere.fr\/wp-content\/uploads\/2022\/12\/Illustration-sans-titre.jpg\",\"width\":637,\"height\":680,\"caption\":\"La carte buissonni\u00e8re\"},\"image\":{\"@id\":\"https:\/\/lacartebuissonniere.fr\/#\/schema\/logo\/image\/\"},\"sameAs\":[\"https:\/\/www.facebook.com\/lacartebuissonniere\/\",\"https:\/\/www.pinterest.fr\/DelphChabanne\/\"]},{\"@type\":\"Person\",\"@id\":\"https:\/\/lacartebuissonniere.fr\/#\/schema\/person\/4e60af809837a2287e4f6d4daaf7abd4\",\"name\":\"Carte buissonni\u00e8re\",\"image\":{\"@type\":\"ImageObject\",\"inLanguage\":\"fr-FR\",\"@id\":\"https:\/\/lacartebuissonniere.fr\/#\/schema\/person\/image\/\",\"url\":\"https:\/\/secure.gravatar.com\/avatar\/b543b5e0f093efbab3dfee8595bf9077ed504ab48ffeb378c9dc263381c278e6?s=96&d=mm&r=g\",\"contentUrl\":\"https:\/\/secure.gravatar.com\/avatar\/b543b5e0f093efbab3dfee8595bf9077ed504ab48ffeb378c9dc263381c278e6?s=96&d=mm&r=g\",\"caption\":\"Carte buissonni\u00e8re\"},\"sameAs\":[\"http:\/\/lacartebuissonniere.fr\"],\"url\":\"https:\/\/lacartebuissonniere.fr\/index.php\/author\/carteb\/\"}]}<\/script>\n<!-- \/ Yoast SEO plugin. -->","yoast_head_json":{"title":"Motif karakusa - La carte buissonni\u00e8re","robots":{"index":"index","follow":"follow","max-snippet":"max-snippet:-1","max-image-preview":"max-image-preview:large","max-video-preview":"max-video-preview:-1"},"canonical":"https:\/\/lacartebuissonniere.fr\/index.php\/2023\/09\/27\/motif-karakusa\/","og_locale":"fr_FR","og_type":"article","og_title":"Motif karakusa - La carte buissonni\u00e8re","og_description":"Les arabesques de karakusa (\u5510\u8349, litt\u00e9ralement \u00ab&nbsp;herbe de Chine&nbsp;\u00bb) repr\u00e9sentent une plante stylis\u00e9e en train de cro\u00eetre dans toutes les directions. Ce motif a \u00e9t\u00e9 introduit au Japon depuis la Chine durant la p\u00e9riode Nara (710-794). On le dit originaire de l&rsquo;\u00c9gypte ancienne, influenc\u00e9 par les palmettes, les lotus ou l&rsquo;acanthe. Il \u00e9tait alors purement [&hellip;]","og_url":"https:\/\/lacartebuissonniere.fr\/index.php\/2023\/09\/27\/motif-karakusa\/","og_site_name":"La carte buissonni\u00e8re","article_publisher":"https:\/\/www.facebook.com\/lacartebuissonniere\/","article_published_time":"2023-09-27T07:00:00+00:00","article_modified_time":"2025-12-01T20:28:27+00:00","og_image":[{"width":760,"height":760,"url":"https:\/\/lacartebuissonniere.fr\/wp-content\/uploads\/2023\/08\/31BAA0FA-28B7-4D65-9656-71D7AFD80941_1_201_a.jpeg","type":"image\/jpeg"}],"author":"Carte buissonni\u00e8re","twitter_card":"summary_large_image","twitter_misc":{"\u00c9crit par":"Carte buissonni\u00e8re","Dur\u00e9e de lecture estim\u00e9e":"3 minutes"},"schema":{"@context":"https:\/\/schema.org","@graph":[{"@type":"Article","@id":"https:\/\/lacartebuissonniere.fr\/index.php\/2023\/09\/27\/motif-karakusa\/#article","isPartOf":{"@id":"https:\/\/lacartebuissonniere.fr\/index.php\/2023\/09\/27\/motif-karakusa\/"},"author":{"name":"Carte buissonni\u00e8re","@id":"https:\/\/lacartebuissonniere.fr\/#\/schema\/person\/4e60af809837a2287e4f6d4daaf7abd4"},"headline":"Motif karakusa","datePublished":"2023-09-27T07:00:00+00:00","dateModified":"2025-12-01T20:28:27+00:00","mainEntityOfPage":{"@id":"https:\/\/lacartebuissonniere.fr\/index.php\/2023\/09\/27\/motif-karakusa\/"},"wordCount":247,"commentCount":2,"publisher":{"@id":"https:\/\/lacartebuissonniere.fr\/#organization"},"image":{"@id":"https:\/\/lacartebuissonniere.fr\/index.php\/2023\/09\/27\/motif-karakusa\/#primaryimage"},"thumbnailUrl":"https:\/\/lacartebuissonniere.fr\/wp-content\/uploads\/2023\/08\/31BAA0FA-28B7-4D65-9656-71D7AFD80941_1_201_a.jpeg","articleSection":["FL\u00c2NERIES","Fl\u00e2neries culturelles","INFOS"],"inLanguage":"fr-FR","potentialAction":[{"@type":"CommentAction","name":"Comment","target":["https:\/\/lacartebuissonniere.fr\/index.php\/2023\/09\/27\/motif-karakusa\/#respond"]}]},{"@type":"WebPage","@id":"https:\/\/lacartebuissonniere.fr\/index.php\/2023\/09\/27\/motif-karakusa\/","url":"https:\/\/lacartebuissonniere.fr\/index.php\/2023\/09\/27\/motif-karakusa\/","name":"Motif karakusa - La carte buissonni\u00e8re","isPartOf":{"@id":"https:\/\/lacartebuissonniere.fr\/#website"},"primaryImageOfPage":{"@id":"https:\/\/lacartebuissonniere.fr\/index.php\/2023\/09\/27\/motif-karakusa\/#primaryimage"},"image":{"@id":"https:\/\/lacartebuissonniere.fr\/index.php\/2023\/09\/27\/motif-karakusa\/#primaryimage"},"thumbnailUrl":"https:\/\/lacartebuissonniere.fr\/wp-content\/uploads\/2023\/08\/31BAA0FA-28B7-4D65-9656-71D7AFD80941_1_201_a.jpeg","datePublished":"2023-09-27T07:00:00+00:00","dateModified":"2025-12-01T20:28:27+00:00","breadcrumb":{"@id":"https:\/\/lacartebuissonniere.fr\/index.php\/2023\/09\/27\/motif-karakusa\/#breadcrumb"},"inLanguage":"fr-FR","potentialAction":[{"@type":"ReadAction","target":["https:\/\/lacartebuissonniere.fr\/index.php\/2023\/09\/27\/motif-karakusa\/"]}]},{"@type":"ImageObject","inLanguage":"fr-FR","@id":"https:\/\/lacartebuissonniere.fr\/index.php\/2023\/09\/27\/motif-karakusa\/#primaryimage","url":"https:\/\/lacartebuissonniere.fr\/wp-content\/uploads\/2023\/08\/31BAA0FA-28B7-4D65-9656-71D7AFD80941_1_201_a.jpeg","contentUrl":"https:\/\/lacartebuissonniere.fr\/wp-content\/uploads\/2023\/08\/31BAA0FA-28B7-4D65-9656-71D7AFD80941_1_201_a.jpeg","width":760,"height":760},{"@type":"BreadcrumbList","@id":"https:\/\/lacartebuissonniere.fr\/index.php\/2023\/09\/27\/motif-karakusa\/#breadcrumb","itemListElement":[{"@type":"ListItem","position":1,"name":"Accueil","item":"https:\/\/lacartebuissonniere.fr\/"},{"@type":"ListItem","position":2,"name":"Motif karakusa"}]},{"@type":"WebSite","@id":"https:\/\/lacartebuissonniere.fr\/#website","url":"https:\/\/lacartebuissonniere.fr\/","name":"La carte buissonni\u00e8re","description":"","publisher":{"@id":"https:\/\/lacartebuissonniere.fr\/#organization"},"potentialAction":[{"@type":"SearchAction","target":{"@type":"EntryPoint","urlTemplate":"https:\/\/lacartebuissonniere.fr\/?s={search_term_string}"},"query-input":{"@type":"PropertyValueSpecification","valueRequired":true,"valueName":"search_term_string"}}],"inLanguage":"fr-FR"},{"@type":"Organization","@id":"https:\/\/lacartebuissonniere.fr\/#organization","name":"La carte buissonni\u00e8re","url":"https:\/\/lacartebuissonniere.fr\/","logo":{"@type":"ImageObject","inLanguage":"fr-FR","@id":"https:\/\/lacartebuissonniere.fr\/#\/schema\/logo\/image\/","url":"https:\/\/lacartebuissonniere.fr\/wp-content\/uploads\/2022\/12\/Illustration-sans-titre.jpg","contentUrl":"https:\/\/lacartebuissonniere.fr\/wp-content\/uploads\/2022\/12\/Illustration-sans-titre.jpg","width":637,"height":680,"caption":"La carte buissonni\u00e8re"},"image":{"@id":"https:\/\/lacartebuissonniere.fr\/#\/schema\/logo\/image\/"},"sameAs":["https:\/\/www.facebook.com\/lacartebuissonniere\/","https:\/\/www.pinterest.fr\/DelphChabanne\/"]},{"@type":"Person","@id":"https:\/\/lacartebuissonniere.fr\/#\/schema\/person\/4e60af809837a2287e4f6d4daaf7abd4","name":"Carte buissonni\u00e8re","image":{"@type":"ImageObject","inLanguage":"fr-FR","@id":"https:\/\/lacartebuissonniere.fr\/#\/schema\/person\/image\/","url":"https:\/\/secure.gravatar.com\/avatar\/b543b5e0f093efbab3dfee8595bf9077ed504ab48ffeb378c9dc263381c278e6?s=96&d=mm&r=g","contentUrl":"https:\/\/secure.gravatar.com\/avatar\/b543b5e0f093efbab3dfee8595bf9077ed504ab48ffeb378c9dc263381c278e6?s=96&d=mm&r=g","caption":"Carte buissonni\u00e8re"},"sameAs":["http:\/\/lacartebuissonniere.fr"],"url":"https:\/\/lacartebuissonniere.fr\/index.php\/author\/carteb\/"}]}},"_links":{"self":[{"href":"https:\/\/lacartebuissonniere.fr\/index.php\/wp-json\/wp\/v2\/posts\/3944","targetHints":{"allow":["GET"]}}],"collection":[{"href":"https:\/\/lacartebuissonniere.fr\/index.php\/wp-json\/wp\/v2\/posts"}],"about":[{"href":"https:\/\/lacartebuissonniere.fr\/index.php\/wp-json\/wp\/v2\/types\/post"}],"author":[{"embeddable":true,"href":"https:\/\/lacartebuissonniere.fr\/index.php\/wp-json\/wp\/v2\/users\/2"}],"replies":[{"embeddable":true,"href":"https:\/\/lacartebuissonniere.fr\/index.php\/wp-json\/wp\/v2\/comments?post=3944"}],"version-history":[{"count":3,"href":"https:\/\/lacartebuissonniere.fr\/index.php\/wp-json\/wp\/v2\/posts\/3944\/revisions"}],"predecessor-version":[{"id":8519,"href":"https:\/\/lacartebuissonniere.fr\/index.php\/wp-json\/wp\/v2\/posts\/3944\/revisions\/8519"}],"wp:attachment":[{"href":"https:\/\/lacartebuissonniere.fr\/index.php\/wp-json\/wp\/v2\/media?parent=3944"}],"wp:term":[{"taxonomy":"category","embeddable":true,"href":"https:\/\/lacartebuissonniere.fr\/index.php\/wp-json\/wp\/v2\/categories?post=3944"},{"taxonomy":"post_tag","embeddable":true,"href":"https:\/\/lacartebuissonniere.fr\/index.php\/wp-json\/wp\/v2\/tags?post=3944"}],"curies":[{"name":"wp","href":"https:\/\/api.w.org\/{rel}","templated":true}]}}