{"id":4036,"date":"2023-10-06T09:00:00","date_gmt":"2023-10-06T07:00:00","guid":{"rendered":"https:\/\/lacartebuissonniere.fr\/?p=4036"},"modified":"2023-09-10T10:58:30","modified_gmt":"2023-09-10T08:58:30","slug":"journee-mondiale-du-sourire","status":"publish","type":"post","link":"https:\/\/lacartebuissonniere.fr\/index.php\/2023\/10\/06\/journee-mondiale-du-sourire\/","title":{"rendered":"Journ\u00e9e mondiale du sourire"},"content":{"rendered":"\n<p><\/p>\n\n\n\n<p>Le premier vendredi d\u2019octobre nous invite \u00e0 prendre le temps de sourire\u00a0!<\/p>\n\n\n\n<p>Cette journ\u00e9e est l\u2019invention d\u2019un artiste am\u00e9ricain, Harvey Ball, en 1999.<\/p>\n\n\n<div class=\"wp-block-image\">\n<figure class=\"aligncenter size-large\"><img loading=\"lazy\" decoding=\"async\" width=\"1024\" height=\"736\" src=\"https:\/\/lacartebuissonniere.fr\/wp-content\/uploads\/2023\/09\/226CF3B9-C846-4B62-999C-3652877D9CE6_1_105_c-1024x736.jpeg\" alt=\"\" class=\"wp-image-4037\" srcset=\"https:\/\/lacartebuissonniere.fr\/wp-content\/uploads\/2023\/09\/226CF3B9-C846-4B62-999C-3652877D9CE6_1_105_c-1024x736.jpeg 1024w, https:\/\/lacartebuissonniere.fr\/wp-content\/uploads\/2023\/09\/226CF3B9-C846-4B62-999C-3652877D9CE6_1_105_c-300x216.jpeg 300w, https:\/\/lacartebuissonniere.fr\/wp-content\/uploads\/2023\/09\/226CF3B9-C846-4B62-999C-3652877D9CE6_1_105_c-768x552.jpeg 768w, https:\/\/lacartebuissonniere.fr\/wp-content\/uploads\/2023\/09\/226CF3B9-C846-4B62-999C-3652877D9CE6_1_105_c-600x431.jpeg 600w, https:\/\/lacartebuissonniere.fr\/wp-content\/uploads\/2023\/09\/226CF3B9-C846-4B62-999C-3652877D9CE6_1_105_c.jpeg 1045w\" sizes=\"auto, (max-width: 1024px) 100vw, 1024px\" \/><\/figure>\n<\/div>\n\n\n<p><\/p>\n\n\n\n<p>Si son nom nous est peu connu, il est pourtant le cr\u00e9ateur du c\u00e9l\u00e8bre <em>smiley<\/em>, qui f\u00eate cette ann\u00e9e ces soixante ans. D\u00e9j\u00e0\u00a0!<\/p>\n\n\n\n<p>Malheureusement pour lui, il a omis de d\u00e9poser ce symbole de bonne humeur devenu universel. Il ne lui aura rapport\u00e9 que quelques dollars de recherche graphique&#8230;<\/p>\n\n\n\n<p>En revanche, en 1972, un journaliste fran\u00e7ais transforme le petit logo jaune pour en illustrer les bonnes nouvelles de son journal. Lui n\u2019oublie pas d\u2019en d\u00e9poser le dessin \u00e0 l&rsquo;INPI (Institut national de la propri\u00e9t\u00e9 industrielle) et de le transformer en une marque. Le succ\u00e8s est alors imm\u00e9diat.<\/p>\n\n\n\n<p>Avec Internet et les smartphones, la petite frimousse jaune \u00e9volue et se d\u00e9cline selon une centaine d\u2019expressions, les <em>emojis<\/em>. En voici quelques-uns\u00a0:<\/p>\n\n\n\n<figure class=\"wp-block-gallery has-nested-images columns-default is-cropped wp-block-gallery-1 is-layout-flex wp-block-gallery-is-layout-flex\">\n<figure class=\"wp-block-image size-large\"><img loading=\"lazy\" decoding=\"async\" width=\"1024\" height=\"557\" data-id=\"4039\" src=\"https:\/\/lacartebuissonniere.fr\/wp-content\/uploads\/2023\/09\/5D5E8544-3902-4A49-A662-BA49A5ADB652_1_201_a-1024x557.jpeg\" alt=\"\" class=\"wp-image-4039\" srcset=\"https:\/\/lacartebuissonniere.fr\/wp-content\/uploads\/2023\/09\/5D5E8544-3902-4A49-A662-BA49A5ADB652_1_201_a-1024x557.jpeg 1024w, https:\/\/lacartebuissonniere.fr\/wp-content\/uploads\/2023\/09\/5D5E8544-3902-4A49-A662-BA49A5ADB652_1_201_a-300x163.jpeg 300w, https:\/\/lacartebuissonniere.fr\/wp-content\/uploads\/2023\/09\/5D5E8544-3902-4A49-A662-BA49A5ADB652_1_201_a-768x417.jpeg 768w, https:\/\/lacartebuissonniere.fr\/wp-content\/uploads\/2023\/09\/5D5E8544-3902-4A49-A662-BA49A5ADB652_1_201_a-600x326.jpeg 600w, https:\/\/lacartebuissonniere.fr\/wp-content\/uploads\/2023\/09\/5D5E8544-3902-4A49-A662-BA49A5ADB652_1_201_a.jpeg 1124w\" sizes=\"auto, (max-width: 1024px) 100vw, 1024px\" \/><\/figure>\n\n\n\n<figure class=\"wp-block-image size-large\"><img loading=\"lazy\" decoding=\"async\" width=\"1024\" height=\"532\" data-id=\"4038\" src=\"https:\/\/lacartebuissonniere.fr\/wp-content\/uploads\/2023\/09\/A4515C8D-8A73-44B2-9D07-BC5551F20D76_1_201_a-1024x532.jpeg\" alt=\"\" class=\"wp-image-4038\" srcset=\"https:\/\/lacartebuissonniere.fr\/wp-content\/uploads\/2023\/09\/A4515C8D-8A73-44B2-9D07-BC5551F20D76_1_201_a-1024x532.jpeg 1024w, https:\/\/lacartebuissonniere.fr\/wp-content\/uploads\/2023\/09\/A4515C8D-8A73-44B2-9D07-BC5551F20D76_1_201_a-300x156.jpeg 300w, https:\/\/lacartebuissonniere.fr\/wp-content\/uploads\/2023\/09\/A4515C8D-8A73-44B2-9D07-BC5551F20D76_1_201_a-768x399.jpeg 768w, https:\/\/lacartebuissonniere.fr\/wp-content\/uploads\/2023\/09\/A4515C8D-8A73-44B2-9D07-BC5551F20D76_1_201_a-600x312.jpeg 600w, https:\/\/lacartebuissonniere.fr\/wp-content\/uploads\/2023\/09\/A4515C8D-8A73-44B2-9D07-BC5551F20D76_1_201_a.jpeg 1124w\" sizes=\"auto, (max-width: 1024px) 100vw, 1024px\" \/><\/figure>\n<\/figure>\n\n\n\n<p><\/p>\n\n\n\n<p>Pour aujourd\u2019hui, ne conservons que la bonne humeur\u00a0: offrez \u00e0 vos proches de joyeuses cartes buissonni\u00e8res pour leur donner ou redonner le sourire\u00a0!<\/p>\n\n\n<div class=\"wp-block-image\">\n<figure class=\"aligncenter size-full\"><img loading=\"lazy\" decoding=\"async\" width=\"1022\" height=\"768\" src=\"https:\/\/lacartebuissonniere.fr\/wp-content\/uploads\/2023\/09\/F87531BE-1E90-42DE-B3F5-F0907D0E8D7E_1_105_c.jpeg\" alt=\"\" class=\"wp-image-4040\" srcset=\"https:\/\/lacartebuissonniere.fr\/wp-content\/uploads\/2023\/09\/F87531BE-1E90-42DE-B3F5-F0907D0E8D7E_1_105_c.jpeg 1022w, https:\/\/lacartebuissonniere.fr\/wp-content\/uploads\/2023\/09\/F87531BE-1E90-42DE-B3F5-F0907D0E8D7E_1_105_c-300x225.jpeg 300w, https:\/\/lacartebuissonniere.fr\/wp-content\/uploads\/2023\/09\/F87531BE-1E90-42DE-B3F5-F0907D0E8D7E_1_105_c-768x577.jpeg 768w, https:\/\/lacartebuissonniere.fr\/wp-content\/uploads\/2023\/09\/F87531BE-1E90-42DE-B3F5-F0907D0E8D7E_1_105_c-600x451.jpeg 600w\" sizes=\"auto, (max-width: 1022px) 100vw, 1022px\" \/><\/figure>\n<\/div>\n\n\n<p><\/p>\n\n\n\n<p>Sources&nbsp;:<\/p>\n\n\n\n<p><a href=\"http:\/\/www.worldsmileday.com\/\">\u00ab\u00a0Word Smile Day\u00a0\u00bb<\/a><\/p>\n\n\n\n<p><a href=\"https:\/\/www.marieclaire.fr\/,logo-smiley-story-loufrani-emoticone,814130.asp\">\u00ab\u00a0Le p\u00e8re du smiley est fran\u00e7ais\u00a0!\u00a0\u00bb<\/a><\/p>\n","protected":false},"excerpt":{"rendered":"<p>Le premier vendredi d\u2019octobre nous invite \u00e0 prendre le temps de sourire\u00a0! Cette journ\u00e9e est l\u2019invention d\u2019un artiste am\u00e9ricain, Harvey Ball, en 1999. Si son nom nous est peu connu, il est pourtant le cr\u00e9ateur du c\u00e9l\u00e8bre smiley, qui f\u00eate cette ann\u00e9e ces soixante ans. D\u00e9j\u00e0\u00a0! Malheureusement pour lui, il a omis de d\u00e9poser ce [&hellip;]<\/p>\n","protected":false},"author":2,"featured_media":0,"comment_status":"open","ping_status":"open","sticky":false,"template":"","format":"standard","meta":{"two_page_speed":[],"footnotes":""},"categories":[13],"tags":[],"class_list":["post-4036","post","type-post","status-publish","format-standard","hentry","category-infos","entry"],"yoast_head":"<!-- This site is optimized with the Yoast SEO plugin v25.4 - https:\/\/yoast.com\/wordpress\/plugins\/seo\/ -->\n<title>Journ\u00e9e mondiale du sourire - La carte buissonni\u00e8re<\/title>\n<meta name=\"robots\" content=\"index, follow, max-snippet:-1, max-image-preview:large, max-video-preview:-1\" \/>\n<link rel=\"canonical\" href=\"https:\/\/lacartebuissonniere.fr\/index.php\/2023\/10\/06\/journee-mondiale-du-sourire\/\" \/>\n<meta property=\"og:locale\" content=\"fr_FR\" \/>\n<meta property=\"og:type\" content=\"article\" \/>\n<meta property=\"og:title\" content=\"Journ\u00e9e mondiale du sourire - La carte buissonni\u00e8re\" \/>\n<meta property=\"og:description\" content=\"Le premier vendredi d\u2019octobre nous invite \u00e0 prendre le temps de sourire\u00a0! Cette journ\u00e9e est l\u2019invention d\u2019un artiste am\u00e9ricain, Harvey Ball, en 1999. Si son nom nous est peu connu, il est pourtant le cr\u00e9ateur du c\u00e9l\u00e8bre smiley, qui f\u00eate cette ann\u00e9e ces soixante ans. D\u00e9j\u00e0\u00a0! Malheureusement pour lui, il a omis de d\u00e9poser ce [&hellip;]\" \/>\n<meta property=\"og:url\" content=\"https:\/\/lacartebuissonniere.fr\/index.php\/2023\/10\/06\/journee-mondiale-du-sourire\/\" \/>\n<meta property=\"og:site_name\" content=\"La carte buissonni\u00e8re\" \/>\n<meta property=\"article:publisher\" content=\"https:\/\/www.facebook.com\/lacartebuissonniere\/\" \/>\n<meta property=\"article:published_time\" content=\"2023-10-06T07:00:00+00:00\" \/>\n<meta property=\"og:image\" content=\"https:\/\/lacartebuissonniere.fr\/wp-content\/uploads\/2023\/09\/226CF3B9-C846-4B62-999C-3652877D9CE6_1_105_c-1024x736.jpeg\" \/>\n<meta name=\"author\" content=\"Carte buissonni\u00e8re\" \/>\n<meta name=\"twitter:card\" content=\"summary_large_image\" \/>\n<meta name=\"twitter:label1\" content=\"\u00c9crit par\" \/>\n\t<meta name=\"twitter:data1\" content=\"Carte buissonni\u00e8re\" \/>\n\t<meta name=\"twitter:label2\" content=\"Dur\u00e9e de lecture estim\u00e9e\" \/>\n\t<meta name=\"twitter:data2\" content=\"2 minutes\" \/>\n<script type=\"application\/ld+json\" class=\"yoast-schema-graph\">{\"@context\":\"https:\/\/schema.org\",\"@graph\":[{\"@type\":\"Article\",\"@id\":\"https:\/\/lacartebuissonniere.fr\/index.php\/2023\/10\/06\/journee-mondiale-du-sourire\/#article\",\"isPartOf\":{\"@id\":\"https:\/\/lacartebuissonniere.fr\/index.php\/2023\/10\/06\/journee-mondiale-du-sourire\/\"},\"author\":{\"name\":\"Carte buissonni\u00e8re\",\"@id\":\"https:\/\/lacartebuissonniere.fr\/#\/schema\/person\/4e60af809837a2287e4f6d4daaf7abd4\"},\"headline\":\"Journ\u00e9e mondiale du sourire\",\"datePublished\":\"2023-10-06T07:00:00+00:00\",\"mainEntityOfPage\":{\"@id\":\"https:\/\/lacartebuissonniere.fr\/index.php\/2023\/10\/06\/journee-mondiale-du-sourire\/\"},\"wordCount\":201,\"commentCount\":0,\"publisher\":{\"@id\":\"https:\/\/lacartebuissonniere.fr\/#organization\"},\"image\":{\"@id\":\"https:\/\/lacartebuissonniere.fr\/index.php\/2023\/10\/06\/journee-mondiale-du-sourire\/#primaryimage\"},\"thumbnailUrl\":\"https:\/\/lacartebuissonniere.fr\/wp-content\/uploads\/2023\/09\/226CF3B9-C846-4B62-999C-3652877D9CE6_1_105_c-1024x736.jpeg\",\"articleSection\":[\"INFOS\"],\"inLanguage\":\"fr-FR\",\"potentialAction\":[{\"@type\":\"CommentAction\",\"name\":\"Comment\",\"target\":[\"https:\/\/lacartebuissonniere.fr\/index.php\/2023\/10\/06\/journee-mondiale-du-sourire\/#respond\"]}]},{\"@type\":\"WebPage\",\"@id\":\"https:\/\/lacartebuissonniere.fr\/index.php\/2023\/10\/06\/journee-mondiale-du-sourire\/\",\"url\":\"https:\/\/lacartebuissonniere.fr\/index.php\/2023\/10\/06\/journee-mondiale-du-sourire\/\",\"name\":\"Journ\u00e9e mondiale du sourire - La carte buissonni\u00e8re\",\"isPartOf\":{\"@id\":\"https:\/\/lacartebuissonniere.fr\/#website\"},\"primaryImageOfPage\":{\"@id\":\"https:\/\/lacartebuissonniere.fr\/index.php\/2023\/10\/06\/journee-mondiale-du-sourire\/#primaryimage\"},\"image\":{\"@id\":\"https:\/\/lacartebuissonniere.fr\/index.php\/2023\/10\/06\/journee-mondiale-du-sourire\/#primaryimage\"},\"thumbnailUrl\":\"https:\/\/lacartebuissonniere.fr\/wp-content\/uploads\/2023\/09\/226CF3B9-C846-4B62-999C-3652877D9CE6_1_105_c-1024x736.jpeg\",\"datePublished\":\"2023-10-06T07:00:00+00:00\",\"breadcrumb\":{\"@id\":\"https:\/\/lacartebuissonniere.fr\/index.php\/2023\/10\/06\/journee-mondiale-du-sourire\/#breadcrumb\"},\"inLanguage\":\"fr-FR\",\"potentialAction\":[{\"@type\":\"ReadAction\",\"target\":[\"https:\/\/lacartebuissonniere.fr\/index.php\/2023\/10\/06\/journee-mondiale-du-sourire\/\"]}]},{\"@type\":\"ImageObject\",\"inLanguage\":\"fr-FR\",\"@id\":\"https:\/\/lacartebuissonniere.fr\/index.php\/2023\/10\/06\/journee-mondiale-du-sourire\/#primaryimage\",\"url\":\"https:\/\/lacartebuissonniere.fr\/wp-content\/uploads\/2023\/09\/226CF3B9-C846-4B62-999C-3652877D9CE6_1_105_c-1024x736.jpeg\",\"contentUrl\":\"https:\/\/lacartebuissonniere.fr\/wp-content\/uploads\/2023\/09\/226CF3B9-C846-4B62-999C-3652877D9CE6_1_105_c-1024x736.jpeg\"},{\"@type\":\"BreadcrumbList\",\"@id\":\"https:\/\/lacartebuissonniere.fr\/index.php\/2023\/10\/06\/journee-mondiale-du-sourire\/#breadcrumb\",\"itemListElement\":[{\"@type\":\"ListItem\",\"position\":1,\"name\":\"Accueil\",\"item\":\"https:\/\/lacartebuissonniere.fr\/\"},{\"@type\":\"ListItem\",\"position\":2,\"name\":\"Journ\u00e9e mondiale du sourire\"}]},{\"@type\":\"WebSite\",\"@id\":\"https:\/\/lacartebuissonniere.fr\/#website\",\"url\":\"https:\/\/lacartebuissonniere.fr\/\",\"name\":\"La carte buissonni\u00e8re\",\"description\":\"\",\"publisher\":{\"@id\":\"https:\/\/lacartebuissonniere.fr\/#organization\"},\"potentialAction\":[{\"@type\":\"SearchAction\",\"target\":{\"@type\":\"EntryPoint\",\"urlTemplate\":\"https:\/\/lacartebuissonniere.fr\/?s={search_term_string}\"},\"query-input\":{\"@type\":\"PropertyValueSpecification\",\"valueRequired\":true,\"valueName\":\"search_term_string\"}}],\"inLanguage\":\"fr-FR\"},{\"@type\":\"Organization\",\"@id\":\"https:\/\/lacartebuissonniere.fr\/#organization\",\"name\":\"La carte buissonni\u00e8re\",\"url\":\"https:\/\/lacartebuissonniere.fr\/\",\"logo\":{\"@type\":\"ImageObject\",\"inLanguage\":\"fr-FR\",\"@id\":\"https:\/\/lacartebuissonniere.fr\/#\/schema\/logo\/image\/\",\"url\":\"https:\/\/lacartebuissonniere.fr\/wp-content\/uploads\/2022\/12\/Illustration-sans-titre.jpg\",\"contentUrl\":\"https:\/\/lacartebuissonniere.fr\/wp-content\/uploads\/2022\/12\/Illustration-sans-titre.jpg\",\"width\":637,\"height\":680,\"caption\":\"La carte buissonni\u00e8re\"},\"image\":{\"@id\":\"https:\/\/lacartebuissonniere.fr\/#\/schema\/logo\/image\/\"},\"sameAs\":[\"https:\/\/www.facebook.com\/lacartebuissonniere\/\",\"https:\/\/www.pinterest.fr\/DelphChabanne\/\"]},{\"@type\":\"Person\",\"@id\":\"https:\/\/lacartebuissonniere.fr\/#\/schema\/person\/4e60af809837a2287e4f6d4daaf7abd4\",\"name\":\"Carte buissonni\u00e8re\",\"image\":{\"@type\":\"ImageObject\",\"inLanguage\":\"fr-FR\",\"@id\":\"https:\/\/lacartebuissonniere.fr\/#\/schema\/person\/image\/\",\"url\":\"https:\/\/secure.gravatar.com\/avatar\/b543b5e0f093efbab3dfee8595bf9077ed504ab48ffeb378c9dc263381c278e6?s=96&d=mm&r=g\",\"contentUrl\":\"https:\/\/secure.gravatar.com\/avatar\/b543b5e0f093efbab3dfee8595bf9077ed504ab48ffeb378c9dc263381c278e6?s=96&d=mm&r=g\",\"caption\":\"Carte buissonni\u00e8re\"},\"sameAs\":[\"http:\/\/lacartebuissonniere.fr\"],\"url\":\"https:\/\/lacartebuissonniere.fr\/index.php\/author\/carteb\/\"}]}<\/script>\n<!-- \/ Yoast SEO plugin. -->","yoast_head_json":{"title":"Journ\u00e9e mondiale du sourire - La carte buissonni\u00e8re","robots":{"index":"index","follow":"follow","max-snippet":"max-snippet:-1","max-image-preview":"max-image-preview:large","max-video-preview":"max-video-preview:-1"},"canonical":"https:\/\/lacartebuissonniere.fr\/index.php\/2023\/10\/06\/journee-mondiale-du-sourire\/","og_locale":"fr_FR","og_type":"article","og_title":"Journ\u00e9e mondiale du sourire - La carte buissonni\u00e8re","og_description":"Le premier vendredi d\u2019octobre nous invite \u00e0 prendre le temps de sourire\u00a0! Cette journ\u00e9e est l\u2019invention d\u2019un artiste am\u00e9ricain, Harvey Ball, en 1999. Si son nom nous est peu connu, il est pourtant le cr\u00e9ateur du c\u00e9l\u00e8bre smiley, qui f\u00eate cette ann\u00e9e ces soixante ans. D\u00e9j\u00e0\u00a0! Malheureusement pour lui, il a omis de d\u00e9poser ce [&hellip;]","og_url":"https:\/\/lacartebuissonniere.fr\/index.php\/2023\/10\/06\/journee-mondiale-du-sourire\/","og_site_name":"La carte buissonni\u00e8re","article_publisher":"https:\/\/www.facebook.com\/lacartebuissonniere\/","article_published_time":"2023-10-06T07:00:00+00:00","og_image":[{"url":"https:\/\/lacartebuissonniere.fr\/wp-content\/uploads\/2023\/09\/226CF3B9-C846-4B62-999C-3652877D9CE6_1_105_c-1024x736.jpeg","type":"","width":"","height":""}],"author":"Carte buissonni\u00e8re","twitter_card":"summary_large_image","twitter_misc":{"\u00c9crit par":"Carte buissonni\u00e8re","Dur\u00e9e de lecture estim\u00e9e":"2 minutes"},"schema":{"@context":"https:\/\/schema.org","@graph":[{"@type":"Article","@id":"https:\/\/lacartebuissonniere.fr\/index.php\/2023\/10\/06\/journee-mondiale-du-sourire\/#article","isPartOf":{"@id":"https:\/\/lacartebuissonniere.fr\/index.php\/2023\/10\/06\/journee-mondiale-du-sourire\/"},"author":{"name":"Carte buissonni\u00e8re","@id":"https:\/\/lacartebuissonniere.fr\/#\/schema\/person\/4e60af809837a2287e4f6d4daaf7abd4"},"headline":"Journ\u00e9e mondiale du sourire","datePublished":"2023-10-06T07:00:00+00:00","mainEntityOfPage":{"@id":"https:\/\/lacartebuissonniere.fr\/index.php\/2023\/10\/06\/journee-mondiale-du-sourire\/"},"wordCount":201,"commentCount":0,"publisher":{"@id":"https:\/\/lacartebuissonniere.fr\/#organization"},"image":{"@id":"https:\/\/lacartebuissonniere.fr\/index.php\/2023\/10\/06\/journee-mondiale-du-sourire\/#primaryimage"},"thumbnailUrl":"https:\/\/lacartebuissonniere.fr\/wp-content\/uploads\/2023\/09\/226CF3B9-C846-4B62-999C-3652877D9CE6_1_105_c-1024x736.jpeg","articleSection":["INFOS"],"inLanguage":"fr-FR","potentialAction":[{"@type":"CommentAction","name":"Comment","target":["https:\/\/lacartebuissonniere.fr\/index.php\/2023\/10\/06\/journee-mondiale-du-sourire\/#respond"]}]},{"@type":"WebPage","@id":"https:\/\/lacartebuissonniere.fr\/index.php\/2023\/10\/06\/journee-mondiale-du-sourire\/","url":"https:\/\/lacartebuissonniere.fr\/index.php\/2023\/10\/06\/journee-mondiale-du-sourire\/","name":"Journ\u00e9e mondiale du sourire - La carte buissonni\u00e8re","isPartOf":{"@id":"https:\/\/lacartebuissonniere.fr\/#website"},"primaryImageOfPage":{"@id":"https:\/\/lacartebuissonniere.fr\/index.php\/2023\/10\/06\/journee-mondiale-du-sourire\/#primaryimage"},"image":{"@id":"https:\/\/lacartebuissonniere.fr\/index.php\/2023\/10\/06\/journee-mondiale-du-sourire\/#primaryimage"},"thumbnailUrl":"https:\/\/lacartebuissonniere.fr\/wp-content\/uploads\/2023\/09\/226CF3B9-C846-4B62-999C-3652877D9CE6_1_105_c-1024x736.jpeg","datePublished":"2023-10-06T07:00:00+00:00","breadcrumb":{"@id":"https:\/\/lacartebuissonniere.fr\/index.php\/2023\/10\/06\/journee-mondiale-du-sourire\/#breadcrumb"},"inLanguage":"fr-FR","potentialAction":[{"@type":"ReadAction","target":["https:\/\/lacartebuissonniere.fr\/index.php\/2023\/10\/06\/journee-mondiale-du-sourire\/"]}]},{"@type":"ImageObject","inLanguage":"fr-FR","@id":"https:\/\/lacartebuissonniere.fr\/index.php\/2023\/10\/06\/journee-mondiale-du-sourire\/#primaryimage","url":"https:\/\/lacartebuissonniere.fr\/wp-content\/uploads\/2023\/09\/226CF3B9-C846-4B62-999C-3652877D9CE6_1_105_c-1024x736.jpeg","contentUrl":"https:\/\/lacartebuissonniere.fr\/wp-content\/uploads\/2023\/09\/226CF3B9-C846-4B62-999C-3652877D9CE6_1_105_c-1024x736.jpeg"},{"@type":"BreadcrumbList","@id":"https:\/\/lacartebuissonniere.fr\/index.php\/2023\/10\/06\/journee-mondiale-du-sourire\/#breadcrumb","itemListElement":[{"@type":"ListItem","position":1,"name":"Accueil","item":"https:\/\/lacartebuissonniere.fr\/"},{"@type":"ListItem","position":2,"name":"Journ\u00e9e mondiale du sourire"}]},{"@type":"WebSite","@id":"https:\/\/lacartebuissonniere.fr\/#website","url":"https:\/\/lacartebuissonniere.fr\/","name":"La carte buissonni\u00e8re","description":"","publisher":{"@id":"https:\/\/lacartebuissonniere.fr\/#organization"},"potentialAction":[{"@type":"SearchAction","target":{"@type":"EntryPoint","urlTemplate":"https:\/\/lacartebuissonniere.fr\/?s={search_term_string}"},"query-input":{"@type":"PropertyValueSpecification","valueRequired":true,"valueName":"search_term_string"}}],"inLanguage":"fr-FR"},{"@type":"Organization","@id":"https:\/\/lacartebuissonniere.fr\/#organization","name":"La carte buissonni\u00e8re","url":"https:\/\/lacartebuissonniere.fr\/","logo":{"@type":"ImageObject","inLanguage":"fr-FR","@id":"https:\/\/lacartebuissonniere.fr\/#\/schema\/logo\/image\/","url":"https:\/\/lacartebuissonniere.fr\/wp-content\/uploads\/2022\/12\/Illustration-sans-titre.jpg","contentUrl":"https:\/\/lacartebuissonniere.fr\/wp-content\/uploads\/2022\/12\/Illustration-sans-titre.jpg","width":637,"height":680,"caption":"La carte buissonni\u00e8re"},"image":{"@id":"https:\/\/lacartebuissonniere.fr\/#\/schema\/logo\/image\/"},"sameAs":["https:\/\/www.facebook.com\/lacartebuissonniere\/","https:\/\/www.pinterest.fr\/DelphChabanne\/"]},{"@type":"Person","@id":"https:\/\/lacartebuissonniere.fr\/#\/schema\/person\/4e60af809837a2287e4f6d4daaf7abd4","name":"Carte buissonni\u00e8re","image":{"@type":"ImageObject","inLanguage":"fr-FR","@id":"https:\/\/lacartebuissonniere.fr\/#\/schema\/person\/image\/","url":"https:\/\/secure.gravatar.com\/avatar\/b543b5e0f093efbab3dfee8595bf9077ed504ab48ffeb378c9dc263381c278e6?s=96&d=mm&r=g","contentUrl":"https:\/\/secure.gravatar.com\/avatar\/b543b5e0f093efbab3dfee8595bf9077ed504ab48ffeb378c9dc263381c278e6?s=96&d=mm&r=g","caption":"Carte buissonni\u00e8re"},"sameAs":["http:\/\/lacartebuissonniere.fr"],"url":"https:\/\/lacartebuissonniere.fr\/index.php\/author\/carteb\/"}]}},"_links":{"self":[{"href":"https:\/\/lacartebuissonniere.fr\/index.php\/wp-json\/wp\/v2\/posts\/4036","targetHints":{"allow":["GET"]}}],"collection":[{"href":"https:\/\/lacartebuissonniere.fr\/index.php\/wp-json\/wp\/v2\/posts"}],"about":[{"href":"https:\/\/lacartebuissonniere.fr\/index.php\/wp-json\/wp\/v2\/types\/post"}],"author":[{"embeddable":true,"href":"https:\/\/lacartebuissonniere.fr\/index.php\/wp-json\/wp\/v2\/users\/2"}],"replies":[{"embeddable":true,"href":"https:\/\/lacartebuissonniere.fr\/index.php\/wp-json\/wp\/v2\/comments?post=4036"}],"version-history":[{"count":1,"href":"https:\/\/lacartebuissonniere.fr\/index.php\/wp-json\/wp\/v2\/posts\/4036\/revisions"}],"predecessor-version":[{"id":4041,"href":"https:\/\/lacartebuissonniere.fr\/index.php\/wp-json\/wp\/v2\/posts\/4036\/revisions\/4041"}],"wp:attachment":[{"href":"https:\/\/lacartebuissonniere.fr\/index.php\/wp-json\/wp\/v2\/media?parent=4036"}],"wp:term":[{"taxonomy":"category","embeddable":true,"href":"https:\/\/lacartebuissonniere.fr\/index.php\/wp-json\/wp\/v2\/categories?post=4036"},{"taxonomy":"post_tag","embeddable":true,"href":"https:\/\/lacartebuissonniere.fr\/index.php\/wp-json\/wp\/v2\/tags?post=4036"}],"curies":[{"name":"wp","href":"https:\/\/api.w.org\/{rel}","templated":true}]}}