{"id":4164,"date":"2023-10-28T09:00:00","date_gmt":"2023-10-28T07:00:00","guid":{"rendered":"https:\/\/lacartebuissonniere.fr\/?p=4164"},"modified":"2023-09-23T20:20:23","modified_gmt":"2023-09-23T18:20:23","slug":"sous-le-signe-de-la-figue","status":"publish","type":"post","link":"https:\/\/lacartebuissonniere.fr\/index.php\/2023\/10\/28\/sous-le-signe-de-la-figue\/","title":{"rendered":"Sous le signe de la figue"},"content":{"rendered":"\n<p><\/p>\n\n\n\n<p>Dans le calendrier r\u00e9publicain fran\u00e7ais, le 7<sup>e<\/sup> jour du mois de brumaire, souvent notre 28 octobre, \u00e9tait d\u00e9nomm\u00e9 jour de la figue.<\/p>\n\n\n\n<p>Ce fruit nous donne l\u2019occasion de nous pencher sur les origines mythiques de Rome.<\/p>\n\n\n\n<p>Nous connaissons l\u2019histoire des jumeaux Romulus et R\u00e9mus, abandonn\u00e9s nouveau-n\u00e9s dans un panier au fil du Tibre, puis recueillis et allait\u00e9s par une louve.<\/p>\n\n\n\n<p>La repr\u00e9sentation la plus connue en est celle de la louve capitoline, sculpture en bronze de datation incertaine. C\u2019est probablement une \u0153uvre \u00e9trusque du V<sup>e<\/sup> si\u00e8cle avant J.-C., \u00e0 laquelle les jumeaux ont \u00e9t\u00e9 ajout\u00e9s au XV<sup>e<\/sup> si\u00e8cle\u00a0:<\/p>\n\n\n\n<figure class=\"wp-block-gallery has-nested-images columns-default is-cropped wp-block-gallery-1 is-layout-flex wp-block-gallery-is-layout-flex\">\n<figure class=\"wp-block-image size-large\"><img loading=\"lazy\" decoding=\"async\" width=\"768\" height=\"1024\" data-id=\"4166\" src=\"https:\/\/lacartebuissonniere.fr\/wp-content\/uploads\/2023\/09\/0D8EF814-A182-4836-B3A2-8F677F8DCCA2_1_105_c.jpeg\" alt=\"\" class=\"wp-image-4166\" srcset=\"https:\/\/lacartebuissonniere.fr\/wp-content\/uploads\/2023\/09\/0D8EF814-A182-4836-B3A2-8F677F8DCCA2_1_105_c.jpeg 768w, https:\/\/lacartebuissonniere.fr\/wp-content\/uploads\/2023\/09\/0D8EF814-A182-4836-B3A2-8F677F8DCCA2_1_105_c-225x300.jpeg 225w, https:\/\/lacartebuissonniere.fr\/wp-content\/uploads\/2023\/09\/0D8EF814-A182-4836-B3A2-8F677F8DCCA2_1_105_c-450x600.jpeg 450w\" sizes=\"auto, (max-width: 768px) 100vw, 768px\" \/><\/figure>\n\n\n\n<figure class=\"wp-block-image size-large\"><img loading=\"lazy\" decoding=\"async\" width=\"768\" height=\"1024\" data-id=\"4165\" src=\"https:\/\/lacartebuissonniere.fr\/wp-content\/uploads\/2023\/09\/6E6A32E8-80AD-4653-803D-425E77A3CE2E_1_105_c.jpeg\" alt=\"\" class=\"wp-image-4165\" srcset=\"https:\/\/lacartebuissonniere.fr\/wp-content\/uploads\/2023\/09\/6E6A32E8-80AD-4653-803D-425E77A3CE2E_1_105_c.jpeg 768w, https:\/\/lacartebuissonniere.fr\/wp-content\/uploads\/2023\/09\/6E6A32E8-80AD-4653-803D-425E77A3CE2E_1_105_c-225x300.jpeg 225w, https:\/\/lacartebuissonniere.fr\/wp-content\/uploads\/2023\/09\/6E6A32E8-80AD-4653-803D-425E77A3CE2E_1_105_c-450x600.jpeg 450w\" sizes=\"auto, (max-width: 768px) 100vw, 768px\" \/><\/figure>\n<\/figure>\n\n\n\n<p><\/p>\n\n\n\n<p>Il en existe de nombreuses r\u00e9pliques, dont une que je salue souvent, offerte par Rome \u00e0 Paris en 1962 \u00e0 l\u2019occasion du jumelage des deux capitales. Elle se trouve square Samuel-Paty, face \u00e0 la Sorbonne, et je la trouve amusante quand elle porte un capara\u00e7on de neige\u00a0!<\/p>\n\n\n\n<figure class=\"wp-block-gallery has-nested-images columns-default is-cropped wp-block-gallery-2 is-layout-flex wp-block-gallery-is-layout-flex\">\n<figure class=\"wp-block-image size-large\"><img loading=\"lazy\" decoding=\"async\" width=\"1024\" height=\"768\" data-id=\"4168\" src=\"https:\/\/lacartebuissonniere.fr\/wp-content\/uploads\/2023\/09\/51B936F2-AF30-47BD-BB36-638F6200BC6B_1_105_c.jpeg\" alt=\"\" class=\"wp-image-4168\" srcset=\"https:\/\/lacartebuissonniere.fr\/wp-content\/uploads\/2023\/09\/51B936F2-AF30-47BD-BB36-638F6200BC6B_1_105_c.jpeg 1024w, https:\/\/lacartebuissonniere.fr\/wp-content\/uploads\/2023\/09\/51B936F2-AF30-47BD-BB36-638F6200BC6B_1_105_c-300x225.jpeg 300w, https:\/\/lacartebuissonniere.fr\/wp-content\/uploads\/2023\/09\/51B936F2-AF30-47BD-BB36-638F6200BC6B_1_105_c-768x576.jpeg 768w, https:\/\/lacartebuissonniere.fr\/wp-content\/uploads\/2023\/09\/51B936F2-AF30-47BD-BB36-638F6200BC6B_1_105_c-600x450.jpeg 600w\" sizes=\"auto, (max-width: 1024px) 100vw, 1024px\" \/><\/figure>\n\n\n\n<figure class=\"wp-block-image size-large\"><img loading=\"lazy\" decoding=\"async\" width=\"1024\" height=\"768\" data-id=\"4167\" src=\"https:\/\/lacartebuissonniere.fr\/wp-content\/uploads\/2023\/09\/20408E72-6611-4A86-9DE6-BBEDCCA806BF_1_105_c.jpeg\" alt=\"\" class=\"wp-image-4167\" srcset=\"https:\/\/lacartebuissonniere.fr\/wp-content\/uploads\/2023\/09\/20408E72-6611-4A86-9DE6-BBEDCCA806BF_1_105_c.jpeg 1024w, https:\/\/lacartebuissonniere.fr\/wp-content\/uploads\/2023\/09\/20408E72-6611-4A86-9DE6-BBEDCCA806BF_1_105_c-300x225.jpeg 300w, https:\/\/lacartebuissonniere.fr\/wp-content\/uploads\/2023\/09\/20408E72-6611-4A86-9DE6-BBEDCCA806BF_1_105_c-768x576.jpeg 768w, https:\/\/lacartebuissonniere.fr\/wp-content\/uploads\/2023\/09\/20408E72-6611-4A86-9DE6-BBEDCCA806BF_1_105_c-600x450.jpeg 600w\" sizes=\"auto, (max-width: 1024px) 100vw, 1024px\" \/><\/figure>\n<\/figure>\n\n\n\n<p><\/p>\n\n\n\n<p>Mais nous avons souvent oubli\u00e9 que le panier fait halte au pied d\u2019un figuier sauvage dit \u00ab&nbsp;figuier Ruminal&nbsp;\u00bb, comme en atteste les historiens Tite-Live (<em>Ab Urbe condita libri<\/em>, I, IV, 5) et Tacite (<em>Annales<\/em> XIII, 58) ou le po\u00e8te Ovide (<em>Fastes<\/em> II, 412).<\/p>\n\n\n\n<p>Sur cet autel consacr\u00e9 \u00e0 Mars et V\u00e9nus datant de la fin du r\u00e8gne de Trajan (98-117 ap. J.-C.), nous voyons \u00e0 la fois la louve allaitant les enfants et des figuiers croulant de fruits\u00a0:<\/p>\n\n\n<div class=\"wp-block-image\">\n<figure class=\"aligncenter size-full\"><img loading=\"lazy\" decoding=\"async\" width=\"768\" height=\"1024\" src=\"https:\/\/lacartebuissonniere.fr\/wp-content\/uploads\/2023\/09\/F1AAA58C-28A4-48B8-89A1-C6310C11CD77_1_105_c.jpeg\" alt=\"\" class=\"wp-image-4169\" srcset=\"https:\/\/lacartebuissonniere.fr\/wp-content\/uploads\/2023\/09\/F1AAA58C-28A4-48B8-89A1-C6310C11CD77_1_105_c.jpeg 768w, https:\/\/lacartebuissonniere.fr\/wp-content\/uploads\/2023\/09\/F1AAA58C-28A4-48B8-89A1-C6310C11CD77_1_105_c-225x300.jpeg 225w, https:\/\/lacartebuissonniere.fr\/wp-content\/uploads\/2023\/09\/F1AAA58C-28A4-48B8-89A1-C6310C11CD77_1_105_c-450x600.jpeg 450w\" sizes=\"auto, (max-width: 768px) 100vw, 768px\" \/><figcaption class=\"wp-element-caption\">\u00a9 <a href=\"https:\/\/commons.wikimedia.org\/wiki\/User:Ursus\">Ursus<\/a> &#8211; CC<\/figcaption><\/figure>\n<\/div>\n\n\n<p><\/p>\n\n\n\n<p>On retrouve louve et figuiers dans une toile du XVII<sup>e<\/sup> si\u00e8cle de Pierre de Cortone, \u00ab\u00a0Romulus et R\u00e9mus recueillis par Faustulus\u00a0\u00bb, conserv\u00e9e dans la Grande Galerie du Louvre\u00a0:<\/p>\n\n\n<div class=\"wp-block-image\">\n<figure class=\"aligncenter size-full\"><img loading=\"lazy\" decoding=\"async\" width=\"961\" height=\"817\" src=\"https:\/\/lacartebuissonniere.fr\/wp-content\/uploads\/2023\/09\/32E51477-C618-409A-8954-1F128CFA4354_1_105_c.jpeg\" alt=\"\" class=\"wp-image-4170\" srcset=\"https:\/\/lacartebuissonniere.fr\/wp-content\/uploads\/2023\/09\/32E51477-C618-409A-8954-1F128CFA4354_1_105_c.jpeg 961w, https:\/\/lacartebuissonniere.fr\/wp-content\/uploads\/2023\/09\/32E51477-C618-409A-8954-1F128CFA4354_1_105_c-300x255.jpeg 300w, https:\/\/lacartebuissonniere.fr\/wp-content\/uploads\/2023\/09\/32E51477-C618-409A-8954-1F128CFA4354_1_105_c-768x653.jpeg 768w, https:\/\/lacartebuissonniere.fr\/wp-content\/uploads\/2023\/09\/32E51477-C618-409A-8954-1F128CFA4354_1_105_c-600x510.jpeg 600w\" sizes=\"auto, (max-width: 961px) 100vw, 961px\" \/><\/figure>\n<\/div>\n\n\n<p><\/p>\n\n\n\n<p>Le berger confie l\u2019un des jumeaux \u00e0 son \u00e9pouse tandis que l\u2019autre demeure aupr\u00e8s de la louve, sous l\u2019ombre protectrice des figuiers\u00a0:<\/p>\n\n\n\n<figure class=\"wp-block-gallery has-nested-images columns-default is-cropped wp-block-gallery-3 is-layout-flex wp-block-gallery-is-layout-flex\">\n<figure class=\"wp-block-image size-large\"><img loading=\"lazy\" decoding=\"async\" width=\"1024\" height=\"768\" data-id=\"4172\" src=\"https:\/\/lacartebuissonniere.fr\/wp-content\/uploads\/2023\/09\/EE198684-333B-4A38-8059-40C77ECAED4F_1_105_c.jpeg\" alt=\"\" class=\"wp-image-4172\" srcset=\"https:\/\/lacartebuissonniere.fr\/wp-content\/uploads\/2023\/09\/EE198684-333B-4A38-8059-40C77ECAED4F_1_105_c.jpeg 1024w, https:\/\/lacartebuissonniere.fr\/wp-content\/uploads\/2023\/09\/EE198684-333B-4A38-8059-40C77ECAED4F_1_105_c-300x225.jpeg 300w, https:\/\/lacartebuissonniere.fr\/wp-content\/uploads\/2023\/09\/EE198684-333B-4A38-8059-40C77ECAED4F_1_105_c-768x576.jpeg 768w, https:\/\/lacartebuissonniere.fr\/wp-content\/uploads\/2023\/09\/EE198684-333B-4A38-8059-40C77ECAED4F_1_105_c-600x450.jpeg 600w\" sizes=\"auto, (max-width: 1024px) 100vw, 1024px\" \/><\/figure>\n\n\n\n<figure class=\"wp-block-image size-large\"><img loading=\"lazy\" decoding=\"async\" width=\"1024\" height=\"768\" data-id=\"4171\" src=\"https:\/\/lacartebuissonniere.fr\/wp-content\/uploads\/2023\/09\/F3E682B2-ED0B-4733-A53A-1DB98222264B_1_105_c.jpeg\" alt=\"\" class=\"wp-image-4171\" srcset=\"https:\/\/lacartebuissonniere.fr\/wp-content\/uploads\/2023\/09\/F3E682B2-ED0B-4733-A53A-1DB98222264B_1_105_c.jpeg 1024w, https:\/\/lacartebuissonniere.fr\/wp-content\/uploads\/2023\/09\/F3E682B2-ED0B-4733-A53A-1DB98222264B_1_105_c-300x225.jpeg 300w, https:\/\/lacartebuissonniere.fr\/wp-content\/uploads\/2023\/09\/F3E682B2-ED0B-4733-A53A-1DB98222264B_1_105_c-768x576.jpeg 768w, https:\/\/lacartebuissonniere.fr\/wp-content\/uploads\/2023\/09\/F3E682B2-ED0B-4733-A53A-1DB98222264B_1_105_c-600x450.jpeg 600w\" sizes=\"auto, (max-width: 1024px) 100vw, 1024px\" \/><\/figure>\n<\/figure>\n\n\n\n<p><\/p>\n\n\n\n<p>La sc\u00e8ne a tellement plu que la Banque de France en poss\u00e8de une copie de 1868 ex\u00e9cut\u00e9e par \u00c9douard Vimont, avec des couleurs plus vives et un format allong\u00e9\u00a0:<\/p>\n\n\n<div class=\"wp-block-image\">\n<figure class=\"aligncenter size-full\"><img loading=\"lazy\" decoding=\"async\" width=\"768\" height=\"1024\" src=\"https:\/\/lacartebuissonniere.fr\/wp-content\/uploads\/2023\/09\/3DE5C821-7E93-4E16-A54E-AAC9D142BB0A_1_105_c.jpeg\" alt=\"\" class=\"wp-image-4173\" srcset=\"https:\/\/lacartebuissonniere.fr\/wp-content\/uploads\/2023\/09\/3DE5C821-7E93-4E16-A54E-AAC9D142BB0A_1_105_c.jpeg 768w, https:\/\/lacartebuissonniere.fr\/wp-content\/uploads\/2023\/09\/3DE5C821-7E93-4E16-A54E-AAC9D142BB0A_1_105_c-225x300.jpeg 225w, https:\/\/lacartebuissonniere.fr\/wp-content\/uploads\/2023\/09\/3DE5C821-7E93-4E16-A54E-AAC9D142BB0A_1_105_c-450x600.jpeg 450w\" sizes=\"auto, (max-width: 768px) 100vw, 768px\" \/><\/figure>\n<\/div>\n\n\n<p><\/p>\n\n\n\n<h2 class=\"wp-block-heading\">\u00ab\u00a0Ruminal\u00a0\u00bb\u00a0?<\/h2>\n\n\n\n<p>En latin archa\u00efque, <em>ruma<\/em> d\u00e9signe une mamelle.<br>L\u2019adjectif conf\u00e8rerait donc au figuier un r\u00f4le protecteur et annonciateur de renouveau.<\/p>\n\n\n\n<p>La figue serait le plus ancien fruit domestiqu\u00e9.<br>Ces fresques de la Villa de Popp\u00e9e, dans l\u2019antique Oplontis, en t\u00e9moignent\u00a0:<\/p>\n\n\n\n<figure class=\"wp-block-gallery has-nested-images columns-default is-cropped wp-block-gallery-4 is-layout-flex wp-block-gallery-is-layout-flex\">\n<figure class=\"wp-block-image size-large\"><img loading=\"lazy\" decoding=\"async\" width=\"719\" height=\"539\" data-id=\"4175\" src=\"https:\/\/lacartebuissonniere.fr\/wp-content\/uploads\/2023\/09\/0BED9367-6E48-478F-A86B-3FC7AD3A1C17_1_201_a.jpeg\" alt=\"\" class=\"wp-image-4175\" srcset=\"https:\/\/lacartebuissonniere.fr\/wp-content\/uploads\/2023\/09\/0BED9367-6E48-478F-A86B-3FC7AD3A1C17_1_201_a.jpeg 719w, https:\/\/lacartebuissonniere.fr\/wp-content\/uploads\/2023\/09\/0BED9367-6E48-478F-A86B-3FC7AD3A1C17_1_201_a-300x225.jpeg 300w, https:\/\/lacartebuissonniere.fr\/wp-content\/uploads\/2023\/09\/0BED9367-6E48-478F-A86B-3FC7AD3A1C17_1_201_a-600x450.jpeg 600w\" sizes=\"auto, (max-width: 719px) 100vw, 719px\" \/><\/figure>\n\n\n\n<figure class=\"wp-block-image size-large\"><img loading=\"lazy\" decoding=\"async\" width=\"1024\" height=\"768\" data-id=\"4174\" src=\"https:\/\/lacartebuissonniere.fr\/wp-content\/uploads\/2023\/09\/F9325228-C1C7-4AED-B526-DE7988646FE0_1_105_c.jpeg\" alt=\"\" class=\"wp-image-4174\" srcset=\"https:\/\/lacartebuissonniere.fr\/wp-content\/uploads\/2023\/09\/F9325228-C1C7-4AED-B526-DE7988646FE0_1_105_c.jpeg 1024w, https:\/\/lacartebuissonniere.fr\/wp-content\/uploads\/2023\/09\/F9325228-C1C7-4AED-B526-DE7988646FE0_1_105_c-300x225.jpeg 300w, https:\/\/lacartebuissonniere.fr\/wp-content\/uploads\/2023\/09\/F9325228-C1C7-4AED-B526-DE7988646FE0_1_105_c-768x576.jpeg 768w, https:\/\/lacartebuissonniere.fr\/wp-content\/uploads\/2023\/09\/F9325228-C1C7-4AED-B526-DE7988646FE0_1_105_c-600x450.jpeg 600w\" sizes=\"auto, (max-width: 1024px) 100vw, 1024px\" \/><\/figure>\n<\/figure>\n\n\n\n<p><\/p>\n\n\n\n<p>Dans ce m\u00eame I<sup>er <\/sup>si\u00e8cle, Pline l\u2019Ancien en mentionne d\u00e9j\u00e0 vingt-neuf vari\u00e9t\u00e9s dans son <em>Histoire naturelle<\/em> et \u00e9voque la coutume de gaver les oies avec des figues s\u00e9ch\u00e9es. On obtenait ainsi un foie farci de figues, <em>jecur ficatum<\/em>.<\/p>\n\n\n\n<p>De fa\u00e7on amusante, c\u2019est l\u2019\u00e9volution phon\u00e9tique du mot <em>ficatum<\/em> (\u00ab&nbsp;aux figues&nbsp;\u00bb) qui donnera le fran\u00e7ais <em>foie<\/em>.<\/p>\n\n\n\n<p>De nos jours, on compte quelque sept cents vari\u00e9t\u00e9s de figues, vertes (ou blanches), grises (ou rouges) et noires (ou violettes).<\/p>\n\n\n\n<p>Ce sont ces derni\u00e8res qui d\u00e9corent mes cartes buissonni\u00e8res&nbsp;:<\/p>\n\n\n\n<figure class=\"wp-block-image size-large\"><img loading=\"lazy\" decoding=\"async\" width=\"1024\" height=\"764\" src=\"https:\/\/lacartebuissonniere.fr\/wp-content\/uploads\/2023\/09\/IMG_8767-1024x764.jpeg\" alt=\"\" class=\"wp-image-4177\" srcset=\"https:\/\/lacartebuissonniere.fr\/wp-content\/uploads\/2023\/09\/IMG_8767-1024x764.jpeg 1024w, https:\/\/lacartebuissonniere.fr\/wp-content\/uploads\/2023\/09\/IMG_8767-300x224.jpeg 300w, https:\/\/lacartebuissonniere.fr\/wp-content\/uploads\/2023\/09\/IMG_8767-768x573.jpeg 768w, https:\/\/lacartebuissonniere.fr\/wp-content\/uploads\/2023\/09\/IMG_8767-1536x1146.jpeg 1536w, https:\/\/lacartebuissonniere.fr\/wp-content\/uploads\/2023\/09\/IMG_8767-2048x1528.jpeg 2048w, https:\/\/lacartebuissonniere.fr\/wp-content\/uploads\/2023\/09\/IMG_8767-600x448.jpeg 600w\" sizes=\"auto, (max-width: 1024px) 100vw, 1024px\" \/><\/figure>\n\n\n\n<p><\/p>\n\n\n\n<p>Sources :<\/p>\n\n\n\n<p><a href=\"https:\/\/www.museicapitolini.org\/fr\/opera\/lupa-capitolina\" target=\"_blank\" rel=\"noreferrer noopener\">\u00ab\u00a0Louve Capitoline\u00a0\u00bb<\/a> &#8211; fiche du mus\u00e9e du Capitole<\/p>\n\n\n\n<p><a href=\"https:\/\/fr.wikipedia.org\/wiki\/Ficus_Ruminalis\" target=\"_blank\" rel=\"noreferrer noopener\">\u00ab\u00a0Ficus ruminalis\u00a0\u00bb<\/a> &#8211; fiche Wikip\u00e9dia<\/p>\n\n\n\n<p><a href=\"https:\/\/www.jstor.org\/stable\/41547960\" target=\"_blank\" rel=\"noreferrer noopener\">\u00ab\u00a0Le figuier et la louve \u2013 Aux origines mythiques de la Rome antique\u00a0\u00bb<\/a><\/p>\n","protected":false},"excerpt":{"rendered":"<p>Dans le calendrier r\u00e9publicain fran\u00e7ais, le 7e jour du mois de brumaire, souvent notre 28 octobre, \u00e9tait d\u00e9nomm\u00e9 jour de la figue. Ce fruit nous donne l\u2019occasion de nous pencher sur les origines mythiques de Rome. Nous connaissons l\u2019histoire des jumeaux Romulus et R\u00e9mus, abandonn\u00e9s nouveau-n\u00e9s dans un panier au fil du Tibre, puis recueillis [&hellip;]<\/p>\n","protected":false},"author":2,"featured_media":0,"comment_status":"open","ping_status":"open","sticky":false,"template":"","format":"standard","meta":{"two_page_speed":[],"footnotes":""},"categories":[16,18,13],"tags":[],"class_list":["post-4164","post","type-post","status-publish","format-standard","hentry","category-flaneries","category-flaneries-culturelles","category-infos","entry"],"yoast_head":"<!-- This site is optimized with the Yoast SEO plugin v25.4 - https:\/\/yoast.com\/wordpress\/plugins\/seo\/ -->\n<title>Sous le signe de la figue - La carte buissonni\u00e8re<\/title>\n<meta name=\"robots\" content=\"index, follow, max-snippet:-1, max-image-preview:large, max-video-preview:-1\" \/>\n<link rel=\"canonical\" href=\"https:\/\/lacartebuissonniere.fr\/index.php\/2023\/10\/28\/sous-le-signe-de-la-figue\/\" \/>\n<meta property=\"og:locale\" content=\"fr_FR\" \/>\n<meta property=\"og:type\" content=\"article\" \/>\n<meta property=\"og:title\" content=\"Sous le signe de la figue - La carte buissonni\u00e8re\" \/>\n<meta property=\"og:description\" content=\"Dans le calendrier r\u00e9publicain fran\u00e7ais, le 7e jour du mois de brumaire, souvent notre 28 octobre, \u00e9tait d\u00e9nomm\u00e9 jour de la figue. Ce fruit nous donne l\u2019occasion de nous pencher sur les origines mythiques de Rome. Nous connaissons l\u2019histoire des jumeaux Romulus et R\u00e9mus, abandonn\u00e9s nouveau-n\u00e9s dans un panier au fil du Tibre, puis recueillis [&hellip;]\" \/>\n<meta property=\"og:url\" content=\"https:\/\/lacartebuissonniere.fr\/index.php\/2023\/10\/28\/sous-le-signe-de-la-figue\/\" \/>\n<meta property=\"og:site_name\" content=\"La carte buissonni\u00e8re\" \/>\n<meta property=\"article:publisher\" content=\"https:\/\/www.facebook.com\/lacartebuissonniere\/\" \/>\n<meta property=\"article:published_time\" content=\"2023-10-28T07:00:00+00:00\" \/>\n<meta property=\"og:image\" content=\"https:\/\/lacartebuissonniere.fr\/wp-content\/uploads\/2023\/09\/0D8EF814-A182-4836-B3A2-8F677F8DCCA2_1_105_c.jpeg\" \/>\n<meta name=\"author\" content=\"Carte buissonni\u00e8re\" \/>\n<meta name=\"twitter:card\" content=\"summary_large_image\" \/>\n<meta name=\"twitter:label1\" content=\"\u00c9crit par\" \/>\n\t<meta name=\"twitter:data1\" content=\"Carte buissonni\u00e8re\" \/>\n\t<meta name=\"twitter:label2\" content=\"Dur\u00e9e de lecture estim\u00e9e\" \/>\n\t<meta name=\"twitter:data2\" content=\"5 minutes\" \/>\n<script type=\"application\/ld+json\" class=\"yoast-schema-graph\">{\"@context\":\"https:\/\/schema.org\",\"@graph\":[{\"@type\":\"Article\",\"@id\":\"https:\/\/lacartebuissonniere.fr\/index.php\/2023\/10\/28\/sous-le-signe-de-la-figue\/#article\",\"isPartOf\":{\"@id\":\"https:\/\/lacartebuissonniere.fr\/index.php\/2023\/10\/28\/sous-le-signe-de-la-figue\/\"},\"author\":{\"name\":\"Carte buissonni\u00e8re\",\"@id\":\"https:\/\/lacartebuissonniere.fr\/#\/schema\/person\/4e60af809837a2287e4f6d4daaf7abd4\"},\"headline\":\"Sous le signe de la figue\",\"datePublished\":\"2023-10-28T07:00:00+00:00\",\"mainEntityOfPage\":{\"@id\":\"https:\/\/lacartebuissonniere.fr\/index.php\/2023\/10\/28\/sous-le-signe-de-la-figue\/\"},\"wordCount\":515,\"commentCount\":2,\"publisher\":{\"@id\":\"https:\/\/lacartebuissonniere.fr\/#organization\"},\"image\":{\"@id\":\"https:\/\/lacartebuissonniere.fr\/index.php\/2023\/10\/28\/sous-le-signe-de-la-figue\/#primaryimage\"},\"thumbnailUrl\":\"https:\/\/lacartebuissonniere.fr\/wp-content\/uploads\/2023\/09\/0D8EF814-A182-4836-B3A2-8F677F8DCCA2_1_105_c.jpeg\",\"articleSection\":[\"FL\u00c2NERIES\",\"Fl\u00e2neries culturelles\",\"INFOS\"],\"inLanguage\":\"fr-FR\",\"potentialAction\":[{\"@type\":\"CommentAction\",\"name\":\"Comment\",\"target\":[\"https:\/\/lacartebuissonniere.fr\/index.php\/2023\/10\/28\/sous-le-signe-de-la-figue\/#respond\"]}]},{\"@type\":\"WebPage\",\"@id\":\"https:\/\/lacartebuissonniere.fr\/index.php\/2023\/10\/28\/sous-le-signe-de-la-figue\/\",\"url\":\"https:\/\/lacartebuissonniere.fr\/index.php\/2023\/10\/28\/sous-le-signe-de-la-figue\/\",\"name\":\"Sous le signe de la figue - La carte buissonni\u00e8re\",\"isPartOf\":{\"@id\":\"https:\/\/lacartebuissonniere.fr\/#website\"},\"primaryImageOfPage\":{\"@id\":\"https:\/\/lacartebuissonniere.fr\/index.php\/2023\/10\/28\/sous-le-signe-de-la-figue\/#primaryimage\"},\"image\":{\"@id\":\"https:\/\/lacartebuissonniere.fr\/index.php\/2023\/10\/28\/sous-le-signe-de-la-figue\/#primaryimage\"},\"thumbnailUrl\":\"https:\/\/lacartebuissonniere.fr\/wp-content\/uploads\/2023\/09\/0D8EF814-A182-4836-B3A2-8F677F8DCCA2_1_105_c.jpeg\",\"datePublished\":\"2023-10-28T07:00:00+00:00\",\"breadcrumb\":{\"@id\":\"https:\/\/lacartebuissonniere.fr\/index.php\/2023\/10\/28\/sous-le-signe-de-la-figue\/#breadcrumb\"},\"inLanguage\":\"fr-FR\",\"potentialAction\":[{\"@type\":\"ReadAction\",\"target\":[\"https:\/\/lacartebuissonniere.fr\/index.php\/2023\/10\/28\/sous-le-signe-de-la-figue\/\"]}]},{\"@type\":\"ImageObject\",\"inLanguage\":\"fr-FR\",\"@id\":\"https:\/\/lacartebuissonniere.fr\/index.php\/2023\/10\/28\/sous-le-signe-de-la-figue\/#primaryimage\",\"url\":\"https:\/\/lacartebuissonniere.fr\/wp-content\/uploads\/2023\/09\/0D8EF814-A182-4836-B3A2-8F677F8DCCA2_1_105_c.jpeg\",\"contentUrl\":\"https:\/\/lacartebuissonniere.fr\/wp-content\/uploads\/2023\/09\/0D8EF814-A182-4836-B3A2-8F677F8DCCA2_1_105_c.jpeg\",\"width\":768,\"height\":1024},{\"@type\":\"BreadcrumbList\",\"@id\":\"https:\/\/lacartebuissonniere.fr\/index.php\/2023\/10\/28\/sous-le-signe-de-la-figue\/#breadcrumb\",\"itemListElement\":[{\"@type\":\"ListItem\",\"position\":1,\"name\":\"Accueil\",\"item\":\"https:\/\/lacartebuissonniere.fr\/\"},{\"@type\":\"ListItem\",\"position\":2,\"name\":\"Sous le signe de la figue\"}]},{\"@type\":\"WebSite\",\"@id\":\"https:\/\/lacartebuissonniere.fr\/#website\",\"url\":\"https:\/\/lacartebuissonniere.fr\/\",\"name\":\"La carte buissonni\u00e8re\",\"description\":\"\",\"publisher\":{\"@id\":\"https:\/\/lacartebuissonniere.fr\/#organization\"},\"potentialAction\":[{\"@type\":\"SearchAction\",\"target\":{\"@type\":\"EntryPoint\",\"urlTemplate\":\"https:\/\/lacartebuissonniere.fr\/?s={search_term_string}\"},\"query-input\":{\"@type\":\"PropertyValueSpecification\",\"valueRequired\":true,\"valueName\":\"search_term_string\"}}],\"inLanguage\":\"fr-FR\"},{\"@type\":\"Organization\",\"@id\":\"https:\/\/lacartebuissonniere.fr\/#organization\",\"name\":\"La carte buissonni\u00e8re\",\"url\":\"https:\/\/lacartebuissonniere.fr\/\",\"logo\":{\"@type\":\"ImageObject\",\"inLanguage\":\"fr-FR\",\"@id\":\"https:\/\/lacartebuissonniere.fr\/#\/schema\/logo\/image\/\",\"url\":\"https:\/\/lacartebuissonniere.fr\/wp-content\/uploads\/2022\/12\/Illustration-sans-titre.jpg\",\"contentUrl\":\"https:\/\/lacartebuissonniere.fr\/wp-content\/uploads\/2022\/12\/Illustration-sans-titre.jpg\",\"width\":637,\"height\":680,\"caption\":\"La carte buissonni\u00e8re\"},\"image\":{\"@id\":\"https:\/\/lacartebuissonniere.fr\/#\/schema\/logo\/image\/\"},\"sameAs\":[\"https:\/\/www.facebook.com\/lacartebuissonniere\/\",\"https:\/\/www.pinterest.fr\/DelphChabanne\/\"]},{\"@type\":\"Person\",\"@id\":\"https:\/\/lacartebuissonniere.fr\/#\/schema\/person\/4e60af809837a2287e4f6d4daaf7abd4\",\"name\":\"Carte buissonni\u00e8re\",\"image\":{\"@type\":\"ImageObject\",\"inLanguage\":\"fr-FR\",\"@id\":\"https:\/\/lacartebuissonniere.fr\/#\/schema\/person\/image\/\",\"url\":\"https:\/\/secure.gravatar.com\/avatar\/b543b5e0f093efbab3dfee8595bf9077ed504ab48ffeb378c9dc263381c278e6?s=96&d=mm&r=g\",\"contentUrl\":\"https:\/\/secure.gravatar.com\/avatar\/b543b5e0f093efbab3dfee8595bf9077ed504ab48ffeb378c9dc263381c278e6?s=96&d=mm&r=g\",\"caption\":\"Carte buissonni\u00e8re\"},\"sameAs\":[\"http:\/\/lacartebuissonniere.fr\"],\"url\":\"https:\/\/lacartebuissonniere.fr\/index.php\/author\/carteb\/\"}]}<\/script>\n<!-- \/ Yoast SEO plugin. -->","yoast_head_json":{"title":"Sous le signe de la figue - La carte buissonni\u00e8re","robots":{"index":"index","follow":"follow","max-snippet":"max-snippet:-1","max-image-preview":"max-image-preview:large","max-video-preview":"max-video-preview:-1"},"canonical":"https:\/\/lacartebuissonniere.fr\/index.php\/2023\/10\/28\/sous-le-signe-de-la-figue\/","og_locale":"fr_FR","og_type":"article","og_title":"Sous le signe de la figue - La carte buissonni\u00e8re","og_description":"Dans le calendrier r\u00e9publicain fran\u00e7ais, le 7e jour du mois de brumaire, souvent notre 28 octobre, \u00e9tait d\u00e9nomm\u00e9 jour de la figue. Ce fruit nous donne l\u2019occasion de nous pencher sur les origines mythiques de Rome. Nous connaissons l\u2019histoire des jumeaux Romulus et R\u00e9mus, abandonn\u00e9s nouveau-n\u00e9s dans un panier au fil du Tibre, puis recueillis [&hellip;]","og_url":"https:\/\/lacartebuissonniere.fr\/index.php\/2023\/10\/28\/sous-le-signe-de-la-figue\/","og_site_name":"La carte buissonni\u00e8re","article_publisher":"https:\/\/www.facebook.com\/lacartebuissonniere\/","article_published_time":"2023-10-28T07:00:00+00:00","og_image":[{"url":"https:\/\/lacartebuissonniere.fr\/wp-content\/uploads\/2023\/09\/0D8EF814-A182-4836-B3A2-8F677F8DCCA2_1_105_c.jpeg","type":"","width":"","height":""}],"author":"Carte buissonni\u00e8re","twitter_card":"summary_large_image","twitter_misc":{"\u00c9crit par":"Carte buissonni\u00e8re","Dur\u00e9e de lecture estim\u00e9e":"5 minutes"},"schema":{"@context":"https:\/\/schema.org","@graph":[{"@type":"Article","@id":"https:\/\/lacartebuissonniere.fr\/index.php\/2023\/10\/28\/sous-le-signe-de-la-figue\/#article","isPartOf":{"@id":"https:\/\/lacartebuissonniere.fr\/index.php\/2023\/10\/28\/sous-le-signe-de-la-figue\/"},"author":{"name":"Carte buissonni\u00e8re","@id":"https:\/\/lacartebuissonniere.fr\/#\/schema\/person\/4e60af809837a2287e4f6d4daaf7abd4"},"headline":"Sous le signe de la figue","datePublished":"2023-10-28T07:00:00+00:00","mainEntityOfPage":{"@id":"https:\/\/lacartebuissonniere.fr\/index.php\/2023\/10\/28\/sous-le-signe-de-la-figue\/"},"wordCount":515,"commentCount":2,"publisher":{"@id":"https:\/\/lacartebuissonniere.fr\/#organization"},"image":{"@id":"https:\/\/lacartebuissonniere.fr\/index.php\/2023\/10\/28\/sous-le-signe-de-la-figue\/#primaryimage"},"thumbnailUrl":"https:\/\/lacartebuissonniere.fr\/wp-content\/uploads\/2023\/09\/0D8EF814-A182-4836-B3A2-8F677F8DCCA2_1_105_c.jpeg","articleSection":["FL\u00c2NERIES","Fl\u00e2neries culturelles","INFOS"],"inLanguage":"fr-FR","potentialAction":[{"@type":"CommentAction","name":"Comment","target":["https:\/\/lacartebuissonniere.fr\/index.php\/2023\/10\/28\/sous-le-signe-de-la-figue\/#respond"]}]},{"@type":"WebPage","@id":"https:\/\/lacartebuissonniere.fr\/index.php\/2023\/10\/28\/sous-le-signe-de-la-figue\/","url":"https:\/\/lacartebuissonniere.fr\/index.php\/2023\/10\/28\/sous-le-signe-de-la-figue\/","name":"Sous le signe de la figue - La carte buissonni\u00e8re","isPartOf":{"@id":"https:\/\/lacartebuissonniere.fr\/#website"},"primaryImageOfPage":{"@id":"https:\/\/lacartebuissonniere.fr\/index.php\/2023\/10\/28\/sous-le-signe-de-la-figue\/#primaryimage"},"image":{"@id":"https:\/\/lacartebuissonniere.fr\/index.php\/2023\/10\/28\/sous-le-signe-de-la-figue\/#primaryimage"},"thumbnailUrl":"https:\/\/lacartebuissonniere.fr\/wp-content\/uploads\/2023\/09\/0D8EF814-A182-4836-B3A2-8F677F8DCCA2_1_105_c.jpeg","datePublished":"2023-10-28T07:00:00+00:00","breadcrumb":{"@id":"https:\/\/lacartebuissonniere.fr\/index.php\/2023\/10\/28\/sous-le-signe-de-la-figue\/#breadcrumb"},"inLanguage":"fr-FR","potentialAction":[{"@type":"ReadAction","target":["https:\/\/lacartebuissonniere.fr\/index.php\/2023\/10\/28\/sous-le-signe-de-la-figue\/"]}]},{"@type":"ImageObject","inLanguage":"fr-FR","@id":"https:\/\/lacartebuissonniere.fr\/index.php\/2023\/10\/28\/sous-le-signe-de-la-figue\/#primaryimage","url":"https:\/\/lacartebuissonniere.fr\/wp-content\/uploads\/2023\/09\/0D8EF814-A182-4836-B3A2-8F677F8DCCA2_1_105_c.jpeg","contentUrl":"https:\/\/lacartebuissonniere.fr\/wp-content\/uploads\/2023\/09\/0D8EF814-A182-4836-B3A2-8F677F8DCCA2_1_105_c.jpeg","width":768,"height":1024},{"@type":"BreadcrumbList","@id":"https:\/\/lacartebuissonniere.fr\/index.php\/2023\/10\/28\/sous-le-signe-de-la-figue\/#breadcrumb","itemListElement":[{"@type":"ListItem","position":1,"name":"Accueil","item":"https:\/\/lacartebuissonniere.fr\/"},{"@type":"ListItem","position":2,"name":"Sous le signe de la figue"}]},{"@type":"WebSite","@id":"https:\/\/lacartebuissonniere.fr\/#website","url":"https:\/\/lacartebuissonniere.fr\/","name":"La carte buissonni\u00e8re","description":"","publisher":{"@id":"https:\/\/lacartebuissonniere.fr\/#organization"},"potentialAction":[{"@type":"SearchAction","target":{"@type":"EntryPoint","urlTemplate":"https:\/\/lacartebuissonniere.fr\/?s={search_term_string}"},"query-input":{"@type":"PropertyValueSpecification","valueRequired":true,"valueName":"search_term_string"}}],"inLanguage":"fr-FR"},{"@type":"Organization","@id":"https:\/\/lacartebuissonniere.fr\/#organization","name":"La carte buissonni\u00e8re","url":"https:\/\/lacartebuissonniere.fr\/","logo":{"@type":"ImageObject","inLanguage":"fr-FR","@id":"https:\/\/lacartebuissonniere.fr\/#\/schema\/logo\/image\/","url":"https:\/\/lacartebuissonniere.fr\/wp-content\/uploads\/2022\/12\/Illustration-sans-titre.jpg","contentUrl":"https:\/\/lacartebuissonniere.fr\/wp-content\/uploads\/2022\/12\/Illustration-sans-titre.jpg","width":637,"height":680,"caption":"La carte buissonni\u00e8re"},"image":{"@id":"https:\/\/lacartebuissonniere.fr\/#\/schema\/logo\/image\/"},"sameAs":["https:\/\/www.facebook.com\/lacartebuissonniere\/","https:\/\/www.pinterest.fr\/DelphChabanne\/"]},{"@type":"Person","@id":"https:\/\/lacartebuissonniere.fr\/#\/schema\/person\/4e60af809837a2287e4f6d4daaf7abd4","name":"Carte buissonni\u00e8re","image":{"@type":"ImageObject","inLanguage":"fr-FR","@id":"https:\/\/lacartebuissonniere.fr\/#\/schema\/person\/image\/","url":"https:\/\/secure.gravatar.com\/avatar\/b543b5e0f093efbab3dfee8595bf9077ed504ab48ffeb378c9dc263381c278e6?s=96&d=mm&r=g","contentUrl":"https:\/\/secure.gravatar.com\/avatar\/b543b5e0f093efbab3dfee8595bf9077ed504ab48ffeb378c9dc263381c278e6?s=96&d=mm&r=g","caption":"Carte buissonni\u00e8re"},"sameAs":["http:\/\/lacartebuissonniere.fr"],"url":"https:\/\/lacartebuissonniere.fr\/index.php\/author\/carteb\/"}]}},"_links":{"self":[{"href":"https:\/\/lacartebuissonniere.fr\/index.php\/wp-json\/wp\/v2\/posts\/4164","targetHints":{"allow":["GET"]}}],"collection":[{"href":"https:\/\/lacartebuissonniere.fr\/index.php\/wp-json\/wp\/v2\/posts"}],"about":[{"href":"https:\/\/lacartebuissonniere.fr\/index.php\/wp-json\/wp\/v2\/types\/post"}],"author":[{"embeddable":true,"href":"https:\/\/lacartebuissonniere.fr\/index.php\/wp-json\/wp\/v2\/users\/2"}],"replies":[{"embeddable":true,"href":"https:\/\/lacartebuissonniere.fr\/index.php\/wp-json\/wp\/v2\/comments?post=4164"}],"version-history":[{"count":1,"href":"https:\/\/lacartebuissonniere.fr\/index.php\/wp-json\/wp\/v2\/posts\/4164\/revisions"}],"predecessor-version":[{"id":4178,"href":"https:\/\/lacartebuissonniere.fr\/index.php\/wp-json\/wp\/v2\/posts\/4164\/revisions\/4178"}],"wp:attachment":[{"href":"https:\/\/lacartebuissonniere.fr\/index.php\/wp-json\/wp\/v2\/media?parent=4164"}],"wp:term":[{"taxonomy":"category","embeddable":true,"href":"https:\/\/lacartebuissonniere.fr\/index.php\/wp-json\/wp\/v2\/categories?post=4164"},{"taxonomy":"post_tag","embeddable":true,"href":"https:\/\/lacartebuissonniere.fr\/index.php\/wp-json\/wp\/v2\/tags?post=4164"}],"curies":[{"name":"wp","href":"https:\/\/api.w.org\/{rel}","templated":true}]}}