{"id":4258,"date":"2023-11-01T09:00:00","date_gmt":"2023-11-01T08:00:00","guid":{"rendered":"https:\/\/lacartebuissonniere.fr\/?p=4258"},"modified":"2025-11-02T09:36:35","modified_gmt":"2025-11-02T08:36:35","slug":"motif-kiku","status":"publish","type":"post","link":"https:\/\/lacartebuissonniere.fr\/index.php\/2023\/11\/01\/motif-kiku\/","title":{"rendered":"Motif kiku"},"content":{"rendered":"\n<p><\/p>\n\n\n\n<p>En France, en cette p\u00e9riode de Toussaint, les cimeti\u00e8res vont se couvrir de chrysanth\u00e8mes.<\/p>\n\n\n\n<figure class=\"wp-block-gallery has-nested-images columns-default is-cropped wp-block-gallery-1 is-layout-flex wp-block-gallery-is-layout-flex\">\n<figure class=\"wp-block-image size-large\"><img loading=\"lazy\" decoding=\"async\" width=\"780\" height=\"585\" data-id=\"8436\" src=\"https:\/\/lacartebuissonniere.fr\/wp-content\/uploads\/2023\/11\/48DDE90D-CD20-4DED-B843-C0A5852C55F9_1_201_a.jpeg\" alt=\"\" class=\"wp-image-8436\" srcset=\"https:\/\/lacartebuissonniere.fr\/wp-content\/uploads\/2023\/11\/48DDE90D-CD20-4DED-B843-C0A5852C55F9_1_201_a.jpeg 780w, https:\/\/lacartebuissonniere.fr\/wp-content\/uploads\/2023\/11\/48DDE90D-CD20-4DED-B843-C0A5852C55F9_1_201_a-300x225.jpeg 300w, https:\/\/lacartebuissonniere.fr\/wp-content\/uploads\/2023\/11\/48DDE90D-CD20-4DED-B843-C0A5852C55F9_1_201_a-768x576.jpeg 768w, https:\/\/lacartebuissonniere.fr\/wp-content\/uploads\/2023\/11\/48DDE90D-CD20-4DED-B843-C0A5852C55F9_1_201_a-600x450.jpeg 600w\" sizes=\"auto, (max-width: 780px) 100vw, 780px\" \/><\/figure>\n\n\n\n<figure class=\"wp-block-image size-large\"><img loading=\"lazy\" decoding=\"async\" width=\"1024\" height=\"768\" data-id=\"8435\" src=\"https:\/\/lacartebuissonniere.fr\/wp-content\/uploads\/2023\/11\/2008-10-31-03-Chrysantheme-1024x768.jpg\" alt=\"\" class=\"wp-image-8435\" srcset=\"https:\/\/lacartebuissonniere.fr\/wp-content\/uploads\/2023\/11\/2008-10-31-03-Chrysantheme-1024x768.jpg 1024w, https:\/\/lacartebuissonniere.fr\/wp-content\/uploads\/2023\/11\/2008-10-31-03-Chrysantheme-300x225.jpg 300w, https:\/\/lacartebuissonniere.fr\/wp-content\/uploads\/2023\/11\/2008-10-31-03-Chrysantheme-768x576.jpg 768w, https:\/\/lacartebuissonniere.fr\/wp-content\/uploads\/2023\/11\/2008-10-31-03-Chrysantheme-1536x1152.jpg 1536w, https:\/\/lacartebuissonniere.fr\/wp-content\/uploads\/2023\/11\/2008-10-31-03-Chrysantheme-600x450.jpg 600w, https:\/\/lacartebuissonniere.fr\/wp-content\/uploads\/2023\/11\/2008-10-31-03-Chrysantheme.jpg 1600w\" sizes=\"auto, (max-width: 1024px) 100vw, 1024px\" \/><\/figure>\n<\/figure>\n\n\n\n<p><\/p>\n\n\n\n<p>Alors que nous associons la \u00ab&nbsp;fleur d\u2019or&nbsp;\u00bb (son sens \u00e9tymologique) au souvenir de nos d\u00e9funts, sa symbolique est diff\u00e9rente en Asie.<\/p>\n\n\n\n<p>Originaire de Chine, le chrysanth\u00e8me a \u00e9t\u00e9 import\u00e9 au Japon durant la p\u00e9riode de Nara (710-794), d\u2019abord \u00e0 des fins m\u00e9dicinales.<\/p>\n\n\n\n<p>Il y porte le nom de <em>kiku<\/em> (\u83ca).<\/p>\n\n\n\n<p>\u00c0 compter du XIII<sup>e<\/sup> si\u00e8cle, l&#8217;empereur Go-Toba d\u00e9cide d\u2019utiliser une vari\u00e9t\u00e9 poss\u00e9dant seize p\u00e9tales doubles comme embl\u00e8me de la famille imp\u00e9riale&nbsp;:<\/p>\n\n\n<div class=\"wp-block-image\">\n<figure class=\"aligncenter size-large\"><img loading=\"lazy\" decoding=\"async\" width=\"1024\" height=\"682\" src=\"https:\/\/lacartebuissonniere.fr\/wp-content\/uploads\/2023\/10\/D7EB669E-2C3D-4DE7-83C1-294269E6824C_1_105_c-1024x682.jpeg\" alt=\"\" class=\"wp-image-4261\" srcset=\"https:\/\/lacartebuissonniere.fr\/wp-content\/uploads\/2023\/10\/D7EB669E-2C3D-4DE7-83C1-294269E6824C_1_105_c-1024x682.jpeg 1024w, https:\/\/lacartebuissonniere.fr\/wp-content\/uploads\/2023\/10\/D7EB669E-2C3D-4DE7-83C1-294269E6824C_1_105_c-300x200.jpeg 300w, https:\/\/lacartebuissonniere.fr\/wp-content\/uploads\/2023\/10\/D7EB669E-2C3D-4DE7-83C1-294269E6824C_1_105_c-768x512.jpeg 768w, https:\/\/lacartebuissonniere.fr\/wp-content\/uploads\/2023\/10\/D7EB669E-2C3D-4DE7-83C1-294269E6824C_1_105_c-600x400.jpeg 600w, https:\/\/lacartebuissonniere.fr\/wp-content\/uploads\/2023\/10\/D7EB669E-2C3D-4DE7-83C1-294269E6824C_1_105_c.jpeg 1280w\" sizes=\"auto, (max-width: 1024px) 100vw, 1024px\" \/><\/figure>\n<\/div>\n\n\n<p><\/p>\n\n\n\n<p>Sa forme mime le disque solaire et rappelle les origines divines de l\u2019empereur.<\/p>\n\n\n\n<p><\/p>\n\n\n\n<h2 class=\"wp-block-heading\">Succ\u00e8s sous l\u2019\u00e8re Edo<\/h2>\n\n\n\n<p><style>@font-face {font-family:\"Cambria Math\"; panose-1:2 4 5 3 5 4 6 3 2 4; mso-font-charset:0; mso-generic-font-family:roman; mso-font-pitch:variable; mso-font-signature:-536870145 1107305727 0 0 415 0;}p.MsoNormal, li.MsoNormal, div.MsoNormal {mso-style-unhide:no; mso-style-qformat:yes; mso-style-parent:\"\"; margin:0cm; mso-pagination:widow-orphan; font-size:12.0pt; font-family:\"Times New Roman\",serif; mso-fareast-font-family:\"Times New Roman\";}.MsoChpDefault {mso-style-type:export-only; mso-default-props:yes; font-family:\"Calibri\",sans-serif; mso-ascii-font-family:Calibri; mso-ascii-theme-font:minor-latin; mso-fareast-font-family:Calibri; mso-fareast-theme-font:minor-latin; mso-hansi-font-family:Calibri; mso-hansi-theme-font:minor-latin; mso-bidi-font-family:\"Times New Roman\"; mso-bidi-theme-font:minor-bidi; mso-fareast-language:EN-US;}div.WordSection1 {page:WordSection1;<\/style>Longtemps l\u2019apanage de l\u2019aristocratie japonaise, le chrysanth\u00e8me se r\u00e9pand pendant la p\u00e9riode Edo (1603-1868).<\/p>\n\n\n\n<p>Ogata K\u00f4rin en s\u00e8me le long d\u2019un ruisseau sur deux superbes paravents&nbsp;:<\/p>\n\n\n<div class=\"wp-block-image\">\n<figure class=\"aligncenter size-full\"><img loading=\"lazy\" decoding=\"async\" width=\"928\" height=\"847\" src=\"https:\/\/lacartebuissonniere.fr\/wp-content\/uploads\/2023\/10\/09EB1707-CC92-4CD4-A467-A8F19DD317BF_1_105_c.jpeg\" alt=\"\" class=\"wp-image-4262\" srcset=\"https:\/\/lacartebuissonniere.fr\/wp-content\/uploads\/2023\/10\/09EB1707-CC92-4CD4-A467-A8F19DD317BF_1_105_c.jpeg 928w, https:\/\/lacartebuissonniere.fr\/wp-content\/uploads\/2023\/10\/09EB1707-CC92-4CD4-A467-A8F19DD317BF_1_105_c-300x274.jpeg 300w, https:\/\/lacartebuissonniere.fr\/wp-content\/uploads\/2023\/10\/09EB1707-CC92-4CD4-A467-A8F19DD317BF_1_105_c-768x701.jpeg 768w, https:\/\/lacartebuissonniere.fr\/wp-content\/uploads\/2023\/10\/09EB1707-CC92-4CD4-A467-A8F19DD317BF_1_105_c-600x548.jpeg 600w\" sizes=\"auto, (max-width: 928px) 100vw, 928px\" \/><\/figure>\n<\/div>\n\n\n<p><\/p>\n\n\n\n<p>Hiroshige en orne des \u00e9ventails&nbsp;:<\/p>\n\n\n\n<figure class=\"wp-block-gallery has-nested-images columns-default is-cropped wp-block-gallery-2 is-layout-flex wp-block-gallery-is-layout-flex\">\n<figure class=\"wp-block-image size-large\"><img loading=\"lazy\" decoding=\"async\" width=\"1014\" height=\"774\" data-id=\"4264\" src=\"https:\/\/lacartebuissonniere.fr\/wp-content\/uploads\/2023\/10\/1587D2A6-C9DE-4955-86F6-FD1E1F4AE084_1_105_c.jpeg\" alt=\"\" class=\"wp-image-4264\" srcset=\"https:\/\/lacartebuissonniere.fr\/wp-content\/uploads\/2023\/10\/1587D2A6-C9DE-4955-86F6-FD1E1F4AE084_1_105_c.jpeg 1014w, https:\/\/lacartebuissonniere.fr\/wp-content\/uploads\/2023\/10\/1587D2A6-C9DE-4955-86F6-FD1E1F4AE084_1_105_c-300x229.jpeg 300w, https:\/\/lacartebuissonniere.fr\/wp-content\/uploads\/2023\/10\/1587D2A6-C9DE-4955-86F6-FD1E1F4AE084_1_105_c-768x586.jpeg 768w, https:\/\/lacartebuissonniere.fr\/wp-content\/uploads\/2023\/10\/1587D2A6-C9DE-4955-86F6-FD1E1F4AE084_1_105_c-600x458.jpeg 600w\" sizes=\"auto, (max-width: 1014px) 100vw, 1014px\" \/><\/figure>\n\n\n\n<figure class=\"wp-block-image size-large\"><img loading=\"lazy\" decoding=\"async\" width=\"1003\" height=\"784\" data-id=\"4263\" src=\"https:\/\/lacartebuissonniere.fr\/wp-content\/uploads\/2023\/10\/18C52589-1080-46DB-BF2F-50D5F02FFC68_1_105_c.jpeg\" alt=\"\" class=\"wp-image-4263\" srcset=\"https:\/\/lacartebuissonniere.fr\/wp-content\/uploads\/2023\/10\/18C52589-1080-46DB-BF2F-50D5F02FFC68_1_105_c.jpeg 1003w, https:\/\/lacartebuissonniere.fr\/wp-content\/uploads\/2023\/10\/18C52589-1080-46DB-BF2F-50D5F02FFC68_1_105_c-300x234.jpeg 300w, https:\/\/lacartebuissonniere.fr\/wp-content\/uploads\/2023\/10\/18C52589-1080-46DB-BF2F-50D5F02FFC68_1_105_c-768x600.jpeg 768w, https:\/\/lacartebuissonniere.fr\/wp-content\/uploads\/2023\/10\/18C52589-1080-46DB-BF2F-50D5F02FFC68_1_105_c-600x469.jpeg 600w\" sizes=\"auto, (max-width: 1003px) 100vw, 1003px\" \/><\/figure>\n<\/figure>\n\n\n\n<p><\/p>\n\n\n\n<p>Le motif d\u00e9core \u00e9galement des kimonos&nbsp;:<\/p>\n\n\n\n<figure class=\"wp-block-gallery has-nested-images columns-default is-cropped wp-block-gallery-3 is-layout-flex wp-block-gallery-is-layout-flex\">\n<figure class=\"wp-block-image size-large\"><img loading=\"lazy\" decoding=\"async\" width=\"777\" height=\"1010\" data-id=\"4266\" src=\"https:\/\/lacartebuissonniere.fr\/wp-content\/uploads\/2023\/10\/8DB5ED55-55F6-40C9-B994-A3B3170BD1B5_1_105_c.jpeg\" alt=\"\" class=\"wp-image-4266\" srcset=\"https:\/\/lacartebuissonniere.fr\/wp-content\/uploads\/2023\/10\/8DB5ED55-55F6-40C9-B994-A3B3170BD1B5_1_105_c.jpeg 777w, https:\/\/lacartebuissonniere.fr\/wp-content\/uploads\/2023\/10\/8DB5ED55-55F6-40C9-B994-A3B3170BD1B5_1_105_c-231x300.jpeg 231w, https:\/\/lacartebuissonniere.fr\/wp-content\/uploads\/2023\/10\/8DB5ED55-55F6-40C9-B994-A3B3170BD1B5_1_105_c-768x998.jpeg 768w, https:\/\/lacartebuissonniere.fr\/wp-content\/uploads\/2023\/10\/8DB5ED55-55F6-40C9-B994-A3B3170BD1B5_1_105_c-462x600.jpeg 462w\" sizes=\"auto, (max-width: 777px) 100vw, 777px\" \/><\/figure>\n\n\n\n<figure class=\"wp-block-image size-large\"><img loading=\"lazy\" decoding=\"async\" width=\"771\" height=\"1020\" data-id=\"4265\" src=\"https:\/\/lacartebuissonniere.fr\/wp-content\/uploads\/2023\/10\/97F3B0B3-5486-4990-982C-277B7C25DDDB_1_105_c.jpeg\" alt=\"\" class=\"wp-image-4265\" srcset=\"https:\/\/lacartebuissonniere.fr\/wp-content\/uploads\/2023\/10\/97F3B0B3-5486-4990-982C-277B7C25DDDB_1_105_c.jpeg 771w, https:\/\/lacartebuissonniere.fr\/wp-content\/uploads\/2023\/10\/97F3B0B3-5486-4990-982C-277B7C25DDDB_1_105_c-227x300.jpeg 227w, https:\/\/lacartebuissonniere.fr\/wp-content\/uploads\/2023\/10\/97F3B0B3-5486-4990-982C-277B7C25DDDB_1_105_c-768x1016.jpeg 768w, https:\/\/lacartebuissonniere.fr\/wp-content\/uploads\/2023\/10\/97F3B0B3-5486-4990-982C-277B7C25DDDB_1_105_c-454x600.jpeg 454w\" sizes=\"auto, (max-width: 771px) 100vw, 771px\" \/><\/figure>\n<\/figure>\n\n\n\n<p><\/p>\n\n\n\n<p>Les ma\u00eetres de l\u2019estampe aiment \u00e0 d\u00e9ployer sa forme \u00e9l\u00e9gante, \u00e0 l\u2019instar d\u2019Utagawa Kunisada I (Toyokuni III)&nbsp;:<\/p>\n\n\n\n<figure class=\"wp-block-gallery has-nested-images columns-default is-cropped wp-block-gallery-4 is-layout-flex wp-block-gallery-is-layout-flex\">\n<figure class=\"wp-block-image size-large\"><img loading=\"lazy\" decoding=\"async\" width=\"474\" height=\"1024\" data-id=\"4267\" src=\"https:\/\/lacartebuissonniere.fr\/wp-content\/uploads\/2023\/10\/1819029B-1517-4DB2-A740-A8B8C069DC45_1_105_c-474x1024.jpeg\" alt=\"\" class=\"wp-image-4267\" srcset=\"https:\/\/lacartebuissonniere.fr\/wp-content\/uploads\/2023\/10\/1819029B-1517-4DB2-A740-A8B8C069DC45_1_105_c-474x1024.jpeg 474w, https:\/\/lacartebuissonniere.fr\/wp-content\/uploads\/2023\/10\/1819029B-1517-4DB2-A740-A8B8C069DC45_1_105_c-139x300.jpeg 139w, https:\/\/lacartebuissonniere.fr\/wp-content\/uploads\/2023\/10\/1819029B-1517-4DB2-A740-A8B8C069DC45_1_105_c.jpeg 603w\" sizes=\"auto, (max-width: 474px) 100vw, 474px\" \/><\/figure>\n\n\n\n<figure class=\"wp-block-image size-large\"><img loading=\"lazy\" decoding=\"async\" width=\"725\" height=\"1024\" data-id=\"4268\" src=\"https:\/\/lacartebuissonniere.fr\/wp-content\/uploads\/2023\/10\/7A37B264-A9D7-4ECC-90B0-241A75E5190B_1_105_c-725x1024.jpeg\" alt=\"\" class=\"wp-image-4268\" srcset=\"https:\/\/lacartebuissonniere.fr\/wp-content\/uploads\/2023\/10\/7A37B264-A9D7-4ECC-90B0-241A75E5190B_1_105_c-725x1024.jpeg 725w, https:\/\/lacartebuissonniere.fr\/wp-content\/uploads\/2023\/10\/7A37B264-A9D7-4ECC-90B0-241A75E5190B_1_105_c-212x300.jpeg 212w, https:\/\/lacartebuissonniere.fr\/wp-content\/uploads\/2023\/10\/7A37B264-A9D7-4ECC-90B0-241A75E5190B_1_105_c-425x600.jpeg 425w, https:\/\/lacartebuissonniere.fr\/wp-content\/uploads\/2023\/10\/7A37B264-A9D7-4ECC-90B0-241A75E5190B_1_105_c.jpeg 746w\" sizes=\"auto, (max-width: 725px) 100vw, 725px\" \/><\/figure>\n<\/figure>\n\n\n\n<p><\/p>\n\n\n\n<p>On le rencontre aussi chez Isoda Kory\u00fbsai et Ch\u00f4bunsai Eishi&nbsp;:<\/p>\n\n\n\n<figure class=\"wp-block-gallery has-nested-images columns-default is-cropped wp-block-gallery-5 is-layout-flex wp-block-gallery-is-layout-flex\">\n<figure class=\"wp-block-image size-large\"><img loading=\"lazy\" decoding=\"async\" width=\"701\" height=\"1024\" data-id=\"4270\" src=\"https:\/\/lacartebuissonniere.fr\/wp-content\/uploads\/2023\/10\/625EE70E-12D1-4D4B-823A-EBD3C4764194_1_105_c-701x1024.jpeg\" alt=\"\" class=\"wp-image-4270\" srcset=\"https:\/\/lacartebuissonniere.fr\/wp-content\/uploads\/2023\/10\/625EE70E-12D1-4D4B-823A-EBD3C4764194_1_105_c-701x1024.jpeg 701w, https:\/\/lacartebuissonniere.fr\/wp-content\/uploads\/2023\/10\/625EE70E-12D1-4D4B-823A-EBD3C4764194_1_105_c-205x300.jpeg 205w, https:\/\/lacartebuissonniere.fr\/wp-content\/uploads\/2023\/10\/625EE70E-12D1-4D4B-823A-EBD3C4764194_1_105_c-411x600.jpeg 411w, https:\/\/lacartebuissonniere.fr\/wp-content\/uploads\/2023\/10\/625EE70E-12D1-4D4B-823A-EBD3C4764194_1_105_c.jpeg 733w\" sizes=\"auto, (max-width: 701px) 100vw, 701px\" \/><\/figure>\n\n\n\n<figure class=\"wp-block-image size-large\"><img loading=\"lazy\" decoding=\"async\" width=\"687\" height=\"1024\" data-id=\"4269\" src=\"https:\/\/lacartebuissonniere.fr\/wp-content\/uploads\/2023\/10\/2707EF88-4BFD-45A2-B4DC-00067C54526B_1_201_a-687x1024.jpeg\" alt=\"\" class=\"wp-image-4269\" srcset=\"https:\/\/lacartebuissonniere.fr\/wp-content\/uploads\/2023\/10\/2707EF88-4BFD-45A2-B4DC-00067C54526B_1_201_a-687x1024.jpeg 687w, https:\/\/lacartebuissonniere.fr\/wp-content\/uploads\/2023\/10\/2707EF88-4BFD-45A2-B4DC-00067C54526B_1_201_a-201x300.jpeg 201w, https:\/\/lacartebuissonniere.fr\/wp-content\/uploads\/2023\/10\/2707EF88-4BFD-45A2-B4DC-00067C54526B_1_201_a-768x1144.jpeg 768w, https:\/\/lacartebuissonniere.fr\/wp-content\/uploads\/2023\/10\/2707EF88-4BFD-45A2-B4DC-00067C54526B_1_201_a-1031x1536.jpeg 1031w, https:\/\/lacartebuissonniere.fr\/wp-content\/uploads\/2023\/10\/2707EF88-4BFD-45A2-B4DC-00067C54526B_1_201_a-403x600.jpeg 403w, https:\/\/lacartebuissonniere.fr\/wp-content\/uploads\/2023\/10\/2707EF88-4BFD-45A2-B4DC-00067C54526B_1_201_a.jpeg 1074w\" sizes=\"auto, (max-width: 687px) 100vw, 687px\" \/><\/figure>\n<\/figure>\n\n\n\n<p><\/p>\n\n\n\n<h2 class=\"wp-block-heading\">Importance actuelle<\/h2>\n\n\n\n<p>De nos jours, le chrysanth\u00e8me demeure essentiel au Japon. Il appara\u00eet ainsi sur le sceau imp\u00e9rial, les documents administratifs, la couverture des passeports nationaux ou les pi\u00e8ces de 50 yens&nbsp;:<\/p>\n\n\n\n<figure class=\"wp-block-gallery has-nested-images columns-default is-cropped wp-block-gallery-6 is-layout-flex wp-block-gallery-is-layout-flex\">\n<figure class=\"wp-block-image size-large\"><img loading=\"lazy\" decoding=\"async\" width=\"731\" height=\"487\" data-id=\"4272\" src=\"https:\/\/lacartebuissonniere.fr\/wp-content\/uploads\/2023\/10\/5A9416DA-6CE9-49D4-BD40-95BE0019C661_1_201_a.jpeg\" alt=\"\" class=\"wp-image-4272\" srcset=\"https:\/\/lacartebuissonniere.fr\/wp-content\/uploads\/2023\/10\/5A9416DA-6CE9-49D4-BD40-95BE0019C661_1_201_a.jpeg 731w, https:\/\/lacartebuissonniere.fr\/wp-content\/uploads\/2023\/10\/5A9416DA-6CE9-49D4-BD40-95BE0019C661_1_201_a-300x200.jpeg 300w, https:\/\/lacartebuissonniere.fr\/wp-content\/uploads\/2023\/10\/5A9416DA-6CE9-49D4-BD40-95BE0019C661_1_201_a-600x400.jpeg 600w\" sizes=\"auto, (max-width: 731px) 100vw, 731px\" \/><\/figure>\n\n\n\n<figure class=\"wp-block-image size-large\"><img loading=\"lazy\" decoding=\"async\" width=\"771\" height=\"514\" data-id=\"4271\" src=\"https:\/\/lacartebuissonniere.fr\/wp-content\/uploads\/2023\/10\/30788B86-50FF-40CF-8F9D-19934D59DE20_1_201_a.jpeg\" alt=\"\" class=\"wp-image-4271\" srcset=\"https:\/\/lacartebuissonniere.fr\/wp-content\/uploads\/2023\/10\/30788B86-50FF-40CF-8F9D-19934D59DE20_1_201_a.jpeg 771w, https:\/\/lacartebuissonniere.fr\/wp-content\/uploads\/2023\/10\/30788B86-50FF-40CF-8F9D-19934D59DE20_1_201_a-300x200.jpeg 300w, https:\/\/lacartebuissonniere.fr\/wp-content\/uploads\/2023\/10\/30788B86-50FF-40CF-8F9D-19934D59DE20_1_201_a-768x512.jpeg 768w, https:\/\/lacartebuissonniere.fr\/wp-content\/uploads\/2023\/10\/30788B86-50FF-40CF-8F9D-19934D59DE20_1_201_a-600x400.jpeg 600w\" sizes=\"auto, (max-width: 771px) 100vw, 771px\" \/><\/figure>\n<\/figure>\n\n\n\n<p><\/p>\n\n\n\n<p>L\u2019ordre supr\u00eame du Chrysanth\u00e8me est m\u00eame la plus haute distinction du pays&nbsp;:<\/p>\n\n\n<div class=\"wp-block-image\">\n<figure class=\"aligncenter size-large\"><img loading=\"lazy\" decoding=\"async\" width=\"551\" height=\"1024\" src=\"https:\/\/lacartebuissonniere.fr\/wp-content\/uploads\/2023\/10\/B94AC48A-12B1-4A8A-AF46-53A94815E1A5_1_105_c-551x1024.jpeg\" alt=\"\" class=\"wp-image-4273\" srcset=\"https:\/\/lacartebuissonniere.fr\/wp-content\/uploads\/2023\/10\/B94AC48A-12B1-4A8A-AF46-53A94815E1A5_1_105_c-551x1024.jpeg 551w, https:\/\/lacartebuissonniere.fr\/wp-content\/uploads\/2023\/10\/B94AC48A-12B1-4A8A-AF46-53A94815E1A5_1_105_c-161x300.jpeg 161w, https:\/\/lacartebuissonniere.fr\/wp-content\/uploads\/2023\/10\/B94AC48A-12B1-4A8A-AF46-53A94815E1A5_1_105_c-323x600.jpeg 323w, https:\/\/lacartebuissonniere.fr\/wp-content\/uploads\/2023\/10\/B94AC48A-12B1-4A8A-AF46-53A94815E1A5_1_105_c.jpeg 650w\" sizes=\"auto, (max-width: 551px) 100vw, 551px\" \/><figcaption class=\"wp-element-caption\">\u00a9 \u5185\u95a3\u5e9c \u2014 \u52f2\u7ae0\u306e\u7a2e\u985e\uff08\u5927\u52f2\u4f4d\u83ca\u82b1\u7ae0\uff09- \u5185\u95a3\u5e9c, CC BY 4.0<\/figcaption><\/figure>\n<\/div>\n\n\n<p><\/p>\n\n\n\n<p>On le c\u00e9l\u00e8bre le neuvi\u00e8me jour du neuvi\u00e8me mois de l\u2019ancien calendrier luni-solaire chinois, soit le 9 septembre \u00e0 l\u2019occasion de <em>kiku no sekku<\/em>.<br>Les Japonais observent les chrysanth\u00e8mes et boivent un alcool \u00e0 base de cette fleur.<\/p>\n\n\n\n<p>Au mois de novembre, se tient un c\u00e9l\u00e8bre festival du chrysanth\u00e8me, appel\u00e9 <em>kiku matsuri<\/em>. \u00c0 Tokyo, dans le sanctuaire shinto Yushima Tenman-g\u016b, des passionn\u00e9s exposent des milliers de fleurs issues de dizaines de vari\u00e9t\u00e9s diff\u00e9rentes.<\/p>\n\n\n\n<p>Quant \u00e0 mes cartes buissonni\u00e8res, elles marient chrysanth\u00e8mes et feuilles de ginkgo&nbsp;:<\/p>\n\n\n\n<figure class=\"wp-block-gallery has-nested-images columns-default is-cropped wp-block-gallery-7 is-layout-flex wp-block-gallery-is-layout-flex\">\n<figure class=\"wp-block-image size-large\"><img loading=\"lazy\" decoding=\"async\" width=\"1024\" height=\"763\" data-id=\"4276\" src=\"https:\/\/lacartebuissonniere.fr\/wp-content\/uploads\/2023\/10\/IMG_7433-1-1024x763.jpeg\" alt=\"\" class=\"wp-image-4276\" srcset=\"https:\/\/lacartebuissonniere.fr\/wp-content\/uploads\/2023\/10\/IMG_7433-1-1024x763.jpeg 1024w, https:\/\/lacartebuissonniere.fr\/wp-content\/uploads\/2023\/10\/IMG_7433-1-300x224.jpeg 300w, https:\/\/lacartebuissonniere.fr\/wp-content\/uploads\/2023\/10\/IMG_7433-1-768x573.jpeg 768w, https:\/\/lacartebuissonniere.fr\/wp-content\/uploads\/2023\/10\/IMG_7433-1-1536x1145.jpeg 1536w, https:\/\/lacartebuissonniere.fr\/wp-content\/uploads\/2023\/10\/IMG_7433-1-2048x1527.jpeg 2048w, https:\/\/lacartebuissonniere.fr\/wp-content\/uploads\/2023\/10\/IMG_7433-1-600x447.jpeg 600w\" sizes=\"auto, (max-width: 1024px) 100vw, 1024px\" \/><\/figure>\n\n\n\n<figure class=\"wp-block-image size-large\"><img loading=\"lazy\" decoding=\"async\" width=\"1024\" height=\"768\" data-id=\"4279\" src=\"https:\/\/lacartebuissonniere.fr\/wp-content\/uploads\/2023\/10\/IMG_9220-1024x768.jpeg\" alt=\"\" class=\"wp-image-4279\" srcset=\"https:\/\/lacartebuissonniere.fr\/wp-content\/uploads\/2023\/10\/IMG_9220-1024x768.jpeg 1024w, https:\/\/lacartebuissonniere.fr\/wp-content\/uploads\/2023\/10\/IMG_9220-300x225.jpeg 300w, https:\/\/lacartebuissonniere.fr\/wp-content\/uploads\/2023\/10\/IMG_9220-768x576.jpeg 768w, https:\/\/lacartebuissonniere.fr\/wp-content\/uploads\/2023\/10\/IMG_9220-1536x1152.jpeg 1536w, https:\/\/lacartebuissonniere.fr\/wp-content\/uploads\/2023\/10\/IMG_9220-2048x1535.jpeg 2048w, https:\/\/lacartebuissonniere.fr\/wp-content\/uploads\/2023\/10\/IMG_9220-600x450.jpeg 600w\" sizes=\"auto, (max-width: 1024px) 100vw, 1024px\" \/><\/figure>\n<\/figure>\n\n\n\n<p><\/p>\n\n\n\n<p>Sources&nbsp;:<\/p>\n\n\n\n<p><a href=\"https:\/\/www.nippon.com\/fr\/japan-glances\/h01464\/\" target=\"_blank\" rel=\"noreferrer noopener\">\u00ab&nbsp;Le chrysanth\u00e8me, la fleur automnale embl\u00e9matique du Japon&nbsp;\u00bb<\/a><\/p>\n\n\n\n<p><a href=\"https:\/\/www.nippon.com\/fr\/views\/b08104\/\" target=\"_blank\" rel=\"noreferrer noopener\">\u00ab&nbsp;Le chrysanth\u00e8me : la fleur des empereurs&nbsp;\u00bb<\/a><\/p>\n\n\n\n<p><a href=\"https:\/\/archeojapon.home.blog\/2020\/09\/09\/kiku-no-sekku-le-sekku-oublie-au-japon\/\" target=\"_blank\" rel=\"noreferrer noopener\">\u00ab&nbsp;Kiku no sekku, le sekku oubli\u00e9 au Japon&nbsp;\u00bb<\/a><\/p>\n\n\n\n<p><a href=\"http:\/\/www.bonplantokyo.com\/267-matsuri-kiku-festival-du-chrysantheme\" target=\"_blank\" rel=\"noreferrer noopener\">\u00ab&nbsp;Festival du Chrysanth\u00e8me Japonais ou Kiku Matsuri<strong>&nbsp;\u00bb<\/strong><\/a><\/p>\n","protected":false},"excerpt":{"rendered":"<p>En France, en cette p\u00e9riode de Toussaint, les cimeti\u00e8res vont se couvrir de chrysanth\u00e8mes. Alors que nous associons la \u00ab&nbsp;fleur d\u2019or&nbsp;\u00bb (son sens \u00e9tymologique) au souvenir de nos d\u00e9funts, sa symbolique est diff\u00e9rente en Asie. Originaire de Chine, le chrysanth\u00e8me a \u00e9t\u00e9 import\u00e9 au Japon durant la p\u00e9riode de Nara (710-794), d\u2019abord \u00e0 des fins [&hellip;]<\/p>\n","protected":false},"author":2,"featured_media":0,"comment_status":"open","ping_status":"open","sticky":false,"template":"","format":"standard","meta":{"two_page_speed":[],"footnotes":""},"categories":[16,17,13],"tags":[],"class_list":["post-4258","post","type-post","status-publish","format-standard","hentry","category-flaneries","category-flaneries-botaniques","category-infos","entry"],"yoast_head":"<!-- This site is optimized with the Yoast SEO plugin v25.4 - https:\/\/yoast.com\/wordpress\/plugins\/seo\/ -->\n<title>Motif kiku - La carte buissonni\u00e8re<\/title>\n<meta name=\"robots\" content=\"index, follow, max-snippet:-1, max-image-preview:large, max-video-preview:-1\" \/>\n<link rel=\"canonical\" href=\"https:\/\/lacartebuissonniere.fr\/index.php\/2023\/11\/01\/motif-kiku\/\" \/>\n<meta property=\"og:locale\" content=\"fr_FR\" \/>\n<meta property=\"og:type\" content=\"article\" \/>\n<meta property=\"og:title\" content=\"Motif kiku - La carte buissonni\u00e8re\" \/>\n<meta property=\"og:description\" content=\"En France, en cette p\u00e9riode de Toussaint, les cimeti\u00e8res vont se couvrir de chrysanth\u00e8mes. Alors que nous associons la \u00ab&nbsp;fleur d\u2019or&nbsp;\u00bb (son sens \u00e9tymologique) au souvenir de nos d\u00e9funts, sa symbolique est diff\u00e9rente en Asie. Originaire de Chine, le chrysanth\u00e8me a \u00e9t\u00e9 import\u00e9 au Japon durant la p\u00e9riode de Nara (710-794), d\u2019abord \u00e0 des fins [&hellip;]\" \/>\n<meta property=\"og:url\" content=\"https:\/\/lacartebuissonniere.fr\/index.php\/2023\/11\/01\/motif-kiku\/\" \/>\n<meta property=\"og:site_name\" content=\"La carte buissonni\u00e8re\" \/>\n<meta property=\"article:publisher\" content=\"https:\/\/www.facebook.com\/lacartebuissonniere\/\" \/>\n<meta property=\"article:published_time\" content=\"2023-11-01T08:00:00+00:00\" \/>\n<meta property=\"article:modified_time\" content=\"2025-11-02T08:36:35+00:00\" \/>\n<meta property=\"og:image\" content=\"https:\/\/lacartebuissonniere.fr\/wp-content\/uploads\/2023\/11\/48DDE90D-CD20-4DED-B843-C0A5852C55F9_1_201_a.jpeg\" \/>\n\t<meta property=\"og:image:width\" content=\"780\" \/>\n\t<meta property=\"og:image:height\" content=\"585\" \/>\n\t<meta property=\"og:image:type\" content=\"image\/jpeg\" \/>\n<meta name=\"author\" content=\"Carte buissonni\u00e8re\" \/>\n<meta name=\"twitter:card\" content=\"summary_large_image\" \/>\n<meta name=\"twitter:label1\" content=\"\u00c9crit par\" \/>\n\t<meta name=\"twitter:data1\" content=\"Carte buissonni\u00e8re\" \/>\n\t<meta name=\"twitter:label2\" content=\"Dur\u00e9e de lecture estim\u00e9e\" \/>\n\t<meta name=\"twitter:data2\" content=\"6 minutes\" \/>\n<script type=\"application\/ld+json\" class=\"yoast-schema-graph\">{\"@context\":\"https:\/\/schema.org\",\"@graph\":[{\"@type\":\"Article\",\"@id\":\"https:\/\/lacartebuissonniere.fr\/index.php\/2023\/11\/01\/motif-kiku\/#article\",\"isPartOf\":{\"@id\":\"https:\/\/lacartebuissonniere.fr\/index.php\/2023\/11\/01\/motif-kiku\/\"},\"author\":{\"name\":\"Carte buissonni\u00e8re\",\"@id\":\"https:\/\/lacartebuissonniere.fr\/#\/schema\/person\/4e60af809837a2287e4f6d4daaf7abd4\"},\"headline\":\"Motif kiku\",\"datePublished\":\"2023-11-01T08:00:00+00:00\",\"dateModified\":\"2025-11-02T08:36:35+00:00\",\"mainEntityOfPage\":{\"@id\":\"https:\/\/lacartebuissonniere.fr\/index.php\/2023\/11\/01\/motif-kiku\/\"},\"wordCount\":405,\"commentCount\":3,\"publisher\":{\"@id\":\"https:\/\/lacartebuissonniere.fr\/#organization\"},\"image\":{\"@id\":\"https:\/\/lacartebuissonniere.fr\/index.php\/2023\/11\/01\/motif-kiku\/#primaryimage\"},\"thumbnailUrl\":\"https:\/\/lacartebuissonniere.fr\/wp-content\/uploads\/2023\/11\/48DDE90D-CD20-4DED-B843-C0A5852C55F9_1_201_a.jpeg\",\"articleSection\":[\"FL\u00c2NERIES\",\"Fl\u00e2neries botaniques\",\"INFOS\"],\"inLanguage\":\"fr-FR\",\"potentialAction\":[{\"@type\":\"CommentAction\",\"name\":\"Comment\",\"target\":[\"https:\/\/lacartebuissonniere.fr\/index.php\/2023\/11\/01\/motif-kiku\/#respond\"]}]},{\"@type\":\"WebPage\",\"@id\":\"https:\/\/lacartebuissonniere.fr\/index.php\/2023\/11\/01\/motif-kiku\/\",\"url\":\"https:\/\/lacartebuissonniere.fr\/index.php\/2023\/11\/01\/motif-kiku\/\",\"name\":\"Motif kiku - La carte buissonni\u00e8re\",\"isPartOf\":{\"@id\":\"https:\/\/lacartebuissonniere.fr\/#website\"},\"primaryImageOfPage\":{\"@id\":\"https:\/\/lacartebuissonniere.fr\/index.php\/2023\/11\/01\/motif-kiku\/#primaryimage\"},\"image\":{\"@id\":\"https:\/\/lacartebuissonniere.fr\/index.php\/2023\/11\/01\/motif-kiku\/#primaryimage\"},\"thumbnailUrl\":\"https:\/\/lacartebuissonniere.fr\/wp-content\/uploads\/2023\/11\/48DDE90D-CD20-4DED-B843-C0A5852C55F9_1_201_a.jpeg\",\"datePublished\":\"2023-11-01T08:00:00+00:00\",\"dateModified\":\"2025-11-02T08:36:35+00:00\",\"breadcrumb\":{\"@id\":\"https:\/\/lacartebuissonniere.fr\/index.php\/2023\/11\/01\/motif-kiku\/#breadcrumb\"},\"inLanguage\":\"fr-FR\",\"potentialAction\":[{\"@type\":\"ReadAction\",\"target\":[\"https:\/\/lacartebuissonniere.fr\/index.php\/2023\/11\/01\/motif-kiku\/\"]}]},{\"@type\":\"ImageObject\",\"inLanguage\":\"fr-FR\",\"@id\":\"https:\/\/lacartebuissonniere.fr\/index.php\/2023\/11\/01\/motif-kiku\/#primaryimage\",\"url\":\"https:\/\/lacartebuissonniere.fr\/wp-content\/uploads\/2023\/11\/48DDE90D-CD20-4DED-B843-C0A5852C55F9_1_201_a.jpeg\",\"contentUrl\":\"https:\/\/lacartebuissonniere.fr\/wp-content\/uploads\/2023\/11\/48DDE90D-CD20-4DED-B843-C0A5852C55F9_1_201_a.jpeg\",\"width\":780,\"height\":585,\"caption\":\"xr:d:DAFwYO-a13Q:57,j:7439225765175047508,t:23100519\"},{\"@type\":\"BreadcrumbList\",\"@id\":\"https:\/\/lacartebuissonniere.fr\/index.php\/2023\/11\/01\/motif-kiku\/#breadcrumb\",\"itemListElement\":[{\"@type\":\"ListItem\",\"position\":1,\"name\":\"Accueil\",\"item\":\"https:\/\/lacartebuissonniere.fr\/\"},{\"@type\":\"ListItem\",\"position\":2,\"name\":\"Motif kiku\"}]},{\"@type\":\"WebSite\",\"@id\":\"https:\/\/lacartebuissonniere.fr\/#website\",\"url\":\"https:\/\/lacartebuissonniere.fr\/\",\"name\":\"La carte buissonni\u00e8re\",\"description\":\"\",\"publisher\":{\"@id\":\"https:\/\/lacartebuissonniere.fr\/#organization\"},\"potentialAction\":[{\"@type\":\"SearchAction\",\"target\":{\"@type\":\"EntryPoint\",\"urlTemplate\":\"https:\/\/lacartebuissonniere.fr\/?s={search_term_string}\"},\"query-input\":{\"@type\":\"PropertyValueSpecification\",\"valueRequired\":true,\"valueName\":\"search_term_string\"}}],\"inLanguage\":\"fr-FR\"},{\"@type\":\"Organization\",\"@id\":\"https:\/\/lacartebuissonniere.fr\/#organization\",\"name\":\"La carte buissonni\u00e8re\",\"url\":\"https:\/\/lacartebuissonniere.fr\/\",\"logo\":{\"@type\":\"ImageObject\",\"inLanguage\":\"fr-FR\",\"@id\":\"https:\/\/lacartebuissonniere.fr\/#\/schema\/logo\/image\/\",\"url\":\"https:\/\/lacartebuissonniere.fr\/wp-content\/uploads\/2022\/12\/Illustration-sans-titre.jpg\",\"contentUrl\":\"https:\/\/lacartebuissonniere.fr\/wp-content\/uploads\/2022\/12\/Illustration-sans-titre.jpg\",\"width\":637,\"height\":680,\"caption\":\"La carte buissonni\u00e8re\"},\"image\":{\"@id\":\"https:\/\/lacartebuissonniere.fr\/#\/schema\/logo\/image\/\"},\"sameAs\":[\"https:\/\/www.facebook.com\/lacartebuissonniere\/\",\"https:\/\/www.pinterest.fr\/DelphChabanne\/\"]},{\"@type\":\"Person\",\"@id\":\"https:\/\/lacartebuissonniere.fr\/#\/schema\/person\/4e60af809837a2287e4f6d4daaf7abd4\",\"name\":\"Carte buissonni\u00e8re\",\"image\":{\"@type\":\"ImageObject\",\"inLanguage\":\"fr-FR\",\"@id\":\"https:\/\/lacartebuissonniere.fr\/#\/schema\/person\/image\/\",\"url\":\"https:\/\/secure.gravatar.com\/avatar\/b543b5e0f093efbab3dfee8595bf9077ed504ab48ffeb378c9dc263381c278e6?s=96&d=mm&r=g\",\"contentUrl\":\"https:\/\/secure.gravatar.com\/avatar\/b543b5e0f093efbab3dfee8595bf9077ed504ab48ffeb378c9dc263381c278e6?s=96&d=mm&r=g\",\"caption\":\"Carte buissonni\u00e8re\"},\"sameAs\":[\"http:\/\/lacartebuissonniere.fr\"],\"url\":\"https:\/\/lacartebuissonniere.fr\/index.php\/author\/carteb\/\"}]}<\/script>\n<!-- \/ Yoast SEO plugin. -->","yoast_head_json":{"title":"Motif kiku - La carte buissonni\u00e8re","robots":{"index":"index","follow":"follow","max-snippet":"max-snippet:-1","max-image-preview":"max-image-preview:large","max-video-preview":"max-video-preview:-1"},"canonical":"https:\/\/lacartebuissonniere.fr\/index.php\/2023\/11\/01\/motif-kiku\/","og_locale":"fr_FR","og_type":"article","og_title":"Motif kiku - La carte buissonni\u00e8re","og_description":"En France, en cette p\u00e9riode de Toussaint, les cimeti\u00e8res vont se couvrir de chrysanth\u00e8mes. Alors que nous associons la \u00ab&nbsp;fleur d\u2019or&nbsp;\u00bb (son sens \u00e9tymologique) au souvenir de nos d\u00e9funts, sa symbolique est diff\u00e9rente en Asie. Originaire de Chine, le chrysanth\u00e8me a \u00e9t\u00e9 import\u00e9 au Japon durant la p\u00e9riode de Nara (710-794), d\u2019abord \u00e0 des fins [&hellip;]","og_url":"https:\/\/lacartebuissonniere.fr\/index.php\/2023\/11\/01\/motif-kiku\/","og_site_name":"La carte buissonni\u00e8re","article_publisher":"https:\/\/www.facebook.com\/lacartebuissonniere\/","article_published_time":"2023-11-01T08:00:00+00:00","article_modified_time":"2025-11-02T08:36:35+00:00","og_image":[{"width":780,"height":585,"url":"https:\/\/lacartebuissonniere.fr\/wp-content\/uploads\/2023\/11\/48DDE90D-CD20-4DED-B843-C0A5852C55F9_1_201_a.jpeg","type":"image\/jpeg"}],"author":"Carte buissonni\u00e8re","twitter_card":"summary_large_image","twitter_misc":{"\u00c9crit par":"Carte buissonni\u00e8re","Dur\u00e9e de lecture estim\u00e9e":"6 minutes"},"schema":{"@context":"https:\/\/schema.org","@graph":[{"@type":"Article","@id":"https:\/\/lacartebuissonniere.fr\/index.php\/2023\/11\/01\/motif-kiku\/#article","isPartOf":{"@id":"https:\/\/lacartebuissonniere.fr\/index.php\/2023\/11\/01\/motif-kiku\/"},"author":{"name":"Carte buissonni\u00e8re","@id":"https:\/\/lacartebuissonniere.fr\/#\/schema\/person\/4e60af809837a2287e4f6d4daaf7abd4"},"headline":"Motif kiku","datePublished":"2023-11-01T08:00:00+00:00","dateModified":"2025-11-02T08:36:35+00:00","mainEntityOfPage":{"@id":"https:\/\/lacartebuissonniere.fr\/index.php\/2023\/11\/01\/motif-kiku\/"},"wordCount":405,"commentCount":3,"publisher":{"@id":"https:\/\/lacartebuissonniere.fr\/#organization"},"image":{"@id":"https:\/\/lacartebuissonniere.fr\/index.php\/2023\/11\/01\/motif-kiku\/#primaryimage"},"thumbnailUrl":"https:\/\/lacartebuissonniere.fr\/wp-content\/uploads\/2023\/11\/48DDE90D-CD20-4DED-B843-C0A5852C55F9_1_201_a.jpeg","articleSection":["FL\u00c2NERIES","Fl\u00e2neries botaniques","INFOS"],"inLanguage":"fr-FR","potentialAction":[{"@type":"CommentAction","name":"Comment","target":["https:\/\/lacartebuissonniere.fr\/index.php\/2023\/11\/01\/motif-kiku\/#respond"]}]},{"@type":"WebPage","@id":"https:\/\/lacartebuissonniere.fr\/index.php\/2023\/11\/01\/motif-kiku\/","url":"https:\/\/lacartebuissonniere.fr\/index.php\/2023\/11\/01\/motif-kiku\/","name":"Motif kiku - La carte buissonni\u00e8re","isPartOf":{"@id":"https:\/\/lacartebuissonniere.fr\/#website"},"primaryImageOfPage":{"@id":"https:\/\/lacartebuissonniere.fr\/index.php\/2023\/11\/01\/motif-kiku\/#primaryimage"},"image":{"@id":"https:\/\/lacartebuissonniere.fr\/index.php\/2023\/11\/01\/motif-kiku\/#primaryimage"},"thumbnailUrl":"https:\/\/lacartebuissonniere.fr\/wp-content\/uploads\/2023\/11\/48DDE90D-CD20-4DED-B843-C0A5852C55F9_1_201_a.jpeg","datePublished":"2023-11-01T08:00:00+00:00","dateModified":"2025-11-02T08:36:35+00:00","breadcrumb":{"@id":"https:\/\/lacartebuissonniere.fr\/index.php\/2023\/11\/01\/motif-kiku\/#breadcrumb"},"inLanguage":"fr-FR","potentialAction":[{"@type":"ReadAction","target":["https:\/\/lacartebuissonniere.fr\/index.php\/2023\/11\/01\/motif-kiku\/"]}]},{"@type":"ImageObject","inLanguage":"fr-FR","@id":"https:\/\/lacartebuissonniere.fr\/index.php\/2023\/11\/01\/motif-kiku\/#primaryimage","url":"https:\/\/lacartebuissonniere.fr\/wp-content\/uploads\/2023\/11\/48DDE90D-CD20-4DED-B843-C0A5852C55F9_1_201_a.jpeg","contentUrl":"https:\/\/lacartebuissonniere.fr\/wp-content\/uploads\/2023\/11\/48DDE90D-CD20-4DED-B843-C0A5852C55F9_1_201_a.jpeg","width":780,"height":585,"caption":"xr:d:DAFwYO-a13Q:57,j:7439225765175047508,t:23100519"},{"@type":"BreadcrumbList","@id":"https:\/\/lacartebuissonniere.fr\/index.php\/2023\/11\/01\/motif-kiku\/#breadcrumb","itemListElement":[{"@type":"ListItem","position":1,"name":"Accueil","item":"https:\/\/lacartebuissonniere.fr\/"},{"@type":"ListItem","position":2,"name":"Motif kiku"}]},{"@type":"WebSite","@id":"https:\/\/lacartebuissonniere.fr\/#website","url":"https:\/\/lacartebuissonniere.fr\/","name":"La carte buissonni\u00e8re","description":"","publisher":{"@id":"https:\/\/lacartebuissonniere.fr\/#organization"},"potentialAction":[{"@type":"SearchAction","target":{"@type":"EntryPoint","urlTemplate":"https:\/\/lacartebuissonniere.fr\/?s={search_term_string}"},"query-input":{"@type":"PropertyValueSpecification","valueRequired":true,"valueName":"search_term_string"}}],"inLanguage":"fr-FR"},{"@type":"Organization","@id":"https:\/\/lacartebuissonniere.fr\/#organization","name":"La carte buissonni\u00e8re","url":"https:\/\/lacartebuissonniere.fr\/","logo":{"@type":"ImageObject","inLanguage":"fr-FR","@id":"https:\/\/lacartebuissonniere.fr\/#\/schema\/logo\/image\/","url":"https:\/\/lacartebuissonniere.fr\/wp-content\/uploads\/2022\/12\/Illustration-sans-titre.jpg","contentUrl":"https:\/\/lacartebuissonniere.fr\/wp-content\/uploads\/2022\/12\/Illustration-sans-titre.jpg","width":637,"height":680,"caption":"La carte buissonni\u00e8re"},"image":{"@id":"https:\/\/lacartebuissonniere.fr\/#\/schema\/logo\/image\/"},"sameAs":["https:\/\/www.facebook.com\/lacartebuissonniere\/","https:\/\/www.pinterest.fr\/DelphChabanne\/"]},{"@type":"Person","@id":"https:\/\/lacartebuissonniere.fr\/#\/schema\/person\/4e60af809837a2287e4f6d4daaf7abd4","name":"Carte buissonni\u00e8re","image":{"@type":"ImageObject","inLanguage":"fr-FR","@id":"https:\/\/lacartebuissonniere.fr\/#\/schema\/person\/image\/","url":"https:\/\/secure.gravatar.com\/avatar\/b543b5e0f093efbab3dfee8595bf9077ed504ab48ffeb378c9dc263381c278e6?s=96&d=mm&r=g","contentUrl":"https:\/\/secure.gravatar.com\/avatar\/b543b5e0f093efbab3dfee8595bf9077ed504ab48ffeb378c9dc263381c278e6?s=96&d=mm&r=g","caption":"Carte buissonni\u00e8re"},"sameAs":["http:\/\/lacartebuissonniere.fr"],"url":"https:\/\/lacartebuissonniere.fr\/index.php\/author\/carteb\/"}]}},"_links":{"self":[{"href":"https:\/\/lacartebuissonniere.fr\/index.php\/wp-json\/wp\/v2\/posts\/4258","targetHints":{"allow":["GET"]}}],"collection":[{"href":"https:\/\/lacartebuissonniere.fr\/index.php\/wp-json\/wp\/v2\/posts"}],"about":[{"href":"https:\/\/lacartebuissonniere.fr\/index.php\/wp-json\/wp\/v2\/types\/post"}],"author":[{"embeddable":true,"href":"https:\/\/lacartebuissonniere.fr\/index.php\/wp-json\/wp\/v2\/users\/2"}],"replies":[{"embeddable":true,"href":"https:\/\/lacartebuissonniere.fr\/index.php\/wp-json\/wp\/v2\/comments?post=4258"}],"version-history":[{"count":4,"href":"https:\/\/lacartebuissonniere.fr\/index.php\/wp-json\/wp\/v2\/posts\/4258\/revisions"}],"predecessor-version":[{"id":8438,"href":"https:\/\/lacartebuissonniere.fr\/index.php\/wp-json\/wp\/v2\/posts\/4258\/revisions\/8438"}],"wp:attachment":[{"href":"https:\/\/lacartebuissonniere.fr\/index.php\/wp-json\/wp\/v2\/media?parent=4258"}],"wp:term":[{"taxonomy":"category","embeddable":true,"href":"https:\/\/lacartebuissonniere.fr\/index.php\/wp-json\/wp\/v2\/categories?post=4258"},{"taxonomy":"post_tag","embeddable":true,"href":"https:\/\/lacartebuissonniere.fr\/index.php\/wp-json\/wp\/v2\/tags?post=4258"}],"curies":[{"name":"wp","href":"https:\/\/api.w.org\/{rel}","templated":true}]}}