{"id":4754,"date":"2024-02-04T09:00:22","date_gmt":"2024-02-04T08:00:22","guid":{"rendered":"https:\/\/lacartebuissonniere.fr\/?p=4754"},"modified":"2024-02-04T15:28:53","modified_gmt":"2024-02-04T14:28:53","slug":"sous-le-signe-du-buis","status":"publish","type":"post","link":"https:\/\/lacartebuissonniere.fr\/index.php\/2024\/02\/04\/sous-le-signe-du-buis\/","title":{"rendered":"Sous le signe du buis"},"content":{"rendered":"\n<p><\/p>\n\n\n\n<p>Dans le calendrier r\u00e9publicain fran\u00e7ais, le 16<sup>e<\/sup>\u00a0jour du mois de pluvi\u00f4se, souvent notre 4 f\u00e9vrier, \u00e9tait d\u00e9nomm\u00e9 jour du buis.<\/p>\n\n\n<div class=\"wp-block-image\">\n<figure class=\"aligncenter size-full\"><img loading=\"lazy\" decoding=\"async\" width=\"782\" height=\"516\" src=\"https:\/\/lacartebuissonniere.fr\/wp-content\/uploads\/2024\/01\/22E9A063-9874-479B-809E-1CC13174BD12_1_201_a.jpeg\" alt=\"\" class=\"wp-image-4755\" srcset=\"https:\/\/lacartebuissonniere.fr\/wp-content\/uploads\/2024\/01\/22E9A063-9874-479B-809E-1CC13174BD12_1_201_a.jpeg 782w, https:\/\/lacartebuissonniere.fr\/wp-content\/uploads\/2024\/01\/22E9A063-9874-479B-809E-1CC13174BD12_1_201_a-300x198.jpeg 300w, https:\/\/lacartebuissonniere.fr\/wp-content\/uploads\/2024\/01\/22E9A063-9874-479B-809E-1CC13174BD12_1_201_a-768x507.jpeg 768w, https:\/\/lacartebuissonniere.fr\/wp-content\/uploads\/2024\/01\/22E9A063-9874-479B-809E-1CC13174BD12_1_201_a-600x396.jpeg 600w\" sizes=\"auto, (max-width: 782px) 100vw, 782px\" \/><\/figure>\n<\/div>\n\n\n<p><\/p>\n\n\n\n<p>Le buis commun ou buis toujours vert (<em>Buxus sempervirens<\/em>) est une esp\u00e8ce d&rsquo;arbustes \u00e0 feuilles persistantes qui d\u00e9gage une odeur particuli\u00e8re.<\/p>\n\n\n\n<p>Avec son bois dur et homog\u00e8ne, \u00e0 grain tr\u00e8s fin, il fait depuis longtemps le bonheur des tourneurs et sculpteurs.<\/p>\n\n\n\n<p>Ce n\u2019est pas un hasard si l\u2019\u00e9tymologie de \u00ab\u00a0bo\u00eete\u00a0\u00bb remonte \u00e0 son nom\u00a0; en anglais, on dit d\u2019ailleurs \u00ab\u00a0boxwood\u00a0\u00bb. On en fabrique notamment des pi\u00e8ces d\u2019\u00e9chec et des instruments \u00e0 vent\u00a0:<\/p>\n\n\n\n<figure class=\"wp-block-gallery has-nested-images columns-default is-cropped wp-block-gallery-1 is-layout-flex wp-block-gallery-is-layout-flex\">\n<figure class=\"wp-block-image size-large\"><img loading=\"lazy\" decoding=\"async\" width=\"757\" height=\"568\" data-id=\"4756\" src=\"https:\/\/lacartebuissonniere.fr\/wp-content\/uploads\/2024\/01\/1726AD8C-E308-4AA4-B15E-856F183E16CB_1_201_a.jpeg\" alt=\"\" class=\"wp-image-4756\" srcset=\"https:\/\/lacartebuissonniere.fr\/wp-content\/uploads\/2024\/01\/1726AD8C-E308-4AA4-B15E-856F183E16CB_1_201_a.jpeg 757w, https:\/\/lacartebuissonniere.fr\/wp-content\/uploads\/2024\/01\/1726AD8C-E308-4AA4-B15E-856F183E16CB_1_201_a-300x225.jpeg 300w, https:\/\/lacartebuissonniere.fr\/wp-content\/uploads\/2024\/01\/1726AD8C-E308-4AA4-B15E-856F183E16CB_1_201_a-600x450.jpeg 600w\" sizes=\"auto, (max-width: 757px) 100vw, 757px\" \/><\/figure>\n\n\n\n<figure class=\"wp-block-image size-large\"><img loading=\"lazy\" decoding=\"async\" width=\"531\" height=\"398\" data-id=\"4757\" src=\"https:\/\/lacartebuissonniere.fr\/wp-content\/uploads\/2024\/01\/5F814A97-F555-4603-84A6-307241F1776F_1_201_a.jpeg\" alt=\"\" class=\"wp-image-4757\" srcset=\"https:\/\/lacartebuissonniere.fr\/wp-content\/uploads\/2024\/01\/5F814A97-F555-4603-84A6-307241F1776F_1_201_a.jpeg 531w, https:\/\/lacartebuissonniere.fr\/wp-content\/uploads\/2024\/01\/5F814A97-F555-4603-84A6-307241F1776F_1_201_a-300x225.jpeg 300w\" sizes=\"auto, (max-width: 531px) 100vw, 531px\" \/><figcaption class=\"wp-element-caption\">\u00a9 Mus\u00e9e des instruments \u00e0 vent, La Couture-Boussey<\/figcaption><\/figure>\n<\/figure>\n\n\n\n<p><\/p>\n\n\n\n<p>Plante privil\u00e9gi\u00e9e de l\u2019art topiaire, le buis sert \u00e9galement \u00e0 confectionner les bordures et broderies des jardins \u00e0 la fran\u00e7aise, comme \u00e0 Villandry\u00a0:<\/p>\n\n\n<div class=\"wp-block-image\">\n<figure class=\"aligncenter size-full\"><img loading=\"lazy\" decoding=\"async\" width=\"768\" height=\"1024\" src=\"https:\/\/lacartebuissonniere.fr\/wp-content\/uploads\/2024\/01\/FB3585C7-E7D3-4B3F-87D6-DBDF8178AC2C_1_105_c.jpeg\" alt=\"\" class=\"wp-image-4758\" srcset=\"https:\/\/lacartebuissonniere.fr\/wp-content\/uploads\/2024\/01\/FB3585C7-E7D3-4B3F-87D6-DBDF8178AC2C_1_105_c.jpeg 768w, https:\/\/lacartebuissonniere.fr\/wp-content\/uploads\/2024\/01\/FB3585C7-E7D3-4B3F-87D6-DBDF8178AC2C_1_105_c-225x300.jpeg 225w, https:\/\/lacartebuissonniere.fr\/wp-content\/uploads\/2024\/01\/FB3585C7-E7D3-4B3F-87D6-DBDF8178AC2C_1_105_c-450x600.jpeg 450w\" sizes=\"auto, (max-width: 768px) 100vw, 768px\" \/><\/figure>\n<\/div>\n\n\n<p><\/p>\n\n\n\n<p>Pour les catholiques, c\u2019est souvent le buis que l\u2019on fait b\u00e9nir le jour des Rameaux pour c\u00e9l\u00e9brer l\u2019entr\u00e9e de J\u00e9sus \u00e0 J\u00e9rusalem et rappeler, gr\u00e2ce au vert de son feuillage, que la vie l\u2019emporte sur la mort.<\/p>\n\n\n<div class=\"wp-block-image\">\n<figure class=\"aligncenter size-full\"><img loading=\"lazy\" decoding=\"async\" width=\"476\" height=\"627\" src=\"https:\/\/lacartebuissonniere.fr\/wp-content\/uploads\/2024\/01\/ACD44B24-7851-4A55-BE43-C754312F75C5.jpeg\" alt=\"\" class=\"wp-image-4759\" srcset=\"https:\/\/lacartebuissonniere.fr\/wp-content\/uploads\/2024\/01\/ACD44B24-7851-4A55-BE43-C754312F75C5.jpeg 476w, https:\/\/lacartebuissonniere.fr\/wp-content\/uploads\/2024\/01\/ACD44B24-7851-4A55-BE43-C754312F75C5-228x300.jpeg 228w, https:\/\/lacartebuissonniere.fr\/wp-content\/uploads\/2024\/01\/ACD44B24-7851-4A55-BE43-C754312F75C5-456x600.jpeg 456w\" sizes=\"auto, (max-width: 476px) 100vw, 476px\" \/><figcaption class=\"wp-element-caption\"><em>Cris de Paris<\/em>, dessin\u00e9s d\u2019apr\u00e8s nature par M. Poisson, 1774-1775 <br>\u00a9 Biblioth\u00e8que nationale de France<\/figcaption><\/figure>\n<\/div>\n\n\n<p><\/p>\n\n\n\n<p>C\u2019est pourquoi, non sans humour, on appelle la langue de bois eccl\u00e9siastique la langue de buis\u00a0!<\/p>\n\n\n<div class=\"wp-block-image\">\n<figure class=\"aligncenter size-full\"><img loading=\"lazy\" decoding=\"async\" width=\"768\" height=\"1022\" src=\"https:\/\/lacartebuissonniere.fr\/wp-content\/uploads\/2024\/01\/51EBDD00-D4A2-4978-9C67-598442D78713_1_105_c.jpeg\" alt=\"\" class=\"wp-image-4760\" srcset=\"https:\/\/lacartebuissonniere.fr\/wp-content\/uploads\/2024\/01\/51EBDD00-D4A2-4978-9C67-598442D78713_1_105_c.jpeg 768w, https:\/\/lacartebuissonniere.fr\/wp-content\/uploads\/2024\/01\/51EBDD00-D4A2-4978-9C67-598442D78713_1_105_c-225x300.jpeg 225w, https:\/\/lacartebuissonniere.fr\/wp-content\/uploads\/2024\/01\/51EBDD00-D4A2-4978-9C67-598442D78713_1_105_c-451x600.jpeg 451w\" sizes=\"auto, (max-width: 768px) 100vw, 768px\" \/><\/figure>\n<\/div>\n\n\n<p><\/p>\n\n\n\n<p>Sources\u00a0:<\/p>\n\n\n\n<p><a href=\"https:\/\/fr.wikipedia.org\/wiki\/Buis\" target=\"_blank\" rel=\"noreferrer noopener\">\u00ab\u00a0Buis\u00a0\u00bb<\/a> \u2013 fiche Wikip\u00e9dia<\/p>\n\n\n\n<p><a href=\"https:\/\/fr.wikipedia.org\/wiki\/Buxus_sempervirens\" target=\"_blank\" rel=\"noreferrer noopener\">\u00ab\u00a0<em>Buxus sempervirens<\/em>\u00a0\u00bb<\/a> \u2013 fiche Wikip\u00e9dia<\/p>\n\n\n\n<p><a href=\"https:\/\/gallica.bnf.fr\/blog\/31012022\/le-buis?mode=desktop\">\u00ab\u00a0Le buis\u00a0\u00bb<\/a> \u2013 Herbier de Gallica<\/p>\n\n\n\n<p><a href=\"https:\/\/www.lavie.fr\/christianisme\/eglise\/pourquoi-utilise-t-on-du-buis-le-dimanche-des-rameaux-81628.php\">\u00ab\u00a0Pourquoi utilise-t-on du buis le dimanche des Rameaux ?\u00a0\u00bb<\/a><\/p>\n","protected":false},"excerpt":{"rendered":"<p>Dans le calendrier r\u00e9publicain fran\u00e7ais, le 16e\u00a0jour du mois de pluvi\u00f4se, souvent notre 4 f\u00e9vrier, \u00e9tait d\u00e9nomm\u00e9 jour du buis. Le buis commun ou buis toujours vert (Buxus sempervirens) est une esp\u00e8ce d&rsquo;arbustes \u00e0 feuilles persistantes qui d\u00e9gage une odeur particuli\u00e8re. Avec son bois dur et homog\u00e8ne, \u00e0 grain tr\u00e8s fin, il fait depuis longtemps [&hellip;]<\/p>\n","protected":false},"author":2,"featured_media":0,"comment_status":"open","ping_status":"open","sticky":false,"template":"","format":"standard","meta":{"two_page_speed":[],"footnotes":""},"categories":[13],"tags":[],"class_list":["post-4754","post","type-post","status-publish","format-standard","hentry","category-infos","entry"],"yoast_head":"<!-- This site is optimized with the Yoast SEO plugin v25.4 - https:\/\/yoast.com\/wordpress\/plugins\/seo\/ -->\n<title>Sous le signe du buis - La carte buissonni\u00e8re<\/title>\n<meta name=\"robots\" content=\"index, follow, max-snippet:-1, max-image-preview:large, max-video-preview:-1\" \/>\n<link rel=\"canonical\" href=\"https:\/\/lacartebuissonniere.fr\/index.php\/2024\/02\/04\/sous-le-signe-du-buis\/\" \/>\n<meta property=\"og:locale\" content=\"fr_FR\" \/>\n<meta property=\"og:type\" content=\"article\" \/>\n<meta property=\"og:title\" content=\"Sous le signe du buis - La carte buissonni\u00e8re\" \/>\n<meta property=\"og:description\" content=\"Dans le calendrier r\u00e9publicain fran\u00e7ais, le 16e\u00a0jour du mois de pluvi\u00f4se, souvent notre 4 f\u00e9vrier, \u00e9tait d\u00e9nomm\u00e9 jour du buis. Le buis commun ou buis toujours vert (Buxus sempervirens) est une esp\u00e8ce d&rsquo;arbustes \u00e0 feuilles persistantes qui d\u00e9gage une odeur particuli\u00e8re. Avec son bois dur et homog\u00e8ne, \u00e0 grain tr\u00e8s fin, il fait depuis longtemps [&hellip;]\" \/>\n<meta property=\"og:url\" content=\"https:\/\/lacartebuissonniere.fr\/index.php\/2024\/02\/04\/sous-le-signe-du-buis\/\" \/>\n<meta property=\"og:site_name\" content=\"La carte buissonni\u00e8re\" \/>\n<meta property=\"article:publisher\" content=\"https:\/\/www.facebook.com\/lacartebuissonniere\/\" \/>\n<meta property=\"article:published_time\" content=\"2024-02-04T08:00:22+00:00\" \/>\n<meta property=\"article:modified_time\" content=\"2024-02-04T14:28:53+00:00\" \/>\n<meta property=\"og:image\" content=\"https:\/\/lacartebuissonniere.fr\/wp-content\/uploads\/2024\/01\/22E9A063-9874-479B-809E-1CC13174BD12_1_201_a.jpeg\" \/>\n<meta name=\"author\" content=\"Carte buissonni\u00e8re\" \/>\n<meta name=\"twitter:card\" content=\"summary_large_image\" \/>\n<meta name=\"twitter:label1\" content=\"\u00c9crit par\" \/>\n\t<meta name=\"twitter:data1\" content=\"Carte buissonni\u00e8re\" \/>\n\t<meta name=\"twitter:label2\" content=\"Dur\u00e9e de lecture estim\u00e9e\" \/>\n\t<meta name=\"twitter:data2\" content=\"3 minutes\" \/>\n<script type=\"application\/ld+json\" class=\"yoast-schema-graph\">{\"@context\":\"https:\/\/schema.org\",\"@graph\":[{\"@type\":\"Article\",\"@id\":\"https:\/\/lacartebuissonniere.fr\/index.php\/2024\/02\/04\/sous-le-signe-du-buis\/#article\",\"isPartOf\":{\"@id\":\"https:\/\/lacartebuissonniere.fr\/index.php\/2024\/02\/04\/sous-le-signe-du-buis\/\"},\"author\":{\"name\":\"Carte buissonni\u00e8re\",\"@id\":\"https:\/\/lacartebuissonniere.fr\/#\/schema\/person\/4e60af809837a2287e4f6d4daaf7abd4\"},\"headline\":\"Sous le signe du buis\",\"datePublished\":\"2024-02-04T08:00:22+00:00\",\"dateModified\":\"2024-02-04T14:28:53+00:00\",\"mainEntityOfPage\":{\"@id\":\"https:\/\/lacartebuissonniere.fr\/index.php\/2024\/02\/04\/sous-le-signe-du-buis\/\"},\"wordCount\":246,\"commentCount\":0,\"publisher\":{\"@id\":\"https:\/\/lacartebuissonniere.fr\/#organization\"},\"image\":{\"@id\":\"https:\/\/lacartebuissonniere.fr\/index.php\/2024\/02\/04\/sous-le-signe-du-buis\/#primaryimage\"},\"thumbnailUrl\":\"https:\/\/lacartebuissonniere.fr\/wp-content\/uploads\/2024\/01\/22E9A063-9874-479B-809E-1CC13174BD12_1_201_a.jpeg\",\"articleSection\":[\"INFOS\"],\"inLanguage\":\"fr-FR\",\"potentialAction\":[{\"@type\":\"CommentAction\",\"name\":\"Comment\",\"target\":[\"https:\/\/lacartebuissonniere.fr\/index.php\/2024\/02\/04\/sous-le-signe-du-buis\/#respond\"]}]},{\"@type\":\"WebPage\",\"@id\":\"https:\/\/lacartebuissonniere.fr\/index.php\/2024\/02\/04\/sous-le-signe-du-buis\/\",\"url\":\"https:\/\/lacartebuissonniere.fr\/index.php\/2024\/02\/04\/sous-le-signe-du-buis\/\",\"name\":\"Sous le signe du buis - La carte buissonni\u00e8re\",\"isPartOf\":{\"@id\":\"https:\/\/lacartebuissonniere.fr\/#website\"},\"primaryImageOfPage\":{\"@id\":\"https:\/\/lacartebuissonniere.fr\/index.php\/2024\/02\/04\/sous-le-signe-du-buis\/#primaryimage\"},\"image\":{\"@id\":\"https:\/\/lacartebuissonniere.fr\/index.php\/2024\/02\/04\/sous-le-signe-du-buis\/#primaryimage\"},\"thumbnailUrl\":\"https:\/\/lacartebuissonniere.fr\/wp-content\/uploads\/2024\/01\/22E9A063-9874-479B-809E-1CC13174BD12_1_201_a.jpeg\",\"datePublished\":\"2024-02-04T08:00:22+00:00\",\"dateModified\":\"2024-02-04T14:28:53+00:00\",\"breadcrumb\":{\"@id\":\"https:\/\/lacartebuissonniere.fr\/index.php\/2024\/02\/04\/sous-le-signe-du-buis\/#breadcrumb\"},\"inLanguage\":\"fr-FR\",\"potentialAction\":[{\"@type\":\"ReadAction\",\"target\":[\"https:\/\/lacartebuissonniere.fr\/index.php\/2024\/02\/04\/sous-le-signe-du-buis\/\"]}]},{\"@type\":\"ImageObject\",\"inLanguage\":\"fr-FR\",\"@id\":\"https:\/\/lacartebuissonniere.fr\/index.php\/2024\/02\/04\/sous-le-signe-du-buis\/#primaryimage\",\"url\":\"https:\/\/lacartebuissonniere.fr\/wp-content\/uploads\/2024\/01\/22E9A063-9874-479B-809E-1CC13174BD12_1_201_a.jpeg\",\"contentUrl\":\"https:\/\/lacartebuissonniere.fr\/wp-content\/uploads\/2024\/01\/22E9A063-9874-479B-809E-1CC13174BD12_1_201_a.jpeg\",\"width\":782,\"height\":516},{\"@type\":\"BreadcrumbList\",\"@id\":\"https:\/\/lacartebuissonniere.fr\/index.php\/2024\/02\/04\/sous-le-signe-du-buis\/#breadcrumb\",\"itemListElement\":[{\"@type\":\"ListItem\",\"position\":1,\"name\":\"Accueil\",\"item\":\"https:\/\/lacartebuissonniere.fr\/\"},{\"@type\":\"ListItem\",\"position\":2,\"name\":\"Sous le signe du buis\"}]},{\"@type\":\"WebSite\",\"@id\":\"https:\/\/lacartebuissonniere.fr\/#website\",\"url\":\"https:\/\/lacartebuissonniere.fr\/\",\"name\":\"La carte buissonni\u00e8re\",\"description\":\"\",\"publisher\":{\"@id\":\"https:\/\/lacartebuissonniere.fr\/#organization\"},\"potentialAction\":[{\"@type\":\"SearchAction\",\"target\":{\"@type\":\"EntryPoint\",\"urlTemplate\":\"https:\/\/lacartebuissonniere.fr\/?s={search_term_string}\"},\"query-input\":{\"@type\":\"PropertyValueSpecification\",\"valueRequired\":true,\"valueName\":\"search_term_string\"}}],\"inLanguage\":\"fr-FR\"},{\"@type\":\"Organization\",\"@id\":\"https:\/\/lacartebuissonniere.fr\/#organization\",\"name\":\"La carte buissonni\u00e8re\",\"url\":\"https:\/\/lacartebuissonniere.fr\/\",\"logo\":{\"@type\":\"ImageObject\",\"inLanguage\":\"fr-FR\",\"@id\":\"https:\/\/lacartebuissonniere.fr\/#\/schema\/logo\/image\/\",\"url\":\"https:\/\/lacartebuissonniere.fr\/wp-content\/uploads\/2022\/12\/Illustration-sans-titre.jpg\",\"contentUrl\":\"https:\/\/lacartebuissonniere.fr\/wp-content\/uploads\/2022\/12\/Illustration-sans-titre.jpg\",\"width\":637,\"height\":680,\"caption\":\"La carte buissonni\u00e8re\"},\"image\":{\"@id\":\"https:\/\/lacartebuissonniere.fr\/#\/schema\/logo\/image\/\"},\"sameAs\":[\"https:\/\/www.facebook.com\/lacartebuissonniere\/\",\"https:\/\/www.pinterest.fr\/DelphChabanne\/\"]},{\"@type\":\"Person\",\"@id\":\"https:\/\/lacartebuissonniere.fr\/#\/schema\/person\/4e60af809837a2287e4f6d4daaf7abd4\",\"name\":\"Carte buissonni\u00e8re\",\"image\":{\"@type\":\"ImageObject\",\"inLanguage\":\"fr-FR\",\"@id\":\"https:\/\/lacartebuissonniere.fr\/#\/schema\/person\/image\/\",\"url\":\"https:\/\/secure.gravatar.com\/avatar\/b543b5e0f093efbab3dfee8595bf9077ed504ab48ffeb378c9dc263381c278e6?s=96&d=mm&r=g\",\"contentUrl\":\"https:\/\/secure.gravatar.com\/avatar\/b543b5e0f093efbab3dfee8595bf9077ed504ab48ffeb378c9dc263381c278e6?s=96&d=mm&r=g\",\"caption\":\"Carte buissonni\u00e8re\"},\"sameAs\":[\"http:\/\/lacartebuissonniere.fr\"],\"url\":\"https:\/\/lacartebuissonniere.fr\/index.php\/author\/carteb\/\"}]}<\/script>\n<!-- \/ Yoast SEO plugin. -->","yoast_head_json":{"title":"Sous le signe du buis - La carte buissonni\u00e8re","robots":{"index":"index","follow":"follow","max-snippet":"max-snippet:-1","max-image-preview":"max-image-preview:large","max-video-preview":"max-video-preview:-1"},"canonical":"https:\/\/lacartebuissonniere.fr\/index.php\/2024\/02\/04\/sous-le-signe-du-buis\/","og_locale":"fr_FR","og_type":"article","og_title":"Sous le signe du buis - La carte buissonni\u00e8re","og_description":"Dans le calendrier r\u00e9publicain fran\u00e7ais, le 16e\u00a0jour du mois de pluvi\u00f4se, souvent notre 4 f\u00e9vrier, \u00e9tait d\u00e9nomm\u00e9 jour du buis. Le buis commun ou buis toujours vert (Buxus sempervirens) est une esp\u00e8ce d&rsquo;arbustes \u00e0 feuilles persistantes qui d\u00e9gage une odeur particuli\u00e8re. Avec son bois dur et homog\u00e8ne, \u00e0 grain tr\u00e8s fin, il fait depuis longtemps [&hellip;]","og_url":"https:\/\/lacartebuissonniere.fr\/index.php\/2024\/02\/04\/sous-le-signe-du-buis\/","og_site_name":"La carte buissonni\u00e8re","article_publisher":"https:\/\/www.facebook.com\/lacartebuissonniere\/","article_published_time":"2024-02-04T08:00:22+00:00","article_modified_time":"2024-02-04T14:28:53+00:00","og_image":[{"url":"https:\/\/lacartebuissonniere.fr\/wp-content\/uploads\/2024\/01\/22E9A063-9874-479B-809E-1CC13174BD12_1_201_a.jpeg","type":"","width":"","height":""}],"author":"Carte buissonni\u00e8re","twitter_card":"summary_large_image","twitter_misc":{"\u00c9crit par":"Carte buissonni\u00e8re","Dur\u00e9e de lecture estim\u00e9e":"3 minutes"},"schema":{"@context":"https:\/\/schema.org","@graph":[{"@type":"Article","@id":"https:\/\/lacartebuissonniere.fr\/index.php\/2024\/02\/04\/sous-le-signe-du-buis\/#article","isPartOf":{"@id":"https:\/\/lacartebuissonniere.fr\/index.php\/2024\/02\/04\/sous-le-signe-du-buis\/"},"author":{"name":"Carte buissonni\u00e8re","@id":"https:\/\/lacartebuissonniere.fr\/#\/schema\/person\/4e60af809837a2287e4f6d4daaf7abd4"},"headline":"Sous le signe du buis","datePublished":"2024-02-04T08:00:22+00:00","dateModified":"2024-02-04T14:28:53+00:00","mainEntityOfPage":{"@id":"https:\/\/lacartebuissonniere.fr\/index.php\/2024\/02\/04\/sous-le-signe-du-buis\/"},"wordCount":246,"commentCount":0,"publisher":{"@id":"https:\/\/lacartebuissonniere.fr\/#organization"},"image":{"@id":"https:\/\/lacartebuissonniere.fr\/index.php\/2024\/02\/04\/sous-le-signe-du-buis\/#primaryimage"},"thumbnailUrl":"https:\/\/lacartebuissonniere.fr\/wp-content\/uploads\/2024\/01\/22E9A063-9874-479B-809E-1CC13174BD12_1_201_a.jpeg","articleSection":["INFOS"],"inLanguage":"fr-FR","potentialAction":[{"@type":"CommentAction","name":"Comment","target":["https:\/\/lacartebuissonniere.fr\/index.php\/2024\/02\/04\/sous-le-signe-du-buis\/#respond"]}]},{"@type":"WebPage","@id":"https:\/\/lacartebuissonniere.fr\/index.php\/2024\/02\/04\/sous-le-signe-du-buis\/","url":"https:\/\/lacartebuissonniere.fr\/index.php\/2024\/02\/04\/sous-le-signe-du-buis\/","name":"Sous le signe du buis - La carte buissonni\u00e8re","isPartOf":{"@id":"https:\/\/lacartebuissonniere.fr\/#website"},"primaryImageOfPage":{"@id":"https:\/\/lacartebuissonniere.fr\/index.php\/2024\/02\/04\/sous-le-signe-du-buis\/#primaryimage"},"image":{"@id":"https:\/\/lacartebuissonniere.fr\/index.php\/2024\/02\/04\/sous-le-signe-du-buis\/#primaryimage"},"thumbnailUrl":"https:\/\/lacartebuissonniere.fr\/wp-content\/uploads\/2024\/01\/22E9A063-9874-479B-809E-1CC13174BD12_1_201_a.jpeg","datePublished":"2024-02-04T08:00:22+00:00","dateModified":"2024-02-04T14:28:53+00:00","breadcrumb":{"@id":"https:\/\/lacartebuissonniere.fr\/index.php\/2024\/02\/04\/sous-le-signe-du-buis\/#breadcrumb"},"inLanguage":"fr-FR","potentialAction":[{"@type":"ReadAction","target":["https:\/\/lacartebuissonniere.fr\/index.php\/2024\/02\/04\/sous-le-signe-du-buis\/"]}]},{"@type":"ImageObject","inLanguage":"fr-FR","@id":"https:\/\/lacartebuissonniere.fr\/index.php\/2024\/02\/04\/sous-le-signe-du-buis\/#primaryimage","url":"https:\/\/lacartebuissonniere.fr\/wp-content\/uploads\/2024\/01\/22E9A063-9874-479B-809E-1CC13174BD12_1_201_a.jpeg","contentUrl":"https:\/\/lacartebuissonniere.fr\/wp-content\/uploads\/2024\/01\/22E9A063-9874-479B-809E-1CC13174BD12_1_201_a.jpeg","width":782,"height":516},{"@type":"BreadcrumbList","@id":"https:\/\/lacartebuissonniere.fr\/index.php\/2024\/02\/04\/sous-le-signe-du-buis\/#breadcrumb","itemListElement":[{"@type":"ListItem","position":1,"name":"Accueil","item":"https:\/\/lacartebuissonniere.fr\/"},{"@type":"ListItem","position":2,"name":"Sous le signe du buis"}]},{"@type":"WebSite","@id":"https:\/\/lacartebuissonniere.fr\/#website","url":"https:\/\/lacartebuissonniere.fr\/","name":"La carte buissonni\u00e8re","description":"","publisher":{"@id":"https:\/\/lacartebuissonniere.fr\/#organization"},"potentialAction":[{"@type":"SearchAction","target":{"@type":"EntryPoint","urlTemplate":"https:\/\/lacartebuissonniere.fr\/?s={search_term_string}"},"query-input":{"@type":"PropertyValueSpecification","valueRequired":true,"valueName":"search_term_string"}}],"inLanguage":"fr-FR"},{"@type":"Organization","@id":"https:\/\/lacartebuissonniere.fr\/#organization","name":"La carte buissonni\u00e8re","url":"https:\/\/lacartebuissonniere.fr\/","logo":{"@type":"ImageObject","inLanguage":"fr-FR","@id":"https:\/\/lacartebuissonniere.fr\/#\/schema\/logo\/image\/","url":"https:\/\/lacartebuissonniere.fr\/wp-content\/uploads\/2022\/12\/Illustration-sans-titre.jpg","contentUrl":"https:\/\/lacartebuissonniere.fr\/wp-content\/uploads\/2022\/12\/Illustration-sans-titre.jpg","width":637,"height":680,"caption":"La carte buissonni\u00e8re"},"image":{"@id":"https:\/\/lacartebuissonniere.fr\/#\/schema\/logo\/image\/"},"sameAs":["https:\/\/www.facebook.com\/lacartebuissonniere\/","https:\/\/www.pinterest.fr\/DelphChabanne\/"]},{"@type":"Person","@id":"https:\/\/lacartebuissonniere.fr\/#\/schema\/person\/4e60af809837a2287e4f6d4daaf7abd4","name":"Carte buissonni\u00e8re","image":{"@type":"ImageObject","inLanguage":"fr-FR","@id":"https:\/\/lacartebuissonniere.fr\/#\/schema\/person\/image\/","url":"https:\/\/secure.gravatar.com\/avatar\/b543b5e0f093efbab3dfee8595bf9077ed504ab48ffeb378c9dc263381c278e6?s=96&d=mm&r=g","contentUrl":"https:\/\/secure.gravatar.com\/avatar\/b543b5e0f093efbab3dfee8595bf9077ed504ab48ffeb378c9dc263381c278e6?s=96&d=mm&r=g","caption":"Carte buissonni\u00e8re"},"sameAs":["http:\/\/lacartebuissonniere.fr"],"url":"https:\/\/lacartebuissonniere.fr\/index.php\/author\/carteb\/"}]}},"_links":{"self":[{"href":"https:\/\/lacartebuissonniere.fr\/index.php\/wp-json\/wp\/v2\/posts\/4754","targetHints":{"allow":["GET"]}}],"collection":[{"href":"https:\/\/lacartebuissonniere.fr\/index.php\/wp-json\/wp\/v2\/posts"}],"about":[{"href":"https:\/\/lacartebuissonniere.fr\/index.php\/wp-json\/wp\/v2\/types\/post"}],"author":[{"embeddable":true,"href":"https:\/\/lacartebuissonniere.fr\/index.php\/wp-json\/wp\/v2\/users\/2"}],"replies":[{"embeddable":true,"href":"https:\/\/lacartebuissonniere.fr\/index.php\/wp-json\/wp\/v2\/comments?post=4754"}],"version-history":[{"count":1,"href":"https:\/\/lacartebuissonniere.fr\/index.php\/wp-json\/wp\/v2\/posts\/4754\/revisions"}],"predecessor-version":[{"id":4761,"href":"https:\/\/lacartebuissonniere.fr\/index.php\/wp-json\/wp\/v2\/posts\/4754\/revisions\/4761"}],"wp:attachment":[{"href":"https:\/\/lacartebuissonniere.fr\/index.php\/wp-json\/wp\/v2\/media?parent=4754"}],"wp:term":[{"taxonomy":"category","embeddable":true,"href":"https:\/\/lacartebuissonniere.fr\/index.php\/wp-json\/wp\/v2\/categories?post=4754"},{"taxonomy":"post_tag","embeddable":true,"href":"https:\/\/lacartebuissonniere.fr\/index.php\/wp-json\/wp\/v2\/tags?post=4754"}],"curies":[{"name":"wp","href":"https:\/\/api.w.org\/{rel}","templated":true}]}}