{"id":4920,"date":"2024-03-01T09:00:00","date_gmt":"2024-03-01T08:00:00","guid":{"rendered":"https:\/\/lacartebuissonniere.fr\/?p=4920"},"modified":"2024-02-02T17:28:08","modified_gmt":"2024-02-02T16:28:08","slug":"sous-le-signe-du-narcisse","status":"publish","type":"post","link":"https:\/\/lacartebuissonniere.fr\/index.php\/2024\/03\/01\/sous-le-signe-du-narcisse\/","title":{"rendered":"Sous le signe du narcisse"},"content":{"rendered":"\n<p><\/p>\n\n\n\n<p>Dans le calendrier r\u00e9publicain fran\u00e7ais, le 11<sup>e<\/sup>\u00a0jour du mois de vent\u00f4se, souvent notre 1<sup>er<\/sup> mars, \u00e9tait d\u00e9nomm\u00e9 jour du narcisse.<\/p>\n\n\n\n<figure class=\"wp-block-image size-full\"><img loading=\"lazy\" decoding=\"async\" width=\"877\" height=\"584\" src=\"https:\/\/lacartebuissonniere.fr\/wp-content\/uploads\/2024\/02\/B8FE8826-F3C1-4A7F-8A04-C295005B71B7_1_201_a.jpeg\" alt=\"\" class=\"wp-image-4921\" srcset=\"https:\/\/lacartebuissonniere.fr\/wp-content\/uploads\/2024\/02\/B8FE8826-F3C1-4A7F-8A04-C295005B71B7_1_201_a.jpeg 877w, https:\/\/lacartebuissonniere.fr\/wp-content\/uploads\/2024\/02\/B8FE8826-F3C1-4A7F-8A04-C295005B71B7_1_201_a-300x200.jpeg 300w, https:\/\/lacartebuissonniere.fr\/wp-content\/uploads\/2024\/02\/B8FE8826-F3C1-4A7F-8A04-C295005B71B7_1_201_a-768x511.jpeg 768w, https:\/\/lacartebuissonniere.fr\/wp-content\/uploads\/2024\/02\/B8FE8826-F3C1-4A7F-8A04-C295005B71B7_1_201_a-600x400.jpeg 600w\" sizes=\"auto, (max-width: 877px) 100vw, 877px\" \/><\/figure>\n\n\n\n<p><\/p>\n\n\n\n<p>Dans <em>Les M\u00e9tamorphoses<\/em>, Ovide donne sa version de la naissance du narcisse, comme il le fait pour <a href=\"https:\/\/lacartebuissonniere.fr\/index.php\/2023\/04\/16\/sous-le-signe-de-lanemone\/\" target=\"_blank\" rel=\"noreferrer noopener\">l\u2019an\u00e9mone<\/a>, <a href=\"https:\/\/lacartebuissonniere.fr\/index.php\/2023\/04\/28\/sous-le-signe-de-lhyacinthe\/\" target=\"_blank\" rel=\"noreferrer noopener\">l\u2019hyacinthe<\/a> ou la couleur sombre des <a href=\"https:\/\/lacartebuissonniere.fr\/index.php\/2023\/07\/27\/sous-le-signe-de-la-mure\/\" target=\"_blank\" rel=\"noreferrer noopener\">m\u00fbres<\/a>.<\/p>\n\n\n\n<p>\u00c0 la naissance de Narcisse, le devin Tir\u00e9sias, \u00e0 qui sa m\u00e8re demande s\u2019il vivra vieux, lui r\u00e9pond&nbsp;ces mots \u00e9nigmatiques : \u00ab S&rsquo;il ne se conna\u00eet pas. \u00bb<\/p>\n\n\n\n<p>L\u2019enfant devient un jeune homme d\u2019une beaut\u00e9 exceptionnelle. Il attise le d\u00e9sir de tous mais n\u2019aime personne en retour, pas m\u00eame la nymphe \u00c9cho qui en d\u00e9p\u00e9rit au point de se transformer en rocher. Une \u00e9ni\u00e8me victime \u00e9conduite en appelle \u00e0 N\u00e9m\u00e9sis, d\u00e9esse de la vengeance, qui le condamne \u00e0 aimer sans jamais poss\u00e9der l\u2019objet de son amour. Apercevant son reflet dans une source, il s\u2019en \u00e9prend et ne cessera plus de se contempler, sous les regards attrist\u00e9s d\u2019\u00c9cho, qui r\u00e9p\u00e8te ses \u00ab H\u00e9las ! H\u00e9las ! \u00bb. Il mourra de cette passion impossible \u00e0 assouvir, son corps laissant place \u00e0 un narcisse&nbsp;: \u00ab&nbsp;croceum pro corpore florem \/ Inveniunt, foliis medium cingentibus albis&nbsp;\u00bb (\u00ab&nbsp;Elles trouvent au lieu de son corps une fleur couleur de safran dont le centre est entour\u00e9 de p\u00e9tales blancs&nbsp;\u00bb).<\/p>\n\n\n\n<p>Dans cette toile de 1903, John William Waterhouse repr\u00e9sente <em>\u00c9cho et Narcisse<\/em>\u00a0:<\/p>\n\n\n<div class=\"wp-block-image\">\n<figure class=\"aligncenter size-large\"><img loading=\"lazy\" decoding=\"async\" width=\"1024\" height=\"585\" src=\"https:\/\/lacartebuissonniere.fr\/wp-content\/uploads\/2024\/02\/8306AFF4-15DC-4473-A098-8AA29812B740_1_105_c-1024x585.jpeg\" alt=\"\" class=\"wp-image-4922\" srcset=\"https:\/\/lacartebuissonniere.fr\/wp-content\/uploads\/2024\/02\/8306AFF4-15DC-4473-A098-8AA29812B740_1_105_c-1024x585.jpeg 1024w, https:\/\/lacartebuissonniere.fr\/wp-content\/uploads\/2024\/02\/8306AFF4-15DC-4473-A098-8AA29812B740_1_105_c-300x171.jpeg 300w, https:\/\/lacartebuissonniere.fr\/wp-content\/uploads\/2024\/02\/8306AFF4-15DC-4473-A098-8AA29812B740_1_105_c-768x438.jpeg 768w, https:\/\/lacartebuissonniere.fr\/wp-content\/uploads\/2024\/02\/8306AFF4-15DC-4473-A098-8AA29812B740_1_105_c-600x342.jpeg 600w, https:\/\/lacartebuissonniere.fr\/wp-content\/uploads\/2024\/02\/8306AFF4-15DC-4473-A098-8AA29812B740_1_105_c.jpeg 1172w\" sizes=\"auto, (max-width: 1024px) 100vw, 1024px\" \/><\/figure>\n<\/div>\n\n\n<p><\/p>\n\n\n\n<p>La nymphe arbore dans sa chevelure un pavot, symbole de sommeil et de mort.<br>Et des narcisses poussent d\u00e9j\u00e0 aux pieds du jeune homme.<\/p>\n\n\n\n<h2 class=\"wp-block-heading\">Narcissus spp.<\/h2>\n\n\n\n<p>Ce nom latin d\u00e9signe des plantes vivaces dont les plus connues sont les jonquilles. Elles comportent une trompette centrale \u00e9mergeant d\u2019une corolle de six p\u00e9tales. Leurs coloris m\u00ealent le blanc, le jaune et l\u2019orang\u00e9.<\/p>\n\n\n<div class=\"wp-block-image\">\n<figure class=\"aligncenter size-full\"><img loading=\"lazy\" decoding=\"async\" width=\"788\" height=\"775\" src=\"https:\/\/lacartebuissonniere.fr\/wp-content\/uploads\/2024\/02\/92796352-1D52-4579-A672-605E2898B487.jpeg\" alt=\"\" class=\"wp-image-4923\" srcset=\"https:\/\/lacartebuissonniere.fr\/wp-content\/uploads\/2024\/02\/92796352-1D52-4579-A672-605E2898B487.jpeg 788w, https:\/\/lacartebuissonniere.fr\/wp-content\/uploads\/2024\/02\/92796352-1D52-4579-A672-605E2898B487-300x295.jpeg 300w, https:\/\/lacartebuissonniere.fr\/wp-content\/uploads\/2024\/02\/92796352-1D52-4579-A672-605E2898B487-768x755.jpeg 768w, https:\/\/lacartebuissonniere.fr\/wp-content\/uploads\/2024\/02\/92796352-1D52-4579-A672-605E2898B487-600x590.jpeg 600w\" sizes=\"auto, (max-width: 788px) 100vw, 788px\" \/><figcaption class=\"wp-element-caption\">\u00a9 Genet, <a href=\"https:\/\/creativecommons.org\/licenses\/by-sa\/3.0\" target=\"_blank\" rel=\"noreferrer noopener\">CC BY-SA 3.0,<\/a> via Wikimedia Commons<\/figcaption><\/figure>\n<\/div>\n\n\n<p><\/p>\n\n\n\n<p>Attention toutefois, les narcisses sont toxiques par ingestion et parfois par contact.<\/p>\n\n\n\n<p>En revanche, vous pouvez envoyer mes cartes buissonni\u00e8res en toute s\u00e9curit\u00e9&nbsp;!<\/p>\n\n\n<div class=\"wp-block-image\">\n<figure class=\"aligncenter size-full\"><img loading=\"lazy\" decoding=\"async\" width=\"1024\" height=\"768\" src=\"https:\/\/lacartebuissonniere.fr\/wp-content\/uploads\/2024\/02\/FAD49F23-9414-4120-8EC3-365CE5A18044_1_105_c.jpeg\" alt=\"\" class=\"wp-image-4924\" srcset=\"https:\/\/lacartebuissonniere.fr\/wp-content\/uploads\/2024\/02\/FAD49F23-9414-4120-8EC3-365CE5A18044_1_105_c.jpeg 1024w, https:\/\/lacartebuissonniere.fr\/wp-content\/uploads\/2024\/02\/FAD49F23-9414-4120-8EC3-365CE5A18044_1_105_c-300x225.jpeg 300w, https:\/\/lacartebuissonniere.fr\/wp-content\/uploads\/2024\/02\/FAD49F23-9414-4120-8EC3-365CE5A18044_1_105_c-768x576.jpeg 768w, https:\/\/lacartebuissonniere.fr\/wp-content\/uploads\/2024\/02\/FAD49F23-9414-4120-8EC3-365CE5A18044_1_105_c-600x450.jpeg 600w\" sizes=\"auto, (max-width: 1024px) 100vw, 1024px\" \/><\/figure>\n<\/div>","protected":false},"excerpt":{"rendered":"<p>Dans le calendrier r\u00e9publicain fran\u00e7ais, le 11e\u00a0jour du mois de vent\u00f4se, souvent notre 1er mars, \u00e9tait d\u00e9nomm\u00e9 jour du narcisse. Dans Les M\u00e9tamorphoses, Ovide donne sa version de la naissance du narcisse, comme il le fait pour l\u2019an\u00e9mone, l\u2019hyacinthe ou la couleur sombre des m\u00fbres. \u00c0 la naissance de Narcisse, le devin Tir\u00e9sias, \u00e0 qui [&hellip;]<\/p>\n","protected":false},"author":2,"featured_media":0,"comment_status":"open","ping_status":"open","sticky":false,"template":"","format":"standard","meta":{"two_page_speed":[],"footnotes":""},"categories":[16,17,18],"tags":[],"class_list":["post-4920","post","type-post","status-publish","format-standard","hentry","category-flaneries","category-flaneries-botaniques","category-flaneries-culturelles","entry"],"yoast_head":"<!-- This site is optimized with the Yoast SEO plugin v25.4 - https:\/\/yoast.com\/wordpress\/plugins\/seo\/ -->\n<title>Sous le signe du narcisse - La carte buissonni\u00e8re<\/title>\n<meta name=\"robots\" content=\"index, follow, max-snippet:-1, max-image-preview:large, max-video-preview:-1\" \/>\n<link rel=\"canonical\" href=\"https:\/\/lacartebuissonniere.fr\/index.php\/2024\/03\/01\/sous-le-signe-du-narcisse\/\" \/>\n<meta property=\"og:locale\" content=\"fr_FR\" \/>\n<meta property=\"og:type\" content=\"article\" \/>\n<meta property=\"og:title\" content=\"Sous le signe du narcisse - La carte buissonni\u00e8re\" \/>\n<meta property=\"og:description\" content=\"Dans le calendrier r\u00e9publicain fran\u00e7ais, le 11e\u00a0jour du mois de vent\u00f4se, souvent notre 1er mars, \u00e9tait d\u00e9nomm\u00e9 jour du narcisse. Dans Les M\u00e9tamorphoses, Ovide donne sa version de la naissance du narcisse, comme il le fait pour l\u2019an\u00e9mone, l\u2019hyacinthe ou la couleur sombre des m\u00fbres. \u00c0 la naissance de Narcisse, le devin Tir\u00e9sias, \u00e0 qui [&hellip;]\" \/>\n<meta property=\"og:url\" content=\"https:\/\/lacartebuissonniere.fr\/index.php\/2024\/03\/01\/sous-le-signe-du-narcisse\/\" \/>\n<meta property=\"og:site_name\" content=\"La carte buissonni\u00e8re\" \/>\n<meta property=\"article:publisher\" content=\"https:\/\/www.facebook.com\/lacartebuissonniere\/\" \/>\n<meta property=\"article:published_time\" content=\"2024-03-01T08:00:00+00:00\" \/>\n<meta property=\"og:image\" content=\"https:\/\/lacartebuissonniere.fr\/wp-content\/uploads\/2024\/02\/B8FE8826-F3C1-4A7F-8A04-C295005B71B7_1_201_a.jpeg\" \/>\n<meta name=\"author\" content=\"Carte buissonni\u00e8re\" \/>\n<meta name=\"twitter:card\" content=\"summary_large_image\" \/>\n<meta name=\"twitter:label1\" content=\"\u00c9crit par\" \/>\n\t<meta name=\"twitter:data1\" content=\"Carte buissonni\u00e8re\" \/>\n\t<meta name=\"twitter:label2\" content=\"Dur\u00e9e de lecture estim\u00e9e\" \/>\n\t<meta name=\"twitter:data2\" content=\"3 minutes\" \/>\n<script type=\"application\/ld+json\" class=\"yoast-schema-graph\">{\"@context\":\"https:\/\/schema.org\",\"@graph\":[{\"@type\":\"Article\",\"@id\":\"https:\/\/lacartebuissonniere.fr\/index.php\/2024\/03\/01\/sous-le-signe-du-narcisse\/#article\",\"isPartOf\":{\"@id\":\"https:\/\/lacartebuissonniere.fr\/index.php\/2024\/03\/01\/sous-le-signe-du-narcisse\/\"},\"author\":{\"name\":\"Carte buissonni\u00e8re\",\"@id\":\"https:\/\/lacartebuissonniere.fr\/#\/schema\/person\/4e60af809837a2287e4f6d4daaf7abd4\"},\"headline\":\"Sous le signe du narcisse\",\"datePublished\":\"2024-03-01T08:00:00+00:00\",\"mainEntityOfPage\":{\"@id\":\"https:\/\/lacartebuissonniere.fr\/index.php\/2024\/03\/01\/sous-le-signe-du-narcisse\/\"},\"wordCount\":350,\"commentCount\":2,\"publisher\":{\"@id\":\"https:\/\/lacartebuissonniere.fr\/#organization\"},\"image\":{\"@id\":\"https:\/\/lacartebuissonniere.fr\/index.php\/2024\/03\/01\/sous-le-signe-du-narcisse\/#primaryimage\"},\"thumbnailUrl\":\"https:\/\/lacartebuissonniere.fr\/wp-content\/uploads\/2024\/02\/B8FE8826-F3C1-4A7F-8A04-C295005B71B7_1_201_a.jpeg\",\"articleSection\":[\"FL\u00c2NERIES\",\"Fl\u00e2neries botaniques\",\"Fl\u00e2neries culturelles\"],\"inLanguage\":\"fr-FR\",\"potentialAction\":[{\"@type\":\"CommentAction\",\"name\":\"Comment\",\"target\":[\"https:\/\/lacartebuissonniere.fr\/index.php\/2024\/03\/01\/sous-le-signe-du-narcisse\/#respond\"]}]},{\"@type\":\"WebPage\",\"@id\":\"https:\/\/lacartebuissonniere.fr\/index.php\/2024\/03\/01\/sous-le-signe-du-narcisse\/\",\"url\":\"https:\/\/lacartebuissonniere.fr\/index.php\/2024\/03\/01\/sous-le-signe-du-narcisse\/\",\"name\":\"Sous le signe du narcisse - La carte buissonni\u00e8re\",\"isPartOf\":{\"@id\":\"https:\/\/lacartebuissonniere.fr\/#website\"},\"primaryImageOfPage\":{\"@id\":\"https:\/\/lacartebuissonniere.fr\/index.php\/2024\/03\/01\/sous-le-signe-du-narcisse\/#primaryimage\"},\"image\":{\"@id\":\"https:\/\/lacartebuissonniere.fr\/index.php\/2024\/03\/01\/sous-le-signe-du-narcisse\/#primaryimage\"},\"thumbnailUrl\":\"https:\/\/lacartebuissonniere.fr\/wp-content\/uploads\/2024\/02\/B8FE8826-F3C1-4A7F-8A04-C295005B71B7_1_201_a.jpeg\",\"datePublished\":\"2024-03-01T08:00:00+00:00\",\"breadcrumb\":{\"@id\":\"https:\/\/lacartebuissonniere.fr\/index.php\/2024\/03\/01\/sous-le-signe-du-narcisse\/#breadcrumb\"},\"inLanguage\":\"fr-FR\",\"potentialAction\":[{\"@type\":\"ReadAction\",\"target\":[\"https:\/\/lacartebuissonniere.fr\/index.php\/2024\/03\/01\/sous-le-signe-du-narcisse\/\"]}]},{\"@type\":\"ImageObject\",\"inLanguage\":\"fr-FR\",\"@id\":\"https:\/\/lacartebuissonniere.fr\/index.php\/2024\/03\/01\/sous-le-signe-du-narcisse\/#primaryimage\",\"url\":\"https:\/\/lacartebuissonniere.fr\/wp-content\/uploads\/2024\/02\/B8FE8826-F3C1-4A7F-8A04-C295005B71B7_1_201_a.jpeg\",\"contentUrl\":\"https:\/\/lacartebuissonniere.fr\/wp-content\/uploads\/2024\/02\/B8FE8826-F3C1-4A7F-8A04-C295005B71B7_1_201_a.jpeg\",\"width\":877,\"height\":584},{\"@type\":\"BreadcrumbList\",\"@id\":\"https:\/\/lacartebuissonniere.fr\/index.php\/2024\/03\/01\/sous-le-signe-du-narcisse\/#breadcrumb\",\"itemListElement\":[{\"@type\":\"ListItem\",\"position\":1,\"name\":\"Accueil\",\"item\":\"https:\/\/lacartebuissonniere.fr\/\"},{\"@type\":\"ListItem\",\"position\":2,\"name\":\"Sous le signe du narcisse\"}]},{\"@type\":\"WebSite\",\"@id\":\"https:\/\/lacartebuissonniere.fr\/#website\",\"url\":\"https:\/\/lacartebuissonniere.fr\/\",\"name\":\"La carte buissonni\u00e8re\",\"description\":\"\",\"publisher\":{\"@id\":\"https:\/\/lacartebuissonniere.fr\/#organization\"},\"potentialAction\":[{\"@type\":\"SearchAction\",\"target\":{\"@type\":\"EntryPoint\",\"urlTemplate\":\"https:\/\/lacartebuissonniere.fr\/?s={search_term_string}\"},\"query-input\":{\"@type\":\"PropertyValueSpecification\",\"valueRequired\":true,\"valueName\":\"search_term_string\"}}],\"inLanguage\":\"fr-FR\"},{\"@type\":\"Organization\",\"@id\":\"https:\/\/lacartebuissonniere.fr\/#organization\",\"name\":\"La carte buissonni\u00e8re\",\"url\":\"https:\/\/lacartebuissonniere.fr\/\",\"logo\":{\"@type\":\"ImageObject\",\"inLanguage\":\"fr-FR\",\"@id\":\"https:\/\/lacartebuissonniere.fr\/#\/schema\/logo\/image\/\",\"url\":\"https:\/\/lacartebuissonniere.fr\/wp-content\/uploads\/2022\/12\/Illustration-sans-titre.jpg\",\"contentUrl\":\"https:\/\/lacartebuissonniere.fr\/wp-content\/uploads\/2022\/12\/Illustration-sans-titre.jpg\",\"width\":637,\"height\":680,\"caption\":\"La carte buissonni\u00e8re\"},\"image\":{\"@id\":\"https:\/\/lacartebuissonniere.fr\/#\/schema\/logo\/image\/\"},\"sameAs\":[\"https:\/\/www.facebook.com\/lacartebuissonniere\/\",\"https:\/\/www.pinterest.fr\/DelphChabanne\/\"]},{\"@type\":\"Person\",\"@id\":\"https:\/\/lacartebuissonniere.fr\/#\/schema\/person\/4e60af809837a2287e4f6d4daaf7abd4\",\"name\":\"Carte buissonni\u00e8re\",\"image\":{\"@type\":\"ImageObject\",\"inLanguage\":\"fr-FR\",\"@id\":\"https:\/\/lacartebuissonniere.fr\/#\/schema\/person\/image\/\",\"url\":\"https:\/\/secure.gravatar.com\/avatar\/b543b5e0f093efbab3dfee8595bf9077ed504ab48ffeb378c9dc263381c278e6?s=96&d=mm&r=g\",\"contentUrl\":\"https:\/\/secure.gravatar.com\/avatar\/b543b5e0f093efbab3dfee8595bf9077ed504ab48ffeb378c9dc263381c278e6?s=96&d=mm&r=g\",\"caption\":\"Carte buissonni\u00e8re\"},\"sameAs\":[\"http:\/\/lacartebuissonniere.fr\"],\"url\":\"https:\/\/lacartebuissonniere.fr\/index.php\/author\/carteb\/\"}]}<\/script>\n<!-- \/ Yoast SEO plugin. -->","yoast_head_json":{"title":"Sous le signe du narcisse - La carte buissonni\u00e8re","robots":{"index":"index","follow":"follow","max-snippet":"max-snippet:-1","max-image-preview":"max-image-preview:large","max-video-preview":"max-video-preview:-1"},"canonical":"https:\/\/lacartebuissonniere.fr\/index.php\/2024\/03\/01\/sous-le-signe-du-narcisse\/","og_locale":"fr_FR","og_type":"article","og_title":"Sous le signe du narcisse - La carte buissonni\u00e8re","og_description":"Dans le calendrier r\u00e9publicain fran\u00e7ais, le 11e\u00a0jour du mois de vent\u00f4se, souvent notre 1er mars, \u00e9tait d\u00e9nomm\u00e9 jour du narcisse. Dans Les M\u00e9tamorphoses, Ovide donne sa version de la naissance du narcisse, comme il le fait pour l\u2019an\u00e9mone, l\u2019hyacinthe ou la couleur sombre des m\u00fbres. \u00c0 la naissance de Narcisse, le devin Tir\u00e9sias, \u00e0 qui [&hellip;]","og_url":"https:\/\/lacartebuissonniere.fr\/index.php\/2024\/03\/01\/sous-le-signe-du-narcisse\/","og_site_name":"La carte buissonni\u00e8re","article_publisher":"https:\/\/www.facebook.com\/lacartebuissonniere\/","article_published_time":"2024-03-01T08:00:00+00:00","og_image":[{"url":"https:\/\/lacartebuissonniere.fr\/wp-content\/uploads\/2024\/02\/B8FE8826-F3C1-4A7F-8A04-C295005B71B7_1_201_a.jpeg","type":"","width":"","height":""}],"author":"Carte buissonni\u00e8re","twitter_card":"summary_large_image","twitter_misc":{"\u00c9crit par":"Carte buissonni\u00e8re","Dur\u00e9e de lecture estim\u00e9e":"3 minutes"},"schema":{"@context":"https:\/\/schema.org","@graph":[{"@type":"Article","@id":"https:\/\/lacartebuissonniere.fr\/index.php\/2024\/03\/01\/sous-le-signe-du-narcisse\/#article","isPartOf":{"@id":"https:\/\/lacartebuissonniere.fr\/index.php\/2024\/03\/01\/sous-le-signe-du-narcisse\/"},"author":{"name":"Carte buissonni\u00e8re","@id":"https:\/\/lacartebuissonniere.fr\/#\/schema\/person\/4e60af809837a2287e4f6d4daaf7abd4"},"headline":"Sous le signe du narcisse","datePublished":"2024-03-01T08:00:00+00:00","mainEntityOfPage":{"@id":"https:\/\/lacartebuissonniere.fr\/index.php\/2024\/03\/01\/sous-le-signe-du-narcisse\/"},"wordCount":350,"commentCount":2,"publisher":{"@id":"https:\/\/lacartebuissonniere.fr\/#organization"},"image":{"@id":"https:\/\/lacartebuissonniere.fr\/index.php\/2024\/03\/01\/sous-le-signe-du-narcisse\/#primaryimage"},"thumbnailUrl":"https:\/\/lacartebuissonniere.fr\/wp-content\/uploads\/2024\/02\/B8FE8826-F3C1-4A7F-8A04-C295005B71B7_1_201_a.jpeg","articleSection":["FL\u00c2NERIES","Fl\u00e2neries botaniques","Fl\u00e2neries culturelles"],"inLanguage":"fr-FR","potentialAction":[{"@type":"CommentAction","name":"Comment","target":["https:\/\/lacartebuissonniere.fr\/index.php\/2024\/03\/01\/sous-le-signe-du-narcisse\/#respond"]}]},{"@type":"WebPage","@id":"https:\/\/lacartebuissonniere.fr\/index.php\/2024\/03\/01\/sous-le-signe-du-narcisse\/","url":"https:\/\/lacartebuissonniere.fr\/index.php\/2024\/03\/01\/sous-le-signe-du-narcisse\/","name":"Sous le signe du narcisse - La carte buissonni\u00e8re","isPartOf":{"@id":"https:\/\/lacartebuissonniere.fr\/#website"},"primaryImageOfPage":{"@id":"https:\/\/lacartebuissonniere.fr\/index.php\/2024\/03\/01\/sous-le-signe-du-narcisse\/#primaryimage"},"image":{"@id":"https:\/\/lacartebuissonniere.fr\/index.php\/2024\/03\/01\/sous-le-signe-du-narcisse\/#primaryimage"},"thumbnailUrl":"https:\/\/lacartebuissonniere.fr\/wp-content\/uploads\/2024\/02\/B8FE8826-F3C1-4A7F-8A04-C295005B71B7_1_201_a.jpeg","datePublished":"2024-03-01T08:00:00+00:00","breadcrumb":{"@id":"https:\/\/lacartebuissonniere.fr\/index.php\/2024\/03\/01\/sous-le-signe-du-narcisse\/#breadcrumb"},"inLanguage":"fr-FR","potentialAction":[{"@type":"ReadAction","target":["https:\/\/lacartebuissonniere.fr\/index.php\/2024\/03\/01\/sous-le-signe-du-narcisse\/"]}]},{"@type":"ImageObject","inLanguage":"fr-FR","@id":"https:\/\/lacartebuissonniere.fr\/index.php\/2024\/03\/01\/sous-le-signe-du-narcisse\/#primaryimage","url":"https:\/\/lacartebuissonniere.fr\/wp-content\/uploads\/2024\/02\/B8FE8826-F3C1-4A7F-8A04-C295005B71B7_1_201_a.jpeg","contentUrl":"https:\/\/lacartebuissonniere.fr\/wp-content\/uploads\/2024\/02\/B8FE8826-F3C1-4A7F-8A04-C295005B71B7_1_201_a.jpeg","width":877,"height":584},{"@type":"BreadcrumbList","@id":"https:\/\/lacartebuissonniere.fr\/index.php\/2024\/03\/01\/sous-le-signe-du-narcisse\/#breadcrumb","itemListElement":[{"@type":"ListItem","position":1,"name":"Accueil","item":"https:\/\/lacartebuissonniere.fr\/"},{"@type":"ListItem","position":2,"name":"Sous le signe du narcisse"}]},{"@type":"WebSite","@id":"https:\/\/lacartebuissonniere.fr\/#website","url":"https:\/\/lacartebuissonniere.fr\/","name":"La carte buissonni\u00e8re","description":"","publisher":{"@id":"https:\/\/lacartebuissonniere.fr\/#organization"},"potentialAction":[{"@type":"SearchAction","target":{"@type":"EntryPoint","urlTemplate":"https:\/\/lacartebuissonniere.fr\/?s={search_term_string}"},"query-input":{"@type":"PropertyValueSpecification","valueRequired":true,"valueName":"search_term_string"}}],"inLanguage":"fr-FR"},{"@type":"Organization","@id":"https:\/\/lacartebuissonniere.fr\/#organization","name":"La carte buissonni\u00e8re","url":"https:\/\/lacartebuissonniere.fr\/","logo":{"@type":"ImageObject","inLanguage":"fr-FR","@id":"https:\/\/lacartebuissonniere.fr\/#\/schema\/logo\/image\/","url":"https:\/\/lacartebuissonniere.fr\/wp-content\/uploads\/2022\/12\/Illustration-sans-titre.jpg","contentUrl":"https:\/\/lacartebuissonniere.fr\/wp-content\/uploads\/2022\/12\/Illustration-sans-titre.jpg","width":637,"height":680,"caption":"La carte buissonni\u00e8re"},"image":{"@id":"https:\/\/lacartebuissonniere.fr\/#\/schema\/logo\/image\/"},"sameAs":["https:\/\/www.facebook.com\/lacartebuissonniere\/","https:\/\/www.pinterest.fr\/DelphChabanne\/"]},{"@type":"Person","@id":"https:\/\/lacartebuissonniere.fr\/#\/schema\/person\/4e60af809837a2287e4f6d4daaf7abd4","name":"Carte buissonni\u00e8re","image":{"@type":"ImageObject","inLanguage":"fr-FR","@id":"https:\/\/lacartebuissonniere.fr\/#\/schema\/person\/image\/","url":"https:\/\/secure.gravatar.com\/avatar\/b543b5e0f093efbab3dfee8595bf9077ed504ab48ffeb378c9dc263381c278e6?s=96&d=mm&r=g","contentUrl":"https:\/\/secure.gravatar.com\/avatar\/b543b5e0f093efbab3dfee8595bf9077ed504ab48ffeb378c9dc263381c278e6?s=96&d=mm&r=g","caption":"Carte buissonni\u00e8re"},"sameAs":["http:\/\/lacartebuissonniere.fr"],"url":"https:\/\/lacartebuissonniere.fr\/index.php\/author\/carteb\/"}]}},"_links":{"self":[{"href":"https:\/\/lacartebuissonniere.fr\/index.php\/wp-json\/wp\/v2\/posts\/4920","targetHints":{"allow":["GET"]}}],"collection":[{"href":"https:\/\/lacartebuissonniere.fr\/index.php\/wp-json\/wp\/v2\/posts"}],"about":[{"href":"https:\/\/lacartebuissonniere.fr\/index.php\/wp-json\/wp\/v2\/types\/post"}],"author":[{"embeddable":true,"href":"https:\/\/lacartebuissonniere.fr\/index.php\/wp-json\/wp\/v2\/users\/2"}],"replies":[{"embeddable":true,"href":"https:\/\/lacartebuissonniere.fr\/index.php\/wp-json\/wp\/v2\/comments?post=4920"}],"version-history":[{"count":1,"href":"https:\/\/lacartebuissonniere.fr\/index.php\/wp-json\/wp\/v2\/posts\/4920\/revisions"}],"predecessor-version":[{"id":4925,"href":"https:\/\/lacartebuissonniere.fr\/index.php\/wp-json\/wp\/v2\/posts\/4920\/revisions\/4925"}],"wp:attachment":[{"href":"https:\/\/lacartebuissonniere.fr\/index.php\/wp-json\/wp\/v2\/media?parent=4920"}],"wp:term":[{"taxonomy":"category","embeddable":true,"href":"https:\/\/lacartebuissonniere.fr\/index.php\/wp-json\/wp\/v2\/categories?post=4920"},{"taxonomy":"post_tag","embeddable":true,"href":"https:\/\/lacartebuissonniere.fr\/index.php\/wp-json\/wp\/v2\/tags?post=4920"}],"curies":[{"name":"wp","href":"https:\/\/api.w.org\/{rel}","templated":true}]}}