{"id":4953,"date":"2024-03-05T09:00:00","date_gmt":"2024-03-05T08:00:00","guid":{"rendered":"https:\/\/lacartebuissonniere.fr\/?p=4953"},"modified":"2024-02-05T20:49:45","modified_gmt":"2024-02-05T19:49:45","slug":"jaune-violet","status":"publish","type":"post","link":"https:\/\/lacartebuissonniere.fr\/index.php\/2024\/03\/05\/jaune-violet\/","title":{"rendered":"Jaune &#038; violet"},"content":{"rendered":"\n<p><\/p>\n\n\n\n<p>L\u2019association du jaune et du violet me fait songer \u00e0 deux huiles de Franti\u0161ek Kupka, <em>Amorpha, chromatique chaude<\/em> et <em><a href=\"https:\/\/lacartebuissonniere.fr\/index.php\/2022\/12\/19\/ordonnance-sur-verticales-en-jaune\/\" target=\"_blank\" rel=\"noreferrer noopener\">Ordonnance sur verticales en jaune<\/a><\/em>, peintes entre 1911 et 1913\u00a0:<\/p>\n\n\n\n<figure class=\"wp-block-gallery has-nested-images columns-default is-cropped wp-block-gallery-1 is-layout-flex wp-block-gallery-is-layout-flex\">\n<figure class=\"wp-block-image size-large\"><img loading=\"lazy\" decoding=\"async\" width=\"589\" height=\"648\" data-id=\"4955\" src=\"https:\/\/lacartebuissonniere.fr\/wp-content\/uploads\/2024\/02\/BCD14A6B-08A6-4127-AFB3-401875238D01_1_201_a.jpeg\" alt=\"\" class=\"wp-image-4955\" srcset=\"https:\/\/lacartebuissonniere.fr\/wp-content\/uploads\/2024\/02\/BCD14A6B-08A6-4127-AFB3-401875238D01_1_201_a.jpeg 589w, https:\/\/lacartebuissonniere.fr\/wp-content\/uploads\/2024\/02\/BCD14A6B-08A6-4127-AFB3-401875238D01_1_201_a-273x300.jpeg 273w, https:\/\/lacartebuissonniere.fr\/wp-content\/uploads\/2024\/02\/BCD14A6B-08A6-4127-AFB3-401875238D01_1_201_a-545x600.jpeg 545w\" sizes=\"auto, (max-width: 589px) 100vw, 589px\" \/><\/figure>\n\n\n\n<figure class=\"wp-block-image size-large\"><img loading=\"lazy\" decoding=\"async\" width=\"1024\" height=\"1018\" data-id=\"4954\" src=\"https:\/\/lacartebuissonniere.fr\/wp-content\/uploads\/2024\/02\/F90B56D7-25CB-47F9-8118-55D3A1502CFC_1_201_a-1024x1018.jpeg\" alt=\"\" class=\"wp-image-4954\" srcset=\"https:\/\/lacartebuissonniere.fr\/wp-content\/uploads\/2024\/02\/F90B56D7-25CB-47F9-8118-55D3A1502CFC_1_201_a-1024x1018.jpeg 1024w, https:\/\/lacartebuissonniere.fr\/wp-content\/uploads\/2024\/02\/F90B56D7-25CB-47F9-8118-55D3A1502CFC_1_201_a-300x298.jpeg 300w, https:\/\/lacartebuissonniere.fr\/wp-content\/uploads\/2024\/02\/F90B56D7-25CB-47F9-8118-55D3A1502CFC_1_201_a-150x150.jpeg 150w, https:\/\/lacartebuissonniere.fr\/wp-content\/uploads\/2024\/02\/F90B56D7-25CB-47F9-8118-55D3A1502CFC_1_201_a-768x763.jpeg 768w, https:\/\/lacartebuissonniere.fr\/wp-content\/uploads\/2024\/02\/F90B56D7-25CB-47F9-8118-55D3A1502CFC_1_201_a-1536x1526.jpeg 1536w, https:\/\/lacartebuissonniere.fr\/wp-content\/uploads\/2024\/02\/F90B56D7-25CB-47F9-8118-55D3A1502CFC_1_201_a-2048x2035.jpeg 2048w, https:\/\/lacartebuissonniere.fr\/wp-content\/uploads\/2024\/02\/F90B56D7-25CB-47F9-8118-55D3A1502CFC_1_201_a-600x596.jpeg 600w\" sizes=\"auto, (max-width: 1024px) 100vw, 1024px\" \/><\/figure>\n<\/figure>\n\n\n\n<p><\/p>\n\n\n\n<p>Ce contraste m\u2019a inspir\u00e9 quelques cartes buissonni\u00e8res\u00a0:<\/p>\n\n\n\n<figure class=\"wp-block-gallery has-nested-images columns-default is-cropped wp-block-gallery-2 is-layout-flex wp-block-gallery-is-layout-flex\">\n<figure class=\"wp-block-image size-large\"><img loading=\"lazy\" decoding=\"async\" width=\"1024\" height=\"766\" data-id=\"4957\" src=\"https:\/\/lacartebuissonniere.fr\/wp-content\/uploads\/2024\/02\/15D7A1B9-B90F-459B-BDD2-D10360E3D9FC_1_105_c.jpeg\" alt=\"\" class=\"wp-image-4957\" srcset=\"https:\/\/lacartebuissonniere.fr\/wp-content\/uploads\/2024\/02\/15D7A1B9-B90F-459B-BDD2-D10360E3D9FC_1_105_c.jpeg 1024w, https:\/\/lacartebuissonniere.fr\/wp-content\/uploads\/2024\/02\/15D7A1B9-B90F-459B-BDD2-D10360E3D9FC_1_105_c-300x224.jpeg 300w, https:\/\/lacartebuissonniere.fr\/wp-content\/uploads\/2024\/02\/15D7A1B9-B90F-459B-BDD2-D10360E3D9FC_1_105_c-768x575.jpeg 768w, https:\/\/lacartebuissonniere.fr\/wp-content\/uploads\/2024\/02\/15D7A1B9-B90F-459B-BDD2-D10360E3D9FC_1_105_c-600x449.jpeg 600w\" sizes=\"auto, (max-width: 1024px) 100vw, 1024px\" \/><\/figure>\n\n\n\n<figure class=\"wp-block-image size-large\"><img loading=\"lazy\" decoding=\"async\" width=\"1025\" height=\"767\" data-id=\"4956\" src=\"https:\/\/lacartebuissonniere.fr\/wp-content\/uploads\/2024\/02\/07DACBDD-F2E9-4A3E-82EC-81852528BFA3_1_105_c.jpeg\" alt=\"\" class=\"wp-image-4956\" srcset=\"https:\/\/lacartebuissonniere.fr\/wp-content\/uploads\/2024\/02\/07DACBDD-F2E9-4A3E-82EC-81852528BFA3_1_105_c.jpeg 1025w, https:\/\/lacartebuissonniere.fr\/wp-content\/uploads\/2024\/02\/07DACBDD-F2E9-4A3E-82EC-81852528BFA3_1_105_c-300x224.jpeg 300w, https:\/\/lacartebuissonniere.fr\/wp-content\/uploads\/2024\/02\/07DACBDD-F2E9-4A3E-82EC-81852528BFA3_1_105_c-768x575.jpeg 768w, https:\/\/lacartebuissonniere.fr\/wp-content\/uploads\/2024\/02\/07DACBDD-F2E9-4A3E-82EC-81852528BFA3_1_105_c-600x449.jpeg 600w\" sizes=\"auto, (max-width: 1025px) 100vw, 1025px\" \/><\/figure>\n<\/figure>\n","protected":false},"excerpt":{"rendered":"<p>L\u2019association du jaune et du violet me fait songer \u00e0 deux huiles de Franti\u0161ek Kupka, Amorpha, chromatique chaude et Ordonnance sur verticales en jaune, peintes entre 1911 et 1913\u00a0: Ce contraste m\u2019a inspir\u00e9 quelques cartes buissonni\u00e8res\u00a0:<\/p>\n","protected":false},"author":2,"featured_media":0,"comment_status":"open","ping_status":"open","sticky":false,"template":"","format":"standard","meta":{"two_page_speed":[],"footnotes":""},"categories":[15,16,18],"tags":[],"class_list":["post-4953","post","type-post","status-publish","format-standard","hentry","category-coulisses","category-flaneries","category-flaneries-culturelles","entry"],"yoast_head":"<!-- This site is optimized with the Yoast SEO plugin v25.4 - https:\/\/yoast.com\/wordpress\/plugins\/seo\/ -->\n<title>Jaune &amp; violet - La carte buissonni\u00e8re<\/title>\n<meta name=\"robots\" content=\"index, follow, max-snippet:-1, max-image-preview:large, max-video-preview:-1\" \/>\n<link rel=\"canonical\" href=\"https:\/\/lacartebuissonniere.fr\/index.php\/2024\/03\/05\/jaune-violet\/\" \/>\n<meta property=\"og:locale\" content=\"fr_FR\" \/>\n<meta property=\"og:type\" content=\"article\" \/>\n<meta property=\"og:title\" content=\"Jaune &amp; violet - La carte buissonni\u00e8re\" \/>\n<meta property=\"og:description\" content=\"L\u2019association du jaune et du violet me fait songer \u00e0 deux huiles de Franti\u0161ek Kupka, Amorpha, chromatique chaude et Ordonnance sur verticales en jaune, peintes entre 1911 et 1913\u00a0: Ce contraste m\u2019a inspir\u00e9 quelques cartes buissonni\u00e8res\u00a0:\" \/>\n<meta property=\"og:url\" content=\"https:\/\/lacartebuissonniere.fr\/index.php\/2024\/03\/05\/jaune-violet\/\" \/>\n<meta property=\"og:site_name\" content=\"La carte buissonni\u00e8re\" \/>\n<meta property=\"article:publisher\" content=\"https:\/\/www.facebook.com\/lacartebuissonniere\/\" \/>\n<meta property=\"article:published_time\" content=\"2024-03-05T08:00:00+00:00\" \/>\n<meta property=\"og:image\" content=\"https:\/\/lacartebuissonniere.fr\/wp-content\/uploads\/2024\/02\/BCD14A6B-08A6-4127-AFB3-401875238D01_1_201_a.jpeg\" \/>\n<meta name=\"author\" content=\"Carte buissonni\u00e8re\" \/>\n<meta name=\"twitter:card\" content=\"summary_large_image\" \/>\n<meta name=\"twitter:label1\" content=\"\u00c9crit par\" \/>\n\t<meta name=\"twitter:data1\" content=\"Carte buissonni\u00e8re\" \/>\n\t<meta name=\"twitter:label2\" content=\"Dur\u00e9e de lecture estim\u00e9e\" \/>\n\t<meta name=\"twitter:data2\" content=\"1 minute\" \/>\n<script type=\"application\/ld+json\" class=\"yoast-schema-graph\">{\"@context\":\"https:\/\/schema.org\",\"@graph\":[{\"@type\":\"Article\",\"@id\":\"https:\/\/lacartebuissonniere.fr\/index.php\/2024\/03\/05\/jaune-violet\/#article\",\"isPartOf\":{\"@id\":\"https:\/\/lacartebuissonniere.fr\/index.php\/2024\/03\/05\/jaune-violet\/\"},\"author\":{\"name\":\"Carte buissonni\u00e8re\",\"@id\":\"https:\/\/lacartebuissonniere.fr\/#\/schema\/person\/4e60af809837a2287e4f6d4daaf7abd4\"},\"headline\":\"Jaune &#038; violet\",\"datePublished\":\"2024-03-05T08:00:00+00:00\",\"mainEntityOfPage\":{\"@id\":\"https:\/\/lacartebuissonniere.fr\/index.php\/2024\/03\/05\/jaune-violet\/\"},\"wordCount\":39,\"commentCount\":0,\"publisher\":{\"@id\":\"https:\/\/lacartebuissonniere.fr\/#organization\"},\"image\":{\"@id\":\"https:\/\/lacartebuissonniere.fr\/index.php\/2024\/03\/05\/jaune-violet\/#primaryimage\"},\"thumbnailUrl\":\"https:\/\/lacartebuissonniere.fr\/wp-content\/uploads\/2024\/02\/BCD14A6B-08A6-4127-AFB3-401875238D01_1_201_a.jpeg\",\"articleSection\":[\"COULISSES\",\"FL\u00c2NERIES\",\"Fl\u00e2neries culturelles\"],\"inLanguage\":\"fr-FR\",\"potentialAction\":[{\"@type\":\"CommentAction\",\"name\":\"Comment\",\"target\":[\"https:\/\/lacartebuissonniere.fr\/index.php\/2024\/03\/05\/jaune-violet\/#respond\"]}]},{\"@type\":\"WebPage\",\"@id\":\"https:\/\/lacartebuissonniere.fr\/index.php\/2024\/03\/05\/jaune-violet\/\",\"url\":\"https:\/\/lacartebuissonniere.fr\/index.php\/2024\/03\/05\/jaune-violet\/\",\"name\":\"Jaune & violet - La carte buissonni\u00e8re\",\"isPartOf\":{\"@id\":\"https:\/\/lacartebuissonniere.fr\/#website\"},\"primaryImageOfPage\":{\"@id\":\"https:\/\/lacartebuissonniere.fr\/index.php\/2024\/03\/05\/jaune-violet\/#primaryimage\"},\"image\":{\"@id\":\"https:\/\/lacartebuissonniere.fr\/index.php\/2024\/03\/05\/jaune-violet\/#primaryimage\"},\"thumbnailUrl\":\"https:\/\/lacartebuissonniere.fr\/wp-content\/uploads\/2024\/02\/BCD14A6B-08A6-4127-AFB3-401875238D01_1_201_a.jpeg\",\"datePublished\":\"2024-03-05T08:00:00+00:00\",\"breadcrumb\":{\"@id\":\"https:\/\/lacartebuissonniere.fr\/index.php\/2024\/03\/05\/jaune-violet\/#breadcrumb\"},\"inLanguage\":\"fr-FR\",\"potentialAction\":[{\"@type\":\"ReadAction\",\"target\":[\"https:\/\/lacartebuissonniere.fr\/index.php\/2024\/03\/05\/jaune-violet\/\"]}]},{\"@type\":\"ImageObject\",\"inLanguage\":\"fr-FR\",\"@id\":\"https:\/\/lacartebuissonniere.fr\/index.php\/2024\/03\/05\/jaune-violet\/#primaryimage\",\"url\":\"https:\/\/lacartebuissonniere.fr\/wp-content\/uploads\/2024\/02\/BCD14A6B-08A6-4127-AFB3-401875238D01_1_201_a.jpeg\",\"contentUrl\":\"https:\/\/lacartebuissonniere.fr\/wp-content\/uploads\/2024\/02\/BCD14A6B-08A6-4127-AFB3-401875238D01_1_201_a.jpeg\",\"width\":589,\"height\":648},{\"@type\":\"BreadcrumbList\",\"@id\":\"https:\/\/lacartebuissonniere.fr\/index.php\/2024\/03\/05\/jaune-violet\/#breadcrumb\",\"itemListElement\":[{\"@type\":\"ListItem\",\"position\":1,\"name\":\"Accueil\",\"item\":\"https:\/\/lacartebuissonniere.fr\/\"},{\"@type\":\"ListItem\",\"position\":2,\"name\":\"Jaune &#038; violet\"}]},{\"@type\":\"WebSite\",\"@id\":\"https:\/\/lacartebuissonniere.fr\/#website\",\"url\":\"https:\/\/lacartebuissonniere.fr\/\",\"name\":\"La carte buissonni\u00e8re\",\"description\":\"\",\"publisher\":{\"@id\":\"https:\/\/lacartebuissonniere.fr\/#organization\"},\"potentialAction\":[{\"@type\":\"SearchAction\",\"target\":{\"@type\":\"EntryPoint\",\"urlTemplate\":\"https:\/\/lacartebuissonniere.fr\/?s={search_term_string}\"},\"query-input\":{\"@type\":\"PropertyValueSpecification\",\"valueRequired\":true,\"valueName\":\"search_term_string\"}}],\"inLanguage\":\"fr-FR\"},{\"@type\":\"Organization\",\"@id\":\"https:\/\/lacartebuissonniere.fr\/#organization\",\"name\":\"La carte buissonni\u00e8re\",\"url\":\"https:\/\/lacartebuissonniere.fr\/\",\"logo\":{\"@type\":\"ImageObject\",\"inLanguage\":\"fr-FR\",\"@id\":\"https:\/\/lacartebuissonniere.fr\/#\/schema\/logo\/image\/\",\"url\":\"https:\/\/lacartebuissonniere.fr\/wp-content\/uploads\/2022\/12\/Illustration-sans-titre.jpg\",\"contentUrl\":\"https:\/\/lacartebuissonniere.fr\/wp-content\/uploads\/2022\/12\/Illustration-sans-titre.jpg\",\"width\":637,\"height\":680,\"caption\":\"La carte buissonni\u00e8re\"},\"image\":{\"@id\":\"https:\/\/lacartebuissonniere.fr\/#\/schema\/logo\/image\/\"},\"sameAs\":[\"https:\/\/www.facebook.com\/lacartebuissonniere\/\",\"https:\/\/www.pinterest.fr\/DelphChabanne\/\"]},{\"@type\":\"Person\",\"@id\":\"https:\/\/lacartebuissonniere.fr\/#\/schema\/person\/4e60af809837a2287e4f6d4daaf7abd4\",\"name\":\"Carte buissonni\u00e8re\",\"image\":{\"@type\":\"ImageObject\",\"inLanguage\":\"fr-FR\",\"@id\":\"https:\/\/lacartebuissonniere.fr\/#\/schema\/person\/image\/\",\"url\":\"https:\/\/secure.gravatar.com\/avatar\/b543b5e0f093efbab3dfee8595bf9077ed504ab48ffeb378c9dc263381c278e6?s=96&d=mm&r=g\",\"contentUrl\":\"https:\/\/secure.gravatar.com\/avatar\/b543b5e0f093efbab3dfee8595bf9077ed504ab48ffeb378c9dc263381c278e6?s=96&d=mm&r=g\",\"caption\":\"Carte buissonni\u00e8re\"},\"sameAs\":[\"http:\/\/lacartebuissonniere.fr\"],\"url\":\"https:\/\/lacartebuissonniere.fr\/index.php\/author\/carteb\/\"}]}<\/script>\n<!-- \/ Yoast SEO plugin. -->","yoast_head_json":{"title":"Jaune & violet - La carte buissonni\u00e8re","robots":{"index":"index","follow":"follow","max-snippet":"max-snippet:-1","max-image-preview":"max-image-preview:large","max-video-preview":"max-video-preview:-1"},"canonical":"https:\/\/lacartebuissonniere.fr\/index.php\/2024\/03\/05\/jaune-violet\/","og_locale":"fr_FR","og_type":"article","og_title":"Jaune & violet - La carte buissonni\u00e8re","og_description":"L\u2019association du jaune et du violet me fait songer \u00e0 deux huiles de Franti\u0161ek Kupka, Amorpha, chromatique chaude et Ordonnance sur verticales en jaune, peintes entre 1911 et 1913\u00a0: Ce contraste m\u2019a inspir\u00e9 quelques cartes buissonni\u00e8res\u00a0:","og_url":"https:\/\/lacartebuissonniere.fr\/index.php\/2024\/03\/05\/jaune-violet\/","og_site_name":"La carte buissonni\u00e8re","article_publisher":"https:\/\/www.facebook.com\/lacartebuissonniere\/","article_published_time":"2024-03-05T08:00:00+00:00","og_image":[{"url":"https:\/\/lacartebuissonniere.fr\/wp-content\/uploads\/2024\/02\/BCD14A6B-08A6-4127-AFB3-401875238D01_1_201_a.jpeg","type":"","width":"","height":""}],"author":"Carte buissonni\u00e8re","twitter_card":"summary_large_image","twitter_misc":{"\u00c9crit par":"Carte buissonni\u00e8re","Dur\u00e9e de lecture estim\u00e9e":"1 minute"},"schema":{"@context":"https:\/\/schema.org","@graph":[{"@type":"Article","@id":"https:\/\/lacartebuissonniere.fr\/index.php\/2024\/03\/05\/jaune-violet\/#article","isPartOf":{"@id":"https:\/\/lacartebuissonniere.fr\/index.php\/2024\/03\/05\/jaune-violet\/"},"author":{"name":"Carte buissonni\u00e8re","@id":"https:\/\/lacartebuissonniere.fr\/#\/schema\/person\/4e60af809837a2287e4f6d4daaf7abd4"},"headline":"Jaune &#038; violet","datePublished":"2024-03-05T08:00:00+00:00","mainEntityOfPage":{"@id":"https:\/\/lacartebuissonniere.fr\/index.php\/2024\/03\/05\/jaune-violet\/"},"wordCount":39,"commentCount":0,"publisher":{"@id":"https:\/\/lacartebuissonniere.fr\/#organization"},"image":{"@id":"https:\/\/lacartebuissonniere.fr\/index.php\/2024\/03\/05\/jaune-violet\/#primaryimage"},"thumbnailUrl":"https:\/\/lacartebuissonniere.fr\/wp-content\/uploads\/2024\/02\/BCD14A6B-08A6-4127-AFB3-401875238D01_1_201_a.jpeg","articleSection":["COULISSES","FL\u00c2NERIES","Fl\u00e2neries culturelles"],"inLanguage":"fr-FR","potentialAction":[{"@type":"CommentAction","name":"Comment","target":["https:\/\/lacartebuissonniere.fr\/index.php\/2024\/03\/05\/jaune-violet\/#respond"]}]},{"@type":"WebPage","@id":"https:\/\/lacartebuissonniere.fr\/index.php\/2024\/03\/05\/jaune-violet\/","url":"https:\/\/lacartebuissonniere.fr\/index.php\/2024\/03\/05\/jaune-violet\/","name":"Jaune & violet - La carte buissonni\u00e8re","isPartOf":{"@id":"https:\/\/lacartebuissonniere.fr\/#website"},"primaryImageOfPage":{"@id":"https:\/\/lacartebuissonniere.fr\/index.php\/2024\/03\/05\/jaune-violet\/#primaryimage"},"image":{"@id":"https:\/\/lacartebuissonniere.fr\/index.php\/2024\/03\/05\/jaune-violet\/#primaryimage"},"thumbnailUrl":"https:\/\/lacartebuissonniere.fr\/wp-content\/uploads\/2024\/02\/BCD14A6B-08A6-4127-AFB3-401875238D01_1_201_a.jpeg","datePublished":"2024-03-05T08:00:00+00:00","breadcrumb":{"@id":"https:\/\/lacartebuissonniere.fr\/index.php\/2024\/03\/05\/jaune-violet\/#breadcrumb"},"inLanguage":"fr-FR","potentialAction":[{"@type":"ReadAction","target":["https:\/\/lacartebuissonniere.fr\/index.php\/2024\/03\/05\/jaune-violet\/"]}]},{"@type":"ImageObject","inLanguage":"fr-FR","@id":"https:\/\/lacartebuissonniere.fr\/index.php\/2024\/03\/05\/jaune-violet\/#primaryimage","url":"https:\/\/lacartebuissonniere.fr\/wp-content\/uploads\/2024\/02\/BCD14A6B-08A6-4127-AFB3-401875238D01_1_201_a.jpeg","contentUrl":"https:\/\/lacartebuissonniere.fr\/wp-content\/uploads\/2024\/02\/BCD14A6B-08A6-4127-AFB3-401875238D01_1_201_a.jpeg","width":589,"height":648},{"@type":"BreadcrumbList","@id":"https:\/\/lacartebuissonniere.fr\/index.php\/2024\/03\/05\/jaune-violet\/#breadcrumb","itemListElement":[{"@type":"ListItem","position":1,"name":"Accueil","item":"https:\/\/lacartebuissonniere.fr\/"},{"@type":"ListItem","position":2,"name":"Jaune &#038; violet"}]},{"@type":"WebSite","@id":"https:\/\/lacartebuissonniere.fr\/#website","url":"https:\/\/lacartebuissonniere.fr\/","name":"La carte buissonni\u00e8re","description":"","publisher":{"@id":"https:\/\/lacartebuissonniere.fr\/#organization"},"potentialAction":[{"@type":"SearchAction","target":{"@type":"EntryPoint","urlTemplate":"https:\/\/lacartebuissonniere.fr\/?s={search_term_string}"},"query-input":{"@type":"PropertyValueSpecification","valueRequired":true,"valueName":"search_term_string"}}],"inLanguage":"fr-FR"},{"@type":"Organization","@id":"https:\/\/lacartebuissonniere.fr\/#organization","name":"La carte buissonni\u00e8re","url":"https:\/\/lacartebuissonniere.fr\/","logo":{"@type":"ImageObject","inLanguage":"fr-FR","@id":"https:\/\/lacartebuissonniere.fr\/#\/schema\/logo\/image\/","url":"https:\/\/lacartebuissonniere.fr\/wp-content\/uploads\/2022\/12\/Illustration-sans-titre.jpg","contentUrl":"https:\/\/lacartebuissonniere.fr\/wp-content\/uploads\/2022\/12\/Illustration-sans-titre.jpg","width":637,"height":680,"caption":"La carte buissonni\u00e8re"},"image":{"@id":"https:\/\/lacartebuissonniere.fr\/#\/schema\/logo\/image\/"},"sameAs":["https:\/\/www.facebook.com\/lacartebuissonniere\/","https:\/\/www.pinterest.fr\/DelphChabanne\/"]},{"@type":"Person","@id":"https:\/\/lacartebuissonniere.fr\/#\/schema\/person\/4e60af809837a2287e4f6d4daaf7abd4","name":"Carte buissonni\u00e8re","image":{"@type":"ImageObject","inLanguage":"fr-FR","@id":"https:\/\/lacartebuissonniere.fr\/#\/schema\/person\/image\/","url":"https:\/\/secure.gravatar.com\/avatar\/b543b5e0f093efbab3dfee8595bf9077ed504ab48ffeb378c9dc263381c278e6?s=96&d=mm&r=g","contentUrl":"https:\/\/secure.gravatar.com\/avatar\/b543b5e0f093efbab3dfee8595bf9077ed504ab48ffeb378c9dc263381c278e6?s=96&d=mm&r=g","caption":"Carte buissonni\u00e8re"},"sameAs":["http:\/\/lacartebuissonniere.fr"],"url":"https:\/\/lacartebuissonniere.fr\/index.php\/author\/carteb\/"}]}},"_links":{"self":[{"href":"https:\/\/lacartebuissonniere.fr\/index.php\/wp-json\/wp\/v2\/posts\/4953","targetHints":{"allow":["GET"]}}],"collection":[{"href":"https:\/\/lacartebuissonniere.fr\/index.php\/wp-json\/wp\/v2\/posts"}],"about":[{"href":"https:\/\/lacartebuissonniere.fr\/index.php\/wp-json\/wp\/v2\/types\/post"}],"author":[{"embeddable":true,"href":"https:\/\/lacartebuissonniere.fr\/index.php\/wp-json\/wp\/v2\/users\/2"}],"replies":[{"embeddable":true,"href":"https:\/\/lacartebuissonniere.fr\/index.php\/wp-json\/wp\/v2\/comments?post=4953"}],"version-history":[{"count":1,"href":"https:\/\/lacartebuissonniere.fr\/index.php\/wp-json\/wp\/v2\/posts\/4953\/revisions"}],"predecessor-version":[{"id":4958,"href":"https:\/\/lacartebuissonniere.fr\/index.php\/wp-json\/wp\/v2\/posts\/4953\/revisions\/4958"}],"wp:attachment":[{"href":"https:\/\/lacartebuissonniere.fr\/index.php\/wp-json\/wp\/v2\/media?parent=4953"}],"wp:term":[{"taxonomy":"category","embeddable":true,"href":"https:\/\/lacartebuissonniere.fr\/index.php\/wp-json\/wp\/v2\/categories?post=4953"},{"taxonomy":"post_tag","embeddable":true,"href":"https:\/\/lacartebuissonniere.fr\/index.php\/wp-json\/wp\/v2\/tags?post=4953"}],"curies":[{"name":"wp","href":"https:\/\/api.w.org\/{rel}","templated":true}]}}