{"id":4989,"date":"2024-03-13T09:00:00","date_gmt":"2024-03-13T08:00:00","guid":{"rendered":"https:\/\/lacartebuissonniere.fr\/?p=4989"},"modified":"2024-02-15T19:21:05","modified_gmt":"2024-02-15T18:21:05","slug":"motif-koi","status":"publish","type":"post","link":"https:\/\/lacartebuissonniere.fr\/index.php\/2024\/03\/13\/motif-koi\/","title":{"rendered":"Motif ko\u00ef"},"content":{"rendered":"\n<p><\/p>\n\n\n\n<p>Je vous ai d\u00e9j\u00e0 parl\u00e9 de l\u2019importance des <a href=\"https:\/\/lacartebuissonniere.fr\/index.php\/2022\/11\/28\/carpes-koi\/\" target=\"_blank\" rel=\"noreferrer noopener\">carpes ko\u00ef<\/a> (\u9bc9) au Japon et en Cor\u00e9e et de la f\u00eate de <em><a href=\"https:\/\/lacartebuissonniere.fr\/index.php\/2023\/05\/05\/kodomo-no-hi\/\" target=\"_blank\" rel=\"noreferrer noopener\">Komodo no hi<\/a><\/em> le 5 mai.<\/p>\n\n\n\n<p>Attardons-nous sur l\u2019usage du motif.<\/p>\n\n\n\n<p>Il appara\u00eet dans cette garde de sabre (<em>tsuba<\/em>) du XVIII<sup>e<\/sup> si\u00e8cle et ce porte-cartes du XIX<sup>e<\/sup>\u00a0:<\/p>\n\n\n\n<figure class=\"wp-block-gallery has-nested-images columns-default is-cropped wp-block-gallery-1 is-layout-flex wp-block-gallery-is-layout-flex\">\n<figure class=\"wp-block-image size-large\"><img loading=\"lazy\" decoding=\"async\" width=\"819\" height=\"1024\" data-id=\"4990\" src=\"https:\/\/lacartebuissonniere.fr\/wp-content\/uploads\/2024\/02\/9F03CB0E-42E7-43E0-96AD-B2D60A23E2CB_1_201_a-819x1024.jpeg\" alt=\"\" class=\"wp-image-4990\" srcset=\"https:\/\/lacartebuissonniere.fr\/wp-content\/uploads\/2024\/02\/9F03CB0E-42E7-43E0-96AD-B2D60A23E2CB_1_201_a-819x1024.jpeg 819w, https:\/\/lacartebuissonniere.fr\/wp-content\/uploads\/2024\/02\/9F03CB0E-42E7-43E0-96AD-B2D60A23E2CB_1_201_a-240x300.jpeg 240w, https:\/\/lacartebuissonniere.fr\/wp-content\/uploads\/2024\/02\/9F03CB0E-42E7-43E0-96AD-B2D60A23E2CB_1_201_a-768x960.jpeg 768w, https:\/\/lacartebuissonniere.fr\/wp-content\/uploads\/2024\/02\/9F03CB0E-42E7-43E0-96AD-B2D60A23E2CB_1_201_a-1229x1536.jpeg 1229w, https:\/\/lacartebuissonniere.fr\/wp-content\/uploads\/2024\/02\/9F03CB0E-42E7-43E0-96AD-B2D60A23E2CB_1_201_a-480x600.jpeg 480w, https:\/\/lacartebuissonniere.fr\/wp-content\/uploads\/2024\/02\/9F03CB0E-42E7-43E0-96AD-B2D60A23E2CB_1_201_a.jpeg 1239w\" sizes=\"auto, (max-width: 819px) 100vw, 819px\" \/><\/figure>\n\n\n\n<figure class=\"wp-block-image size-large\"><img loading=\"lazy\" decoding=\"async\" width=\"819\" height=\"1024\" data-id=\"4991\" src=\"https:\/\/lacartebuissonniere.fr\/wp-content\/uploads\/2024\/02\/AB906F51-4A28-4E10-9A0D-DA7DF456CD81_1_201_a-819x1024.jpeg\" alt=\"\" class=\"wp-image-4991\" srcset=\"https:\/\/lacartebuissonniere.fr\/wp-content\/uploads\/2024\/02\/AB906F51-4A28-4E10-9A0D-DA7DF456CD81_1_201_a-819x1024.jpeg 819w, https:\/\/lacartebuissonniere.fr\/wp-content\/uploads\/2024\/02\/AB906F51-4A28-4E10-9A0D-DA7DF456CD81_1_201_a-240x300.jpeg 240w, https:\/\/lacartebuissonniere.fr\/wp-content\/uploads\/2024\/02\/AB906F51-4A28-4E10-9A0D-DA7DF456CD81_1_201_a-768x960.jpeg 768w, https:\/\/lacartebuissonniere.fr\/wp-content\/uploads\/2024\/02\/AB906F51-4A28-4E10-9A0D-DA7DF456CD81_1_201_a-480x600.jpeg 480w, https:\/\/lacartebuissonniere.fr\/wp-content\/uploads\/2024\/02\/AB906F51-4A28-4E10-9A0D-DA7DF456CD81_1_201_a.jpeg 947w\" sizes=\"auto, (max-width: 819px) 100vw, 819px\" \/><\/figure>\n<\/figure>\n\n\n\n<p><\/p>\n\n\n\n<p>Kikukawa Eizan habille ses courtisanes de superbes kimonos o\u00f9 des carpes ko\u00ef s\u2019\u00e9battent sur fond de <em><a href=\"https:\/\/lacartebuissonniere.fr\/index.php\/2023\/02\/08\/motif-seigaiha\/\" target=\"_blank\" rel=\"noreferrer noopener\">seigaiha<\/a><\/em>\u00a0:<\/p>\n\n\n\n<figure class=\"wp-block-gallery has-nested-images columns-default is-cropped wp-block-gallery-2 is-layout-flex wp-block-gallery-is-layout-flex\">\n<figure class=\"wp-block-image size-large\"><img loading=\"lazy\" decoding=\"async\" width=\"706\" height=\"1024\" data-id=\"4994\" src=\"https:\/\/lacartebuissonniere.fr\/wp-content\/uploads\/2024\/02\/EAFBF87B-CC41-47D5-BAE5-865F997FC6C5_1_105_c-706x1024.jpeg\" alt=\"\" class=\"wp-image-4994\" srcset=\"https:\/\/lacartebuissonniere.fr\/wp-content\/uploads\/2024\/02\/EAFBF87B-CC41-47D5-BAE5-865F997FC6C5_1_105_c-706x1024.jpeg 706w, https:\/\/lacartebuissonniere.fr\/wp-content\/uploads\/2024\/02\/EAFBF87B-CC41-47D5-BAE5-865F997FC6C5_1_105_c-207x300.jpeg 207w, https:\/\/lacartebuissonniere.fr\/wp-content\/uploads\/2024\/02\/EAFBF87B-CC41-47D5-BAE5-865F997FC6C5_1_105_c-414x600.jpeg 414w, https:\/\/lacartebuissonniere.fr\/wp-content\/uploads\/2024\/02\/EAFBF87B-CC41-47D5-BAE5-865F997FC6C5_1_105_c.jpeg 736w\" sizes=\"auto, (max-width: 706px) 100vw, 706px\" \/><\/figure>\n\n\n\n<figure class=\"wp-block-image size-large\"><img loading=\"lazy\" decoding=\"async\" width=\"705\" height=\"1024\" data-id=\"4993\" src=\"https:\/\/lacartebuissonniere.fr\/wp-content\/uploads\/2024\/02\/2108C2F7-B028-4022-9D4A-1DA894C3902E_1_105_c-705x1024.jpeg\" alt=\"\" class=\"wp-image-4993\" srcset=\"https:\/\/lacartebuissonniere.fr\/wp-content\/uploads\/2024\/02\/2108C2F7-B028-4022-9D4A-1DA894C3902E_1_105_c-705x1024.jpeg 705w, https:\/\/lacartebuissonniere.fr\/wp-content\/uploads\/2024\/02\/2108C2F7-B028-4022-9D4A-1DA894C3902E_1_105_c-206x300.jpeg 206w, https:\/\/lacartebuissonniere.fr\/wp-content\/uploads\/2024\/02\/2108C2F7-B028-4022-9D4A-1DA894C3902E_1_105_c-413x600.jpeg 413w, https:\/\/lacartebuissonniere.fr\/wp-content\/uploads\/2024\/02\/2108C2F7-B028-4022-9D4A-1DA894C3902E_1_105_c.jpeg 735w\" sizes=\"auto, (max-width: 705px) 100vw, 705px\" \/><\/figure>\n\n\n\n<figure class=\"wp-block-image size-large\"><img loading=\"lazy\" decoding=\"async\" width=\"748\" height=\"1024\" data-id=\"4992\" src=\"https:\/\/lacartebuissonniere.fr\/wp-content\/uploads\/2024\/02\/287A3FBA-DE89-493C-8005-4E4DC7FF4E16_1_105_c-748x1024.jpeg\" alt=\"\" class=\"wp-image-4992\" srcset=\"https:\/\/lacartebuissonniere.fr\/wp-content\/uploads\/2024\/02\/287A3FBA-DE89-493C-8005-4E4DC7FF4E16_1_105_c-748x1024.jpeg 748w, https:\/\/lacartebuissonniere.fr\/wp-content\/uploads\/2024\/02\/287A3FBA-DE89-493C-8005-4E4DC7FF4E16_1_105_c-219x300.jpeg 219w, https:\/\/lacartebuissonniere.fr\/wp-content\/uploads\/2024\/02\/287A3FBA-DE89-493C-8005-4E4DC7FF4E16_1_105_c-438x600.jpeg 438w, https:\/\/lacartebuissonniere.fr\/wp-content\/uploads\/2024\/02\/287A3FBA-DE89-493C-8005-4E4DC7FF4E16_1_105_c.jpeg 757w\" sizes=\"auto, (max-width: 748px) 100vw, 748px\" \/><\/figure>\n<\/figure>\n\n\n\n<p><\/p>\n\n\n\n<p>Utamaro les place dans ces cascades qu\u2019elles sont capables de remonter, ce qui en fait des symboles de force et de pers\u00e9v\u00e9rance\u00a0:<\/p>\n\n\n<div class=\"wp-block-image\">\n<figure class=\"aligncenter size-large\"><img loading=\"lazy\" decoding=\"async\" width=\"709\" height=\"1024\" src=\"https:\/\/lacartebuissonniere.fr\/wp-content\/uploads\/2024\/02\/42D22F7E-4DA2-445A-BB9F-5097CA170ED2_1_105_c-709x1024.jpeg\" alt=\"\" class=\"wp-image-4995\" srcset=\"https:\/\/lacartebuissonniere.fr\/wp-content\/uploads\/2024\/02\/42D22F7E-4DA2-445A-BB9F-5097CA170ED2_1_105_c-709x1024.jpeg 709w, https:\/\/lacartebuissonniere.fr\/wp-content\/uploads\/2024\/02\/42D22F7E-4DA2-445A-BB9F-5097CA170ED2_1_105_c-208x300.jpeg 208w, https:\/\/lacartebuissonniere.fr\/wp-content\/uploads\/2024\/02\/42D22F7E-4DA2-445A-BB9F-5097CA170ED2_1_105_c-415x600.jpeg 415w, https:\/\/lacartebuissonniere.fr\/wp-content\/uploads\/2024\/02\/42D22F7E-4DA2-445A-BB9F-5097CA170ED2_1_105_c.jpeg 737w\" sizes=\"auto, (max-width: 709px) 100vw, 709px\" \/><\/figure>\n<\/div>\n\n\n<p><\/p>\n\n\n\n<p>Les carpes ko\u00ef apportent paix et s\u00e9r\u00e9nit\u00e9\u00a0: envoyez-en \u00e0 vos proches\u00a0!<\/p>\n\n\n\n<figure class=\"wp-block-gallery has-nested-images columns-default is-cropped wp-block-gallery-3 is-layout-flex wp-block-gallery-is-layout-flex\">\n<figure class=\"wp-block-image size-large\"><img loading=\"lazy\" decoding=\"async\" width=\"1024\" height=\"731\" data-id=\"4997\" src=\"https:\/\/lacartebuissonniere.fr\/wp-content\/uploads\/2024\/02\/IMG_0953-1024x731.jpeg\" alt=\"\" class=\"wp-image-4997\" srcset=\"https:\/\/lacartebuissonniere.fr\/wp-content\/uploads\/2024\/02\/IMG_0953-1024x731.jpeg 1024w, https:\/\/lacartebuissonniere.fr\/wp-content\/uploads\/2024\/02\/IMG_0953-300x214.jpeg 300w, https:\/\/lacartebuissonniere.fr\/wp-content\/uploads\/2024\/02\/IMG_0953-768x549.jpeg 768w, https:\/\/lacartebuissonniere.fr\/wp-content\/uploads\/2024\/02\/IMG_0953-1536x1097.jpeg 1536w, https:\/\/lacartebuissonniere.fr\/wp-content\/uploads\/2024\/02\/IMG_0953-2048x1463.jpeg 2048w, https:\/\/lacartebuissonniere.fr\/wp-content\/uploads\/2024\/02\/IMG_0953-600x429.jpeg 600w\" sizes=\"auto, (max-width: 1024px) 100vw, 1024px\" \/><\/figure>\n\n\n\n<figure class=\"wp-block-image size-large\"><img loading=\"lazy\" decoding=\"async\" width=\"1024\" height=\"763\" data-id=\"4999\" src=\"https:\/\/lacartebuissonniere.fr\/wp-content\/uploads\/2024\/02\/IMG_8874-1024x763.jpeg\" alt=\"\" class=\"wp-image-4999\" srcset=\"https:\/\/lacartebuissonniere.fr\/wp-content\/uploads\/2024\/02\/IMG_8874-1024x763.jpeg 1024w, https:\/\/lacartebuissonniere.fr\/wp-content\/uploads\/2024\/02\/IMG_8874-300x224.jpeg 300w, https:\/\/lacartebuissonniere.fr\/wp-content\/uploads\/2024\/02\/IMG_8874-768x572.jpeg 768w, https:\/\/lacartebuissonniere.fr\/wp-content\/uploads\/2024\/02\/IMG_8874-1536x1145.jpeg 1536w, https:\/\/lacartebuissonniere.fr\/wp-content\/uploads\/2024\/02\/IMG_8874-2048x1526.jpeg 2048w, https:\/\/lacartebuissonniere.fr\/wp-content\/uploads\/2024\/02\/IMG_8874-600x447.jpeg 600w\" sizes=\"auto, (max-width: 1024px) 100vw, 1024px\" \/><\/figure>\n<\/figure>\n","protected":false},"excerpt":{"rendered":"<p>Je vous ai d\u00e9j\u00e0 parl\u00e9 de l\u2019importance des carpes ko\u00ef (\u9bc9) au Japon et en Cor\u00e9e et de la f\u00eate de Komodo no hi le 5 mai. Attardons-nous sur l\u2019usage du motif. Il appara\u00eet dans cette garde de sabre (tsuba) du XVIIIe si\u00e8cle et ce porte-cartes du XIXe\u00a0: Kikukawa Eizan habille ses courtisanes de superbes [&hellip;]<\/p>\n","protected":false},"author":2,"featured_media":0,"comment_status":"open","ping_status":"open","sticky":false,"template":"","format":"standard","meta":{"two_page_speed":[],"footnotes":""},"categories":[16,18],"tags":[],"class_list":["post-4989","post","type-post","status-publish","format-standard","hentry","category-flaneries","category-flaneries-culturelles","entry"],"yoast_head":"<!-- This site is optimized with the Yoast SEO plugin v25.4 - https:\/\/yoast.com\/wordpress\/plugins\/seo\/ -->\n<title>Motif ko\u00ef - La carte buissonni\u00e8re<\/title>\n<meta name=\"robots\" content=\"index, follow, max-snippet:-1, max-image-preview:large, max-video-preview:-1\" \/>\n<link rel=\"canonical\" href=\"https:\/\/lacartebuissonniere.fr\/index.php\/2024\/03\/13\/motif-koi\/\" \/>\n<meta property=\"og:locale\" content=\"fr_FR\" \/>\n<meta property=\"og:type\" content=\"article\" \/>\n<meta property=\"og:title\" content=\"Motif ko\u00ef - La carte buissonni\u00e8re\" \/>\n<meta property=\"og:description\" content=\"Je vous ai d\u00e9j\u00e0 parl\u00e9 de l\u2019importance des carpes ko\u00ef (\u9bc9) au Japon et en Cor\u00e9e et de la f\u00eate de Komodo no hi le 5 mai. Attardons-nous sur l\u2019usage du motif. Il appara\u00eet dans cette garde de sabre (tsuba) du XVIIIe si\u00e8cle et ce porte-cartes du XIXe\u00a0: Kikukawa Eizan habille ses courtisanes de superbes [&hellip;]\" \/>\n<meta property=\"og:url\" content=\"https:\/\/lacartebuissonniere.fr\/index.php\/2024\/03\/13\/motif-koi\/\" \/>\n<meta property=\"og:site_name\" content=\"La carte buissonni\u00e8re\" \/>\n<meta property=\"article:publisher\" content=\"https:\/\/www.facebook.com\/lacartebuissonniere\/\" \/>\n<meta property=\"article:published_time\" content=\"2024-03-13T08:00:00+00:00\" \/>\n<meta property=\"og:image\" content=\"https:\/\/lacartebuissonniere.fr\/wp-content\/uploads\/2024\/02\/9F03CB0E-42E7-43E0-96AD-B2D60A23E2CB_1_201_a-819x1024.jpeg\" \/>\n<meta name=\"author\" content=\"Carte buissonni\u00e8re\" \/>\n<meta name=\"twitter:card\" content=\"summary_large_image\" \/>\n<meta name=\"twitter:label1\" content=\"\u00c9crit par\" \/>\n\t<meta name=\"twitter:data1\" content=\"Carte buissonni\u00e8re\" \/>\n\t<meta name=\"twitter:label2\" content=\"Dur\u00e9e de lecture estim\u00e9e\" \/>\n\t<meta name=\"twitter:data2\" content=\"3 minutes\" \/>\n<script type=\"application\/ld+json\" class=\"yoast-schema-graph\">{\"@context\":\"https:\/\/schema.org\",\"@graph\":[{\"@type\":\"Article\",\"@id\":\"https:\/\/lacartebuissonniere.fr\/index.php\/2024\/03\/13\/motif-koi\/#article\",\"isPartOf\":{\"@id\":\"https:\/\/lacartebuissonniere.fr\/index.php\/2024\/03\/13\/motif-koi\/\"},\"author\":{\"name\":\"Carte buissonni\u00e8re\",\"@id\":\"https:\/\/lacartebuissonniere.fr\/#\/schema\/person\/4e60af809837a2287e4f6d4daaf7abd4\"},\"headline\":\"Motif ko\u00ef\",\"datePublished\":\"2024-03-13T08:00:00+00:00\",\"mainEntityOfPage\":{\"@id\":\"https:\/\/lacartebuissonniere.fr\/index.php\/2024\/03\/13\/motif-koi\/\"},\"wordCount\":110,\"commentCount\":3,\"publisher\":{\"@id\":\"https:\/\/lacartebuissonniere.fr\/#organization\"},\"image\":{\"@id\":\"https:\/\/lacartebuissonniere.fr\/index.php\/2024\/03\/13\/motif-koi\/#primaryimage\"},\"thumbnailUrl\":\"https:\/\/lacartebuissonniere.fr\/wp-content\/uploads\/2024\/02\/9F03CB0E-42E7-43E0-96AD-B2D60A23E2CB_1_201_a-819x1024.jpeg\",\"articleSection\":[\"FL\u00c2NERIES\",\"Fl\u00e2neries culturelles\"],\"inLanguage\":\"fr-FR\",\"potentialAction\":[{\"@type\":\"CommentAction\",\"name\":\"Comment\",\"target\":[\"https:\/\/lacartebuissonniere.fr\/index.php\/2024\/03\/13\/motif-koi\/#respond\"]}]},{\"@type\":\"WebPage\",\"@id\":\"https:\/\/lacartebuissonniere.fr\/index.php\/2024\/03\/13\/motif-koi\/\",\"url\":\"https:\/\/lacartebuissonniere.fr\/index.php\/2024\/03\/13\/motif-koi\/\",\"name\":\"Motif ko\u00ef - La carte buissonni\u00e8re\",\"isPartOf\":{\"@id\":\"https:\/\/lacartebuissonniere.fr\/#website\"},\"primaryImageOfPage\":{\"@id\":\"https:\/\/lacartebuissonniere.fr\/index.php\/2024\/03\/13\/motif-koi\/#primaryimage\"},\"image\":{\"@id\":\"https:\/\/lacartebuissonniere.fr\/index.php\/2024\/03\/13\/motif-koi\/#primaryimage\"},\"thumbnailUrl\":\"https:\/\/lacartebuissonniere.fr\/wp-content\/uploads\/2024\/02\/9F03CB0E-42E7-43E0-96AD-B2D60A23E2CB_1_201_a-819x1024.jpeg\",\"datePublished\":\"2024-03-13T08:00:00+00:00\",\"breadcrumb\":{\"@id\":\"https:\/\/lacartebuissonniere.fr\/index.php\/2024\/03\/13\/motif-koi\/#breadcrumb\"},\"inLanguage\":\"fr-FR\",\"potentialAction\":[{\"@type\":\"ReadAction\",\"target\":[\"https:\/\/lacartebuissonniere.fr\/index.php\/2024\/03\/13\/motif-koi\/\"]}]},{\"@type\":\"ImageObject\",\"inLanguage\":\"fr-FR\",\"@id\":\"https:\/\/lacartebuissonniere.fr\/index.php\/2024\/03\/13\/motif-koi\/#primaryimage\",\"url\":\"https:\/\/lacartebuissonniere.fr\/wp-content\/uploads\/2024\/02\/9F03CB0E-42E7-43E0-96AD-B2D60A23E2CB_1_201_a.jpeg\",\"contentUrl\":\"https:\/\/lacartebuissonniere.fr\/wp-content\/uploads\/2024\/02\/9F03CB0E-42E7-43E0-96AD-B2D60A23E2CB_1_201_a.jpeg\",\"width\":1239,\"height\":1549},{\"@type\":\"BreadcrumbList\",\"@id\":\"https:\/\/lacartebuissonniere.fr\/index.php\/2024\/03\/13\/motif-koi\/#breadcrumb\",\"itemListElement\":[{\"@type\":\"ListItem\",\"position\":1,\"name\":\"Accueil\",\"item\":\"https:\/\/lacartebuissonniere.fr\/\"},{\"@type\":\"ListItem\",\"position\":2,\"name\":\"Motif ko\u00ef\"}]},{\"@type\":\"WebSite\",\"@id\":\"https:\/\/lacartebuissonniere.fr\/#website\",\"url\":\"https:\/\/lacartebuissonniere.fr\/\",\"name\":\"La carte buissonni\u00e8re\",\"description\":\"\",\"publisher\":{\"@id\":\"https:\/\/lacartebuissonniere.fr\/#organization\"},\"potentialAction\":[{\"@type\":\"SearchAction\",\"target\":{\"@type\":\"EntryPoint\",\"urlTemplate\":\"https:\/\/lacartebuissonniere.fr\/?s={search_term_string}\"},\"query-input\":{\"@type\":\"PropertyValueSpecification\",\"valueRequired\":true,\"valueName\":\"search_term_string\"}}],\"inLanguage\":\"fr-FR\"},{\"@type\":\"Organization\",\"@id\":\"https:\/\/lacartebuissonniere.fr\/#organization\",\"name\":\"La carte buissonni\u00e8re\",\"url\":\"https:\/\/lacartebuissonniere.fr\/\",\"logo\":{\"@type\":\"ImageObject\",\"inLanguage\":\"fr-FR\",\"@id\":\"https:\/\/lacartebuissonniere.fr\/#\/schema\/logo\/image\/\",\"url\":\"https:\/\/lacartebuissonniere.fr\/wp-content\/uploads\/2022\/12\/Illustration-sans-titre.jpg\",\"contentUrl\":\"https:\/\/lacartebuissonniere.fr\/wp-content\/uploads\/2022\/12\/Illustration-sans-titre.jpg\",\"width\":637,\"height\":680,\"caption\":\"La carte buissonni\u00e8re\"},\"image\":{\"@id\":\"https:\/\/lacartebuissonniere.fr\/#\/schema\/logo\/image\/\"},\"sameAs\":[\"https:\/\/www.facebook.com\/lacartebuissonniere\/\",\"https:\/\/www.pinterest.fr\/DelphChabanne\/\"]},{\"@type\":\"Person\",\"@id\":\"https:\/\/lacartebuissonniere.fr\/#\/schema\/person\/4e60af809837a2287e4f6d4daaf7abd4\",\"name\":\"Carte buissonni\u00e8re\",\"image\":{\"@type\":\"ImageObject\",\"inLanguage\":\"fr-FR\",\"@id\":\"https:\/\/lacartebuissonniere.fr\/#\/schema\/person\/image\/\",\"url\":\"https:\/\/secure.gravatar.com\/avatar\/b543b5e0f093efbab3dfee8595bf9077ed504ab48ffeb378c9dc263381c278e6?s=96&d=mm&r=g\",\"contentUrl\":\"https:\/\/secure.gravatar.com\/avatar\/b543b5e0f093efbab3dfee8595bf9077ed504ab48ffeb378c9dc263381c278e6?s=96&d=mm&r=g\",\"caption\":\"Carte buissonni\u00e8re\"},\"sameAs\":[\"http:\/\/lacartebuissonniere.fr\"],\"url\":\"https:\/\/lacartebuissonniere.fr\/index.php\/author\/carteb\/\"}]}<\/script>\n<!-- \/ Yoast SEO plugin. -->","yoast_head_json":{"title":"Motif ko\u00ef - La carte buissonni\u00e8re","robots":{"index":"index","follow":"follow","max-snippet":"max-snippet:-1","max-image-preview":"max-image-preview:large","max-video-preview":"max-video-preview:-1"},"canonical":"https:\/\/lacartebuissonniere.fr\/index.php\/2024\/03\/13\/motif-koi\/","og_locale":"fr_FR","og_type":"article","og_title":"Motif ko\u00ef - La carte buissonni\u00e8re","og_description":"Je vous ai d\u00e9j\u00e0 parl\u00e9 de l\u2019importance des carpes ko\u00ef (\u9bc9) au Japon et en Cor\u00e9e et de la f\u00eate de Komodo no hi le 5 mai. Attardons-nous sur l\u2019usage du motif. Il appara\u00eet dans cette garde de sabre (tsuba) du XVIIIe si\u00e8cle et ce porte-cartes du XIXe\u00a0: Kikukawa Eizan habille ses courtisanes de superbes [&hellip;]","og_url":"https:\/\/lacartebuissonniere.fr\/index.php\/2024\/03\/13\/motif-koi\/","og_site_name":"La carte buissonni\u00e8re","article_publisher":"https:\/\/www.facebook.com\/lacartebuissonniere\/","article_published_time":"2024-03-13T08:00:00+00:00","og_image":[{"url":"https:\/\/lacartebuissonniere.fr\/wp-content\/uploads\/2024\/02\/9F03CB0E-42E7-43E0-96AD-B2D60A23E2CB_1_201_a-819x1024.jpeg","type":"","width":"","height":""}],"author":"Carte buissonni\u00e8re","twitter_card":"summary_large_image","twitter_misc":{"\u00c9crit par":"Carte buissonni\u00e8re","Dur\u00e9e de lecture estim\u00e9e":"3 minutes"},"schema":{"@context":"https:\/\/schema.org","@graph":[{"@type":"Article","@id":"https:\/\/lacartebuissonniere.fr\/index.php\/2024\/03\/13\/motif-koi\/#article","isPartOf":{"@id":"https:\/\/lacartebuissonniere.fr\/index.php\/2024\/03\/13\/motif-koi\/"},"author":{"name":"Carte buissonni\u00e8re","@id":"https:\/\/lacartebuissonniere.fr\/#\/schema\/person\/4e60af809837a2287e4f6d4daaf7abd4"},"headline":"Motif ko\u00ef","datePublished":"2024-03-13T08:00:00+00:00","mainEntityOfPage":{"@id":"https:\/\/lacartebuissonniere.fr\/index.php\/2024\/03\/13\/motif-koi\/"},"wordCount":110,"commentCount":3,"publisher":{"@id":"https:\/\/lacartebuissonniere.fr\/#organization"},"image":{"@id":"https:\/\/lacartebuissonniere.fr\/index.php\/2024\/03\/13\/motif-koi\/#primaryimage"},"thumbnailUrl":"https:\/\/lacartebuissonniere.fr\/wp-content\/uploads\/2024\/02\/9F03CB0E-42E7-43E0-96AD-B2D60A23E2CB_1_201_a-819x1024.jpeg","articleSection":["FL\u00c2NERIES","Fl\u00e2neries culturelles"],"inLanguage":"fr-FR","potentialAction":[{"@type":"CommentAction","name":"Comment","target":["https:\/\/lacartebuissonniere.fr\/index.php\/2024\/03\/13\/motif-koi\/#respond"]}]},{"@type":"WebPage","@id":"https:\/\/lacartebuissonniere.fr\/index.php\/2024\/03\/13\/motif-koi\/","url":"https:\/\/lacartebuissonniere.fr\/index.php\/2024\/03\/13\/motif-koi\/","name":"Motif ko\u00ef - La carte buissonni\u00e8re","isPartOf":{"@id":"https:\/\/lacartebuissonniere.fr\/#website"},"primaryImageOfPage":{"@id":"https:\/\/lacartebuissonniere.fr\/index.php\/2024\/03\/13\/motif-koi\/#primaryimage"},"image":{"@id":"https:\/\/lacartebuissonniere.fr\/index.php\/2024\/03\/13\/motif-koi\/#primaryimage"},"thumbnailUrl":"https:\/\/lacartebuissonniere.fr\/wp-content\/uploads\/2024\/02\/9F03CB0E-42E7-43E0-96AD-B2D60A23E2CB_1_201_a-819x1024.jpeg","datePublished":"2024-03-13T08:00:00+00:00","breadcrumb":{"@id":"https:\/\/lacartebuissonniere.fr\/index.php\/2024\/03\/13\/motif-koi\/#breadcrumb"},"inLanguage":"fr-FR","potentialAction":[{"@type":"ReadAction","target":["https:\/\/lacartebuissonniere.fr\/index.php\/2024\/03\/13\/motif-koi\/"]}]},{"@type":"ImageObject","inLanguage":"fr-FR","@id":"https:\/\/lacartebuissonniere.fr\/index.php\/2024\/03\/13\/motif-koi\/#primaryimage","url":"https:\/\/lacartebuissonniere.fr\/wp-content\/uploads\/2024\/02\/9F03CB0E-42E7-43E0-96AD-B2D60A23E2CB_1_201_a.jpeg","contentUrl":"https:\/\/lacartebuissonniere.fr\/wp-content\/uploads\/2024\/02\/9F03CB0E-42E7-43E0-96AD-B2D60A23E2CB_1_201_a.jpeg","width":1239,"height":1549},{"@type":"BreadcrumbList","@id":"https:\/\/lacartebuissonniere.fr\/index.php\/2024\/03\/13\/motif-koi\/#breadcrumb","itemListElement":[{"@type":"ListItem","position":1,"name":"Accueil","item":"https:\/\/lacartebuissonniere.fr\/"},{"@type":"ListItem","position":2,"name":"Motif ko\u00ef"}]},{"@type":"WebSite","@id":"https:\/\/lacartebuissonniere.fr\/#website","url":"https:\/\/lacartebuissonniere.fr\/","name":"La carte buissonni\u00e8re","description":"","publisher":{"@id":"https:\/\/lacartebuissonniere.fr\/#organization"},"potentialAction":[{"@type":"SearchAction","target":{"@type":"EntryPoint","urlTemplate":"https:\/\/lacartebuissonniere.fr\/?s={search_term_string}"},"query-input":{"@type":"PropertyValueSpecification","valueRequired":true,"valueName":"search_term_string"}}],"inLanguage":"fr-FR"},{"@type":"Organization","@id":"https:\/\/lacartebuissonniere.fr\/#organization","name":"La carte buissonni\u00e8re","url":"https:\/\/lacartebuissonniere.fr\/","logo":{"@type":"ImageObject","inLanguage":"fr-FR","@id":"https:\/\/lacartebuissonniere.fr\/#\/schema\/logo\/image\/","url":"https:\/\/lacartebuissonniere.fr\/wp-content\/uploads\/2022\/12\/Illustration-sans-titre.jpg","contentUrl":"https:\/\/lacartebuissonniere.fr\/wp-content\/uploads\/2022\/12\/Illustration-sans-titre.jpg","width":637,"height":680,"caption":"La carte buissonni\u00e8re"},"image":{"@id":"https:\/\/lacartebuissonniere.fr\/#\/schema\/logo\/image\/"},"sameAs":["https:\/\/www.facebook.com\/lacartebuissonniere\/","https:\/\/www.pinterest.fr\/DelphChabanne\/"]},{"@type":"Person","@id":"https:\/\/lacartebuissonniere.fr\/#\/schema\/person\/4e60af809837a2287e4f6d4daaf7abd4","name":"Carte buissonni\u00e8re","image":{"@type":"ImageObject","inLanguage":"fr-FR","@id":"https:\/\/lacartebuissonniere.fr\/#\/schema\/person\/image\/","url":"https:\/\/secure.gravatar.com\/avatar\/b543b5e0f093efbab3dfee8595bf9077ed504ab48ffeb378c9dc263381c278e6?s=96&d=mm&r=g","contentUrl":"https:\/\/secure.gravatar.com\/avatar\/b543b5e0f093efbab3dfee8595bf9077ed504ab48ffeb378c9dc263381c278e6?s=96&d=mm&r=g","caption":"Carte buissonni\u00e8re"},"sameAs":["http:\/\/lacartebuissonniere.fr"],"url":"https:\/\/lacartebuissonniere.fr\/index.php\/author\/carteb\/"}]}},"_links":{"self":[{"href":"https:\/\/lacartebuissonniere.fr\/index.php\/wp-json\/wp\/v2\/posts\/4989","targetHints":{"allow":["GET"]}}],"collection":[{"href":"https:\/\/lacartebuissonniere.fr\/index.php\/wp-json\/wp\/v2\/posts"}],"about":[{"href":"https:\/\/lacartebuissonniere.fr\/index.php\/wp-json\/wp\/v2\/types\/post"}],"author":[{"embeddable":true,"href":"https:\/\/lacartebuissonniere.fr\/index.php\/wp-json\/wp\/v2\/users\/2"}],"replies":[{"embeddable":true,"href":"https:\/\/lacartebuissonniere.fr\/index.php\/wp-json\/wp\/v2\/comments?post=4989"}],"version-history":[{"count":1,"href":"https:\/\/lacartebuissonniere.fr\/index.php\/wp-json\/wp\/v2\/posts\/4989\/revisions"}],"predecessor-version":[{"id":5000,"href":"https:\/\/lacartebuissonniere.fr\/index.php\/wp-json\/wp\/v2\/posts\/4989\/revisions\/5000"}],"wp:attachment":[{"href":"https:\/\/lacartebuissonniere.fr\/index.php\/wp-json\/wp\/v2\/media?parent=4989"}],"wp:term":[{"taxonomy":"category","embeddable":true,"href":"https:\/\/lacartebuissonniere.fr\/index.php\/wp-json\/wp\/v2\/categories?post=4989"},{"taxonomy":"post_tag","embeddable":true,"href":"https:\/\/lacartebuissonniere.fr\/index.php\/wp-json\/wp\/v2\/tags?post=4989"}],"curies":[{"name":"wp","href":"https:\/\/api.w.org\/{rel}","templated":true}]}}