{"id":5092,"date":"2024-03-28T09:00:00","date_gmt":"2024-03-28T08:00:00","guid":{"rendered":"https:\/\/lacartebuissonniere.fr\/?p=5092"},"modified":"2024-06-08T09:22:57","modified_gmt":"2024-06-08T07:22:57","slug":"les-jonquilles-de-barbara-petit-lisy","status":"publish","type":"post","link":"https:\/\/lacartebuissonniere.fr\/index.php\/2024\/03\/28\/les-jonquilles-de-barbara-petit-lisy\/","title":{"rendered":"Les jonquilles de Barbara Petit Lisy"},"content":{"rendered":"\n<p><\/p>\n\n\n\n<p>C\u2019est le <a href=\"https:\/\/lacartebuissonniere.fr\/index.php\/2023\/03\/28\/sous-le-signe-de-la-jonquille\/\" target=\"_blank\" rel=\"noreferrer noopener\">jour de la jonquille<\/a>&nbsp;!<\/p>\n\n\n<div class=\"wp-block-image\">\n<figure class=\"aligncenter size-full\"><img loading=\"lazy\" decoding=\"async\" width=\"1024\" height=\"768\" src=\"https:\/\/lacartebuissonniere.fr\/wp-content\/uploads\/2024\/03\/B0807DDE-E835-4231-B888-EFA6C57F1581_1_105_c.jpeg\" alt=\"\" class=\"wp-image-5094\" srcset=\"https:\/\/lacartebuissonniere.fr\/wp-content\/uploads\/2024\/03\/B0807DDE-E835-4231-B888-EFA6C57F1581_1_105_c.jpeg 1024w, https:\/\/lacartebuissonniere.fr\/wp-content\/uploads\/2024\/03\/B0807DDE-E835-4231-B888-EFA6C57F1581_1_105_c-300x225.jpeg 300w, https:\/\/lacartebuissonniere.fr\/wp-content\/uploads\/2024\/03\/B0807DDE-E835-4231-B888-EFA6C57F1581_1_105_c-768x576.jpeg 768w, https:\/\/lacartebuissonniere.fr\/wp-content\/uploads\/2024\/03\/B0807DDE-E835-4231-B888-EFA6C57F1581_1_105_c-600x450.jpeg 600w\" sizes=\"auto, (max-width: 1024px) 100vw, 1024px\" \/><figcaption class=\"wp-element-caption\">Paris, Jardin du Luxembourg, avril 2023<\/figcaption><\/figure>\n<\/div>\n\n\n<p><\/p>\n\n\n\n<p>Pour la c\u00e9l\u00e9brer, laissez-moi vous la pr\u00e9senter, magnifi\u00e9e par <a href=\"https:\/\/barbaralisy.wordpress.com\/\" target=\"_blank\" rel=\"noreferrer noopener\">Barbara Petit Lisy<\/a>.<\/p>\n\n\n\n<p>J\u2019aime beaucoup cette artiste, dont les toiles, po\u00e9tiques et intenses, ne laissent pas de m\u2019\u00e9mouvoir.<\/p>\n\n\n\n<p>Voici d\u2019abord une \u00ab&nbsp;Composition au miroir&nbsp;\u00bb, d\u00e9licate Vanit\u00e9 contemporaine&nbsp;:<\/p>\n\n\n<div class=\"wp-block-image\">\n<figure class=\"aligncenter size-full\"><img loading=\"lazy\" decoding=\"async\" width=\"750\" height=\"900\" src=\"https:\/\/lacartebuissonniere.fr\/wp-content\/uploads\/2024\/03\/3976C392-397D-42A1-9371-4E53391F5542.webp\" alt=\"\" class=\"wp-image-5093\" srcset=\"https:\/\/lacartebuissonniere.fr\/wp-content\/uploads\/2024\/03\/3976C392-397D-42A1-9371-4E53391F5542.webp 750w, https:\/\/lacartebuissonniere.fr\/wp-content\/uploads\/2024\/03\/3976C392-397D-42A1-9371-4E53391F5542-250x300.webp 250w, https:\/\/lacartebuissonniere.fr\/wp-content\/uploads\/2024\/03\/3976C392-397D-42A1-9371-4E53391F5542-500x600.webp 500w\" sizes=\"auto, (max-width: 750px) 100vw, 750px\" \/><\/figure>\n<\/div>\n\n\n<p><\/p>\n\n\n\n<p>Puis une statuette de la <a href=\"https:\/\/www.musee-orsay.fr\/fr\/oeuvres\/petite-danseuse-de-quatorze-ans-961\" target=\"_blank\" rel=\"noreferrer noopener\">\u00ab&nbsp;Petite danseuse de quatorze ans&nbsp;\u00bb de Degas<\/a> prend la pose devant un bouquet de jonquilles lumineuses se d\u00e9tachant sur un fond pourpre&nbsp;:<\/p>\n\n\n<div class=\"wp-block-image\">\n<figure class=\"aligncenter size-full\"><img loading=\"lazy\" decoding=\"async\" width=\"750\" height=\"949\" src=\"https:\/\/lacartebuissonniere.fr\/wp-content\/uploads\/2024\/03\/DC05F36C-A67C-4484-9CBC-CD9AFE909B39.webp\" alt=\"\" class=\"wp-image-5096\" srcset=\"https:\/\/lacartebuissonniere.fr\/wp-content\/uploads\/2024\/03\/DC05F36C-A67C-4484-9CBC-CD9AFE909B39.webp 750w, https:\/\/lacartebuissonniere.fr\/wp-content\/uploads\/2024\/03\/DC05F36C-A67C-4484-9CBC-CD9AFE909B39-237x300.webp 237w, https:\/\/lacartebuissonniere.fr\/wp-content\/uploads\/2024\/03\/DC05F36C-A67C-4484-9CBC-CD9AFE909B39-474x600.webp 474w\" sizes=\"auto, (max-width: 750px) 100vw, 750px\" \/><\/figure>\n<\/div>\n\n\n<p><\/p>\n\n\n\n<p>Avant de prendre son envol sous un ciel turquoise et de virevolter, semblant enlacer une fleur au c\u0153ur orange vif&nbsp;:<\/p>\n\n\n<div class=\"wp-block-image\">\n<figure class=\"aligncenter size-large\"><img loading=\"lazy\" decoding=\"async\" width=\"671\" height=\"1024\" src=\"https:\/\/lacartebuissonniere.fr\/wp-content\/uploads\/2024\/03\/82BD72BD-7261-4F97-A647-A26E40B1855D-671x1024.webp\" alt=\"\" class=\"wp-image-5095\" srcset=\"https:\/\/lacartebuissonniere.fr\/wp-content\/uploads\/2024\/03\/82BD72BD-7261-4F97-A647-A26E40B1855D-671x1024.webp 671w, https:\/\/lacartebuissonniere.fr\/wp-content\/uploads\/2024\/03\/82BD72BD-7261-4F97-A647-A26E40B1855D-197x300.webp 197w, https:\/\/lacartebuissonniere.fr\/wp-content\/uploads\/2024\/03\/82BD72BD-7261-4F97-A647-A26E40B1855D-393x600.webp 393w, https:\/\/lacartebuissonniere.fr\/wp-content\/uploads\/2024\/03\/82BD72BD-7261-4F97-A647-A26E40B1855D.webp 678w\" sizes=\"auto, (max-width: 671px) 100vw, 671px\" \/><\/figure>\n<\/div>\n\n\n<p><\/p>\n\n\n\n<p>En hommage, j\u2019ai choisi des fonds pourpres et turquoise pour y semer des jonquilles et des feuilles de <em>Ginkgo biloba<\/em> peintes en <a href=\"https:\/\/lacartebuissonniere.fr\/index.php\/2024\/02\/29\/jaune-indien\/\" target=\"_blank\" rel=\"noreferrer noopener\">jaune indien<\/a>&nbsp;:<\/p>\n\n\n<div class=\"wp-block-image\">\n<figure class=\"aligncenter size-large\"><img loading=\"lazy\" decoding=\"async\" width=\"1024\" height=\"744\" src=\"https:\/\/lacartebuissonniere.fr\/wp-content\/uploads\/2024\/03\/943CB141-BF06-4EBD-B647-21AA083DCA80_1_105_c-1024x744.jpeg\" alt=\"\" class=\"wp-image-5098\" srcset=\"https:\/\/lacartebuissonniere.fr\/wp-content\/uploads\/2024\/03\/943CB141-BF06-4EBD-B647-21AA083DCA80_1_105_c-1024x744.jpeg 1024w, https:\/\/lacartebuissonniere.fr\/wp-content\/uploads\/2024\/03\/943CB141-BF06-4EBD-B647-21AA083DCA80_1_105_c-300x218.jpeg 300w, https:\/\/lacartebuissonniere.fr\/wp-content\/uploads\/2024\/03\/943CB141-BF06-4EBD-B647-21AA083DCA80_1_105_c-768x558.jpeg 768w, https:\/\/lacartebuissonniere.fr\/wp-content\/uploads\/2024\/03\/943CB141-BF06-4EBD-B647-21AA083DCA80_1_105_c-600x436.jpeg 600w, https:\/\/lacartebuissonniere.fr\/wp-content\/uploads\/2024\/03\/943CB141-BF06-4EBD-B647-21AA083DCA80_1_105_c.jpeg 1040w\" sizes=\"auto, (max-width: 1024px) 100vw, 1024px\" \/><\/figure>\n<\/div>","protected":false},"excerpt":{"rendered":"<p>C\u2019est le jour de la jonquille&nbsp;! Pour la c\u00e9l\u00e9brer, laissez-moi vous la pr\u00e9senter, magnifi\u00e9e par Barbara Petit Lisy. J\u2019aime beaucoup cette artiste, dont les toiles, po\u00e9tiques et intenses, ne laissent pas de m\u2019\u00e9mouvoir. Voici d\u2019abord une \u00ab&nbsp;Composition au miroir&nbsp;\u00bb, d\u00e9licate Vanit\u00e9 contemporaine&nbsp;: Puis une statuette de la \u00ab&nbsp;Petite danseuse de quatorze ans&nbsp;\u00bb de Degas prend [&hellip;]<\/p>\n","protected":false},"author":2,"featured_media":0,"comment_status":"open","ping_status":"open","sticky":false,"template":"","format":"standard","meta":{"two_page_speed":[],"footnotes":""},"categories":[16,18],"tags":[],"class_list":["post-5092","post","type-post","status-publish","format-standard","hentry","category-flaneries","category-flaneries-culturelles","entry"],"yoast_head":"<!-- This site is optimized with the Yoast SEO plugin v25.4 - https:\/\/yoast.com\/wordpress\/plugins\/seo\/ -->\n<title>Les jonquilles de Barbara Petit Lisy - La carte buissonni\u00e8re<\/title>\n<meta name=\"robots\" content=\"index, follow, max-snippet:-1, max-image-preview:large, max-video-preview:-1\" \/>\n<link rel=\"canonical\" href=\"https:\/\/lacartebuissonniere.fr\/index.php\/2024\/03\/28\/les-jonquilles-de-barbara-petit-lisy\/\" \/>\n<meta property=\"og:locale\" content=\"fr_FR\" \/>\n<meta property=\"og:type\" content=\"article\" \/>\n<meta property=\"og:title\" content=\"Les jonquilles de Barbara Petit Lisy - La carte buissonni\u00e8re\" \/>\n<meta property=\"og:description\" content=\"C\u2019est le jour de la jonquille&nbsp;! Pour la c\u00e9l\u00e9brer, laissez-moi vous la pr\u00e9senter, magnifi\u00e9e par Barbara Petit Lisy. J\u2019aime beaucoup cette artiste, dont les toiles, po\u00e9tiques et intenses, ne laissent pas de m\u2019\u00e9mouvoir. Voici d\u2019abord une \u00ab&nbsp;Composition au miroir&nbsp;\u00bb, d\u00e9licate Vanit\u00e9 contemporaine&nbsp;: Puis une statuette de la \u00ab&nbsp;Petite danseuse de quatorze ans&nbsp;\u00bb de Degas prend [&hellip;]\" \/>\n<meta property=\"og:url\" content=\"https:\/\/lacartebuissonniere.fr\/index.php\/2024\/03\/28\/les-jonquilles-de-barbara-petit-lisy\/\" \/>\n<meta property=\"og:site_name\" content=\"La carte buissonni\u00e8re\" \/>\n<meta property=\"article:publisher\" content=\"https:\/\/www.facebook.com\/lacartebuissonniere\/\" \/>\n<meta property=\"article:published_time\" content=\"2024-03-28T08:00:00+00:00\" \/>\n<meta property=\"article:modified_time\" content=\"2024-06-08T07:22:57+00:00\" \/>\n<meta property=\"og:image\" content=\"https:\/\/lacartebuissonniere.fr\/wp-content\/uploads\/2024\/03\/B0807DDE-E835-4231-B888-EFA6C57F1581_1_105_c.jpeg\" \/>\n<meta name=\"author\" content=\"Carte buissonni\u00e8re\" \/>\n<meta name=\"twitter:card\" content=\"summary_large_image\" \/>\n<meta name=\"twitter:label1\" content=\"\u00c9crit par\" \/>\n\t<meta name=\"twitter:data1\" content=\"Carte buissonni\u00e8re\" \/>\n\t<meta name=\"twitter:label2\" content=\"Dur\u00e9e de lecture estim\u00e9e\" \/>\n\t<meta name=\"twitter:data2\" content=\"2 minutes\" \/>\n<script type=\"application\/ld+json\" class=\"yoast-schema-graph\">{\"@context\":\"https:\/\/schema.org\",\"@graph\":[{\"@type\":\"Article\",\"@id\":\"https:\/\/lacartebuissonniere.fr\/index.php\/2024\/03\/28\/les-jonquilles-de-barbara-petit-lisy\/#article\",\"isPartOf\":{\"@id\":\"https:\/\/lacartebuissonniere.fr\/index.php\/2024\/03\/28\/les-jonquilles-de-barbara-petit-lisy\/\"},\"author\":{\"name\":\"Carte buissonni\u00e8re\",\"@id\":\"https:\/\/lacartebuissonniere.fr\/#\/schema\/person\/4e60af809837a2287e4f6d4daaf7abd4\"},\"headline\":\"Les jonquilles de Barbara Petit Lisy\",\"datePublished\":\"2024-03-28T08:00:00+00:00\",\"dateModified\":\"2024-06-08T07:22:57+00:00\",\"mainEntityOfPage\":{\"@id\":\"https:\/\/lacartebuissonniere.fr\/index.php\/2024\/03\/28\/les-jonquilles-de-barbara-petit-lisy\/\"},\"wordCount\":146,\"commentCount\":0,\"publisher\":{\"@id\":\"https:\/\/lacartebuissonniere.fr\/#organization\"},\"image\":{\"@id\":\"https:\/\/lacartebuissonniere.fr\/index.php\/2024\/03\/28\/les-jonquilles-de-barbara-petit-lisy\/#primaryimage\"},\"thumbnailUrl\":\"https:\/\/lacartebuissonniere.fr\/wp-content\/uploads\/2024\/03\/B0807DDE-E835-4231-B888-EFA6C57F1581_1_105_c.jpeg\",\"articleSection\":[\"FL\u00c2NERIES\",\"Fl\u00e2neries culturelles\"],\"inLanguage\":\"fr-FR\",\"potentialAction\":[{\"@type\":\"CommentAction\",\"name\":\"Comment\",\"target\":[\"https:\/\/lacartebuissonniere.fr\/index.php\/2024\/03\/28\/les-jonquilles-de-barbara-petit-lisy\/#respond\"]}]},{\"@type\":\"WebPage\",\"@id\":\"https:\/\/lacartebuissonniere.fr\/index.php\/2024\/03\/28\/les-jonquilles-de-barbara-petit-lisy\/\",\"url\":\"https:\/\/lacartebuissonniere.fr\/index.php\/2024\/03\/28\/les-jonquilles-de-barbara-petit-lisy\/\",\"name\":\"Les jonquilles de Barbara Petit Lisy - La carte buissonni\u00e8re\",\"isPartOf\":{\"@id\":\"https:\/\/lacartebuissonniere.fr\/#website\"},\"primaryImageOfPage\":{\"@id\":\"https:\/\/lacartebuissonniere.fr\/index.php\/2024\/03\/28\/les-jonquilles-de-barbara-petit-lisy\/#primaryimage\"},\"image\":{\"@id\":\"https:\/\/lacartebuissonniere.fr\/index.php\/2024\/03\/28\/les-jonquilles-de-barbara-petit-lisy\/#primaryimage\"},\"thumbnailUrl\":\"https:\/\/lacartebuissonniere.fr\/wp-content\/uploads\/2024\/03\/B0807DDE-E835-4231-B888-EFA6C57F1581_1_105_c.jpeg\",\"datePublished\":\"2024-03-28T08:00:00+00:00\",\"dateModified\":\"2024-06-08T07:22:57+00:00\",\"breadcrumb\":{\"@id\":\"https:\/\/lacartebuissonniere.fr\/index.php\/2024\/03\/28\/les-jonquilles-de-barbara-petit-lisy\/#breadcrumb\"},\"inLanguage\":\"fr-FR\",\"potentialAction\":[{\"@type\":\"ReadAction\",\"target\":[\"https:\/\/lacartebuissonniere.fr\/index.php\/2024\/03\/28\/les-jonquilles-de-barbara-petit-lisy\/\"]}]},{\"@type\":\"ImageObject\",\"inLanguage\":\"fr-FR\",\"@id\":\"https:\/\/lacartebuissonniere.fr\/index.php\/2024\/03\/28\/les-jonquilles-de-barbara-petit-lisy\/#primaryimage\",\"url\":\"https:\/\/lacartebuissonniere.fr\/wp-content\/uploads\/2024\/03\/B0807DDE-E835-4231-B888-EFA6C57F1581_1_105_c.jpeg\",\"contentUrl\":\"https:\/\/lacartebuissonniere.fr\/wp-content\/uploads\/2024\/03\/B0807DDE-E835-4231-B888-EFA6C57F1581_1_105_c.jpeg\",\"width\":1024,\"height\":768},{\"@type\":\"BreadcrumbList\",\"@id\":\"https:\/\/lacartebuissonniere.fr\/index.php\/2024\/03\/28\/les-jonquilles-de-barbara-petit-lisy\/#breadcrumb\",\"itemListElement\":[{\"@type\":\"ListItem\",\"position\":1,\"name\":\"Accueil\",\"item\":\"https:\/\/lacartebuissonniere.fr\/\"},{\"@type\":\"ListItem\",\"position\":2,\"name\":\"Les jonquilles de Barbara Petit Lisy\"}]},{\"@type\":\"WebSite\",\"@id\":\"https:\/\/lacartebuissonniere.fr\/#website\",\"url\":\"https:\/\/lacartebuissonniere.fr\/\",\"name\":\"La carte buissonni\u00e8re\",\"description\":\"\",\"publisher\":{\"@id\":\"https:\/\/lacartebuissonniere.fr\/#organization\"},\"potentialAction\":[{\"@type\":\"SearchAction\",\"target\":{\"@type\":\"EntryPoint\",\"urlTemplate\":\"https:\/\/lacartebuissonniere.fr\/?s={search_term_string}\"},\"query-input\":{\"@type\":\"PropertyValueSpecification\",\"valueRequired\":true,\"valueName\":\"search_term_string\"}}],\"inLanguage\":\"fr-FR\"},{\"@type\":\"Organization\",\"@id\":\"https:\/\/lacartebuissonniere.fr\/#organization\",\"name\":\"La carte buissonni\u00e8re\",\"url\":\"https:\/\/lacartebuissonniere.fr\/\",\"logo\":{\"@type\":\"ImageObject\",\"inLanguage\":\"fr-FR\",\"@id\":\"https:\/\/lacartebuissonniere.fr\/#\/schema\/logo\/image\/\",\"url\":\"https:\/\/lacartebuissonniere.fr\/wp-content\/uploads\/2022\/12\/Illustration-sans-titre.jpg\",\"contentUrl\":\"https:\/\/lacartebuissonniere.fr\/wp-content\/uploads\/2022\/12\/Illustration-sans-titre.jpg\",\"width\":637,\"height\":680,\"caption\":\"La carte buissonni\u00e8re\"},\"image\":{\"@id\":\"https:\/\/lacartebuissonniere.fr\/#\/schema\/logo\/image\/\"},\"sameAs\":[\"https:\/\/www.facebook.com\/lacartebuissonniere\/\",\"https:\/\/www.pinterest.fr\/DelphChabanne\/\"]},{\"@type\":\"Person\",\"@id\":\"https:\/\/lacartebuissonniere.fr\/#\/schema\/person\/4e60af809837a2287e4f6d4daaf7abd4\",\"name\":\"Carte buissonni\u00e8re\",\"image\":{\"@type\":\"ImageObject\",\"inLanguage\":\"fr-FR\",\"@id\":\"https:\/\/lacartebuissonniere.fr\/#\/schema\/person\/image\/\",\"url\":\"https:\/\/secure.gravatar.com\/avatar\/b543b5e0f093efbab3dfee8595bf9077ed504ab48ffeb378c9dc263381c278e6?s=96&d=mm&r=g\",\"contentUrl\":\"https:\/\/secure.gravatar.com\/avatar\/b543b5e0f093efbab3dfee8595bf9077ed504ab48ffeb378c9dc263381c278e6?s=96&d=mm&r=g\",\"caption\":\"Carte buissonni\u00e8re\"},\"sameAs\":[\"http:\/\/lacartebuissonniere.fr\"],\"url\":\"https:\/\/lacartebuissonniere.fr\/index.php\/author\/carteb\/\"}]}<\/script>\n<!-- \/ Yoast SEO plugin. -->","yoast_head_json":{"title":"Les jonquilles de Barbara Petit Lisy - La carte buissonni\u00e8re","robots":{"index":"index","follow":"follow","max-snippet":"max-snippet:-1","max-image-preview":"max-image-preview:large","max-video-preview":"max-video-preview:-1"},"canonical":"https:\/\/lacartebuissonniere.fr\/index.php\/2024\/03\/28\/les-jonquilles-de-barbara-petit-lisy\/","og_locale":"fr_FR","og_type":"article","og_title":"Les jonquilles de Barbara Petit Lisy - La carte buissonni\u00e8re","og_description":"C\u2019est le jour de la jonquille&nbsp;! Pour la c\u00e9l\u00e9brer, laissez-moi vous la pr\u00e9senter, magnifi\u00e9e par Barbara Petit Lisy. J\u2019aime beaucoup cette artiste, dont les toiles, po\u00e9tiques et intenses, ne laissent pas de m\u2019\u00e9mouvoir. Voici d\u2019abord une \u00ab&nbsp;Composition au miroir&nbsp;\u00bb, d\u00e9licate Vanit\u00e9 contemporaine&nbsp;: Puis une statuette de la \u00ab&nbsp;Petite danseuse de quatorze ans&nbsp;\u00bb de Degas prend [&hellip;]","og_url":"https:\/\/lacartebuissonniere.fr\/index.php\/2024\/03\/28\/les-jonquilles-de-barbara-petit-lisy\/","og_site_name":"La carte buissonni\u00e8re","article_publisher":"https:\/\/www.facebook.com\/lacartebuissonniere\/","article_published_time":"2024-03-28T08:00:00+00:00","article_modified_time":"2024-06-08T07:22:57+00:00","og_image":[{"url":"https:\/\/lacartebuissonniere.fr\/wp-content\/uploads\/2024\/03\/B0807DDE-E835-4231-B888-EFA6C57F1581_1_105_c.jpeg","type":"","width":"","height":""}],"author":"Carte buissonni\u00e8re","twitter_card":"summary_large_image","twitter_misc":{"\u00c9crit par":"Carte buissonni\u00e8re","Dur\u00e9e de lecture estim\u00e9e":"2 minutes"},"schema":{"@context":"https:\/\/schema.org","@graph":[{"@type":"Article","@id":"https:\/\/lacartebuissonniere.fr\/index.php\/2024\/03\/28\/les-jonquilles-de-barbara-petit-lisy\/#article","isPartOf":{"@id":"https:\/\/lacartebuissonniere.fr\/index.php\/2024\/03\/28\/les-jonquilles-de-barbara-petit-lisy\/"},"author":{"name":"Carte buissonni\u00e8re","@id":"https:\/\/lacartebuissonniere.fr\/#\/schema\/person\/4e60af809837a2287e4f6d4daaf7abd4"},"headline":"Les jonquilles de Barbara Petit Lisy","datePublished":"2024-03-28T08:00:00+00:00","dateModified":"2024-06-08T07:22:57+00:00","mainEntityOfPage":{"@id":"https:\/\/lacartebuissonniere.fr\/index.php\/2024\/03\/28\/les-jonquilles-de-barbara-petit-lisy\/"},"wordCount":146,"commentCount":0,"publisher":{"@id":"https:\/\/lacartebuissonniere.fr\/#organization"},"image":{"@id":"https:\/\/lacartebuissonniere.fr\/index.php\/2024\/03\/28\/les-jonquilles-de-barbara-petit-lisy\/#primaryimage"},"thumbnailUrl":"https:\/\/lacartebuissonniere.fr\/wp-content\/uploads\/2024\/03\/B0807DDE-E835-4231-B888-EFA6C57F1581_1_105_c.jpeg","articleSection":["FL\u00c2NERIES","Fl\u00e2neries culturelles"],"inLanguage":"fr-FR","potentialAction":[{"@type":"CommentAction","name":"Comment","target":["https:\/\/lacartebuissonniere.fr\/index.php\/2024\/03\/28\/les-jonquilles-de-barbara-petit-lisy\/#respond"]}]},{"@type":"WebPage","@id":"https:\/\/lacartebuissonniere.fr\/index.php\/2024\/03\/28\/les-jonquilles-de-barbara-petit-lisy\/","url":"https:\/\/lacartebuissonniere.fr\/index.php\/2024\/03\/28\/les-jonquilles-de-barbara-petit-lisy\/","name":"Les jonquilles de Barbara Petit Lisy - La carte buissonni\u00e8re","isPartOf":{"@id":"https:\/\/lacartebuissonniere.fr\/#website"},"primaryImageOfPage":{"@id":"https:\/\/lacartebuissonniere.fr\/index.php\/2024\/03\/28\/les-jonquilles-de-barbara-petit-lisy\/#primaryimage"},"image":{"@id":"https:\/\/lacartebuissonniere.fr\/index.php\/2024\/03\/28\/les-jonquilles-de-barbara-petit-lisy\/#primaryimage"},"thumbnailUrl":"https:\/\/lacartebuissonniere.fr\/wp-content\/uploads\/2024\/03\/B0807DDE-E835-4231-B888-EFA6C57F1581_1_105_c.jpeg","datePublished":"2024-03-28T08:00:00+00:00","dateModified":"2024-06-08T07:22:57+00:00","breadcrumb":{"@id":"https:\/\/lacartebuissonniere.fr\/index.php\/2024\/03\/28\/les-jonquilles-de-barbara-petit-lisy\/#breadcrumb"},"inLanguage":"fr-FR","potentialAction":[{"@type":"ReadAction","target":["https:\/\/lacartebuissonniere.fr\/index.php\/2024\/03\/28\/les-jonquilles-de-barbara-petit-lisy\/"]}]},{"@type":"ImageObject","inLanguage":"fr-FR","@id":"https:\/\/lacartebuissonniere.fr\/index.php\/2024\/03\/28\/les-jonquilles-de-barbara-petit-lisy\/#primaryimage","url":"https:\/\/lacartebuissonniere.fr\/wp-content\/uploads\/2024\/03\/B0807DDE-E835-4231-B888-EFA6C57F1581_1_105_c.jpeg","contentUrl":"https:\/\/lacartebuissonniere.fr\/wp-content\/uploads\/2024\/03\/B0807DDE-E835-4231-B888-EFA6C57F1581_1_105_c.jpeg","width":1024,"height":768},{"@type":"BreadcrumbList","@id":"https:\/\/lacartebuissonniere.fr\/index.php\/2024\/03\/28\/les-jonquilles-de-barbara-petit-lisy\/#breadcrumb","itemListElement":[{"@type":"ListItem","position":1,"name":"Accueil","item":"https:\/\/lacartebuissonniere.fr\/"},{"@type":"ListItem","position":2,"name":"Les jonquilles de Barbara Petit Lisy"}]},{"@type":"WebSite","@id":"https:\/\/lacartebuissonniere.fr\/#website","url":"https:\/\/lacartebuissonniere.fr\/","name":"La carte buissonni\u00e8re","description":"","publisher":{"@id":"https:\/\/lacartebuissonniere.fr\/#organization"},"potentialAction":[{"@type":"SearchAction","target":{"@type":"EntryPoint","urlTemplate":"https:\/\/lacartebuissonniere.fr\/?s={search_term_string}"},"query-input":{"@type":"PropertyValueSpecification","valueRequired":true,"valueName":"search_term_string"}}],"inLanguage":"fr-FR"},{"@type":"Organization","@id":"https:\/\/lacartebuissonniere.fr\/#organization","name":"La carte buissonni\u00e8re","url":"https:\/\/lacartebuissonniere.fr\/","logo":{"@type":"ImageObject","inLanguage":"fr-FR","@id":"https:\/\/lacartebuissonniere.fr\/#\/schema\/logo\/image\/","url":"https:\/\/lacartebuissonniere.fr\/wp-content\/uploads\/2022\/12\/Illustration-sans-titre.jpg","contentUrl":"https:\/\/lacartebuissonniere.fr\/wp-content\/uploads\/2022\/12\/Illustration-sans-titre.jpg","width":637,"height":680,"caption":"La carte buissonni\u00e8re"},"image":{"@id":"https:\/\/lacartebuissonniere.fr\/#\/schema\/logo\/image\/"},"sameAs":["https:\/\/www.facebook.com\/lacartebuissonniere\/","https:\/\/www.pinterest.fr\/DelphChabanne\/"]},{"@type":"Person","@id":"https:\/\/lacartebuissonniere.fr\/#\/schema\/person\/4e60af809837a2287e4f6d4daaf7abd4","name":"Carte buissonni\u00e8re","image":{"@type":"ImageObject","inLanguage":"fr-FR","@id":"https:\/\/lacartebuissonniere.fr\/#\/schema\/person\/image\/","url":"https:\/\/secure.gravatar.com\/avatar\/b543b5e0f093efbab3dfee8595bf9077ed504ab48ffeb378c9dc263381c278e6?s=96&d=mm&r=g","contentUrl":"https:\/\/secure.gravatar.com\/avatar\/b543b5e0f093efbab3dfee8595bf9077ed504ab48ffeb378c9dc263381c278e6?s=96&d=mm&r=g","caption":"Carte buissonni\u00e8re"},"sameAs":["http:\/\/lacartebuissonniere.fr"],"url":"https:\/\/lacartebuissonniere.fr\/index.php\/author\/carteb\/"}]}},"_links":{"self":[{"href":"https:\/\/lacartebuissonniere.fr\/index.php\/wp-json\/wp\/v2\/posts\/5092","targetHints":{"allow":["GET"]}}],"collection":[{"href":"https:\/\/lacartebuissonniere.fr\/index.php\/wp-json\/wp\/v2\/posts"}],"about":[{"href":"https:\/\/lacartebuissonniere.fr\/index.php\/wp-json\/wp\/v2\/types\/post"}],"author":[{"embeddable":true,"href":"https:\/\/lacartebuissonniere.fr\/index.php\/wp-json\/wp\/v2\/users\/2"}],"replies":[{"embeddable":true,"href":"https:\/\/lacartebuissonniere.fr\/index.php\/wp-json\/wp\/v2\/comments?post=5092"}],"version-history":[{"count":2,"href":"https:\/\/lacartebuissonniere.fr\/index.php\/wp-json\/wp\/v2\/posts\/5092\/revisions"}],"predecessor-version":[{"id":6010,"href":"https:\/\/lacartebuissonniere.fr\/index.php\/wp-json\/wp\/v2\/posts\/5092\/revisions\/6010"}],"wp:attachment":[{"href":"https:\/\/lacartebuissonniere.fr\/index.php\/wp-json\/wp\/v2\/media?parent=5092"}],"wp:term":[{"taxonomy":"category","embeddable":true,"href":"https:\/\/lacartebuissonniere.fr\/index.php\/wp-json\/wp\/v2\/categories?post=5092"},{"taxonomy":"post_tag","embeddable":true,"href":"https:\/\/lacartebuissonniere.fr\/index.php\/wp-json\/wp\/v2\/tags?post=5092"}],"curies":[{"name":"wp","href":"https:\/\/api.w.org\/{rel}","templated":true}]}}