{"id":5153,"date":"2024-04-06T09:00:00","date_gmt":"2024-04-06T07:00:00","guid":{"rendered":"https:\/\/lacartebuissonniere.fr\/?p=5153"},"modified":"2026-04-06T11:32:07","modified_gmt":"2026-04-06T09:32:07","slug":"nouvelle-collection-camelia","status":"publish","type":"post","link":"https:\/\/lacartebuissonniere.fr\/index.php\/2024\/04\/06\/nouvelle-collection-camelia\/","title":{"rendered":"Nouvelle collection : Cam\u00e9lia"},"content":{"rendered":"\n<p><\/p>\n\n\n\n<p>Je vous ai d\u00e9j\u00e0 parl\u00e9 du motif japonais <em><a href=\"https:\/\/lacartebuissonniere.fr\/index.php\/2023\/10\/18\/motif-tsubaki\/\" target=\"_blank\" rel=\"noreferrer noopener\">tsubaki<\/a><\/em>.<\/p>\n\n\n\n<p>En France, on trouve de multiples vari\u00e9t\u00e9s de cam\u00e9lias, dont les plus pr\u00e9coces fleurissent d\u00e8s d\u00e9cembre et offrent \u00e0 nos hivers leurs fleurs joliment cisel\u00e9es. En voici quelques-uns photographi\u00e9s au parc floral de Paris ou dans les rues de la capitale\u00a0:<\/p>\n\n\n\n<figure class=\"wp-block-gallery has-nested-images columns-default is-cropped wp-block-gallery-1 is-layout-flex wp-block-gallery-is-layout-flex\">\n<figure class=\"wp-block-image size-large\"><img loading=\"lazy\" decoding=\"async\" width=\"768\" height=\"1024\" data-id=\"5163\" src=\"https:\/\/lacartebuissonniere.fr\/wp-content\/uploads\/2024\/03\/DC067E16-0ECA-481B-B5AA-272771BEF4D3_1_105_c.jpeg\" alt=\"\" class=\"wp-image-5163\" srcset=\"https:\/\/lacartebuissonniere.fr\/wp-content\/uploads\/2024\/03\/DC067E16-0ECA-481B-B5AA-272771BEF4D3_1_105_c.jpeg 768w, https:\/\/lacartebuissonniere.fr\/wp-content\/uploads\/2024\/03\/DC067E16-0ECA-481B-B5AA-272771BEF4D3_1_105_c-225x300.jpeg 225w, https:\/\/lacartebuissonniere.fr\/wp-content\/uploads\/2024\/03\/DC067E16-0ECA-481B-B5AA-272771BEF4D3_1_105_c-450x600.jpeg 450w\" sizes=\"auto, (max-width: 768px) 100vw, 768px\" \/><\/figure>\n\n\n\n<figure class=\"wp-block-image size-large\"><img loading=\"lazy\" decoding=\"async\" width=\"768\" height=\"1024\" data-id=\"5161\" src=\"https:\/\/lacartebuissonniere.fr\/wp-content\/uploads\/2024\/03\/3F3E7568-AA2A-4C5E-BD58-36F0E0D7F89B_1_105_c.jpeg\" alt=\"\" class=\"wp-image-5161\" srcset=\"https:\/\/lacartebuissonniere.fr\/wp-content\/uploads\/2024\/03\/3F3E7568-AA2A-4C5E-BD58-36F0E0D7F89B_1_105_c.jpeg 768w, https:\/\/lacartebuissonniere.fr\/wp-content\/uploads\/2024\/03\/3F3E7568-AA2A-4C5E-BD58-36F0E0D7F89B_1_105_c-225x300.jpeg 225w, https:\/\/lacartebuissonniere.fr\/wp-content\/uploads\/2024\/03\/3F3E7568-AA2A-4C5E-BD58-36F0E0D7F89B_1_105_c-450x600.jpeg 450w\" sizes=\"auto, (max-width: 768px) 100vw, 768px\" \/><\/figure>\n\n\n\n<figure class=\"wp-block-image size-large\"><img loading=\"lazy\" decoding=\"async\" width=\"768\" height=\"1024\" data-id=\"5162\" src=\"https:\/\/lacartebuissonniere.fr\/wp-content\/uploads\/2024\/03\/1EF1A010-DEBE-4FC4-AABD-C3A89BD21855_1_105_c.jpeg\" alt=\"\" class=\"wp-image-5162\" srcset=\"https:\/\/lacartebuissonniere.fr\/wp-content\/uploads\/2024\/03\/1EF1A010-DEBE-4FC4-AABD-C3A89BD21855_1_105_c.jpeg 768w, https:\/\/lacartebuissonniere.fr\/wp-content\/uploads\/2024\/03\/1EF1A010-DEBE-4FC4-AABD-C3A89BD21855_1_105_c-225x300.jpeg 225w, https:\/\/lacartebuissonniere.fr\/wp-content\/uploads\/2024\/03\/1EF1A010-DEBE-4FC4-AABD-C3A89BD21855_1_105_c-450x600.jpeg 450w\" sizes=\"auto, (max-width: 768px) 100vw, 768px\" \/><\/figure>\n<\/figure>\n\n\n\n<p><\/p>\n\n\n\n<p>Cela m\u2019a donn\u00e9 envie de cr\u00e9er une nouvelle <a href=\"https:\/\/lacartebuissonniere.fr\/index.php\/collections\/\" target=\"_blank\" rel=\"noreferrer noopener\">collection<\/a> en d\u00e9clinant cette fleur d\u00e9licate en origami\u00a0:<\/p>\n\n\n\n<figure class=\"wp-block-gallery has-nested-images columns-default is-cropped wp-block-gallery-2 is-layout-flex wp-block-gallery-is-layout-flex\">\n<figure class=\"wp-block-image size-large\"><img loading=\"lazy\" decoding=\"async\" width=\"1024\" height=\"768\" data-id=\"5164\" src=\"https:\/\/lacartebuissonniere.fr\/wp-content\/uploads\/2024\/03\/75B4C322-3425-4C0E-B910-7D908A4F5F9C_1_105_c.jpeg\" alt=\"\" class=\"wp-image-5164\" srcset=\"https:\/\/lacartebuissonniere.fr\/wp-content\/uploads\/2024\/03\/75B4C322-3425-4C0E-B910-7D908A4F5F9C_1_105_c.jpeg 1024w, https:\/\/lacartebuissonniere.fr\/wp-content\/uploads\/2024\/03\/75B4C322-3425-4C0E-B910-7D908A4F5F9C_1_105_c-300x225.jpeg 300w, https:\/\/lacartebuissonniere.fr\/wp-content\/uploads\/2024\/03\/75B4C322-3425-4C0E-B910-7D908A4F5F9C_1_105_c-768x576.jpeg 768w, https:\/\/lacartebuissonniere.fr\/wp-content\/uploads\/2024\/03\/75B4C322-3425-4C0E-B910-7D908A4F5F9C_1_105_c-600x450.jpeg 600w\" sizes=\"auto, (max-width: 1024px) 100vw, 1024px\" \/><\/figure>\n\n\n\n<figure class=\"wp-block-image size-large\"><img loading=\"lazy\" decoding=\"async\" width=\"1024\" height=\"768\" data-id=\"5165\" src=\"https:\/\/lacartebuissonniere.fr\/wp-content\/uploads\/2024\/03\/39EAACBA-E8D6-4144-889B-235101312CAD_1_105_c.jpeg\" alt=\"\" class=\"wp-image-5165\" srcset=\"https:\/\/lacartebuissonniere.fr\/wp-content\/uploads\/2024\/03\/39EAACBA-E8D6-4144-889B-235101312CAD_1_105_c.jpeg 1024w, https:\/\/lacartebuissonniere.fr\/wp-content\/uploads\/2024\/03\/39EAACBA-E8D6-4144-889B-235101312CAD_1_105_c-300x225.jpeg 300w, https:\/\/lacartebuissonniere.fr\/wp-content\/uploads\/2024\/03\/39EAACBA-E8D6-4144-889B-235101312CAD_1_105_c-768x576.jpeg 768w, https:\/\/lacartebuissonniere.fr\/wp-content\/uploads\/2024\/03\/39EAACBA-E8D6-4144-889B-235101312CAD_1_105_c-600x450.jpeg 600w\" sizes=\"auto, (max-width: 1024px) 100vw, 1024px\" \/><\/figure>\n<\/figure>\n","protected":false},"excerpt":{"rendered":"<p>Je vous ai d\u00e9j\u00e0 parl\u00e9 du motif japonais tsubaki. En France, on trouve de multiples vari\u00e9t\u00e9s de cam\u00e9lias, dont les plus pr\u00e9coces fleurissent d\u00e8s d\u00e9cembre et offrent \u00e0 nos hivers leurs fleurs joliment cisel\u00e9es. En voici quelques-uns photographi\u00e9s au parc floral de Paris ou dans les rues de la capitale\u00a0: Cela m\u2019a donn\u00e9 envie de [&hellip;]<\/p>\n","protected":false},"author":2,"featured_media":0,"comment_status":"open","ping_status":"open","sticky":false,"template":"","format":"standard","meta":{"two_page_speed":[],"footnotes":""},"categories":[14,15],"tags":[],"class_list":["post-5153","post","type-post","status-publish","format-standard","hentry","category-tutos-astuces","category-coulisses","entry"],"yoast_head":"<!-- This site is optimized with the Yoast SEO plugin v25.4 - https:\/\/yoast.com\/wordpress\/plugins\/seo\/ -->\n<title>Nouvelle collection : Cam\u00e9lia - La carte buissonni\u00e8re<\/title>\n<meta name=\"robots\" content=\"index, follow, max-snippet:-1, max-image-preview:large, max-video-preview:-1\" \/>\n<link rel=\"canonical\" href=\"https:\/\/lacartebuissonniere.fr\/index.php\/2024\/04\/06\/nouvelle-collection-camelia\/\" \/>\n<meta property=\"og:locale\" content=\"fr_FR\" \/>\n<meta property=\"og:type\" content=\"article\" \/>\n<meta property=\"og:title\" content=\"Nouvelle collection : Cam\u00e9lia - La carte buissonni\u00e8re\" \/>\n<meta property=\"og:description\" content=\"Je vous ai d\u00e9j\u00e0 parl\u00e9 du motif japonais tsubaki. En France, on trouve de multiples vari\u00e9t\u00e9s de cam\u00e9lias, dont les plus pr\u00e9coces fleurissent d\u00e8s d\u00e9cembre et offrent \u00e0 nos hivers leurs fleurs joliment cisel\u00e9es. En voici quelques-uns photographi\u00e9s au parc floral de Paris ou dans les rues de la capitale\u00a0: Cela m\u2019a donn\u00e9 envie de [&hellip;]\" \/>\n<meta property=\"og:url\" content=\"https:\/\/lacartebuissonniere.fr\/index.php\/2024\/04\/06\/nouvelle-collection-camelia\/\" \/>\n<meta property=\"og:site_name\" content=\"La carte buissonni\u00e8re\" \/>\n<meta property=\"article:publisher\" content=\"https:\/\/www.facebook.com\/lacartebuissonniere\/\" \/>\n<meta property=\"article:published_time\" content=\"2024-04-06T07:00:00+00:00\" \/>\n<meta property=\"article:modified_time\" content=\"2026-04-06T09:32:07+00:00\" \/>\n<meta property=\"og:image\" content=\"https:\/\/lacartebuissonniere.fr\/wp-content\/uploads\/2024\/03\/DC067E16-0ECA-481B-B5AA-272771BEF4D3_1_105_c.jpeg\" \/>\n\t<meta property=\"og:image:width\" content=\"768\" \/>\n\t<meta property=\"og:image:height\" content=\"1024\" \/>\n\t<meta property=\"og:image:type\" content=\"image\/jpeg\" \/>\n<meta name=\"author\" content=\"Carte buissonni\u00e8re\" \/>\n<meta name=\"twitter:card\" content=\"summary_large_image\" \/>\n<meta name=\"twitter:label1\" content=\"\u00c9crit par\" \/>\n\t<meta name=\"twitter:data1\" content=\"Carte buissonni\u00e8re\" \/>\n\t<meta name=\"twitter:label2\" content=\"Dur\u00e9e de lecture estim\u00e9e\" \/>\n\t<meta name=\"twitter:data2\" content=\"2 minutes\" \/>\n<script type=\"application\/ld+json\" class=\"yoast-schema-graph\">{\"@context\":\"https:\/\/schema.org\",\"@graph\":[{\"@type\":\"Article\",\"@id\":\"https:\/\/lacartebuissonniere.fr\/index.php\/2024\/04\/06\/nouvelle-collection-camelia\/#article\",\"isPartOf\":{\"@id\":\"https:\/\/lacartebuissonniere.fr\/index.php\/2024\/04\/06\/nouvelle-collection-camelia\/\"},\"author\":{\"name\":\"Carte buissonni\u00e8re\",\"@id\":\"https:\/\/lacartebuissonniere.fr\/#\/schema\/person\/4e60af809837a2287e4f6d4daaf7abd4\"},\"headline\":\"Nouvelle collection : Cam\u00e9lia\",\"datePublished\":\"2024-04-06T07:00:00+00:00\",\"dateModified\":\"2026-04-06T09:32:07+00:00\",\"mainEntityOfPage\":{\"@id\":\"https:\/\/lacartebuissonniere.fr\/index.php\/2024\/04\/06\/nouvelle-collection-camelia\/\"},\"wordCount\":82,\"commentCount\":0,\"publisher\":{\"@id\":\"https:\/\/lacartebuissonniere.fr\/#organization\"},\"image\":{\"@id\":\"https:\/\/lacartebuissonniere.fr\/index.php\/2024\/04\/06\/nouvelle-collection-camelia\/#primaryimage\"},\"thumbnailUrl\":\"https:\/\/lacartebuissonniere.fr\/wp-content\/uploads\/2024\/03\/DC067E16-0ECA-481B-B5AA-272771BEF4D3_1_105_c.jpeg\",\"articleSection\":[\"COLLECTIONS, TUTOS &amp; ASTUCES\",\"COULISSES\"],\"inLanguage\":\"fr-FR\",\"potentialAction\":[{\"@type\":\"CommentAction\",\"name\":\"Comment\",\"target\":[\"https:\/\/lacartebuissonniere.fr\/index.php\/2024\/04\/06\/nouvelle-collection-camelia\/#respond\"]}]},{\"@type\":\"WebPage\",\"@id\":\"https:\/\/lacartebuissonniere.fr\/index.php\/2024\/04\/06\/nouvelle-collection-camelia\/\",\"url\":\"https:\/\/lacartebuissonniere.fr\/index.php\/2024\/04\/06\/nouvelle-collection-camelia\/\",\"name\":\"Nouvelle collection : Cam\u00e9lia - La carte buissonni\u00e8re\",\"isPartOf\":{\"@id\":\"https:\/\/lacartebuissonniere.fr\/#website\"},\"primaryImageOfPage\":{\"@id\":\"https:\/\/lacartebuissonniere.fr\/index.php\/2024\/04\/06\/nouvelle-collection-camelia\/#primaryimage\"},\"image\":{\"@id\":\"https:\/\/lacartebuissonniere.fr\/index.php\/2024\/04\/06\/nouvelle-collection-camelia\/#primaryimage\"},\"thumbnailUrl\":\"https:\/\/lacartebuissonniere.fr\/wp-content\/uploads\/2024\/03\/DC067E16-0ECA-481B-B5AA-272771BEF4D3_1_105_c.jpeg\",\"datePublished\":\"2024-04-06T07:00:00+00:00\",\"dateModified\":\"2026-04-06T09:32:07+00:00\",\"breadcrumb\":{\"@id\":\"https:\/\/lacartebuissonniere.fr\/index.php\/2024\/04\/06\/nouvelle-collection-camelia\/#breadcrumb\"},\"inLanguage\":\"fr-FR\",\"potentialAction\":[{\"@type\":\"ReadAction\",\"target\":[\"https:\/\/lacartebuissonniere.fr\/index.php\/2024\/04\/06\/nouvelle-collection-camelia\/\"]}]},{\"@type\":\"ImageObject\",\"inLanguage\":\"fr-FR\",\"@id\":\"https:\/\/lacartebuissonniere.fr\/index.php\/2024\/04\/06\/nouvelle-collection-camelia\/#primaryimage\",\"url\":\"https:\/\/lacartebuissonniere.fr\/wp-content\/uploads\/2024\/03\/DC067E16-0ECA-481B-B5AA-272771BEF4D3_1_105_c.jpeg\",\"contentUrl\":\"https:\/\/lacartebuissonniere.fr\/wp-content\/uploads\/2024\/03\/DC067E16-0ECA-481B-B5AA-272771BEF4D3_1_105_c.jpeg\",\"width\":768,\"height\":1024},{\"@type\":\"BreadcrumbList\",\"@id\":\"https:\/\/lacartebuissonniere.fr\/index.php\/2024\/04\/06\/nouvelle-collection-camelia\/#breadcrumb\",\"itemListElement\":[{\"@type\":\"ListItem\",\"position\":1,\"name\":\"Accueil\",\"item\":\"https:\/\/lacartebuissonniere.fr\/\"},{\"@type\":\"ListItem\",\"position\":2,\"name\":\"Nouvelle collection : Cam\u00e9lia\"}]},{\"@type\":\"WebSite\",\"@id\":\"https:\/\/lacartebuissonniere.fr\/#website\",\"url\":\"https:\/\/lacartebuissonniere.fr\/\",\"name\":\"La carte buissonni\u00e8re\",\"description\":\"\",\"publisher\":{\"@id\":\"https:\/\/lacartebuissonniere.fr\/#organization\"},\"potentialAction\":[{\"@type\":\"SearchAction\",\"target\":{\"@type\":\"EntryPoint\",\"urlTemplate\":\"https:\/\/lacartebuissonniere.fr\/?s={search_term_string}\"},\"query-input\":{\"@type\":\"PropertyValueSpecification\",\"valueRequired\":true,\"valueName\":\"search_term_string\"}}],\"inLanguage\":\"fr-FR\"},{\"@type\":\"Organization\",\"@id\":\"https:\/\/lacartebuissonniere.fr\/#organization\",\"name\":\"La carte buissonni\u00e8re\",\"url\":\"https:\/\/lacartebuissonniere.fr\/\",\"logo\":{\"@type\":\"ImageObject\",\"inLanguage\":\"fr-FR\",\"@id\":\"https:\/\/lacartebuissonniere.fr\/#\/schema\/logo\/image\/\",\"url\":\"https:\/\/lacartebuissonniere.fr\/wp-content\/uploads\/2022\/12\/Illustration-sans-titre.jpg\",\"contentUrl\":\"https:\/\/lacartebuissonniere.fr\/wp-content\/uploads\/2022\/12\/Illustration-sans-titre.jpg\",\"width\":637,\"height\":680,\"caption\":\"La carte buissonni\u00e8re\"},\"image\":{\"@id\":\"https:\/\/lacartebuissonniere.fr\/#\/schema\/logo\/image\/\"},\"sameAs\":[\"https:\/\/www.facebook.com\/lacartebuissonniere\/\",\"https:\/\/www.pinterest.fr\/DelphChabanne\/\"]},{\"@type\":\"Person\",\"@id\":\"https:\/\/lacartebuissonniere.fr\/#\/schema\/person\/4e60af809837a2287e4f6d4daaf7abd4\",\"name\":\"Carte buissonni\u00e8re\",\"image\":{\"@type\":\"ImageObject\",\"inLanguage\":\"fr-FR\",\"@id\":\"https:\/\/lacartebuissonniere.fr\/#\/schema\/person\/image\/\",\"url\":\"https:\/\/secure.gravatar.com\/avatar\/b543b5e0f093efbab3dfee8595bf9077ed504ab48ffeb378c9dc263381c278e6?s=96&d=mm&r=g\",\"contentUrl\":\"https:\/\/secure.gravatar.com\/avatar\/b543b5e0f093efbab3dfee8595bf9077ed504ab48ffeb378c9dc263381c278e6?s=96&d=mm&r=g\",\"caption\":\"Carte buissonni\u00e8re\"},\"sameAs\":[\"http:\/\/lacartebuissonniere.fr\"],\"url\":\"https:\/\/lacartebuissonniere.fr\/index.php\/author\/carteb\/\"}]}<\/script>\n<!-- \/ Yoast SEO plugin. -->","yoast_head_json":{"title":"Nouvelle collection : Cam\u00e9lia - La carte buissonni\u00e8re","robots":{"index":"index","follow":"follow","max-snippet":"max-snippet:-1","max-image-preview":"max-image-preview:large","max-video-preview":"max-video-preview:-1"},"canonical":"https:\/\/lacartebuissonniere.fr\/index.php\/2024\/04\/06\/nouvelle-collection-camelia\/","og_locale":"fr_FR","og_type":"article","og_title":"Nouvelle collection : Cam\u00e9lia - La carte buissonni\u00e8re","og_description":"Je vous ai d\u00e9j\u00e0 parl\u00e9 du motif japonais tsubaki. En France, on trouve de multiples vari\u00e9t\u00e9s de cam\u00e9lias, dont les plus pr\u00e9coces fleurissent d\u00e8s d\u00e9cembre et offrent \u00e0 nos hivers leurs fleurs joliment cisel\u00e9es. En voici quelques-uns photographi\u00e9s au parc floral de Paris ou dans les rues de la capitale\u00a0: Cela m\u2019a donn\u00e9 envie de [&hellip;]","og_url":"https:\/\/lacartebuissonniere.fr\/index.php\/2024\/04\/06\/nouvelle-collection-camelia\/","og_site_name":"La carte buissonni\u00e8re","article_publisher":"https:\/\/www.facebook.com\/lacartebuissonniere\/","article_published_time":"2024-04-06T07:00:00+00:00","article_modified_time":"2026-04-06T09:32:07+00:00","og_image":[{"width":768,"height":1024,"url":"https:\/\/lacartebuissonniere.fr\/wp-content\/uploads\/2024\/03\/DC067E16-0ECA-481B-B5AA-272771BEF4D3_1_105_c.jpeg","type":"image\/jpeg"}],"author":"Carte buissonni\u00e8re","twitter_card":"summary_large_image","twitter_misc":{"\u00c9crit par":"Carte buissonni\u00e8re","Dur\u00e9e de lecture estim\u00e9e":"2 minutes"},"schema":{"@context":"https:\/\/schema.org","@graph":[{"@type":"Article","@id":"https:\/\/lacartebuissonniere.fr\/index.php\/2024\/04\/06\/nouvelle-collection-camelia\/#article","isPartOf":{"@id":"https:\/\/lacartebuissonniere.fr\/index.php\/2024\/04\/06\/nouvelle-collection-camelia\/"},"author":{"name":"Carte buissonni\u00e8re","@id":"https:\/\/lacartebuissonniere.fr\/#\/schema\/person\/4e60af809837a2287e4f6d4daaf7abd4"},"headline":"Nouvelle collection : Cam\u00e9lia","datePublished":"2024-04-06T07:00:00+00:00","dateModified":"2026-04-06T09:32:07+00:00","mainEntityOfPage":{"@id":"https:\/\/lacartebuissonniere.fr\/index.php\/2024\/04\/06\/nouvelle-collection-camelia\/"},"wordCount":82,"commentCount":0,"publisher":{"@id":"https:\/\/lacartebuissonniere.fr\/#organization"},"image":{"@id":"https:\/\/lacartebuissonniere.fr\/index.php\/2024\/04\/06\/nouvelle-collection-camelia\/#primaryimage"},"thumbnailUrl":"https:\/\/lacartebuissonniere.fr\/wp-content\/uploads\/2024\/03\/DC067E16-0ECA-481B-B5AA-272771BEF4D3_1_105_c.jpeg","articleSection":["COLLECTIONS, TUTOS &amp; ASTUCES","COULISSES"],"inLanguage":"fr-FR","potentialAction":[{"@type":"CommentAction","name":"Comment","target":["https:\/\/lacartebuissonniere.fr\/index.php\/2024\/04\/06\/nouvelle-collection-camelia\/#respond"]}]},{"@type":"WebPage","@id":"https:\/\/lacartebuissonniere.fr\/index.php\/2024\/04\/06\/nouvelle-collection-camelia\/","url":"https:\/\/lacartebuissonniere.fr\/index.php\/2024\/04\/06\/nouvelle-collection-camelia\/","name":"Nouvelle collection : Cam\u00e9lia - La carte buissonni\u00e8re","isPartOf":{"@id":"https:\/\/lacartebuissonniere.fr\/#website"},"primaryImageOfPage":{"@id":"https:\/\/lacartebuissonniere.fr\/index.php\/2024\/04\/06\/nouvelle-collection-camelia\/#primaryimage"},"image":{"@id":"https:\/\/lacartebuissonniere.fr\/index.php\/2024\/04\/06\/nouvelle-collection-camelia\/#primaryimage"},"thumbnailUrl":"https:\/\/lacartebuissonniere.fr\/wp-content\/uploads\/2024\/03\/DC067E16-0ECA-481B-B5AA-272771BEF4D3_1_105_c.jpeg","datePublished":"2024-04-06T07:00:00+00:00","dateModified":"2026-04-06T09:32:07+00:00","breadcrumb":{"@id":"https:\/\/lacartebuissonniere.fr\/index.php\/2024\/04\/06\/nouvelle-collection-camelia\/#breadcrumb"},"inLanguage":"fr-FR","potentialAction":[{"@type":"ReadAction","target":["https:\/\/lacartebuissonniere.fr\/index.php\/2024\/04\/06\/nouvelle-collection-camelia\/"]}]},{"@type":"ImageObject","inLanguage":"fr-FR","@id":"https:\/\/lacartebuissonniere.fr\/index.php\/2024\/04\/06\/nouvelle-collection-camelia\/#primaryimage","url":"https:\/\/lacartebuissonniere.fr\/wp-content\/uploads\/2024\/03\/DC067E16-0ECA-481B-B5AA-272771BEF4D3_1_105_c.jpeg","contentUrl":"https:\/\/lacartebuissonniere.fr\/wp-content\/uploads\/2024\/03\/DC067E16-0ECA-481B-B5AA-272771BEF4D3_1_105_c.jpeg","width":768,"height":1024},{"@type":"BreadcrumbList","@id":"https:\/\/lacartebuissonniere.fr\/index.php\/2024\/04\/06\/nouvelle-collection-camelia\/#breadcrumb","itemListElement":[{"@type":"ListItem","position":1,"name":"Accueil","item":"https:\/\/lacartebuissonniere.fr\/"},{"@type":"ListItem","position":2,"name":"Nouvelle collection : Cam\u00e9lia"}]},{"@type":"WebSite","@id":"https:\/\/lacartebuissonniere.fr\/#website","url":"https:\/\/lacartebuissonniere.fr\/","name":"La carte buissonni\u00e8re","description":"","publisher":{"@id":"https:\/\/lacartebuissonniere.fr\/#organization"},"potentialAction":[{"@type":"SearchAction","target":{"@type":"EntryPoint","urlTemplate":"https:\/\/lacartebuissonniere.fr\/?s={search_term_string}"},"query-input":{"@type":"PropertyValueSpecification","valueRequired":true,"valueName":"search_term_string"}}],"inLanguage":"fr-FR"},{"@type":"Organization","@id":"https:\/\/lacartebuissonniere.fr\/#organization","name":"La carte buissonni\u00e8re","url":"https:\/\/lacartebuissonniere.fr\/","logo":{"@type":"ImageObject","inLanguage":"fr-FR","@id":"https:\/\/lacartebuissonniere.fr\/#\/schema\/logo\/image\/","url":"https:\/\/lacartebuissonniere.fr\/wp-content\/uploads\/2022\/12\/Illustration-sans-titre.jpg","contentUrl":"https:\/\/lacartebuissonniere.fr\/wp-content\/uploads\/2022\/12\/Illustration-sans-titre.jpg","width":637,"height":680,"caption":"La carte buissonni\u00e8re"},"image":{"@id":"https:\/\/lacartebuissonniere.fr\/#\/schema\/logo\/image\/"},"sameAs":["https:\/\/www.facebook.com\/lacartebuissonniere\/","https:\/\/www.pinterest.fr\/DelphChabanne\/"]},{"@type":"Person","@id":"https:\/\/lacartebuissonniere.fr\/#\/schema\/person\/4e60af809837a2287e4f6d4daaf7abd4","name":"Carte buissonni\u00e8re","image":{"@type":"ImageObject","inLanguage":"fr-FR","@id":"https:\/\/lacartebuissonniere.fr\/#\/schema\/person\/image\/","url":"https:\/\/secure.gravatar.com\/avatar\/b543b5e0f093efbab3dfee8595bf9077ed504ab48ffeb378c9dc263381c278e6?s=96&d=mm&r=g","contentUrl":"https:\/\/secure.gravatar.com\/avatar\/b543b5e0f093efbab3dfee8595bf9077ed504ab48ffeb378c9dc263381c278e6?s=96&d=mm&r=g","caption":"Carte buissonni\u00e8re"},"sameAs":["http:\/\/lacartebuissonniere.fr"],"url":"https:\/\/lacartebuissonniere.fr\/index.php\/author\/carteb\/"}]}},"_links":{"self":[{"href":"https:\/\/lacartebuissonniere.fr\/index.php\/wp-json\/wp\/v2\/posts\/5153","targetHints":{"allow":["GET"]}}],"collection":[{"href":"https:\/\/lacartebuissonniere.fr\/index.php\/wp-json\/wp\/v2\/posts"}],"about":[{"href":"https:\/\/lacartebuissonniere.fr\/index.php\/wp-json\/wp\/v2\/types\/post"}],"author":[{"embeddable":true,"href":"https:\/\/lacartebuissonniere.fr\/index.php\/wp-json\/wp\/v2\/users\/2"}],"replies":[{"embeddable":true,"href":"https:\/\/lacartebuissonniere.fr\/index.php\/wp-json\/wp\/v2\/comments?post=5153"}],"version-history":[{"count":2,"href":"https:\/\/lacartebuissonniere.fr\/index.php\/wp-json\/wp\/v2\/posts\/5153\/revisions"}],"predecessor-version":[{"id":5166,"href":"https:\/\/lacartebuissonniere.fr\/index.php\/wp-json\/wp\/v2\/posts\/5153\/revisions\/5166"}],"wp:attachment":[{"href":"https:\/\/lacartebuissonniere.fr\/index.php\/wp-json\/wp\/v2\/media?parent=5153"}],"wp:term":[{"taxonomy":"category","embeddable":true,"href":"https:\/\/lacartebuissonniere.fr\/index.php\/wp-json\/wp\/v2\/categories?post=5153"},{"taxonomy":"post_tag","embeddable":true,"href":"https:\/\/lacartebuissonniere.fr\/index.php\/wp-json\/wp\/v2\/tags?post=5153"}],"curies":[{"name":"wp","href":"https:\/\/api.w.org\/{rel}","templated":true}]}}