{"id":5430,"date":"2024-05-09T09:00:00","date_gmt":"2024-05-09T07:00:00","guid":{"rendered":"https:\/\/lacartebuissonniere.fr\/?p=5430"},"modified":"2024-04-11T07:21:23","modified_gmt":"2024-04-11T05:21:23","slug":"journee-de-leurope","status":"publish","type":"post","link":"https:\/\/lacartebuissonniere.fr\/index.php\/2024\/05\/09\/journee-de-leurope\/","title":{"rendered":"Journ\u00e9e de l\u2019Europe"},"content":{"rendered":"\n<p><\/p>\n\n\n\n<p>La <a href=\"https:\/\/european-union.europa.eu\/principles-countries-history\/symbols\/europe-day_fr\" target=\"_blank\" rel=\"noreferrer noopener\">journ\u00e9e du 9 mai<\/a> comm\u00e9more la d\u00e9claration de Robert Schuman marquant le d\u00e9but de la construction communautaire en 1950.<\/p>\n\n\n\n<p>Les \u00c9tats membres organisent toutes sortes d\u2019\u00e9v\u00e9nements, afin de <strong>rappeler les origines et les \u00e9tapes de la construction europ\u00e9enne, de faire conna\u00eetre ses institutions, ses richesses culturelles, sa diversit\u00e9 linguistique\u2026<\/strong><strong><\/strong><\/p>\n\n\n\n<p><strong>Cela valait bien une carte buissonni\u00e8re aux couleurs europ\u00e9ennes\u00a0!<\/strong><\/p>\n\n\n<div class=\"wp-block-image\">\n<figure class=\"aligncenter size-large\"><img loading=\"lazy\" decoding=\"async\" width=\"739\" height=\"1024\" src=\"https:\/\/lacartebuissonniere.fr\/wp-content\/uploads\/2024\/04\/IMG_2384-739x1024.jpeg\" alt=\"\" class=\"wp-image-5431\" srcset=\"https:\/\/lacartebuissonniere.fr\/wp-content\/uploads\/2024\/04\/IMG_2384-739x1024.jpeg 739w, https:\/\/lacartebuissonniere.fr\/wp-content\/uploads\/2024\/04\/IMG_2384-216x300.jpeg 216w, https:\/\/lacartebuissonniere.fr\/wp-content\/uploads\/2024\/04\/IMG_2384-768x1064.jpeg 768w, https:\/\/lacartebuissonniere.fr\/wp-content\/uploads\/2024\/04\/IMG_2384-1108x1536.jpeg 1108w, https:\/\/lacartebuissonniere.fr\/wp-content\/uploads\/2024\/04\/IMG_2384-1478x2048.jpeg 1478w, https:\/\/lacartebuissonniere.fr\/wp-content\/uploads\/2024\/04\/IMG_2384-433x600.jpeg 433w, https:\/\/lacartebuissonniere.fr\/wp-content\/uploads\/2024\/04\/IMG_2384-scaled.jpeg 1847w\" sizes=\"auto, (max-width: 739px) 100vw, 739px\" \/><\/figure>\n<\/div>","protected":false},"excerpt":{"rendered":"<p>La journ\u00e9e du 9 mai comm\u00e9more la d\u00e9claration de Robert Schuman marquant le d\u00e9but de la construction communautaire en 1950. Les \u00c9tats membres organisent toutes sortes d\u2019\u00e9v\u00e9nements, afin de rappeler les origines et les \u00e9tapes de la construction europ\u00e9enne, de faire conna\u00eetre ses institutions, ses richesses culturelles, sa diversit\u00e9 linguistique\u2026 Cela valait bien une carte [&hellip;]<\/p>\n","protected":false},"author":2,"featured_media":0,"comment_status":"open","ping_status":"open","sticky":false,"template":"","format":"standard","meta":{"two_page_speed":[],"footnotes":""},"categories":[13],"tags":[],"class_list":["post-5430","post","type-post","status-publish","format-standard","hentry","category-infos","entry"],"yoast_head":"<!-- This site is optimized with the Yoast SEO plugin v25.4 - https:\/\/yoast.com\/wordpress\/plugins\/seo\/ -->\n<title>Journ\u00e9e de l\u2019Europe - La carte buissonni\u00e8re<\/title>\n<meta name=\"robots\" content=\"index, follow, max-snippet:-1, max-image-preview:large, max-video-preview:-1\" \/>\n<link rel=\"canonical\" href=\"https:\/\/lacartebuissonniere.fr\/index.php\/2024\/05\/09\/journee-de-leurope\/\" \/>\n<meta property=\"og:locale\" content=\"fr_FR\" \/>\n<meta property=\"og:type\" content=\"article\" \/>\n<meta property=\"og:title\" content=\"Journ\u00e9e de l\u2019Europe - La carte buissonni\u00e8re\" \/>\n<meta property=\"og:description\" content=\"La journ\u00e9e du 9 mai comm\u00e9more la d\u00e9claration de Robert Schuman marquant le d\u00e9but de la construction communautaire en 1950. Les \u00c9tats membres organisent toutes sortes d\u2019\u00e9v\u00e9nements, afin de rappeler les origines et les \u00e9tapes de la construction europ\u00e9enne, de faire conna\u00eetre ses institutions, ses richesses culturelles, sa diversit\u00e9 linguistique\u2026 Cela valait bien une carte [&hellip;]\" \/>\n<meta property=\"og:url\" content=\"https:\/\/lacartebuissonniere.fr\/index.php\/2024\/05\/09\/journee-de-leurope\/\" \/>\n<meta property=\"og:site_name\" content=\"La carte buissonni\u00e8re\" \/>\n<meta property=\"article:publisher\" content=\"https:\/\/www.facebook.com\/lacartebuissonniere\/\" \/>\n<meta property=\"article:published_time\" content=\"2024-05-09T07:00:00+00:00\" \/>\n<meta property=\"og:image\" content=\"https:\/\/lacartebuissonniere.fr\/wp-content\/uploads\/2024\/04\/IMG_2384-739x1024.jpeg\" \/>\n<meta name=\"author\" content=\"Carte buissonni\u00e8re\" \/>\n<meta name=\"twitter:card\" content=\"summary_large_image\" \/>\n<meta name=\"twitter:label1\" content=\"\u00c9crit par\" \/>\n\t<meta name=\"twitter:data1\" content=\"Carte buissonni\u00e8re\" \/>\n\t<meta name=\"twitter:label2\" content=\"Dur\u00e9e de lecture estim\u00e9e\" \/>\n\t<meta name=\"twitter:data2\" content=\"1 minute\" \/>\n<script type=\"application\/ld+json\" class=\"yoast-schema-graph\">{\"@context\":\"https:\/\/schema.org\",\"@graph\":[{\"@type\":\"Article\",\"@id\":\"https:\/\/lacartebuissonniere.fr\/index.php\/2024\/05\/09\/journee-de-leurope\/#article\",\"isPartOf\":{\"@id\":\"https:\/\/lacartebuissonniere.fr\/index.php\/2024\/05\/09\/journee-de-leurope\/\"},\"author\":{\"name\":\"Carte buissonni\u00e8re\",\"@id\":\"https:\/\/lacartebuissonniere.fr\/#\/schema\/person\/4e60af809837a2287e4f6d4daaf7abd4\"},\"headline\":\"Journ\u00e9e de l\u2019Europe\",\"datePublished\":\"2024-05-09T07:00:00+00:00\",\"mainEntityOfPage\":{\"@id\":\"https:\/\/lacartebuissonniere.fr\/index.php\/2024\/05\/09\/journee-de-leurope\/\"},\"wordCount\":72,\"commentCount\":0,\"publisher\":{\"@id\":\"https:\/\/lacartebuissonniere.fr\/#organization\"},\"image\":{\"@id\":\"https:\/\/lacartebuissonniere.fr\/index.php\/2024\/05\/09\/journee-de-leurope\/#primaryimage\"},\"thumbnailUrl\":\"https:\/\/lacartebuissonniere.fr\/wp-content\/uploads\/2024\/04\/IMG_2384-739x1024.jpeg\",\"articleSection\":[\"INFOS\"],\"inLanguage\":\"fr-FR\",\"potentialAction\":[{\"@type\":\"CommentAction\",\"name\":\"Comment\",\"target\":[\"https:\/\/lacartebuissonniere.fr\/index.php\/2024\/05\/09\/journee-de-leurope\/#respond\"]}]},{\"@type\":\"WebPage\",\"@id\":\"https:\/\/lacartebuissonniere.fr\/index.php\/2024\/05\/09\/journee-de-leurope\/\",\"url\":\"https:\/\/lacartebuissonniere.fr\/index.php\/2024\/05\/09\/journee-de-leurope\/\",\"name\":\"Journ\u00e9e de l\u2019Europe - La carte buissonni\u00e8re\",\"isPartOf\":{\"@id\":\"https:\/\/lacartebuissonniere.fr\/#website\"},\"primaryImageOfPage\":{\"@id\":\"https:\/\/lacartebuissonniere.fr\/index.php\/2024\/05\/09\/journee-de-leurope\/#primaryimage\"},\"image\":{\"@id\":\"https:\/\/lacartebuissonniere.fr\/index.php\/2024\/05\/09\/journee-de-leurope\/#primaryimage\"},\"thumbnailUrl\":\"https:\/\/lacartebuissonniere.fr\/wp-content\/uploads\/2024\/04\/IMG_2384-739x1024.jpeg\",\"datePublished\":\"2024-05-09T07:00:00+00:00\",\"breadcrumb\":{\"@id\":\"https:\/\/lacartebuissonniere.fr\/index.php\/2024\/05\/09\/journee-de-leurope\/#breadcrumb\"},\"inLanguage\":\"fr-FR\",\"potentialAction\":[{\"@type\":\"ReadAction\",\"target\":[\"https:\/\/lacartebuissonniere.fr\/index.php\/2024\/05\/09\/journee-de-leurope\/\"]}]},{\"@type\":\"ImageObject\",\"inLanguage\":\"fr-FR\",\"@id\":\"https:\/\/lacartebuissonniere.fr\/index.php\/2024\/05\/09\/journee-de-leurope\/#primaryimage\",\"url\":\"https:\/\/lacartebuissonniere.fr\/wp-content\/uploads\/2024\/04\/IMG_2384-scaled.jpeg\",\"contentUrl\":\"https:\/\/lacartebuissonniere.fr\/wp-content\/uploads\/2024\/04\/IMG_2384-scaled.jpeg\",\"width\":1847,\"height\":2560},{\"@type\":\"BreadcrumbList\",\"@id\":\"https:\/\/lacartebuissonniere.fr\/index.php\/2024\/05\/09\/journee-de-leurope\/#breadcrumb\",\"itemListElement\":[{\"@type\":\"ListItem\",\"position\":1,\"name\":\"Accueil\",\"item\":\"https:\/\/lacartebuissonniere.fr\/\"},{\"@type\":\"ListItem\",\"position\":2,\"name\":\"Journ\u00e9e de l\u2019Europe\"}]},{\"@type\":\"WebSite\",\"@id\":\"https:\/\/lacartebuissonniere.fr\/#website\",\"url\":\"https:\/\/lacartebuissonniere.fr\/\",\"name\":\"La carte buissonni\u00e8re\",\"description\":\"\",\"publisher\":{\"@id\":\"https:\/\/lacartebuissonniere.fr\/#organization\"},\"potentialAction\":[{\"@type\":\"SearchAction\",\"target\":{\"@type\":\"EntryPoint\",\"urlTemplate\":\"https:\/\/lacartebuissonniere.fr\/?s={search_term_string}\"},\"query-input\":{\"@type\":\"PropertyValueSpecification\",\"valueRequired\":true,\"valueName\":\"search_term_string\"}}],\"inLanguage\":\"fr-FR\"},{\"@type\":\"Organization\",\"@id\":\"https:\/\/lacartebuissonniere.fr\/#organization\",\"name\":\"La carte buissonni\u00e8re\",\"url\":\"https:\/\/lacartebuissonniere.fr\/\",\"logo\":{\"@type\":\"ImageObject\",\"inLanguage\":\"fr-FR\",\"@id\":\"https:\/\/lacartebuissonniere.fr\/#\/schema\/logo\/image\/\",\"url\":\"https:\/\/lacartebuissonniere.fr\/wp-content\/uploads\/2022\/12\/Illustration-sans-titre.jpg\",\"contentUrl\":\"https:\/\/lacartebuissonniere.fr\/wp-content\/uploads\/2022\/12\/Illustration-sans-titre.jpg\",\"width\":637,\"height\":680,\"caption\":\"La carte buissonni\u00e8re\"},\"image\":{\"@id\":\"https:\/\/lacartebuissonniere.fr\/#\/schema\/logo\/image\/\"},\"sameAs\":[\"https:\/\/www.facebook.com\/lacartebuissonniere\/\",\"https:\/\/www.pinterest.fr\/DelphChabanne\/\"]},{\"@type\":\"Person\",\"@id\":\"https:\/\/lacartebuissonniere.fr\/#\/schema\/person\/4e60af809837a2287e4f6d4daaf7abd4\",\"name\":\"Carte buissonni\u00e8re\",\"image\":{\"@type\":\"ImageObject\",\"inLanguage\":\"fr-FR\",\"@id\":\"https:\/\/lacartebuissonniere.fr\/#\/schema\/person\/image\/\",\"url\":\"https:\/\/secure.gravatar.com\/avatar\/b543b5e0f093efbab3dfee8595bf9077ed504ab48ffeb378c9dc263381c278e6?s=96&d=mm&r=g\",\"contentUrl\":\"https:\/\/secure.gravatar.com\/avatar\/b543b5e0f093efbab3dfee8595bf9077ed504ab48ffeb378c9dc263381c278e6?s=96&d=mm&r=g\",\"caption\":\"Carte buissonni\u00e8re\"},\"sameAs\":[\"http:\/\/lacartebuissonniere.fr\"],\"url\":\"https:\/\/lacartebuissonniere.fr\/index.php\/author\/carteb\/\"}]}<\/script>\n<!-- \/ Yoast SEO plugin. -->","yoast_head_json":{"title":"Journ\u00e9e de l\u2019Europe - La carte buissonni\u00e8re","robots":{"index":"index","follow":"follow","max-snippet":"max-snippet:-1","max-image-preview":"max-image-preview:large","max-video-preview":"max-video-preview:-1"},"canonical":"https:\/\/lacartebuissonniere.fr\/index.php\/2024\/05\/09\/journee-de-leurope\/","og_locale":"fr_FR","og_type":"article","og_title":"Journ\u00e9e de l\u2019Europe - La carte buissonni\u00e8re","og_description":"La journ\u00e9e du 9 mai comm\u00e9more la d\u00e9claration de Robert Schuman marquant le d\u00e9but de la construction communautaire en 1950. Les \u00c9tats membres organisent toutes sortes d\u2019\u00e9v\u00e9nements, afin de rappeler les origines et les \u00e9tapes de la construction europ\u00e9enne, de faire conna\u00eetre ses institutions, ses richesses culturelles, sa diversit\u00e9 linguistique\u2026 Cela valait bien une carte [&hellip;]","og_url":"https:\/\/lacartebuissonniere.fr\/index.php\/2024\/05\/09\/journee-de-leurope\/","og_site_name":"La carte buissonni\u00e8re","article_publisher":"https:\/\/www.facebook.com\/lacartebuissonniere\/","article_published_time":"2024-05-09T07:00:00+00:00","og_image":[{"url":"https:\/\/lacartebuissonniere.fr\/wp-content\/uploads\/2024\/04\/IMG_2384-739x1024.jpeg","type":"","width":"","height":""}],"author":"Carte buissonni\u00e8re","twitter_card":"summary_large_image","twitter_misc":{"\u00c9crit par":"Carte buissonni\u00e8re","Dur\u00e9e de lecture estim\u00e9e":"1 minute"},"schema":{"@context":"https:\/\/schema.org","@graph":[{"@type":"Article","@id":"https:\/\/lacartebuissonniere.fr\/index.php\/2024\/05\/09\/journee-de-leurope\/#article","isPartOf":{"@id":"https:\/\/lacartebuissonniere.fr\/index.php\/2024\/05\/09\/journee-de-leurope\/"},"author":{"name":"Carte buissonni\u00e8re","@id":"https:\/\/lacartebuissonniere.fr\/#\/schema\/person\/4e60af809837a2287e4f6d4daaf7abd4"},"headline":"Journ\u00e9e de l\u2019Europe","datePublished":"2024-05-09T07:00:00+00:00","mainEntityOfPage":{"@id":"https:\/\/lacartebuissonniere.fr\/index.php\/2024\/05\/09\/journee-de-leurope\/"},"wordCount":72,"commentCount":0,"publisher":{"@id":"https:\/\/lacartebuissonniere.fr\/#organization"},"image":{"@id":"https:\/\/lacartebuissonniere.fr\/index.php\/2024\/05\/09\/journee-de-leurope\/#primaryimage"},"thumbnailUrl":"https:\/\/lacartebuissonniere.fr\/wp-content\/uploads\/2024\/04\/IMG_2384-739x1024.jpeg","articleSection":["INFOS"],"inLanguage":"fr-FR","potentialAction":[{"@type":"CommentAction","name":"Comment","target":["https:\/\/lacartebuissonniere.fr\/index.php\/2024\/05\/09\/journee-de-leurope\/#respond"]}]},{"@type":"WebPage","@id":"https:\/\/lacartebuissonniere.fr\/index.php\/2024\/05\/09\/journee-de-leurope\/","url":"https:\/\/lacartebuissonniere.fr\/index.php\/2024\/05\/09\/journee-de-leurope\/","name":"Journ\u00e9e de l\u2019Europe - La carte buissonni\u00e8re","isPartOf":{"@id":"https:\/\/lacartebuissonniere.fr\/#website"},"primaryImageOfPage":{"@id":"https:\/\/lacartebuissonniere.fr\/index.php\/2024\/05\/09\/journee-de-leurope\/#primaryimage"},"image":{"@id":"https:\/\/lacartebuissonniere.fr\/index.php\/2024\/05\/09\/journee-de-leurope\/#primaryimage"},"thumbnailUrl":"https:\/\/lacartebuissonniere.fr\/wp-content\/uploads\/2024\/04\/IMG_2384-739x1024.jpeg","datePublished":"2024-05-09T07:00:00+00:00","breadcrumb":{"@id":"https:\/\/lacartebuissonniere.fr\/index.php\/2024\/05\/09\/journee-de-leurope\/#breadcrumb"},"inLanguage":"fr-FR","potentialAction":[{"@type":"ReadAction","target":["https:\/\/lacartebuissonniere.fr\/index.php\/2024\/05\/09\/journee-de-leurope\/"]}]},{"@type":"ImageObject","inLanguage":"fr-FR","@id":"https:\/\/lacartebuissonniere.fr\/index.php\/2024\/05\/09\/journee-de-leurope\/#primaryimage","url":"https:\/\/lacartebuissonniere.fr\/wp-content\/uploads\/2024\/04\/IMG_2384-scaled.jpeg","contentUrl":"https:\/\/lacartebuissonniere.fr\/wp-content\/uploads\/2024\/04\/IMG_2384-scaled.jpeg","width":1847,"height":2560},{"@type":"BreadcrumbList","@id":"https:\/\/lacartebuissonniere.fr\/index.php\/2024\/05\/09\/journee-de-leurope\/#breadcrumb","itemListElement":[{"@type":"ListItem","position":1,"name":"Accueil","item":"https:\/\/lacartebuissonniere.fr\/"},{"@type":"ListItem","position":2,"name":"Journ\u00e9e de l\u2019Europe"}]},{"@type":"WebSite","@id":"https:\/\/lacartebuissonniere.fr\/#website","url":"https:\/\/lacartebuissonniere.fr\/","name":"La carte buissonni\u00e8re","description":"","publisher":{"@id":"https:\/\/lacartebuissonniere.fr\/#organization"},"potentialAction":[{"@type":"SearchAction","target":{"@type":"EntryPoint","urlTemplate":"https:\/\/lacartebuissonniere.fr\/?s={search_term_string}"},"query-input":{"@type":"PropertyValueSpecification","valueRequired":true,"valueName":"search_term_string"}}],"inLanguage":"fr-FR"},{"@type":"Organization","@id":"https:\/\/lacartebuissonniere.fr\/#organization","name":"La carte buissonni\u00e8re","url":"https:\/\/lacartebuissonniere.fr\/","logo":{"@type":"ImageObject","inLanguage":"fr-FR","@id":"https:\/\/lacartebuissonniere.fr\/#\/schema\/logo\/image\/","url":"https:\/\/lacartebuissonniere.fr\/wp-content\/uploads\/2022\/12\/Illustration-sans-titre.jpg","contentUrl":"https:\/\/lacartebuissonniere.fr\/wp-content\/uploads\/2022\/12\/Illustration-sans-titre.jpg","width":637,"height":680,"caption":"La carte buissonni\u00e8re"},"image":{"@id":"https:\/\/lacartebuissonniere.fr\/#\/schema\/logo\/image\/"},"sameAs":["https:\/\/www.facebook.com\/lacartebuissonniere\/","https:\/\/www.pinterest.fr\/DelphChabanne\/"]},{"@type":"Person","@id":"https:\/\/lacartebuissonniere.fr\/#\/schema\/person\/4e60af809837a2287e4f6d4daaf7abd4","name":"Carte buissonni\u00e8re","image":{"@type":"ImageObject","inLanguage":"fr-FR","@id":"https:\/\/lacartebuissonniere.fr\/#\/schema\/person\/image\/","url":"https:\/\/secure.gravatar.com\/avatar\/b543b5e0f093efbab3dfee8595bf9077ed504ab48ffeb378c9dc263381c278e6?s=96&d=mm&r=g","contentUrl":"https:\/\/secure.gravatar.com\/avatar\/b543b5e0f093efbab3dfee8595bf9077ed504ab48ffeb378c9dc263381c278e6?s=96&d=mm&r=g","caption":"Carte buissonni\u00e8re"},"sameAs":["http:\/\/lacartebuissonniere.fr"],"url":"https:\/\/lacartebuissonniere.fr\/index.php\/author\/carteb\/"}]}},"_links":{"self":[{"href":"https:\/\/lacartebuissonniere.fr\/index.php\/wp-json\/wp\/v2\/posts\/5430","targetHints":{"allow":["GET"]}}],"collection":[{"href":"https:\/\/lacartebuissonniere.fr\/index.php\/wp-json\/wp\/v2\/posts"}],"about":[{"href":"https:\/\/lacartebuissonniere.fr\/index.php\/wp-json\/wp\/v2\/types\/post"}],"author":[{"embeddable":true,"href":"https:\/\/lacartebuissonniere.fr\/index.php\/wp-json\/wp\/v2\/users\/2"}],"replies":[{"embeddable":true,"href":"https:\/\/lacartebuissonniere.fr\/index.php\/wp-json\/wp\/v2\/comments?post=5430"}],"version-history":[{"count":1,"href":"https:\/\/lacartebuissonniere.fr\/index.php\/wp-json\/wp\/v2\/posts\/5430\/revisions"}],"predecessor-version":[{"id":5432,"href":"https:\/\/lacartebuissonniere.fr\/index.php\/wp-json\/wp\/v2\/posts\/5430\/revisions\/5432"}],"wp:attachment":[{"href":"https:\/\/lacartebuissonniere.fr\/index.php\/wp-json\/wp\/v2\/media?parent=5430"}],"wp:term":[{"taxonomy":"category","embeddable":true,"href":"https:\/\/lacartebuissonniere.fr\/index.php\/wp-json\/wp\/v2\/categories?post=5430"},{"taxonomy":"post_tag","embeddable":true,"href":"https:\/\/lacartebuissonniere.fr\/index.php\/wp-json\/wp\/v2\/tags?post=5430"}],"curies":[{"name":"wp","href":"https:\/\/api.w.org\/{rel}","templated":true}]}}