{"id":5445,"date":"2024-05-11T09:00:00","date_gmt":"2024-05-11T07:00:00","guid":{"rendered":"https:\/\/lacartebuissonniere.fr\/?p=5445"},"modified":"2024-04-13T12:24:56","modified_gmt":"2024-04-13T10:24:56","slug":"sous-le-signe-de-la-fritillaire","status":"publish","type":"post","link":"https:\/\/lacartebuissonniere.fr\/index.php\/2024\/05\/11\/sous-le-signe-de-la-fritillaire\/","title":{"rendered":"Sous le signe de la fritillaire"},"content":{"rendered":"\n<p><\/p>\n\n\n\n<p>Dans le calendrier r\u00e9publicain fran\u00e7ais, le 22<sup>e<\/sup>\u00a0jour du mois de flor\u00e9al, souvent notre 11 mai, \u00e9tait d\u00e9nomm\u00e9 jour de la fritillaire.<\/p>\n\n\n<div class=\"wp-block-image\">\n<figure class=\"aligncenter size-full\"><img loading=\"lazy\" decoding=\"async\" width=\"859\" height=\"573\" src=\"https:\/\/lacartebuissonniere.fr\/wp-content\/uploads\/2024\/04\/C50AA590-F6D9-496D-B645-9BCBCCD1C315_1_201_a.jpeg\" alt=\"\" class=\"wp-image-5446\" srcset=\"https:\/\/lacartebuissonniere.fr\/wp-content\/uploads\/2024\/04\/C50AA590-F6D9-496D-B645-9BCBCCD1C315_1_201_a.jpeg 859w, https:\/\/lacartebuissonniere.fr\/wp-content\/uploads\/2024\/04\/C50AA590-F6D9-496D-B645-9BCBCCD1C315_1_201_a-300x200.jpeg 300w, https:\/\/lacartebuissonniere.fr\/wp-content\/uploads\/2024\/04\/C50AA590-F6D9-496D-B645-9BCBCCD1C315_1_201_a-768x512.jpeg 768w, https:\/\/lacartebuissonniere.fr\/wp-content\/uploads\/2024\/04\/C50AA590-F6D9-496D-B645-9BCBCCD1C315_1_201_a-600x400.jpeg 600w\" sizes=\"auto, (max-width: 859px) 100vw, 859px\" \/><\/figure>\n<\/div>\n\n\n<p><\/p>\n\n\n\n<p>Semblable \u00e0 une tulipe renvers\u00e9e, la jolie fleur de la fritillaire pintade (<em>Fritillaria meleagris<\/em>), la plus commune des fritillaires, arbore des couleurs r\u00e9parties en damier qui vont du pourpre au rose p\u00e2le, voire au blanc.<\/p>\n\n\n<div class=\"wp-block-image\">\n<figure class=\"aligncenter size-full\"><img loading=\"lazy\" decoding=\"async\" width=\"770\" height=\"1020\" src=\"https:\/\/lacartebuissonniere.fr\/wp-content\/uploads\/2024\/04\/4B923A7F-73B3-48FD-8C58-2779BE8D2D34_1_105_c.jpeg\" alt=\"\" class=\"wp-image-5447\" srcset=\"https:\/\/lacartebuissonniere.fr\/wp-content\/uploads\/2024\/04\/4B923A7F-73B3-48FD-8C58-2779BE8D2D34_1_105_c.jpeg 770w, https:\/\/lacartebuissonniere.fr\/wp-content\/uploads\/2024\/04\/4B923A7F-73B3-48FD-8C58-2779BE8D2D34_1_105_c-226x300.jpeg 226w, https:\/\/lacartebuissonniere.fr\/wp-content\/uploads\/2024\/04\/4B923A7F-73B3-48FD-8C58-2779BE8D2D34_1_105_c-768x1017.jpeg 768w, https:\/\/lacartebuissonniere.fr\/wp-content\/uploads\/2024\/04\/4B923A7F-73B3-48FD-8C58-2779BE8D2D34_1_105_c-453x600.jpeg 453w\" sizes=\"auto, (max-width: 770px) 100vw, 770px\" \/><figcaption class=\"wp-element-caption\">R. Si\u00e9lain, \u00ab\u00a0Atlas de poche des plantes des champs, des prairies &amp; des bois \u00e0 l\u2019usage des promeneurs &amp; des excursionnistes\u00a0\u00bb (dessin d\u2019A. d\u2019Apreval)<\/figcaption><\/figure>\n<\/div>\n\n\n<p><\/p>\n\n\n\n<p>Le <a href=\"https:\/\/www.cnrtl.fr\/definition\/fritillaire\" target=\"_blank\" rel=\"noreferrer noopener\">Tr\u00e9sor de la langue fran\u00e7aise<\/a> lui pr\u00eate comme \u00e9tymologie <em>fritillus<\/em> \u00ab cornet \u00e0 d\u00e9s \u00bb, pris \u00e0 tort au sens de \u00ab damier \u00bb. Mais la fleur a aussi la forme en cloche de ces gobelets \u00e0 d\u00e9s utilis\u00e9s dans la Rome antique.<\/p>\n\n\n\n<p>Quant \u00e0 l\u2019appellation \u00ab&nbsp;pintade&nbsp;\u00bb, elle vient de ses fleurs tachet\u00e9es comme le plumage de l\u2019oiseau.<\/p>\n\n\n\n<p>Elle porte de nombreux noms vernaculaires aux belles sonorit\u00e9s\u00a0: Bonnet d\u2019\u00e9v\u00eaque, Cancane,\u00a0 Chaudron, Cloche, Clochette, Coccigrole, Coquelourde, Damier, Gogane, Lanterne, \u0152uf de vanneau, Paloube,\u00a0\u00a0 Pampal\u00e8ne,\u00a0\u00a0 Papelote,\u00a0\u00a0 Pispor\u00e8te,\u00a0\u00a0 Pompane, Porgronne, Pot-de-Canne, Prot, Talibourneau, Tulipe de Goudeba, \u0152uf de pintade, Gogane, Pintadine ou encore Perrot en saintongeais (liste \u00e9tablie sur Wikip\u00e9dia).<\/p>\n\n\n\n<p>D\u00e8s le XVI<sup>e<\/sup> si\u00e8cle, le Hongrois Joris Hoefnagel en d\u00e9core ce folio des <em>Mira calligraphiae monumenta<\/em>, entre noix, pi\u00e9ride du chou et cerise\u00a0:<\/p>\n\n\n<div class=\"wp-block-image\">\n<figure class=\"aligncenter size-large\"><img loading=\"lazy\" decoding=\"async\" width=\"736\" height=\"1024\" src=\"https:\/\/lacartebuissonniere.fr\/wp-content\/uploads\/2024\/04\/6F31CD7E-9512-45EF-96C3-8FC88A1E69DB_1_201_a-736x1024.jpeg\" alt=\"\" class=\"wp-image-5448\" srcset=\"https:\/\/lacartebuissonniere.fr\/wp-content\/uploads\/2024\/04\/6F31CD7E-9512-45EF-96C3-8FC88A1E69DB_1_201_a-736x1024.jpeg 736w, https:\/\/lacartebuissonniere.fr\/wp-content\/uploads\/2024\/04\/6F31CD7E-9512-45EF-96C3-8FC88A1E69DB_1_201_a-215x300.jpeg 215w, https:\/\/lacartebuissonniere.fr\/wp-content\/uploads\/2024\/04\/6F31CD7E-9512-45EF-96C3-8FC88A1E69DB_1_201_a-768x1069.jpeg 768w, https:\/\/lacartebuissonniere.fr\/wp-content\/uploads\/2024\/04\/6F31CD7E-9512-45EF-96C3-8FC88A1E69DB_1_201_a-431x600.jpeg 431w, https:\/\/lacartebuissonniere.fr\/wp-content\/uploads\/2024\/04\/6F31CD7E-9512-45EF-96C3-8FC88A1E69DB_1_201_a.jpeg 974w\" sizes=\"auto, (max-width: 736px) 100vw, 736px\" \/><\/figure>\n<\/div>\n\n\n<p><\/p>\n\n\n\n<p>En plein Si\u00e8cle d\u2019or hollandais, Ambrosius Bosschaert la m\u00eale \u00e0 de somptueux bouquets\u00a0:<\/p>\n\n\n\n<figure class=\"wp-block-gallery has-nested-images columns-default is-cropped wp-block-gallery-1 is-layout-flex wp-block-gallery-is-layout-flex\">\n<figure class=\"wp-block-image size-large\"><img loading=\"lazy\" decoding=\"async\" width=\"857\" height=\"1024\" data-id=\"5450\" src=\"https:\/\/lacartebuissonniere.fr\/wp-content\/uploads\/2024\/04\/8C9F5C49-CE7D-4818-9777-80724BB9A8A4_1_201_a-857x1024.jpeg\" alt=\"\" class=\"wp-image-5450\" srcset=\"https:\/\/lacartebuissonniere.fr\/wp-content\/uploads\/2024\/04\/8C9F5C49-CE7D-4818-9777-80724BB9A8A4_1_201_a-857x1024.jpeg 857w, https:\/\/lacartebuissonniere.fr\/wp-content\/uploads\/2024\/04\/8C9F5C49-CE7D-4818-9777-80724BB9A8A4_1_201_a-251x300.jpeg 251w, https:\/\/lacartebuissonniere.fr\/wp-content\/uploads\/2024\/04\/8C9F5C49-CE7D-4818-9777-80724BB9A8A4_1_201_a-768x918.jpeg 768w, https:\/\/lacartebuissonniere.fr\/wp-content\/uploads\/2024\/04\/8C9F5C49-CE7D-4818-9777-80724BB9A8A4_1_201_a-1285x1536.jpeg 1285w, https:\/\/lacartebuissonniere.fr\/wp-content\/uploads\/2024\/04\/8C9F5C49-CE7D-4818-9777-80724BB9A8A4_1_201_a-1714x2048.jpeg 1714w, https:\/\/lacartebuissonniere.fr\/wp-content\/uploads\/2024\/04\/8C9F5C49-CE7D-4818-9777-80724BB9A8A4_1_201_a-502x600.jpeg 502w\" sizes=\"auto, (max-width: 857px) 100vw, 857px\" \/><\/figure>\n\n\n\n<figure class=\"wp-block-image size-large\"><img loading=\"lazy\" decoding=\"async\" width=\"695\" height=\"900\" data-id=\"5449\" src=\"https:\/\/lacartebuissonniere.fr\/wp-content\/uploads\/2024\/04\/0CD04010-7F7D-42A5-902A-296287BDED0A_1_201_a.jpeg\" alt=\"\" class=\"wp-image-5449\" srcset=\"https:\/\/lacartebuissonniere.fr\/wp-content\/uploads\/2024\/04\/0CD04010-7F7D-42A5-902A-296287BDED0A_1_201_a.jpeg 695w, https:\/\/lacartebuissonniere.fr\/wp-content\/uploads\/2024\/04\/0CD04010-7F7D-42A5-902A-296287BDED0A_1_201_a-232x300.jpeg 232w, https:\/\/lacartebuissonniere.fr\/wp-content\/uploads\/2024\/04\/0CD04010-7F7D-42A5-902A-296287BDED0A_1_201_a-463x600.jpeg 463w\" sizes=\"auto, (max-width: 695px) 100vw, 695px\" \/><\/figure>\n<\/figure>\n\n\n\n<p><\/p>\n\n\n\n<p>Et je n\u2019ai gu\u00e8re \u00e9t\u00e9 \u00e9tonn\u00e9e de la trouver dans l\u2019<em>\u00c9tude de la plante<\/em> de Maurice Pillard Verneuil (1903), tant son \u00e9l\u00e9gance se devait d\u2019inspirer l\u2019Art nouveau\u00a0:<\/p>\n\n\n\n<figure class=\"wp-block-gallery has-nested-images columns-default is-cropped wp-block-gallery-2 is-layout-flex wp-block-gallery-is-layout-flex\">\n<figure class=\"wp-block-image size-large\"><img loading=\"lazy\" decoding=\"async\" width=\"777\" height=\"1024\" data-id=\"5454\" src=\"https:\/\/lacartebuissonniere.fr\/wp-content\/uploads\/2024\/04\/IMG_2079-777x1024.jpeg\" alt=\"\" class=\"wp-image-5454\" srcset=\"https:\/\/lacartebuissonniere.fr\/wp-content\/uploads\/2024\/04\/IMG_2079-777x1024.jpeg 777w, https:\/\/lacartebuissonniere.fr\/wp-content\/uploads\/2024\/04\/IMG_2079-228x300.jpeg 228w, https:\/\/lacartebuissonniere.fr\/wp-content\/uploads\/2024\/04\/IMG_2079-768x1012.jpeg 768w, https:\/\/lacartebuissonniere.fr\/wp-content\/uploads\/2024\/04\/IMG_2079-1166x1536.jpeg 1166w, https:\/\/lacartebuissonniere.fr\/wp-content\/uploads\/2024\/04\/IMG_2079-1555x2048.jpeg 1555w, https:\/\/lacartebuissonniere.fr\/wp-content\/uploads\/2024\/04\/IMG_2079-456x600.jpeg 456w, https:\/\/lacartebuissonniere.fr\/wp-content\/uploads\/2024\/04\/IMG_2079-scaled.jpeg 1944w\" sizes=\"auto, (max-width: 777px) 100vw, 777px\" \/><\/figure>\n\n\n\n<figure class=\"wp-block-image size-large\"><img loading=\"lazy\" decoding=\"async\" width=\"758\" height=\"1024\" data-id=\"5453\" src=\"https:\/\/lacartebuissonniere.fr\/wp-content\/uploads\/2024\/04\/IMG_2078-758x1024.jpeg\" alt=\"\" class=\"wp-image-5453\" srcset=\"https:\/\/lacartebuissonniere.fr\/wp-content\/uploads\/2024\/04\/IMG_2078-758x1024.jpeg 758w, https:\/\/lacartebuissonniere.fr\/wp-content\/uploads\/2024\/04\/IMG_2078-222x300.jpeg 222w, https:\/\/lacartebuissonniere.fr\/wp-content\/uploads\/2024\/04\/IMG_2078-768x1037.jpeg 768w, https:\/\/lacartebuissonniere.fr\/wp-content\/uploads\/2024\/04\/IMG_2078-1138x1536.jpeg 1138w, https:\/\/lacartebuissonniere.fr\/wp-content\/uploads\/2024\/04\/IMG_2078-1517x2048.jpeg 1517w, https:\/\/lacartebuissonniere.fr\/wp-content\/uploads\/2024\/04\/IMG_2078-444x600.jpeg 444w, https:\/\/lacartebuissonniere.fr\/wp-content\/uploads\/2024\/04\/IMG_2078-scaled.jpeg 1896w\" sizes=\"auto, (max-width: 758px) 100vw, 758px\" \/><\/figure>\n<\/figure>\n\n\n\n<p><\/p>\n\n\n<div class=\"wp-block-image\">\n<figure class=\"aligncenter size-large\"><img loading=\"lazy\" decoding=\"async\" width=\"1024\" height=\"764\" src=\"https:\/\/lacartebuissonniere.fr\/wp-content\/uploads\/2024\/04\/IMG_2080-1024x764.jpeg\" alt=\"\" class=\"wp-image-5455\" srcset=\"https:\/\/lacartebuissonniere.fr\/wp-content\/uploads\/2024\/04\/IMG_2080-1024x764.jpeg 1024w, https:\/\/lacartebuissonniere.fr\/wp-content\/uploads\/2024\/04\/IMG_2080-300x224.jpeg 300w, https:\/\/lacartebuissonniere.fr\/wp-content\/uploads\/2024\/04\/IMG_2080-768x573.jpeg 768w, https:\/\/lacartebuissonniere.fr\/wp-content\/uploads\/2024\/04\/IMG_2080-1536x1146.jpeg 1536w, https:\/\/lacartebuissonniere.fr\/wp-content\/uploads\/2024\/04\/IMG_2080-2048x1528.jpeg 2048w, https:\/\/lacartebuissonniere.fr\/wp-content\/uploads\/2024\/04\/IMG_2080-600x448.jpeg 600w\" sizes=\"auto, (max-width: 1024px) 100vw, 1024px\" \/><\/figure>\n<\/div>\n\n\n<p><\/p>\n\n\n\n<p>Stylisation id\u00e9ale pour devenir carte buissonni\u00e8re\u00a0!<\/p>\n\n\n<div class=\"wp-block-image\">\n<figure class=\"aligncenter size-large\"><img loading=\"lazy\" decoding=\"async\" width=\"1024\" height=\"746\" src=\"https:\/\/lacartebuissonniere.fr\/wp-content\/uploads\/2024\/04\/IMG_2560-1024x746.jpeg\" alt=\"\" class=\"wp-image-5456\" srcset=\"https:\/\/lacartebuissonniere.fr\/wp-content\/uploads\/2024\/04\/IMG_2560-1024x746.jpeg 1024w, https:\/\/lacartebuissonniere.fr\/wp-content\/uploads\/2024\/04\/IMG_2560-300x219.jpeg 300w, https:\/\/lacartebuissonniere.fr\/wp-content\/uploads\/2024\/04\/IMG_2560-768x559.jpeg 768w, https:\/\/lacartebuissonniere.fr\/wp-content\/uploads\/2024\/04\/IMG_2560-1536x1119.jpeg 1536w, https:\/\/lacartebuissonniere.fr\/wp-content\/uploads\/2024\/04\/IMG_2560-2048x1492.jpeg 2048w, https:\/\/lacartebuissonniere.fr\/wp-content\/uploads\/2024\/04\/IMG_2560-600x437.jpeg 600w\" sizes=\"auto, (max-width: 1024px) 100vw, 1024px\" \/><\/figure>\n<\/div>\n\n\n<p><\/p>\n\n\n\n<p>Sources<\/p>\n\n\n\n<p><a href=\"https:\/\/fr.wikipedia.org\/wiki\/Fritillaire_pintade\" target=\"_blank\" rel=\"noreferrer noopener\">\u00ab\u00a0Fritillaire pintade\u00a0\u00bb<\/a> \u2013 fiche Wikip\u00e9dia<\/p>\n\n\n\n<p><a href=\"https:\/\/www.nostrodomus.fr\/guide-ultime-de-la-signification-des-fleurs-de-fritillaria-fritillaires\/\" target=\"_blank\" rel=\"noreferrer noopener\">\u00ab\u00a0Fleurs de Fritillaria (fritillaires) : symbolisme et signification\u00a0\u00bb<\/a><\/p>\n\n\n\n<p><a href=\"https:\/\/reporterre.net\/Calendrier-ecolo-fritillaire-cette-fleur-qui-annonce-le-printemps\" target=\"_blank\" rel=\"noreferrer noopener\">\u00ab\u00a0\u00c0 la d\u00e9couverte de la fritillaire, cette fleur qui annonce le printemps\u00a0\u00bb<\/a><\/p>\n","protected":false},"excerpt":{"rendered":"<p>Dans le calendrier r\u00e9publicain fran\u00e7ais, le 22e\u00a0jour du mois de flor\u00e9al, souvent notre 11 mai, \u00e9tait d\u00e9nomm\u00e9 jour de la fritillaire. Semblable \u00e0 une tulipe renvers\u00e9e, la jolie fleur de la fritillaire pintade (Fritillaria meleagris), la plus commune des fritillaires, arbore des couleurs r\u00e9parties en damier qui vont du pourpre au rose p\u00e2le, voire au [&hellip;]<\/p>\n","protected":false},"author":2,"featured_media":0,"comment_status":"open","ping_status":"open","sticky":false,"template":"","format":"standard","meta":{"two_page_speed":[],"footnotes":""},"categories":[16,18],"tags":[],"class_list":["post-5445","post","type-post","status-publish","format-standard","hentry","category-flaneries","category-flaneries-culturelles","entry"],"yoast_head":"<!-- This site is optimized with the Yoast SEO plugin v25.4 - https:\/\/yoast.com\/wordpress\/plugins\/seo\/ -->\n<title>Sous le signe de la fritillaire - La carte buissonni\u00e8re<\/title>\n<meta name=\"robots\" content=\"index, follow, max-snippet:-1, max-image-preview:large, max-video-preview:-1\" \/>\n<link rel=\"canonical\" href=\"https:\/\/lacartebuissonniere.fr\/index.php\/2024\/05\/11\/sous-le-signe-de-la-fritillaire\/\" \/>\n<meta property=\"og:locale\" content=\"fr_FR\" \/>\n<meta property=\"og:type\" content=\"article\" \/>\n<meta property=\"og:title\" content=\"Sous le signe de la fritillaire - La carte buissonni\u00e8re\" \/>\n<meta property=\"og:description\" content=\"Dans le calendrier r\u00e9publicain fran\u00e7ais, le 22e\u00a0jour du mois de flor\u00e9al, souvent notre 11 mai, \u00e9tait d\u00e9nomm\u00e9 jour de la fritillaire. Semblable \u00e0 une tulipe renvers\u00e9e, la jolie fleur de la fritillaire pintade (Fritillaria meleagris), la plus commune des fritillaires, arbore des couleurs r\u00e9parties en damier qui vont du pourpre au rose p\u00e2le, voire au [&hellip;]\" \/>\n<meta property=\"og:url\" content=\"https:\/\/lacartebuissonniere.fr\/index.php\/2024\/05\/11\/sous-le-signe-de-la-fritillaire\/\" \/>\n<meta property=\"og:site_name\" content=\"La carte buissonni\u00e8re\" \/>\n<meta property=\"article:publisher\" content=\"https:\/\/www.facebook.com\/lacartebuissonniere\/\" \/>\n<meta property=\"article:published_time\" content=\"2024-05-11T07:00:00+00:00\" \/>\n<meta property=\"og:image\" content=\"https:\/\/lacartebuissonniere.fr\/wp-content\/uploads\/2024\/04\/C50AA590-F6D9-496D-B645-9BCBCCD1C315_1_201_a.jpeg\" \/>\n<meta name=\"author\" content=\"Carte buissonni\u00e8re\" \/>\n<meta name=\"twitter:card\" content=\"summary_large_image\" \/>\n<meta name=\"twitter:label1\" content=\"\u00c9crit par\" \/>\n\t<meta name=\"twitter:data1\" content=\"Carte buissonni\u00e8re\" \/>\n\t<meta name=\"twitter:label2\" content=\"Dur\u00e9e de lecture estim\u00e9e\" \/>\n\t<meta name=\"twitter:data2\" content=\"4 minutes\" \/>\n<script type=\"application\/ld+json\" class=\"yoast-schema-graph\">{\"@context\":\"https:\/\/schema.org\",\"@graph\":[{\"@type\":\"Article\",\"@id\":\"https:\/\/lacartebuissonniere.fr\/index.php\/2024\/05\/11\/sous-le-signe-de-la-fritillaire\/#article\",\"isPartOf\":{\"@id\":\"https:\/\/lacartebuissonniere.fr\/index.php\/2024\/05\/11\/sous-le-signe-de-la-fritillaire\/\"},\"author\":{\"name\":\"Carte buissonni\u00e8re\",\"@id\":\"https:\/\/lacartebuissonniere.fr\/#\/schema\/person\/4e60af809837a2287e4f6d4daaf7abd4\"},\"headline\":\"Sous le signe de la fritillaire\",\"datePublished\":\"2024-05-11T07:00:00+00:00\",\"mainEntityOfPage\":{\"@id\":\"https:\/\/lacartebuissonniere.fr\/index.php\/2024\/05\/11\/sous-le-signe-de-la-fritillaire\/\"},\"wordCount\":320,\"commentCount\":2,\"publisher\":{\"@id\":\"https:\/\/lacartebuissonniere.fr\/#organization\"},\"image\":{\"@id\":\"https:\/\/lacartebuissonniere.fr\/index.php\/2024\/05\/11\/sous-le-signe-de-la-fritillaire\/#primaryimage\"},\"thumbnailUrl\":\"https:\/\/lacartebuissonniere.fr\/wp-content\/uploads\/2024\/04\/C50AA590-F6D9-496D-B645-9BCBCCD1C315_1_201_a.jpeg\",\"articleSection\":[\"FL\u00c2NERIES\",\"Fl\u00e2neries culturelles\"],\"inLanguage\":\"fr-FR\",\"potentialAction\":[{\"@type\":\"CommentAction\",\"name\":\"Comment\",\"target\":[\"https:\/\/lacartebuissonniere.fr\/index.php\/2024\/05\/11\/sous-le-signe-de-la-fritillaire\/#respond\"]}]},{\"@type\":\"WebPage\",\"@id\":\"https:\/\/lacartebuissonniere.fr\/index.php\/2024\/05\/11\/sous-le-signe-de-la-fritillaire\/\",\"url\":\"https:\/\/lacartebuissonniere.fr\/index.php\/2024\/05\/11\/sous-le-signe-de-la-fritillaire\/\",\"name\":\"Sous le signe de la fritillaire - La carte buissonni\u00e8re\",\"isPartOf\":{\"@id\":\"https:\/\/lacartebuissonniere.fr\/#website\"},\"primaryImageOfPage\":{\"@id\":\"https:\/\/lacartebuissonniere.fr\/index.php\/2024\/05\/11\/sous-le-signe-de-la-fritillaire\/#primaryimage\"},\"image\":{\"@id\":\"https:\/\/lacartebuissonniere.fr\/index.php\/2024\/05\/11\/sous-le-signe-de-la-fritillaire\/#primaryimage\"},\"thumbnailUrl\":\"https:\/\/lacartebuissonniere.fr\/wp-content\/uploads\/2024\/04\/C50AA590-F6D9-496D-B645-9BCBCCD1C315_1_201_a.jpeg\",\"datePublished\":\"2024-05-11T07:00:00+00:00\",\"breadcrumb\":{\"@id\":\"https:\/\/lacartebuissonniere.fr\/index.php\/2024\/05\/11\/sous-le-signe-de-la-fritillaire\/#breadcrumb\"},\"inLanguage\":\"fr-FR\",\"potentialAction\":[{\"@type\":\"ReadAction\",\"target\":[\"https:\/\/lacartebuissonniere.fr\/index.php\/2024\/05\/11\/sous-le-signe-de-la-fritillaire\/\"]}]},{\"@type\":\"ImageObject\",\"inLanguage\":\"fr-FR\",\"@id\":\"https:\/\/lacartebuissonniere.fr\/index.php\/2024\/05\/11\/sous-le-signe-de-la-fritillaire\/#primaryimage\",\"url\":\"https:\/\/lacartebuissonniere.fr\/wp-content\/uploads\/2024\/04\/C50AA590-F6D9-496D-B645-9BCBCCD1C315_1_201_a.jpeg\",\"contentUrl\":\"https:\/\/lacartebuissonniere.fr\/wp-content\/uploads\/2024\/04\/C50AA590-F6D9-496D-B645-9BCBCCD1C315_1_201_a.jpeg\",\"width\":859,\"height\":573,\"caption\":\"xr:d:DAF_ksz5IoY:38,j:1743314817725222304,t:24031515\"},{\"@type\":\"BreadcrumbList\",\"@id\":\"https:\/\/lacartebuissonniere.fr\/index.php\/2024\/05\/11\/sous-le-signe-de-la-fritillaire\/#breadcrumb\",\"itemListElement\":[{\"@type\":\"ListItem\",\"position\":1,\"name\":\"Accueil\",\"item\":\"https:\/\/lacartebuissonniere.fr\/\"},{\"@type\":\"ListItem\",\"position\":2,\"name\":\"Sous le signe de la fritillaire\"}]},{\"@type\":\"WebSite\",\"@id\":\"https:\/\/lacartebuissonniere.fr\/#website\",\"url\":\"https:\/\/lacartebuissonniere.fr\/\",\"name\":\"La carte buissonni\u00e8re\",\"description\":\"\",\"publisher\":{\"@id\":\"https:\/\/lacartebuissonniere.fr\/#organization\"},\"potentialAction\":[{\"@type\":\"SearchAction\",\"target\":{\"@type\":\"EntryPoint\",\"urlTemplate\":\"https:\/\/lacartebuissonniere.fr\/?s={search_term_string}\"},\"query-input\":{\"@type\":\"PropertyValueSpecification\",\"valueRequired\":true,\"valueName\":\"search_term_string\"}}],\"inLanguage\":\"fr-FR\"},{\"@type\":\"Organization\",\"@id\":\"https:\/\/lacartebuissonniere.fr\/#organization\",\"name\":\"La carte buissonni\u00e8re\",\"url\":\"https:\/\/lacartebuissonniere.fr\/\",\"logo\":{\"@type\":\"ImageObject\",\"inLanguage\":\"fr-FR\",\"@id\":\"https:\/\/lacartebuissonniere.fr\/#\/schema\/logo\/image\/\",\"url\":\"https:\/\/lacartebuissonniere.fr\/wp-content\/uploads\/2022\/12\/Illustration-sans-titre.jpg\",\"contentUrl\":\"https:\/\/lacartebuissonniere.fr\/wp-content\/uploads\/2022\/12\/Illustration-sans-titre.jpg\",\"width\":637,\"height\":680,\"caption\":\"La carte buissonni\u00e8re\"},\"image\":{\"@id\":\"https:\/\/lacartebuissonniere.fr\/#\/schema\/logo\/image\/\"},\"sameAs\":[\"https:\/\/www.facebook.com\/lacartebuissonniere\/\",\"https:\/\/www.pinterest.fr\/DelphChabanne\/\"]},{\"@type\":\"Person\",\"@id\":\"https:\/\/lacartebuissonniere.fr\/#\/schema\/person\/4e60af809837a2287e4f6d4daaf7abd4\",\"name\":\"Carte buissonni\u00e8re\",\"image\":{\"@type\":\"ImageObject\",\"inLanguage\":\"fr-FR\",\"@id\":\"https:\/\/lacartebuissonniere.fr\/#\/schema\/person\/image\/\",\"url\":\"https:\/\/secure.gravatar.com\/avatar\/b543b5e0f093efbab3dfee8595bf9077ed504ab48ffeb378c9dc263381c278e6?s=96&d=mm&r=g\",\"contentUrl\":\"https:\/\/secure.gravatar.com\/avatar\/b543b5e0f093efbab3dfee8595bf9077ed504ab48ffeb378c9dc263381c278e6?s=96&d=mm&r=g\",\"caption\":\"Carte buissonni\u00e8re\"},\"sameAs\":[\"http:\/\/lacartebuissonniere.fr\"],\"url\":\"https:\/\/lacartebuissonniere.fr\/index.php\/author\/carteb\/\"}]}<\/script>\n<!-- \/ Yoast SEO plugin. -->","yoast_head_json":{"title":"Sous le signe de la fritillaire - La carte buissonni\u00e8re","robots":{"index":"index","follow":"follow","max-snippet":"max-snippet:-1","max-image-preview":"max-image-preview:large","max-video-preview":"max-video-preview:-1"},"canonical":"https:\/\/lacartebuissonniere.fr\/index.php\/2024\/05\/11\/sous-le-signe-de-la-fritillaire\/","og_locale":"fr_FR","og_type":"article","og_title":"Sous le signe de la fritillaire - La carte buissonni\u00e8re","og_description":"Dans le calendrier r\u00e9publicain fran\u00e7ais, le 22e\u00a0jour du mois de flor\u00e9al, souvent notre 11 mai, \u00e9tait d\u00e9nomm\u00e9 jour de la fritillaire. Semblable \u00e0 une tulipe renvers\u00e9e, la jolie fleur de la fritillaire pintade (Fritillaria meleagris), la plus commune des fritillaires, arbore des couleurs r\u00e9parties en damier qui vont du pourpre au rose p\u00e2le, voire au [&hellip;]","og_url":"https:\/\/lacartebuissonniere.fr\/index.php\/2024\/05\/11\/sous-le-signe-de-la-fritillaire\/","og_site_name":"La carte buissonni\u00e8re","article_publisher":"https:\/\/www.facebook.com\/lacartebuissonniere\/","article_published_time":"2024-05-11T07:00:00+00:00","og_image":[{"url":"https:\/\/lacartebuissonniere.fr\/wp-content\/uploads\/2024\/04\/C50AA590-F6D9-496D-B645-9BCBCCD1C315_1_201_a.jpeg","type":"","width":"","height":""}],"author":"Carte buissonni\u00e8re","twitter_card":"summary_large_image","twitter_misc":{"\u00c9crit par":"Carte buissonni\u00e8re","Dur\u00e9e de lecture estim\u00e9e":"4 minutes"},"schema":{"@context":"https:\/\/schema.org","@graph":[{"@type":"Article","@id":"https:\/\/lacartebuissonniere.fr\/index.php\/2024\/05\/11\/sous-le-signe-de-la-fritillaire\/#article","isPartOf":{"@id":"https:\/\/lacartebuissonniere.fr\/index.php\/2024\/05\/11\/sous-le-signe-de-la-fritillaire\/"},"author":{"name":"Carte buissonni\u00e8re","@id":"https:\/\/lacartebuissonniere.fr\/#\/schema\/person\/4e60af809837a2287e4f6d4daaf7abd4"},"headline":"Sous le signe de la fritillaire","datePublished":"2024-05-11T07:00:00+00:00","mainEntityOfPage":{"@id":"https:\/\/lacartebuissonniere.fr\/index.php\/2024\/05\/11\/sous-le-signe-de-la-fritillaire\/"},"wordCount":320,"commentCount":2,"publisher":{"@id":"https:\/\/lacartebuissonniere.fr\/#organization"},"image":{"@id":"https:\/\/lacartebuissonniere.fr\/index.php\/2024\/05\/11\/sous-le-signe-de-la-fritillaire\/#primaryimage"},"thumbnailUrl":"https:\/\/lacartebuissonniere.fr\/wp-content\/uploads\/2024\/04\/C50AA590-F6D9-496D-B645-9BCBCCD1C315_1_201_a.jpeg","articleSection":["FL\u00c2NERIES","Fl\u00e2neries culturelles"],"inLanguage":"fr-FR","potentialAction":[{"@type":"CommentAction","name":"Comment","target":["https:\/\/lacartebuissonniere.fr\/index.php\/2024\/05\/11\/sous-le-signe-de-la-fritillaire\/#respond"]}]},{"@type":"WebPage","@id":"https:\/\/lacartebuissonniere.fr\/index.php\/2024\/05\/11\/sous-le-signe-de-la-fritillaire\/","url":"https:\/\/lacartebuissonniere.fr\/index.php\/2024\/05\/11\/sous-le-signe-de-la-fritillaire\/","name":"Sous le signe de la fritillaire - La carte buissonni\u00e8re","isPartOf":{"@id":"https:\/\/lacartebuissonniere.fr\/#website"},"primaryImageOfPage":{"@id":"https:\/\/lacartebuissonniere.fr\/index.php\/2024\/05\/11\/sous-le-signe-de-la-fritillaire\/#primaryimage"},"image":{"@id":"https:\/\/lacartebuissonniere.fr\/index.php\/2024\/05\/11\/sous-le-signe-de-la-fritillaire\/#primaryimage"},"thumbnailUrl":"https:\/\/lacartebuissonniere.fr\/wp-content\/uploads\/2024\/04\/C50AA590-F6D9-496D-B645-9BCBCCD1C315_1_201_a.jpeg","datePublished":"2024-05-11T07:00:00+00:00","breadcrumb":{"@id":"https:\/\/lacartebuissonniere.fr\/index.php\/2024\/05\/11\/sous-le-signe-de-la-fritillaire\/#breadcrumb"},"inLanguage":"fr-FR","potentialAction":[{"@type":"ReadAction","target":["https:\/\/lacartebuissonniere.fr\/index.php\/2024\/05\/11\/sous-le-signe-de-la-fritillaire\/"]}]},{"@type":"ImageObject","inLanguage":"fr-FR","@id":"https:\/\/lacartebuissonniere.fr\/index.php\/2024\/05\/11\/sous-le-signe-de-la-fritillaire\/#primaryimage","url":"https:\/\/lacartebuissonniere.fr\/wp-content\/uploads\/2024\/04\/C50AA590-F6D9-496D-B645-9BCBCCD1C315_1_201_a.jpeg","contentUrl":"https:\/\/lacartebuissonniere.fr\/wp-content\/uploads\/2024\/04\/C50AA590-F6D9-496D-B645-9BCBCCD1C315_1_201_a.jpeg","width":859,"height":573,"caption":"xr:d:DAF_ksz5IoY:38,j:1743314817725222304,t:24031515"},{"@type":"BreadcrumbList","@id":"https:\/\/lacartebuissonniere.fr\/index.php\/2024\/05\/11\/sous-le-signe-de-la-fritillaire\/#breadcrumb","itemListElement":[{"@type":"ListItem","position":1,"name":"Accueil","item":"https:\/\/lacartebuissonniere.fr\/"},{"@type":"ListItem","position":2,"name":"Sous le signe de la fritillaire"}]},{"@type":"WebSite","@id":"https:\/\/lacartebuissonniere.fr\/#website","url":"https:\/\/lacartebuissonniere.fr\/","name":"La carte buissonni\u00e8re","description":"","publisher":{"@id":"https:\/\/lacartebuissonniere.fr\/#organization"},"potentialAction":[{"@type":"SearchAction","target":{"@type":"EntryPoint","urlTemplate":"https:\/\/lacartebuissonniere.fr\/?s={search_term_string}"},"query-input":{"@type":"PropertyValueSpecification","valueRequired":true,"valueName":"search_term_string"}}],"inLanguage":"fr-FR"},{"@type":"Organization","@id":"https:\/\/lacartebuissonniere.fr\/#organization","name":"La carte buissonni\u00e8re","url":"https:\/\/lacartebuissonniere.fr\/","logo":{"@type":"ImageObject","inLanguage":"fr-FR","@id":"https:\/\/lacartebuissonniere.fr\/#\/schema\/logo\/image\/","url":"https:\/\/lacartebuissonniere.fr\/wp-content\/uploads\/2022\/12\/Illustration-sans-titre.jpg","contentUrl":"https:\/\/lacartebuissonniere.fr\/wp-content\/uploads\/2022\/12\/Illustration-sans-titre.jpg","width":637,"height":680,"caption":"La carte buissonni\u00e8re"},"image":{"@id":"https:\/\/lacartebuissonniere.fr\/#\/schema\/logo\/image\/"},"sameAs":["https:\/\/www.facebook.com\/lacartebuissonniere\/","https:\/\/www.pinterest.fr\/DelphChabanne\/"]},{"@type":"Person","@id":"https:\/\/lacartebuissonniere.fr\/#\/schema\/person\/4e60af809837a2287e4f6d4daaf7abd4","name":"Carte buissonni\u00e8re","image":{"@type":"ImageObject","inLanguage":"fr-FR","@id":"https:\/\/lacartebuissonniere.fr\/#\/schema\/person\/image\/","url":"https:\/\/secure.gravatar.com\/avatar\/b543b5e0f093efbab3dfee8595bf9077ed504ab48ffeb378c9dc263381c278e6?s=96&d=mm&r=g","contentUrl":"https:\/\/secure.gravatar.com\/avatar\/b543b5e0f093efbab3dfee8595bf9077ed504ab48ffeb378c9dc263381c278e6?s=96&d=mm&r=g","caption":"Carte buissonni\u00e8re"},"sameAs":["http:\/\/lacartebuissonniere.fr"],"url":"https:\/\/lacartebuissonniere.fr\/index.php\/author\/carteb\/"}]}},"_links":{"self":[{"href":"https:\/\/lacartebuissonniere.fr\/index.php\/wp-json\/wp\/v2\/posts\/5445","targetHints":{"allow":["GET"]}}],"collection":[{"href":"https:\/\/lacartebuissonniere.fr\/index.php\/wp-json\/wp\/v2\/posts"}],"about":[{"href":"https:\/\/lacartebuissonniere.fr\/index.php\/wp-json\/wp\/v2\/types\/post"}],"author":[{"embeddable":true,"href":"https:\/\/lacartebuissonniere.fr\/index.php\/wp-json\/wp\/v2\/users\/2"}],"replies":[{"embeddable":true,"href":"https:\/\/lacartebuissonniere.fr\/index.php\/wp-json\/wp\/v2\/comments?post=5445"}],"version-history":[{"count":1,"href":"https:\/\/lacartebuissonniere.fr\/index.php\/wp-json\/wp\/v2\/posts\/5445\/revisions"}],"predecessor-version":[{"id":5457,"href":"https:\/\/lacartebuissonniere.fr\/index.php\/wp-json\/wp\/v2\/posts\/5445\/revisions\/5457"}],"wp:attachment":[{"href":"https:\/\/lacartebuissonniere.fr\/index.php\/wp-json\/wp\/v2\/media?parent=5445"}],"wp:term":[{"taxonomy":"category","embeddable":true,"href":"https:\/\/lacartebuissonniere.fr\/index.php\/wp-json\/wp\/v2\/categories?post=5445"},{"taxonomy":"post_tag","embeddable":true,"href":"https:\/\/lacartebuissonniere.fr\/index.php\/wp-json\/wp\/v2\/tags?post=5445"}],"curies":[{"name":"wp","href":"https:\/\/api.w.org\/{rel}","templated":true}]}}