{"id":6055,"date":"2024-07-28T09:00:00","date_gmt":"2024-07-28T07:00:00","guid":{"rendered":"https:\/\/lacartebuissonniere.fr\/?p=6055"},"modified":"2024-06-30T13:18:34","modified_gmt":"2024-06-30T11:18:34","slug":"aller-aux-mures","status":"publish","type":"post","link":"https:\/\/lacartebuissonniere.fr\/index.php\/2024\/07\/28\/aller-aux-mures\/","title":{"rendered":"\u00ab\u00a0Aller aux m\u00fbres \u00bb"},"content":{"rendered":"\n<p><\/p>\n\n\n\n<p>C\u2019\u00e9tait hier le <a href=\"http:\/\/https :\/\/lacartebuissonniere.fr\/index.php\/2023\/07\/27\/sous-le-signe-de-la-mure\/\" target=\"_blank\" rel=\"noreferrer noopener\">jour de la m\u00fbre<\/a>\u00a0!\u00a0<\/p>\n\n\n\n<p>\u00ab&nbsp;Aller aux m\u00fbres \u00bb&nbsp;: la proposition fleure bon les chaudes journ\u00e9es d\u2019\u00e9t\u00e9 et les chemins buissonniers.<\/p>\n\n\n\n<p>J\u2019ai pris cette photo en ao\u00fbt dernier dans la campagne de mon enfance\u00a0:<\/p>\n\n\n<div class=\"wp-block-image\">\n<figure class=\"aligncenter size-full\"><img loading=\"lazy\" decoding=\"async\" width=\"1024\" height=\"768\" src=\"https:\/\/lacartebuissonniere.fr\/wp-content\/uploads\/2024\/06\/621828EB-A3C4-464F-9BE1-5CE79110E732_1_105_c.jpeg\" alt=\"\" class=\"wp-image-6056\" srcset=\"https:\/\/lacartebuissonniere.fr\/wp-content\/uploads\/2024\/06\/621828EB-A3C4-464F-9BE1-5CE79110E732_1_105_c.jpeg 1024w, https:\/\/lacartebuissonniere.fr\/wp-content\/uploads\/2024\/06\/621828EB-A3C4-464F-9BE1-5CE79110E732_1_105_c-300x225.jpeg 300w, https:\/\/lacartebuissonniere.fr\/wp-content\/uploads\/2024\/06\/621828EB-A3C4-464F-9BE1-5CE79110E732_1_105_c-768x576.jpeg 768w, https:\/\/lacartebuissonniere.fr\/wp-content\/uploads\/2024\/06\/621828EB-A3C4-464F-9BE1-5CE79110E732_1_105_c-600x450.jpeg 600w\" sizes=\"auto, (max-width: 1024px) 100vw, 1024px\" \/><\/figure>\n<\/div>\n\n\n<p><\/p>\n\n\n\n<p>\u00ab&nbsp;Aller aux m\u00fbres \u00bb, c\u2019est aussi un chapitre du recueil qui a rendu Philippe Delerm c\u00e9l\u00e8bre&nbsp;: <em>La premi\u00e8re gorg\u00e9e de bi\u00e8re et autres plaisirs minuscules<\/em>.<\/p>\n\n\n\n<p>En voici un extrait&nbsp;:<\/p>\n\n\n\n<p>\u00ab&nbsp;Les m\u00fbres sont petites, noir brillant. Mais on pr\u00e9f\u00e8re go\u00fbter en cueillant celles qui gardent encore quelques grains rouges, un go\u00fbt acidul\u00e9. On a vite les mains tach\u00e9es de noir. On les essuie tant bien que mal sur les herbes blondes. En lisi\u00e8re du bois, les foug\u00e8res se font rousses, et pleuvent en crosses recourb\u00e9es au-dessus des perles mauves de bruy\u00e8re. On parle de tout et de rien. Les enfants se font graves, \u00e9voquent leur peur ou leur d\u00e9sir d\u2019avoir tel ou tel prof. Car ce sont les enfants qui m\u00e8nent la rentr\u00e9e, et le sentier des m\u00fbres a le go\u00fbt de l\u2019\u00e9cole. La route est toute douce, \u00e0 peine vallonn\u00e9e&nbsp;: c\u2019est une route pour causer. Entre deux averses, la lumi\u00e8re aviv\u00e9e se donne encore chaude. On a cueilli les m\u00fbres, on a cueilli l\u2019\u00e9t\u00e9. Dans le petit virage aux noisetiers, on glisse vers l\u2019automne.&nbsp;\u00bb<\/p>\n\n\n\n<p>Je vous invite bien entendu \u00e0 lire ce texte dans son entier et \u00e0 envoyer des cartes buissonni\u00e8res sem\u00e9es de m\u00fbres\u00a0:<\/p>\n\n\n\n<figure class=\"wp-block-gallery has-nested-images columns-default is-cropped wp-block-gallery-1 is-layout-flex wp-block-gallery-is-layout-flex\">\n<figure class=\"wp-block-image size-large\"><img loading=\"lazy\" decoding=\"async\" width=\"1022\" height=\"768\" data-id=\"6058\" src=\"https:\/\/lacartebuissonniere.fr\/wp-content\/uploads\/2024\/06\/CCBD7842-0033-4C21-9A4E-702ABADDC605_1_105_c.jpeg\" alt=\"\" class=\"wp-image-6058\" srcset=\"https:\/\/lacartebuissonniere.fr\/wp-content\/uploads\/2024\/06\/CCBD7842-0033-4C21-9A4E-702ABADDC605_1_105_c.jpeg 1022w, https:\/\/lacartebuissonniere.fr\/wp-content\/uploads\/2024\/06\/CCBD7842-0033-4C21-9A4E-702ABADDC605_1_105_c-300x225.jpeg 300w, https:\/\/lacartebuissonniere.fr\/wp-content\/uploads\/2024\/06\/CCBD7842-0033-4C21-9A4E-702ABADDC605_1_105_c-768x577.jpeg 768w, https:\/\/lacartebuissonniere.fr\/wp-content\/uploads\/2024\/06\/CCBD7842-0033-4C21-9A4E-702ABADDC605_1_105_c-600x451.jpeg 600w\" sizes=\"auto, (max-width: 1022px) 100vw, 1022px\" \/><\/figure>\n\n\n\n<figure class=\"wp-block-image size-large\"><img loading=\"lazy\" decoding=\"async\" width=\"1024\" height=\"729\" data-id=\"6057\" src=\"https:\/\/lacartebuissonniere.fr\/wp-content\/uploads\/2024\/06\/8571D3DB-E37E-4C93-9DA0-E10D0DAC6B50_1_105_c-1024x729.jpeg\" alt=\"\" class=\"wp-image-6057\" srcset=\"https:\/\/lacartebuissonniere.fr\/wp-content\/uploads\/2024\/06\/8571D3DB-E37E-4C93-9DA0-E10D0DAC6B50_1_105_c-1024x729.jpeg 1024w, https:\/\/lacartebuissonniere.fr\/wp-content\/uploads\/2024\/06\/8571D3DB-E37E-4C93-9DA0-E10D0DAC6B50_1_105_c-300x214.jpeg 300w, https:\/\/lacartebuissonniere.fr\/wp-content\/uploads\/2024\/06\/8571D3DB-E37E-4C93-9DA0-E10D0DAC6B50_1_105_c-768x547.jpeg 768w, https:\/\/lacartebuissonniere.fr\/wp-content\/uploads\/2024\/06\/8571D3DB-E37E-4C93-9DA0-E10D0DAC6B50_1_105_c-600x427.jpeg 600w, https:\/\/lacartebuissonniere.fr\/wp-content\/uploads\/2024\/06\/8571D3DB-E37E-4C93-9DA0-E10D0DAC6B50_1_105_c.jpeg 1050w\" sizes=\"auto, (max-width: 1024px) 100vw, 1024px\" \/><\/figure>\n<\/figure>\n","protected":false},"excerpt":{"rendered":"<p>C\u2019\u00e9tait hier le jour de la m\u00fbre\u00a0!\u00a0 \u00ab&nbsp;Aller aux m\u00fbres \u00bb&nbsp;: la proposition fleure bon les chaudes journ\u00e9es d\u2019\u00e9t\u00e9 et les chemins buissonniers. J\u2019ai pris cette photo en ao\u00fbt dernier dans la campagne de mon enfance\u00a0: \u00ab&nbsp;Aller aux m\u00fbres \u00bb, c\u2019est aussi un chapitre du recueil qui a rendu Philippe Delerm c\u00e9l\u00e8bre&nbsp;: La premi\u00e8re gorg\u00e9e [&hellip;]<\/p>\n","protected":false},"author":2,"featured_media":0,"comment_status":"open","ping_status":"open","sticky":false,"template":"","format":"standard","meta":{"two_page_speed":[],"footnotes":""},"categories":[18],"tags":[],"class_list":["post-6055","post","type-post","status-publish","format-standard","hentry","category-flaneries-culturelles","entry"],"yoast_head":"<!-- This site is optimized with the Yoast SEO plugin v25.4 - https:\/\/yoast.com\/wordpress\/plugins\/seo\/ -->\n<title>\u00ab\u00a0Aller aux m\u00fbres \u00bb - La carte buissonni\u00e8re<\/title>\n<meta name=\"robots\" content=\"index, follow, max-snippet:-1, max-image-preview:large, max-video-preview:-1\" \/>\n<link rel=\"canonical\" href=\"https:\/\/lacartebuissonniere.fr\/index.php\/2024\/07\/28\/aller-aux-mures\/\" \/>\n<meta property=\"og:locale\" content=\"fr_FR\" \/>\n<meta property=\"og:type\" content=\"article\" \/>\n<meta property=\"og:title\" content=\"\u00ab\u00a0Aller aux m\u00fbres \u00bb - La carte buissonni\u00e8re\" \/>\n<meta property=\"og:description\" content=\"C\u2019\u00e9tait hier le jour de la m\u00fbre\u00a0!\u00a0 \u00ab&nbsp;Aller aux m\u00fbres \u00bb&nbsp;: la proposition fleure bon les chaudes journ\u00e9es d\u2019\u00e9t\u00e9 et les chemins buissonniers. J\u2019ai pris cette photo en ao\u00fbt dernier dans la campagne de mon enfance\u00a0: \u00ab&nbsp;Aller aux m\u00fbres \u00bb, c\u2019est aussi un chapitre du recueil qui a rendu Philippe Delerm c\u00e9l\u00e8bre&nbsp;: La premi\u00e8re gorg\u00e9e [&hellip;]\" \/>\n<meta property=\"og:url\" content=\"https:\/\/lacartebuissonniere.fr\/index.php\/2024\/07\/28\/aller-aux-mures\/\" \/>\n<meta property=\"og:site_name\" content=\"La carte buissonni\u00e8re\" \/>\n<meta property=\"article:publisher\" content=\"https:\/\/www.facebook.com\/lacartebuissonniere\/\" \/>\n<meta property=\"article:published_time\" content=\"2024-07-28T07:00:00+00:00\" \/>\n<meta property=\"og:image\" content=\"https:\/\/lacartebuissonniere.fr\/wp-content\/uploads\/2024\/06\/621828EB-A3C4-464F-9BE1-5CE79110E732_1_105_c.jpeg\" \/>\n<meta name=\"author\" content=\"Carte buissonni\u00e8re\" \/>\n<meta name=\"twitter:card\" content=\"summary_large_image\" \/>\n<meta name=\"twitter:label1\" content=\"\u00c9crit par\" \/>\n\t<meta name=\"twitter:data1\" content=\"Carte buissonni\u00e8re\" \/>\n\t<meta name=\"twitter:label2\" content=\"Dur\u00e9e de lecture estim\u00e9e\" \/>\n\t<meta name=\"twitter:data2\" content=\"2 minutes\" \/>\n<script type=\"application\/ld+json\" class=\"yoast-schema-graph\">{\"@context\":\"https:\/\/schema.org\",\"@graph\":[{\"@type\":\"Article\",\"@id\":\"https:\/\/lacartebuissonniere.fr\/index.php\/2024\/07\/28\/aller-aux-mures\/#article\",\"isPartOf\":{\"@id\":\"https:\/\/lacartebuissonniere.fr\/index.php\/2024\/07\/28\/aller-aux-mures\/\"},\"author\":{\"name\":\"Carte buissonni\u00e8re\",\"@id\":\"https:\/\/lacartebuissonniere.fr\/#\/schema\/person\/4e60af809837a2287e4f6d4daaf7abd4\"},\"headline\":\"\u00ab\u00a0Aller aux m\u00fbres \u00bb\",\"datePublished\":\"2024-07-28T07:00:00+00:00\",\"mainEntityOfPage\":{\"@id\":\"https:\/\/lacartebuissonniere.fr\/index.php\/2024\/07\/28\/aller-aux-mures\/\"},\"wordCount\":279,\"commentCount\":0,\"publisher\":{\"@id\":\"https:\/\/lacartebuissonniere.fr\/#organization\"},\"image\":{\"@id\":\"https:\/\/lacartebuissonniere.fr\/index.php\/2024\/07\/28\/aller-aux-mures\/#primaryimage\"},\"thumbnailUrl\":\"https:\/\/lacartebuissonniere.fr\/wp-content\/uploads\/2024\/06\/621828EB-A3C4-464F-9BE1-5CE79110E732_1_105_c.jpeg\",\"articleSection\":[\"Fl\u00e2neries culturelles\"],\"inLanguage\":\"fr-FR\",\"potentialAction\":[{\"@type\":\"CommentAction\",\"name\":\"Comment\",\"target\":[\"https:\/\/lacartebuissonniere.fr\/index.php\/2024\/07\/28\/aller-aux-mures\/#respond\"]}]},{\"@type\":\"WebPage\",\"@id\":\"https:\/\/lacartebuissonniere.fr\/index.php\/2024\/07\/28\/aller-aux-mures\/\",\"url\":\"https:\/\/lacartebuissonniere.fr\/index.php\/2024\/07\/28\/aller-aux-mures\/\",\"name\":\"\u00ab\u00a0Aller aux m\u00fbres \u00bb - La carte buissonni\u00e8re\",\"isPartOf\":{\"@id\":\"https:\/\/lacartebuissonniere.fr\/#website\"},\"primaryImageOfPage\":{\"@id\":\"https:\/\/lacartebuissonniere.fr\/index.php\/2024\/07\/28\/aller-aux-mures\/#primaryimage\"},\"image\":{\"@id\":\"https:\/\/lacartebuissonniere.fr\/index.php\/2024\/07\/28\/aller-aux-mures\/#primaryimage\"},\"thumbnailUrl\":\"https:\/\/lacartebuissonniere.fr\/wp-content\/uploads\/2024\/06\/621828EB-A3C4-464F-9BE1-5CE79110E732_1_105_c.jpeg\",\"datePublished\":\"2024-07-28T07:00:00+00:00\",\"breadcrumb\":{\"@id\":\"https:\/\/lacartebuissonniere.fr\/index.php\/2024\/07\/28\/aller-aux-mures\/#breadcrumb\"},\"inLanguage\":\"fr-FR\",\"potentialAction\":[{\"@type\":\"ReadAction\",\"target\":[\"https:\/\/lacartebuissonniere.fr\/index.php\/2024\/07\/28\/aller-aux-mures\/\"]}]},{\"@type\":\"ImageObject\",\"inLanguage\":\"fr-FR\",\"@id\":\"https:\/\/lacartebuissonniere.fr\/index.php\/2024\/07\/28\/aller-aux-mures\/#primaryimage\",\"url\":\"https:\/\/lacartebuissonniere.fr\/wp-content\/uploads\/2024\/06\/621828EB-A3C4-464F-9BE1-5CE79110E732_1_105_c.jpeg\",\"contentUrl\":\"https:\/\/lacartebuissonniere.fr\/wp-content\/uploads\/2024\/06\/621828EB-A3C4-464F-9BE1-5CE79110E732_1_105_c.jpeg\",\"width\":1024,\"height\":768},{\"@type\":\"BreadcrumbList\",\"@id\":\"https:\/\/lacartebuissonniere.fr\/index.php\/2024\/07\/28\/aller-aux-mures\/#breadcrumb\",\"itemListElement\":[{\"@type\":\"ListItem\",\"position\":1,\"name\":\"Accueil\",\"item\":\"https:\/\/lacartebuissonniere.fr\/\"},{\"@type\":\"ListItem\",\"position\":2,\"name\":\"\u00ab\u00a0Aller aux m\u00fbres \u00bb\"}]},{\"@type\":\"WebSite\",\"@id\":\"https:\/\/lacartebuissonniere.fr\/#website\",\"url\":\"https:\/\/lacartebuissonniere.fr\/\",\"name\":\"La carte buissonni\u00e8re\",\"description\":\"\",\"publisher\":{\"@id\":\"https:\/\/lacartebuissonniere.fr\/#organization\"},\"potentialAction\":[{\"@type\":\"SearchAction\",\"target\":{\"@type\":\"EntryPoint\",\"urlTemplate\":\"https:\/\/lacartebuissonniere.fr\/?s={search_term_string}\"},\"query-input\":{\"@type\":\"PropertyValueSpecification\",\"valueRequired\":true,\"valueName\":\"search_term_string\"}}],\"inLanguage\":\"fr-FR\"},{\"@type\":\"Organization\",\"@id\":\"https:\/\/lacartebuissonniere.fr\/#organization\",\"name\":\"La carte buissonni\u00e8re\",\"url\":\"https:\/\/lacartebuissonniere.fr\/\",\"logo\":{\"@type\":\"ImageObject\",\"inLanguage\":\"fr-FR\",\"@id\":\"https:\/\/lacartebuissonniere.fr\/#\/schema\/logo\/image\/\",\"url\":\"https:\/\/lacartebuissonniere.fr\/wp-content\/uploads\/2022\/12\/Illustration-sans-titre.jpg\",\"contentUrl\":\"https:\/\/lacartebuissonniere.fr\/wp-content\/uploads\/2022\/12\/Illustration-sans-titre.jpg\",\"width\":637,\"height\":680,\"caption\":\"La carte buissonni\u00e8re\"},\"image\":{\"@id\":\"https:\/\/lacartebuissonniere.fr\/#\/schema\/logo\/image\/\"},\"sameAs\":[\"https:\/\/www.facebook.com\/lacartebuissonniere\/\",\"https:\/\/www.pinterest.fr\/DelphChabanne\/\"]},{\"@type\":\"Person\",\"@id\":\"https:\/\/lacartebuissonniere.fr\/#\/schema\/person\/4e60af809837a2287e4f6d4daaf7abd4\",\"name\":\"Carte buissonni\u00e8re\",\"image\":{\"@type\":\"ImageObject\",\"inLanguage\":\"fr-FR\",\"@id\":\"https:\/\/lacartebuissonniere.fr\/#\/schema\/person\/image\/\",\"url\":\"https:\/\/secure.gravatar.com\/avatar\/b543b5e0f093efbab3dfee8595bf9077ed504ab48ffeb378c9dc263381c278e6?s=96&d=mm&r=g\",\"contentUrl\":\"https:\/\/secure.gravatar.com\/avatar\/b543b5e0f093efbab3dfee8595bf9077ed504ab48ffeb378c9dc263381c278e6?s=96&d=mm&r=g\",\"caption\":\"Carte buissonni\u00e8re\"},\"sameAs\":[\"http:\/\/lacartebuissonniere.fr\"],\"url\":\"https:\/\/lacartebuissonniere.fr\/index.php\/author\/carteb\/\"}]}<\/script>\n<!-- \/ Yoast SEO plugin. -->","yoast_head_json":{"title":"\u00ab\u00a0Aller aux m\u00fbres \u00bb - La carte buissonni\u00e8re","robots":{"index":"index","follow":"follow","max-snippet":"max-snippet:-1","max-image-preview":"max-image-preview:large","max-video-preview":"max-video-preview:-1"},"canonical":"https:\/\/lacartebuissonniere.fr\/index.php\/2024\/07\/28\/aller-aux-mures\/","og_locale":"fr_FR","og_type":"article","og_title":"\u00ab\u00a0Aller aux m\u00fbres \u00bb - La carte buissonni\u00e8re","og_description":"C\u2019\u00e9tait hier le jour de la m\u00fbre\u00a0!\u00a0 \u00ab&nbsp;Aller aux m\u00fbres \u00bb&nbsp;: la proposition fleure bon les chaudes journ\u00e9es d\u2019\u00e9t\u00e9 et les chemins buissonniers. J\u2019ai pris cette photo en ao\u00fbt dernier dans la campagne de mon enfance\u00a0: \u00ab&nbsp;Aller aux m\u00fbres \u00bb, c\u2019est aussi un chapitre du recueil qui a rendu Philippe Delerm c\u00e9l\u00e8bre&nbsp;: La premi\u00e8re gorg\u00e9e [&hellip;]","og_url":"https:\/\/lacartebuissonniere.fr\/index.php\/2024\/07\/28\/aller-aux-mures\/","og_site_name":"La carte buissonni\u00e8re","article_publisher":"https:\/\/www.facebook.com\/lacartebuissonniere\/","article_published_time":"2024-07-28T07:00:00+00:00","og_image":[{"url":"https:\/\/lacartebuissonniere.fr\/wp-content\/uploads\/2024\/06\/621828EB-A3C4-464F-9BE1-5CE79110E732_1_105_c.jpeg","type":"","width":"","height":""}],"author":"Carte buissonni\u00e8re","twitter_card":"summary_large_image","twitter_misc":{"\u00c9crit par":"Carte buissonni\u00e8re","Dur\u00e9e de lecture estim\u00e9e":"2 minutes"},"schema":{"@context":"https:\/\/schema.org","@graph":[{"@type":"Article","@id":"https:\/\/lacartebuissonniere.fr\/index.php\/2024\/07\/28\/aller-aux-mures\/#article","isPartOf":{"@id":"https:\/\/lacartebuissonniere.fr\/index.php\/2024\/07\/28\/aller-aux-mures\/"},"author":{"name":"Carte buissonni\u00e8re","@id":"https:\/\/lacartebuissonniere.fr\/#\/schema\/person\/4e60af809837a2287e4f6d4daaf7abd4"},"headline":"\u00ab\u00a0Aller aux m\u00fbres \u00bb","datePublished":"2024-07-28T07:00:00+00:00","mainEntityOfPage":{"@id":"https:\/\/lacartebuissonniere.fr\/index.php\/2024\/07\/28\/aller-aux-mures\/"},"wordCount":279,"commentCount":0,"publisher":{"@id":"https:\/\/lacartebuissonniere.fr\/#organization"},"image":{"@id":"https:\/\/lacartebuissonniere.fr\/index.php\/2024\/07\/28\/aller-aux-mures\/#primaryimage"},"thumbnailUrl":"https:\/\/lacartebuissonniere.fr\/wp-content\/uploads\/2024\/06\/621828EB-A3C4-464F-9BE1-5CE79110E732_1_105_c.jpeg","articleSection":["Fl\u00e2neries culturelles"],"inLanguage":"fr-FR","potentialAction":[{"@type":"CommentAction","name":"Comment","target":["https:\/\/lacartebuissonniere.fr\/index.php\/2024\/07\/28\/aller-aux-mures\/#respond"]}]},{"@type":"WebPage","@id":"https:\/\/lacartebuissonniere.fr\/index.php\/2024\/07\/28\/aller-aux-mures\/","url":"https:\/\/lacartebuissonniere.fr\/index.php\/2024\/07\/28\/aller-aux-mures\/","name":"\u00ab\u00a0Aller aux m\u00fbres \u00bb - La carte buissonni\u00e8re","isPartOf":{"@id":"https:\/\/lacartebuissonniere.fr\/#website"},"primaryImageOfPage":{"@id":"https:\/\/lacartebuissonniere.fr\/index.php\/2024\/07\/28\/aller-aux-mures\/#primaryimage"},"image":{"@id":"https:\/\/lacartebuissonniere.fr\/index.php\/2024\/07\/28\/aller-aux-mures\/#primaryimage"},"thumbnailUrl":"https:\/\/lacartebuissonniere.fr\/wp-content\/uploads\/2024\/06\/621828EB-A3C4-464F-9BE1-5CE79110E732_1_105_c.jpeg","datePublished":"2024-07-28T07:00:00+00:00","breadcrumb":{"@id":"https:\/\/lacartebuissonniere.fr\/index.php\/2024\/07\/28\/aller-aux-mures\/#breadcrumb"},"inLanguage":"fr-FR","potentialAction":[{"@type":"ReadAction","target":["https:\/\/lacartebuissonniere.fr\/index.php\/2024\/07\/28\/aller-aux-mures\/"]}]},{"@type":"ImageObject","inLanguage":"fr-FR","@id":"https:\/\/lacartebuissonniere.fr\/index.php\/2024\/07\/28\/aller-aux-mures\/#primaryimage","url":"https:\/\/lacartebuissonniere.fr\/wp-content\/uploads\/2024\/06\/621828EB-A3C4-464F-9BE1-5CE79110E732_1_105_c.jpeg","contentUrl":"https:\/\/lacartebuissonniere.fr\/wp-content\/uploads\/2024\/06\/621828EB-A3C4-464F-9BE1-5CE79110E732_1_105_c.jpeg","width":1024,"height":768},{"@type":"BreadcrumbList","@id":"https:\/\/lacartebuissonniere.fr\/index.php\/2024\/07\/28\/aller-aux-mures\/#breadcrumb","itemListElement":[{"@type":"ListItem","position":1,"name":"Accueil","item":"https:\/\/lacartebuissonniere.fr\/"},{"@type":"ListItem","position":2,"name":"\u00ab\u00a0Aller aux m\u00fbres \u00bb"}]},{"@type":"WebSite","@id":"https:\/\/lacartebuissonniere.fr\/#website","url":"https:\/\/lacartebuissonniere.fr\/","name":"La carte buissonni\u00e8re","description":"","publisher":{"@id":"https:\/\/lacartebuissonniere.fr\/#organization"},"potentialAction":[{"@type":"SearchAction","target":{"@type":"EntryPoint","urlTemplate":"https:\/\/lacartebuissonniere.fr\/?s={search_term_string}"},"query-input":{"@type":"PropertyValueSpecification","valueRequired":true,"valueName":"search_term_string"}}],"inLanguage":"fr-FR"},{"@type":"Organization","@id":"https:\/\/lacartebuissonniere.fr\/#organization","name":"La carte buissonni\u00e8re","url":"https:\/\/lacartebuissonniere.fr\/","logo":{"@type":"ImageObject","inLanguage":"fr-FR","@id":"https:\/\/lacartebuissonniere.fr\/#\/schema\/logo\/image\/","url":"https:\/\/lacartebuissonniere.fr\/wp-content\/uploads\/2022\/12\/Illustration-sans-titre.jpg","contentUrl":"https:\/\/lacartebuissonniere.fr\/wp-content\/uploads\/2022\/12\/Illustration-sans-titre.jpg","width":637,"height":680,"caption":"La carte buissonni\u00e8re"},"image":{"@id":"https:\/\/lacartebuissonniere.fr\/#\/schema\/logo\/image\/"},"sameAs":["https:\/\/www.facebook.com\/lacartebuissonniere\/","https:\/\/www.pinterest.fr\/DelphChabanne\/"]},{"@type":"Person","@id":"https:\/\/lacartebuissonniere.fr\/#\/schema\/person\/4e60af809837a2287e4f6d4daaf7abd4","name":"Carte buissonni\u00e8re","image":{"@type":"ImageObject","inLanguage":"fr-FR","@id":"https:\/\/lacartebuissonniere.fr\/#\/schema\/person\/image\/","url":"https:\/\/secure.gravatar.com\/avatar\/b543b5e0f093efbab3dfee8595bf9077ed504ab48ffeb378c9dc263381c278e6?s=96&d=mm&r=g","contentUrl":"https:\/\/secure.gravatar.com\/avatar\/b543b5e0f093efbab3dfee8595bf9077ed504ab48ffeb378c9dc263381c278e6?s=96&d=mm&r=g","caption":"Carte buissonni\u00e8re"},"sameAs":["http:\/\/lacartebuissonniere.fr"],"url":"https:\/\/lacartebuissonniere.fr\/index.php\/author\/carteb\/"}]}},"_links":{"self":[{"href":"https:\/\/lacartebuissonniere.fr\/index.php\/wp-json\/wp\/v2\/posts\/6055","targetHints":{"allow":["GET"]}}],"collection":[{"href":"https:\/\/lacartebuissonniere.fr\/index.php\/wp-json\/wp\/v2\/posts"}],"about":[{"href":"https:\/\/lacartebuissonniere.fr\/index.php\/wp-json\/wp\/v2\/types\/post"}],"author":[{"embeddable":true,"href":"https:\/\/lacartebuissonniere.fr\/index.php\/wp-json\/wp\/v2\/users\/2"}],"replies":[{"embeddable":true,"href":"https:\/\/lacartebuissonniere.fr\/index.php\/wp-json\/wp\/v2\/comments?post=6055"}],"version-history":[{"count":1,"href":"https:\/\/lacartebuissonniere.fr\/index.php\/wp-json\/wp\/v2\/posts\/6055\/revisions"}],"predecessor-version":[{"id":6059,"href":"https:\/\/lacartebuissonniere.fr\/index.php\/wp-json\/wp\/v2\/posts\/6055\/revisions\/6059"}],"wp:attachment":[{"href":"https:\/\/lacartebuissonniere.fr\/index.php\/wp-json\/wp\/v2\/media?parent=6055"}],"wp:term":[{"taxonomy":"category","embeddable":true,"href":"https:\/\/lacartebuissonniere.fr\/index.php\/wp-json\/wp\/v2\/categories?post=6055"},{"taxonomy":"post_tag","embeddable":true,"href":"https:\/\/lacartebuissonniere.fr\/index.php\/wp-json\/wp\/v2\/tags?post=6055"}],"curies":[{"name":"wp","href":"https:\/\/api.w.org\/{rel}","templated":true}]}}