{"id":6311,"date":"2024-09-19T09:00:00","date_gmt":"2024-09-19T07:00:00","guid":{"rendered":"https:\/\/lacartebuissonniere.fr\/?p=6311"},"modified":"2024-08-27T15:41:34","modified_gmt":"2024-08-27T13:41:34","slug":"carmin","status":"publish","type":"post","link":"https:\/\/lacartebuissonniere.fr\/index.php\/2024\/09\/19\/carmin\/","title":{"rendered":"Carmin"},"content":{"rendered":"\n<p><\/p>\n\n\n\n<p>Le carmin d\u00e9signe un pigment d\u2019un rouge vif profond :<\/p>\n\n\n<div class=\"wp-block-image\">\n<figure class=\"aligncenter size-full\"><img loading=\"lazy\" decoding=\"async\" width=\"727\" height=\"520\" src=\"https:\/\/lacartebuissonniere.fr\/wp-content\/uploads\/2024\/08\/F44EF3ED-9DA3-45B0-A0D6-415EC8C65B37_1_201_a.jpeg\" alt=\"\" class=\"wp-image-6312\" srcset=\"https:\/\/lacartebuissonniere.fr\/wp-content\/uploads\/2024\/08\/F44EF3ED-9DA3-45B0-A0D6-415EC8C65B37_1_201_a.jpeg 727w, https:\/\/lacartebuissonniere.fr\/wp-content\/uploads\/2024\/08\/F44EF3ED-9DA3-45B0-A0D6-415EC8C65B37_1_201_a-300x215.jpeg 300w, https:\/\/lacartebuissonniere.fr\/wp-content\/uploads\/2024\/08\/F44EF3ED-9DA3-45B0-A0D6-415EC8C65B37_1_201_a-600x429.jpeg 600w\" sizes=\"auto, (max-width: 727px) 100vw, 727px\" \/><\/figure>\n<\/div>\n\n\n<p><\/p>\n\n\n\n<p>\u00c0 l\u2019origine, on l\u2019obtenait \u00e0 partir de la cochenille.<\/p>\n\n\n\n<p><em>Carmin<\/em>, tout comme <em>cramoisi<\/em>, provient d\u2019ailleurs de <em>Kermes (vermilio)<\/em>, le nom savant de la cochenille.<\/p>\n\n\n\n<p>Les \u00c9gyptiens l\u2019employaient d\u00e9j\u00e0.<\/p>\n\n\n\n<p>Les teinturiers romains distinguaient six cat\u00e9gories d\u2019artisans pour les nuances de rouge, parmi lesquelles les <em>coccinarii,<\/em> qui utilisaient le kerm\u00e8s.<\/p>\n\n\n\n<p>Comestible, le carmin peut \u00e9galement servir de colorant alimentaire.<\/p>\n\n\n\n<p>C\u2019est lui qui donne leur jolie teinte aux Biscuits Roses de Reims&nbsp;!<\/p>\n\n\n<div class=\"wp-block-image\">\n<figure class=\"aligncenter size-full\"><img loading=\"lazy\" decoding=\"async\" width=\"777\" height=\"549\" src=\"https:\/\/lacartebuissonniere.fr\/wp-content\/uploads\/2024\/08\/1435F156-A1FD-44D1-8FF2-10DACF5940D8_1_201_a.jpeg\" alt=\"\" class=\"wp-image-6313\" srcset=\"https:\/\/lacartebuissonniere.fr\/wp-content\/uploads\/2024\/08\/1435F156-A1FD-44D1-8FF2-10DACF5940D8_1_201_a.jpeg 777w, https:\/\/lacartebuissonniere.fr\/wp-content\/uploads\/2024\/08\/1435F156-A1FD-44D1-8FF2-10DACF5940D8_1_201_a-300x212.jpeg 300w, https:\/\/lacartebuissonniere.fr\/wp-content\/uploads\/2024\/08\/1435F156-A1FD-44D1-8FF2-10DACF5940D8_1_201_a-768x543.jpeg 768w, https:\/\/lacartebuissonniere.fr\/wp-content\/uploads\/2024\/08\/1435F156-A1FD-44D1-8FF2-10DACF5940D8_1_201_a-600x424.jpeg 600w\" sizes=\"auto, (max-width: 777px) 100vw, 777px\" \/><\/figure>\n<\/div>\n\n\n<p><\/p>\n\n\n\n<p>Aujourd\u2019hui, on le fabrique de fa\u00e7on chimique.<\/p>\n\n\n\n<p>La peinture acrylique extra-fine que j\u2019ai utilis\u00e9e pour peindre les feuilles de ginkgo de mes cartes buissonni\u00e8res s\u2019appelle \u00ab&nbsp;Carmin quinacridone&nbsp;\u00bb et associe les pigments PV19 et PR179.<\/p>\n\n\n\n<figure class=\"wp-block-gallery has-nested-images columns-default is-cropped wp-block-gallery-1 is-layout-flex wp-block-gallery-is-layout-flex\">\n<figure class=\"wp-block-image size-large\"><img loading=\"lazy\" decoding=\"async\" width=\"1024\" height=\"766\" data-id=\"6318\" src=\"https:\/\/lacartebuissonniere.fr\/wp-content\/uploads\/2024\/08\/IMG_4278-1024x766.jpeg\" alt=\"\" class=\"wp-image-6318\" srcset=\"https:\/\/lacartebuissonniere.fr\/wp-content\/uploads\/2024\/08\/IMG_4278-1024x766.jpeg 1024w, https:\/\/lacartebuissonniere.fr\/wp-content\/uploads\/2024\/08\/IMG_4278-300x224.jpeg 300w, https:\/\/lacartebuissonniere.fr\/wp-content\/uploads\/2024\/08\/IMG_4278-768x574.jpeg 768w, https:\/\/lacartebuissonniere.fr\/wp-content\/uploads\/2024\/08\/IMG_4278-1536x1148.jpeg 1536w, https:\/\/lacartebuissonniere.fr\/wp-content\/uploads\/2024\/08\/IMG_4278-2048x1531.jpeg 2048w, https:\/\/lacartebuissonniere.fr\/wp-content\/uploads\/2024\/08\/IMG_4278-600x449.jpeg 600w\" sizes=\"auto, (max-width: 1024px) 100vw, 1024px\" \/><\/figure>\n\n\n\n<figure class=\"wp-block-image size-large\"><img loading=\"lazy\" decoding=\"async\" width=\"1024\" height=\"759\" data-id=\"6316\" src=\"https:\/\/lacartebuissonniere.fr\/wp-content\/uploads\/2024\/08\/IMG_4280-1-1024x759.jpeg\" alt=\"\" class=\"wp-image-6316\" srcset=\"https:\/\/lacartebuissonniere.fr\/wp-content\/uploads\/2024\/08\/IMG_4280-1-1024x759.jpeg 1024w, https:\/\/lacartebuissonniere.fr\/wp-content\/uploads\/2024\/08\/IMG_4280-1-300x222.jpeg 300w, https:\/\/lacartebuissonniere.fr\/wp-content\/uploads\/2024\/08\/IMG_4280-1-768x569.jpeg 768w, https:\/\/lacartebuissonniere.fr\/wp-content\/uploads\/2024\/08\/IMG_4280-1-1536x1139.jpeg 1536w, https:\/\/lacartebuissonniere.fr\/wp-content\/uploads\/2024\/08\/IMG_4280-1-2048x1518.jpeg 2048w, https:\/\/lacartebuissonniere.fr\/wp-content\/uploads\/2024\/08\/IMG_4280-1-600x445.jpeg 600w\" sizes=\"auto, (max-width: 1024px) 100vw, 1024px\" \/><\/figure>\n<\/figure>\n\n\n\n<p><\/p>\n\n\n<div class=\"wp-block-image\">\n<figure class=\"aligncenter size-full\"><img loading=\"lazy\" decoding=\"async\" width=\"764\" height=\"1030\" src=\"https:\/\/lacartebuissonniere.fr\/wp-content\/uploads\/2024\/08\/17285E00-5782-4B2B-8119-0FC06B23DDB8_1_105_c.jpeg\" alt=\"\" class=\"wp-image-6321\" srcset=\"https:\/\/lacartebuissonniere.fr\/wp-content\/uploads\/2024\/08\/17285E00-5782-4B2B-8119-0FC06B23DDB8_1_105_c.jpeg 764w, https:\/\/lacartebuissonniere.fr\/wp-content\/uploads\/2024\/08\/17285E00-5782-4B2B-8119-0FC06B23DDB8_1_105_c-223x300.jpeg 223w, https:\/\/lacartebuissonniere.fr\/wp-content\/uploads\/2024\/08\/17285E00-5782-4B2B-8119-0FC06B23DDB8_1_105_c-760x1024.jpeg 760w, https:\/\/lacartebuissonniere.fr\/wp-content\/uploads\/2024\/08\/17285E00-5782-4B2B-8119-0FC06B23DDB8_1_105_c-445x600.jpeg 445w\" sizes=\"auto, (max-width: 764px) 100vw, 764px\" \/><\/figure>\n<\/div>\n\n\n<p><\/p>\n\n\n\n<p>Sources&nbsp;:<\/p>\n\n\n\n<p>PASTOUREAU Michel. <em>Rouge \u2013 Histoire d\u2019une couleur<\/em>. Paris&nbsp;: Seuil, 2016.<\/p>\n\n\n\n<p><a href=\"https:\/\/fr.wikipedia.org\/wiki\/Carmin\" target=\"_blank\" rel=\"noreferrer noopener\">\u00ab\u00a0Carmin\u00a0\u00bb<\/a> \u2013 fiche Wikip\u00e9dia<\/p>\n\n\n\n<p><a href=\"https:\/\/www.lebiscuit.fr\/quelle-est-l-origine-du-biscuit-rose-de-reims\/\" target=\"_blank\" rel=\"noreferrer noopener\">\u00ab\u00a0Quelle est l\u2019origine du biscuit rose de Reims ?\u00a0\u00bb<\/a><\/p>\n\n\n\n<p><\/p>\n\n\n\n<p><\/p>\n\n\n\n<p><\/p>\n\n\n\n<p><\/p>\n\n\n\n<p><\/p>\n\n\n\n<p><\/p>\n\n\n\n<p><\/p>\n","protected":false},"excerpt":{"rendered":"<p>Le carmin d\u00e9signe un pigment d\u2019un rouge vif profond : \u00c0 l\u2019origine, on l\u2019obtenait \u00e0 partir de la cochenille. Carmin, tout comme cramoisi, provient d\u2019ailleurs de Kermes (vermilio), le nom savant de la cochenille. Les \u00c9gyptiens l\u2019employaient d\u00e9j\u00e0. Les teinturiers romains distinguaient six cat\u00e9gories d\u2019artisans pour les nuances de rouge, parmi lesquelles les coccinarii, qui [&hellip;]<\/p>\n","protected":false},"author":2,"featured_media":0,"comment_status":"open","ping_status":"open","sticky":false,"template":"","format":"standard","meta":{"two_page_speed":[],"footnotes":""},"categories":[13],"tags":[],"class_list":["post-6311","post","type-post","status-publish","format-standard","hentry","category-infos","entry"],"yoast_head":"<!-- This site is optimized with the Yoast SEO plugin v25.4 - https:\/\/yoast.com\/wordpress\/plugins\/seo\/ -->\n<title>Carmin - La carte buissonni\u00e8re<\/title>\n<meta name=\"robots\" content=\"index, follow, max-snippet:-1, max-image-preview:large, max-video-preview:-1\" \/>\n<link rel=\"canonical\" href=\"https:\/\/lacartebuissonniere.fr\/index.php\/2024\/09\/19\/carmin\/\" \/>\n<meta property=\"og:locale\" content=\"fr_FR\" \/>\n<meta property=\"og:type\" content=\"article\" \/>\n<meta property=\"og:title\" content=\"Carmin - La carte buissonni\u00e8re\" \/>\n<meta property=\"og:description\" content=\"Le carmin d\u00e9signe un pigment d\u2019un rouge vif profond : \u00c0 l\u2019origine, on l\u2019obtenait \u00e0 partir de la cochenille. Carmin, tout comme cramoisi, provient d\u2019ailleurs de Kermes (vermilio), le nom savant de la cochenille. Les \u00c9gyptiens l\u2019employaient d\u00e9j\u00e0. Les teinturiers romains distinguaient six cat\u00e9gories d\u2019artisans pour les nuances de rouge, parmi lesquelles les coccinarii, qui [&hellip;]\" \/>\n<meta property=\"og:url\" content=\"https:\/\/lacartebuissonniere.fr\/index.php\/2024\/09\/19\/carmin\/\" \/>\n<meta property=\"og:site_name\" content=\"La carte buissonni\u00e8re\" \/>\n<meta property=\"article:publisher\" content=\"https:\/\/www.facebook.com\/lacartebuissonniere\/\" \/>\n<meta property=\"article:published_time\" content=\"2024-09-19T07:00:00+00:00\" \/>\n<meta property=\"og:image\" content=\"https:\/\/lacartebuissonniere.fr\/wp-content\/uploads\/2024\/08\/F44EF3ED-9DA3-45B0-A0D6-415EC8C65B37_1_201_a.jpeg\" \/>\n<meta name=\"author\" content=\"Carte buissonni\u00e8re\" \/>\n<meta name=\"twitter:card\" content=\"summary_large_image\" \/>\n<meta name=\"twitter:label1\" content=\"\u00c9crit par\" \/>\n\t<meta name=\"twitter:data1\" content=\"Carte buissonni\u00e8re\" \/>\n\t<meta name=\"twitter:label2\" content=\"Dur\u00e9e de lecture estim\u00e9e\" \/>\n\t<meta name=\"twitter:data2\" content=\"2 minutes\" \/>\n<script type=\"application\/ld+json\" class=\"yoast-schema-graph\">{\"@context\":\"https:\/\/schema.org\",\"@graph\":[{\"@type\":\"Article\",\"@id\":\"https:\/\/lacartebuissonniere.fr\/index.php\/2024\/09\/19\/carmin\/#article\",\"isPartOf\":{\"@id\":\"https:\/\/lacartebuissonniere.fr\/index.php\/2024\/09\/19\/carmin\/\"},\"author\":{\"name\":\"Carte buissonni\u00e8re\",\"@id\":\"https:\/\/lacartebuissonniere.fr\/#\/schema\/person\/4e60af809837a2287e4f6d4daaf7abd4\"},\"headline\":\"Carmin\",\"datePublished\":\"2024-09-19T07:00:00+00:00\",\"mainEntityOfPage\":{\"@id\":\"https:\/\/lacartebuissonniere.fr\/index.php\/2024\/09\/19\/carmin\/\"},\"wordCount\":156,\"commentCount\":0,\"publisher\":{\"@id\":\"https:\/\/lacartebuissonniere.fr\/#organization\"},\"image\":{\"@id\":\"https:\/\/lacartebuissonniere.fr\/index.php\/2024\/09\/19\/carmin\/#primaryimage\"},\"thumbnailUrl\":\"https:\/\/lacartebuissonniere.fr\/wp-content\/uploads\/2024\/08\/F44EF3ED-9DA3-45B0-A0D6-415EC8C65B37_1_201_a.jpeg\",\"articleSection\":[\"INFOS\"],\"inLanguage\":\"fr-FR\",\"potentialAction\":[{\"@type\":\"CommentAction\",\"name\":\"Comment\",\"target\":[\"https:\/\/lacartebuissonniere.fr\/index.php\/2024\/09\/19\/carmin\/#respond\"]}]},{\"@type\":\"WebPage\",\"@id\":\"https:\/\/lacartebuissonniere.fr\/index.php\/2024\/09\/19\/carmin\/\",\"url\":\"https:\/\/lacartebuissonniere.fr\/index.php\/2024\/09\/19\/carmin\/\",\"name\":\"Carmin - La carte buissonni\u00e8re\",\"isPartOf\":{\"@id\":\"https:\/\/lacartebuissonniere.fr\/#website\"},\"primaryImageOfPage\":{\"@id\":\"https:\/\/lacartebuissonniere.fr\/index.php\/2024\/09\/19\/carmin\/#primaryimage\"},\"image\":{\"@id\":\"https:\/\/lacartebuissonniere.fr\/index.php\/2024\/09\/19\/carmin\/#primaryimage\"},\"thumbnailUrl\":\"https:\/\/lacartebuissonniere.fr\/wp-content\/uploads\/2024\/08\/F44EF3ED-9DA3-45B0-A0D6-415EC8C65B37_1_201_a.jpeg\",\"datePublished\":\"2024-09-19T07:00:00+00:00\",\"breadcrumb\":{\"@id\":\"https:\/\/lacartebuissonniere.fr\/index.php\/2024\/09\/19\/carmin\/#breadcrumb\"},\"inLanguage\":\"fr-FR\",\"potentialAction\":[{\"@type\":\"ReadAction\",\"target\":[\"https:\/\/lacartebuissonniere.fr\/index.php\/2024\/09\/19\/carmin\/\"]}]},{\"@type\":\"ImageObject\",\"inLanguage\":\"fr-FR\",\"@id\":\"https:\/\/lacartebuissonniere.fr\/index.php\/2024\/09\/19\/carmin\/#primaryimage\",\"url\":\"https:\/\/lacartebuissonniere.fr\/wp-content\/uploads\/2024\/08\/F44EF3ED-9DA3-45B0-A0D6-415EC8C65B37_1_201_a.jpeg\",\"contentUrl\":\"https:\/\/lacartebuissonniere.fr\/wp-content\/uploads\/2024\/08\/F44EF3ED-9DA3-45B0-A0D6-415EC8C65B37_1_201_a.jpeg\",\"width\":727,\"height\":520},{\"@type\":\"BreadcrumbList\",\"@id\":\"https:\/\/lacartebuissonniere.fr\/index.php\/2024\/09\/19\/carmin\/#breadcrumb\",\"itemListElement\":[{\"@type\":\"ListItem\",\"position\":1,\"name\":\"Accueil\",\"item\":\"https:\/\/lacartebuissonniere.fr\/\"},{\"@type\":\"ListItem\",\"position\":2,\"name\":\"Carmin\"}]},{\"@type\":\"WebSite\",\"@id\":\"https:\/\/lacartebuissonniere.fr\/#website\",\"url\":\"https:\/\/lacartebuissonniere.fr\/\",\"name\":\"La carte buissonni\u00e8re\",\"description\":\"\",\"publisher\":{\"@id\":\"https:\/\/lacartebuissonniere.fr\/#organization\"},\"potentialAction\":[{\"@type\":\"SearchAction\",\"target\":{\"@type\":\"EntryPoint\",\"urlTemplate\":\"https:\/\/lacartebuissonniere.fr\/?s={search_term_string}\"},\"query-input\":{\"@type\":\"PropertyValueSpecification\",\"valueRequired\":true,\"valueName\":\"search_term_string\"}}],\"inLanguage\":\"fr-FR\"},{\"@type\":\"Organization\",\"@id\":\"https:\/\/lacartebuissonniere.fr\/#organization\",\"name\":\"La carte buissonni\u00e8re\",\"url\":\"https:\/\/lacartebuissonniere.fr\/\",\"logo\":{\"@type\":\"ImageObject\",\"inLanguage\":\"fr-FR\",\"@id\":\"https:\/\/lacartebuissonniere.fr\/#\/schema\/logo\/image\/\",\"url\":\"https:\/\/lacartebuissonniere.fr\/wp-content\/uploads\/2022\/12\/Illustration-sans-titre.jpg\",\"contentUrl\":\"https:\/\/lacartebuissonniere.fr\/wp-content\/uploads\/2022\/12\/Illustration-sans-titre.jpg\",\"width\":637,\"height\":680,\"caption\":\"La carte buissonni\u00e8re\"},\"image\":{\"@id\":\"https:\/\/lacartebuissonniere.fr\/#\/schema\/logo\/image\/\"},\"sameAs\":[\"https:\/\/www.facebook.com\/lacartebuissonniere\/\",\"https:\/\/www.pinterest.fr\/DelphChabanne\/\"]},{\"@type\":\"Person\",\"@id\":\"https:\/\/lacartebuissonniere.fr\/#\/schema\/person\/4e60af809837a2287e4f6d4daaf7abd4\",\"name\":\"Carte buissonni\u00e8re\",\"image\":{\"@type\":\"ImageObject\",\"inLanguage\":\"fr-FR\",\"@id\":\"https:\/\/lacartebuissonniere.fr\/#\/schema\/person\/image\/\",\"url\":\"https:\/\/secure.gravatar.com\/avatar\/b543b5e0f093efbab3dfee8595bf9077ed504ab48ffeb378c9dc263381c278e6?s=96&d=mm&r=g\",\"contentUrl\":\"https:\/\/secure.gravatar.com\/avatar\/b543b5e0f093efbab3dfee8595bf9077ed504ab48ffeb378c9dc263381c278e6?s=96&d=mm&r=g\",\"caption\":\"Carte buissonni\u00e8re\"},\"sameAs\":[\"http:\/\/lacartebuissonniere.fr\"],\"url\":\"https:\/\/lacartebuissonniere.fr\/index.php\/author\/carteb\/\"}]}<\/script>\n<!-- \/ Yoast SEO plugin. -->","yoast_head_json":{"title":"Carmin - La carte buissonni\u00e8re","robots":{"index":"index","follow":"follow","max-snippet":"max-snippet:-1","max-image-preview":"max-image-preview:large","max-video-preview":"max-video-preview:-1"},"canonical":"https:\/\/lacartebuissonniere.fr\/index.php\/2024\/09\/19\/carmin\/","og_locale":"fr_FR","og_type":"article","og_title":"Carmin - La carte buissonni\u00e8re","og_description":"Le carmin d\u00e9signe un pigment d\u2019un rouge vif profond : \u00c0 l\u2019origine, on l\u2019obtenait \u00e0 partir de la cochenille. Carmin, tout comme cramoisi, provient d\u2019ailleurs de Kermes (vermilio), le nom savant de la cochenille. Les \u00c9gyptiens l\u2019employaient d\u00e9j\u00e0. Les teinturiers romains distinguaient six cat\u00e9gories d\u2019artisans pour les nuances de rouge, parmi lesquelles les coccinarii, qui [&hellip;]","og_url":"https:\/\/lacartebuissonniere.fr\/index.php\/2024\/09\/19\/carmin\/","og_site_name":"La carte buissonni\u00e8re","article_publisher":"https:\/\/www.facebook.com\/lacartebuissonniere\/","article_published_time":"2024-09-19T07:00:00+00:00","og_image":[{"url":"https:\/\/lacartebuissonniere.fr\/wp-content\/uploads\/2024\/08\/F44EF3ED-9DA3-45B0-A0D6-415EC8C65B37_1_201_a.jpeg","type":"","width":"","height":""}],"author":"Carte buissonni\u00e8re","twitter_card":"summary_large_image","twitter_misc":{"\u00c9crit par":"Carte buissonni\u00e8re","Dur\u00e9e de lecture estim\u00e9e":"2 minutes"},"schema":{"@context":"https:\/\/schema.org","@graph":[{"@type":"Article","@id":"https:\/\/lacartebuissonniere.fr\/index.php\/2024\/09\/19\/carmin\/#article","isPartOf":{"@id":"https:\/\/lacartebuissonniere.fr\/index.php\/2024\/09\/19\/carmin\/"},"author":{"name":"Carte buissonni\u00e8re","@id":"https:\/\/lacartebuissonniere.fr\/#\/schema\/person\/4e60af809837a2287e4f6d4daaf7abd4"},"headline":"Carmin","datePublished":"2024-09-19T07:00:00+00:00","mainEntityOfPage":{"@id":"https:\/\/lacartebuissonniere.fr\/index.php\/2024\/09\/19\/carmin\/"},"wordCount":156,"commentCount":0,"publisher":{"@id":"https:\/\/lacartebuissonniere.fr\/#organization"},"image":{"@id":"https:\/\/lacartebuissonniere.fr\/index.php\/2024\/09\/19\/carmin\/#primaryimage"},"thumbnailUrl":"https:\/\/lacartebuissonniere.fr\/wp-content\/uploads\/2024\/08\/F44EF3ED-9DA3-45B0-A0D6-415EC8C65B37_1_201_a.jpeg","articleSection":["INFOS"],"inLanguage":"fr-FR","potentialAction":[{"@type":"CommentAction","name":"Comment","target":["https:\/\/lacartebuissonniere.fr\/index.php\/2024\/09\/19\/carmin\/#respond"]}]},{"@type":"WebPage","@id":"https:\/\/lacartebuissonniere.fr\/index.php\/2024\/09\/19\/carmin\/","url":"https:\/\/lacartebuissonniere.fr\/index.php\/2024\/09\/19\/carmin\/","name":"Carmin - La carte buissonni\u00e8re","isPartOf":{"@id":"https:\/\/lacartebuissonniere.fr\/#website"},"primaryImageOfPage":{"@id":"https:\/\/lacartebuissonniere.fr\/index.php\/2024\/09\/19\/carmin\/#primaryimage"},"image":{"@id":"https:\/\/lacartebuissonniere.fr\/index.php\/2024\/09\/19\/carmin\/#primaryimage"},"thumbnailUrl":"https:\/\/lacartebuissonniere.fr\/wp-content\/uploads\/2024\/08\/F44EF3ED-9DA3-45B0-A0D6-415EC8C65B37_1_201_a.jpeg","datePublished":"2024-09-19T07:00:00+00:00","breadcrumb":{"@id":"https:\/\/lacartebuissonniere.fr\/index.php\/2024\/09\/19\/carmin\/#breadcrumb"},"inLanguage":"fr-FR","potentialAction":[{"@type":"ReadAction","target":["https:\/\/lacartebuissonniere.fr\/index.php\/2024\/09\/19\/carmin\/"]}]},{"@type":"ImageObject","inLanguage":"fr-FR","@id":"https:\/\/lacartebuissonniere.fr\/index.php\/2024\/09\/19\/carmin\/#primaryimage","url":"https:\/\/lacartebuissonniere.fr\/wp-content\/uploads\/2024\/08\/F44EF3ED-9DA3-45B0-A0D6-415EC8C65B37_1_201_a.jpeg","contentUrl":"https:\/\/lacartebuissonniere.fr\/wp-content\/uploads\/2024\/08\/F44EF3ED-9DA3-45B0-A0D6-415EC8C65B37_1_201_a.jpeg","width":727,"height":520},{"@type":"BreadcrumbList","@id":"https:\/\/lacartebuissonniere.fr\/index.php\/2024\/09\/19\/carmin\/#breadcrumb","itemListElement":[{"@type":"ListItem","position":1,"name":"Accueil","item":"https:\/\/lacartebuissonniere.fr\/"},{"@type":"ListItem","position":2,"name":"Carmin"}]},{"@type":"WebSite","@id":"https:\/\/lacartebuissonniere.fr\/#website","url":"https:\/\/lacartebuissonniere.fr\/","name":"La carte buissonni\u00e8re","description":"","publisher":{"@id":"https:\/\/lacartebuissonniere.fr\/#organization"},"potentialAction":[{"@type":"SearchAction","target":{"@type":"EntryPoint","urlTemplate":"https:\/\/lacartebuissonniere.fr\/?s={search_term_string}"},"query-input":{"@type":"PropertyValueSpecification","valueRequired":true,"valueName":"search_term_string"}}],"inLanguage":"fr-FR"},{"@type":"Organization","@id":"https:\/\/lacartebuissonniere.fr\/#organization","name":"La carte buissonni\u00e8re","url":"https:\/\/lacartebuissonniere.fr\/","logo":{"@type":"ImageObject","inLanguage":"fr-FR","@id":"https:\/\/lacartebuissonniere.fr\/#\/schema\/logo\/image\/","url":"https:\/\/lacartebuissonniere.fr\/wp-content\/uploads\/2022\/12\/Illustration-sans-titre.jpg","contentUrl":"https:\/\/lacartebuissonniere.fr\/wp-content\/uploads\/2022\/12\/Illustration-sans-titre.jpg","width":637,"height":680,"caption":"La carte buissonni\u00e8re"},"image":{"@id":"https:\/\/lacartebuissonniere.fr\/#\/schema\/logo\/image\/"},"sameAs":["https:\/\/www.facebook.com\/lacartebuissonniere\/","https:\/\/www.pinterest.fr\/DelphChabanne\/"]},{"@type":"Person","@id":"https:\/\/lacartebuissonniere.fr\/#\/schema\/person\/4e60af809837a2287e4f6d4daaf7abd4","name":"Carte buissonni\u00e8re","image":{"@type":"ImageObject","inLanguage":"fr-FR","@id":"https:\/\/lacartebuissonniere.fr\/#\/schema\/person\/image\/","url":"https:\/\/secure.gravatar.com\/avatar\/b543b5e0f093efbab3dfee8595bf9077ed504ab48ffeb378c9dc263381c278e6?s=96&d=mm&r=g","contentUrl":"https:\/\/secure.gravatar.com\/avatar\/b543b5e0f093efbab3dfee8595bf9077ed504ab48ffeb378c9dc263381c278e6?s=96&d=mm&r=g","caption":"Carte buissonni\u00e8re"},"sameAs":["http:\/\/lacartebuissonniere.fr"],"url":"https:\/\/lacartebuissonniere.fr\/index.php\/author\/carteb\/"}]}},"_links":{"self":[{"href":"https:\/\/lacartebuissonniere.fr\/index.php\/wp-json\/wp\/v2\/posts\/6311","targetHints":{"allow":["GET"]}}],"collection":[{"href":"https:\/\/lacartebuissonniere.fr\/index.php\/wp-json\/wp\/v2\/posts"}],"about":[{"href":"https:\/\/lacartebuissonniere.fr\/index.php\/wp-json\/wp\/v2\/types\/post"}],"author":[{"embeddable":true,"href":"https:\/\/lacartebuissonniere.fr\/index.php\/wp-json\/wp\/v2\/users\/2"}],"replies":[{"embeddable":true,"href":"https:\/\/lacartebuissonniere.fr\/index.php\/wp-json\/wp\/v2\/comments?post=6311"}],"version-history":[{"count":1,"href":"https:\/\/lacartebuissonniere.fr\/index.php\/wp-json\/wp\/v2\/posts\/6311\/revisions"}],"predecessor-version":[{"id":6322,"href":"https:\/\/lacartebuissonniere.fr\/index.php\/wp-json\/wp\/v2\/posts\/6311\/revisions\/6322"}],"wp:attachment":[{"href":"https:\/\/lacartebuissonniere.fr\/index.php\/wp-json\/wp\/v2\/media?parent=6311"}],"wp:term":[{"taxonomy":"category","embeddable":true,"href":"https:\/\/lacartebuissonniere.fr\/index.php\/wp-json\/wp\/v2\/categories?post=6311"},{"taxonomy":"post_tag","embeddable":true,"href":"https:\/\/lacartebuissonniere.fr\/index.php\/wp-json\/wp\/v2\/tags?post=6311"}],"curies":[{"name":"wp","href":"https:\/\/api.w.org\/{rel}","templated":true}]}}