{"id":6511,"date":"2024-10-14T09:00:00","date_gmt":"2024-10-14T07:00:00","guid":{"rendered":"https:\/\/lacartebuissonniere.fr\/?p=6511"},"modified":"2024-09-15T12:32:41","modified_gmt":"2024-09-15T10:32:41","slug":"sous-le-signe-du-navet","status":"publish","type":"post","link":"https:\/\/lacartebuissonniere.fr\/index.php\/2024\/10\/14\/sous-le-signe-du-navet\/","title":{"rendered":"Sous le signe du navet"},"content":{"rendered":"\n<p><\/p>\n\n\n\n<p>Dans le calendrier r\u00e9publicain fran\u00e7ais, le 23<sup>e<\/sup>&nbsp;jour du mois de vend\u00e9miaire, souvent notre 14 octobre, \u00e9tait d\u00e9nomm\u00e9 jour du navet.<\/p>\n\n\n<div class=\"wp-block-image\">\n<figure class=\"aligncenter size-full\"><img loading=\"lazy\" decoding=\"async\" width=\"454\" height=\"684\" src=\"https:\/\/lacartebuissonniere.fr\/wp-content\/uploads\/2024\/09\/455320D8-C510-44B6-AF3F-ED393CD741E0_1_201_a.jpeg\" alt=\"\" class=\"wp-image-6512\" srcset=\"https:\/\/lacartebuissonniere.fr\/wp-content\/uploads\/2024\/09\/455320D8-C510-44B6-AF3F-ED393CD741E0_1_201_a.jpeg 454w, https:\/\/lacartebuissonniere.fr\/wp-content\/uploads\/2024\/09\/455320D8-C510-44B6-AF3F-ED393CD741E0_1_201_a-199x300.jpeg 199w, https:\/\/lacartebuissonniere.fr\/wp-content\/uploads\/2024\/09\/455320D8-C510-44B6-AF3F-ED393CD741E0_1_201_a-398x600.jpeg 398w\" sizes=\"auto, (max-width: 454px) 100vw, 454px\" \/><\/figure>\n<\/div>\n\n\n<p><\/p>\n\n\n\n<p>Le navet (<em>Brassica rapa<\/em>) est une plante fourrag\u00e8re ou potag\u00e8re cultiv\u00e9e pour sa racine.<\/p>\n\n\n\n<p>Il peut se manger cuit, saut\u00e9, en gratin, en pur\u00e9e, en julienne, en jardini\u00e8re, en pot-au-feu\u2026<\/p>\n\n\n\n<p>On le conna\u00eet surtout sph\u00e9rique et blanc et rose, mais le <a href=\"https:\/\/fr.wikipedia.org\/wiki\/Catalogue_officiel_des_esp%C3%A8ces_et_vari%C3%A9t%C3%A9s_v%C3%A9g%C3%A9tales\" target=\"_blank\" rel=\"noreferrer noopener\">catalogue officiel des esp\u00e8ces et vari\u00e9t\u00e9s v\u00e9g\u00e9tales<\/a> en r\u00e9pertorie plus de 150 vari\u00e9t\u00e9s, certaines coniques, cylindriques, allong\u00e9es ou aplaties, blanches, grises, noires, etc. Et leur go\u00fbt va du doux \u00e0 l\u2019\u00e2cre.<\/p>\n\n\n\n<figure class=\"wp-block-gallery has-nested-images columns-default is-cropped wp-block-gallery-1 is-layout-flex wp-block-gallery-is-layout-flex\">\n<figure class=\"wp-block-image size-large\"><img loading=\"lazy\" decoding=\"async\" width=\"743\" height=\"557\" data-id=\"6514\" src=\"https:\/\/lacartebuissonniere.fr\/wp-content\/uploads\/2024\/09\/4A6997DB-334E-46AB-B42A-54A1B9A13D10_1_201_a.jpeg\" alt=\"\" class=\"wp-image-6514\" srcset=\"https:\/\/lacartebuissonniere.fr\/wp-content\/uploads\/2024\/09\/4A6997DB-334E-46AB-B42A-54A1B9A13D10_1_201_a.jpeg 743w, https:\/\/lacartebuissonniere.fr\/wp-content\/uploads\/2024\/09\/4A6997DB-334E-46AB-B42A-54A1B9A13D10_1_201_a-300x225.jpeg 300w, https:\/\/lacartebuissonniere.fr\/wp-content\/uploads\/2024\/09\/4A6997DB-334E-46AB-B42A-54A1B9A13D10_1_201_a-600x450.jpeg 600w\" sizes=\"auto, (max-width: 743px) 100vw, 743px\" \/><\/figure>\n\n\n\n<figure class=\"wp-block-image size-large\"><img loading=\"lazy\" decoding=\"async\" width=\"762\" height=\"572\" data-id=\"6513\" src=\"https:\/\/lacartebuissonniere.fr\/wp-content\/uploads\/2024\/09\/ABFF84C8-56FA-4960-9AC9-68A2B5F7DDA1_1_201_a.jpeg\" alt=\"\" class=\"wp-image-6513\" srcset=\"https:\/\/lacartebuissonniere.fr\/wp-content\/uploads\/2024\/09\/ABFF84C8-56FA-4960-9AC9-68A2B5F7DDA1_1_201_a.jpeg 762w, https:\/\/lacartebuissonniere.fr\/wp-content\/uploads\/2024\/09\/ABFF84C8-56FA-4960-9AC9-68A2B5F7DDA1_1_201_a-300x225.jpeg 300w, https:\/\/lacartebuissonniere.fr\/wp-content\/uploads\/2024\/09\/ABFF84C8-56FA-4960-9AC9-68A2B5F7DDA1_1_201_a-600x450.jpeg 600w\" sizes=\"auto, (max-width: 762px) 100vw, 762px\" \/><\/figure>\n<\/figure>\n\n\n\n<p><\/p>\n\n\n\n<p>Avant l\u2019arriv\u00e9e de la pomme de terre en Europe, il y occupait une place de choix dans l\u2019alimentation. On le consommait encore au quotidien au XVIII<sup>e<\/sup> si\u00e8cle.<\/p>\n\n\n\n<p>Chardin peint ainsi une <em>Ratisseuse de navets<\/em> en 1738&nbsp;:<\/p>\n\n\n<div class=\"wp-block-image\">\n<figure class=\"aligncenter size-large\"><img loading=\"lazy\" decoding=\"async\" width=\"819\" height=\"1024\" src=\"https:\/\/lacartebuissonniere.fr\/wp-content\/uploads\/2024\/09\/the_kitchen_maid_1952.5.38-1-819x1024.jpg\" alt=\"\" class=\"wp-image-6516\" srcset=\"https:\/\/lacartebuissonniere.fr\/wp-content\/uploads\/2024\/09\/the_kitchen_maid_1952.5.38-1-819x1024.jpg 819w, https:\/\/lacartebuissonniere.fr\/wp-content\/uploads\/2024\/09\/the_kitchen_maid_1952.5.38-1-240x300.jpg 240w, https:\/\/lacartebuissonniere.fr\/wp-content\/uploads\/2024\/09\/the_kitchen_maid_1952.5.38-1-768x961.jpg 768w, https:\/\/lacartebuissonniere.fr\/wp-content\/uploads\/2024\/09\/the_kitchen_maid_1952.5.38-1-1228x1536.jpg 1228w, https:\/\/lacartebuissonniere.fr\/wp-content\/uploads\/2024\/09\/the_kitchen_maid_1952.5.38-1-1637x2048.jpg 1637w, https:\/\/lacartebuissonniere.fr\/wp-content\/uploads\/2024\/09\/the_kitchen_maid_1952.5.38-1-480x600.jpg 480w, https:\/\/lacartebuissonniere.fr\/wp-content\/uploads\/2024\/09\/the_kitchen_maid_1952.5.38-1-scaled.jpg 2046w\" sizes=\"auto, (max-width: 819px) 100vw, 819px\" \/><\/figure>\n<\/div>\n\n\n<p><\/p>\n\n\n\n<p>Le go\u00fbt pour ces sc\u00e8nes domestiques est tel que le peintre en fera des copies (au moins quatre), sans compter de nombreuses gravures.<\/p>\n\n\n\n<h2 class=\"wp-block-heading\">Navets d\u2019Halloween<\/h2>\n\n\n\n<p>Nous connaissons Jack-o&rsquo;-lantern, surtout quand on aime Tim Burton, qui s\u2019en inspire dans <em>L&rsquo;\u00c9trange No\u00ebl de monsieur Jack<\/em> pour son personnage \u00e9ponyme\u00a0:<\/p>\n\n\n<div class=\"wp-block-image\">\n<figure class=\"aligncenter size-full\"><img loading=\"lazy\" decoding=\"async\" width=\"718\" height=\"1024\" src=\"https:\/\/lacartebuissonniere.fr\/wp-content\/uploads\/2024\/09\/D19F177F-6791-46C6-A694-C6FC1992D7A7.jpeg\" alt=\"\" class=\"wp-image-6517\" srcset=\"https:\/\/lacartebuissonniere.fr\/wp-content\/uploads\/2024\/09\/D19F177F-6791-46C6-A694-C6FC1992D7A7.jpeg 718w, https:\/\/lacartebuissonniere.fr\/wp-content\/uploads\/2024\/09\/D19F177F-6791-46C6-A694-C6FC1992D7A7-210x300.jpeg 210w, https:\/\/lacartebuissonniere.fr\/wp-content\/uploads\/2024\/09\/D19F177F-6791-46C6-A694-C6FC1992D7A7-421x600.jpeg 421w\" sizes=\"auto, (max-width: 718px) 100vw, 718px\" \/><\/figure>\n<\/div>\n\n\n<p><\/p>\n\n\n\n<p>Mais nous ne connaissons pas forc\u00e9ment la l\u00e9gende irlandaise de ce Jack \u00e0 la lanterne.<\/p>\n\n\n\n<p>Pour avoir d\u00e9fi\u00e9 le diable, ce personnage ivrogne et paresseux se voit condamner \u00e0 errer sans but, avec pour seule lumi\u00e8re un charbon ardent \u00e0 l\u2019int\u00e9rieur d\u2019un navet \u00e9vid\u00e9.<\/p>\n\n\n\n<p>Un navet\u2026 et pas une citrouille&nbsp;!<\/p>\n\n\n\n<p>Jadis, ce sont donc des navets dans lesquels les Britanniques sculptaient des visages effrayants, avant que la citrouille, plus grosse et plus facile \u00e0 fa\u00e7onner, ne s\u2019impose.<\/p>\n\n\n<div class=\"wp-block-image\">\n<figure class=\"aligncenter size-large\"><img loading=\"lazy\" decoding=\"async\" width=\"1024\" height=\"692\" src=\"https:\/\/lacartebuissonniere.fr\/wp-content\/uploads\/2024\/09\/8210801C-8116-4BBE-894A-01CE041396AB_1_105_c-1024x692.jpeg\" alt=\"\" class=\"wp-image-6518\" srcset=\"https:\/\/lacartebuissonniere.fr\/wp-content\/uploads\/2024\/09\/8210801C-8116-4BBE-894A-01CE041396AB_1_105_c-1024x692.jpeg 1024w, https:\/\/lacartebuissonniere.fr\/wp-content\/uploads\/2024\/09\/8210801C-8116-4BBE-894A-01CE041396AB_1_105_c-300x203.jpeg 300w, https:\/\/lacartebuissonniere.fr\/wp-content\/uploads\/2024\/09\/8210801C-8116-4BBE-894A-01CE041396AB_1_105_c-768x519.jpeg 768w, https:\/\/lacartebuissonniere.fr\/wp-content\/uploads\/2024\/09\/8210801C-8116-4BBE-894A-01CE041396AB_1_105_c-600x405.jpeg 600w, https:\/\/lacartebuissonniere.fr\/wp-content\/uploads\/2024\/09\/8210801C-8116-4BBE-894A-01CE041396AB_1_105_c.jpeg 1078w\" sizes=\"auto, (max-width: 1024px) 100vw, 1024px\" \/><figcaption class=\"wp-element-caption\">\u00a9 CHRISTOPHER ISON \/ ENGLISH HERITAGE \/ AFP<\/figcaption><\/figure>\n<\/div>\n\n\n<p><\/p>\n\n\n\n<p>Rien d\u2019effroyable en revanche dans le joli navet rose de ma carte buissonni\u00e8re\u00a0!<\/p>\n\n\n<div class=\"wp-block-image\">\n<figure class=\"aligncenter size-large\"><img loading=\"lazy\" decoding=\"async\" width=\"756\" height=\"1024\" src=\"https:\/\/lacartebuissonniere.fr\/wp-content\/uploads\/2024\/09\/C37BEEED-4FE6-40AC-9794-8A0554084BA1_1_105_c-756x1024.jpeg\" alt=\"\" class=\"wp-image-6519\" srcset=\"https:\/\/lacartebuissonniere.fr\/wp-content\/uploads\/2024\/09\/C37BEEED-4FE6-40AC-9794-8A0554084BA1_1_105_c-756x1024.jpeg 756w, https:\/\/lacartebuissonniere.fr\/wp-content\/uploads\/2024\/09\/C37BEEED-4FE6-40AC-9794-8A0554084BA1_1_105_c-222x300.jpeg 222w, https:\/\/lacartebuissonniere.fr\/wp-content\/uploads\/2024\/09\/C37BEEED-4FE6-40AC-9794-8A0554084BA1_1_105_c-443x600.jpeg 443w, https:\/\/lacartebuissonniere.fr\/wp-content\/uploads\/2024\/09\/C37BEEED-4FE6-40AC-9794-8A0554084BA1_1_105_c.jpeg 762w\" sizes=\"auto, (max-width: 756px) 100vw, 756px\" \/><\/figure>\n<\/div>\n\n\n<p><\/p>\n\n\n\n<p>Sources&nbsp;:<\/p>\n\n\n\n<p><a href=\"https:\/\/fr.wikipedia.org\/wiki\/Navet\" target=\"_blank\" rel=\"noreferrer noopener\">\u00ab\u00a0Navet\u00a0\u00bb<\/a> \u2013 fiche Wikip\u00e9dia<\/p>\n\n\n\n<p><a href=\"https:\/\/www.lesfruitsetlegumesfrais.com\/fruits-legumes\/legumes-racines-tubercules-et-tiges\/navet\/tout-savoir-sur-le-navet\" target=\"_blank\" rel=\"noreferrer noopener\">\u00ab\u00a0Tout savoir sur le navet\u00a0\u00bb<\/a><\/p>\n\n\n\n<p><a href=\"https:\/\/www.francetvinfo.fr\/culture\/patrimoine\/le-tres-honorable-english-heritage-voudrait-retablir-les-navets-d-halloween_3337013.html\" target=\"_blank\" rel=\"noreferrer noopener\">\u00ab\u00a0Le tr\u00e8s honorable \u00ab\u00a0English Heritage\u00a0\u00bb voudrait r\u00e9tablir les navets d&rsquo;Halloween\u00a0\u00bb\u00a0\u00bb<\/a><\/p>\n","protected":false},"excerpt":{"rendered":"<p>Dans le calendrier r\u00e9publicain fran\u00e7ais, le 23e&nbsp;jour du mois de vend\u00e9miaire, souvent notre 14 octobre, \u00e9tait d\u00e9nomm\u00e9 jour du navet. Le navet (Brassica rapa) est une plante fourrag\u00e8re ou potag\u00e8re cultiv\u00e9e pour sa racine. Il peut se manger cuit, saut\u00e9, en gratin, en pur\u00e9e, en julienne, en jardini\u00e8re, en pot-au-feu\u2026 On le conna\u00eet surtout sph\u00e9rique [&hellip;]<\/p>\n","protected":false},"author":2,"featured_media":0,"comment_status":"open","ping_status":"open","sticky":false,"template":"","format":"standard","meta":{"two_page_speed":[],"footnotes":""},"categories":[16,17,18],"tags":[],"class_list":["post-6511","post","type-post","status-publish","format-standard","hentry","category-flaneries","category-flaneries-botaniques","category-flaneries-culturelles","entry"],"yoast_head":"<!-- This site is optimized with the Yoast SEO plugin v25.4 - https:\/\/yoast.com\/wordpress\/plugins\/seo\/ -->\n<title>Sous le signe du navet - La carte buissonni\u00e8re<\/title>\n<meta name=\"robots\" content=\"index, follow, max-snippet:-1, max-image-preview:large, max-video-preview:-1\" \/>\n<link rel=\"canonical\" href=\"https:\/\/lacartebuissonniere.fr\/index.php\/2024\/10\/14\/sous-le-signe-du-navet\/\" \/>\n<meta property=\"og:locale\" content=\"fr_FR\" \/>\n<meta property=\"og:type\" content=\"article\" \/>\n<meta property=\"og:title\" content=\"Sous le signe du navet - La carte buissonni\u00e8re\" \/>\n<meta property=\"og:description\" content=\"Dans le calendrier r\u00e9publicain fran\u00e7ais, le 23e&nbsp;jour du mois de vend\u00e9miaire, souvent notre 14 octobre, \u00e9tait d\u00e9nomm\u00e9 jour du navet. Le navet (Brassica rapa) est une plante fourrag\u00e8re ou potag\u00e8re cultiv\u00e9e pour sa racine. Il peut se manger cuit, saut\u00e9, en gratin, en pur\u00e9e, en julienne, en jardini\u00e8re, en pot-au-feu\u2026 On le conna\u00eet surtout sph\u00e9rique [&hellip;]\" \/>\n<meta property=\"og:url\" content=\"https:\/\/lacartebuissonniere.fr\/index.php\/2024\/10\/14\/sous-le-signe-du-navet\/\" \/>\n<meta property=\"og:site_name\" content=\"La carte buissonni\u00e8re\" \/>\n<meta property=\"article:publisher\" content=\"https:\/\/www.facebook.com\/lacartebuissonniere\/\" \/>\n<meta property=\"article:published_time\" content=\"2024-10-14T07:00:00+00:00\" \/>\n<meta property=\"og:image\" content=\"https:\/\/lacartebuissonniere.fr\/wp-content\/uploads\/2024\/09\/455320D8-C510-44B6-AF3F-ED393CD741E0_1_201_a.jpeg\" \/>\n<meta name=\"author\" content=\"Carte buissonni\u00e8re\" \/>\n<meta name=\"twitter:card\" content=\"summary_large_image\" \/>\n<meta name=\"twitter:label1\" content=\"\u00c9crit par\" \/>\n\t<meta name=\"twitter:data1\" content=\"Carte buissonni\u00e8re\" \/>\n\t<meta name=\"twitter:label2\" content=\"Dur\u00e9e de lecture estim\u00e9e\" \/>\n\t<meta name=\"twitter:data2\" content=\"3 minutes\" \/>\n<script type=\"application\/ld+json\" class=\"yoast-schema-graph\">{\"@context\":\"https:\/\/schema.org\",\"@graph\":[{\"@type\":\"Article\",\"@id\":\"https:\/\/lacartebuissonniere.fr\/index.php\/2024\/10\/14\/sous-le-signe-du-navet\/#article\",\"isPartOf\":{\"@id\":\"https:\/\/lacartebuissonniere.fr\/index.php\/2024\/10\/14\/sous-le-signe-du-navet\/\"},\"author\":{\"name\":\"Carte buissonni\u00e8re\",\"@id\":\"https:\/\/lacartebuissonniere.fr\/#\/schema\/person\/4e60af809837a2287e4f6d4daaf7abd4\"},\"headline\":\"Sous le signe du navet\",\"datePublished\":\"2024-10-14T07:00:00+00:00\",\"mainEntityOfPage\":{\"@id\":\"https:\/\/lacartebuissonniere.fr\/index.php\/2024\/10\/14\/sous-le-signe-du-navet\/\"},\"wordCount\":337,\"commentCount\":0,\"publisher\":{\"@id\":\"https:\/\/lacartebuissonniere.fr\/#organization\"},\"image\":{\"@id\":\"https:\/\/lacartebuissonniere.fr\/index.php\/2024\/10\/14\/sous-le-signe-du-navet\/#primaryimage\"},\"thumbnailUrl\":\"https:\/\/lacartebuissonniere.fr\/wp-content\/uploads\/2024\/09\/455320D8-C510-44B6-AF3F-ED393CD741E0_1_201_a.jpeg\",\"articleSection\":[\"FL\u00c2NERIES\",\"Fl\u00e2neries botaniques\",\"Fl\u00e2neries culturelles\"],\"inLanguage\":\"fr-FR\",\"potentialAction\":[{\"@type\":\"CommentAction\",\"name\":\"Comment\",\"target\":[\"https:\/\/lacartebuissonniere.fr\/index.php\/2024\/10\/14\/sous-le-signe-du-navet\/#respond\"]}]},{\"@type\":\"WebPage\",\"@id\":\"https:\/\/lacartebuissonniere.fr\/index.php\/2024\/10\/14\/sous-le-signe-du-navet\/\",\"url\":\"https:\/\/lacartebuissonniere.fr\/index.php\/2024\/10\/14\/sous-le-signe-du-navet\/\",\"name\":\"Sous le signe du navet - La carte buissonni\u00e8re\",\"isPartOf\":{\"@id\":\"https:\/\/lacartebuissonniere.fr\/#website\"},\"primaryImageOfPage\":{\"@id\":\"https:\/\/lacartebuissonniere.fr\/index.php\/2024\/10\/14\/sous-le-signe-du-navet\/#primaryimage\"},\"image\":{\"@id\":\"https:\/\/lacartebuissonniere.fr\/index.php\/2024\/10\/14\/sous-le-signe-du-navet\/#primaryimage\"},\"thumbnailUrl\":\"https:\/\/lacartebuissonniere.fr\/wp-content\/uploads\/2024\/09\/455320D8-C510-44B6-AF3F-ED393CD741E0_1_201_a.jpeg\",\"datePublished\":\"2024-10-14T07:00:00+00:00\",\"breadcrumb\":{\"@id\":\"https:\/\/lacartebuissonniere.fr\/index.php\/2024\/10\/14\/sous-le-signe-du-navet\/#breadcrumb\"},\"inLanguage\":\"fr-FR\",\"potentialAction\":[{\"@type\":\"ReadAction\",\"target\":[\"https:\/\/lacartebuissonniere.fr\/index.php\/2024\/10\/14\/sous-le-signe-du-navet\/\"]}]},{\"@type\":\"ImageObject\",\"inLanguage\":\"fr-FR\",\"@id\":\"https:\/\/lacartebuissonniere.fr\/index.php\/2024\/10\/14\/sous-le-signe-du-navet\/#primaryimage\",\"url\":\"https:\/\/lacartebuissonniere.fr\/wp-content\/uploads\/2024\/09\/455320D8-C510-44B6-AF3F-ED393CD741E0_1_201_a.jpeg\",\"contentUrl\":\"https:\/\/lacartebuissonniere.fr\/wp-content\/uploads\/2024\/09\/455320D8-C510-44B6-AF3F-ED393CD741E0_1_201_a.jpeg\",\"width\":454,\"height\":684},{\"@type\":\"BreadcrumbList\",\"@id\":\"https:\/\/lacartebuissonniere.fr\/index.php\/2024\/10\/14\/sous-le-signe-du-navet\/#breadcrumb\",\"itemListElement\":[{\"@type\":\"ListItem\",\"position\":1,\"name\":\"Accueil\",\"item\":\"https:\/\/lacartebuissonniere.fr\/\"},{\"@type\":\"ListItem\",\"position\":2,\"name\":\"Sous le signe du navet\"}]},{\"@type\":\"WebSite\",\"@id\":\"https:\/\/lacartebuissonniere.fr\/#website\",\"url\":\"https:\/\/lacartebuissonniere.fr\/\",\"name\":\"La carte buissonni\u00e8re\",\"description\":\"\",\"publisher\":{\"@id\":\"https:\/\/lacartebuissonniere.fr\/#organization\"},\"potentialAction\":[{\"@type\":\"SearchAction\",\"target\":{\"@type\":\"EntryPoint\",\"urlTemplate\":\"https:\/\/lacartebuissonniere.fr\/?s={search_term_string}\"},\"query-input\":{\"@type\":\"PropertyValueSpecification\",\"valueRequired\":true,\"valueName\":\"search_term_string\"}}],\"inLanguage\":\"fr-FR\"},{\"@type\":\"Organization\",\"@id\":\"https:\/\/lacartebuissonniere.fr\/#organization\",\"name\":\"La carte buissonni\u00e8re\",\"url\":\"https:\/\/lacartebuissonniere.fr\/\",\"logo\":{\"@type\":\"ImageObject\",\"inLanguage\":\"fr-FR\",\"@id\":\"https:\/\/lacartebuissonniere.fr\/#\/schema\/logo\/image\/\",\"url\":\"https:\/\/lacartebuissonniere.fr\/wp-content\/uploads\/2022\/12\/Illustration-sans-titre.jpg\",\"contentUrl\":\"https:\/\/lacartebuissonniere.fr\/wp-content\/uploads\/2022\/12\/Illustration-sans-titre.jpg\",\"width\":637,\"height\":680,\"caption\":\"La carte buissonni\u00e8re\"},\"image\":{\"@id\":\"https:\/\/lacartebuissonniere.fr\/#\/schema\/logo\/image\/\"},\"sameAs\":[\"https:\/\/www.facebook.com\/lacartebuissonniere\/\",\"https:\/\/www.pinterest.fr\/DelphChabanne\/\"]},{\"@type\":\"Person\",\"@id\":\"https:\/\/lacartebuissonniere.fr\/#\/schema\/person\/4e60af809837a2287e4f6d4daaf7abd4\",\"name\":\"Carte buissonni\u00e8re\",\"image\":{\"@type\":\"ImageObject\",\"inLanguage\":\"fr-FR\",\"@id\":\"https:\/\/lacartebuissonniere.fr\/#\/schema\/person\/image\/\",\"url\":\"https:\/\/secure.gravatar.com\/avatar\/b543b5e0f093efbab3dfee8595bf9077ed504ab48ffeb378c9dc263381c278e6?s=96&d=mm&r=g\",\"contentUrl\":\"https:\/\/secure.gravatar.com\/avatar\/b543b5e0f093efbab3dfee8595bf9077ed504ab48ffeb378c9dc263381c278e6?s=96&d=mm&r=g\",\"caption\":\"Carte buissonni\u00e8re\"},\"sameAs\":[\"http:\/\/lacartebuissonniere.fr\"],\"url\":\"https:\/\/lacartebuissonniere.fr\/index.php\/author\/carteb\/\"}]}<\/script>\n<!-- \/ Yoast SEO plugin. -->","yoast_head_json":{"title":"Sous le signe du navet - La carte buissonni\u00e8re","robots":{"index":"index","follow":"follow","max-snippet":"max-snippet:-1","max-image-preview":"max-image-preview:large","max-video-preview":"max-video-preview:-1"},"canonical":"https:\/\/lacartebuissonniere.fr\/index.php\/2024\/10\/14\/sous-le-signe-du-navet\/","og_locale":"fr_FR","og_type":"article","og_title":"Sous le signe du navet - La carte buissonni\u00e8re","og_description":"Dans le calendrier r\u00e9publicain fran\u00e7ais, le 23e&nbsp;jour du mois de vend\u00e9miaire, souvent notre 14 octobre, \u00e9tait d\u00e9nomm\u00e9 jour du navet. Le navet (Brassica rapa) est une plante fourrag\u00e8re ou potag\u00e8re cultiv\u00e9e pour sa racine. Il peut se manger cuit, saut\u00e9, en gratin, en pur\u00e9e, en julienne, en jardini\u00e8re, en pot-au-feu\u2026 On le conna\u00eet surtout sph\u00e9rique [&hellip;]","og_url":"https:\/\/lacartebuissonniere.fr\/index.php\/2024\/10\/14\/sous-le-signe-du-navet\/","og_site_name":"La carte buissonni\u00e8re","article_publisher":"https:\/\/www.facebook.com\/lacartebuissonniere\/","article_published_time":"2024-10-14T07:00:00+00:00","og_image":[{"url":"https:\/\/lacartebuissonniere.fr\/wp-content\/uploads\/2024\/09\/455320D8-C510-44B6-AF3F-ED393CD741E0_1_201_a.jpeg","type":"","width":"","height":""}],"author":"Carte buissonni\u00e8re","twitter_card":"summary_large_image","twitter_misc":{"\u00c9crit par":"Carte buissonni\u00e8re","Dur\u00e9e de lecture estim\u00e9e":"3 minutes"},"schema":{"@context":"https:\/\/schema.org","@graph":[{"@type":"Article","@id":"https:\/\/lacartebuissonniere.fr\/index.php\/2024\/10\/14\/sous-le-signe-du-navet\/#article","isPartOf":{"@id":"https:\/\/lacartebuissonniere.fr\/index.php\/2024\/10\/14\/sous-le-signe-du-navet\/"},"author":{"name":"Carte buissonni\u00e8re","@id":"https:\/\/lacartebuissonniere.fr\/#\/schema\/person\/4e60af809837a2287e4f6d4daaf7abd4"},"headline":"Sous le signe du navet","datePublished":"2024-10-14T07:00:00+00:00","mainEntityOfPage":{"@id":"https:\/\/lacartebuissonniere.fr\/index.php\/2024\/10\/14\/sous-le-signe-du-navet\/"},"wordCount":337,"commentCount":0,"publisher":{"@id":"https:\/\/lacartebuissonniere.fr\/#organization"},"image":{"@id":"https:\/\/lacartebuissonniere.fr\/index.php\/2024\/10\/14\/sous-le-signe-du-navet\/#primaryimage"},"thumbnailUrl":"https:\/\/lacartebuissonniere.fr\/wp-content\/uploads\/2024\/09\/455320D8-C510-44B6-AF3F-ED393CD741E0_1_201_a.jpeg","articleSection":["FL\u00c2NERIES","Fl\u00e2neries botaniques","Fl\u00e2neries culturelles"],"inLanguage":"fr-FR","potentialAction":[{"@type":"CommentAction","name":"Comment","target":["https:\/\/lacartebuissonniere.fr\/index.php\/2024\/10\/14\/sous-le-signe-du-navet\/#respond"]}]},{"@type":"WebPage","@id":"https:\/\/lacartebuissonniere.fr\/index.php\/2024\/10\/14\/sous-le-signe-du-navet\/","url":"https:\/\/lacartebuissonniere.fr\/index.php\/2024\/10\/14\/sous-le-signe-du-navet\/","name":"Sous le signe du navet - La carte buissonni\u00e8re","isPartOf":{"@id":"https:\/\/lacartebuissonniere.fr\/#website"},"primaryImageOfPage":{"@id":"https:\/\/lacartebuissonniere.fr\/index.php\/2024\/10\/14\/sous-le-signe-du-navet\/#primaryimage"},"image":{"@id":"https:\/\/lacartebuissonniere.fr\/index.php\/2024\/10\/14\/sous-le-signe-du-navet\/#primaryimage"},"thumbnailUrl":"https:\/\/lacartebuissonniere.fr\/wp-content\/uploads\/2024\/09\/455320D8-C510-44B6-AF3F-ED393CD741E0_1_201_a.jpeg","datePublished":"2024-10-14T07:00:00+00:00","breadcrumb":{"@id":"https:\/\/lacartebuissonniere.fr\/index.php\/2024\/10\/14\/sous-le-signe-du-navet\/#breadcrumb"},"inLanguage":"fr-FR","potentialAction":[{"@type":"ReadAction","target":["https:\/\/lacartebuissonniere.fr\/index.php\/2024\/10\/14\/sous-le-signe-du-navet\/"]}]},{"@type":"ImageObject","inLanguage":"fr-FR","@id":"https:\/\/lacartebuissonniere.fr\/index.php\/2024\/10\/14\/sous-le-signe-du-navet\/#primaryimage","url":"https:\/\/lacartebuissonniere.fr\/wp-content\/uploads\/2024\/09\/455320D8-C510-44B6-AF3F-ED393CD741E0_1_201_a.jpeg","contentUrl":"https:\/\/lacartebuissonniere.fr\/wp-content\/uploads\/2024\/09\/455320D8-C510-44B6-AF3F-ED393CD741E0_1_201_a.jpeg","width":454,"height":684},{"@type":"BreadcrumbList","@id":"https:\/\/lacartebuissonniere.fr\/index.php\/2024\/10\/14\/sous-le-signe-du-navet\/#breadcrumb","itemListElement":[{"@type":"ListItem","position":1,"name":"Accueil","item":"https:\/\/lacartebuissonniere.fr\/"},{"@type":"ListItem","position":2,"name":"Sous le signe du navet"}]},{"@type":"WebSite","@id":"https:\/\/lacartebuissonniere.fr\/#website","url":"https:\/\/lacartebuissonniere.fr\/","name":"La carte buissonni\u00e8re","description":"","publisher":{"@id":"https:\/\/lacartebuissonniere.fr\/#organization"},"potentialAction":[{"@type":"SearchAction","target":{"@type":"EntryPoint","urlTemplate":"https:\/\/lacartebuissonniere.fr\/?s={search_term_string}"},"query-input":{"@type":"PropertyValueSpecification","valueRequired":true,"valueName":"search_term_string"}}],"inLanguage":"fr-FR"},{"@type":"Organization","@id":"https:\/\/lacartebuissonniere.fr\/#organization","name":"La carte buissonni\u00e8re","url":"https:\/\/lacartebuissonniere.fr\/","logo":{"@type":"ImageObject","inLanguage":"fr-FR","@id":"https:\/\/lacartebuissonniere.fr\/#\/schema\/logo\/image\/","url":"https:\/\/lacartebuissonniere.fr\/wp-content\/uploads\/2022\/12\/Illustration-sans-titre.jpg","contentUrl":"https:\/\/lacartebuissonniere.fr\/wp-content\/uploads\/2022\/12\/Illustration-sans-titre.jpg","width":637,"height":680,"caption":"La carte buissonni\u00e8re"},"image":{"@id":"https:\/\/lacartebuissonniere.fr\/#\/schema\/logo\/image\/"},"sameAs":["https:\/\/www.facebook.com\/lacartebuissonniere\/","https:\/\/www.pinterest.fr\/DelphChabanne\/"]},{"@type":"Person","@id":"https:\/\/lacartebuissonniere.fr\/#\/schema\/person\/4e60af809837a2287e4f6d4daaf7abd4","name":"Carte buissonni\u00e8re","image":{"@type":"ImageObject","inLanguage":"fr-FR","@id":"https:\/\/lacartebuissonniere.fr\/#\/schema\/person\/image\/","url":"https:\/\/secure.gravatar.com\/avatar\/b543b5e0f093efbab3dfee8595bf9077ed504ab48ffeb378c9dc263381c278e6?s=96&d=mm&r=g","contentUrl":"https:\/\/secure.gravatar.com\/avatar\/b543b5e0f093efbab3dfee8595bf9077ed504ab48ffeb378c9dc263381c278e6?s=96&d=mm&r=g","caption":"Carte buissonni\u00e8re"},"sameAs":["http:\/\/lacartebuissonniere.fr"],"url":"https:\/\/lacartebuissonniere.fr\/index.php\/author\/carteb\/"}]}},"_links":{"self":[{"href":"https:\/\/lacartebuissonniere.fr\/index.php\/wp-json\/wp\/v2\/posts\/6511","targetHints":{"allow":["GET"]}}],"collection":[{"href":"https:\/\/lacartebuissonniere.fr\/index.php\/wp-json\/wp\/v2\/posts"}],"about":[{"href":"https:\/\/lacartebuissonniere.fr\/index.php\/wp-json\/wp\/v2\/types\/post"}],"author":[{"embeddable":true,"href":"https:\/\/lacartebuissonniere.fr\/index.php\/wp-json\/wp\/v2\/users\/2"}],"replies":[{"embeddable":true,"href":"https:\/\/lacartebuissonniere.fr\/index.php\/wp-json\/wp\/v2\/comments?post=6511"}],"version-history":[{"count":1,"href":"https:\/\/lacartebuissonniere.fr\/index.php\/wp-json\/wp\/v2\/posts\/6511\/revisions"}],"predecessor-version":[{"id":6520,"href":"https:\/\/lacartebuissonniere.fr\/index.php\/wp-json\/wp\/v2\/posts\/6511\/revisions\/6520"}],"wp:attachment":[{"href":"https:\/\/lacartebuissonniere.fr\/index.php\/wp-json\/wp\/v2\/media?parent=6511"}],"wp:term":[{"taxonomy":"category","embeddable":true,"href":"https:\/\/lacartebuissonniere.fr\/index.php\/wp-json\/wp\/v2\/categories?post=6511"},{"taxonomy":"post_tag","embeddable":true,"href":"https:\/\/lacartebuissonniere.fr\/index.php\/wp-json\/wp\/v2\/tags?post=6511"}],"curies":[{"name":"wp","href":"https:\/\/api.w.org\/{rel}","templated":true}]}}