{"id":6566,"date":"2024-10-17T09:00:00","date_gmt":"2024-10-17T07:00:00","guid":{"rendered":"https:\/\/lacartebuissonniere.fr\/?p=6566"},"modified":"2024-09-17T21:21:16","modified_gmt":"2024-09-17T19:21:16","slug":"journee-mondiale-du-pain","status":"publish","type":"post","link":"https:\/\/lacartebuissonniere.fr\/index.php\/2024\/10\/17\/journee-mondiale-du-pain\/","title":{"rendered":"Journ\u00e9e mondiale du pain"},"content":{"rendered":"\n<p><\/p>\n\n\n\n<p>C\u2019\u00e9tait hier, et cette journ\u00e9e a \u00e9t\u00e9 cr\u00e9\u00e9e en 2006 \u00e0 l\u2019initiative de l\u2019<a href=\"https:\/\/www.worldbakersconfectioners.org\/en\/about-us\/\" target=\"_blank\" rel=\"noreferrer noopener\">Union Internationale des Boulangers et des P\u00e2tissiers<\/a> (UIBC) en hommage \u00e0 cet aliment essentiel dans l\u2019alimentation de bien des populations.<\/p>\n\n\n<div class=\"wp-block-image\">\n<figure class=\"aligncenter size-full\"><img loading=\"lazy\" decoding=\"async\" width=\"940\" height=\"674\" src=\"https:\/\/lacartebuissonniere.fr\/wp-content\/uploads\/2024\/09\/Journee-mondiale-du-pain-1.jpeg\" alt=\"\" class=\"wp-image-6568\" srcset=\"https:\/\/lacartebuissonniere.fr\/wp-content\/uploads\/2024\/09\/Journee-mondiale-du-pain-1.jpeg 940w, https:\/\/lacartebuissonniere.fr\/wp-content\/uploads\/2024\/09\/Journee-mondiale-du-pain-1-300x215.jpeg 300w, https:\/\/lacartebuissonniere.fr\/wp-content\/uploads\/2024\/09\/Journee-mondiale-du-pain-1-768x551.jpeg 768w, https:\/\/lacartebuissonniere.fr\/wp-content\/uploads\/2024\/09\/Journee-mondiale-du-pain-1-600x430.jpeg 600w\" sizes=\"auto, (max-width: 940px) 100vw, 940px\" \/><\/figure>\n<\/div>\n\n\n<p><\/p>\n\n\n\n<p>En France, nous en avons d\u2019autant plus conscience que la baguette est une institution&nbsp;!<\/p>\n\n\n\n<p>Ce symbole de la vie quotidienne a m\u00eame fait son entr\u00e9e sur la liste du patrimoine culturel immat\u00e9riel de l\u2019humanit\u00e9 de l\u2019Unesco le 30 novembre 2022, avant d&rsquo;illustrer un timbre en 2024.<\/p>\n\n\n<div class=\"wp-block-image\">\n<figure class=\"aligncenter size-large\"><img loading=\"lazy\" decoding=\"async\" width=\"756\" height=\"1024\" src=\"https:\/\/lacartebuissonniere.fr\/wp-content\/uploads\/2024\/09\/752D416F-BA37-494D-9B91-F43D43B01F7D_1_105_c-1-756x1024.jpeg\" alt=\"\" class=\"wp-image-6570\" srcset=\"https:\/\/lacartebuissonniere.fr\/wp-content\/uploads\/2024\/09\/752D416F-BA37-494D-9B91-F43D43B01F7D_1_105_c-1-756x1024.jpeg 756w, https:\/\/lacartebuissonniere.fr\/wp-content\/uploads\/2024\/09\/752D416F-BA37-494D-9B91-F43D43B01F7D_1_105_c-1-222x300.jpeg 222w, https:\/\/lacartebuissonniere.fr\/wp-content\/uploads\/2024\/09\/752D416F-BA37-494D-9B91-F43D43B01F7D_1_105_c-1-443x600.jpeg 443w, https:\/\/lacartebuissonniere.fr\/wp-content\/uploads\/2024\/09\/752D416F-BA37-494D-9B91-F43D43B01F7D_1_105_c-1.jpeg 762w\" sizes=\"auto, (max-width: 756px) 100vw, 756px\" \/><\/figure>\n<\/div>\n\n\n<p><\/p>\n\n\n\n<p>Le pain m\u00e9ritait bien ses cartes buissonni\u00e8res\u00a0!<\/p>\n\n\n<div class=\"wp-block-image\">\n<figure class=\"aligncenter size-full\"><img loading=\"lazy\" decoding=\"async\" width=\"1920\" height=\"2560\" src=\"https:\/\/lacartebuissonniere.fr\/wp-content\/uploads\/2024\/09\/IMG_5626-1-scaled.jpeg\" alt=\"\" class=\"wp-image-6573\" srcset=\"https:\/\/lacartebuissonniere.fr\/wp-content\/uploads\/2024\/09\/IMG_5626-1-scaled.jpeg 1920w, https:\/\/lacartebuissonniere.fr\/wp-content\/uploads\/2024\/09\/IMG_5626-1-225x300.jpeg 225w, https:\/\/lacartebuissonniere.fr\/wp-content\/uploads\/2024\/09\/IMG_5626-1-768x1024.jpeg 768w, https:\/\/lacartebuissonniere.fr\/wp-content\/uploads\/2024\/09\/IMG_5626-1-1152x1536.jpeg 1152w, https:\/\/lacartebuissonniere.fr\/wp-content\/uploads\/2024\/09\/IMG_5626-1-1536x2048.jpeg 1536w, https:\/\/lacartebuissonniere.fr\/wp-content\/uploads\/2024\/09\/IMG_5626-1-450x600.jpeg 450w\" sizes=\"auto, (max-width: 1920px) 100vw, 1920px\" \/><\/figure>\n<\/div>","protected":false},"excerpt":{"rendered":"<p>C\u2019\u00e9tait hier, et cette journ\u00e9e a \u00e9t\u00e9 cr\u00e9\u00e9e en 2006 \u00e0 l\u2019initiative de l\u2019Union Internationale des Boulangers et des P\u00e2tissiers (UIBC) en hommage \u00e0 cet aliment essentiel dans l\u2019alimentation de bien des populations. En France, nous en avons d\u2019autant plus conscience que la baguette est une institution&nbsp;! Ce symbole de la vie quotidienne a m\u00eame [&hellip;]<\/p>\n","protected":false},"author":2,"featured_media":0,"comment_status":"open","ping_status":"open","sticky":false,"template":"","format":"standard","meta":{"two_page_speed":[],"footnotes":""},"categories":[13],"tags":[],"class_list":["post-6566","post","type-post","status-publish","format-standard","hentry","category-infos","entry"],"yoast_head":"<!-- This site is optimized with the Yoast SEO plugin v25.4 - https:\/\/yoast.com\/wordpress\/plugins\/seo\/ -->\n<title>Journ\u00e9e mondiale du pain - La carte buissonni\u00e8re<\/title>\n<meta name=\"robots\" content=\"index, follow, max-snippet:-1, max-image-preview:large, max-video-preview:-1\" \/>\n<link rel=\"canonical\" href=\"https:\/\/lacartebuissonniere.fr\/index.php\/2024\/10\/17\/journee-mondiale-du-pain\/\" \/>\n<meta property=\"og:locale\" content=\"fr_FR\" \/>\n<meta property=\"og:type\" content=\"article\" \/>\n<meta property=\"og:title\" content=\"Journ\u00e9e mondiale du pain - La carte buissonni\u00e8re\" \/>\n<meta property=\"og:description\" content=\"C\u2019\u00e9tait hier, et cette journ\u00e9e a \u00e9t\u00e9 cr\u00e9\u00e9e en 2006 \u00e0 l\u2019initiative de l\u2019Union Internationale des Boulangers et des P\u00e2tissiers (UIBC) en hommage \u00e0 cet aliment essentiel dans l\u2019alimentation de bien des populations. En France, nous en avons d\u2019autant plus conscience que la baguette est une institution&nbsp;! Ce symbole de la vie quotidienne a m\u00eame [&hellip;]\" \/>\n<meta property=\"og:url\" content=\"https:\/\/lacartebuissonniere.fr\/index.php\/2024\/10\/17\/journee-mondiale-du-pain\/\" \/>\n<meta property=\"og:site_name\" content=\"La carte buissonni\u00e8re\" \/>\n<meta property=\"article:publisher\" content=\"https:\/\/www.facebook.com\/lacartebuissonniere\/\" \/>\n<meta property=\"article:published_time\" content=\"2024-10-17T07:00:00+00:00\" \/>\n<meta property=\"og:image\" content=\"https:\/\/lacartebuissonniere.fr\/wp-content\/uploads\/2024\/09\/Journee-mondiale-du-pain-1.jpeg\" \/>\n<meta name=\"author\" content=\"Carte buissonni\u00e8re\" \/>\n<meta name=\"twitter:card\" content=\"summary_large_image\" \/>\n<meta name=\"twitter:label1\" content=\"\u00c9crit par\" \/>\n\t<meta name=\"twitter:data1\" content=\"Carte buissonni\u00e8re\" \/>\n\t<meta name=\"twitter:label2\" content=\"Dur\u00e9e de lecture estim\u00e9e\" \/>\n\t<meta name=\"twitter:data2\" content=\"2 minutes\" \/>\n<script type=\"application\/ld+json\" class=\"yoast-schema-graph\">{\"@context\":\"https:\/\/schema.org\",\"@graph\":[{\"@type\":\"Article\",\"@id\":\"https:\/\/lacartebuissonniere.fr\/index.php\/2024\/10\/17\/journee-mondiale-du-pain\/#article\",\"isPartOf\":{\"@id\":\"https:\/\/lacartebuissonniere.fr\/index.php\/2024\/10\/17\/journee-mondiale-du-pain\/\"},\"author\":{\"name\":\"Carte buissonni\u00e8re\",\"@id\":\"https:\/\/lacartebuissonniere.fr\/#\/schema\/person\/4e60af809837a2287e4f6d4daaf7abd4\"},\"headline\":\"Journ\u00e9e mondiale du pain\",\"datePublished\":\"2024-10-17T07:00:00+00:00\",\"mainEntityOfPage\":{\"@id\":\"https:\/\/lacartebuissonniere.fr\/index.php\/2024\/10\/17\/journee-mondiale-du-pain\/\"},\"wordCount\":101,\"commentCount\":0,\"publisher\":{\"@id\":\"https:\/\/lacartebuissonniere.fr\/#organization\"},\"image\":{\"@id\":\"https:\/\/lacartebuissonniere.fr\/index.php\/2024\/10\/17\/journee-mondiale-du-pain\/#primaryimage\"},\"thumbnailUrl\":\"https:\/\/lacartebuissonniere.fr\/wp-content\/uploads\/2024\/09\/Journee-mondiale-du-pain-1.jpeg\",\"articleSection\":[\"INFOS\"],\"inLanguage\":\"fr-FR\",\"potentialAction\":[{\"@type\":\"CommentAction\",\"name\":\"Comment\",\"target\":[\"https:\/\/lacartebuissonniere.fr\/index.php\/2024\/10\/17\/journee-mondiale-du-pain\/#respond\"]}]},{\"@type\":\"WebPage\",\"@id\":\"https:\/\/lacartebuissonniere.fr\/index.php\/2024\/10\/17\/journee-mondiale-du-pain\/\",\"url\":\"https:\/\/lacartebuissonniere.fr\/index.php\/2024\/10\/17\/journee-mondiale-du-pain\/\",\"name\":\"Journ\u00e9e mondiale du pain - La carte buissonni\u00e8re\",\"isPartOf\":{\"@id\":\"https:\/\/lacartebuissonniere.fr\/#website\"},\"primaryImageOfPage\":{\"@id\":\"https:\/\/lacartebuissonniere.fr\/index.php\/2024\/10\/17\/journee-mondiale-du-pain\/#primaryimage\"},\"image\":{\"@id\":\"https:\/\/lacartebuissonniere.fr\/index.php\/2024\/10\/17\/journee-mondiale-du-pain\/#primaryimage\"},\"thumbnailUrl\":\"https:\/\/lacartebuissonniere.fr\/wp-content\/uploads\/2024\/09\/Journee-mondiale-du-pain-1.jpeg\",\"datePublished\":\"2024-10-17T07:00:00+00:00\",\"breadcrumb\":{\"@id\":\"https:\/\/lacartebuissonniere.fr\/index.php\/2024\/10\/17\/journee-mondiale-du-pain\/#breadcrumb\"},\"inLanguage\":\"fr-FR\",\"potentialAction\":[{\"@type\":\"ReadAction\",\"target\":[\"https:\/\/lacartebuissonniere.fr\/index.php\/2024\/10\/17\/journee-mondiale-du-pain\/\"]}]},{\"@type\":\"ImageObject\",\"inLanguage\":\"fr-FR\",\"@id\":\"https:\/\/lacartebuissonniere.fr\/index.php\/2024\/10\/17\/journee-mondiale-du-pain\/#primaryimage\",\"url\":\"https:\/\/lacartebuissonniere.fr\/wp-content\/uploads\/2024\/09\/Journee-mondiale-du-pain-1.jpeg\",\"contentUrl\":\"https:\/\/lacartebuissonniere.fr\/wp-content\/uploads\/2024\/09\/Journee-mondiale-du-pain-1.jpeg\",\"width\":940,\"height\":674},{\"@type\":\"BreadcrumbList\",\"@id\":\"https:\/\/lacartebuissonniere.fr\/index.php\/2024\/10\/17\/journee-mondiale-du-pain\/#breadcrumb\",\"itemListElement\":[{\"@type\":\"ListItem\",\"position\":1,\"name\":\"Accueil\",\"item\":\"https:\/\/lacartebuissonniere.fr\/\"},{\"@type\":\"ListItem\",\"position\":2,\"name\":\"Journ\u00e9e mondiale du pain\"}]},{\"@type\":\"WebSite\",\"@id\":\"https:\/\/lacartebuissonniere.fr\/#website\",\"url\":\"https:\/\/lacartebuissonniere.fr\/\",\"name\":\"La carte buissonni\u00e8re\",\"description\":\"\",\"publisher\":{\"@id\":\"https:\/\/lacartebuissonniere.fr\/#organization\"},\"potentialAction\":[{\"@type\":\"SearchAction\",\"target\":{\"@type\":\"EntryPoint\",\"urlTemplate\":\"https:\/\/lacartebuissonniere.fr\/?s={search_term_string}\"},\"query-input\":{\"@type\":\"PropertyValueSpecification\",\"valueRequired\":true,\"valueName\":\"search_term_string\"}}],\"inLanguage\":\"fr-FR\"},{\"@type\":\"Organization\",\"@id\":\"https:\/\/lacartebuissonniere.fr\/#organization\",\"name\":\"La carte buissonni\u00e8re\",\"url\":\"https:\/\/lacartebuissonniere.fr\/\",\"logo\":{\"@type\":\"ImageObject\",\"inLanguage\":\"fr-FR\",\"@id\":\"https:\/\/lacartebuissonniere.fr\/#\/schema\/logo\/image\/\",\"url\":\"https:\/\/lacartebuissonniere.fr\/wp-content\/uploads\/2022\/12\/Illustration-sans-titre.jpg\",\"contentUrl\":\"https:\/\/lacartebuissonniere.fr\/wp-content\/uploads\/2022\/12\/Illustration-sans-titre.jpg\",\"width\":637,\"height\":680,\"caption\":\"La carte buissonni\u00e8re\"},\"image\":{\"@id\":\"https:\/\/lacartebuissonniere.fr\/#\/schema\/logo\/image\/\"},\"sameAs\":[\"https:\/\/www.facebook.com\/lacartebuissonniere\/\",\"https:\/\/www.pinterest.fr\/DelphChabanne\/\"]},{\"@type\":\"Person\",\"@id\":\"https:\/\/lacartebuissonniere.fr\/#\/schema\/person\/4e60af809837a2287e4f6d4daaf7abd4\",\"name\":\"Carte buissonni\u00e8re\",\"image\":{\"@type\":\"ImageObject\",\"inLanguage\":\"fr-FR\",\"@id\":\"https:\/\/lacartebuissonniere.fr\/#\/schema\/person\/image\/\",\"url\":\"https:\/\/secure.gravatar.com\/avatar\/b543b5e0f093efbab3dfee8595bf9077ed504ab48ffeb378c9dc263381c278e6?s=96&d=mm&r=g\",\"contentUrl\":\"https:\/\/secure.gravatar.com\/avatar\/b543b5e0f093efbab3dfee8595bf9077ed504ab48ffeb378c9dc263381c278e6?s=96&d=mm&r=g\",\"caption\":\"Carte buissonni\u00e8re\"},\"sameAs\":[\"http:\/\/lacartebuissonniere.fr\"],\"url\":\"https:\/\/lacartebuissonniere.fr\/index.php\/author\/carteb\/\"}]}<\/script>\n<!-- \/ Yoast SEO plugin. -->","yoast_head_json":{"title":"Journ\u00e9e mondiale du pain - La carte buissonni\u00e8re","robots":{"index":"index","follow":"follow","max-snippet":"max-snippet:-1","max-image-preview":"max-image-preview:large","max-video-preview":"max-video-preview:-1"},"canonical":"https:\/\/lacartebuissonniere.fr\/index.php\/2024\/10\/17\/journee-mondiale-du-pain\/","og_locale":"fr_FR","og_type":"article","og_title":"Journ\u00e9e mondiale du pain - La carte buissonni\u00e8re","og_description":"C\u2019\u00e9tait hier, et cette journ\u00e9e a \u00e9t\u00e9 cr\u00e9\u00e9e en 2006 \u00e0 l\u2019initiative de l\u2019Union Internationale des Boulangers et des P\u00e2tissiers (UIBC) en hommage \u00e0 cet aliment essentiel dans l\u2019alimentation de bien des populations. En France, nous en avons d\u2019autant plus conscience que la baguette est une institution&nbsp;! Ce symbole de la vie quotidienne a m\u00eame [&hellip;]","og_url":"https:\/\/lacartebuissonniere.fr\/index.php\/2024\/10\/17\/journee-mondiale-du-pain\/","og_site_name":"La carte buissonni\u00e8re","article_publisher":"https:\/\/www.facebook.com\/lacartebuissonniere\/","article_published_time":"2024-10-17T07:00:00+00:00","og_image":[{"url":"https:\/\/lacartebuissonniere.fr\/wp-content\/uploads\/2024\/09\/Journee-mondiale-du-pain-1.jpeg","type":"","width":"","height":""}],"author":"Carte buissonni\u00e8re","twitter_card":"summary_large_image","twitter_misc":{"\u00c9crit par":"Carte buissonni\u00e8re","Dur\u00e9e de lecture estim\u00e9e":"2 minutes"},"schema":{"@context":"https:\/\/schema.org","@graph":[{"@type":"Article","@id":"https:\/\/lacartebuissonniere.fr\/index.php\/2024\/10\/17\/journee-mondiale-du-pain\/#article","isPartOf":{"@id":"https:\/\/lacartebuissonniere.fr\/index.php\/2024\/10\/17\/journee-mondiale-du-pain\/"},"author":{"name":"Carte buissonni\u00e8re","@id":"https:\/\/lacartebuissonniere.fr\/#\/schema\/person\/4e60af809837a2287e4f6d4daaf7abd4"},"headline":"Journ\u00e9e mondiale du pain","datePublished":"2024-10-17T07:00:00+00:00","mainEntityOfPage":{"@id":"https:\/\/lacartebuissonniere.fr\/index.php\/2024\/10\/17\/journee-mondiale-du-pain\/"},"wordCount":101,"commentCount":0,"publisher":{"@id":"https:\/\/lacartebuissonniere.fr\/#organization"},"image":{"@id":"https:\/\/lacartebuissonniere.fr\/index.php\/2024\/10\/17\/journee-mondiale-du-pain\/#primaryimage"},"thumbnailUrl":"https:\/\/lacartebuissonniere.fr\/wp-content\/uploads\/2024\/09\/Journee-mondiale-du-pain-1.jpeg","articleSection":["INFOS"],"inLanguage":"fr-FR","potentialAction":[{"@type":"CommentAction","name":"Comment","target":["https:\/\/lacartebuissonniere.fr\/index.php\/2024\/10\/17\/journee-mondiale-du-pain\/#respond"]}]},{"@type":"WebPage","@id":"https:\/\/lacartebuissonniere.fr\/index.php\/2024\/10\/17\/journee-mondiale-du-pain\/","url":"https:\/\/lacartebuissonniere.fr\/index.php\/2024\/10\/17\/journee-mondiale-du-pain\/","name":"Journ\u00e9e mondiale du pain - La carte buissonni\u00e8re","isPartOf":{"@id":"https:\/\/lacartebuissonniere.fr\/#website"},"primaryImageOfPage":{"@id":"https:\/\/lacartebuissonniere.fr\/index.php\/2024\/10\/17\/journee-mondiale-du-pain\/#primaryimage"},"image":{"@id":"https:\/\/lacartebuissonniere.fr\/index.php\/2024\/10\/17\/journee-mondiale-du-pain\/#primaryimage"},"thumbnailUrl":"https:\/\/lacartebuissonniere.fr\/wp-content\/uploads\/2024\/09\/Journee-mondiale-du-pain-1.jpeg","datePublished":"2024-10-17T07:00:00+00:00","breadcrumb":{"@id":"https:\/\/lacartebuissonniere.fr\/index.php\/2024\/10\/17\/journee-mondiale-du-pain\/#breadcrumb"},"inLanguage":"fr-FR","potentialAction":[{"@type":"ReadAction","target":["https:\/\/lacartebuissonniere.fr\/index.php\/2024\/10\/17\/journee-mondiale-du-pain\/"]}]},{"@type":"ImageObject","inLanguage":"fr-FR","@id":"https:\/\/lacartebuissonniere.fr\/index.php\/2024\/10\/17\/journee-mondiale-du-pain\/#primaryimage","url":"https:\/\/lacartebuissonniere.fr\/wp-content\/uploads\/2024\/09\/Journee-mondiale-du-pain-1.jpeg","contentUrl":"https:\/\/lacartebuissonniere.fr\/wp-content\/uploads\/2024\/09\/Journee-mondiale-du-pain-1.jpeg","width":940,"height":674},{"@type":"BreadcrumbList","@id":"https:\/\/lacartebuissonniere.fr\/index.php\/2024\/10\/17\/journee-mondiale-du-pain\/#breadcrumb","itemListElement":[{"@type":"ListItem","position":1,"name":"Accueil","item":"https:\/\/lacartebuissonniere.fr\/"},{"@type":"ListItem","position":2,"name":"Journ\u00e9e mondiale du pain"}]},{"@type":"WebSite","@id":"https:\/\/lacartebuissonniere.fr\/#website","url":"https:\/\/lacartebuissonniere.fr\/","name":"La carte buissonni\u00e8re","description":"","publisher":{"@id":"https:\/\/lacartebuissonniere.fr\/#organization"},"potentialAction":[{"@type":"SearchAction","target":{"@type":"EntryPoint","urlTemplate":"https:\/\/lacartebuissonniere.fr\/?s={search_term_string}"},"query-input":{"@type":"PropertyValueSpecification","valueRequired":true,"valueName":"search_term_string"}}],"inLanguage":"fr-FR"},{"@type":"Organization","@id":"https:\/\/lacartebuissonniere.fr\/#organization","name":"La carte buissonni\u00e8re","url":"https:\/\/lacartebuissonniere.fr\/","logo":{"@type":"ImageObject","inLanguage":"fr-FR","@id":"https:\/\/lacartebuissonniere.fr\/#\/schema\/logo\/image\/","url":"https:\/\/lacartebuissonniere.fr\/wp-content\/uploads\/2022\/12\/Illustration-sans-titre.jpg","contentUrl":"https:\/\/lacartebuissonniere.fr\/wp-content\/uploads\/2022\/12\/Illustration-sans-titre.jpg","width":637,"height":680,"caption":"La carte buissonni\u00e8re"},"image":{"@id":"https:\/\/lacartebuissonniere.fr\/#\/schema\/logo\/image\/"},"sameAs":["https:\/\/www.facebook.com\/lacartebuissonniere\/","https:\/\/www.pinterest.fr\/DelphChabanne\/"]},{"@type":"Person","@id":"https:\/\/lacartebuissonniere.fr\/#\/schema\/person\/4e60af809837a2287e4f6d4daaf7abd4","name":"Carte buissonni\u00e8re","image":{"@type":"ImageObject","inLanguage":"fr-FR","@id":"https:\/\/lacartebuissonniere.fr\/#\/schema\/person\/image\/","url":"https:\/\/secure.gravatar.com\/avatar\/b543b5e0f093efbab3dfee8595bf9077ed504ab48ffeb378c9dc263381c278e6?s=96&d=mm&r=g","contentUrl":"https:\/\/secure.gravatar.com\/avatar\/b543b5e0f093efbab3dfee8595bf9077ed504ab48ffeb378c9dc263381c278e6?s=96&d=mm&r=g","caption":"Carte buissonni\u00e8re"},"sameAs":["http:\/\/lacartebuissonniere.fr"],"url":"https:\/\/lacartebuissonniere.fr\/index.php\/author\/carteb\/"}]}},"_links":{"self":[{"href":"https:\/\/lacartebuissonniere.fr\/index.php\/wp-json\/wp\/v2\/posts\/6566","targetHints":{"allow":["GET"]}}],"collection":[{"href":"https:\/\/lacartebuissonniere.fr\/index.php\/wp-json\/wp\/v2\/posts"}],"about":[{"href":"https:\/\/lacartebuissonniere.fr\/index.php\/wp-json\/wp\/v2\/types\/post"}],"author":[{"embeddable":true,"href":"https:\/\/lacartebuissonniere.fr\/index.php\/wp-json\/wp\/v2\/users\/2"}],"replies":[{"embeddable":true,"href":"https:\/\/lacartebuissonniere.fr\/index.php\/wp-json\/wp\/v2\/comments?post=6566"}],"version-history":[{"count":1,"href":"https:\/\/lacartebuissonniere.fr\/index.php\/wp-json\/wp\/v2\/posts\/6566\/revisions"}],"predecessor-version":[{"id":6574,"href":"https:\/\/lacartebuissonniere.fr\/index.php\/wp-json\/wp\/v2\/posts\/6566\/revisions\/6574"}],"wp:attachment":[{"href":"https:\/\/lacartebuissonniere.fr\/index.php\/wp-json\/wp\/v2\/media?parent=6566"}],"wp:term":[{"taxonomy":"category","embeddable":true,"href":"https:\/\/lacartebuissonniere.fr\/index.php\/wp-json\/wp\/v2\/categories?post=6566"},{"taxonomy":"post_tag","embeddable":true,"href":"https:\/\/lacartebuissonniere.fr\/index.php\/wp-json\/wp\/v2\/tags?post=6566"}],"curies":[{"name":"wp","href":"https:\/\/api.w.org\/{rel}","templated":true}]}}