{"id":6815,"date":"2024-11-22T09:00:00","date_gmt":"2024-11-22T08:00:00","guid":{"rendered":"https:\/\/lacartebuissonniere.fr\/?p=6815"},"modified":"2024-10-24T12:33:19","modified_gmt":"2024-10-24T10:33:19","slug":"chrysanthemes-de-novembre","status":"publish","type":"post","link":"https:\/\/lacartebuissonniere.fr\/index.php\/2024\/11\/22\/chrysanthemes-de-novembre\/","title":{"rendered":"Chrysanth\u00e8mes de novembre"},"content":{"rendered":"\n<p><\/p>\n\n\n\n<p>Avant de devenir la fleur des tombes, le chrysanth\u00e8me eut son heure de gloire dans le salon des \u00e9l\u00e9gantes.<\/p>\n\n\n<div class=\"wp-block-image\">\n<figure class=\"aligncenter size-full\"><img loading=\"lazy\" decoding=\"async\" width=\"998\" height=\"787\" src=\"https:\/\/lacartebuissonniere.fr\/wp-content\/uploads\/2024\/10\/163F196A-AF9A-451D-A13E-765E0D8DFB5E_1_105_c.jpeg\" alt=\"\" class=\"wp-image-6816\" srcset=\"https:\/\/lacartebuissonniere.fr\/wp-content\/uploads\/2024\/10\/163F196A-AF9A-451D-A13E-765E0D8DFB5E_1_105_c.jpeg 998w, https:\/\/lacartebuissonniere.fr\/wp-content\/uploads\/2024\/10\/163F196A-AF9A-451D-A13E-765E0D8DFB5E_1_105_c-300x237.jpeg 300w, https:\/\/lacartebuissonniere.fr\/wp-content\/uploads\/2024\/10\/163F196A-AF9A-451D-A13E-765E0D8DFB5E_1_105_c-768x606.jpeg 768w, https:\/\/lacartebuissonniere.fr\/wp-content\/uploads\/2024\/10\/163F196A-AF9A-451D-A13E-765E0D8DFB5E_1_105_c-600x473.jpeg 600w\" sizes=\"auto, (max-width: 998px) 100vw, 998px\" \/><figcaption class=\"wp-element-caption\">Degas, <em>Femme aux chrysanth\u00e8mes<\/em> [Mme Paul Valpin\u00e7on]<\/figcaption><\/figure>\n<\/div>\n\n\n<p><\/p>\n\n\n\n<p>C\u2019est ainsi qu\u2019Odette de Cr\u00e9cy n\u2019est pas seulement la dame aux catleyas. \u00c0 plusieurs reprises, le narrateur de <em>La Recherche<\/em> s\u2019attarde sur ses chrysanth\u00e8mes, notamment dans ce tr\u00e8s beau passage :<\/p>\n\n\n\n<p>\u00ab&nbsp;Mais j&rsquo;\u00e9tais touch\u00e9 par ce que ces chrysanth\u00e8mes avaient moins d&rsquo;\u00e9ph\u00e9m\u00e8re que de relativement durable par rapport \u00e0 ces tons, aussi roses ou aussi cuivr\u00e9s, que le soleil couch\u00e9 exalte si somptueusement dans la brume des fins d&rsquo;apr\u00e8s-midi de novembre et qu&rsquo;apr\u00e8s les avoir aper\u00e7us avant que j&rsquo;entrasse chez Mme Swann, s&rsquo;\u00e9teignant dans le ciel, je retrouvais prolong\u00e9s, transpos\u00e9s dans la palette enflamm\u00e9e des fleurs. Comme des feux arrach\u00e9s par un grand coloriste \u00e0 l&rsquo;instabilit\u00e9 de l&rsquo;atmosph\u00e8re et du soleil, afin qu&rsquo;ils vinssent orner une demeure humaine, ils m&rsquo;invitaient, ces chrysanth\u00e8mes, et malgr\u00e9 toute ma tristesse \u00e0 go\u00fbter avidement pendant cette heure du th\u00e9 les plaisirs si courts de novembre dont ils faisaient flamboyer pr\u00e8s de moi la splendeur intime et myst\u00e9rieuse.&nbsp;\u00bb<\/p>\n\n\n\n<p class=\"has-text-align-right\">Proust, \u00c0 l\u2019ombre des jeunes filles en fleurs<\/p>\n\n\n\n<p>Mes cartes buissonni\u00e8res rendent hommage \u00e0 cette ambiance rose et cuivr\u00e9e, avec un superbe papier <em>washi<\/em>&nbsp;\u00e0 motifs de <em>kiku<\/em> (chrysanth\u00e8me) :<\/p>\n\n\n<div class=\"wp-block-image\">\n<figure class=\"aligncenter size-large\"><img loading=\"lazy\" decoding=\"async\" width=\"760\" height=\"1024\" src=\"https:\/\/lacartebuissonniere.fr\/wp-content\/uploads\/2024\/10\/956518FA-F79F-4EAA-83BD-972C27F63B01_1_105_c-760x1024.jpeg\" alt=\"\" class=\"wp-image-6817\" srcset=\"https:\/\/lacartebuissonniere.fr\/wp-content\/uploads\/2024\/10\/956518FA-F79F-4EAA-83BD-972C27F63B01_1_105_c-760x1024.jpeg 760w, https:\/\/lacartebuissonniere.fr\/wp-content\/uploads\/2024\/10\/956518FA-F79F-4EAA-83BD-972C27F63B01_1_105_c-223x300.jpeg 223w, https:\/\/lacartebuissonniere.fr\/wp-content\/uploads\/2024\/10\/956518FA-F79F-4EAA-83BD-972C27F63B01_1_105_c-445x600.jpeg 445w, https:\/\/lacartebuissonniere.fr\/wp-content\/uploads\/2024\/10\/956518FA-F79F-4EAA-83BD-972C27F63B01_1_105_c.jpeg 764w\" sizes=\"auto, (max-width: 760px) 100vw, 760px\" \/><\/figure>\n<\/div>\n\n\n<p><\/p>\n","protected":false},"excerpt":{"rendered":"<p>Avant de devenir la fleur des tombes, le chrysanth\u00e8me eut son heure de gloire dans le salon des \u00e9l\u00e9gantes. C\u2019est ainsi qu\u2019Odette de Cr\u00e9cy n\u2019est pas seulement la dame aux catleyas. \u00c0 plusieurs reprises, le narrateur de La Recherche s\u2019attarde sur ses chrysanth\u00e8mes, notamment dans ce tr\u00e8s beau passage : \u00ab&nbsp;Mais j&rsquo;\u00e9tais touch\u00e9 par ce [&hellip;]<\/p>\n","protected":false},"author":2,"featured_media":0,"comment_status":"open","ping_status":"open","sticky":false,"template":"","format":"standard","meta":{"two_page_speed":[],"footnotes":""},"categories":[16,18],"tags":[],"class_list":["post-6815","post","type-post","status-publish","format-standard","hentry","category-flaneries","category-flaneries-culturelles","entry"],"yoast_head":"<!-- This site is optimized with the Yoast SEO plugin v25.4 - https:\/\/yoast.com\/wordpress\/plugins\/seo\/ -->\n<title>Chrysanth\u00e8mes de novembre - La carte buissonni\u00e8re<\/title>\n<meta name=\"robots\" content=\"index, follow, max-snippet:-1, max-image-preview:large, max-video-preview:-1\" \/>\n<link rel=\"canonical\" href=\"https:\/\/lacartebuissonniere.fr\/index.php\/2024\/11\/22\/chrysanthemes-de-novembre\/\" \/>\n<meta property=\"og:locale\" content=\"fr_FR\" \/>\n<meta property=\"og:type\" content=\"article\" \/>\n<meta property=\"og:title\" content=\"Chrysanth\u00e8mes de novembre - La carte buissonni\u00e8re\" \/>\n<meta property=\"og:description\" content=\"Avant de devenir la fleur des tombes, le chrysanth\u00e8me eut son heure de gloire dans le salon des \u00e9l\u00e9gantes. C\u2019est ainsi qu\u2019Odette de Cr\u00e9cy n\u2019est pas seulement la dame aux catleyas. \u00c0 plusieurs reprises, le narrateur de La Recherche s\u2019attarde sur ses chrysanth\u00e8mes, notamment dans ce tr\u00e8s beau passage : \u00ab&nbsp;Mais j&rsquo;\u00e9tais touch\u00e9 par ce [&hellip;]\" \/>\n<meta property=\"og:url\" content=\"https:\/\/lacartebuissonniere.fr\/index.php\/2024\/11\/22\/chrysanthemes-de-novembre\/\" \/>\n<meta property=\"og:site_name\" content=\"La carte buissonni\u00e8re\" \/>\n<meta property=\"article:publisher\" content=\"https:\/\/www.facebook.com\/lacartebuissonniere\/\" \/>\n<meta property=\"article:published_time\" content=\"2024-11-22T08:00:00+00:00\" \/>\n<meta property=\"og:image\" content=\"https:\/\/lacartebuissonniere.fr\/wp-content\/uploads\/2024\/10\/163F196A-AF9A-451D-A13E-765E0D8DFB5E_1_105_c.jpeg\" \/>\n<meta name=\"author\" content=\"Carte buissonni\u00e8re\" \/>\n<meta name=\"twitter:card\" content=\"summary_large_image\" \/>\n<meta name=\"twitter:label1\" content=\"\u00c9crit par\" \/>\n\t<meta name=\"twitter:data1\" content=\"Carte buissonni\u00e8re\" \/>\n\t<meta name=\"twitter:label2\" content=\"Dur\u00e9e de lecture estim\u00e9e\" \/>\n\t<meta name=\"twitter:data2\" content=\"2 minutes\" \/>\n<script type=\"application\/ld+json\" class=\"yoast-schema-graph\">{\"@context\":\"https:\/\/schema.org\",\"@graph\":[{\"@type\":\"Article\",\"@id\":\"https:\/\/lacartebuissonniere.fr\/index.php\/2024\/11\/22\/chrysanthemes-de-novembre\/#article\",\"isPartOf\":{\"@id\":\"https:\/\/lacartebuissonniere.fr\/index.php\/2024\/11\/22\/chrysanthemes-de-novembre\/\"},\"author\":{\"name\":\"Carte buissonni\u00e8re\",\"@id\":\"https:\/\/lacartebuissonniere.fr\/#\/schema\/person\/4e60af809837a2287e4f6d4daaf7abd4\"},\"headline\":\"Chrysanth\u00e8mes de novembre\",\"datePublished\":\"2024-11-22T08:00:00+00:00\",\"mainEntityOfPage\":{\"@id\":\"https:\/\/lacartebuissonniere.fr\/index.php\/2024\/11\/22\/chrysanthemes-de-novembre\/\"},\"wordCount\":241,\"commentCount\":0,\"publisher\":{\"@id\":\"https:\/\/lacartebuissonniere.fr\/#organization\"},\"image\":{\"@id\":\"https:\/\/lacartebuissonniere.fr\/index.php\/2024\/11\/22\/chrysanthemes-de-novembre\/#primaryimage\"},\"thumbnailUrl\":\"https:\/\/lacartebuissonniere.fr\/wp-content\/uploads\/2024\/10\/163F196A-AF9A-451D-A13E-765E0D8DFB5E_1_105_c.jpeg\",\"articleSection\":[\"FL\u00c2NERIES\",\"Fl\u00e2neries culturelles\"],\"inLanguage\":\"fr-FR\",\"potentialAction\":[{\"@type\":\"CommentAction\",\"name\":\"Comment\",\"target\":[\"https:\/\/lacartebuissonniere.fr\/index.php\/2024\/11\/22\/chrysanthemes-de-novembre\/#respond\"]}]},{\"@type\":\"WebPage\",\"@id\":\"https:\/\/lacartebuissonniere.fr\/index.php\/2024\/11\/22\/chrysanthemes-de-novembre\/\",\"url\":\"https:\/\/lacartebuissonniere.fr\/index.php\/2024\/11\/22\/chrysanthemes-de-novembre\/\",\"name\":\"Chrysanth\u00e8mes de novembre - La carte buissonni\u00e8re\",\"isPartOf\":{\"@id\":\"https:\/\/lacartebuissonniere.fr\/#website\"},\"primaryImageOfPage\":{\"@id\":\"https:\/\/lacartebuissonniere.fr\/index.php\/2024\/11\/22\/chrysanthemes-de-novembre\/#primaryimage\"},\"image\":{\"@id\":\"https:\/\/lacartebuissonniere.fr\/index.php\/2024\/11\/22\/chrysanthemes-de-novembre\/#primaryimage\"},\"thumbnailUrl\":\"https:\/\/lacartebuissonniere.fr\/wp-content\/uploads\/2024\/10\/163F196A-AF9A-451D-A13E-765E0D8DFB5E_1_105_c.jpeg\",\"datePublished\":\"2024-11-22T08:00:00+00:00\",\"breadcrumb\":{\"@id\":\"https:\/\/lacartebuissonniere.fr\/index.php\/2024\/11\/22\/chrysanthemes-de-novembre\/#breadcrumb\"},\"inLanguage\":\"fr-FR\",\"potentialAction\":[{\"@type\":\"ReadAction\",\"target\":[\"https:\/\/lacartebuissonniere.fr\/index.php\/2024\/11\/22\/chrysanthemes-de-novembre\/\"]}]},{\"@type\":\"ImageObject\",\"inLanguage\":\"fr-FR\",\"@id\":\"https:\/\/lacartebuissonniere.fr\/index.php\/2024\/11\/22\/chrysanthemes-de-novembre\/#primaryimage\",\"url\":\"https:\/\/lacartebuissonniere.fr\/wp-content\/uploads\/2024\/10\/163F196A-AF9A-451D-A13E-765E0D8DFB5E_1_105_c.jpeg\",\"contentUrl\":\"https:\/\/lacartebuissonniere.fr\/wp-content\/uploads\/2024\/10\/163F196A-AF9A-451D-A13E-765E0D8DFB5E_1_105_c.jpeg\",\"width\":998,\"height\":787},{\"@type\":\"BreadcrumbList\",\"@id\":\"https:\/\/lacartebuissonniere.fr\/index.php\/2024\/11\/22\/chrysanthemes-de-novembre\/#breadcrumb\",\"itemListElement\":[{\"@type\":\"ListItem\",\"position\":1,\"name\":\"Accueil\",\"item\":\"https:\/\/lacartebuissonniere.fr\/\"},{\"@type\":\"ListItem\",\"position\":2,\"name\":\"Chrysanth\u00e8mes de novembre\"}]},{\"@type\":\"WebSite\",\"@id\":\"https:\/\/lacartebuissonniere.fr\/#website\",\"url\":\"https:\/\/lacartebuissonniere.fr\/\",\"name\":\"La carte buissonni\u00e8re\",\"description\":\"\",\"publisher\":{\"@id\":\"https:\/\/lacartebuissonniere.fr\/#organization\"},\"potentialAction\":[{\"@type\":\"SearchAction\",\"target\":{\"@type\":\"EntryPoint\",\"urlTemplate\":\"https:\/\/lacartebuissonniere.fr\/?s={search_term_string}\"},\"query-input\":{\"@type\":\"PropertyValueSpecification\",\"valueRequired\":true,\"valueName\":\"search_term_string\"}}],\"inLanguage\":\"fr-FR\"},{\"@type\":\"Organization\",\"@id\":\"https:\/\/lacartebuissonniere.fr\/#organization\",\"name\":\"La carte buissonni\u00e8re\",\"url\":\"https:\/\/lacartebuissonniere.fr\/\",\"logo\":{\"@type\":\"ImageObject\",\"inLanguage\":\"fr-FR\",\"@id\":\"https:\/\/lacartebuissonniere.fr\/#\/schema\/logo\/image\/\",\"url\":\"https:\/\/lacartebuissonniere.fr\/wp-content\/uploads\/2022\/12\/Illustration-sans-titre.jpg\",\"contentUrl\":\"https:\/\/lacartebuissonniere.fr\/wp-content\/uploads\/2022\/12\/Illustration-sans-titre.jpg\",\"width\":637,\"height\":680,\"caption\":\"La carte buissonni\u00e8re\"},\"image\":{\"@id\":\"https:\/\/lacartebuissonniere.fr\/#\/schema\/logo\/image\/\"},\"sameAs\":[\"https:\/\/www.facebook.com\/lacartebuissonniere\/\",\"https:\/\/www.pinterest.fr\/DelphChabanne\/\"]},{\"@type\":\"Person\",\"@id\":\"https:\/\/lacartebuissonniere.fr\/#\/schema\/person\/4e60af809837a2287e4f6d4daaf7abd4\",\"name\":\"Carte buissonni\u00e8re\",\"image\":{\"@type\":\"ImageObject\",\"inLanguage\":\"fr-FR\",\"@id\":\"https:\/\/lacartebuissonniere.fr\/#\/schema\/person\/image\/\",\"url\":\"https:\/\/secure.gravatar.com\/avatar\/b543b5e0f093efbab3dfee8595bf9077ed504ab48ffeb378c9dc263381c278e6?s=96&d=mm&r=g\",\"contentUrl\":\"https:\/\/secure.gravatar.com\/avatar\/b543b5e0f093efbab3dfee8595bf9077ed504ab48ffeb378c9dc263381c278e6?s=96&d=mm&r=g\",\"caption\":\"Carte buissonni\u00e8re\"},\"sameAs\":[\"http:\/\/lacartebuissonniere.fr\"],\"url\":\"https:\/\/lacartebuissonniere.fr\/index.php\/author\/carteb\/\"}]}<\/script>\n<!-- \/ Yoast SEO plugin. -->","yoast_head_json":{"title":"Chrysanth\u00e8mes de novembre - La carte buissonni\u00e8re","robots":{"index":"index","follow":"follow","max-snippet":"max-snippet:-1","max-image-preview":"max-image-preview:large","max-video-preview":"max-video-preview:-1"},"canonical":"https:\/\/lacartebuissonniere.fr\/index.php\/2024\/11\/22\/chrysanthemes-de-novembre\/","og_locale":"fr_FR","og_type":"article","og_title":"Chrysanth\u00e8mes de novembre - La carte buissonni\u00e8re","og_description":"Avant de devenir la fleur des tombes, le chrysanth\u00e8me eut son heure de gloire dans le salon des \u00e9l\u00e9gantes. C\u2019est ainsi qu\u2019Odette de Cr\u00e9cy n\u2019est pas seulement la dame aux catleyas. \u00c0 plusieurs reprises, le narrateur de La Recherche s\u2019attarde sur ses chrysanth\u00e8mes, notamment dans ce tr\u00e8s beau passage : \u00ab&nbsp;Mais j&rsquo;\u00e9tais touch\u00e9 par ce [&hellip;]","og_url":"https:\/\/lacartebuissonniere.fr\/index.php\/2024\/11\/22\/chrysanthemes-de-novembre\/","og_site_name":"La carte buissonni\u00e8re","article_publisher":"https:\/\/www.facebook.com\/lacartebuissonniere\/","article_published_time":"2024-11-22T08:00:00+00:00","og_image":[{"url":"https:\/\/lacartebuissonniere.fr\/wp-content\/uploads\/2024\/10\/163F196A-AF9A-451D-A13E-765E0D8DFB5E_1_105_c.jpeg","type":"","width":"","height":""}],"author":"Carte buissonni\u00e8re","twitter_card":"summary_large_image","twitter_misc":{"\u00c9crit par":"Carte buissonni\u00e8re","Dur\u00e9e de lecture estim\u00e9e":"2 minutes"},"schema":{"@context":"https:\/\/schema.org","@graph":[{"@type":"Article","@id":"https:\/\/lacartebuissonniere.fr\/index.php\/2024\/11\/22\/chrysanthemes-de-novembre\/#article","isPartOf":{"@id":"https:\/\/lacartebuissonniere.fr\/index.php\/2024\/11\/22\/chrysanthemes-de-novembre\/"},"author":{"name":"Carte buissonni\u00e8re","@id":"https:\/\/lacartebuissonniere.fr\/#\/schema\/person\/4e60af809837a2287e4f6d4daaf7abd4"},"headline":"Chrysanth\u00e8mes de novembre","datePublished":"2024-11-22T08:00:00+00:00","mainEntityOfPage":{"@id":"https:\/\/lacartebuissonniere.fr\/index.php\/2024\/11\/22\/chrysanthemes-de-novembre\/"},"wordCount":241,"commentCount":0,"publisher":{"@id":"https:\/\/lacartebuissonniere.fr\/#organization"},"image":{"@id":"https:\/\/lacartebuissonniere.fr\/index.php\/2024\/11\/22\/chrysanthemes-de-novembre\/#primaryimage"},"thumbnailUrl":"https:\/\/lacartebuissonniere.fr\/wp-content\/uploads\/2024\/10\/163F196A-AF9A-451D-A13E-765E0D8DFB5E_1_105_c.jpeg","articleSection":["FL\u00c2NERIES","Fl\u00e2neries culturelles"],"inLanguage":"fr-FR","potentialAction":[{"@type":"CommentAction","name":"Comment","target":["https:\/\/lacartebuissonniere.fr\/index.php\/2024\/11\/22\/chrysanthemes-de-novembre\/#respond"]}]},{"@type":"WebPage","@id":"https:\/\/lacartebuissonniere.fr\/index.php\/2024\/11\/22\/chrysanthemes-de-novembre\/","url":"https:\/\/lacartebuissonniere.fr\/index.php\/2024\/11\/22\/chrysanthemes-de-novembre\/","name":"Chrysanth\u00e8mes de novembre - La carte buissonni\u00e8re","isPartOf":{"@id":"https:\/\/lacartebuissonniere.fr\/#website"},"primaryImageOfPage":{"@id":"https:\/\/lacartebuissonniere.fr\/index.php\/2024\/11\/22\/chrysanthemes-de-novembre\/#primaryimage"},"image":{"@id":"https:\/\/lacartebuissonniere.fr\/index.php\/2024\/11\/22\/chrysanthemes-de-novembre\/#primaryimage"},"thumbnailUrl":"https:\/\/lacartebuissonniere.fr\/wp-content\/uploads\/2024\/10\/163F196A-AF9A-451D-A13E-765E0D8DFB5E_1_105_c.jpeg","datePublished":"2024-11-22T08:00:00+00:00","breadcrumb":{"@id":"https:\/\/lacartebuissonniere.fr\/index.php\/2024\/11\/22\/chrysanthemes-de-novembre\/#breadcrumb"},"inLanguage":"fr-FR","potentialAction":[{"@type":"ReadAction","target":["https:\/\/lacartebuissonniere.fr\/index.php\/2024\/11\/22\/chrysanthemes-de-novembre\/"]}]},{"@type":"ImageObject","inLanguage":"fr-FR","@id":"https:\/\/lacartebuissonniere.fr\/index.php\/2024\/11\/22\/chrysanthemes-de-novembre\/#primaryimage","url":"https:\/\/lacartebuissonniere.fr\/wp-content\/uploads\/2024\/10\/163F196A-AF9A-451D-A13E-765E0D8DFB5E_1_105_c.jpeg","contentUrl":"https:\/\/lacartebuissonniere.fr\/wp-content\/uploads\/2024\/10\/163F196A-AF9A-451D-A13E-765E0D8DFB5E_1_105_c.jpeg","width":998,"height":787},{"@type":"BreadcrumbList","@id":"https:\/\/lacartebuissonniere.fr\/index.php\/2024\/11\/22\/chrysanthemes-de-novembre\/#breadcrumb","itemListElement":[{"@type":"ListItem","position":1,"name":"Accueil","item":"https:\/\/lacartebuissonniere.fr\/"},{"@type":"ListItem","position":2,"name":"Chrysanth\u00e8mes de novembre"}]},{"@type":"WebSite","@id":"https:\/\/lacartebuissonniere.fr\/#website","url":"https:\/\/lacartebuissonniere.fr\/","name":"La carte buissonni\u00e8re","description":"","publisher":{"@id":"https:\/\/lacartebuissonniere.fr\/#organization"},"potentialAction":[{"@type":"SearchAction","target":{"@type":"EntryPoint","urlTemplate":"https:\/\/lacartebuissonniere.fr\/?s={search_term_string}"},"query-input":{"@type":"PropertyValueSpecification","valueRequired":true,"valueName":"search_term_string"}}],"inLanguage":"fr-FR"},{"@type":"Organization","@id":"https:\/\/lacartebuissonniere.fr\/#organization","name":"La carte buissonni\u00e8re","url":"https:\/\/lacartebuissonniere.fr\/","logo":{"@type":"ImageObject","inLanguage":"fr-FR","@id":"https:\/\/lacartebuissonniere.fr\/#\/schema\/logo\/image\/","url":"https:\/\/lacartebuissonniere.fr\/wp-content\/uploads\/2022\/12\/Illustration-sans-titre.jpg","contentUrl":"https:\/\/lacartebuissonniere.fr\/wp-content\/uploads\/2022\/12\/Illustration-sans-titre.jpg","width":637,"height":680,"caption":"La carte buissonni\u00e8re"},"image":{"@id":"https:\/\/lacartebuissonniere.fr\/#\/schema\/logo\/image\/"},"sameAs":["https:\/\/www.facebook.com\/lacartebuissonniere\/","https:\/\/www.pinterest.fr\/DelphChabanne\/"]},{"@type":"Person","@id":"https:\/\/lacartebuissonniere.fr\/#\/schema\/person\/4e60af809837a2287e4f6d4daaf7abd4","name":"Carte buissonni\u00e8re","image":{"@type":"ImageObject","inLanguage":"fr-FR","@id":"https:\/\/lacartebuissonniere.fr\/#\/schema\/person\/image\/","url":"https:\/\/secure.gravatar.com\/avatar\/b543b5e0f093efbab3dfee8595bf9077ed504ab48ffeb378c9dc263381c278e6?s=96&d=mm&r=g","contentUrl":"https:\/\/secure.gravatar.com\/avatar\/b543b5e0f093efbab3dfee8595bf9077ed504ab48ffeb378c9dc263381c278e6?s=96&d=mm&r=g","caption":"Carte buissonni\u00e8re"},"sameAs":["http:\/\/lacartebuissonniere.fr"],"url":"https:\/\/lacartebuissonniere.fr\/index.php\/author\/carteb\/"}]}},"_links":{"self":[{"href":"https:\/\/lacartebuissonniere.fr\/index.php\/wp-json\/wp\/v2\/posts\/6815","targetHints":{"allow":["GET"]}}],"collection":[{"href":"https:\/\/lacartebuissonniere.fr\/index.php\/wp-json\/wp\/v2\/posts"}],"about":[{"href":"https:\/\/lacartebuissonniere.fr\/index.php\/wp-json\/wp\/v2\/types\/post"}],"author":[{"embeddable":true,"href":"https:\/\/lacartebuissonniere.fr\/index.php\/wp-json\/wp\/v2\/users\/2"}],"replies":[{"embeddable":true,"href":"https:\/\/lacartebuissonniere.fr\/index.php\/wp-json\/wp\/v2\/comments?post=6815"}],"version-history":[{"count":1,"href":"https:\/\/lacartebuissonniere.fr\/index.php\/wp-json\/wp\/v2\/posts\/6815\/revisions"}],"predecessor-version":[{"id":6818,"href":"https:\/\/lacartebuissonniere.fr\/index.php\/wp-json\/wp\/v2\/posts\/6815\/revisions\/6818"}],"wp:attachment":[{"href":"https:\/\/lacartebuissonniere.fr\/index.php\/wp-json\/wp\/v2\/media?parent=6815"}],"wp:term":[{"taxonomy":"category","embeddable":true,"href":"https:\/\/lacartebuissonniere.fr\/index.php\/wp-json\/wp\/v2\/categories?post=6815"},{"taxonomy":"post_tag","embeddable":true,"href":"https:\/\/lacartebuissonniere.fr\/index.php\/wp-json\/wp\/v2\/tags?post=6815"}],"curies":[{"name":"wp","href":"https:\/\/api.w.org\/{rel}","templated":true}]}}