{"id":7081,"date":"2025-01-28T09:00:00","date_gmt":"2025-01-28T08:00:00","guid":{"rendered":"https:\/\/lacartebuissonniere.fr\/?p=7081"},"modified":"2024-12-31T14:35:54","modified_gmt":"2024-12-31T13:35:54","slug":"sous-le-signe-du-peuplier","status":"publish","type":"post","link":"https:\/\/lacartebuissonniere.fr\/index.php\/2025\/01\/28\/sous-le-signe-du-peuplier\/","title":{"rendered":"Sous le signe du peuplier"},"content":{"rendered":"\n<p><\/p>\n\n\n\n<p><\/p>\n\n\n\n<p>Dans le calendrier r\u00e9publicain fran\u00e7ais, le 9<sup>e<\/sup> jour du mois de pluvi\u00f4se, souvent notre 28 janvier, \u00e9tait d\u00e9nomm\u00e9 jour du peuplier.<\/p>\n\n\n\n<p>Cultiv\u00e9 pour son bois blanc et l\u00e9ger, cet arbre de haute taille est souvent plant\u00e9 en rangs serr\u00e9s&nbsp;:<\/p>\n\n\n<div class=\"wp-block-image\">\n<figure class=\"aligncenter size-full\"><img loading=\"lazy\" decoding=\"async\" width=\"855\" height=\"570\" src=\"https:\/\/lacartebuissonniere.fr\/wp-content\/uploads\/2024\/12\/9F393050-1248-4BE7-8837-87A41E5E7AD9_1_201_a.jpeg\" alt=\"\" class=\"wp-image-7082\" srcset=\"https:\/\/lacartebuissonniere.fr\/wp-content\/uploads\/2024\/12\/9F393050-1248-4BE7-8837-87A41E5E7AD9_1_201_a.jpeg 855w, https:\/\/lacartebuissonniere.fr\/wp-content\/uploads\/2024\/12\/9F393050-1248-4BE7-8837-87A41E5E7AD9_1_201_a-300x200.jpeg 300w, https:\/\/lacartebuissonniere.fr\/wp-content\/uploads\/2024\/12\/9F393050-1248-4BE7-8837-87A41E5E7AD9_1_201_a-768x512.jpeg 768w, https:\/\/lacartebuissonniere.fr\/wp-content\/uploads\/2024\/12\/9F393050-1248-4BE7-8837-87A41E5E7AD9_1_201_a-600x400.jpeg 600w\" sizes=\"auto, (max-width: 855px) 100vw, 855px\" \/><\/figure>\n<\/div>\n\n\n<p><\/p>\n\n\n\n<p>Il fait partie des motifs d\u00e9clin\u00e9s par Claude Monet.<\/p>\n\n\n\n<p>En effet, au cours des ann\u00e9es 1890, install\u00e9 \u00e0 Giverny, le peintre s\u2019est exerc\u00e9 \u00e0 des variations chromatiques et lumineuses sur diff\u00e9rents th\u00e8mes&nbsp;: meules, peupliers, cath\u00e9drale de Rouen.<\/p>\n\n\n\n<p>Du printemps l\u2019automne 1891, il s\u2019int\u00e9resse \u00e0 une rang\u00e9e de peupliers sur les rives de l&rsquo;Epte. Pour obtenir la composition qu\u2019il souhaite, il les \u00e9tudie d\u2019abord depuis sa barque avant d\u2019emprunter \u00e0 Caillebotte une embarcation plus commode. Il finit m\u00eame par acheter les arbres \u00e0 la commune de Limetz qui voulait les mettre en adjudication.<\/p>\n\n\n\n<p>Ce travail passionn\u00e9 aboutira \u00e0 vingt-trois toiles.<\/p>\n\n\n\n<p>J\u2019ai eu la chance d\u2019en admirer deux lors de l\u2019exposition que le mus\u00e9e d\u2019Orsay a consacr\u00e9e au paysage mystique en 2017&nbsp;:<\/p>\n\n\n\n<figure class=\"wp-block-gallery has-nested-images columns-default is-cropped wp-block-gallery-1 is-layout-flex wp-block-gallery-is-layout-flex\">\n<figure class=\"wp-block-image size-large\"><img loading=\"lazy\" decoding=\"async\" width=\"834\" height=\"1024\" data-id=\"7084\" src=\"https:\/\/lacartebuissonniere.fr\/wp-content\/uploads\/2024\/12\/5E837494-516D-400A-BD86-694A871FBE8B_1_105_c.jpeg\" alt=\"\" class=\"wp-image-7084\" srcset=\"https:\/\/lacartebuissonniere.fr\/wp-content\/uploads\/2024\/12\/5E837494-516D-400A-BD86-694A871FBE8B_1_105_c.jpeg 834w, https:\/\/lacartebuissonniere.fr\/wp-content\/uploads\/2024\/12\/5E837494-516D-400A-BD86-694A871FBE8B_1_105_c-244x300.jpeg 244w, https:\/\/lacartebuissonniere.fr\/wp-content\/uploads\/2024\/12\/5E837494-516D-400A-BD86-694A871FBE8B_1_105_c-768x943.jpeg 768w, https:\/\/lacartebuissonniere.fr\/wp-content\/uploads\/2024\/12\/5E837494-516D-400A-BD86-694A871FBE8B_1_105_c-489x600.jpeg 489w\" sizes=\"auto, (max-width: 834px) 100vw, 834px\" \/><\/figure>\n\n\n\n<figure class=\"wp-block-image size-large\"><img loading=\"lazy\" decoding=\"async\" width=\"749\" height=\"1024\" data-id=\"7083\" src=\"https:\/\/lacartebuissonniere.fr\/wp-content\/uploads\/2024\/12\/890EC3D1-326C-4329-9A0E-37DD0F41DA1A_1_105_c-749x1024.jpeg\" alt=\"\" class=\"wp-image-7083\" srcset=\"https:\/\/lacartebuissonniere.fr\/wp-content\/uploads\/2024\/12\/890EC3D1-326C-4329-9A0E-37DD0F41DA1A_1_105_c-749x1024.jpeg 749w, https:\/\/lacartebuissonniere.fr\/wp-content\/uploads\/2024\/12\/890EC3D1-326C-4329-9A0E-37DD0F41DA1A_1_105_c-219x300.jpeg 219w, https:\/\/lacartebuissonniere.fr\/wp-content\/uploads\/2024\/12\/890EC3D1-326C-4329-9A0E-37DD0F41DA1A_1_105_c-439x600.jpeg 439w, https:\/\/lacartebuissonniere.fr\/wp-content\/uploads\/2024\/12\/890EC3D1-326C-4329-9A0E-37DD0F41DA1A_1_105_c.jpeg 758w\" sizes=\"auto, (max-width: 749px) 100vw, 749px\" \/><\/figure>\n<\/figure>\n\n\n\n<p><\/p>\n\n\n\n<p>Les touches de couleurs sont fascinantes\u00a0:<\/p>\n\n\n<div class=\"wp-block-image\">\n<figure class=\"aligncenter size-full\"><img loading=\"lazy\" decoding=\"async\" width=\"768\" height=\"1024\" src=\"https:\/\/lacartebuissonniere.fr\/wp-content\/uploads\/2024\/12\/F26CA7EA-C839-47E5-BC12-79615F1815E3_1_105_c-1.jpeg\" alt=\"\" class=\"wp-image-7086\" srcset=\"https:\/\/lacartebuissonniere.fr\/wp-content\/uploads\/2024\/12\/F26CA7EA-C839-47E5-BC12-79615F1815E3_1_105_c-1.jpeg 768w, https:\/\/lacartebuissonniere.fr\/wp-content\/uploads\/2024\/12\/F26CA7EA-C839-47E5-BC12-79615F1815E3_1_105_c-1-225x300.jpeg 225w, https:\/\/lacartebuissonniere.fr\/wp-content\/uploads\/2024\/12\/F26CA7EA-C839-47E5-BC12-79615F1815E3_1_105_c-1-450x600.jpeg 450w\" sizes=\"auto, (max-width: 768px) 100vw, 768px\" \/><\/figure>\n<\/div>\n\n\n<p><\/p>\n\n\n\n<p>J\u2019aime \u00e9galement beaucoup cette version automnale qui appartient \u00e0 une collection priv\u00e9e\u00a0:<\/p>\n\n\n<div class=\"wp-block-image\">\n<figure class=\"aligncenter size-full\"><img loading=\"lazy\" decoding=\"async\" width=\"791\" height=\"994\" src=\"https:\/\/lacartebuissonniere.fr\/wp-content\/uploads\/2024\/12\/C844EC9F-B5F7-47E7-8D92-8B676363E7BF_1_105_c-1.jpeg\" alt=\"\" class=\"wp-image-7088\" srcset=\"https:\/\/lacartebuissonniere.fr\/wp-content\/uploads\/2024\/12\/C844EC9F-B5F7-47E7-8D92-8B676363E7BF_1_105_c-1.jpeg 791w, https:\/\/lacartebuissonniere.fr\/wp-content\/uploads\/2024\/12\/C844EC9F-B5F7-47E7-8D92-8B676363E7BF_1_105_c-1-239x300.jpeg 239w, https:\/\/lacartebuissonniere.fr\/wp-content\/uploads\/2024\/12\/C844EC9F-B5F7-47E7-8D92-8B676363E7BF_1_105_c-1-768x965.jpeg 768w, https:\/\/lacartebuissonniere.fr\/wp-content\/uploads\/2024\/12\/C844EC9F-B5F7-47E7-8D92-8B676363E7BF_1_105_c-1-477x600.jpeg 477w\" sizes=\"auto, (max-width: 791px) 100vw, 791px\" \/><\/figure>\n<\/div>\n\n\n<p><\/p>\n\n\n\n<p>On conna\u00eet l\u2019admiration de Monet pour les estampes japonaises. Il y a peut-\u00eatre puis\u00e9 ce go\u00fbt des s\u00e9ries, \u00e0 l\u2019instar de Hokusai avec ses <em>Trente-six vues du mont Fuji<\/em> et Hiroshige et ses <em>Cent vues d\u2019Edo <\/em>ou encore<em> Les Cinquante-trois Stations du T\u00f4kaid\u00f4<\/em>.<\/p>\n\n\n\n<p>Hiroshige a \u00e9galement peint des <em>Vues des sites c\u00e9l\u00e8bres des soixante et quelques provinces du Japon<\/em>. Parmi elles, \u00ab&nbsp;Ueno dans la province d\u2019Iga&nbsp;\u00bb appartient \u00e0 la collection personnelle de Monet \u00e0 Giverny et repr\u00e9sente, comme d\u2019autres, des arbres tr\u00e8s \u00e9lanc\u00e9s&nbsp;:<\/p>\n\n\n<div class=\"wp-block-image\">\n<figure class=\"aligncenter size-large\"><img loading=\"lazy\" decoding=\"async\" width=\"682\" height=\"1024\" src=\"https:\/\/lacartebuissonniere.fr\/wp-content\/uploads\/2024\/12\/2B835C46-0E8F-415E-BF9F-BD002928571A_1_105_c-1-682x1024.jpeg\" alt=\"\" class=\"wp-image-7090\" srcset=\"https:\/\/lacartebuissonniere.fr\/wp-content\/uploads\/2024\/12\/2B835C46-0E8F-415E-BF9F-BD002928571A_1_105_c-1-682x1024.jpeg 682w, https:\/\/lacartebuissonniere.fr\/wp-content\/uploads\/2024\/12\/2B835C46-0E8F-415E-BF9F-BD002928571A_1_105_c-1-200x300.jpeg 200w, https:\/\/lacartebuissonniere.fr\/wp-content\/uploads\/2024\/12\/2B835C46-0E8F-415E-BF9F-BD002928571A_1_105_c-1-399x600.jpeg 399w, https:\/\/lacartebuissonniere.fr\/wp-content\/uploads\/2024\/12\/2B835C46-0E8F-415E-BF9F-BD002928571A_1_105_c-1.jpeg 723w\" sizes=\"auto, (max-width: 682px) 100vw, 682px\" \/><\/figure>\n<\/div>\n\n\n<p><\/p>\n\n\n\n<p>Quant \u00e0 <a href=\"https:\/\/lacartebuissonniere.fr\/index.php\/2024\/09\/12\/symphonie-des-nympheas\/\" target=\"_blank\" rel=\"noreferrer noopener\">Hiramatsu Reiji<\/a>, lui qui pr\u00f4ne \u00ab le retour du japonisme au Japon \u00bb, il choisit de rendre hommage au ma\u00eetre impressionniste avec une rang\u00e9e de peupliers et leur reflet dans l\u2019eau\u00a0:<\/p>\n\n\n<div class=\"wp-block-image\">\n<figure class=\"aligncenter size-full\"><img loading=\"lazy\" decoding=\"async\" width=\"886\" height=\"886\" src=\"https:\/\/lacartebuissonniere.fr\/wp-content\/uploads\/2024\/12\/844BA0FA-2737-4D85-9DAF-63E8077568F4_1_105_c-1.jpeg\" alt=\"\" class=\"wp-image-7092\" srcset=\"https:\/\/lacartebuissonniere.fr\/wp-content\/uploads\/2024\/12\/844BA0FA-2737-4D85-9DAF-63E8077568F4_1_105_c-1.jpeg 886w, https:\/\/lacartebuissonniere.fr\/wp-content\/uploads\/2024\/12\/844BA0FA-2737-4D85-9DAF-63E8077568F4_1_105_c-1-300x300.jpeg 300w, https:\/\/lacartebuissonniere.fr\/wp-content\/uploads\/2024\/12\/844BA0FA-2737-4D85-9DAF-63E8077568F4_1_105_c-1-150x150.jpeg 150w, https:\/\/lacartebuissonniere.fr\/wp-content\/uploads\/2024\/12\/844BA0FA-2737-4D85-9DAF-63E8077568F4_1_105_c-1-768x768.jpeg 768w, https:\/\/lacartebuissonniere.fr\/wp-content\/uploads\/2024\/12\/844BA0FA-2737-4D85-9DAF-63E8077568F4_1_105_c-1-600x600.jpeg 600w\" sizes=\"auto, (max-width: 886px) 100vw, 886px\" \/><\/figure>\n<\/div>\n\n\n<p><\/p>\n\n\n\n<p>Pour ma carte buissonni\u00e8re, quelques feuilles de peuplier d\u2019un vert tendre accueillent l\u2019or du ginkgo\u00a0:<\/p>\n\n\n<div class=\"wp-block-image\">\n<figure class=\"aligncenter size-large\"><img loading=\"lazy\" decoding=\"async\" width=\"767\" height=\"1024\" src=\"https:\/\/lacartebuissonniere.fr\/wp-content\/uploads\/2024\/12\/4D8502F1-D1AE-43FC-BB93-71C15CD5ECE9_1_201_a-767x1024.jpg\" alt=\"\" class=\"wp-image-7093\" srcset=\"https:\/\/lacartebuissonniere.fr\/wp-content\/uploads\/2024\/12\/4D8502F1-D1AE-43FC-BB93-71C15CD5ECE9_1_201_a-767x1024.jpg 767w, https:\/\/lacartebuissonniere.fr\/wp-content\/uploads\/2024\/12\/4D8502F1-D1AE-43FC-BB93-71C15CD5ECE9_1_201_a-225x300.jpg 225w, https:\/\/lacartebuissonniere.fr\/wp-content\/uploads\/2024\/12\/4D8502F1-D1AE-43FC-BB93-71C15CD5ECE9_1_201_a-768x1024.jpg 768w, https:\/\/lacartebuissonniere.fr\/wp-content\/uploads\/2024\/12\/4D8502F1-D1AE-43FC-BB93-71C15CD5ECE9_1_201_a-1150x1536.jpg 1150w, https:\/\/lacartebuissonniere.fr\/wp-content\/uploads\/2024\/12\/4D8502F1-D1AE-43FC-BB93-71C15CD5ECE9_1_201_a-1534x2048.jpg 1534w, https:\/\/lacartebuissonniere.fr\/wp-content\/uploads\/2024\/12\/4D8502F1-D1AE-43FC-BB93-71C15CD5ECE9_1_201_a-449x600.jpg 449w, https:\/\/lacartebuissonniere.fr\/wp-content\/uploads\/2024\/12\/4D8502F1-D1AE-43FC-BB93-71C15CD5ECE9_1_201_a-scaled.jpg 1917w\" sizes=\"auto, (max-width: 767px) 100vw, 767px\" \/><\/figure>\n<\/div>\n\n\n<p><\/p>\n\n\n\n<p>Pour aller plus loin&nbsp;:<\/p>\n\n\n\n<p><a href=\"https:\/\/fr.wikipedia.org\/wiki\/Les_Peupliers\" target=\"_blank\" rel=\"noreferrer noopener\">\u00ab\u00a0<em>Les Peupliers<\/em>\u00a0\u00bb<\/a><br>Cette fiche Wikip\u00e9dia recense les vingt-trois toiles de la s\u00e9rie.<\/p>\n\n\n\n<p><\/p>\n","protected":false},"excerpt":{"rendered":"<p>Dans le calendrier r\u00e9publicain fran\u00e7ais, le 9e jour du mois de pluvi\u00f4se, souvent notre 28 janvier, \u00e9tait d\u00e9nomm\u00e9 jour du peuplier. Cultiv\u00e9 pour son bois blanc et l\u00e9ger, cet arbre de haute taille est souvent plant\u00e9 en rangs serr\u00e9s&nbsp;: Il fait partie des motifs d\u00e9clin\u00e9s par Claude Monet. En effet, au cours des ann\u00e9es 1890, [&hellip;]<\/p>\n","protected":false},"author":2,"featured_media":0,"comment_status":"open","ping_status":"open","sticky":false,"template":"","format":"standard","meta":{"two_page_speed":[],"footnotes":""},"categories":[16,18],"tags":[],"class_list":["post-7081","post","type-post","status-publish","format-standard","hentry","category-flaneries","category-flaneries-culturelles","entry"],"yoast_head":"<!-- This site is optimized with the Yoast SEO plugin v25.4 - https:\/\/yoast.com\/wordpress\/plugins\/seo\/ -->\n<title>Sous le signe du peuplier - La carte buissonni\u00e8re<\/title>\n<meta name=\"robots\" content=\"index, follow, max-snippet:-1, max-image-preview:large, max-video-preview:-1\" \/>\n<link rel=\"canonical\" href=\"https:\/\/lacartebuissonniere.fr\/index.php\/2025\/01\/28\/sous-le-signe-du-peuplier\/\" \/>\n<meta property=\"og:locale\" content=\"fr_FR\" \/>\n<meta property=\"og:type\" content=\"article\" \/>\n<meta property=\"og:title\" content=\"Sous le signe du peuplier - La carte buissonni\u00e8re\" \/>\n<meta property=\"og:description\" content=\"Dans le calendrier r\u00e9publicain fran\u00e7ais, le 9e jour du mois de pluvi\u00f4se, souvent notre 28 janvier, \u00e9tait d\u00e9nomm\u00e9 jour du peuplier. Cultiv\u00e9 pour son bois blanc et l\u00e9ger, cet arbre de haute taille est souvent plant\u00e9 en rangs serr\u00e9s&nbsp;: Il fait partie des motifs d\u00e9clin\u00e9s par Claude Monet. En effet, au cours des ann\u00e9es 1890, [&hellip;]\" \/>\n<meta property=\"og:url\" content=\"https:\/\/lacartebuissonniere.fr\/index.php\/2025\/01\/28\/sous-le-signe-du-peuplier\/\" \/>\n<meta property=\"og:site_name\" content=\"La carte buissonni\u00e8re\" \/>\n<meta property=\"article:publisher\" content=\"https:\/\/www.facebook.com\/lacartebuissonniere\/\" \/>\n<meta property=\"article:published_time\" content=\"2025-01-28T08:00:00+00:00\" \/>\n<meta property=\"og:image\" content=\"https:\/\/lacartebuissonniere.fr\/wp-content\/uploads\/2024\/12\/9F393050-1248-4BE7-8837-87A41E5E7AD9_1_201_a.jpeg\" \/>\n<meta name=\"author\" content=\"Carte buissonni\u00e8re\" \/>\n<meta name=\"twitter:card\" content=\"summary_large_image\" \/>\n<meta name=\"twitter:label1\" content=\"\u00c9crit par\" \/>\n\t<meta name=\"twitter:data1\" content=\"Carte buissonni\u00e8re\" \/>\n\t<meta name=\"twitter:label2\" content=\"Dur\u00e9e de lecture estim\u00e9e\" \/>\n\t<meta name=\"twitter:data2\" content=\"4 minutes\" \/>\n<script type=\"application\/ld+json\" class=\"yoast-schema-graph\">{\"@context\":\"https:\/\/schema.org\",\"@graph\":[{\"@type\":\"Article\",\"@id\":\"https:\/\/lacartebuissonniere.fr\/index.php\/2025\/01\/28\/sous-le-signe-du-peuplier\/#article\",\"isPartOf\":{\"@id\":\"https:\/\/lacartebuissonniere.fr\/index.php\/2025\/01\/28\/sous-le-signe-du-peuplier\/\"},\"author\":{\"name\":\"Carte buissonni\u00e8re\",\"@id\":\"https:\/\/lacartebuissonniere.fr\/#\/schema\/person\/4e60af809837a2287e4f6d4daaf7abd4\"},\"headline\":\"Sous le signe du peuplier\",\"datePublished\":\"2025-01-28T08:00:00+00:00\",\"mainEntityOfPage\":{\"@id\":\"https:\/\/lacartebuissonniere.fr\/index.php\/2025\/01\/28\/sous-le-signe-du-peuplier\/\"},\"wordCount\":372,\"commentCount\":0,\"publisher\":{\"@id\":\"https:\/\/lacartebuissonniere.fr\/#organization\"},\"image\":{\"@id\":\"https:\/\/lacartebuissonniere.fr\/index.php\/2025\/01\/28\/sous-le-signe-du-peuplier\/#primaryimage\"},\"thumbnailUrl\":\"https:\/\/lacartebuissonniere.fr\/wp-content\/uploads\/2024\/12\/9F393050-1248-4BE7-8837-87A41E5E7AD9_1_201_a.jpeg\",\"articleSection\":[\"FL\u00c2NERIES\",\"Fl\u00e2neries culturelles\"],\"inLanguage\":\"fr-FR\",\"potentialAction\":[{\"@type\":\"CommentAction\",\"name\":\"Comment\",\"target\":[\"https:\/\/lacartebuissonniere.fr\/index.php\/2025\/01\/28\/sous-le-signe-du-peuplier\/#respond\"]}]},{\"@type\":\"WebPage\",\"@id\":\"https:\/\/lacartebuissonniere.fr\/index.php\/2025\/01\/28\/sous-le-signe-du-peuplier\/\",\"url\":\"https:\/\/lacartebuissonniere.fr\/index.php\/2025\/01\/28\/sous-le-signe-du-peuplier\/\",\"name\":\"Sous le signe du peuplier - La carte buissonni\u00e8re\",\"isPartOf\":{\"@id\":\"https:\/\/lacartebuissonniere.fr\/#website\"},\"primaryImageOfPage\":{\"@id\":\"https:\/\/lacartebuissonniere.fr\/index.php\/2025\/01\/28\/sous-le-signe-du-peuplier\/#primaryimage\"},\"image\":{\"@id\":\"https:\/\/lacartebuissonniere.fr\/index.php\/2025\/01\/28\/sous-le-signe-du-peuplier\/#primaryimage\"},\"thumbnailUrl\":\"https:\/\/lacartebuissonniere.fr\/wp-content\/uploads\/2024\/12\/9F393050-1248-4BE7-8837-87A41E5E7AD9_1_201_a.jpeg\",\"datePublished\":\"2025-01-28T08:00:00+00:00\",\"breadcrumb\":{\"@id\":\"https:\/\/lacartebuissonniere.fr\/index.php\/2025\/01\/28\/sous-le-signe-du-peuplier\/#breadcrumb\"},\"inLanguage\":\"fr-FR\",\"potentialAction\":[{\"@type\":\"ReadAction\",\"target\":[\"https:\/\/lacartebuissonniere.fr\/index.php\/2025\/01\/28\/sous-le-signe-du-peuplier\/\"]}]},{\"@type\":\"ImageObject\",\"inLanguage\":\"fr-FR\",\"@id\":\"https:\/\/lacartebuissonniere.fr\/index.php\/2025\/01\/28\/sous-le-signe-du-peuplier\/#primaryimage\",\"url\":\"https:\/\/lacartebuissonniere.fr\/wp-content\/uploads\/2024\/12\/9F393050-1248-4BE7-8837-87A41E5E7AD9_1_201_a.jpeg\",\"contentUrl\":\"https:\/\/lacartebuissonniere.fr\/wp-content\/uploads\/2024\/12\/9F393050-1248-4BE7-8837-87A41E5E7AD9_1_201_a.jpeg\",\"width\":855,\"height\":570},{\"@type\":\"BreadcrumbList\",\"@id\":\"https:\/\/lacartebuissonniere.fr\/index.php\/2025\/01\/28\/sous-le-signe-du-peuplier\/#breadcrumb\",\"itemListElement\":[{\"@type\":\"ListItem\",\"position\":1,\"name\":\"Accueil\",\"item\":\"https:\/\/lacartebuissonniere.fr\/\"},{\"@type\":\"ListItem\",\"position\":2,\"name\":\"Sous le signe du peuplier\"}]},{\"@type\":\"WebSite\",\"@id\":\"https:\/\/lacartebuissonniere.fr\/#website\",\"url\":\"https:\/\/lacartebuissonniere.fr\/\",\"name\":\"La carte buissonni\u00e8re\",\"description\":\"\",\"publisher\":{\"@id\":\"https:\/\/lacartebuissonniere.fr\/#organization\"},\"potentialAction\":[{\"@type\":\"SearchAction\",\"target\":{\"@type\":\"EntryPoint\",\"urlTemplate\":\"https:\/\/lacartebuissonniere.fr\/?s={search_term_string}\"},\"query-input\":{\"@type\":\"PropertyValueSpecification\",\"valueRequired\":true,\"valueName\":\"search_term_string\"}}],\"inLanguage\":\"fr-FR\"},{\"@type\":\"Organization\",\"@id\":\"https:\/\/lacartebuissonniere.fr\/#organization\",\"name\":\"La carte buissonni\u00e8re\",\"url\":\"https:\/\/lacartebuissonniere.fr\/\",\"logo\":{\"@type\":\"ImageObject\",\"inLanguage\":\"fr-FR\",\"@id\":\"https:\/\/lacartebuissonniere.fr\/#\/schema\/logo\/image\/\",\"url\":\"https:\/\/lacartebuissonniere.fr\/wp-content\/uploads\/2022\/12\/Illustration-sans-titre.jpg\",\"contentUrl\":\"https:\/\/lacartebuissonniere.fr\/wp-content\/uploads\/2022\/12\/Illustration-sans-titre.jpg\",\"width\":637,\"height\":680,\"caption\":\"La carte buissonni\u00e8re\"},\"image\":{\"@id\":\"https:\/\/lacartebuissonniere.fr\/#\/schema\/logo\/image\/\"},\"sameAs\":[\"https:\/\/www.facebook.com\/lacartebuissonniere\/\",\"https:\/\/www.pinterest.fr\/DelphChabanne\/\"]},{\"@type\":\"Person\",\"@id\":\"https:\/\/lacartebuissonniere.fr\/#\/schema\/person\/4e60af809837a2287e4f6d4daaf7abd4\",\"name\":\"Carte buissonni\u00e8re\",\"image\":{\"@type\":\"ImageObject\",\"inLanguage\":\"fr-FR\",\"@id\":\"https:\/\/lacartebuissonniere.fr\/#\/schema\/person\/image\/\",\"url\":\"https:\/\/secure.gravatar.com\/avatar\/b543b5e0f093efbab3dfee8595bf9077ed504ab48ffeb378c9dc263381c278e6?s=96&d=mm&r=g\",\"contentUrl\":\"https:\/\/secure.gravatar.com\/avatar\/b543b5e0f093efbab3dfee8595bf9077ed504ab48ffeb378c9dc263381c278e6?s=96&d=mm&r=g\",\"caption\":\"Carte buissonni\u00e8re\"},\"sameAs\":[\"http:\/\/lacartebuissonniere.fr\"],\"url\":\"https:\/\/lacartebuissonniere.fr\/index.php\/author\/carteb\/\"}]}<\/script>\n<!-- \/ Yoast SEO plugin. -->","yoast_head_json":{"title":"Sous le signe du peuplier - La carte buissonni\u00e8re","robots":{"index":"index","follow":"follow","max-snippet":"max-snippet:-1","max-image-preview":"max-image-preview:large","max-video-preview":"max-video-preview:-1"},"canonical":"https:\/\/lacartebuissonniere.fr\/index.php\/2025\/01\/28\/sous-le-signe-du-peuplier\/","og_locale":"fr_FR","og_type":"article","og_title":"Sous le signe du peuplier - La carte buissonni\u00e8re","og_description":"Dans le calendrier r\u00e9publicain fran\u00e7ais, le 9e jour du mois de pluvi\u00f4se, souvent notre 28 janvier, \u00e9tait d\u00e9nomm\u00e9 jour du peuplier. Cultiv\u00e9 pour son bois blanc et l\u00e9ger, cet arbre de haute taille est souvent plant\u00e9 en rangs serr\u00e9s&nbsp;: Il fait partie des motifs d\u00e9clin\u00e9s par Claude Monet. En effet, au cours des ann\u00e9es 1890, [&hellip;]","og_url":"https:\/\/lacartebuissonniere.fr\/index.php\/2025\/01\/28\/sous-le-signe-du-peuplier\/","og_site_name":"La carte buissonni\u00e8re","article_publisher":"https:\/\/www.facebook.com\/lacartebuissonniere\/","article_published_time":"2025-01-28T08:00:00+00:00","og_image":[{"url":"https:\/\/lacartebuissonniere.fr\/wp-content\/uploads\/2024\/12\/9F393050-1248-4BE7-8837-87A41E5E7AD9_1_201_a.jpeg","type":"","width":"","height":""}],"author":"Carte buissonni\u00e8re","twitter_card":"summary_large_image","twitter_misc":{"\u00c9crit par":"Carte buissonni\u00e8re","Dur\u00e9e de lecture estim\u00e9e":"4 minutes"},"schema":{"@context":"https:\/\/schema.org","@graph":[{"@type":"Article","@id":"https:\/\/lacartebuissonniere.fr\/index.php\/2025\/01\/28\/sous-le-signe-du-peuplier\/#article","isPartOf":{"@id":"https:\/\/lacartebuissonniere.fr\/index.php\/2025\/01\/28\/sous-le-signe-du-peuplier\/"},"author":{"name":"Carte buissonni\u00e8re","@id":"https:\/\/lacartebuissonniere.fr\/#\/schema\/person\/4e60af809837a2287e4f6d4daaf7abd4"},"headline":"Sous le signe du peuplier","datePublished":"2025-01-28T08:00:00+00:00","mainEntityOfPage":{"@id":"https:\/\/lacartebuissonniere.fr\/index.php\/2025\/01\/28\/sous-le-signe-du-peuplier\/"},"wordCount":372,"commentCount":0,"publisher":{"@id":"https:\/\/lacartebuissonniere.fr\/#organization"},"image":{"@id":"https:\/\/lacartebuissonniere.fr\/index.php\/2025\/01\/28\/sous-le-signe-du-peuplier\/#primaryimage"},"thumbnailUrl":"https:\/\/lacartebuissonniere.fr\/wp-content\/uploads\/2024\/12\/9F393050-1248-4BE7-8837-87A41E5E7AD9_1_201_a.jpeg","articleSection":["FL\u00c2NERIES","Fl\u00e2neries culturelles"],"inLanguage":"fr-FR","potentialAction":[{"@type":"CommentAction","name":"Comment","target":["https:\/\/lacartebuissonniere.fr\/index.php\/2025\/01\/28\/sous-le-signe-du-peuplier\/#respond"]}]},{"@type":"WebPage","@id":"https:\/\/lacartebuissonniere.fr\/index.php\/2025\/01\/28\/sous-le-signe-du-peuplier\/","url":"https:\/\/lacartebuissonniere.fr\/index.php\/2025\/01\/28\/sous-le-signe-du-peuplier\/","name":"Sous le signe du peuplier - La carte buissonni\u00e8re","isPartOf":{"@id":"https:\/\/lacartebuissonniere.fr\/#website"},"primaryImageOfPage":{"@id":"https:\/\/lacartebuissonniere.fr\/index.php\/2025\/01\/28\/sous-le-signe-du-peuplier\/#primaryimage"},"image":{"@id":"https:\/\/lacartebuissonniere.fr\/index.php\/2025\/01\/28\/sous-le-signe-du-peuplier\/#primaryimage"},"thumbnailUrl":"https:\/\/lacartebuissonniere.fr\/wp-content\/uploads\/2024\/12\/9F393050-1248-4BE7-8837-87A41E5E7AD9_1_201_a.jpeg","datePublished":"2025-01-28T08:00:00+00:00","breadcrumb":{"@id":"https:\/\/lacartebuissonniere.fr\/index.php\/2025\/01\/28\/sous-le-signe-du-peuplier\/#breadcrumb"},"inLanguage":"fr-FR","potentialAction":[{"@type":"ReadAction","target":["https:\/\/lacartebuissonniere.fr\/index.php\/2025\/01\/28\/sous-le-signe-du-peuplier\/"]}]},{"@type":"ImageObject","inLanguage":"fr-FR","@id":"https:\/\/lacartebuissonniere.fr\/index.php\/2025\/01\/28\/sous-le-signe-du-peuplier\/#primaryimage","url":"https:\/\/lacartebuissonniere.fr\/wp-content\/uploads\/2024\/12\/9F393050-1248-4BE7-8837-87A41E5E7AD9_1_201_a.jpeg","contentUrl":"https:\/\/lacartebuissonniere.fr\/wp-content\/uploads\/2024\/12\/9F393050-1248-4BE7-8837-87A41E5E7AD9_1_201_a.jpeg","width":855,"height":570},{"@type":"BreadcrumbList","@id":"https:\/\/lacartebuissonniere.fr\/index.php\/2025\/01\/28\/sous-le-signe-du-peuplier\/#breadcrumb","itemListElement":[{"@type":"ListItem","position":1,"name":"Accueil","item":"https:\/\/lacartebuissonniere.fr\/"},{"@type":"ListItem","position":2,"name":"Sous le signe du peuplier"}]},{"@type":"WebSite","@id":"https:\/\/lacartebuissonniere.fr\/#website","url":"https:\/\/lacartebuissonniere.fr\/","name":"La carte buissonni\u00e8re","description":"","publisher":{"@id":"https:\/\/lacartebuissonniere.fr\/#organization"},"potentialAction":[{"@type":"SearchAction","target":{"@type":"EntryPoint","urlTemplate":"https:\/\/lacartebuissonniere.fr\/?s={search_term_string}"},"query-input":{"@type":"PropertyValueSpecification","valueRequired":true,"valueName":"search_term_string"}}],"inLanguage":"fr-FR"},{"@type":"Organization","@id":"https:\/\/lacartebuissonniere.fr\/#organization","name":"La carte buissonni\u00e8re","url":"https:\/\/lacartebuissonniere.fr\/","logo":{"@type":"ImageObject","inLanguage":"fr-FR","@id":"https:\/\/lacartebuissonniere.fr\/#\/schema\/logo\/image\/","url":"https:\/\/lacartebuissonniere.fr\/wp-content\/uploads\/2022\/12\/Illustration-sans-titre.jpg","contentUrl":"https:\/\/lacartebuissonniere.fr\/wp-content\/uploads\/2022\/12\/Illustration-sans-titre.jpg","width":637,"height":680,"caption":"La carte buissonni\u00e8re"},"image":{"@id":"https:\/\/lacartebuissonniere.fr\/#\/schema\/logo\/image\/"},"sameAs":["https:\/\/www.facebook.com\/lacartebuissonniere\/","https:\/\/www.pinterest.fr\/DelphChabanne\/"]},{"@type":"Person","@id":"https:\/\/lacartebuissonniere.fr\/#\/schema\/person\/4e60af809837a2287e4f6d4daaf7abd4","name":"Carte buissonni\u00e8re","image":{"@type":"ImageObject","inLanguage":"fr-FR","@id":"https:\/\/lacartebuissonniere.fr\/#\/schema\/person\/image\/","url":"https:\/\/secure.gravatar.com\/avatar\/b543b5e0f093efbab3dfee8595bf9077ed504ab48ffeb378c9dc263381c278e6?s=96&d=mm&r=g","contentUrl":"https:\/\/secure.gravatar.com\/avatar\/b543b5e0f093efbab3dfee8595bf9077ed504ab48ffeb378c9dc263381c278e6?s=96&d=mm&r=g","caption":"Carte buissonni\u00e8re"},"sameAs":["http:\/\/lacartebuissonniere.fr"],"url":"https:\/\/lacartebuissonniere.fr\/index.php\/author\/carteb\/"}]}},"_links":{"self":[{"href":"https:\/\/lacartebuissonniere.fr\/index.php\/wp-json\/wp\/v2\/posts\/7081","targetHints":{"allow":["GET"]}}],"collection":[{"href":"https:\/\/lacartebuissonniere.fr\/index.php\/wp-json\/wp\/v2\/posts"}],"about":[{"href":"https:\/\/lacartebuissonniere.fr\/index.php\/wp-json\/wp\/v2\/types\/post"}],"author":[{"embeddable":true,"href":"https:\/\/lacartebuissonniere.fr\/index.php\/wp-json\/wp\/v2\/users\/2"}],"replies":[{"embeddable":true,"href":"https:\/\/lacartebuissonniere.fr\/index.php\/wp-json\/wp\/v2\/comments?post=7081"}],"version-history":[{"count":1,"href":"https:\/\/lacartebuissonniere.fr\/index.php\/wp-json\/wp\/v2\/posts\/7081\/revisions"}],"predecessor-version":[{"id":7094,"href":"https:\/\/lacartebuissonniere.fr\/index.php\/wp-json\/wp\/v2\/posts\/7081\/revisions\/7094"}],"wp:attachment":[{"href":"https:\/\/lacartebuissonniere.fr\/index.php\/wp-json\/wp\/v2\/media?parent=7081"}],"wp:term":[{"taxonomy":"category","embeddable":true,"href":"https:\/\/lacartebuissonniere.fr\/index.php\/wp-json\/wp\/v2\/categories?post=7081"},{"taxonomy":"post_tag","embeddable":true,"href":"https:\/\/lacartebuissonniere.fr\/index.php\/wp-json\/wp\/v2\/tags?post=7081"}],"curies":[{"name":"wp","href":"https:\/\/api.w.org\/{rel}","templated":true}]}}