{"id":7468,"date":"2025-04-09T09:00:00","date_gmt":"2025-04-09T07:00:00","guid":{"rendered":"https:\/\/lacartebuissonniere.fr\/?p=7468"},"modified":"2025-06-21T20:14:32","modified_gmt":"2025-06-21T18:14:32","slug":"les-licornes-de-jean-hugo","status":"publish","type":"post","link":"https:\/\/lacartebuissonniere.fr\/index.php\/2025\/04\/09\/les-licornes-de-jean-hugo\/","title":{"rendered":"Les licornes de Jean Hugo"},"content":{"rendered":"\n<p><\/p>\n\n\n\n<p>L\u2019arri\u00e8re-petit-fils de Victor Hugo n\u2019a pas connu l\u2019illustre po\u00e8te, mort avant sa naissance, mais a grandi entour\u00e9 d\u2019artistes et d\u2019intellectuels. Sa grand-m\u00e8re maternelle, Aline M\u00e9nard-Dorian, tenait un salon tr\u00e8s r\u00e9put\u00e9 o\u00f9 se c\u00f4toyaient Renoir, Manet, Zola, Anatole France, Clemenceau\u2026<\/p>\n\n\n\n<p>C\u2019est Jean Cocteau qui rep\u00e8re ses dessins et le lance comme d\u00e9corateur de th\u00e9\u00e2tre.<\/p>\n\n\n\n<p>Sa peinture appartient au r\u00e9alisme magique. Il r\u00e9enchante la nature en y pla\u00e7ant des cr\u00e9atures hybrides comme les centaures et les licornes&nbsp;:<\/p>\n\n\n<div class=\"wp-block-image\">\n<figure class=\"aligncenter size-full\"><img loading=\"lazy\" decoding=\"async\" width=\"735\" height=\"958\" src=\"https:\/\/lacartebuissonniere.fr\/wp-content\/uploads\/2025\/02\/9D74037D-34AB-45C0-8DE9-09C541374AE5.jpeg\" alt=\"\" class=\"wp-image-7469\" srcset=\"https:\/\/lacartebuissonniere.fr\/wp-content\/uploads\/2025\/02\/9D74037D-34AB-45C0-8DE9-09C541374AE5.jpeg 735w, https:\/\/lacartebuissonniere.fr\/wp-content\/uploads\/2025\/02\/9D74037D-34AB-45C0-8DE9-09C541374AE5-230x300.jpeg 230w, https:\/\/lacartebuissonniere.fr\/wp-content\/uploads\/2025\/02\/9D74037D-34AB-45C0-8DE9-09C541374AE5-460x600.jpeg 460w\" sizes=\"auto, (max-width: 735px) 100vw, 735px\" \/><figcaption class=\"wp-element-caption\">\u00ab\u00a0Gardians et licorne\u00a0\u00bb<\/figcaption><\/figure>\n<\/div>\n\n\n<p><\/p>\n\n\n<div class=\"wp-block-image\">\n<figure class=\"aligncenter size-full\"><img loading=\"lazy\" decoding=\"async\" width=\"735\" height=\"749\" src=\"https:\/\/lacartebuissonniere.fr\/wp-content\/uploads\/2025\/02\/DAEA1F57-CC3D-42F9-B078-2409C46073FF.jpeg\" alt=\"\" class=\"wp-image-7470\" srcset=\"https:\/\/lacartebuissonniere.fr\/wp-content\/uploads\/2025\/02\/DAEA1F57-CC3D-42F9-B078-2409C46073FF.jpeg 735w, https:\/\/lacartebuissonniere.fr\/wp-content\/uploads\/2025\/02\/DAEA1F57-CC3D-42F9-B078-2409C46073FF-294x300.jpeg 294w, https:\/\/lacartebuissonniere.fr\/wp-content\/uploads\/2025\/02\/DAEA1F57-CC3D-42F9-B078-2409C46073FF-589x600.jpeg 589w\" sizes=\"auto, (max-width: 735px) 100vw, 735px\" \/><figcaption class=\"wp-element-caption\">\u00ab\u00a0Les porteuses de paysage\u00a0\u00bb<\/figcaption><\/figure>\n<\/div>\n\n\n<p><\/p>\n\n\n\n<p>\u00ab\u00a0Je m\u2019\u00e9tais compos\u00e9 un pays selon mon go\u00fbt, dans lequel je situais mes tableaux. Souvent, j\u2019en reconnaissais quelque paysage au cours de mes promenades, au bord d\u2019un \u00e9tang, au tournant d\u2019un chemin de la montagne ou de la garrigue. Au loin s\u2019\u00e9tendaient des for\u00eats de ch\u00eanes et de ch\u00e2taigniers v\u00e9n\u00e9rables, pleines de mousses, de lichens et de sources d\u2019eaux vives. Les licornes les hantaient, invisibles \u00e0 beaucoup. L\u2019hiver, elles grattaient leur corne au tronc des bouleaux\u00a0\u00bb. <br>Jean Hugo, <em>Le regard de la m\u00e9moire<\/em><\/p>\n\n\n\n<p>En cette <a href=\"https:\/\/lacartebuissonniere.fr\/index.php\/2024\/04\/09\/journee-mondiale-de-la-licorne\/\" target=\"_blank\" rel=\"noreferrer noopener\">Journ\u00e9e mondiale de la licorne<\/a>, r\u00eavons un peu\u00a0:<\/p>\n\n\n\n<figure class=\"wp-block-image size-full\"><img loading=\"lazy\" decoding=\"async\" width=\"1000\" height=\"707\" src=\"https:\/\/lacartebuissonniere.fr\/wp-content\/uploads\/2025\/02\/31B02B63-B728-43C3-BF01-4427769E518C_1_201_a.jpeg\" alt=\"\" class=\"wp-image-7471\" srcset=\"https:\/\/lacartebuissonniere.fr\/wp-content\/uploads\/2025\/02\/31B02B63-B728-43C3-BF01-4427769E518C_1_201_a.jpeg 1000w, https:\/\/lacartebuissonniere.fr\/wp-content\/uploads\/2025\/02\/31B02B63-B728-43C3-BF01-4427769E518C_1_201_a-300x212.jpeg 300w, https:\/\/lacartebuissonniere.fr\/wp-content\/uploads\/2025\/02\/31B02B63-B728-43C3-BF01-4427769E518C_1_201_a-768x543.jpeg 768w, https:\/\/lacartebuissonniere.fr\/wp-content\/uploads\/2025\/02\/31B02B63-B728-43C3-BF01-4427769E518C_1_201_a-600x424.jpeg 600w\" sizes=\"auto, (max-width: 1000px) 100vw, 1000px\" \/><figcaption class=\"wp-element-caption\">\u00ab\u00a0Le Vol (D\u00e9but de la fin du monde)\u00a0\u00bb<\/figcaption><\/figure>\n\n\n\n<p><\/p>\n\n\n<div class=\"wp-block-image\">\n<figure class=\"aligncenter size-large\"><img loading=\"lazy\" decoding=\"async\" width=\"1024\" height=\"676\" src=\"https:\/\/lacartebuissonniere.fr\/wp-content\/uploads\/2025\/02\/162E6380-152E-4199-AF90-2275B7402769_1_105_c-1024x676.jpeg\" alt=\"\" class=\"wp-image-7472\" srcset=\"https:\/\/lacartebuissonniere.fr\/wp-content\/uploads\/2025\/02\/162E6380-152E-4199-AF90-2275B7402769_1_105_c-1024x676.jpeg 1024w, https:\/\/lacartebuissonniere.fr\/wp-content\/uploads\/2025\/02\/162E6380-152E-4199-AF90-2275B7402769_1_105_c-300x198.jpeg 300w, https:\/\/lacartebuissonniere.fr\/wp-content\/uploads\/2025\/02\/162E6380-152E-4199-AF90-2275B7402769_1_105_c-768x507.jpeg 768w, https:\/\/lacartebuissonniere.fr\/wp-content\/uploads\/2025\/02\/162E6380-152E-4199-AF90-2275B7402769_1_105_c-600x396.jpeg 600w, https:\/\/lacartebuissonniere.fr\/wp-content\/uploads\/2025\/02\/162E6380-152E-4199-AF90-2275B7402769_1_105_c.jpeg 1090w\" sizes=\"auto, (max-width: 1024px) 100vw, 1024px\" \/><figcaption class=\"wp-element-caption\">\u00ab\u00a0Chasse \u00e0 la licorne\u00a0\u00bb<\/figcaption><\/figure>\n<\/div>\n\n\n<p><\/p>\n\n\n\n<p>Et faisons r\u00eaver nos proches par la magie d\u2019une carte\u00a0!<\/p>\n\n\n<div class=\"wp-block-image\">\n<figure class=\"aligncenter size-large\"><img loading=\"lazy\" decoding=\"async\" width=\"1024\" height=\"758\" src=\"https:\/\/lacartebuissonniere.fr\/wp-content\/uploads\/2025\/02\/93DA5FBD-97E2-46E1-80BF-66AA3F8A200F_1_105_c-1-1024x758.jpeg\" alt=\"\" class=\"wp-image-7474\" srcset=\"https:\/\/lacartebuissonniere.fr\/wp-content\/uploads\/2025\/02\/93DA5FBD-97E2-46E1-80BF-66AA3F8A200F_1_105_c-1-1024x758.jpeg 1024w, https:\/\/lacartebuissonniere.fr\/wp-content\/uploads\/2025\/02\/93DA5FBD-97E2-46E1-80BF-66AA3F8A200F_1_105_c-1-300x222.jpeg 300w, https:\/\/lacartebuissonniere.fr\/wp-content\/uploads\/2025\/02\/93DA5FBD-97E2-46E1-80BF-66AA3F8A200F_1_105_c-1-768x568.jpeg 768w, https:\/\/lacartebuissonniere.fr\/wp-content\/uploads\/2025\/02\/93DA5FBD-97E2-46E1-80BF-66AA3F8A200F_1_105_c-1-600x444.jpeg 600w, https:\/\/lacartebuissonniere.fr\/wp-content\/uploads\/2025\/02\/93DA5FBD-97E2-46E1-80BF-66AA3F8A200F_1_105_c-1.jpeg 1030w\" sizes=\"auto, (max-width: 1024px) 100vw, 1024px\" \/><\/figure>\n<\/div>\n\n\n<p><\/p>\n","protected":false},"excerpt":{"rendered":"<p>L\u2019arri\u00e8re-petit-fils de Victor Hugo n\u2019a pas connu l\u2019illustre po\u00e8te, mort avant sa naissance, mais a grandi entour\u00e9 d\u2019artistes et d\u2019intellectuels. Sa grand-m\u00e8re maternelle, Aline M\u00e9nard-Dorian, tenait un salon tr\u00e8s r\u00e9put\u00e9 o\u00f9 se c\u00f4toyaient Renoir, Manet, Zola, Anatole France, Clemenceau\u2026 C\u2019est Jean Cocteau qui rep\u00e8re ses dessins et le lance comme d\u00e9corateur de th\u00e9\u00e2tre. Sa peinture [&hellip;]<\/p>\n","protected":false},"author":2,"featured_media":0,"comment_status":"open","ping_status":"open","sticky":false,"template":"","format":"standard","meta":{"two_page_speed":[],"footnotes":""},"categories":[16,18],"tags":[],"class_list":["post-7468","post","type-post","status-publish","format-standard","hentry","category-flaneries","category-flaneries-culturelles","entry"],"yoast_head":"<!-- This site is optimized with the Yoast SEO plugin v25.4 - https:\/\/yoast.com\/wordpress\/plugins\/seo\/ -->\n<title>Les licornes de Jean Hugo - La carte buissonni\u00e8re<\/title>\n<meta name=\"robots\" content=\"index, follow, max-snippet:-1, max-image-preview:large, max-video-preview:-1\" \/>\n<link rel=\"canonical\" href=\"https:\/\/lacartebuissonniere.fr\/index.php\/2025\/04\/09\/les-licornes-de-jean-hugo\/\" \/>\n<meta property=\"og:locale\" content=\"fr_FR\" \/>\n<meta property=\"og:type\" content=\"article\" \/>\n<meta property=\"og:title\" content=\"Les licornes de Jean Hugo - La carte buissonni\u00e8re\" \/>\n<meta property=\"og:description\" content=\"L\u2019arri\u00e8re-petit-fils de Victor Hugo n\u2019a pas connu l\u2019illustre po\u00e8te, mort avant sa naissance, mais a grandi entour\u00e9 d\u2019artistes et d\u2019intellectuels. Sa grand-m\u00e8re maternelle, Aline M\u00e9nard-Dorian, tenait un salon tr\u00e8s r\u00e9put\u00e9 o\u00f9 se c\u00f4toyaient Renoir, Manet, Zola, Anatole France, Clemenceau\u2026 C\u2019est Jean Cocteau qui rep\u00e8re ses dessins et le lance comme d\u00e9corateur de th\u00e9\u00e2tre. Sa peinture [&hellip;]\" \/>\n<meta property=\"og:url\" content=\"https:\/\/lacartebuissonniere.fr\/index.php\/2025\/04\/09\/les-licornes-de-jean-hugo\/\" \/>\n<meta property=\"og:site_name\" content=\"La carte buissonni\u00e8re\" \/>\n<meta property=\"article:publisher\" content=\"https:\/\/www.facebook.com\/lacartebuissonniere\/\" \/>\n<meta property=\"article:published_time\" content=\"2025-04-09T07:00:00+00:00\" \/>\n<meta property=\"article:modified_time\" content=\"2025-06-21T18:14:32+00:00\" \/>\n<meta property=\"og:image\" content=\"https:\/\/lacartebuissonniere.fr\/wp-content\/uploads\/2025\/02\/9D74037D-34AB-45C0-8DE9-09C541374AE5.jpeg\" \/>\n<meta name=\"author\" content=\"Carte buissonni\u00e8re\" \/>\n<meta name=\"twitter:card\" content=\"summary_large_image\" \/>\n<meta name=\"twitter:label1\" content=\"\u00c9crit par\" \/>\n\t<meta name=\"twitter:data1\" content=\"Carte buissonni\u00e8re\" \/>\n\t<meta name=\"twitter:label2\" content=\"Dur\u00e9e de lecture estim\u00e9e\" \/>\n\t<meta name=\"twitter:data2\" content=\"3 minutes\" \/>\n<script type=\"application\/ld+json\" class=\"yoast-schema-graph\">{\"@context\":\"https:\/\/schema.org\",\"@graph\":[{\"@type\":\"Article\",\"@id\":\"https:\/\/lacartebuissonniere.fr\/index.php\/2025\/04\/09\/les-licornes-de-jean-hugo\/#article\",\"isPartOf\":{\"@id\":\"https:\/\/lacartebuissonniere.fr\/index.php\/2025\/04\/09\/les-licornes-de-jean-hugo\/\"},\"author\":{\"name\":\"Carte buissonni\u00e8re\",\"@id\":\"https:\/\/lacartebuissonniere.fr\/#\/schema\/person\/4e60af809837a2287e4f6d4daaf7abd4\"},\"headline\":\"Les licornes de Jean Hugo\",\"datePublished\":\"2025-04-09T07:00:00+00:00\",\"dateModified\":\"2025-06-21T18:14:32+00:00\",\"mainEntityOfPage\":{\"@id\":\"https:\/\/lacartebuissonniere.fr\/index.php\/2025\/04\/09\/les-licornes-de-jean-hugo\/\"},\"wordCount\":240,\"commentCount\":0,\"publisher\":{\"@id\":\"https:\/\/lacartebuissonniere.fr\/#organization\"},\"image\":{\"@id\":\"https:\/\/lacartebuissonniere.fr\/index.php\/2025\/04\/09\/les-licornes-de-jean-hugo\/#primaryimage\"},\"thumbnailUrl\":\"https:\/\/lacartebuissonniere.fr\/wp-content\/uploads\/2025\/02\/9D74037D-34AB-45C0-8DE9-09C541374AE5.jpeg\",\"articleSection\":[\"FL\u00c2NERIES\",\"Fl\u00e2neries culturelles\"],\"inLanguage\":\"fr-FR\",\"potentialAction\":[{\"@type\":\"CommentAction\",\"name\":\"Comment\",\"target\":[\"https:\/\/lacartebuissonniere.fr\/index.php\/2025\/04\/09\/les-licornes-de-jean-hugo\/#respond\"]}]},{\"@type\":\"WebPage\",\"@id\":\"https:\/\/lacartebuissonniere.fr\/index.php\/2025\/04\/09\/les-licornes-de-jean-hugo\/\",\"url\":\"https:\/\/lacartebuissonniere.fr\/index.php\/2025\/04\/09\/les-licornes-de-jean-hugo\/\",\"name\":\"Les licornes de Jean Hugo - La carte buissonni\u00e8re\",\"isPartOf\":{\"@id\":\"https:\/\/lacartebuissonniere.fr\/#website\"},\"primaryImageOfPage\":{\"@id\":\"https:\/\/lacartebuissonniere.fr\/index.php\/2025\/04\/09\/les-licornes-de-jean-hugo\/#primaryimage\"},\"image\":{\"@id\":\"https:\/\/lacartebuissonniere.fr\/index.php\/2025\/04\/09\/les-licornes-de-jean-hugo\/#primaryimage\"},\"thumbnailUrl\":\"https:\/\/lacartebuissonniere.fr\/wp-content\/uploads\/2025\/02\/9D74037D-34AB-45C0-8DE9-09C541374AE5.jpeg\",\"datePublished\":\"2025-04-09T07:00:00+00:00\",\"dateModified\":\"2025-06-21T18:14:32+00:00\",\"breadcrumb\":{\"@id\":\"https:\/\/lacartebuissonniere.fr\/index.php\/2025\/04\/09\/les-licornes-de-jean-hugo\/#breadcrumb\"},\"inLanguage\":\"fr-FR\",\"potentialAction\":[{\"@type\":\"ReadAction\",\"target\":[\"https:\/\/lacartebuissonniere.fr\/index.php\/2025\/04\/09\/les-licornes-de-jean-hugo\/\"]}]},{\"@type\":\"ImageObject\",\"inLanguage\":\"fr-FR\",\"@id\":\"https:\/\/lacartebuissonniere.fr\/index.php\/2025\/04\/09\/les-licornes-de-jean-hugo\/#primaryimage\",\"url\":\"https:\/\/lacartebuissonniere.fr\/wp-content\/uploads\/2025\/02\/9D74037D-34AB-45C0-8DE9-09C541374AE5.jpeg\",\"contentUrl\":\"https:\/\/lacartebuissonniere.fr\/wp-content\/uploads\/2025\/02\/9D74037D-34AB-45C0-8DE9-09C541374AE5.jpeg\",\"width\":735,\"height\":958},{\"@type\":\"BreadcrumbList\",\"@id\":\"https:\/\/lacartebuissonniere.fr\/index.php\/2025\/04\/09\/les-licornes-de-jean-hugo\/#breadcrumb\",\"itemListElement\":[{\"@type\":\"ListItem\",\"position\":1,\"name\":\"Accueil\",\"item\":\"https:\/\/lacartebuissonniere.fr\/\"},{\"@type\":\"ListItem\",\"position\":2,\"name\":\"Les licornes de Jean Hugo\"}]},{\"@type\":\"WebSite\",\"@id\":\"https:\/\/lacartebuissonniere.fr\/#website\",\"url\":\"https:\/\/lacartebuissonniere.fr\/\",\"name\":\"La carte buissonni\u00e8re\",\"description\":\"\",\"publisher\":{\"@id\":\"https:\/\/lacartebuissonniere.fr\/#organization\"},\"potentialAction\":[{\"@type\":\"SearchAction\",\"target\":{\"@type\":\"EntryPoint\",\"urlTemplate\":\"https:\/\/lacartebuissonniere.fr\/?s={search_term_string}\"},\"query-input\":{\"@type\":\"PropertyValueSpecification\",\"valueRequired\":true,\"valueName\":\"search_term_string\"}}],\"inLanguage\":\"fr-FR\"},{\"@type\":\"Organization\",\"@id\":\"https:\/\/lacartebuissonniere.fr\/#organization\",\"name\":\"La carte buissonni\u00e8re\",\"url\":\"https:\/\/lacartebuissonniere.fr\/\",\"logo\":{\"@type\":\"ImageObject\",\"inLanguage\":\"fr-FR\",\"@id\":\"https:\/\/lacartebuissonniere.fr\/#\/schema\/logo\/image\/\",\"url\":\"https:\/\/lacartebuissonniere.fr\/wp-content\/uploads\/2022\/12\/Illustration-sans-titre.jpg\",\"contentUrl\":\"https:\/\/lacartebuissonniere.fr\/wp-content\/uploads\/2022\/12\/Illustration-sans-titre.jpg\",\"width\":637,\"height\":680,\"caption\":\"La carte buissonni\u00e8re\"},\"image\":{\"@id\":\"https:\/\/lacartebuissonniere.fr\/#\/schema\/logo\/image\/\"},\"sameAs\":[\"https:\/\/www.facebook.com\/lacartebuissonniere\/\",\"https:\/\/www.pinterest.fr\/DelphChabanne\/\"]},{\"@type\":\"Person\",\"@id\":\"https:\/\/lacartebuissonniere.fr\/#\/schema\/person\/4e60af809837a2287e4f6d4daaf7abd4\",\"name\":\"Carte buissonni\u00e8re\",\"image\":{\"@type\":\"ImageObject\",\"inLanguage\":\"fr-FR\",\"@id\":\"https:\/\/lacartebuissonniere.fr\/#\/schema\/person\/image\/\",\"url\":\"https:\/\/secure.gravatar.com\/avatar\/b543b5e0f093efbab3dfee8595bf9077ed504ab48ffeb378c9dc263381c278e6?s=96&d=mm&r=g\",\"contentUrl\":\"https:\/\/secure.gravatar.com\/avatar\/b543b5e0f093efbab3dfee8595bf9077ed504ab48ffeb378c9dc263381c278e6?s=96&d=mm&r=g\",\"caption\":\"Carte buissonni\u00e8re\"},\"sameAs\":[\"http:\/\/lacartebuissonniere.fr\"],\"url\":\"https:\/\/lacartebuissonniere.fr\/index.php\/author\/carteb\/\"}]}<\/script>\n<!-- \/ Yoast SEO plugin. -->","yoast_head_json":{"title":"Les licornes de Jean Hugo - La carte buissonni\u00e8re","robots":{"index":"index","follow":"follow","max-snippet":"max-snippet:-1","max-image-preview":"max-image-preview:large","max-video-preview":"max-video-preview:-1"},"canonical":"https:\/\/lacartebuissonniere.fr\/index.php\/2025\/04\/09\/les-licornes-de-jean-hugo\/","og_locale":"fr_FR","og_type":"article","og_title":"Les licornes de Jean Hugo - La carte buissonni\u00e8re","og_description":"L\u2019arri\u00e8re-petit-fils de Victor Hugo n\u2019a pas connu l\u2019illustre po\u00e8te, mort avant sa naissance, mais a grandi entour\u00e9 d\u2019artistes et d\u2019intellectuels. Sa grand-m\u00e8re maternelle, Aline M\u00e9nard-Dorian, tenait un salon tr\u00e8s r\u00e9put\u00e9 o\u00f9 se c\u00f4toyaient Renoir, Manet, Zola, Anatole France, Clemenceau\u2026 C\u2019est Jean Cocteau qui rep\u00e8re ses dessins et le lance comme d\u00e9corateur de th\u00e9\u00e2tre. Sa peinture [&hellip;]","og_url":"https:\/\/lacartebuissonniere.fr\/index.php\/2025\/04\/09\/les-licornes-de-jean-hugo\/","og_site_name":"La carte buissonni\u00e8re","article_publisher":"https:\/\/www.facebook.com\/lacartebuissonniere\/","article_published_time":"2025-04-09T07:00:00+00:00","article_modified_time":"2025-06-21T18:14:32+00:00","og_image":[{"url":"https:\/\/lacartebuissonniere.fr\/wp-content\/uploads\/2025\/02\/9D74037D-34AB-45C0-8DE9-09C541374AE5.jpeg","type":"","width":"","height":""}],"author":"Carte buissonni\u00e8re","twitter_card":"summary_large_image","twitter_misc":{"\u00c9crit par":"Carte buissonni\u00e8re","Dur\u00e9e de lecture estim\u00e9e":"3 minutes"},"schema":{"@context":"https:\/\/schema.org","@graph":[{"@type":"Article","@id":"https:\/\/lacartebuissonniere.fr\/index.php\/2025\/04\/09\/les-licornes-de-jean-hugo\/#article","isPartOf":{"@id":"https:\/\/lacartebuissonniere.fr\/index.php\/2025\/04\/09\/les-licornes-de-jean-hugo\/"},"author":{"name":"Carte buissonni\u00e8re","@id":"https:\/\/lacartebuissonniere.fr\/#\/schema\/person\/4e60af809837a2287e4f6d4daaf7abd4"},"headline":"Les licornes de Jean Hugo","datePublished":"2025-04-09T07:00:00+00:00","dateModified":"2025-06-21T18:14:32+00:00","mainEntityOfPage":{"@id":"https:\/\/lacartebuissonniere.fr\/index.php\/2025\/04\/09\/les-licornes-de-jean-hugo\/"},"wordCount":240,"commentCount":0,"publisher":{"@id":"https:\/\/lacartebuissonniere.fr\/#organization"},"image":{"@id":"https:\/\/lacartebuissonniere.fr\/index.php\/2025\/04\/09\/les-licornes-de-jean-hugo\/#primaryimage"},"thumbnailUrl":"https:\/\/lacartebuissonniere.fr\/wp-content\/uploads\/2025\/02\/9D74037D-34AB-45C0-8DE9-09C541374AE5.jpeg","articleSection":["FL\u00c2NERIES","Fl\u00e2neries culturelles"],"inLanguage":"fr-FR","potentialAction":[{"@type":"CommentAction","name":"Comment","target":["https:\/\/lacartebuissonniere.fr\/index.php\/2025\/04\/09\/les-licornes-de-jean-hugo\/#respond"]}]},{"@type":"WebPage","@id":"https:\/\/lacartebuissonniere.fr\/index.php\/2025\/04\/09\/les-licornes-de-jean-hugo\/","url":"https:\/\/lacartebuissonniere.fr\/index.php\/2025\/04\/09\/les-licornes-de-jean-hugo\/","name":"Les licornes de Jean Hugo - La carte buissonni\u00e8re","isPartOf":{"@id":"https:\/\/lacartebuissonniere.fr\/#website"},"primaryImageOfPage":{"@id":"https:\/\/lacartebuissonniere.fr\/index.php\/2025\/04\/09\/les-licornes-de-jean-hugo\/#primaryimage"},"image":{"@id":"https:\/\/lacartebuissonniere.fr\/index.php\/2025\/04\/09\/les-licornes-de-jean-hugo\/#primaryimage"},"thumbnailUrl":"https:\/\/lacartebuissonniere.fr\/wp-content\/uploads\/2025\/02\/9D74037D-34AB-45C0-8DE9-09C541374AE5.jpeg","datePublished":"2025-04-09T07:00:00+00:00","dateModified":"2025-06-21T18:14:32+00:00","breadcrumb":{"@id":"https:\/\/lacartebuissonniere.fr\/index.php\/2025\/04\/09\/les-licornes-de-jean-hugo\/#breadcrumb"},"inLanguage":"fr-FR","potentialAction":[{"@type":"ReadAction","target":["https:\/\/lacartebuissonniere.fr\/index.php\/2025\/04\/09\/les-licornes-de-jean-hugo\/"]}]},{"@type":"ImageObject","inLanguage":"fr-FR","@id":"https:\/\/lacartebuissonniere.fr\/index.php\/2025\/04\/09\/les-licornes-de-jean-hugo\/#primaryimage","url":"https:\/\/lacartebuissonniere.fr\/wp-content\/uploads\/2025\/02\/9D74037D-34AB-45C0-8DE9-09C541374AE5.jpeg","contentUrl":"https:\/\/lacartebuissonniere.fr\/wp-content\/uploads\/2025\/02\/9D74037D-34AB-45C0-8DE9-09C541374AE5.jpeg","width":735,"height":958},{"@type":"BreadcrumbList","@id":"https:\/\/lacartebuissonniere.fr\/index.php\/2025\/04\/09\/les-licornes-de-jean-hugo\/#breadcrumb","itemListElement":[{"@type":"ListItem","position":1,"name":"Accueil","item":"https:\/\/lacartebuissonniere.fr\/"},{"@type":"ListItem","position":2,"name":"Les licornes de Jean Hugo"}]},{"@type":"WebSite","@id":"https:\/\/lacartebuissonniere.fr\/#website","url":"https:\/\/lacartebuissonniere.fr\/","name":"La carte buissonni\u00e8re","description":"","publisher":{"@id":"https:\/\/lacartebuissonniere.fr\/#organization"},"potentialAction":[{"@type":"SearchAction","target":{"@type":"EntryPoint","urlTemplate":"https:\/\/lacartebuissonniere.fr\/?s={search_term_string}"},"query-input":{"@type":"PropertyValueSpecification","valueRequired":true,"valueName":"search_term_string"}}],"inLanguage":"fr-FR"},{"@type":"Organization","@id":"https:\/\/lacartebuissonniere.fr\/#organization","name":"La carte buissonni\u00e8re","url":"https:\/\/lacartebuissonniere.fr\/","logo":{"@type":"ImageObject","inLanguage":"fr-FR","@id":"https:\/\/lacartebuissonniere.fr\/#\/schema\/logo\/image\/","url":"https:\/\/lacartebuissonniere.fr\/wp-content\/uploads\/2022\/12\/Illustration-sans-titre.jpg","contentUrl":"https:\/\/lacartebuissonniere.fr\/wp-content\/uploads\/2022\/12\/Illustration-sans-titre.jpg","width":637,"height":680,"caption":"La carte buissonni\u00e8re"},"image":{"@id":"https:\/\/lacartebuissonniere.fr\/#\/schema\/logo\/image\/"},"sameAs":["https:\/\/www.facebook.com\/lacartebuissonniere\/","https:\/\/www.pinterest.fr\/DelphChabanne\/"]},{"@type":"Person","@id":"https:\/\/lacartebuissonniere.fr\/#\/schema\/person\/4e60af809837a2287e4f6d4daaf7abd4","name":"Carte buissonni\u00e8re","image":{"@type":"ImageObject","inLanguage":"fr-FR","@id":"https:\/\/lacartebuissonniere.fr\/#\/schema\/person\/image\/","url":"https:\/\/secure.gravatar.com\/avatar\/b543b5e0f093efbab3dfee8595bf9077ed504ab48ffeb378c9dc263381c278e6?s=96&d=mm&r=g","contentUrl":"https:\/\/secure.gravatar.com\/avatar\/b543b5e0f093efbab3dfee8595bf9077ed504ab48ffeb378c9dc263381c278e6?s=96&d=mm&r=g","caption":"Carte buissonni\u00e8re"},"sameAs":["http:\/\/lacartebuissonniere.fr"],"url":"https:\/\/lacartebuissonniere.fr\/index.php\/author\/carteb\/"}]}},"_links":{"self":[{"href":"https:\/\/lacartebuissonniere.fr\/index.php\/wp-json\/wp\/v2\/posts\/7468","targetHints":{"allow":["GET"]}}],"collection":[{"href":"https:\/\/lacartebuissonniere.fr\/index.php\/wp-json\/wp\/v2\/posts"}],"about":[{"href":"https:\/\/lacartebuissonniere.fr\/index.php\/wp-json\/wp\/v2\/types\/post"}],"author":[{"embeddable":true,"href":"https:\/\/lacartebuissonniere.fr\/index.php\/wp-json\/wp\/v2\/users\/2"}],"replies":[{"embeddable":true,"href":"https:\/\/lacartebuissonniere.fr\/index.php\/wp-json\/wp\/v2\/comments?post=7468"}],"version-history":[{"count":1,"href":"https:\/\/lacartebuissonniere.fr\/index.php\/wp-json\/wp\/v2\/posts\/7468\/revisions"}],"predecessor-version":[{"id":7475,"href":"https:\/\/lacartebuissonniere.fr\/index.php\/wp-json\/wp\/v2\/posts\/7468\/revisions\/7475"}],"wp:attachment":[{"href":"https:\/\/lacartebuissonniere.fr\/index.php\/wp-json\/wp\/v2\/media?parent=7468"}],"wp:term":[{"taxonomy":"category","embeddable":true,"href":"https:\/\/lacartebuissonniere.fr\/index.php\/wp-json\/wp\/v2\/categories?post=7468"},{"taxonomy":"post_tag","embeddable":true,"href":"https:\/\/lacartebuissonniere.fr\/index.php\/wp-json\/wp\/v2\/tags?post=7468"}],"curies":[{"name":"wp","href":"https:\/\/api.w.org\/{rel}","templated":true}]}}