{"id":7590,"date":"2025-05-01T09:00:00","date_gmt":"2025-05-01T07:00:00","guid":{"rendered":"https:\/\/lacartebuissonniere.fr\/?p=7590"},"modified":"2025-03-29T10:05:35","modified_gmt":"2025-03-29T09:05:35","slug":"du-muguet-haute-couture","status":"publish","type":"post","link":"https:\/\/lacartebuissonniere.fr\/index.php\/2025\/05\/01\/du-muguet-haute-couture\/","title":{"rendered":"Du muguet haute couture"},"content":{"rendered":"\n<p><\/p>\n\n\n\n<p>Premier mai, <a href=\"https:\/\/lacartebuissonniere.fr\/index.php\/2023\/05\/01\/muguet-de-mai\/\" target=\"_blank\" rel=\"noreferrer noopener\">jour du muguet<\/a>\u00a0!<\/p>\n\n\n\n<p>Christian Dior en offrait ce jour \u00e0 ses clients et \u00e0 tout le personnel de sa maison de couture.<\/p>\n\n\n\n<p>Le muguet lui \u00e9tait particuli\u00e8rement cher, lui qui en portait souvent sur sa veste et en cousait un brin dans l\u2019ourlet de ses cr\u00e9ations. Il l\u2019avait \u00e9rig\u00e9 non seulement en porte-bonheur, mais en source d\u2019inspiration esth\u00e9tique.<\/p>\n\n\n\n<p>Qu\u2019on en juge par ce foulard en soie imprim\u00e9 de brins de muguet de 1950 et cette robe en satin brod\u00e9e de strass et fil vert cr\u00e9\u00e9e en 1956 pour Fran\u00e7oise Arnoul&nbsp;dans le film <em>Paris Palace H\u00f4tel<\/em> d&rsquo;Henri Verneuil :<\/p>\n\n\n<div class=\"wp-block-image\">\n<figure class=\"aligncenter size-full\"><img loading=\"lazy\" decoding=\"async\" width=\"768\" height=\"1024\" src=\"https:\/\/lacartebuissonniere.fr\/wp-content\/uploads\/2025\/03\/3D367D59-A4D1-4CF5-8DEE-3C448DC95BC8_1_105_c-1.jpeg\" alt=\"\" class=\"wp-image-7592\" srcset=\"https:\/\/lacartebuissonniere.fr\/wp-content\/uploads\/2025\/03\/3D367D59-A4D1-4CF5-8DEE-3C448DC95BC8_1_105_c-1.jpeg 768w, https:\/\/lacartebuissonniere.fr\/wp-content\/uploads\/2025\/03\/3D367D59-A4D1-4CF5-8DEE-3C448DC95BC8_1_105_c-1-225x300.jpeg 225w, https:\/\/lacartebuissonniere.fr\/wp-content\/uploads\/2025\/03\/3D367D59-A4D1-4CF5-8DEE-3C448DC95BC8_1_105_c-1-450x600.jpeg 450w\" sizes=\"auto, (max-width: 768px) 100vw, 768px\" \/><\/figure>\n<\/div>\n\n\n<p><\/p>\n\n\n\n<p>En 1954, il intitule sa ligne printemps-\u00e9t\u00e9 \u00ab\u00a0Muguet\u00a0\u00bb. Un <a href=\"https:\/\/www.ina.fr\/ina-eclaire-actu\/la-mode-christian-dior-filmee-en-couleur-en-1954\" target=\"_blank\" rel=\"noreferrer noopener\">reportage des Actualit\u00e9s Fran\u00e7aises<\/a> la qualifie de \u00ab\u00a0jeune, souple et simple\u00a0\u00bb.<\/p>\n\n\n\n<p>Mais le mod\u00e8le le plus embl\u00e9matique demeurera sans doute la robe Muguet de la collection printemps-\u00e9t\u00e9 1957 et ses volants brod\u00e9s\u00a0:<\/p>\n\n\n\n<figure class=\"wp-block-gallery has-nested-images columns-default is-cropped wp-block-gallery-1 is-layout-flex wp-block-gallery-is-layout-flex\">\n<figure class=\"wp-block-image size-large\"><img loading=\"lazy\" decoding=\"async\" width=\"819\" height=\"1024\" data-id=\"7594\" src=\"https:\/\/lacartebuissonniere.fr\/wp-content\/uploads\/2025\/03\/73FD7011-F345-4510-B525-251871AB8071-819x1024.jpeg\" alt=\"\" class=\"wp-image-7594\" srcset=\"https:\/\/lacartebuissonniere.fr\/wp-content\/uploads\/2025\/03\/73FD7011-F345-4510-B525-251871AB8071-819x1024.jpeg 819w, https:\/\/lacartebuissonniere.fr\/wp-content\/uploads\/2025\/03\/73FD7011-F345-4510-B525-251871AB8071-240x300.jpeg 240w, https:\/\/lacartebuissonniere.fr\/wp-content\/uploads\/2025\/03\/73FD7011-F345-4510-B525-251871AB8071-768x960.jpeg 768w, https:\/\/lacartebuissonniere.fr\/wp-content\/uploads\/2025\/03\/73FD7011-F345-4510-B525-251871AB8071-1229x1536.jpeg 1229w, https:\/\/lacartebuissonniere.fr\/wp-content\/uploads\/2025\/03\/73FD7011-F345-4510-B525-251871AB8071-480x600.jpeg 480w, https:\/\/lacartebuissonniere.fr\/wp-content\/uploads\/2025\/03\/73FD7011-F345-4510-B525-251871AB8071.jpeg 1440w\" sizes=\"auto, (max-width: 819px) 100vw, 819px\" \/><\/figure>\n\n\n\n<figure class=\"wp-block-image size-large\"><img loading=\"lazy\" decoding=\"async\" width=\"794\" height=\"990\" data-id=\"7593\" src=\"https:\/\/lacartebuissonniere.fr\/wp-content\/uploads\/2025\/03\/D75EB104-0EF8-4432-ADA2-27F4FF7F3AC6_1_105_c.jpeg\" alt=\"\" class=\"wp-image-7593\" srcset=\"https:\/\/lacartebuissonniere.fr\/wp-content\/uploads\/2025\/03\/D75EB104-0EF8-4432-ADA2-27F4FF7F3AC6_1_105_c.jpeg 794w, https:\/\/lacartebuissonniere.fr\/wp-content\/uploads\/2025\/03\/D75EB104-0EF8-4432-ADA2-27F4FF7F3AC6_1_105_c-241x300.jpeg 241w, https:\/\/lacartebuissonniere.fr\/wp-content\/uploads\/2025\/03\/D75EB104-0EF8-4432-ADA2-27F4FF7F3AC6_1_105_c-768x958.jpeg 768w, https:\/\/lacartebuissonniere.fr\/wp-content\/uploads\/2025\/03\/D75EB104-0EF8-4432-ADA2-27F4FF7F3AC6_1_105_c-481x600.jpeg 481w\" sizes=\"auto, (max-width: 794px) 100vw, 794px\" \/><\/figure>\n<figcaption class=\"blocks-gallery-caption wp-element-caption\">Exposition Christian Dior, couturier du r\u00eave, @madparis<\/figcaption><\/figure>\n\n\n\n<p><\/p>\n\n\n\n<p>Utilis\u00e9 dans la composition des parfums Dior, le muguet se fait rare dans les jus. En effet, il s\u2019agit d\u2019une fleur \u00ab\u00a0muette\u00a0\u00bb, dont le parfum volatile r\u00e9siste \u00e0 toute tentative d\u2019extraction. Il sera n\u00e9anmoins la note essentielle de <em>Diorissimo<\/em>, lanc\u00e9 en 1956, recompos\u00e9 gr\u00e2ce \u00e0 un m\u00e9lange subtil d\u2019autres fragrances.<\/p>\n\n\n<div class=\"wp-block-image\">\n<figure class=\"aligncenter size-large\"><img loading=\"lazy\" decoding=\"async\" width=\"820\" height=\"1024\" src=\"https:\/\/lacartebuissonniere.fr\/wp-content\/uploads\/2025\/03\/9102B1E4-5059-4CB7-BCAC-53FFE254908B-820x1024.jpeg\" alt=\"\" class=\"wp-image-7595\" srcset=\"https:\/\/lacartebuissonniere.fr\/wp-content\/uploads\/2025\/03\/9102B1E4-5059-4CB7-BCAC-53FFE254908B-820x1024.jpeg 820w, https:\/\/lacartebuissonniere.fr\/wp-content\/uploads\/2025\/03\/9102B1E4-5059-4CB7-BCAC-53FFE254908B-240x300.jpeg 240w, https:\/\/lacartebuissonniere.fr\/wp-content\/uploads\/2025\/03\/9102B1E4-5059-4CB7-BCAC-53FFE254908B-768x959.jpeg 768w, https:\/\/lacartebuissonniere.fr\/wp-content\/uploads\/2025\/03\/9102B1E4-5059-4CB7-BCAC-53FFE254908B-1230x1536.jpeg 1230w, https:\/\/lacartebuissonniere.fr\/wp-content\/uploads\/2025\/03\/9102B1E4-5059-4CB7-BCAC-53FFE254908B-480x600.jpeg 480w, https:\/\/lacartebuissonniere.fr\/wp-content\/uploads\/2025\/03\/9102B1E4-5059-4CB7-BCAC-53FFE254908B.jpeg 1280w\" sizes=\"auto, (max-width: 820px) 100vw, 820px\" \/><\/figure>\n<\/div>\n\n\n<p><\/p>\n\n\n\n<h2 class=\"wp-block-heading\">Le muguet en h\u00e9ritage<\/h2>\n\n\n\n<p>Yves Saint Laurent a fait ses premiers pas de couturier dans les ateliers de Christian Dior et y a puis\u00e9 sa fascination pour les motifs floraux.<\/p>\n\n\n\n<p>En 1958, lorsqu\u2019il pr\u00e9sente <em>Trap\u00e8ze<\/em>, sa premi\u00e8re collection, il rend hommage \u00e0 son mentor en ornant la garniture de ses chapeaux de brins de muguet&nbsp;:<\/p>\n\n\n<div class=\"wp-block-image\">\n<figure class=\"aligncenter size-large\"><img loading=\"lazy\" decoding=\"async\" width=\"1024\" height=\"733\" src=\"https:\/\/lacartebuissonniere.fr\/wp-content\/uploads\/2025\/03\/0A9BD2B1-8D93-41D3-A94F-752CE338398D_1_105_c-1024x733.jpeg\" alt=\"\" class=\"wp-image-7596\" srcset=\"https:\/\/lacartebuissonniere.fr\/wp-content\/uploads\/2025\/03\/0A9BD2B1-8D93-41D3-A94F-752CE338398D_1_105_c-1024x733.jpeg 1024w, https:\/\/lacartebuissonniere.fr\/wp-content\/uploads\/2025\/03\/0A9BD2B1-8D93-41D3-A94F-752CE338398D_1_105_c-300x215.jpeg 300w, https:\/\/lacartebuissonniere.fr\/wp-content\/uploads\/2025\/03\/0A9BD2B1-8D93-41D3-A94F-752CE338398D_1_105_c-768x550.jpeg 768w, https:\/\/lacartebuissonniere.fr\/wp-content\/uploads\/2025\/03\/0A9BD2B1-8D93-41D3-A94F-752CE338398D_1_105_c-600x429.jpeg 600w, https:\/\/lacartebuissonniere.fr\/wp-content\/uploads\/2025\/03\/0A9BD2B1-8D93-41D3-A94F-752CE338398D_1_105_c.jpeg 1048w\" sizes=\"auto, (max-width: 1024px) 100vw, 1024px\" \/><\/figure>\n<\/div>\n\n\n<p><\/p>\n\n\n\n<p>Pour sa derni\u00e8re collection, en 2001, il en s\u00e8me encore sur une blouse d\u2019organdi blanc\u00a0:<\/p>\n\n\n\n<figure class=\"wp-block-image size-full\"><img loading=\"lazy\" decoding=\"async\" width=\"886\" height=\"886\" src=\"https:\/\/lacartebuissonniere.fr\/wp-content\/uploads\/2025\/03\/A852B391-8AF5-4DEE-9FB3-1602B162B669_1_105_c.jpeg\" alt=\"\" class=\"wp-image-7597\" srcset=\"https:\/\/lacartebuissonniere.fr\/wp-content\/uploads\/2025\/03\/A852B391-8AF5-4DEE-9FB3-1602B162B669_1_105_c.jpeg 886w, https:\/\/lacartebuissonniere.fr\/wp-content\/uploads\/2025\/03\/A852B391-8AF5-4DEE-9FB3-1602B162B669_1_105_c-300x300.jpeg 300w, https:\/\/lacartebuissonniere.fr\/wp-content\/uploads\/2025\/03\/A852B391-8AF5-4DEE-9FB3-1602B162B669_1_105_c-150x150.jpeg 150w, https:\/\/lacartebuissonniere.fr\/wp-content\/uploads\/2025\/03\/A852B391-8AF5-4DEE-9FB3-1602B162B669_1_105_c-768x768.jpeg 768w, https:\/\/lacartebuissonniere.fr\/wp-content\/uploads\/2025\/03\/A852B391-8AF5-4DEE-9FB3-1602B162B669_1_105_c-600x600.jpeg 600w\" sizes=\"auto, (max-width: 886px) 100vw, 886px\" \/><\/figure>\n\n\n\n<p><\/p>\n\n\n\n<figure class=\"wp-block-gallery has-nested-images columns-default is-cropped wp-block-gallery-2 is-layout-flex wp-block-gallery-is-layout-flex\">\n<figure class=\"wp-block-image size-large\"><img loading=\"lazy\" decoding=\"async\" width=\"758\" height=\"1024\" data-id=\"7600\" src=\"https:\/\/lacartebuissonniere.fr\/wp-content\/uploads\/2025\/03\/A98028D0-CE2D-4E28-8046-078DFA918FD5_1_105_c-1-758x1024.jpeg\" alt=\"\" class=\"wp-image-7600\" srcset=\"https:\/\/lacartebuissonniere.fr\/wp-content\/uploads\/2025\/03\/A98028D0-CE2D-4E28-8046-078DFA918FD5_1_105_c-1-758x1024.jpeg 758w, https:\/\/lacartebuissonniere.fr\/wp-content\/uploads\/2025\/03\/A98028D0-CE2D-4E28-8046-078DFA918FD5_1_105_c-1-222x300.jpeg 222w, https:\/\/lacartebuissonniere.fr\/wp-content\/uploads\/2025\/03\/A98028D0-CE2D-4E28-8046-078DFA918FD5_1_105_c-1-444x600.jpeg 444w, https:\/\/lacartebuissonniere.fr\/wp-content\/uploads\/2025\/03\/A98028D0-CE2D-4E28-8046-078DFA918FD5_1_105_c-1.jpeg 762w\" sizes=\"auto, (max-width: 758px) 100vw, 758px\" \/><\/figure>\n\n\n\n<figure class=\"wp-block-image size-large\"><img loading=\"lazy\" decoding=\"async\" width=\"768\" height=\"1024\" data-id=\"7599\" src=\"https:\/\/lacartebuissonniere.fr\/wp-content\/uploads\/2025\/03\/39011DD4-D46B-4E2E-A72C-5A7CB486E2CB_1_105_c.jpeg\" alt=\"\" class=\"wp-image-7599\" srcset=\"https:\/\/lacartebuissonniere.fr\/wp-content\/uploads\/2025\/03\/39011DD4-D46B-4E2E-A72C-5A7CB486E2CB_1_105_c.jpeg 768w, https:\/\/lacartebuissonniere.fr\/wp-content\/uploads\/2025\/03\/39011DD4-D46B-4E2E-A72C-5A7CB486E2CB_1_105_c-225x300.jpeg 225w, https:\/\/lacartebuissonniere.fr\/wp-content\/uploads\/2025\/03\/39011DD4-D46B-4E2E-A72C-5A7CB486E2CB_1_105_c-450x600.jpeg 450w\" sizes=\"auto, (max-width: 768px) 100vw, 768px\" \/><\/figure>\n<\/figure>\n\n\n\n<p><\/p>\n\n\n\n<p>Les clochettes d\u00e9licates se m\u00ealent \u00e9galement avec bonheur aux feuilles de ginkgo dor\u00e9es\u00a0:<\/p>\n\n\n<div class=\"wp-block-image\">\n<figure class=\"aligncenter size-full\"><img loading=\"lazy\" decoding=\"async\" width=\"768\" height=\"1024\" src=\"https:\/\/lacartebuissonniere.fr\/wp-content\/uploads\/2025\/03\/4C0D4513-BF8A-44D1-9718-539F0BD5E0EE_1_105_c.jpeg\" alt=\"\" class=\"wp-image-7601\" srcset=\"https:\/\/lacartebuissonniere.fr\/wp-content\/uploads\/2025\/03\/4C0D4513-BF8A-44D1-9718-539F0BD5E0EE_1_105_c.jpeg 768w, https:\/\/lacartebuissonniere.fr\/wp-content\/uploads\/2025\/03\/4C0D4513-BF8A-44D1-9718-539F0BD5E0EE_1_105_c-225x300.jpeg 225w, https:\/\/lacartebuissonniere.fr\/wp-content\/uploads\/2025\/03\/4C0D4513-BF8A-44D1-9718-539F0BD5E0EE_1_105_c-450x600.jpeg 450w\" sizes=\"auto, (max-width: 768px) 100vw, 768px\" \/><\/figure>\n<\/div>\n\n\n<p><\/p>\n\n\n\n<p>Sources&nbsp;:<\/p>\n\n\n\n<p><a href=\"https:\/\/www.galeriedior.com\/mini-stories\/muguet\" target=\"_blank\" rel=\"noreferrer noopener\">\u00ab\u00a0Dior et le muguet\u00a0\u00bb<\/a><\/p>\n\n\n\n<p><a href=\"https:\/\/www.harpersbazaar.fr\/mode\/pourquoi-le-muguet-est-elle-la-fleur-de-dior_2532\">\u00ab\u00a0Pourquoi le muguet est-elle LA fleur de Dior\u202f?\u00a0\u00bb<\/a><\/p>\n\n\n\n<p>Exposition \u00ab\u00a0Les Fleurs d\u2019Yves Saint Laurent\u00a0\u00bb<br>Mus\u00e9e Yves Saint Laurent Paris, 20 septembre 2024 &#8211; 4 mai 2025<\/p>\n\n\n\n<p><\/p>\n","protected":false},"excerpt":{"rendered":"<p>Premier mai, jour du muguet\u00a0! Christian Dior en offrait ce jour \u00e0 ses clients et \u00e0 tout le personnel de sa maison de couture. Le muguet lui \u00e9tait particuli\u00e8rement cher, lui qui en portait souvent sur sa veste et en cousait un brin dans l\u2019ourlet de ses cr\u00e9ations. Il l\u2019avait \u00e9rig\u00e9 non seulement en porte-bonheur, [&hellip;]<\/p>\n","protected":false},"author":2,"featured_media":0,"comment_status":"open","ping_status":"open","sticky":false,"template":"","format":"standard","meta":{"two_page_speed":[],"footnotes":""},"categories":[16,18],"tags":[],"class_list":["post-7590","post","type-post","status-publish","format-standard","hentry","category-flaneries","category-flaneries-culturelles","entry"],"yoast_head":"<!-- This site is optimized with the Yoast SEO plugin v25.4 - https:\/\/yoast.com\/wordpress\/plugins\/seo\/ -->\n<title>Du muguet haute couture - La carte buissonni\u00e8re<\/title>\n<meta name=\"robots\" content=\"index, follow, max-snippet:-1, max-image-preview:large, max-video-preview:-1\" \/>\n<link rel=\"canonical\" href=\"https:\/\/lacartebuissonniere.fr\/index.php\/2025\/05\/01\/du-muguet-haute-couture\/\" \/>\n<meta property=\"og:locale\" content=\"fr_FR\" \/>\n<meta property=\"og:type\" content=\"article\" \/>\n<meta property=\"og:title\" content=\"Du muguet haute couture - La carte buissonni\u00e8re\" \/>\n<meta property=\"og:description\" content=\"Premier mai, jour du muguet\u00a0! Christian Dior en offrait ce jour \u00e0 ses clients et \u00e0 tout le personnel de sa maison de couture. Le muguet lui \u00e9tait particuli\u00e8rement cher, lui qui en portait souvent sur sa veste et en cousait un brin dans l\u2019ourlet de ses cr\u00e9ations. Il l\u2019avait \u00e9rig\u00e9 non seulement en porte-bonheur, [&hellip;]\" \/>\n<meta property=\"og:url\" content=\"https:\/\/lacartebuissonniere.fr\/index.php\/2025\/05\/01\/du-muguet-haute-couture\/\" \/>\n<meta property=\"og:site_name\" content=\"La carte buissonni\u00e8re\" \/>\n<meta property=\"article:publisher\" content=\"https:\/\/www.facebook.com\/lacartebuissonniere\/\" \/>\n<meta property=\"article:published_time\" content=\"2025-05-01T07:00:00+00:00\" \/>\n<meta property=\"og:image\" content=\"https:\/\/lacartebuissonniere.fr\/wp-content\/uploads\/2025\/03\/3D367D59-A4D1-4CF5-8DEE-3C448DC95BC8_1_105_c-1.jpeg\" \/>\n<meta name=\"author\" content=\"Carte buissonni\u00e8re\" \/>\n<meta name=\"twitter:card\" content=\"summary_large_image\" \/>\n<meta name=\"twitter:label1\" content=\"\u00c9crit par\" \/>\n\t<meta name=\"twitter:data1\" content=\"Carte buissonni\u00e8re\" \/>\n\t<meta name=\"twitter:label2\" content=\"Dur\u00e9e de lecture estim\u00e9e\" \/>\n\t<meta name=\"twitter:data2\" content=\"4 minutes\" \/>\n<script type=\"application\/ld+json\" class=\"yoast-schema-graph\">{\"@context\":\"https:\/\/schema.org\",\"@graph\":[{\"@type\":\"Article\",\"@id\":\"https:\/\/lacartebuissonniere.fr\/index.php\/2025\/05\/01\/du-muguet-haute-couture\/#article\",\"isPartOf\":{\"@id\":\"https:\/\/lacartebuissonniere.fr\/index.php\/2025\/05\/01\/du-muguet-haute-couture\/\"},\"author\":{\"name\":\"Carte buissonni\u00e8re\",\"@id\":\"https:\/\/lacartebuissonniere.fr\/#\/schema\/person\/4e60af809837a2287e4f6d4daaf7abd4\"},\"headline\":\"Du muguet haute couture\",\"datePublished\":\"2025-05-01T07:00:00+00:00\",\"mainEntityOfPage\":{\"@id\":\"https:\/\/lacartebuissonniere.fr\/index.php\/2025\/05\/01\/du-muguet-haute-couture\/\"},\"wordCount\":343,\"commentCount\":0,\"publisher\":{\"@id\":\"https:\/\/lacartebuissonniere.fr\/#organization\"},\"image\":{\"@id\":\"https:\/\/lacartebuissonniere.fr\/index.php\/2025\/05\/01\/du-muguet-haute-couture\/#primaryimage\"},\"thumbnailUrl\":\"https:\/\/lacartebuissonniere.fr\/wp-content\/uploads\/2025\/03\/3D367D59-A4D1-4CF5-8DEE-3C448DC95BC8_1_105_c-1.jpeg\",\"articleSection\":[\"FL\u00c2NERIES\",\"Fl\u00e2neries culturelles\"],\"inLanguage\":\"fr-FR\",\"potentialAction\":[{\"@type\":\"CommentAction\",\"name\":\"Comment\",\"target\":[\"https:\/\/lacartebuissonniere.fr\/index.php\/2025\/05\/01\/du-muguet-haute-couture\/#respond\"]}]},{\"@type\":\"WebPage\",\"@id\":\"https:\/\/lacartebuissonniere.fr\/index.php\/2025\/05\/01\/du-muguet-haute-couture\/\",\"url\":\"https:\/\/lacartebuissonniere.fr\/index.php\/2025\/05\/01\/du-muguet-haute-couture\/\",\"name\":\"Du muguet haute couture - La carte buissonni\u00e8re\",\"isPartOf\":{\"@id\":\"https:\/\/lacartebuissonniere.fr\/#website\"},\"primaryImageOfPage\":{\"@id\":\"https:\/\/lacartebuissonniere.fr\/index.php\/2025\/05\/01\/du-muguet-haute-couture\/#primaryimage\"},\"image\":{\"@id\":\"https:\/\/lacartebuissonniere.fr\/index.php\/2025\/05\/01\/du-muguet-haute-couture\/#primaryimage\"},\"thumbnailUrl\":\"https:\/\/lacartebuissonniere.fr\/wp-content\/uploads\/2025\/03\/3D367D59-A4D1-4CF5-8DEE-3C448DC95BC8_1_105_c-1.jpeg\",\"datePublished\":\"2025-05-01T07:00:00+00:00\",\"breadcrumb\":{\"@id\":\"https:\/\/lacartebuissonniere.fr\/index.php\/2025\/05\/01\/du-muguet-haute-couture\/#breadcrumb\"},\"inLanguage\":\"fr-FR\",\"potentialAction\":[{\"@type\":\"ReadAction\",\"target\":[\"https:\/\/lacartebuissonniere.fr\/index.php\/2025\/05\/01\/du-muguet-haute-couture\/\"]}]},{\"@type\":\"ImageObject\",\"inLanguage\":\"fr-FR\",\"@id\":\"https:\/\/lacartebuissonniere.fr\/index.php\/2025\/05\/01\/du-muguet-haute-couture\/#primaryimage\",\"url\":\"https:\/\/lacartebuissonniere.fr\/wp-content\/uploads\/2025\/03\/3D367D59-A4D1-4CF5-8DEE-3C448DC95BC8_1_105_c-1.jpeg\",\"contentUrl\":\"https:\/\/lacartebuissonniere.fr\/wp-content\/uploads\/2025\/03\/3D367D59-A4D1-4CF5-8DEE-3C448DC95BC8_1_105_c-1.jpeg\",\"width\":768,\"height\":1024},{\"@type\":\"BreadcrumbList\",\"@id\":\"https:\/\/lacartebuissonniere.fr\/index.php\/2025\/05\/01\/du-muguet-haute-couture\/#breadcrumb\",\"itemListElement\":[{\"@type\":\"ListItem\",\"position\":1,\"name\":\"Accueil\",\"item\":\"https:\/\/lacartebuissonniere.fr\/\"},{\"@type\":\"ListItem\",\"position\":2,\"name\":\"Du muguet haute couture\"}]},{\"@type\":\"WebSite\",\"@id\":\"https:\/\/lacartebuissonniere.fr\/#website\",\"url\":\"https:\/\/lacartebuissonniere.fr\/\",\"name\":\"La carte buissonni\u00e8re\",\"description\":\"\",\"publisher\":{\"@id\":\"https:\/\/lacartebuissonniere.fr\/#organization\"},\"potentialAction\":[{\"@type\":\"SearchAction\",\"target\":{\"@type\":\"EntryPoint\",\"urlTemplate\":\"https:\/\/lacartebuissonniere.fr\/?s={search_term_string}\"},\"query-input\":{\"@type\":\"PropertyValueSpecification\",\"valueRequired\":true,\"valueName\":\"search_term_string\"}}],\"inLanguage\":\"fr-FR\"},{\"@type\":\"Organization\",\"@id\":\"https:\/\/lacartebuissonniere.fr\/#organization\",\"name\":\"La carte buissonni\u00e8re\",\"url\":\"https:\/\/lacartebuissonniere.fr\/\",\"logo\":{\"@type\":\"ImageObject\",\"inLanguage\":\"fr-FR\",\"@id\":\"https:\/\/lacartebuissonniere.fr\/#\/schema\/logo\/image\/\",\"url\":\"https:\/\/lacartebuissonniere.fr\/wp-content\/uploads\/2022\/12\/Illustration-sans-titre.jpg\",\"contentUrl\":\"https:\/\/lacartebuissonniere.fr\/wp-content\/uploads\/2022\/12\/Illustration-sans-titre.jpg\",\"width\":637,\"height\":680,\"caption\":\"La carte buissonni\u00e8re\"},\"image\":{\"@id\":\"https:\/\/lacartebuissonniere.fr\/#\/schema\/logo\/image\/\"},\"sameAs\":[\"https:\/\/www.facebook.com\/lacartebuissonniere\/\",\"https:\/\/www.pinterest.fr\/DelphChabanne\/\"]},{\"@type\":\"Person\",\"@id\":\"https:\/\/lacartebuissonniere.fr\/#\/schema\/person\/4e60af809837a2287e4f6d4daaf7abd4\",\"name\":\"Carte buissonni\u00e8re\",\"image\":{\"@type\":\"ImageObject\",\"inLanguage\":\"fr-FR\",\"@id\":\"https:\/\/lacartebuissonniere.fr\/#\/schema\/person\/image\/\",\"url\":\"https:\/\/secure.gravatar.com\/avatar\/b543b5e0f093efbab3dfee8595bf9077ed504ab48ffeb378c9dc263381c278e6?s=96&d=mm&r=g\",\"contentUrl\":\"https:\/\/secure.gravatar.com\/avatar\/b543b5e0f093efbab3dfee8595bf9077ed504ab48ffeb378c9dc263381c278e6?s=96&d=mm&r=g\",\"caption\":\"Carte buissonni\u00e8re\"},\"sameAs\":[\"http:\/\/lacartebuissonniere.fr\"],\"url\":\"https:\/\/lacartebuissonniere.fr\/index.php\/author\/carteb\/\"}]}<\/script>\n<!-- \/ Yoast SEO plugin. -->","yoast_head_json":{"title":"Du muguet haute couture - La carte buissonni\u00e8re","robots":{"index":"index","follow":"follow","max-snippet":"max-snippet:-1","max-image-preview":"max-image-preview:large","max-video-preview":"max-video-preview:-1"},"canonical":"https:\/\/lacartebuissonniere.fr\/index.php\/2025\/05\/01\/du-muguet-haute-couture\/","og_locale":"fr_FR","og_type":"article","og_title":"Du muguet haute couture - La carte buissonni\u00e8re","og_description":"Premier mai, jour du muguet\u00a0! Christian Dior en offrait ce jour \u00e0 ses clients et \u00e0 tout le personnel de sa maison de couture. Le muguet lui \u00e9tait particuli\u00e8rement cher, lui qui en portait souvent sur sa veste et en cousait un brin dans l\u2019ourlet de ses cr\u00e9ations. Il l\u2019avait \u00e9rig\u00e9 non seulement en porte-bonheur, [&hellip;]","og_url":"https:\/\/lacartebuissonniere.fr\/index.php\/2025\/05\/01\/du-muguet-haute-couture\/","og_site_name":"La carte buissonni\u00e8re","article_publisher":"https:\/\/www.facebook.com\/lacartebuissonniere\/","article_published_time":"2025-05-01T07:00:00+00:00","og_image":[{"url":"https:\/\/lacartebuissonniere.fr\/wp-content\/uploads\/2025\/03\/3D367D59-A4D1-4CF5-8DEE-3C448DC95BC8_1_105_c-1.jpeg","type":"","width":"","height":""}],"author":"Carte buissonni\u00e8re","twitter_card":"summary_large_image","twitter_misc":{"\u00c9crit par":"Carte buissonni\u00e8re","Dur\u00e9e de lecture estim\u00e9e":"4 minutes"},"schema":{"@context":"https:\/\/schema.org","@graph":[{"@type":"Article","@id":"https:\/\/lacartebuissonniere.fr\/index.php\/2025\/05\/01\/du-muguet-haute-couture\/#article","isPartOf":{"@id":"https:\/\/lacartebuissonniere.fr\/index.php\/2025\/05\/01\/du-muguet-haute-couture\/"},"author":{"name":"Carte buissonni\u00e8re","@id":"https:\/\/lacartebuissonniere.fr\/#\/schema\/person\/4e60af809837a2287e4f6d4daaf7abd4"},"headline":"Du muguet haute couture","datePublished":"2025-05-01T07:00:00+00:00","mainEntityOfPage":{"@id":"https:\/\/lacartebuissonniere.fr\/index.php\/2025\/05\/01\/du-muguet-haute-couture\/"},"wordCount":343,"commentCount":0,"publisher":{"@id":"https:\/\/lacartebuissonniere.fr\/#organization"},"image":{"@id":"https:\/\/lacartebuissonniere.fr\/index.php\/2025\/05\/01\/du-muguet-haute-couture\/#primaryimage"},"thumbnailUrl":"https:\/\/lacartebuissonniere.fr\/wp-content\/uploads\/2025\/03\/3D367D59-A4D1-4CF5-8DEE-3C448DC95BC8_1_105_c-1.jpeg","articleSection":["FL\u00c2NERIES","Fl\u00e2neries culturelles"],"inLanguage":"fr-FR","potentialAction":[{"@type":"CommentAction","name":"Comment","target":["https:\/\/lacartebuissonniere.fr\/index.php\/2025\/05\/01\/du-muguet-haute-couture\/#respond"]}]},{"@type":"WebPage","@id":"https:\/\/lacartebuissonniere.fr\/index.php\/2025\/05\/01\/du-muguet-haute-couture\/","url":"https:\/\/lacartebuissonniere.fr\/index.php\/2025\/05\/01\/du-muguet-haute-couture\/","name":"Du muguet haute couture - La carte buissonni\u00e8re","isPartOf":{"@id":"https:\/\/lacartebuissonniere.fr\/#website"},"primaryImageOfPage":{"@id":"https:\/\/lacartebuissonniere.fr\/index.php\/2025\/05\/01\/du-muguet-haute-couture\/#primaryimage"},"image":{"@id":"https:\/\/lacartebuissonniere.fr\/index.php\/2025\/05\/01\/du-muguet-haute-couture\/#primaryimage"},"thumbnailUrl":"https:\/\/lacartebuissonniere.fr\/wp-content\/uploads\/2025\/03\/3D367D59-A4D1-4CF5-8DEE-3C448DC95BC8_1_105_c-1.jpeg","datePublished":"2025-05-01T07:00:00+00:00","breadcrumb":{"@id":"https:\/\/lacartebuissonniere.fr\/index.php\/2025\/05\/01\/du-muguet-haute-couture\/#breadcrumb"},"inLanguage":"fr-FR","potentialAction":[{"@type":"ReadAction","target":["https:\/\/lacartebuissonniere.fr\/index.php\/2025\/05\/01\/du-muguet-haute-couture\/"]}]},{"@type":"ImageObject","inLanguage":"fr-FR","@id":"https:\/\/lacartebuissonniere.fr\/index.php\/2025\/05\/01\/du-muguet-haute-couture\/#primaryimage","url":"https:\/\/lacartebuissonniere.fr\/wp-content\/uploads\/2025\/03\/3D367D59-A4D1-4CF5-8DEE-3C448DC95BC8_1_105_c-1.jpeg","contentUrl":"https:\/\/lacartebuissonniere.fr\/wp-content\/uploads\/2025\/03\/3D367D59-A4D1-4CF5-8DEE-3C448DC95BC8_1_105_c-1.jpeg","width":768,"height":1024},{"@type":"BreadcrumbList","@id":"https:\/\/lacartebuissonniere.fr\/index.php\/2025\/05\/01\/du-muguet-haute-couture\/#breadcrumb","itemListElement":[{"@type":"ListItem","position":1,"name":"Accueil","item":"https:\/\/lacartebuissonniere.fr\/"},{"@type":"ListItem","position":2,"name":"Du muguet haute couture"}]},{"@type":"WebSite","@id":"https:\/\/lacartebuissonniere.fr\/#website","url":"https:\/\/lacartebuissonniere.fr\/","name":"La carte buissonni\u00e8re","description":"","publisher":{"@id":"https:\/\/lacartebuissonniere.fr\/#organization"},"potentialAction":[{"@type":"SearchAction","target":{"@type":"EntryPoint","urlTemplate":"https:\/\/lacartebuissonniere.fr\/?s={search_term_string}"},"query-input":{"@type":"PropertyValueSpecification","valueRequired":true,"valueName":"search_term_string"}}],"inLanguage":"fr-FR"},{"@type":"Organization","@id":"https:\/\/lacartebuissonniere.fr\/#organization","name":"La carte buissonni\u00e8re","url":"https:\/\/lacartebuissonniere.fr\/","logo":{"@type":"ImageObject","inLanguage":"fr-FR","@id":"https:\/\/lacartebuissonniere.fr\/#\/schema\/logo\/image\/","url":"https:\/\/lacartebuissonniere.fr\/wp-content\/uploads\/2022\/12\/Illustration-sans-titre.jpg","contentUrl":"https:\/\/lacartebuissonniere.fr\/wp-content\/uploads\/2022\/12\/Illustration-sans-titre.jpg","width":637,"height":680,"caption":"La carte buissonni\u00e8re"},"image":{"@id":"https:\/\/lacartebuissonniere.fr\/#\/schema\/logo\/image\/"},"sameAs":["https:\/\/www.facebook.com\/lacartebuissonniere\/","https:\/\/www.pinterest.fr\/DelphChabanne\/"]},{"@type":"Person","@id":"https:\/\/lacartebuissonniere.fr\/#\/schema\/person\/4e60af809837a2287e4f6d4daaf7abd4","name":"Carte buissonni\u00e8re","image":{"@type":"ImageObject","inLanguage":"fr-FR","@id":"https:\/\/lacartebuissonniere.fr\/#\/schema\/person\/image\/","url":"https:\/\/secure.gravatar.com\/avatar\/b543b5e0f093efbab3dfee8595bf9077ed504ab48ffeb378c9dc263381c278e6?s=96&d=mm&r=g","contentUrl":"https:\/\/secure.gravatar.com\/avatar\/b543b5e0f093efbab3dfee8595bf9077ed504ab48ffeb378c9dc263381c278e6?s=96&d=mm&r=g","caption":"Carte buissonni\u00e8re"},"sameAs":["http:\/\/lacartebuissonniere.fr"],"url":"https:\/\/lacartebuissonniere.fr\/index.php\/author\/carteb\/"}]}},"_links":{"self":[{"href":"https:\/\/lacartebuissonniere.fr\/index.php\/wp-json\/wp\/v2\/posts\/7590","targetHints":{"allow":["GET"]}}],"collection":[{"href":"https:\/\/lacartebuissonniere.fr\/index.php\/wp-json\/wp\/v2\/posts"}],"about":[{"href":"https:\/\/lacartebuissonniere.fr\/index.php\/wp-json\/wp\/v2\/types\/post"}],"author":[{"embeddable":true,"href":"https:\/\/lacartebuissonniere.fr\/index.php\/wp-json\/wp\/v2\/users\/2"}],"replies":[{"embeddable":true,"href":"https:\/\/lacartebuissonniere.fr\/index.php\/wp-json\/wp\/v2\/comments?post=7590"}],"version-history":[{"count":1,"href":"https:\/\/lacartebuissonniere.fr\/index.php\/wp-json\/wp\/v2\/posts\/7590\/revisions"}],"predecessor-version":[{"id":7602,"href":"https:\/\/lacartebuissonniere.fr\/index.php\/wp-json\/wp\/v2\/posts\/7590\/revisions\/7602"}],"wp:attachment":[{"href":"https:\/\/lacartebuissonniere.fr\/index.php\/wp-json\/wp\/v2\/media?parent=7590"}],"wp:term":[{"taxonomy":"category","embeddable":true,"href":"https:\/\/lacartebuissonniere.fr\/index.php\/wp-json\/wp\/v2\/categories?post=7590"},{"taxonomy":"post_tag","embeddable":true,"href":"https:\/\/lacartebuissonniere.fr\/index.php\/wp-json\/wp\/v2\/tags?post=7590"}],"curies":[{"name":"wp","href":"https:\/\/api.w.org\/{rel}","templated":true}]}}