{"id":7943,"date":"2025-07-07T09:00:00","date_gmt":"2025-07-07T07:00:00","guid":{"rendered":"https:\/\/lacartebuissonniere.fr\/?p=7943"},"modified":"2025-07-02T14:10:39","modified_gmt":"2025-07-02T12:10:39","slug":"les-cerises-des-enlumineurs","status":"publish","type":"post","link":"https:\/\/lacartebuissonniere.fr\/index.php\/2025\/07\/07\/les-cerises-des-enlumineurs\/","title":{"rendered":"Les cerises des enlumineurs"},"content":{"rendered":"\n<p><\/p>\n\n\n\n<p>C\u2019est le <a href=\"https:\/\/lacartebuissonniere.fr\/index.php\/2024\/07\/07\/les-cerises-de-bonnard\/\" target=\"_blank\" rel=\"noreferrer noopener\">jour de la cerise<\/a> dans le calendrier r\u00e9publicain&nbsp;!<\/p>\n\n\n\n<p>La cerise, on l\u2019imagine d\u2019un rouge vif.<\/p>\n\n\n\n<p>Sa couleur dit tout sur sa maturit\u00e9&nbsp;: plus elle est sombre, plus elle est sucr\u00e9e.<\/p>\n\n\n\n<p>Mais il existe aussi des cerises jaunes ou bicolores, m\u00ealant jaune dor\u00e9 et rouge ros\u00e9.<\/p>\n\n\n\n<p>Cela n\u2019a pas \u00e9chapp\u00e9 aux enlumineurs de la Renaissance, qui en d\u00e9clinent les nuances et l\u2019\u00e9clat \u00e0 l\u2019envi&nbsp;:<\/p>\n\n\n<div class=\"wp-block-image\">\n<figure class=\"aligncenter size-full\"><img loading=\"lazy\" decoding=\"async\" width=\"564\" height=\"848\" src=\"https:\/\/lacartebuissonniere.fr\/wp-content\/uploads\/2025\/07\/7D4EA8D9-9144-404A-B9D6-641B085F3109_1_201_a.jpeg\" alt=\"\" class=\"wp-image-7944\" srcset=\"https:\/\/lacartebuissonniere.fr\/wp-content\/uploads\/2025\/07\/7D4EA8D9-9144-404A-B9D6-641B085F3109_1_201_a.jpeg 564w, https:\/\/lacartebuissonniere.fr\/wp-content\/uploads\/2025\/07\/7D4EA8D9-9144-404A-B9D6-641B085F3109_1_201_a-200x300.jpeg 200w, https:\/\/lacartebuissonniere.fr\/wp-content\/uploads\/2025\/07\/7D4EA8D9-9144-404A-B9D6-641B085F3109_1_201_a-399x600.jpeg 399w\" sizes=\"auto, (max-width: 564px) 100vw, 564px\" \/><figcaption class=\"wp-element-caption\">Jean Bourdichon,<em> Horae ad usum Romanum, <\/em>dites<em> Grandes Heures d\u2019Anne de Bretagne<\/em>, Tours (1503-1508)<\/figcaption><\/figure>\n<\/div>\n\n\n<p><\/p>\n\n\n<div class=\"wp-block-image\">\n<figure class=\"aligncenter size-full\"><img loading=\"lazy\" decoding=\"async\" width=\"644\" height=\"1024\" src=\"https:\/\/lacartebuissonniere.fr\/wp-content\/uploads\/2025\/07\/727ECE1A-2EE6-4F9F-B456-1789BF3B4EB3-1.jpeg\" alt=\"\" class=\"wp-image-7946\" srcset=\"https:\/\/lacartebuissonniere.fr\/wp-content\/uploads\/2025\/07\/727ECE1A-2EE6-4F9F-B456-1789BF3B4EB3-1.jpeg 644w, https:\/\/lacartebuissonniere.fr\/wp-content\/uploads\/2025\/07\/727ECE1A-2EE6-4F9F-B456-1789BF3B4EB3-1-189x300.jpeg 189w, https:\/\/lacartebuissonniere.fr\/wp-content\/uploads\/2025\/07\/727ECE1A-2EE6-4F9F-B456-1789BF3B4EB3-1-377x600.jpeg 377w\" sizes=\"auto, (max-width: 644px) 100vw, 644px\" \/><figcaption class=\"wp-element-caption\">Atelier de Jean Bourdichon, Livre d\u2019heures, Tours (1510-1525)<br>\u00a9 Courtesy British Library<\/figcaption><\/figure>\n<\/div>\n\n\n<p><\/p>\n\n\n\n<p>Dans les ann\u00e9es 1590, Joris Hoefnagel choisit \u00e0 plusieurs reprises la cerise pour embellir les <em>Mira calligraphiae monumenta<\/em> de Georg Bocskay&nbsp;:<\/p>\n\n\n\n<figure class=\"wp-block-gallery has-nested-images columns-default is-cropped wp-block-gallery-1 is-layout-flex wp-block-gallery-is-layout-flex\">\n<figure class=\"wp-block-image size-large\"><img loading=\"lazy\" decoding=\"async\" width=\"714\" height=\"1024\" data-id=\"7948\" src=\"https:\/\/lacartebuissonniere.fr\/wp-content\/uploads\/2025\/07\/1AD5219A-A048-452B-91E7-FA04799B9CB6_1_105_c-714x1024.jpeg\" alt=\"\" class=\"wp-image-7948\" srcset=\"https:\/\/lacartebuissonniere.fr\/wp-content\/uploads\/2025\/07\/1AD5219A-A048-452B-91E7-FA04799B9CB6_1_105_c-714x1024.jpeg 714w, https:\/\/lacartebuissonniere.fr\/wp-content\/uploads\/2025\/07\/1AD5219A-A048-452B-91E7-FA04799B9CB6_1_105_c-209x300.jpeg 209w, https:\/\/lacartebuissonniere.fr\/wp-content\/uploads\/2025\/07\/1AD5219A-A048-452B-91E7-FA04799B9CB6_1_105_c-418x600.jpeg 418w, https:\/\/lacartebuissonniere.fr\/wp-content\/uploads\/2025\/07\/1AD5219A-A048-452B-91E7-FA04799B9CB6_1_105_c.jpeg 740w\" sizes=\"auto, (max-width: 714px) 100vw, 714px\" \/><\/figure>\n\n\n\n<figure class=\"wp-block-image size-large\"><img loading=\"lazy\" decoding=\"async\" width=\"726\" height=\"1024\" data-id=\"7947\" src=\"https:\/\/lacartebuissonniere.fr\/wp-content\/uploads\/2025\/07\/369E85AB-1647-4C37-957D-70412D455DDE_1_105_c-726x1024.jpeg\" alt=\"\" class=\"wp-image-7947\" srcset=\"https:\/\/lacartebuissonniere.fr\/wp-content\/uploads\/2025\/07\/369E85AB-1647-4C37-957D-70412D455DDE_1_105_c-726x1024.jpeg 726w, https:\/\/lacartebuissonniere.fr\/wp-content\/uploads\/2025\/07\/369E85AB-1647-4C37-957D-70412D455DDE_1_105_c-213x300.jpeg 213w, https:\/\/lacartebuissonniere.fr\/wp-content\/uploads\/2025\/07\/369E85AB-1647-4C37-957D-70412D455DDE_1_105_c-425x600.jpeg 425w, https:\/\/lacartebuissonniere.fr\/wp-content\/uploads\/2025\/07\/369E85AB-1647-4C37-957D-70412D455DDE_1_105_c.jpeg 746w\" sizes=\"auto, (max-width: 726px) 100vw, 726px\" \/><\/figure>\n<\/figure>\n\n\n\n<p><\/p>\n\n\n\n<figure class=\"wp-block-gallery has-nested-images columns-default is-cropped wp-block-gallery-2 is-layout-flex wp-block-gallery-is-layout-flex\">\n<figure class=\"wp-block-image size-large\"><img loading=\"lazy\" decoding=\"async\" width=\"736\" height=\"1024\" data-id=\"7950\" src=\"https:\/\/lacartebuissonniere.fr\/wp-content\/uploads\/2025\/07\/6F31CD7E-9512-45EF-96C3-8FC88A1E69DB_1_201_a-736x1024.jpeg\" alt=\"\" class=\"wp-image-7950\" srcset=\"https:\/\/lacartebuissonniere.fr\/wp-content\/uploads\/2025\/07\/6F31CD7E-9512-45EF-96C3-8FC88A1E69DB_1_201_a-736x1024.jpeg 736w, https:\/\/lacartebuissonniere.fr\/wp-content\/uploads\/2025\/07\/6F31CD7E-9512-45EF-96C3-8FC88A1E69DB_1_201_a-215x300.jpeg 215w, https:\/\/lacartebuissonniere.fr\/wp-content\/uploads\/2025\/07\/6F31CD7E-9512-45EF-96C3-8FC88A1E69DB_1_201_a-768x1069.jpeg 768w, https:\/\/lacartebuissonniere.fr\/wp-content\/uploads\/2025\/07\/6F31CD7E-9512-45EF-96C3-8FC88A1E69DB_1_201_a-431x600.jpeg 431w, https:\/\/lacartebuissonniere.fr\/wp-content\/uploads\/2025\/07\/6F31CD7E-9512-45EF-96C3-8FC88A1E69DB_1_201_a.jpeg 974w\" sizes=\"auto, (max-width: 736px) 100vw, 736px\" \/><\/figure>\n\n\n\n<figure class=\"wp-block-image size-large\"><img loading=\"lazy\" decoding=\"async\" width=\"744\" height=\"1024\" data-id=\"7949\" src=\"https:\/\/lacartebuissonniere.fr\/wp-content\/uploads\/2025\/07\/D4FFE001-FB43-4307-8775-CAA50841A789_1_105_c-744x1024.jpeg\" alt=\"\" class=\"wp-image-7949\" srcset=\"https:\/\/lacartebuissonniere.fr\/wp-content\/uploads\/2025\/07\/D4FFE001-FB43-4307-8775-CAA50841A789_1_105_c-744x1024.jpeg 744w, https:\/\/lacartebuissonniere.fr\/wp-content\/uploads\/2025\/07\/D4FFE001-FB43-4307-8775-CAA50841A789_1_105_c-218x300.jpeg 218w, https:\/\/lacartebuissonniere.fr\/wp-content\/uploads\/2025\/07\/D4FFE001-FB43-4307-8775-CAA50841A789_1_105_c-436x600.jpeg 436w, https:\/\/lacartebuissonniere.fr\/wp-content\/uploads\/2025\/07\/D4FFE001-FB43-4307-8775-CAA50841A789_1_105_c.jpeg 756w\" sizes=\"auto, (max-width: 744px) 100vw, 744px\" \/><\/figure>\n<\/figure>\n\n\n\n<p><\/p>\n\n\n\n<p>La saison des cerises bat son plein&nbsp;: envoyez-en en cartes buissonni\u00e8res&nbsp;!<\/p>\n\n\n<div class=\"wp-block-image\">\n<figure class=\"aligncenter size-full\"><img loading=\"lazy\" decoding=\"async\" width=\"768\" height=\"1024\" src=\"https:\/\/lacartebuissonniere.fr\/wp-content\/uploads\/2025\/07\/2070ECBA-1BCA-4012-B382-26613C4A6194_1_105_c-1.jpeg\" alt=\"\" class=\"wp-image-7952\" srcset=\"https:\/\/lacartebuissonniere.fr\/wp-content\/uploads\/2025\/07\/2070ECBA-1BCA-4012-B382-26613C4A6194_1_105_c-1.jpeg 768w, https:\/\/lacartebuissonniere.fr\/wp-content\/uploads\/2025\/07\/2070ECBA-1BCA-4012-B382-26613C4A6194_1_105_c-1-225x300.jpeg 225w, https:\/\/lacartebuissonniere.fr\/wp-content\/uploads\/2025\/07\/2070ECBA-1BCA-4012-B382-26613C4A6194_1_105_c-1-450x600.jpeg 450w\" sizes=\"auto, (max-width: 768px) 100vw, 768px\" \/><\/figure>\n<\/div>","protected":false},"excerpt":{"rendered":"<p>C\u2019est le jour de la cerise dans le calendrier r\u00e9publicain&nbsp;! La cerise, on l\u2019imagine d\u2019un rouge vif. Sa couleur dit tout sur sa maturit\u00e9&nbsp;: plus elle est sombre, plus elle est sucr\u00e9e. Mais il existe aussi des cerises jaunes ou bicolores, m\u00ealant jaune dor\u00e9 et rouge ros\u00e9. Cela n\u2019a pas \u00e9chapp\u00e9 aux enlumineurs de la [&hellip;]<\/p>\n","protected":false},"author":2,"featured_media":0,"comment_status":"open","ping_status":"open","sticky":false,"template":"","format":"standard","meta":{"two_page_speed":[],"footnotes":""},"categories":[16,18],"tags":[],"class_list":["post-7943","post","type-post","status-publish","format-standard","hentry","category-flaneries","category-flaneries-culturelles","entry"],"yoast_head":"<!-- This site is optimized with the Yoast SEO plugin v25.4 - https:\/\/yoast.com\/wordpress\/plugins\/seo\/ -->\n<title>Les cerises des enlumineurs - La carte buissonni\u00e8re<\/title>\n<meta name=\"robots\" content=\"index, follow, max-snippet:-1, max-image-preview:large, max-video-preview:-1\" \/>\n<link rel=\"canonical\" href=\"https:\/\/lacartebuissonniere.fr\/index.php\/2025\/07\/07\/les-cerises-des-enlumineurs\/\" \/>\n<meta property=\"og:locale\" content=\"fr_FR\" \/>\n<meta property=\"og:type\" content=\"article\" \/>\n<meta property=\"og:title\" content=\"Les cerises des enlumineurs - La carte buissonni\u00e8re\" \/>\n<meta property=\"og:description\" content=\"C\u2019est le jour de la cerise dans le calendrier r\u00e9publicain&nbsp;! La cerise, on l\u2019imagine d\u2019un rouge vif. Sa couleur dit tout sur sa maturit\u00e9&nbsp;: plus elle est sombre, plus elle est sucr\u00e9e. Mais il existe aussi des cerises jaunes ou bicolores, m\u00ealant jaune dor\u00e9 et rouge ros\u00e9. Cela n\u2019a pas \u00e9chapp\u00e9 aux enlumineurs de la [&hellip;]\" \/>\n<meta property=\"og:url\" content=\"https:\/\/lacartebuissonniere.fr\/index.php\/2025\/07\/07\/les-cerises-des-enlumineurs\/\" \/>\n<meta property=\"og:site_name\" content=\"La carte buissonni\u00e8re\" \/>\n<meta property=\"article:publisher\" content=\"https:\/\/www.facebook.com\/lacartebuissonniere\/\" \/>\n<meta property=\"article:published_time\" content=\"2025-07-07T07:00:00+00:00\" \/>\n<meta property=\"og:image\" content=\"https:\/\/lacartebuissonniere.fr\/wp-content\/uploads\/2025\/07\/7D4EA8D9-9144-404A-B9D6-641B085F3109_1_201_a.jpeg\" \/>\n\t<meta property=\"og:image:width\" content=\"564\" \/>\n\t<meta property=\"og:image:height\" content=\"848\" \/>\n\t<meta property=\"og:image:type\" content=\"image\/jpeg\" \/>\n<meta name=\"author\" content=\"Carte buissonni\u00e8re\" \/>\n<meta name=\"twitter:card\" content=\"summary_large_image\" \/>\n<meta name=\"twitter:label1\" content=\"\u00c9crit par\" \/>\n\t<meta name=\"twitter:data1\" content=\"Carte buissonni\u00e8re\" \/>\n\t<meta name=\"twitter:label2\" content=\"Dur\u00e9e de lecture estim\u00e9e\" \/>\n\t<meta name=\"twitter:data2\" content=\"3 minutes\" \/>\n<script type=\"application\/ld+json\" class=\"yoast-schema-graph\">{\"@context\":\"https:\/\/schema.org\",\"@graph\":[{\"@type\":\"Article\",\"@id\":\"https:\/\/lacartebuissonniere.fr\/index.php\/2025\/07\/07\/les-cerises-des-enlumineurs\/#article\",\"isPartOf\":{\"@id\":\"https:\/\/lacartebuissonniere.fr\/index.php\/2025\/07\/07\/les-cerises-des-enlumineurs\/\"},\"author\":{\"name\":\"Carte buissonni\u00e8re\",\"@id\":\"https:\/\/lacartebuissonniere.fr\/#\/schema\/person\/4e60af809837a2287e4f6d4daaf7abd4\"},\"headline\":\"Les cerises des enlumineurs\",\"datePublished\":\"2025-07-07T07:00:00+00:00\",\"mainEntityOfPage\":{\"@id\":\"https:\/\/lacartebuissonniere.fr\/index.php\/2025\/07\/07\/les-cerises-des-enlumineurs\/\"},\"wordCount\":143,\"commentCount\":0,\"publisher\":{\"@id\":\"https:\/\/lacartebuissonniere.fr\/#organization\"},\"image\":{\"@id\":\"https:\/\/lacartebuissonniere.fr\/index.php\/2025\/07\/07\/les-cerises-des-enlumineurs\/#primaryimage\"},\"thumbnailUrl\":\"https:\/\/lacartebuissonniere.fr\/wp-content\/uploads\/2025\/07\/7D4EA8D9-9144-404A-B9D6-641B085F3109_1_201_a.jpeg\",\"articleSection\":[\"FL\u00c2NERIES\",\"Fl\u00e2neries culturelles\"],\"inLanguage\":\"fr-FR\",\"potentialAction\":[{\"@type\":\"CommentAction\",\"name\":\"Comment\",\"target\":[\"https:\/\/lacartebuissonniere.fr\/index.php\/2025\/07\/07\/les-cerises-des-enlumineurs\/#respond\"]}]},{\"@type\":\"WebPage\",\"@id\":\"https:\/\/lacartebuissonniere.fr\/index.php\/2025\/07\/07\/les-cerises-des-enlumineurs\/\",\"url\":\"https:\/\/lacartebuissonniere.fr\/index.php\/2025\/07\/07\/les-cerises-des-enlumineurs\/\",\"name\":\"Les cerises des enlumineurs - La carte buissonni\u00e8re\",\"isPartOf\":{\"@id\":\"https:\/\/lacartebuissonniere.fr\/#website\"},\"primaryImageOfPage\":{\"@id\":\"https:\/\/lacartebuissonniere.fr\/index.php\/2025\/07\/07\/les-cerises-des-enlumineurs\/#primaryimage\"},\"image\":{\"@id\":\"https:\/\/lacartebuissonniere.fr\/index.php\/2025\/07\/07\/les-cerises-des-enlumineurs\/#primaryimage\"},\"thumbnailUrl\":\"https:\/\/lacartebuissonniere.fr\/wp-content\/uploads\/2025\/07\/7D4EA8D9-9144-404A-B9D6-641B085F3109_1_201_a.jpeg\",\"datePublished\":\"2025-07-07T07:00:00+00:00\",\"breadcrumb\":{\"@id\":\"https:\/\/lacartebuissonniere.fr\/index.php\/2025\/07\/07\/les-cerises-des-enlumineurs\/#breadcrumb\"},\"inLanguage\":\"fr-FR\",\"potentialAction\":[{\"@type\":\"ReadAction\",\"target\":[\"https:\/\/lacartebuissonniere.fr\/index.php\/2025\/07\/07\/les-cerises-des-enlumineurs\/\"]}]},{\"@type\":\"ImageObject\",\"inLanguage\":\"fr-FR\",\"@id\":\"https:\/\/lacartebuissonniere.fr\/index.php\/2025\/07\/07\/les-cerises-des-enlumineurs\/#primaryimage\",\"url\":\"https:\/\/lacartebuissonniere.fr\/wp-content\/uploads\/2025\/07\/7D4EA8D9-9144-404A-B9D6-641B085F3109_1_201_a.jpeg\",\"contentUrl\":\"https:\/\/lacartebuissonniere.fr\/wp-content\/uploads\/2025\/07\/7D4EA8D9-9144-404A-B9D6-641B085F3109_1_201_a.jpeg\",\"width\":564,\"height\":848},{\"@type\":\"BreadcrumbList\",\"@id\":\"https:\/\/lacartebuissonniere.fr\/index.php\/2025\/07\/07\/les-cerises-des-enlumineurs\/#breadcrumb\",\"itemListElement\":[{\"@type\":\"ListItem\",\"position\":1,\"name\":\"Accueil\",\"item\":\"https:\/\/lacartebuissonniere.fr\/\"},{\"@type\":\"ListItem\",\"position\":2,\"name\":\"Les cerises des enlumineurs\"}]},{\"@type\":\"WebSite\",\"@id\":\"https:\/\/lacartebuissonniere.fr\/#website\",\"url\":\"https:\/\/lacartebuissonniere.fr\/\",\"name\":\"La carte buissonni\u00e8re\",\"description\":\"\",\"publisher\":{\"@id\":\"https:\/\/lacartebuissonniere.fr\/#organization\"},\"potentialAction\":[{\"@type\":\"SearchAction\",\"target\":{\"@type\":\"EntryPoint\",\"urlTemplate\":\"https:\/\/lacartebuissonniere.fr\/?s={search_term_string}\"},\"query-input\":{\"@type\":\"PropertyValueSpecification\",\"valueRequired\":true,\"valueName\":\"search_term_string\"}}],\"inLanguage\":\"fr-FR\"},{\"@type\":\"Organization\",\"@id\":\"https:\/\/lacartebuissonniere.fr\/#organization\",\"name\":\"La carte buissonni\u00e8re\",\"url\":\"https:\/\/lacartebuissonniere.fr\/\",\"logo\":{\"@type\":\"ImageObject\",\"inLanguage\":\"fr-FR\",\"@id\":\"https:\/\/lacartebuissonniere.fr\/#\/schema\/logo\/image\/\",\"url\":\"https:\/\/lacartebuissonniere.fr\/wp-content\/uploads\/2022\/12\/Illustration-sans-titre.jpg\",\"contentUrl\":\"https:\/\/lacartebuissonniere.fr\/wp-content\/uploads\/2022\/12\/Illustration-sans-titre.jpg\",\"width\":637,\"height\":680,\"caption\":\"La carte buissonni\u00e8re\"},\"image\":{\"@id\":\"https:\/\/lacartebuissonniere.fr\/#\/schema\/logo\/image\/\"},\"sameAs\":[\"https:\/\/www.facebook.com\/lacartebuissonniere\/\",\"https:\/\/www.pinterest.fr\/DelphChabanne\/\"]},{\"@type\":\"Person\",\"@id\":\"https:\/\/lacartebuissonniere.fr\/#\/schema\/person\/4e60af809837a2287e4f6d4daaf7abd4\",\"name\":\"Carte buissonni\u00e8re\",\"image\":{\"@type\":\"ImageObject\",\"inLanguage\":\"fr-FR\",\"@id\":\"https:\/\/lacartebuissonniere.fr\/#\/schema\/person\/image\/\",\"url\":\"https:\/\/secure.gravatar.com\/avatar\/b543b5e0f093efbab3dfee8595bf9077ed504ab48ffeb378c9dc263381c278e6?s=96&d=mm&r=g\",\"contentUrl\":\"https:\/\/secure.gravatar.com\/avatar\/b543b5e0f093efbab3dfee8595bf9077ed504ab48ffeb378c9dc263381c278e6?s=96&d=mm&r=g\",\"caption\":\"Carte buissonni\u00e8re\"},\"sameAs\":[\"http:\/\/lacartebuissonniere.fr\"],\"url\":\"https:\/\/lacartebuissonniere.fr\/index.php\/author\/carteb\/\"}]}<\/script>\n<!-- \/ Yoast SEO plugin. -->","yoast_head_json":{"title":"Les cerises des enlumineurs - La carte buissonni\u00e8re","robots":{"index":"index","follow":"follow","max-snippet":"max-snippet:-1","max-image-preview":"max-image-preview:large","max-video-preview":"max-video-preview:-1"},"canonical":"https:\/\/lacartebuissonniere.fr\/index.php\/2025\/07\/07\/les-cerises-des-enlumineurs\/","og_locale":"fr_FR","og_type":"article","og_title":"Les cerises des enlumineurs - La carte buissonni\u00e8re","og_description":"C\u2019est le jour de la cerise dans le calendrier r\u00e9publicain&nbsp;! La cerise, on l\u2019imagine d\u2019un rouge vif. Sa couleur dit tout sur sa maturit\u00e9&nbsp;: plus elle est sombre, plus elle est sucr\u00e9e. Mais il existe aussi des cerises jaunes ou bicolores, m\u00ealant jaune dor\u00e9 et rouge ros\u00e9. Cela n\u2019a pas \u00e9chapp\u00e9 aux enlumineurs de la [&hellip;]","og_url":"https:\/\/lacartebuissonniere.fr\/index.php\/2025\/07\/07\/les-cerises-des-enlumineurs\/","og_site_name":"La carte buissonni\u00e8re","article_publisher":"https:\/\/www.facebook.com\/lacartebuissonniere\/","article_published_time":"2025-07-07T07:00:00+00:00","og_image":[{"width":564,"height":848,"url":"https:\/\/lacartebuissonniere.fr\/wp-content\/uploads\/2025\/07\/7D4EA8D9-9144-404A-B9D6-641B085F3109_1_201_a.jpeg","type":"image\/jpeg"}],"author":"Carte buissonni\u00e8re","twitter_card":"summary_large_image","twitter_misc":{"\u00c9crit par":"Carte buissonni\u00e8re","Dur\u00e9e de lecture estim\u00e9e":"3 minutes"},"schema":{"@context":"https:\/\/schema.org","@graph":[{"@type":"Article","@id":"https:\/\/lacartebuissonniere.fr\/index.php\/2025\/07\/07\/les-cerises-des-enlumineurs\/#article","isPartOf":{"@id":"https:\/\/lacartebuissonniere.fr\/index.php\/2025\/07\/07\/les-cerises-des-enlumineurs\/"},"author":{"name":"Carte buissonni\u00e8re","@id":"https:\/\/lacartebuissonniere.fr\/#\/schema\/person\/4e60af809837a2287e4f6d4daaf7abd4"},"headline":"Les cerises des enlumineurs","datePublished":"2025-07-07T07:00:00+00:00","mainEntityOfPage":{"@id":"https:\/\/lacartebuissonniere.fr\/index.php\/2025\/07\/07\/les-cerises-des-enlumineurs\/"},"wordCount":143,"commentCount":0,"publisher":{"@id":"https:\/\/lacartebuissonniere.fr\/#organization"},"image":{"@id":"https:\/\/lacartebuissonniere.fr\/index.php\/2025\/07\/07\/les-cerises-des-enlumineurs\/#primaryimage"},"thumbnailUrl":"https:\/\/lacartebuissonniere.fr\/wp-content\/uploads\/2025\/07\/7D4EA8D9-9144-404A-B9D6-641B085F3109_1_201_a.jpeg","articleSection":["FL\u00c2NERIES","Fl\u00e2neries culturelles"],"inLanguage":"fr-FR","potentialAction":[{"@type":"CommentAction","name":"Comment","target":["https:\/\/lacartebuissonniere.fr\/index.php\/2025\/07\/07\/les-cerises-des-enlumineurs\/#respond"]}]},{"@type":"WebPage","@id":"https:\/\/lacartebuissonniere.fr\/index.php\/2025\/07\/07\/les-cerises-des-enlumineurs\/","url":"https:\/\/lacartebuissonniere.fr\/index.php\/2025\/07\/07\/les-cerises-des-enlumineurs\/","name":"Les cerises des enlumineurs - La carte buissonni\u00e8re","isPartOf":{"@id":"https:\/\/lacartebuissonniere.fr\/#website"},"primaryImageOfPage":{"@id":"https:\/\/lacartebuissonniere.fr\/index.php\/2025\/07\/07\/les-cerises-des-enlumineurs\/#primaryimage"},"image":{"@id":"https:\/\/lacartebuissonniere.fr\/index.php\/2025\/07\/07\/les-cerises-des-enlumineurs\/#primaryimage"},"thumbnailUrl":"https:\/\/lacartebuissonniere.fr\/wp-content\/uploads\/2025\/07\/7D4EA8D9-9144-404A-B9D6-641B085F3109_1_201_a.jpeg","datePublished":"2025-07-07T07:00:00+00:00","breadcrumb":{"@id":"https:\/\/lacartebuissonniere.fr\/index.php\/2025\/07\/07\/les-cerises-des-enlumineurs\/#breadcrumb"},"inLanguage":"fr-FR","potentialAction":[{"@type":"ReadAction","target":["https:\/\/lacartebuissonniere.fr\/index.php\/2025\/07\/07\/les-cerises-des-enlumineurs\/"]}]},{"@type":"ImageObject","inLanguage":"fr-FR","@id":"https:\/\/lacartebuissonniere.fr\/index.php\/2025\/07\/07\/les-cerises-des-enlumineurs\/#primaryimage","url":"https:\/\/lacartebuissonniere.fr\/wp-content\/uploads\/2025\/07\/7D4EA8D9-9144-404A-B9D6-641B085F3109_1_201_a.jpeg","contentUrl":"https:\/\/lacartebuissonniere.fr\/wp-content\/uploads\/2025\/07\/7D4EA8D9-9144-404A-B9D6-641B085F3109_1_201_a.jpeg","width":564,"height":848},{"@type":"BreadcrumbList","@id":"https:\/\/lacartebuissonniere.fr\/index.php\/2025\/07\/07\/les-cerises-des-enlumineurs\/#breadcrumb","itemListElement":[{"@type":"ListItem","position":1,"name":"Accueil","item":"https:\/\/lacartebuissonniere.fr\/"},{"@type":"ListItem","position":2,"name":"Les cerises des enlumineurs"}]},{"@type":"WebSite","@id":"https:\/\/lacartebuissonniere.fr\/#website","url":"https:\/\/lacartebuissonniere.fr\/","name":"La carte buissonni\u00e8re","description":"","publisher":{"@id":"https:\/\/lacartebuissonniere.fr\/#organization"},"potentialAction":[{"@type":"SearchAction","target":{"@type":"EntryPoint","urlTemplate":"https:\/\/lacartebuissonniere.fr\/?s={search_term_string}"},"query-input":{"@type":"PropertyValueSpecification","valueRequired":true,"valueName":"search_term_string"}}],"inLanguage":"fr-FR"},{"@type":"Organization","@id":"https:\/\/lacartebuissonniere.fr\/#organization","name":"La carte buissonni\u00e8re","url":"https:\/\/lacartebuissonniere.fr\/","logo":{"@type":"ImageObject","inLanguage":"fr-FR","@id":"https:\/\/lacartebuissonniere.fr\/#\/schema\/logo\/image\/","url":"https:\/\/lacartebuissonniere.fr\/wp-content\/uploads\/2022\/12\/Illustration-sans-titre.jpg","contentUrl":"https:\/\/lacartebuissonniere.fr\/wp-content\/uploads\/2022\/12\/Illustration-sans-titre.jpg","width":637,"height":680,"caption":"La carte buissonni\u00e8re"},"image":{"@id":"https:\/\/lacartebuissonniere.fr\/#\/schema\/logo\/image\/"},"sameAs":["https:\/\/www.facebook.com\/lacartebuissonniere\/","https:\/\/www.pinterest.fr\/DelphChabanne\/"]},{"@type":"Person","@id":"https:\/\/lacartebuissonniere.fr\/#\/schema\/person\/4e60af809837a2287e4f6d4daaf7abd4","name":"Carte buissonni\u00e8re","image":{"@type":"ImageObject","inLanguage":"fr-FR","@id":"https:\/\/lacartebuissonniere.fr\/#\/schema\/person\/image\/","url":"https:\/\/secure.gravatar.com\/avatar\/b543b5e0f093efbab3dfee8595bf9077ed504ab48ffeb378c9dc263381c278e6?s=96&d=mm&r=g","contentUrl":"https:\/\/secure.gravatar.com\/avatar\/b543b5e0f093efbab3dfee8595bf9077ed504ab48ffeb378c9dc263381c278e6?s=96&d=mm&r=g","caption":"Carte buissonni\u00e8re"},"sameAs":["http:\/\/lacartebuissonniere.fr"],"url":"https:\/\/lacartebuissonniere.fr\/index.php\/author\/carteb\/"}]}},"_links":{"self":[{"href":"https:\/\/lacartebuissonniere.fr\/index.php\/wp-json\/wp\/v2\/posts\/7943","targetHints":{"allow":["GET"]}}],"collection":[{"href":"https:\/\/lacartebuissonniere.fr\/index.php\/wp-json\/wp\/v2\/posts"}],"about":[{"href":"https:\/\/lacartebuissonniere.fr\/index.php\/wp-json\/wp\/v2\/types\/post"}],"author":[{"embeddable":true,"href":"https:\/\/lacartebuissonniere.fr\/index.php\/wp-json\/wp\/v2\/users\/2"}],"replies":[{"embeddable":true,"href":"https:\/\/lacartebuissonniere.fr\/index.php\/wp-json\/wp\/v2\/comments?post=7943"}],"version-history":[{"count":2,"href":"https:\/\/lacartebuissonniere.fr\/index.php\/wp-json\/wp\/v2\/posts\/7943\/revisions"}],"predecessor-version":[{"id":7954,"href":"https:\/\/lacartebuissonniere.fr\/index.php\/wp-json\/wp\/v2\/posts\/7943\/revisions\/7954"}],"wp:attachment":[{"href":"https:\/\/lacartebuissonniere.fr\/index.php\/wp-json\/wp\/v2\/media?parent=7943"}],"wp:term":[{"taxonomy":"category","embeddable":true,"href":"https:\/\/lacartebuissonniere.fr\/index.php\/wp-json\/wp\/v2\/categories?post=7943"},{"taxonomy":"post_tag","embeddable":true,"href":"https:\/\/lacartebuissonniere.fr\/index.php\/wp-json\/wp\/v2\/tags?post=7943"}],"curies":[{"name":"wp","href":"https:\/\/api.w.org\/{rel}","templated":true}]}}