{"id":7956,"date":"2025-07-09T09:00:00","date_gmt":"2025-07-09T07:00:00","guid":{"rendered":"https:\/\/lacartebuissonniere.fr\/?p=7956"},"modified":"2025-07-03T20:57:59","modified_gmt":"2025-07-03T18:57:59","slug":"cornets-a-la-menthe","status":"publish","type":"post","link":"https:\/\/lacartebuissonniere.fr\/index.php\/2025\/07\/09\/cornets-a-la-menthe\/","title":{"rendered":"Cornets \u00e0 la menthe"},"content":{"rendered":"\n<p><\/p>\n\n\n\n<p>C\u2019est le <a href=\"https:\/\/lacartebuissonniere.fr\/index.php\/2024\/07\/09\/sous-le-signe-de-la-menthe\/\" target=\"_blank\" rel=\"noreferrer noopener\">jour de la menthe<\/a> dans le calendrier r\u00e9publicain\u00a0!<\/p>\n\n\n\n<p>Par ces chaudes journ\u00e9es de juillet, la glace \u00e0 la menthe, c\u2019est la promesse d\u2019une explosion de fra\u00eecheur qui m\u00eale douceur lact\u00e9e et note v\u00e9g\u00e9tale.<\/p>\n\n\n<div class=\"wp-block-image\">\n<figure class=\"aligncenter size-full\"><img loading=\"lazy\" decoding=\"async\" width=\"896\" height=\"717\" src=\"https:\/\/lacartebuissonniere.fr\/wp-content\/uploads\/2025\/07\/0AB3BCD0-5644-4CCA-8086-4491C0C3D013_1_201_a.jpeg\" alt=\"\" class=\"wp-image-7958\" srcset=\"https:\/\/lacartebuissonniere.fr\/wp-content\/uploads\/2025\/07\/0AB3BCD0-5644-4CCA-8086-4491C0C3D013_1_201_a.jpeg 896w, https:\/\/lacartebuissonniere.fr\/wp-content\/uploads\/2025\/07\/0AB3BCD0-5644-4CCA-8086-4491C0C3D013_1_201_a-300x240.jpeg 300w, https:\/\/lacartebuissonniere.fr\/wp-content\/uploads\/2025\/07\/0AB3BCD0-5644-4CCA-8086-4491C0C3D013_1_201_a-768x615.jpeg 768w, https:\/\/lacartebuissonniere.fr\/wp-content\/uploads\/2025\/07\/0AB3BCD0-5644-4CCA-8086-4491C0C3D013_1_201_a-600x480.jpeg 600w\" sizes=\"auto, (max-width: 896px) 100vw, 896px\" \/><\/figure>\n<\/div>\n\n\n<p>J\u2019ai eu envie d\u2019illustrer ce plaisir givr\u00e9 avec ma nouvelle collection de glaces \u00e0 l\u2019italienne, en confectionnant des cornets \u00e0 la menthe japonisants\u00a0:<\/p>\n\n\n<div class=\"wp-block-image\">\n<figure class=\"aligncenter size-large\"><img loading=\"lazy\" decoding=\"async\" width=\"819\" height=\"1024\" src=\"https:\/\/lacartebuissonniere.fr\/wp-content\/uploads\/2025\/07\/34B952BA-1625-45AB-B044-73ED1226179E_1_201_a-819x1024.jpg\" alt=\"\" class=\"wp-image-7959\" srcset=\"https:\/\/lacartebuissonniere.fr\/wp-content\/uploads\/2025\/07\/34B952BA-1625-45AB-B044-73ED1226179E_1_201_a-819x1024.jpg 819w, https:\/\/lacartebuissonniere.fr\/wp-content\/uploads\/2025\/07\/34B952BA-1625-45AB-B044-73ED1226179E_1_201_a-240x300.jpg 240w, https:\/\/lacartebuissonniere.fr\/wp-content\/uploads\/2025\/07\/34B952BA-1625-45AB-B044-73ED1226179E_1_201_a-768x960.jpg 768w, https:\/\/lacartebuissonniere.fr\/wp-content\/uploads\/2025\/07\/34B952BA-1625-45AB-B044-73ED1226179E_1_201_a-1229x1536.jpg 1229w, https:\/\/lacartebuissonniere.fr\/wp-content\/uploads\/2025\/07\/34B952BA-1625-45AB-B044-73ED1226179E_1_201_a-1639x2048.jpg 1639w, https:\/\/lacartebuissonniere.fr\/wp-content\/uploads\/2025\/07\/34B952BA-1625-45AB-B044-73ED1226179E_1_201_a-480x600.jpg 480w, https:\/\/lacartebuissonniere.fr\/wp-content\/uploads\/2025\/07\/34B952BA-1625-45AB-B044-73ED1226179E_1_201_a-scaled.jpg 2048w\" sizes=\"auto, (max-width: 819px) 100vw, 819px\" \/><\/figure>\n<\/div>\n\n\n<p><\/p>\n\n\n\n<p>Vous aurez reconnu les motifs <em><a href=\"https:\/\/lacartebuissonniere.fr\/index.php\/2023\/07\/12\/motif-matsu\/\" target=\"_blank\" rel=\"noreferrer noopener\">matsu<\/a><\/em>, <em><a href=\"https:\/\/lacartebuissonniere.fr\/index.php\/2023\/10\/04\/motif-sakura\/\" target=\"_blank\" rel=\"noreferrer noopener\">sakura<\/a><\/em> et <em><a href=\"https:\/\/lacartebuissonniere.fr\/index.php\/2024\/02\/07\/variations-sur-ume\/\">neji-ume<\/a><\/em>.<\/p>\n\n\n\n<p><\/p>\n","protected":false},"excerpt":{"rendered":"<p>C\u2019est le jour de la menthe dans le calendrier r\u00e9publicain\u00a0! Par ces chaudes journ\u00e9es de juillet, la glace \u00e0 la menthe, c\u2019est la promesse d\u2019une explosion de fra\u00eecheur qui m\u00eale douceur lact\u00e9e et note v\u00e9g\u00e9tale. J\u2019ai eu envie d\u2019illustrer ce plaisir givr\u00e9 avec ma nouvelle collection de glaces \u00e0 l\u2019italienne, en confectionnant des cornets \u00e0 [&hellip;]<\/p>\n","protected":false},"author":2,"featured_media":0,"comment_status":"open","ping_status":"open","sticky":false,"template":"","format":"standard","meta":{"two_page_speed":[],"footnotes":""},"categories":[15],"tags":[],"class_list":["post-7956","post","type-post","status-publish","format-standard","hentry","category-coulisses","entry"],"yoast_head":"<!-- This site is optimized with the Yoast SEO plugin v25.4 - https:\/\/yoast.com\/wordpress\/plugins\/seo\/ -->\n<title>Cornets \u00e0 la menthe - La carte buissonni\u00e8re<\/title>\n<meta name=\"robots\" content=\"index, follow, max-snippet:-1, max-image-preview:large, max-video-preview:-1\" \/>\n<link rel=\"canonical\" href=\"https:\/\/lacartebuissonniere.fr\/index.php\/2025\/07\/09\/cornets-a-la-menthe\/\" \/>\n<meta property=\"og:locale\" content=\"fr_FR\" \/>\n<meta property=\"og:type\" content=\"article\" \/>\n<meta property=\"og:title\" content=\"Cornets \u00e0 la menthe - La carte buissonni\u00e8re\" \/>\n<meta property=\"og:description\" content=\"C\u2019est le jour de la menthe dans le calendrier r\u00e9publicain\u00a0! Par ces chaudes journ\u00e9es de juillet, la glace \u00e0 la menthe, c\u2019est la promesse d\u2019une explosion de fra\u00eecheur qui m\u00eale douceur lact\u00e9e et note v\u00e9g\u00e9tale. J\u2019ai eu envie d\u2019illustrer ce plaisir givr\u00e9 avec ma nouvelle collection de glaces \u00e0 l\u2019italienne, en confectionnant des cornets \u00e0 [&hellip;]\" \/>\n<meta property=\"og:url\" content=\"https:\/\/lacartebuissonniere.fr\/index.php\/2025\/07\/09\/cornets-a-la-menthe\/\" \/>\n<meta property=\"og:site_name\" content=\"La carte buissonni\u00e8re\" \/>\n<meta property=\"article:publisher\" content=\"https:\/\/www.facebook.com\/lacartebuissonniere\/\" \/>\n<meta property=\"article:published_time\" content=\"2025-07-09T07:00:00+00:00\" \/>\n<meta property=\"og:image\" content=\"https:\/\/lacartebuissonniere.fr\/wp-content\/uploads\/2025\/07\/0AB3BCD0-5644-4CCA-8086-4491C0C3D013_1_201_a.jpeg\" \/>\n\t<meta property=\"og:image:width\" content=\"896\" \/>\n\t<meta property=\"og:image:height\" content=\"717\" \/>\n\t<meta property=\"og:image:type\" content=\"image\/jpeg\" \/>\n<meta name=\"author\" content=\"Carte buissonni\u00e8re\" \/>\n<meta name=\"twitter:card\" content=\"summary_large_image\" \/>\n<meta name=\"twitter:label1\" content=\"\u00c9crit par\" \/>\n\t<meta name=\"twitter:data1\" content=\"Carte buissonni\u00e8re\" \/>\n\t<meta name=\"twitter:label2\" content=\"Dur\u00e9e de lecture estim\u00e9e\" \/>\n\t<meta name=\"twitter:data2\" content=\"1 minute\" \/>\n<script type=\"application\/ld+json\" class=\"yoast-schema-graph\">{\"@context\":\"https:\/\/schema.org\",\"@graph\":[{\"@type\":\"Article\",\"@id\":\"https:\/\/lacartebuissonniere.fr\/index.php\/2025\/07\/09\/cornets-a-la-menthe\/#article\",\"isPartOf\":{\"@id\":\"https:\/\/lacartebuissonniere.fr\/index.php\/2025\/07\/09\/cornets-a-la-menthe\/\"},\"author\":{\"name\":\"Carte buissonni\u00e8re\",\"@id\":\"https:\/\/lacartebuissonniere.fr\/#\/schema\/person\/4e60af809837a2287e4f6d4daaf7abd4\"},\"headline\":\"Cornets \u00e0 la menthe\",\"datePublished\":\"2025-07-09T07:00:00+00:00\",\"mainEntityOfPage\":{\"@id\":\"https:\/\/lacartebuissonniere.fr\/index.php\/2025\/07\/09\/cornets-a-la-menthe\/\"},\"wordCount\":80,\"commentCount\":0,\"publisher\":{\"@id\":\"https:\/\/lacartebuissonniere.fr\/#organization\"},\"image\":{\"@id\":\"https:\/\/lacartebuissonniere.fr\/index.php\/2025\/07\/09\/cornets-a-la-menthe\/#primaryimage\"},\"thumbnailUrl\":\"https:\/\/lacartebuissonniere.fr\/wp-content\/uploads\/2025\/07\/0AB3BCD0-5644-4CCA-8086-4491C0C3D013_1_201_a.jpeg\",\"articleSection\":[\"COULISSES\"],\"inLanguage\":\"fr-FR\",\"potentialAction\":[{\"@type\":\"CommentAction\",\"name\":\"Comment\",\"target\":[\"https:\/\/lacartebuissonniere.fr\/index.php\/2025\/07\/09\/cornets-a-la-menthe\/#respond\"]}]},{\"@type\":\"WebPage\",\"@id\":\"https:\/\/lacartebuissonniere.fr\/index.php\/2025\/07\/09\/cornets-a-la-menthe\/\",\"url\":\"https:\/\/lacartebuissonniere.fr\/index.php\/2025\/07\/09\/cornets-a-la-menthe\/\",\"name\":\"Cornets \u00e0 la menthe - La carte buissonni\u00e8re\",\"isPartOf\":{\"@id\":\"https:\/\/lacartebuissonniere.fr\/#website\"},\"primaryImageOfPage\":{\"@id\":\"https:\/\/lacartebuissonniere.fr\/index.php\/2025\/07\/09\/cornets-a-la-menthe\/#primaryimage\"},\"image\":{\"@id\":\"https:\/\/lacartebuissonniere.fr\/index.php\/2025\/07\/09\/cornets-a-la-menthe\/#primaryimage\"},\"thumbnailUrl\":\"https:\/\/lacartebuissonniere.fr\/wp-content\/uploads\/2025\/07\/0AB3BCD0-5644-4CCA-8086-4491C0C3D013_1_201_a.jpeg\",\"datePublished\":\"2025-07-09T07:00:00+00:00\",\"breadcrumb\":{\"@id\":\"https:\/\/lacartebuissonniere.fr\/index.php\/2025\/07\/09\/cornets-a-la-menthe\/#breadcrumb\"},\"inLanguage\":\"fr-FR\",\"potentialAction\":[{\"@type\":\"ReadAction\",\"target\":[\"https:\/\/lacartebuissonniere.fr\/index.php\/2025\/07\/09\/cornets-a-la-menthe\/\"]}]},{\"@type\":\"ImageObject\",\"inLanguage\":\"fr-FR\",\"@id\":\"https:\/\/lacartebuissonniere.fr\/index.php\/2025\/07\/09\/cornets-a-la-menthe\/#primaryimage\",\"url\":\"https:\/\/lacartebuissonniere.fr\/wp-content\/uploads\/2025\/07\/0AB3BCD0-5644-4CCA-8086-4491C0C3D013_1_201_a.jpeg\",\"contentUrl\":\"https:\/\/lacartebuissonniere.fr\/wp-content\/uploads\/2025\/07\/0AB3BCD0-5644-4CCA-8086-4491C0C3D013_1_201_a.jpeg\",\"width\":896,\"height\":717},{\"@type\":\"BreadcrumbList\",\"@id\":\"https:\/\/lacartebuissonniere.fr\/index.php\/2025\/07\/09\/cornets-a-la-menthe\/#breadcrumb\",\"itemListElement\":[{\"@type\":\"ListItem\",\"position\":1,\"name\":\"Accueil\",\"item\":\"https:\/\/lacartebuissonniere.fr\/\"},{\"@type\":\"ListItem\",\"position\":2,\"name\":\"Cornets \u00e0 la menthe\"}]},{\"@type\":\"WebSite\",\"@id\":\"https:\/\/lacartebuissonniere.fr\/#website\",\"url\":\"https:\/\/lacartebuissonniere.fr\/\",\"name\":\"La carte buissonni\u00e8re\",\"description\":\"\",\"publisher\":{\"@id\":\"https:\/\/lacartebuissonniere.fr\/#organization\"},\"potentialAction\":[{\"@type\":\"SearchAction\",\"target\":{\"@type\":\"EntryPoint\",\"urlTemplate\":\"https:\/\/lacartebuissonniere.fr\/?s={search_term_string}\"},\"query-input\":{\"@type\":\"PropertyValueSpecification\",\"valueRequired\":true,\"valueName\":\"search_term_string\"}}],\"inLanguage\":\"fr-FR\"},{\"@type\":\"Organization\",\"@id\":\"https:\/\/lacartebuissonniere.fr\/#organization\",\"name\":\"La carte buissonni\u00e8re\",\"url\":\"https:\/\/lacartebuissonniere.fr\/\",\"logo\":{\"@type\":\"ImageObject\",\"inLanguage\":\"fr-FR\",\"@id\":\"https:\/\/lacartebuissonniere.fr\/#\/schema\/logo\/image\/\",\"url\":\"https:\/\/lacartebuissonniere.fr\/wp-content\/uploads\/2022\/12\/Illustration-sans-titre.jpg\",\"contentUrl\":\"https:\/\/lacartebuissonniere.fr\/wp-content\/uploads\/2022\/12\/Illustration-sans-titre.jpg\",\"width\":637,\"height\":680,\"caption\":\"La carte buissonni\u00e8re\"},\"image\":{\"@id\":\"https:\/\/lacartebuissonniere.fr\/#\/schema\/logo\/image\/\"},\"sameAs\":[\"https:\/\/www.facebook.com\/lacartebuissonniere\/\",\"https:\/\/www.pinterest.fr\/DelphChabanne\/\"]},{\"@type\":\"Person\",\"@id\":\"https:\/\/lacartebuissonniere.fr\/#\/schema\/person\/4e60af809837a2287e4f6d4daaf7abd4\",\"name\":\"Carte buissonni\u00e8re\",\"image\":{\"@type\":\"ImageObject\",\"inLanguage\":\"fr-FR\",\"@id\":\"https:\/\/lacartebuissonniere.fr\/#\/schema\/person\/image\/\",\"url\":\"https:\/\/secure.gravatar.com\/avatar\/b543b5e0f093efbab3dfee8595bf9077ed504ab48ffeb378c9dc263381c278e6?s=96&d=mm&r=g\",\"contentUrl\":\"https:\/\/secure.gravatar.com\/avatar\/b543b5e0f093efbab3dfee8595bf9077ed504ab48ffeb378c9dc263381c278e6?s=96&d=mm&r=g\",\"caption\":\"Carte buissonni\u00e8re\"},\"sameAs\":[\"http:\/\/lacartebuissonniere.fr\"],\"url\":\"https:\/\/lacartebuissonniere.fr\/index.php\/author\/carteb\/\"}]}<\/script>\n<!-- \/ Yoast SEO plugin. -->","yoast_head_json":{"title":"Cornets \u00e0 la menthe - La carte buissonni\u00e8re","robots":{"index":"index","follow":"follow","max-snippet":"max-snippet:-1","max-image-preview":"max-image-preview:large","max-video-preview":"max-video-preview:-1"},"canonical":"https:\/\/lacartebuissonniere.fr\/index.php\/2025\/07\/09\/cornets-a-la-menthe\/","og_locale":"fr_FR","og_type":"article","og_title":"Cornets \u00e0 la menthe - La carte buissonni\u00e8re","og_description":"C\u2019est le jour de la menthe dans le calendrier r\u00e9publicain\u00a0! Par ces chaudes journ\u00e9es de juillet, la glace \u00e0 la menthe, c\u2019est la promesse d\u2019une explosion de fra\u00eecheur qui m\u00eale douceur lact\u00e9e et note v\u00e9g\u00e9tale. J\u2019ai eu envie d\u2019illustrer ce plaisir givr\u00e9 avec ma nouvelle collection de glaces \u00e0 l\u2019italienne, en confectionnant des cornets \u00e0 [&hellip;]","og_url":"https:\/\/lacartebuissonniere.fr\/index.php\/2025\/07\/09\/cornets-a-la-menthe\/","og_site_name":"La carte buissonni\u00e8re","article_publisher":"https:\/\/www.facebook.com\/lacartebuissonniere\/","article_published_time":"2025-07-09T07:00:00+00:00","og_image":[{"width":896,"height":717,"url":"https:\/\/lacartebuissonniere.fr\/wp-content\/uploads\/2025\/07\/0AB3BCD0-5644-4CCA-8086-4491C0C3D013_1_201_a.jpeg","type":"image\/jpeg"}],"author":"Carte buissonni\u00e8re","twitter_card":"summary_large_image","twitter_misc":{"\u00c9crit par":"Carte buissonni\u00e8re","Dur\u00e9e de lecture estim\u00e9e":"1 minute"},"schema":{"@context":"https:\/\/schema.org","@graph":[{"@type":"Article","@id":"https:\/\/lacartebuissonniere.fr\/index.php\/2025\/07\/09\/cornets-a-la-menthe\/#article","isPartOf":{"@id":"https:\/\/lacartebuissonniere.fr\/index.php\/2025\/07\/09\/cornets-a-la-menthe\/"},"author":{"name":"Carte buissonni\u00e8re","@id":"https:\/\/lacartebuissonniere.fr\/#\/schema\/person\/4e60af809837a2287e4f6d4daaf7abd4"},"headline":"Cornets \u00e0 la menthe","datePublished":"2025-07-09T07:00:00+00:00","mainEntityOfPage":{"@id":"https:\/\/lacartebuissonniere.fr\/index.php\/2025\/07\/09\/cornets-a-la-menthe\/"},"wordCount":80,"commentCount":0,"publisher":{"@id":"https:\/\/lacartebuissonniere.fr\/#organization"},"image":{"@id":"https:\/\/lacartebuissonniere.fr\/index.php\/2025\/07\/09\/cornets-a-la-menthe\/#primaryimage"},"thumbnailUrl":"https:\/\/lacartebuissonniere.fr\/wp-content\/uploads\/2025\/07\/0AB3BCD0-5644-4CCA-8086-4491C0C3D013_1_201_a.jpeg","articleSection":["COULISSES"],"inLanguage":"fr-FR","potentialAction":[{"@type":"CommentAction","name":"Comment","target":["https:\/\/lacartebuissonniere.fr\/index.php\/2025\/07\/09\/cornets-a-la-menthe\/#respond"]}]},{"@type":"WebPage","@id":"https:\/\/lacartebuissonniere.fr\/index.php\/2025\/07\/09\/cornets-a-la-menthe\/","url":"https:\/\/lacartebuissonniere.fr\/index.php\/2025\/07\/09\/cornets-a-la-menthe\/","name":"Cornets \u00e0 la menthe - La carte buissonni\u00e8re","isPartOf":{"@id":"https:\/\/lacartebuissonniere.fr\/#website"},"primaryImageOfPage":{"@id":"https:\/\/lacartebuissonniere.fr\/index.php\/2025\/07\/09\/cornets-a-la-menthe\/#primaryimage"},"image":{"@id":"https:\/\/lacartebuissonniere.fr\/index.php\/2025\/07\/09\/cornets-a-la-menthe\/#primaryimage"},"thumbnailUrl":"https:\/\/lacartebuissonniere.fr\/wp-content\/uploads\/2025\/07\/0AB3BCD0-5644-4CCA-8086-4491C0C3D013_1_201_a.jpeg","datePublished":"2025-07-09T07:00:00+00:00","breadcrumb":{"@id":"https:\/\/lacartebuissonniere.fr\/index.php\/2025\/07\/09\/cornets-a-la-menthe\/#breadcrumb"},"inLanguage":"fr-FR","potentialAction":[{"@type":"ReadAction","target":["https:\/\/lacartebuissonniere.fr\/index.php\/2025\/07\/09\/cornets-a-la-menthe\/"]}]},{"@type":"ImageObject","inLanguage":"fr-FR","@id":"https:\/\/lacartebuissonniere.fr\/index.php\/2025\/07\/09\/cornets-a-la-menthe\/#primaryimage","url":"https:\/\/lacartebuissonniere.fr\/wp-content\/uploads\/2025\/07\/0AB3BCD0-5644-4CCA-8086-4491C0C3D013_1_201_a.jpeg","contentUrl":"https:\/\/lacartebuissonniere.fr\/wp-content\/uploads\/2025\/07\/0AB3BCD0-5644-4CCA-8086-4491C0C3D013_1_201_a.jpeg","width":896,"height":717},{"@type":"BreadcrumbList","@id":"https:\/\/lacartebuissonniere.fr\/index.php\/2025\/07\/09\/cornets-a-la-menthe\/#breadcrumb","itemListElement":[{"@type":"ListItem","position":1,"name":"Accueil","item":"https:\/\/lacartebuissonniere.fr\/"},{"@type":"ListItem","position":2,"name":"Cornets \u00e0 la menthe"}]},{"@type":"WebSite","@id":"https:\/\/lacartebuissonniere.fr\/#website","url":"https:\/\/lacartebuissonniere.fr\/","name":"La carte buissonni\u00e8re","description":"","publisher":{"@id":"https:\/\/lacartebuissonniere.fr\/#organization"},"potentialAction":[{"@type":"SearchAction","target":{"@type":"EntryPoint","urlTemplate":"https:\/\/lacartebuissonniere.fr\/?s={search_term_string}"},"query-input":{"@type":"PropertyValueSpecification","valueRequired":true,"valueName":"search_term_string"}}],"inLanguage":"fr-FR"},{"@type":"Organization","@id":"https:\/\/lacartebuissonniere.fr\/#organization","name":"La carte buissonni\u00e8re","url":"https:\/\/lacartebuissonniere.fr\/","logo":{"@type":"ImageObject","inLanguage":"fr-FR","@id":"https:\/\/lacartebuissonniere.fr\/#\/schema\/logo\/image\/","url":"https:\/\/lacartebuissonniere.fr\/wp-content\/uploads\/2022\/12\/Illustration-sans-titre.jpg","contentUrl":"https:\/\/lacartebuissonniere.fr\/wp-content\/uploads\/2022\/12\/Illustration-sans-titre.jpg","width":637,"height":680,"caption":"La carte buissonni\u00e8re"},"image":{"@id":"https:\/\/lacartebuissonniere.fr\/#\/schema\/logo\/image\/"},"sameAs":["https:\/\/www.facebook.com\/lacartebuissonniere\/","https:\/\/www.pinterest.fr\/DelphChabanne\/"]},{"@type":"Person","@id":"https:\/\/lacartebuissonniere.fr\/#\/schema\/person\/4e60af809837a2287e4f6d4daaf7abd4","name":"Carte buissonni\u00e8re","image":{"@type":"ImageObject","inLanguage":"fr-FR","@id":"https:\/\/lacartebuissonniere.fr\/#\/schema\/person\/image\/","url":"https:\/\/secure.gravatar.com\/avatar\/b543b5e0f093efbab3dfee8595bf9077ed504ab48ffeb378c9dc263381c278e6?s=96&d=mm&r=g","contentUrl":"https:\/\/secure.gravatar.com\/avatar\/b543b5e0f093efbab3dfee8595bf9077ed504ab48ffeb378c9dc263381c278e6?s=96&d=mm&r=g","caption":"Carte buissonni\u00e8re"},"sameAs":["http:\/\/lacartebuissonniere.fr"],"url":"https:\/\/lacartebuissonniere.fr\/index.php\/author\/carteb\/"}]}},"_links":{"self":[{"href":"https:\/\/lacartebuissonniere.fr\/index.php\/wp-json\/wp\/v2\/posts\/7956","targetHints":{"allow":["GET"]}}],"collection":[{"href":"https:\/\/lacartebuissonniere.fr\/index.php\/wp-json\/wp\/v2\/posts"}],"about":[{"href":"https:\/\/lacartebuissonniere.fr\/index.php\/wp-json\/wp\/v2\/types\/post"}],"author":[{"embeddable":true,"href":"https:\/\/lacartebuissonniere.fr\/index.php\/wp-json\/wp\/v2\/users\/2"}],"replies":[{"embeddable":true,"href":"https:\/\/lacartebuissonniere.fr\/index.php\/wp-json\/wp\/v2\/comments?post=7956"}],"version-history":[{"count":1,"href":"https:\/\/lacartebuissonniere.fr\/index.php\/wp-json\/wp\/v2\/posts\/7956\/revisions"}],"predecessor-version":[{"id":7960,"href":"https:\/\/lacartebuissonniere.fr\/index.php\/wp-json\/wp\/v2\/posts\/7956\/revisions\/7960"}],"wp:attachment":[{"href":"https:\/\/lacartebuissonniere.fr\/index.php\/wp-json\/wp\/v2\/media?parent=7956"}],"wp:term":[{"taxonomy":"category","embeddable":true,"href":"https:\/\/lacartebuissonniere.fr\/index.php\/wp-json\/wp\/v2\/categories?post=7956"},{"taxonomy":"post_tag","embeddable":true,"href":"https:\/\/lacartebuissonniere.fr\/index.php\/wp-json\/wp\/v2\/tags?post=7956"}],"curies":[{"name":"wp","href":"https:\/\/api.w.org\/{rel}","templated":true}]}}