{"id":7996,"date":"2025-07-16T09:00:00","date_gmt":"2025-07-16T07:00:00","guid":{"rendered":"https:\/\/lacartebuissonniere.fr\/?p=7996"},"modified":"2025-07-09T11:46:36","modified_gmt":"2025-07-09T09:46:36","slug":"passion-washi-asagao-fleur-de-juillet","status":"publish","type":"post","link":"https:\/\/lacartebuissonniere.fr\/index.php\/2025\/07\/16\/passion-washi-asagao-fleur-de-juillet\/","title":{"rendered":"Passion washi\u00a0: asagao, fleur de juillet"},"content":{"rendered":"\n<p><\/p>\n\n\n\n<p>Populaire d\u00e8s l\u2019\u00e9poque Edo (1603-1868), <em>asagao<\/em> (\u671d\u9854), la belle-de-jour, demeure aujourd\u2019hui un symbole de l\u2019\u00e9t\u00e9 japonais.<\/p>\n\n\n\n<p>Alors que juillet est le mois des festivals qui lui sont d\u00e9di\u00e9s, j\u2019ai eu grand plaisir \u00e0 confectionner des cartes buissonni\u00e8res avec ce superbe papier <em>washi<\/em>&nbsp;qui les d\u00e9cline en bleu et jaune :<\/p>\n\n\n<div class=\"wp-block-image\">\n<figure class=\"aligncenter size-large\"><img loading=\"lazy\" decoding=\"async\" width=\"819\" height=\"1024\" src=\"https:\/\/lacartebuissonniere.fr\/wp-content\/uploads\/2025\/07\/487026BB-0F91-4779-B9DA-4A66149812CD_1_201_a-819x1024.jpg\" alt=\"\" class=\"wp-image-7997\" srcset=\"https:\/\/lacartebuissonniere.fr\/wp-content\/uploads\/2025\/07\/487026BB-0F91-4779-B9DA-4A66149812CD_1_201_a-819x1024.jpg 819w, https:\/\/lacartebuissonniere.fr\/wp-content\/uploads\/2025\/07\/487026BB-0F91-4779-B9DA-4A66149812CD_1_201_a-240x300.jpg 240w, https:\/\/lacartebuissonniere.fr\/wp-content\/uploads\/2025\/07\/487026BB-0F91-4779-B9DA-4A66149812CD_1_201_a-768x960.jpg 768w, https:\/\/lacartebuissonniere.fr\/wp-content\/uploads\/2025\/07\/487026BB-0F91-4779-B9DA-4A66149812CD_1_201_a-1229x1536.jpg 1229w, https:\/\/lacartebuissonniere.fr\/wp-content\/uploads\/2025\/07\/487026BB-0F91-4779-B9DA-4A66149812CD_1_201_a-1638x2048.jpg 1638w, https:\/\/lacartebuissonniere.fr\/wp-content\/uploads\/2025\/07\/487026BB-0F91-4779-B9DA-4A66149812CD_1_201_a-480x600.jpg 480w, https:\/\/lacartebuissonniere.fr\/wp-content\/uploads\/2025\/07\/487026BB-0F91-4779-B9DA-4A66149812CD_1_201_a-scaled.jpg 2048w\" sizes=\"auto, (max-width: 819px) 100vw, 819px\" \/><\/figure>\n<\/div>\n\n\n<p><\/p>\n\n\n<div class=\"wp-block-image\">\n<figure class=\"aligncenter size-full\"><img loading=\"lazy\" decoding=\"async\" width=\"768\" height=\"1024\" src=\"https:\/\/lacartebuissonniere.fr\/wp-content\/uploads\/2025\/07\/F1F80A17-1158-4719-9CAB-A5DC6F6396C4_1_105_c.jpeg\" alt=\"\" class=\"wp-image-7998\" srcset=\"https:\/\/lacartebuissonniere.fr\/wp-content\/uploads\/2025\/07\/F1F80A17-1158-4719-9CAB-A5DC6F6396C4_1_105_c.jpeg 768w, https:\/\/lacartebuissonniere.fr\/wp-content\/uploads\/2025\/07\/F1F80A17-1158-4719-9CAB-A5DC6F6396C4_1_105_c-225x300.jpeg 225w, https:\/\/lacartebuissonniere.fr\/wp-content\/uploads\/2025\/07\/F1F80A17-1158-4719-9CAB-A5DC6F6396C4_1_105_c-450x600.jpeg 450w\" sizes=\"auto, (max-width: 768px) 100vw, 768px\" \/><\/figure>\n<\/div>\n\n\n<p><\/p>\n\n\n<div class=\"wp-block-image\">\n<figure class=\"aligncenter size-full\"><img loading=\"lazy\" decoding=\"async\" width=\"768\" height=\"1024\" src=\"https:\/\/lacartebuissonniere.fr\/wp-content\/uploads\/2025\/07\/8EFBD678-E145-43B8-821C-CC4ACE0DE689_1_105_c.jpeg\" alt=\"\" class=\"wp-image-7999\" srcset=\"https:\/\/lacartebuissonniere.fr\/wp-content\/uploads\/2025\/07\/8EFBD678-E145-43B8-821C-CC4ACE0DE689_1_105_c.jpeg 768w, https:\/\/lacartebuissonniere.fr\/wp-content\/uploads\/2025\/07\/8EFBD678-E145-43B8-821C-CC4ACE0DE689_1_105_c-225x300.jpeg 225w, https:\/\/lacartebuissonniere.fr\/wp-content\/uploads\/2025\/07\/8EFBD678-E145-43B8-821C-CC4ACE0DE689_1_105_c-450x600.jpeg 450w\" sizes=\"auto, (max-width: 768px) 100vw, 768px\" \/><\/figure>\n<\/div>","protected":false},"excerpt":{"rendered":"<p>Populaire d\u00e8s l\u2019\u00e9poque Edo (1603-1868), asagao (\u671d\u9854), la belle-de-jour, demeure aujourd\u2019hui un symbole de l\u2019\u00e9t\u00e9 japonais. Alors que juillet est le mois des festivals qui lui sont d\u00e9di\u00e9s, j\u2019ai eu grand plaisir \u00e0 confectionner des cartes buissonni\u00e8res avec ce superbe papier washi&nbsp;qui les d\u00e9cline en bleu et jaune :<\/p>\n","protected":false},"author":2,"featured_media":0,"comment_status":"open","ping_status":"open","sticky":false,"template":"","format":"standard","meta":{"two_page_speed":[],"footnotes":""},"categories":[15],"tags":[],"class_list":["post-7996","post","type-post","status-publish","format-standard","hentry","category-coulisses","entry"],"yoast_head":"<!-- This site is optimized with the Yoast SEO plugin v25.4 - https:\/\/yoast.com\/wordpress\/plugins\/seo\/ -->\n<title>Passion washi\u00a0: asagao, fleur de juillet - La carte buissonni\u00e8re<\/title>\n<meta name=\"robots\" content=\"index, follow, max-snippet:-1, max-image-preview:large, max-video-preview:-1\" \/>\n<link rel=\"canonical\" href=\"https:\/\/lacartebuissonniere.fr\/index.php\/2025\/07\/16\/passion-washi-asagao-fleur-de-juillet\/\" \/>\n<meta property=\"og:locale\" content=\"fr_FR\" \/>\n<meta property=\"og:type\" content=\"article\" \/>\n<meta property=\"og:title\" content=\"Passion washi\u00a0: asagao, fleur de juillet - La carte buissonni\u00e8re\" \/>\n<meta property=\"og:description\" content=\"Populaire d\u00e8s l\u2019\u00e9poque Edo (1603-1868), asagao (\u671d\u9854), la belle-de-jour, demeure aujourd\u2019hui un symbole de l\u2019\u00e9t\u00e9 japonais. Alors que juillet est le mois des festivals qui lui sont d\u00e9di\u00e9s, j\u2019ai eu grand plaisir \u00e0 confectionner des cartes buissonni\u00e8res avec ce superbe papier washi&nbsp;qui les d\u00e9cline en bleu et jaune :\" \/>\n<meta property=\"og:url\" content=\"https:\/\/lacartebuissonniere.fr\/index.php\/2025\/07\/16\/passion-washi-asagao-fleur-de-juillet\/\" \/>\n<meta property=\"og:site_name\" content=\"La carte buissonni\u00e8re\" \/>\n<meta property=\"article:publisher\" content=\"https:\/\/www.facebook.com\/lacartebuissonniere\/\" \/>\n<meta property=\"article:published_time\" content=\"2025-07-16T07:00:00+00:00\" \/>\n<meta name=\"author\" content=\"Carte buissonni\u00e8re\" \/>\n<meta name=\"twitter:card\" content=\"summary_large_image\" \/>\n<meta name=\"twitter:label1\" content=\"\u00c9crit par\" \/>\n\t<meta name=\"twitter:data1\" content=\"Carte buissonni\u00e8re\" \/>\n\t<meta name=\"twitter:label2\" content=\"Dur\u00e9e de lecture estim\u00e9e\" \/>\n\t<meta name=\"twitter:data2\" content=\"1 minute\" \/>\n<script type=\"application\/ld+json\" class=\"yoast-schema-graph\">{\"@context\":\"https:\/\/schema.org\",\"@graph\":[{\"@type\":\"Article\",\"@id\":\"https:\/\/lacartebuissonniere.fr\/index.php\/2025\/07\/16\/passion-washi-asagao-fleur-de-juillet\/#article\",\"isPartOf\":{\"@id\":\"https:\/\/lacartebuissonniere.fr\/index.php\/2025\/07\/16\/passion-washi-asagao-fleur-de-juillet\/\"},\"author\":{\"name\":\"Carte buissonni\u00e8re\",\"@id\":\"https:\/\/lacartebuissonniere.fr\/#\/schema\/person\/4e60af809837a2287e4f6d4daaf7abd4\"},\"headline\":\"Passion washi\u00a0: asagao, fleur de juillet\",\"datePublished\":\"2025-07-16T07:00:00+00:00\",\"mainEntityOfPage\":{\"@id\":\"https:\/\/lacartebuissonniere.fr\/index.php\/2025\/07\/16\/passion-washi-asagao-fleur-de-juillet\/\"},\"wordCount\":63,\"commentCount\":0,\"publisher\":{\"@id\":\"https:\/\/lacartebuissonniere.fr\/#organization\"},\"image\":{\"@id\":\"https:\/\/lacartebuissonniere.fr\/index.php\/2025\/07\/16\/passion-washi-asagao-fleur-de-juillet\/#primaryimage\"},\"thumbnailUrl\":\"https:\/\/lacartebuissonniere.fr\/wp-content\/uploads\/2025\/07\/487026BB-0F91-4779-B9DA-4A66149812CD_1_201_a-819x1024.jpg\",\"articleSection\":[\"COULISSES\"],\"inLanguage\":\"fr-FR\",\"potentialAction\":[{\"@type\":\"CommentAction\",\"name\":\"Comment\",\"target\":[\"https:\/\/lacartebuissonniere.fr\/index.php\/2025\/07\/16\/passion-washi-asagao-fleur-de-juillet\/#respond\"]}]},{\"@type\":\"WebPage\",\"@id\":\"https:\/\/lacartebuissonniere.fr\/index.php\/2025\/07\/16\/passion-washi-asagao-fleur-de-juillet\/\",\"url\":\"https:\/\/lacartebuissonniere.fr\/index.php\/2025\/07\/16\/passion-washi-asagao-fleur-de-juillet\/\",\"name\":\"Passion washi\u00a0: asagao, fleur de juillet - La carte buissonni\u00e8re\",\"isPartOf\":{\"@id\":\"https:\/\/lacartebuissonniere.fr\/#website\"},\"primaryImageOfPage\":{\"@id\":\"https:\/\/lacartebuissonniere.fr\/index.php\/2025\/07\/16\/passion-washi-asagao-fleur-de-juillet\/#primaryimage\"},\"image\":{\"@id\":\"https:\/\/lacartebuissonniere.fr\/index.php\/2025\/07\/16\/passion-washi-asagao-fleur-de-juillet\/#primaryimage\"},\"thumbnailUrl\":\"https:\/\/lacartebuissonniere.fr\/wp-content\/uploads\/2025\/07\/487026BB-0F91-4779-B9DA-4A66149812CD_1_201_a-819x1024.jpg\",\"datePublished\":\"2025-07-16T07:00:00+00:00\",\"breadcrumb\":{\"@id\":\"https:\/\/lacartebuissonniere.fr\/index.php\/2025\/07\/16\/passion-washi-asagao-fleur-de-juillet\/#breadcrumb\"},\"inLanguage\":\"fr-FR\",\"potentialAction\":[{\"@type\":\"ReadAction\",\"target\":[\"https:\/\/lacartebuissonniere.fr\/index.php\/2025\/07\/16\/passion-washi-asagao-fleur-de-juillet\/\"]}]},{\"@type\":\"ImageObject\",\"inLanguage\":\"fr-FR\",\"@id\":\"https:\/\/lacartebuissonniere.fr\/index.php\/2025\/07\/16\/passion-washi-asagao-fleur-de-juillet\/#primaryimage\",\"url\":\"https:\/\/lacartebuissonniere.fr\/wp-content\/uploads\/2025\/07\/487026BB-0F91-4779-B9DA-4A66149812CD_1_201_a-scaled.jpg\",\"contentUrl\":\"https:\/\/lacartebuissonniere.fr\/wp-content\/uploads\/2025\/07\/487026BB-0F91-4779-B9DA-4A66149812CD_1_201_a-scaled.jpg\",\"width\":2048,\"height\":2560},{\"@type\":\"BreadcrumbList\",\"@id\":\"https:\/\/lacartebuissonniere.fr\/index.php\/2025\/07\/16\/passion-washi-asagao-fleur-de-juillet\/#breadcrumb\",\"itemListElement\":[{\"@type\":\"ListItem\",\"position\":1,\"name\":\"Accueil\",\"item\":\"https:\/\/lacartebuissonniere.fr\/\"},{\"@type\":\"ListItem\",\"position\":2,\"name\":\"Passion washi\u00a0: asagao, fleur de juillet\"}]},{\"@type\":\"WebSite\",\"@id\":\"https:\/\/lacartebuissonniere.fr\/#website\",\"url\":\"https:\/\/lacartebuissonniere.fr\/\",\"name\":\"La carte buissonni\u00e8re\",\"description\":\"\",\"publisher\":{\"@id\":\"https:\/\/lacartebuissonniere.fr\/#organization\"},\"potentialAction\":[{\"@type\":\"SearchAction\",\"target\":{\"@type\":\"EntryPoint\",\"urlTemplate\":\"https:\/\/lacartebuissonniere.fr\/?s={search_term_string}\"},\"query-input\":{\"@type\":\"PropertyValueSpecification\",\"valueRequired\":true,\"valueName\":\"search_term_string\"}}],\"inLanguage\":\"fr-FR\"},{\"@type\":\"Organization\",\"@id\":\"https:\/\/lacartebuissonniere.fr\/#organization\",\"name\":\"La carte buissonni\u00e8re\",\"url\":\"https:\/\/lacartebuissonniere.fr\/\",\"logo\":{\"@type\":\"ImageObject\",\"inLanguage\":\"fr-FR\",\"@id\":\"https:\/\/lacartebuissonniere.fr\/#\/schema\/logo\/image\/\",\"url\":\"https:\/\/lacartebuissonniere.fr\/wp-content\/uploads\/2022\/12\/Illustration-sans-titre.jpg\",\"contentUrl\":\"https:\/\/lacartebuissonniere.fr\/wp-content\/uploads\/2022\/12\/Illustration-sans-titre.jpg\",\"width\":637,\"height\":680,\"caption\":\"La carte buissonni\u00e8re\"},\"image\":{\"@id\":\"https:\/\/lacartebuissonniere.fr\/#\/schema\/logo\/image\/\"},\"sameAs\":[\"https:\/\/www.facebook.com\/lacartebuissonniere\/\",\"https:\/\/www.pinterest.fr\/DelphChabanne\/\"]},{\"@type\":\"Person\",\"@id\":\"https:\/\/lacartebuissonniere.fr\/#\/schema\/person\/4e60af809837a2287e4f6d4daaf7abd4\",\"name\":\"Carte buissonni\u00e8re\",\"image\":{\"@type\":\"ImageObject\",\"inLanguage\":\"fr-FR\",\"@id\":\"https:\/\/lacartebuissonniere.fr\/#\/schema\/person\/image\/\",\"url\":\"https:\/\/secure.gravatar.com\/avatar\/b543b5e0f093efbab3dfee8595bf9077ed504ab48ffeb378c9dc263381c278e6?s=96&d=mm&r=g\",\"contentUrl\":\"https:\/\/secure.gravatar.com\/avatar\/b543b5e0f093efbab3dfee8595bf9077ed504ab48ffeb378c9dc263381c278e6?s=96&d=mm&r=g\",\"caption\":\"Carte buissonni\u00e8re\"},\"sameAs\":[\"http:\/\/lacartebuissonniere.fr\"],\"url\":\"https:\/\/lacartebuissonniere.fr\/index.php\/author\/carteb\/\"}]}<\/script>\n<!-- \/ Yoast SEO plugin. -->","yoast_head_json":{"title":"Passion washi\u00a0: asagao, fleur de juillet - La carte buissonni\u00e8re","robots":{"index":"index","follow":"follow","max-snippet":"max-snippet:-1","max-image-preview":"max-image-preview:large","max-video-preview":"max-video-preview:-1"},"canonical":"https:\/\/lacartebuissonniere.fr\/index.php\/2025\/07\/16\/passion-washi-asagao-fleur-de-juillet\/","og_locale":"fr_FR","og_type":"article","og_title":"Passion washi\u00a0: asagao, fleur de juillet - La carte buissonni\u00e8re","og_description":"Populaire d\u00e8s l\u2019\u00e9poque Edo (1603-1868), asagao (\u671d\u9854), la belle-de-jour, demeure aujourd\u2019hui un symbole de l\u2019\u00e9t\u00e9 japonais. Alors que juillet est le mois des festivals qui lui sont d\u00e9di\u00e9s, j\u2019ai eu grand plaisir \u00e0 confectionner des cartes buissonni\u00e8res avec ce superbe papier washi&nbsp;qui les d\u00e9cline en bleu et jaune :","og_url":"https:\/\/lacartebuissonniere.fr\/index.php\/2025\/07\/16\/passion-washi-asagao-fleur-de-juillet\/","og_site_name":"La carte buissonni\u00e8re","article_publisher":"https:\/\/www.facebook.com\/lacartebuissonniere\/","article_published_time":"2025-07-16T07:00:00+00:00","author":"Carte buissonni\u00e8re","twitter_card":"summary_large_image","twitter_misc":{"\u00c9crit par":"Carte buissonni\u00e8re","Dur\u00e9e de lecture estim\u00e9e":"1 minute"},"schema":{"@context":"https:\/\/schema.org","@graph":[{"@type":"Article","@id":"https:\/\/lacartebuissonniere.fr\/index.php\/2025\/07\/16\/passion-washi-asagao-fleur-de-juillet\/#article","isPartOf":{"@id":"https:\/\/lacartebuissonniere.fr\/index.php\/2025\/07\/16\/passion-washi-asagao-fleur-de-juillet\/"},"author":{"name":"Carte buissonni\u00e8re","@id":"https:\/\/lacartebuissonniere.fr\/#\/schema\/person\/4e60af809837a2287e4f6d4daaf7abd4"},"headline":"Passion washi\u00a0: asagao, fleur de juillet","datePublished":"2025-07-16T07:00:00+00:00","mainEntityOfPage":{"@id":"https:\/\/lacartebuissonniere.fr\/index.php\/2025\/07\/16\/passion-washi-asagao-fleur-de-juillet\/"},"wordCount":63,"commentCount":0,"publisher":{"@id":"https:\/\/lacartebuissonniere.fr\/#organization"},"image":{"@id":"https:\/\/lacartebuissonniere.fr\/index.php\/2025\/07\/16\/passion-washi-asagao-fleur-de-juillet\/#primaryimage"},"thumbnailUrl":"https:\/\/lacartebuissonniere.fr\/wp-content\/uploads\/2025\/07\/487026BB-0F91-4779-B9DA-4A66149812CD_1_201_a-819x1024.jpg","articleSection":["COULISSES"],"inLanguage":"fr-FR","potentialAction":[{"@type":"CommentAction","name":"Comment","target":["https:\/\/lacartebuissonniere.fr\/index.php\/2025\/07\/16\/passion-washi-asagao-fleur-de-juillet\/#respond"]}]},{"@type":"WebPage","@id":"https:\/\/lacartebuissonniere.fr\/index.php\/2025\/07\/16\/passion-washi-asagao-fleur-de-juillet\/","url":"https:\/\/lacartebuissonniere.fr\/index.php\/2025\/07\/16\/passion-washi-asagao-fleur-de-juillet\/","name":"Passion washi\u00a0: asagao, fleur de juillet - La carte buissonni\u00e8re","isPartOf":{"@id":"https:\/\/lacartebuissonniere.fr\/#website"},"primaryImageOfPage":{"@id":"https:\/\/lacartebuissonniere.fr\/index.php\/2025\/07\/16\/passion-washi-asagao-fleur-de-juillet\/#primaryimage"},"image":{"@id":"https:\/\/lacartebuissonniere.fr\/index.php\/2025\/07\/16\/passion-washi-asagao-fleur-de-juillet\/#primaryimage"},"thumbnailUrl":"https:\/\/lacartebuissonniere.fr\/wp-content\/uploads\/2025\/07\/487026BB-0F91-4779-B9DA-4A66149812CD_1_201_a-819x1024.jpg","datePublished":"2025-07-16T07:00:00+00:00","breadcrumb":{"@id":"https:\/\/lacartebuissonniere.fr\/index.php\/2025\/07\/16\/passion-washi-asagao-fleur-de-juillet\/#breadcrumb"},"inLanguage":"fr-FR","potentialAction":[{"@type":"ReadAction","target":["https:\/\/lacartebuissonniere.fr\/index.php\/2025\/07\/16\/passion-washi-asagao-fleur-de-juillet\/"]}]},{"@type":"ImageObject","inLanguage":"fr-FR","@id":"https:\/\/lacartebuissonniere.fr\/index.php\/2025\/07\/16\/passion-washi-asagao-fleur-de-juillet\/#primaryimage","url":"https:\/\/lacartebuissonniere.fr\/wp-content\/uploads\/2025\/07\/487026BB-0F91-4779-B9DA-4A66149812CD_1_201_a-scaled.jpg","contentUrl":"https:\/\/lacartebuissonniere.fr\/wp-content\/uploads\/2025\/07\/487026BB-0F91-4779-B9DA-4A66149812CD_1_201_a-scaled.jpg","width":2048,"height":2560},{"@type":"BreadcrumbList","@id":"https:\/\/lacartebuissonniere.fr\/index.php\/2025\/07\/16\/passion-washi-asagao-fleur-de-juillet\/#breadcrumb","itemListElement":[{"@type":"ListItem","position":1,"name":"Accueil","item":"https:\/\/lacartebuissonniere.fr\/"},{"@type":"ListItem","position":2,"name":"Passion washi\u00a0: asagao, fleur de juillet"}]},{"@type":"WebSite","@id":"https:\/\/lacartebuissonniere.fr\/#website","url":"https:\/\/lacartebuissonniere.fr\/","name":"La carte buissonni\u00e8re","description":"","publisher":{"@id":"https:\/\/lacartebuissonniere.fr\/#organization"},"potentialAction":[{"@type":"SearchAction","target":{"@type":"EntryPoint","urlTemplate":"https:\/\/lacartebuissonniere.fr\/?s={search_term_string}"},"query-input":{"@type":"PropertyValueSpecification","valueRequired":true,"valueName":"search_term_string"}}],"inLanguage":"fr-FR"},{"@type":"Organization","@id":"https:\/\/lacartebuissonniere.fr\/#organization","name":"La carte buissonni\u00e8re","url":"https:\/\/lacartebuissonniere.fr\/","logo":{"@type":"ImageObject","inLanguage":"fr-FR","@id":"https:\/\/lacartebuissonniere.fr\/#\/schema\/logo\/image\/","url":"https:\/\/lacartebuissonniere.fr\/wp-content\/uploads\/2022\/12\/Illustration-sans-titre.jpg","contentUrl":"https:\/\/lacartebuissonniere.fr\/wp-content\/uploads\/2022\/12\/Illustration-sans-titre.jpg","width":637,"height":680,"caption":"La carte buissonni\u00e8re"},"image":{"@id":"https:\/\/lacartebuissonniere.fr\/#\/schema\/logo\/image\/"},"sameAs":["https:\/\/www.facebook.com\/lacartebuissonniere\/","https:\/\/www.pinterest.fr\/DelphChabanne\/"]},{"@type":"Person","@id":"https:\/\/lacartebuissonniere.fr\/#\/schema\/person\/4e60af809837a2287e4f6d4daaf7abd4","name":"Carte buissonni\u00e8re","image":{"@type":"ImageObject","inLanguage":"fr-FR","@id":"https:\/\/lacartebuissonniere.fr\/#\/schema\/person\/image\/","url":"https:\/\/secure.gravatar.com\/avatar\/b543b5e0f093efbab3dfee8595bf9077ed504ab48ffeb378c9dc263381c278e6?s=96&d=mm&r=g","contentUrl":"https:\/\/secure.gravatar.com\/avatar\/b543b5e0f093efbab3dfee8595bf9077ed504ab48ffeb378c9dc263381c278e6?s=96&d=mm&r=g","caption":"Carte buissonni\u00e8re"},"sameAs":["http:\/\/lacartebuissonniere.fr"],"url":"https:\/\/lacartebuissonniere.fr\/index.php\/author\/carteb\/"}]}},"_links":{"self":[{"href":"https:\/\/lacartebuissonniere.fr\/index.php\/wp-json\/wp\/v2\/posts\/7996","targetHints":{"allow":["GET"]}}],"collection":[{"href":"https:\/\/lacartebuissonniere.fr\/index.php\/wp-json\/wp\/v2\/posts"}],"about":[{"href":"https:\/\/lacartebuissonniere.fr\/index.php\/wp-json\/wp\/v2\/types\/post"}],"author":[{"embeddable":true,"href":"https:\/\/lacartebuissonniere.fr\/index.php\/wp-json\/wp\/v2\/users\/2"}],"replies":[{"embeddable":true,"href":"https:\/\/lacartebuissonniere.fr\/index.php\/wp-json\/wp\/v2\/comments?post=7996"}],"version-history":[{"count":1,"href":"https:\/\/lacartebuissonniere.fr\/index.php\/wp-json\/wp\/v2\/posts\/7996\/revisions"}],"predecessor-version":[{"id":8000,"href":"https:\/\/lacartebuissonniere.fr\/index.php\/wp-json\/wp\/v2\/posts\/7996\/revisions\/8000"}],"wp:attachment":[{"href":"https:\/\/lacartebuissonniere.fr\/index.php\/wp-json\/wp\/v2\/media?parent=7996"}],"wp:term":[{"taxonomy":"category","embeddable":true,"href":"https:\/\/lacartebuissonniere.fr\/index.php\/wp-json\/wp\/v2\/categories?post=7996"},{"taxonomy":"post_tag","embeddable":true,"href":"https:\/\/lacartebuissonniere.fr\/index.php\/wp-json\/wp\/v2\/tags?post=7996"}],"curies":[{"name":"wp","href":"https:\/\/api.w.org\/{rel}","templated":true}]}}