{"id":8189,"date":"2025-09-22T09:00:00","date_gmt":"2025-09-22T07:00:00","guid":{"rendered":"https:\/\/lacartebuissonniere.fr\/?p=8189"},"modified":"2025-09-17T08:43:27","modified_gmt":"2025-09-17T06:43:27","slug":"allegories-de-lautomne-aux-raisins","status":"publish","type":"post","link":"https:\/\/lacartebuissonniere.fr\/index.php\/2025\/09\/22\/allegories-de-lautomne-aux-raisins\/","title":{"rendered":"All\u00e9gories de l\u2019automne aux raisins"},"content":{"rendered":"\n<p><\/p>\n\n\n\n<p>Le calendrier r\u00e9publicain fran\u00e7ais commence avec l\u2019automne, le 1<sup>er<\/sup> vend\u00e9miaire, aux alentours de l\u2019\u00e9quinoxe de septembre, le 22 ou 23.<\/p>\n\n\n\n<p>Que ce soit le <a href=\"https:\/\/lacartebuissonniere.fr\/index.php\/2023\/09\/22\/sous-le-signe-du-raisin\/\" target=\"_blank\" rel=\"noreferrer noopener\">jour du raisin<\/a> ne rel\u00e8ve nullement du hasard, ne serait-ce que parce que Fabre d&rsquo;\u00c9glantine a fait d\u00e9river vend\u00e9miaire du latin <em>vindemia<\/em> qui signifie \u00ab\u00a0vendange\u00a0\u00bb.<\/p>\n\n\n<div class=\"wp-block-image\">\n<figure class=\"aligncenter size-full\"><img loading=\"lazy\" decoding=\"async\" width=\"627\" height=\"960\" src=\"https:\/\/lacartebuissonniere.fr\/wp-content\/uploads\/2025\/09\/2ED4DFD3-0143-45A5-8D40-DFB99A48F4F5_1_201_a-1.jpeg\" alt=\"\" class=\"wp-image-8191\" srcset=\"https:\/\/lacartebuissonniere.fr\/wp-content\/uploads\/2025\/09\/2ED4DFD3-0143-45A5-8D40-DFB99A48F4F5_1_201_a-1.jpeg 627w, https:\/\/lacartebuissonniere.fr\/wp-content\/uploads\/2025\/09\/2ED4DFD3-0143-45A5-8D40-DFB99A48F4F5_1_201_a-1-196x300.jpeg 196w, https:\/\/lacartebuissonniere.fr\/wp-content\/uploads\/2025\/09\/2ED4DFD3-0143-45A5-8D40-DFB99A48F4F5_1_201_a-1-392x600.jpeg 392w\" sizes=\"auto, (max-width: 627px) 100vw, 627px\" \/><\/figure>\n<\/div>\n\n\n<p><\/p>\n\n\n\n<p>Les r\u00e9volutionnaires souhaitaient rompre avec les saints du calendrier chr\u00e9tien en c\u00e9l\u00e9brant la nature et le travail agricole. Ils inscrivaient ainsi l\u2019ann\u00e9e r\u00e9publicaine sous le signe de la terre nourrici\u00e8re, mais aussi de la r\u00e9colte la plus festive.<\/p>\n\n\n\n<h2 class=\"wp-block-heading\">Le raisin, portrait de l\u2019automne dans l\u2019art<\/h2>\n\n\n\n<p>D\u00e9j\u00e0, dans l\u2019Antiquit\u00e9, le raisin \u00e9tait un symbole d\u2019abondance associ\u00e9 \u00e0 l\u2019automne, bien visible sur la <em><a href=\"https:\/\/collections.louvre.fr\/en\/ark:\/53355\/cl010250192\">Mosa\u00efque <\/a><a href=\"https:\/\/collections.louvre.fr\/en\/ark:\/53355\/cl010250192\" target=\"_blank\" rel=\"noreferrer noopener\">d<\/a><a href=\"https:\/\/collections.louvre.fr\/en\/ark:\/53355\/cl010250192\">es saisons<\/a><\/em> du IV<sup>e<\/sup> si\u00e8cle d\u00e9couverte \u00e0 Antioche\u00a0:<\/p>\n\n\n<div class=\"wp-block-image\">\n<figure class=\"aligncenter size-full\"><img loading=\"lazy\" decoding=\"async\" width=\"563\" height=\"704\" src=\"https:\/\/lacartebuissonniere.fr\/wp-content\/uploads\/2025\/09\/F81FEF2C-0FE3-4665-95FF-4178CC9C3585_1_201_a.jpeg\" alt=\"\" class=\"wp-image-8192\" srcset=\"https:\/\/lacartebuissonniere.fr\/wp-content\/uploads\/2025\/09\/F81FEF2C-0FE3-4665-95FF-4178CC9C3585_1_201_a.jpeg 563w, https:\/\/lacartebuissonniere.fr\/wp-content\/uploads\/2025\/09\/F81FEF2C-0FE3-4665-95FF-4178CC9C3585_1_201_a-240x300.jpeg 240w, https:\/\/lacartebuissonniere.fr\/wp-content\/uploads\/2025\/09\/F81FEF2C-0FE3-4665-95FF-4178CC9C3585_1_201_a-480x600.jpeg 480w\" sizes=\"auto, (max-width: 563px) 100vw, 563px\" \/><figcaption class=\"wp-element-caption\">\u00a9 2020 Mus\u00e9e du Louvre, Dist. GrandPalaisRmn \/ Herv\u00e9 Lewandowski<\/figcaption><\/figure>\n<\/div>\n\n\n<p><\/p>\n\n\n\n<p>Quand Arcimboldo compose son <em>Automne<\/em> en 1573 \u00e0 partir de fruits et de l\u00e9gumes de saison, il compose son torse des douves d\u2019un tonneau et lui choisit comme chevelure des feuilles de vigne et des grappes de raisin qui offrent une riche palette du vert dor\u00e9 au violet profond :<\/p>\n\n\n<div class=\"wp-block-image\">\n<figure class=\"aligncenter size-large\"><img loading=\"lazy\" decoding=\"async\" width=\"690\" height=\"1024\" src=\"https:\/\/lacartebuissonniere.fr\/wp-content\/uploads\/2025\/09\/5EA407F4-4F88-41A1-A758-3B8245F2E9FF_1_105_c-1-690x1024.jpeg\" alt=\"\" class=\"wp-image-8194\" srcset=\"https:\/\/lacartebuissonniere.fr\/wp-content\/uploads\/2025\/09\/5EA407F4-4F88-41A1-A758-3B8245F2E9FF_1_105_c-1-690x1024.jpeg 690w, https:\/\/lacartebuissonniere.fr\/wp-content\/uploads\/2025\/09\/5EA407F4-4F88-41A1-A758-3B8245F2E9FF_1_105_c-1-202x300.jpeg 202w, https:\/\/lacartebuissonniere.fr\/wp-content\/uploads\/2025\/09\/5EA407F4-4F88-41A1-A758-3B8245F2E9FF_1_105_c-1-404x600.jpeg 404w, https:\/\/lacartebuissonniere.fr\/wp-content\/uploads\/2025\/09\/5EA407F4-4F88-41A1-A758-3B8245F2E9FF_1_105_c-1.jpeg 728w\" sizes=\"auto, (max-width: 690px) 100vw, 690px\" \/><\/figure>\n<\/div>\n\n\n<p><\/p>\n\n\n\n<p>Dans ses c\u00e9l\u00e8bres all\u00e9gories des saisons, Alphonse Mucha pare lui la femme-Automne de feuilles rousses et de lourdes grappes de raisin\u00a0:<\/p>\n\n\n<div class=\"wp-block-image\">\n<figure class=\"aligncenter size-large\"><img loading=\"lazy\" decoding=\"async\" width=\"623\" height=\"1024\" src=\"https:\/\/lacartebuissonniere.fr\/wp-content\/uploads\/2025\/09\/AFF1505A-D18A-4EFB-BB18-21E2F39C5B3B_1_201_a-623x1024.jpeg\" alt=\"\" class=\"wp-image-8195\" srcset=\"https:\/\/lacartebuissonniere.fr\/wp-content\/uploads\/2025\/09\/AFF1505A-D18A-4EFB-BB18-21E2F39C5B3B_1_201_a-623x1024.jpeg 623w, https:\/\/lacartebuissonniere.fr\/wp-content\/uploads\/2025\/09\/AFF1505A-D18A-4EFB-BB18-21E2F39C5B3B_1_201_a-182x300.jpeg 182w, https:\/\/lacartebuissonniere.fr\/wp-content\/uploads\/2025\/09\/AFF1505A-D18A-4EFB-BB18-21E2F39C5B3B_1_201_a-768x1263.jpeg 768w, https:\/\/lacartebuissonniere.fr\/wp-content\/uploads\/2025\/09\/AFF1505A-D18A-4EFB-BB18-21E2F39C5B3B_1_201_a-934x1536.jpeg 934w, https:\/\/lacartebuissonniere.fr\/wp-content\/uploads\/2025\/09\/AFF1505A-D18A-4EFB-BB18-21E2F39C5B3B_1_201_a-365x600.jpeg 365w, https:\/\/lacartebuissonniere.fr\/wp-content\/uploads\/2025\/09\/AFF1505A-D18A-4EFB-BB18-21E2F39C5B3B_1_201_a.jpeg 1245w\" sizes=\"auto, (max-width: 623px) 100vw, 623px\" \/><\/figure>\n<\/div>\n\n\n<figure class=\"wp-block-gallery has-nested-images columns-default is-cropped wp-block-gallery-1 is-layout-flex wp-block-gallery-is-layout-flex\">\n<figure class=\"wp-block-image size-large\"><img loading=\"lazy\" decoding=\"async\" width=\"355\" height=\"1024\" data-id=\"8197\" src=\"https:\/\/lacartebuissonniere.fr\/wp-content\/uploads\/2025\/09\/667FE855-9193-45F0-AFE3-57D21DE3A315_1_105_c-355x1024.jpeg\" alt=\"\" class=\"wp-image-8197\" srcset=\"https:\/\/lacartebuissonniere.fr\/wp-content\/uploads\/2025\/09\/667FE855-9193-45F0-AFE3-57D21DE3A315_1_105_c-355x1024.jpeg 355w, https:\/\/lacartebuissonniere.fr\/wp-content\/uploads\/2025\/09\/667FE855-9193-45F0-AFE3-57D21DE3A315_1_105_c-104x300.jpeg 104w, https:\/\/lacartebuissonniere.fr\/wp-content\/uploads\/2025\/09\/667FE855-9193-45F0-AFE3-57D21DE3A315_1_105_c-208x600.jpeg 208w, https:\/\/lacartebuissonniere.fr\/wp-content\/uploads\/2025\/09\/667FE855-9193-45F0-AFE3-57D21DE3A315_1_105_c.jpeg 522w\" sizes=\"auto, (max-width: 355px) 100vw, 355px\" \/><\/figure>\n\n\n\n<figure class=\"wp-block-image size-large\"><img loading=\"lazy\" decoding=\"async\" width=\"507\" height=\"1000\" data-id=\"8196\" src=\"https:\/\/lacartebuissonniere.fr\/wp-content\/uploads\/2025\/09\/FCD088E6-CCC3-430D-AC8A-8411831806B5.jpeg\" alt=\"\" class=\"wp-image-8196\" srcset=\"https:\/\/lacartebuissonniere.fr\/wp-content\/uploads\/2025\/09\/FCD088E6-CCC3-430D-AC8A-8411831806B5.jpeg 507w, https:\/\/lacartebuissonniere.fr\/wp-content\/uploads\/2025\/09\/FCD088E6-CCC3-430D-AC8A-8411831806B5-152x300.jpeg 152w, https:\/\/lacartebuissonniere.fr\/wp-content\/uploads\/2025\/09\/FCD088E6-CCC3-430D-AC8A-8411831806B5-304x600.jpeg 304w\" sizes=\"auto, (max-width: 507px) 100vw, 507px\" \/><\/figure>\n<\/figure>\n\n\n\n<p><\/p>\n\n\n\n<p>Les pampres se font non seulement signe imm\u00e9diat de la saison, mais ornement, motif d\u00e9coratif.<br>La rondeur des grains et la chaleur des teintes incarnent visuellement une nature g\u00e9n\u00e9reuse et sensuelle.<\/p>\n\n\n\n<p>C\u2019est encore le cas sur la couverture du num\u00e9ro de <em>Vogue\/France<\/em> de l\u2019automne 1927 illustr\u00e9e par Georges Lepape&nbsp;:<\/p>\n\n\n<div class=\"wp-block-image\">\n<figure class=\"aligncenter size-full\"><img loading=\"lazy\" decoding=\"async\" width=\"772\" height=\"1020\" src=\"https:\/\/lacartebuissonniere.fr\/wp-content\/uploads\/2025\/09\/AFA245CF-09E4-48AB-BFB2-18F7085CA630_1_105_c.jpeg\" alt=\"\" class=\"wp-image-8198\" srcset=\"https:\/\/lacartebuissonniere.fr\/wp-content\/uploads\/2025\/09\/AFA245CF-09E4-48AB-BFB2-18F7085CA630_1_105_c.jpeg 772w, https:\/\/lacartebuissonniere.fr\/wp-content\/uploads\/2025\/09\/AFA245CF-09E4-48AB-BFB2-18F7085CA630_1_105_c-227x300.jpeg 227w, https:\/\/lacartebuissonniere.fr\/wp-content\/uploads\/2025\/09\/AFA245CF-09E4-48AB-BFB2-18F7085CA630_1_105_c-768x1015.jpeg 768w, https:\/\/lacartebuissonniere.fr\/wp-content\/uploads\/2025\/09\/AFA245CF-09E4-48AB-BFB2-18F7085CA630_1_105_c-454x600.jpeg 454w\" sizes=\"auto, (max-width: 772px) 100vw, 772px\" \/><\/figure>\n<\/div>\n\n\n<p><\/p>\n\n\n\n<p>En ce jour du raisin, levons donc nos verres \u00e0 l\u2019automne\u00a0!<\/p>\n\n\n<div class=\"wp-block-image\">\n<figure class=\"aligncenter size-large\"><img loading=\"lazy\" decoding=\"async\" width=\"819\" height=\"1024\" src=\"https:\/\/lacartebuissonniere.fr\/wp-content\/uploads\/2025\/09\/ED31C675-426C-4138-84FC-746B46BBB781-1-819x1024.png\" alt=\"\" class=\"wp-image-8200\" srcset=\"https:\/\/lacartebuissonniere.fr\/wp-content\/uploads\/2025\/09\/ED31C675-426C-4138-84FC-746B46BBB781-1-819x1024.png 819w, https:\/\/lacartebuissonniere.fr\/wp-content\/uploads\/2025\/09\/ED31C675-426C-4138-84FC-746B46BBB781-1-240x300.png 240w, https:\/\/lacartebuissonniere.fr\/wp-content\/uploads\/2025\/09\/ED31C675-426C-4138-84FC-746B46BBB781-1-768x960.png 768w, https:\/\/lacartebuissonniere.fr\/wp-content\/uploads\/2025\/09\/ED31C675-426C-4138-84FC-746B46BBB781-1-480x600.png 480w, https:\/\/lacartebuissonniere.fr\/wp-content\/uploads\/2025\/09\/ED31C675-426C-4138-84FC-746B46BBB781-1.png 1080w\" sizes=\"auto, (max-width: 819px) 100vw, 819px\" \/><\/figure>\n<\/div>","protected":false},"excerpt":{"rendered":"<p>Le calendrier r\u00e9publicain fran\u00e7ais commence avec l\u2019automne, le 1er vend\u00e9miaire, aux alentours de l\u2019\u00e9quinoxe de septembre, le 22 ou 23. Que ce soit le jour du raisin ne rel\u00e8ve nullement du hasard, ne serait-ce que parce que Fabre d&rsquo;\u00c9glantine a fait d\u00e9river vend\u00e9miaire du latin vindemia qui signifie \u00ab\u00a0vendange\u00a0\u00bb. Les r\u00e9volutionnaires souhaitaient rompre avec les [&hellip;]<\/p>\n","protected":false},"author":2,"featured_media":0,"comment_status":"open","ping_status":"open","sticky":false,"template":"","format":"standard","meta":{"two_page_speed":[],"footnotes":""},"categories":[16,18],"tags":[],"class_list":["post-8189","post","type-post","status-publish","format-standard","hentry","category-flaneries","category-flaneries-culturelles","entry"],"yoast_head":"<!-- This site is optimized with the Yoast SEO plugin v25.4 - https:\/\/yoast.com\/wordpress\/plugins\/seo\/ -->\n<title>All\u00e9gories de l\u2019automne aux raisins - La carte buissonni\u00e8re<\/title>\n<meta name=\"robots\" content=\"index, follow, max-snippet:-1, max-image-preview:large, max-video-preview:-1\" \/>\n<link rel=\"canonical\" href=\"https:\/\/lacartebuissonniere.fr\/index.php\/2025\/09\/22\/allegories-de-lautomne-aux-raisins\/\" \/>\n<meta property=\"og:locale\" content=\"fr_FR\" \/>\n<meta property=\"og:type\" content=\"article\" \/>\n<meta property=\"og:title\" content=\"All\u00e9gories de l\u2019automne aux raisins - La carte buissonni\u00e8re\" \/>\n<meta property=\"og:description\" content=\"Le calendrier r\u00e9publicain fran\u00e7ais commence avec l\u2019automne, le 1er vend\u00e9miaire, aux alentours de l\u2019\u00e9quinoxe de septembre, le 22 ou 23. Que ce soit le jour du raisin ne rel\u00e8ve nullement du hasard, ne serait-ce que parce que Fabre d&rsquo;\u00c9glantine a fait d\u00e9river vend\u00e9miaire du latin vindemia qui signifie \u00ab\u00a0vendange\u00a0\u00bb. Les r\u00e9volutionnaires souhaitaient rompre avec les [&hellip;]\" \/>\n<meta property=\"og:url\" content=\"https:\/\/lacartebuissonniere.fr\/index.php\/2025\/09\/22\/allegories-de-lautomne-aux-raisins\/\" \/>\n<meta property=\"og:site_name\" content=\"La carte buissonni\u00e8re\" \/>\n<meta property=\"article:publisher\" content=\"https:\/\/www.facebook.com\/lacartebuissonniere\/\" \/>\n<meta property=\"article:published_time\" content=\"2025-09-22T07:00:00+00:00\" \/>\n<meta property=\"og:image\" content=\"https:\/\/lacartebuissonniere.fr\/wp-content\/uploads\/2025\/09\/2ED4DFD3-0143-45A5-8D40-DFB99A48F4F5_1_201_a-1.jpeg\" \/>\n\t<meta property=\"og:image:width\" content=\"627\" \/>\n\t<meta property=\"og:image:height\" content=\"960\" \/>\n\t<meta property=\"og:image:type\" content=\"image\/jpeg\" \/>\n<meta name=\"author\" content=\"Carte buissonni\u00e8re\" \/>\n<meta name=\"twitter:card\" content=\"summary_large_image\" \/>\n<meta name=\"twitter:label1\" content=\"\u00c9crit par\" \/>\n\t<meta name=\"twitter:data1\" content=\"Carte buissonni\u00e8re\" \/>\n\t<meta name=\"twitter:label2\" content=\"Dur\u00e9e de lecture estim\u00e9e\" \/>\n\t<meta name=\"twitter:data2\" content=\"3 minutes\" \/>\n<script type=\"application\/ld+json\" class=\"yoast-schema-graph\">{\"@context\":\"https:\/\/schema.org\",\"@graph\":[{\"@type\":\"Article\",\"@id\":\"https:\/\/lacartebuissonniere.fr\/index.php\/2025\/09\/22\/allegories-de-lautomne-aux-raisins\/#article\",\"isPartOf\":{\"@id\":\"https:\/\/lacartebuissonniere.fr\/index.php\/2025\/09\/22\/allegories-de-lautomne-aux-raisins\/\"},\"author\":{\"name\":\"Carte buissonni\u00e8re\",\"@id\":\"https:\/\/lacartebuissonniere.fr\/#\/schema\/person\/4e60af809837a2287e4f6d4daaf7abd4\"},\"headline\":\"All\u00e9gories de l\u2019automne aux raisins\",\"datePublished\":\"2025-09-22T07:00:00+00:00\",\"mainEntityOfPage\":{\"@id\":\"https:\/\/lacartebuissonniere.fr\/index.php\/2025\/09\/22\/allegories-de-lautomne-aux-raisins\/\"},\"wordCount\":300,\"commentCount\":0,\"publisher\":{\"@id\":\"https:\/\/lacartebuissonniere.fr\/#organization\"},\"image\":{\"@id\":\"https:\/\/lacartebuissonniere.fr\/index.php\/2025\/09\/22\/allegories-de-lautomne-aux-raisins\/#primaryimage\"},\"thumbnailUrl\":\"https:\/\/lacartebuissonniere.fr\/wp-content\/uploads\/2025\/09\/2ED4DFD3-0143-45A5-8D40-DFB99A48F4F5_1_201_a-1.jpeg\",\"articleSection\":[\"FL\u00c2NERIES\",\"Fl\u00e2neries culturelles\"],\"inLanguage\":\"fr-FR\",\"potentialAction\":[{\"@type\":\"CommentAction\",\"name\":\"Comment\",\"target\":[\"https:\/\/lacartebuissonniere.fr\/index.php\/2025\/09\/22\/allegories-de-lautomne-aux-raisins\/#respond\"]}]},{\"@type\":\"WebPage\",\"@id\":\"https:\/\/lacartebuissonniere.fr\/index.php\/2025\/09\/22\/allegories-de-lautomne-aux-raisins\/\",\"url\":\"https:\/\/lacartebuissonniere.fr\/index.php\/2025\/09\/22\/allegories-de-lautomne-aux-raisins\/\",\"name\":\"All\u00e9gories de l\u2019automne aux raisins - La carte buissonni\u00e8re\",\"isPartOf\":{\"@id\":\"https:\/\/lacartebuissonniere.fr\/#website\"},\"primaryImageOfPage\":{\"@id\":\"https:\/\/lacartebuissonniere.fr\/index.php\/2025\/09\/22\/allegories-de-lautomne-aux-raisins\/#primaryimage\"},\"image\":{\"@id\":\"https:\/\/lacartebuissonniere.fr\/index.php\/2025\/09\/22\/allegories-de-lautomne-aux-raisins\/#primaryimage\"},\"thumbnailUrl\":\"https:\/\/lacartebuissonniere.fr\/wp-content\/uploads\/2025\/09\/2ED4DFD3-0143-45A5-8D40-DFB99A48F4F5_1_201_a-1.jpeg\",\"datePublished\":\"2025-09-22T07:00:00+00:00\",\"breadcrumb\":{\"@id\":\"https:\/\/lacartebuissonniere.fr\/index.php\/2025\/09\/22\/allegories-de-lautomne-aux-raisins\/#breadcrumb\"},\"inLanguage\":\"fr-FR\",\"potentialAction\":[{\"@type\":\"ReadAction\",\"target\":[\"https:\/\/lacartebuissonniere.fr\/index.php\/2025\/09\/22\/allegories-de-lautomne-aux-raisins\/\"]}]},{\"@type\":\"ImageObject\",\"inLanguage\":\"fr-FR\",\"@id\":\"https:\/\/lacartebuissonniere.fr\/index.php\/2025\/09\/22\/allegories-de-lautomne-aux-raisins\/#primaryimage\",\"url\":\"https:\/\/lacartebuissonniere.fr\/wp-content\/uploads\/2025\/09\/2ED4DFD3-0143-45A5-8D40-DFB99A48F4F5_1_201_a-1.jpeg\",\"contentUrl\":\"https:\/\/lacartebuissonniere.fr\/wp-content\/uploads\/2025\/09\/2ED4DFD3-0143-45A5-8D40-DFB99A48F4F5_1_201_a-1.jpeg\",\"width\":627,\"height\":960},{\"@type\":\"BreadcrumbList\",\"@id\":\"https:\/\/lacartebuissonniere.fr\/index.php\/2025\/09\/22\/allegories-de-lautomne-aux-raisins\/#breadcrumb\",\"itemListElement\":[{\"@type\":\"ListItem\",\"position\":1,\"name\":\"Accueil\",\"item\":\"https:\/\/lacartebuissonniere.fr\/\"},{\"@type\":\"ListItem\",\"position\":2,\"name\":\"All\u00e9gories de l\u2019automne aux raisins\"}]},{\"@type\":\"WebSite\",\"@id\":\"https:\/\/lacartebuissonniere.fr\/#website\",\"url\":\"https:\/\/lacartebuissonniere.fr\/\",\"name\":\"La carte buissonni\u00e8re\",\"description\":\"\",\"publisher\":{\"@id\":\"https:\/\/lacartebuissonniere.fr\/#organization\"},\"potentialAction\":[{\"@type\":\"SearchAction\",\"target\":{\"@type\":\"EntryPoint\",\"urlTemplate\":\"https:\/\/lacartebuissonniere.fr\/?s={search_term_string}\"},\"query-input\":{\"@type\":\"PropertyValueSpecification\",\"valueRequired\":true,\"valueName\":\"search_term_string\"}}],\"inLanguage\":\"fr-FR\"},{\"@type\":\"Organization\",\"@id\":\"https:\/\/lacartebuissonniere.fr\/#organization\",\"name\":\"La carte buissonni\u00e8re\",\"url\":\"https:\/\/lacartebuissonniere.fr\/\",\"logo\":{\"@type\":\"ImageObject\",\"inLanguage\":\"fr-FR\",\"@id\":\"https:\/\/lacartebuissonniere.fr\/#\/schema\/logo\/image\/\",\"url\":\"https:\/\/lacartebuissonniere.fr\/wp-content\/uploads\/2022\/12\/Illustration-sans-titre.jpg\",\"contentUrl\":\"https:\/\/lacartebuissonniere.fr\/wp-content\/uploads\/2022\/12\/Illustration-sans-titre.jpg\",\"width\":637,\"height\":680,\"caption\":\"La carte buissonni\u00e8re\"},\"image\":{\"@id\":\"https:\/\/lacartebuissonniere.fr\/#\/schema\/logo\/image\/\"},\"sameAs\":[\"https:\/\/www.facebook.com\/lacartebuissonniere\/\",\"https:\/\/www.pinterest.fr\/DelphChabanne\/\"]},{\"@type\":\"Person\",\"@id\":\"https:\/\/lacartebuissonniere.fr\/#\/schema\/person\/4e60af809837a2287e4f6d4daaf7abd4\",\"name\":\"Carte buissonni\u00e8re\",\"image\":{\"@type\":\"ImageObject\",\"inLanguage\":\"fr-FR\",\"@id\":\"https:\/\/lacartebuissonniere.fr\/#\/schema\/person\/image\/\",\"url\":\"https:\/\/secure.gravatar.com\/avatar\/b543b5e0f093efbab3dfee8595bf9077ed504ab48ffeb378c9dc263381c278e6?s=96&d=mm&r=g\",\"contentUrl\":\"https:\/\/secure.gravatar.com\/avatar\/b543b5e0f093efbab3dfee8595bf9077ed504ab48ffeb378c9dc263381c278e6?s=96&d=mm&r=g\",\"caption\":\"Carte buissonni\u00e8re\"},\"sameAs\":[\"http:\/\/lacartebuissonniere.fr\"],\"url\":\"https:\/\/lacartebuissonniere.fr\/index.php\/author\/carteb\/\"}]}<\/script>\n<!-- \/ Yoast SEO plugin. -->","yoast_head_json":{"title":"All\u00e9gories de l\u2019automne aux raisins - La carte buissonni\u00e8re","robots":{"index":"index","follow":"follow","max-snippet":"max-snippet:-1","max-image-preview":"max-image-preview:large","max-video-preview":"max-video-preview:-1"},"canonical":"https:\/\/lacartebuissonniere.fr\/index.php\/2025\/09\/22\/allegories-de-lautomne-aux-raisins\/","og_locale":"fr_FR","og_type":"article","og_title":"All\u00e9gories de l\u2019automne aux raisins - La carte buissonni\u00e8re","og_description":"Le calendrier r\u00e9publicain fran\u00e7ais commence avec l\u2019automne, le 1er vend\u00e9miaire, aux alentours de l\u2019\u00e9quinoxe de septembre, le 22 ou 23. Que ce soit le jour du raisin ne rel\u00e8ve nullement du hasard, ne serait-ce que parce que Fabre d&rsquo;\u00c9glantine a fait d\u00e9river vend\u00e9miaire du latin vindemia qui signifie \u00ab\u00a0vendange\u00a0\u00bb. Les r\u00e9volutionnaires souhaitaient rompre avec les [&hellip;]","og_url":"https:\/\/lacartebuissonniere.fr\/index.php\/2025\/09\/22\/allegories-de-lautomne-aux-raisins\/","og_site_name":"La carte buissonni\u00e8re","article_publisher":"https:\/\/www.facebook.com\/lacartebuissonniere\/","article_published_time":"2025-09-22T07:00:00+00:00","og_image":[{"width":627,"height":960,"url":"https:\/\/lacartebuissonniere.fr\/wp-content\/uploads\/2025\/09\/2ED4DFD3-0143-45A5-8D40-DFB99A48F4F5_1_201_a-1.jpeg","type":"image\/jpeg"}],"author":"Carte buissonni\u00e8re","twitter_card":"summary_large_image","twitter_misc":{"\u00c9crit par":"Carte buissonni\u00e8re","Dur\u00e9e de lecture estim\u00e9e":"3 minutes"},"schema":{"@context":"https:\/\/schema.org","@graph":[{"@type":"Article","@id":"https:\/\/lacartebuissonniere.fr\/index.php\/2025\/09\/22\/allegories-de-lautomne-aux-raisins\/#article","isPartOf":{"@id":"https:\/\/lacartebuissonniere.fr\/index.php\/2025\/09\/22\/allegories-de-lautomne-aux-raisins\/"},"author":{"name":"Carte buissonni\u00e8re","@id":"https:\/\/lacartebuissonniere.fr\/#\/schema\/person\/4e60af809837a2287e4f6d4daaf7abd4"},"headline":"All\u00e9gories de l\u2019automne aux raisins","datePublished":"2025-09-22T07:00:00+00:00","mainEntityOfPage":{"@id":"https:\/\/lacartebuissonniere.fr\/index.php\/2025\/09\/22\/allegories-de-lautomne-aux-raisins\/"},"wordCount":300,"commentCount":0,"publisher":{"@id":"https:\/\/lacartebuissonniere.fr\/#organization"},"image":{"@id":"https:\/\/lacartebuissonniere.fr\/index.php\/2025\/09\/22\/allegories-de-lautomne-aux-raisins\/#primaryimage"},"thumbnailUrl":"https:\/\/lacartebuissonniere.fr\/wp-content\/uploads\/2025\/09\/2ED4DFD3-0143-45A5-8D40-DFB99A48F4F5_1_201_a-1.jpeg","articleSection":["FL\u00c2NERIES","Fl\u00e2neries culturelles"],"inLanguage":"fr-FR","potentialAction":[{"@type":"CommentAction","name":"Comment","target":["https:\/\/lacartebuissonniere.fr\/index.php\/2025\/09\/22\/allegories-de-lautomne-aux-raisins\/#respond"]}]},{"@type":"WebPage","@id":"https:\/\/lacartebuissonniere.fr\/index.php\/2025\/09\/22\/allegories-de-lautomne-aux-raisins\/","url":"https:\/\/lacartebuissonniere.fr\/index.php\/2025\/09\/22\/allegories-de-lautomne-aux-raisins\/","name":"All\u00e9gories de l\u2019automne aux raisins - La carte buissonni\u00e8re","isPartOf":{"@id":"https:\/\/lacartebuissonniere.fr\/#website"},"primaryImageOfPage":{"@id":"https:\/\/lacartebuissonniere.fr\/index.php\/2025\/09\/22\/allegories-de-lautomne-aux-raisins\/#primaryimage"},"image":{"@id":"https:\/\/lacartebuissonniere.fr\/index.php\/2025\/09\/22\/allegories-de-lautomne-aux-raisins\/#primaryimage"},"thumbnailUrl":"https:\/\/lacartebuissonniere.fr\/wp-content\/uploads\/2025\/09\/2ED4DFD3-0143-45A5-8D40-DFB99A48F4F5_1_201_a-1.jpeg","datePublished":"2025-09-22T07:00:00+00:00","breadcrumb":{"@id":"https:\/\/lacartebuissonniere.fr\/index.php\/2025\/09\/22\/allegories-de-lautomne-aux-raisins\/#breadcrumb"},"inLanguage":"fr-FR","potentialAction":[{"@type":"ReadAction","target":["https:\/\/lacartebuissonniere.fr\/index.php\/2025\/09\/22\/allegories-de-lautomne-aux-raisins\/"]}]},{"@type":"ImageObject","inLanguage":"fr-FR","@id":"https:\/\/lacartebuissonniere.fr\/index.php\/2025\/09\/22\/allegories-de-lautomne-aux-raisins\/#primaryimage","url":"https:\/\/lacartebuissonniere.fr\/wp-content\/uploads\/2025\/09\/2ED4DFD3-0143-45A5-8D40-DFB99A48F4F5_1_201_a-1.jpeg","contentUrl":"https:\/\/lacartebuissonniere.fr\/wp-content\/uploads\/2025\/09\/2ED4DFD3-0143-45A5-8D40-DFB99A48F4F5_1_201_a-1.jpeg","width":627,"height":960},{"@type":"BreadcrumbList","@id":"https:\/\/lacartebuissonniere.fr\/index.php\/2025\/09\/22\/allegories-de-lautomne-aux-raisins\/#breadcrumb","itemListElement":[{"@type":"ListItem","position":1,"name":"Accueil","item":"https:\/\/lacartebuissonniere.fr\/"},{"@type":"ListItem","position":2,"name":"All\u00e9gories de l\u2019automne aux raisins"}]},{"@type":"WebSite","@id":"https:\/\/lacartebuissonniere.fr\/#website","url":"https:\/\/lacartebuissonniere.fr\/","name":"La carte buissonni\u00e8re","description":"","publisher":{"@id":"https:\/\/lacartebuissonniere.fr\/#organization"},"potentialAction":[{"@type":"SearchAction","target":{"@type":"EntryPoint","urlTemplate":"https:\/\/lacartebuissonniere.fr\/?s={search_term_string}"},"query-input":{"@type":"PropertyValueSpecification","valueRequired":true,"valueName":"search_term_string"}}],"inLanguage":"fr-FR"},{"@type":"Organization","@id":"https:\/\/lacartebuissonniere.fr\/#organization","name":"La carte buissonni\u00e8re","url":"https:\/\/lacartebuissonniere.fr\/","logo":{"@type":"ImageObject","inLanguage":"fr-FR","@id":"https:\/\/lacartebuissonniere.fr\/#\/schema\/logo\/image\/","url":"https:\/\/lacartebuissonniere.fr\/wp-content\/uploads\/2022\/12\/Illustration-sans-titre.jpg","contentUrl":"https:\/\/lacartebuissonniere.fr\/wp-content\/uploads\/2022\/12\/Illustration-sans-titre.jpg","width":637,"height":680,"caption":"La carte buissonni\u00e8re"},"image":{"@id":"https:\/\/lacartebuissonniere.fr\/#\/schema\/logo\/image\/"},"sameAs":["https:\/\/www.facebook.com\/lacartebuissonniere\/","https:\/\/www.pinterest.fr\/DelphChabanne\/"]},{"@type":"Person","@id":"https:\/\/lacartebuissonniere.fr\/#\/schema\/person\/4e60af809837a2287e4f6d4daaf7abd4","name":"Carte buissonni\u00e8re","image":{"@type":"ImageObject","inLanguage":"fr-FR","@id":"https:\/\/lacartebuissonniere.fr\/#\/schema\/person\/image\/","url":"https:\/\/secure.gravatar.com\/avatar\/b543b5e0f093efbab3dfee8595bf9077ed504ab48ffeb378c9dc263381c278e6?s=96&d=mm&r=g","contentUrl":"https:\/\/secure.gravatar.com\/avatar\/b543b5e0f093efbab3dfee8595bf9077ed504ab48ffeb378c9dc263381c278e6?s=96&d=mm&r=g","caption":"Carte buissonni\u00e8re"},"sameAs":["http:\/\/lacartebuissonniere.fr"],"url":"https:\/\/lacartebuissonniere.fr\/index.php\/author\/carteb\/"}]}},"_links":{"self":[{"href":"https:\/\/lacartebuissonniere.fr\/index.php\/wp-json\/wp\/v2\/posts\/8189","targetHints":{"allow":["GET"]}}],"collection":[{"href":"https:\/\/lacartebuissonniere.fr\/index.php\/wp-json\/wp\/v2\/posts"}],"about":[{"href":"https:\/\/lacartebuissonniere.fr\/index.php\/wp-json\/wp\/v2\/types\/post"}],"author":[{"embeddable":true,"href":"https:\/\/lacartebuissonniere.fr\/index.php\/wp-json\/wp\/v2\/users\/2"}],"replies":[{"embeddable":true,"href":"https:\/\/lacartebuissonniere.fr\/index.php\/wp-json\/wp\/v2\/comments?post=8189"}],"version-history":[{"count":1,"href":"https:\/\/lacartebuissonniere.fr\/index.php\/wp-json\/wp\/v2\/posts\/8189\/revisions"}],"predecessor-version":[{"id":8201,"href":"https:\/\/lacartebuissonniere.fr\/index.php\/wp-json\/wp\/v2\/posts\/8189\/revisions\/8201"}],"wp:attachment":[{"href":"https:\/\/lacartebuissonniere.fr\/index.php\/wp-json\/wp\/v2\/media?parent=8189"}],"wp:term":[{"taxonomy":"category","embeddable":true,"href":"https:\/\/lacartebuissonniere.fr\/index.php\/wp-json\/wp\/v2\/categories?post=8189"},{"taxonomy":"post_tag","embeddable":true,"href":"https:\/\/lacartebuissonniere.fr\/index.php\/wp-json\/wp\/v2\/tags?post=8189"}],"curies":[{"name":"wp","href":"https:\/\/api.w.org\/{rel}","templated":true}]}}