{"id":8520,"date":"2025-12-04T09:00:00","date_gmt":"2025-12-04T08:00:00","guid":{"rendered":"https:\/\/lacartebuissonniere.fr\/?p=8520"},"modified":"2025-12-03T19:48:14","modified_gmt":"2025-12-03T18:48:14","slug":"operation-mon-beau-sapin","status":"publish","type":"post","link":"https:\/\/lacartebuissonniere.fr\/index.php\/2025\/12\/04\/operation-mon-beau-sapin\/","title":{"rendered":"Op\u00e9ration Mon beau sapin\u00a0!"},"content":{"rendered":"\n<p><\/p>\n\n\n\n<p>Dans le calendrier r\u00e9publicain fran\u00e7ais, le 14<sup>e<\/sup>&nbsp;jour du mois de frimaire, souvent notre 4 d\u00e9cembre, \u00e9tait d\u00e9nomm\u00e9 jour du sapin.<\/p>\n\n\n\n<p>\u00c0 trois semaines de No\u00ebl, c\u2019est vraiment le jour id\u00e9al pour lancer l\u2019op\u00e9ration \u00ab&nbsp;Mon beau sapin&nbsp;\u00bb 2025&nbsp;!<\/p>\n\n\n\n<p>J\u2019ai d\u2019abord choisi quelques jolis papiers avec des dominantes de rouge et vert&nbsp;:<\/p>\n\n\n<div class=\"wp-block-image\">\n<figure class=\"aligncenter size-full\"><img loading=\"lazy\" decoding=\"async\" width=\"886\" height=\"886\" src=\"https:\/\/lacartebuissonniere.fr\/wp-content\/uploads\/2025\/12\/904E1249-2BCC-492A-A7BC-0FC73E2A78CE_1_105_c-1.jpeg\" alt=\"\" class=\"wp-image-8522\" srcset=\"https:\/\/lacartebuissonniere.fr\/wp-content\/uploads\/2025\/12\/904E1249-2BCC-492A-A7BC-0FC73E2A78CE_1_105_c-1.jpeg 886w, https:\/\/lacartebuissonniere.fr\/wp-content\/uploads\/2025\/12\/904E1249-2BCC-492A-A7BC-0FC73E2A78CE_1_105_c-1-300x300.jpeg 300w, https:\/\/lacartebuissonniere.fr\/wp-content\/uploads\/2025\/12\/904E1249-2BCC-492A-A7BC-0FC73E2A78CE_1_105_c-1-150x150.jpeg 150w, https:\/\/lacartebuissonniere.fr\/wp-content\/uploads\/2025\/12\/904E1249-2BCC-492A-A7BC-0FC73E2A78CE_1_105_c-1-768x768.jpeg 768w, https:\/\/lacartebuissonniere.fr\/wp-content\/uploads\/2025\/12\/904E1249-2BCC-492A-A7BC-0FC73E2A78CE_1_105_c-1-600x600.jpeg 600w\" sizes=\"auto, (max-width: 886px) 100vw, 886px\" \/><\/figure>\n<\/div>\n\n\n<p><\/p>\n\n\n\n<p>Puis je les ai soigneusement pli\u00e9s en suivant le <a href=\"https:\/\/lacartebuissonniere.fr\/index.php\/2022\/12\/03\/tuto-origami-de-sapin\/\" target=\"_blank\" rel=\"noreferrer noopener\">tutoriel \u00ab\u00a0Origami de sapin\u00a0\u00bb<\/a>\u00a0:<\/p>\n\n\n\n<figure class=\"wp-block-gallery has-nested-images columns-default is-cropped wp-block-gallery-1 is-layout-flex wp-block-gallery-is-layout-flex\">\n<figure class=\"wp-block-image size-large\"><img loading=\"lazy\" decoding=\"async\" width=\"819\" height=\"1024\" data-id=\"8524\" src=\"https:\/\/lacartebuissonniere.fr\/wp-content\/uploads\/2025\/12\/BE9A5CF5-0ED0-4F28-BE7C-784AF5CFCF4B_1_201_a-819x1024.jpg\" alt=\"\" class=\"wp-image-8524\" srcset=\"https:\/\/lacartebuissonniere.fr\/wp-content\/uploads\/2025\/12\/BE9A5CF5-0ED0-4F28-BE7C-784AF5CFCF4B_1_201_a-819x1024.jpg 819w, https:\/\/lacartebuissonniere.fr\/wp-content\/uploads\/2025\/12\/BE9A5CF5-0ED0-4F28-BE7C-784AF5CFCF4B_1_201_a-240x300.jpg 240w, https:\/\/lacartebuissonniere.fr\/wp-content\/uploads\/2025\/12\/BE9A5CF5-0ED0-4F28-BE7C-784AF5CFCF4B_1_201_a-768x960.jpg 768w, https:\/\/lacartebuissonniere.fr\/wp-content\/uploads\/2025\/12\/BE9A5CF5-0ED0-4F28-BE7C-784AF5CFCF4B_1_201_a-1229x1536.jpg 1229w, https:\/\/lacartebuissonniere.fr\/wp-content\/uploads\/2025\/12\/BE9A5CF5-0ED0-4F28-BE7C-784AF5CFCF4B_1_201_a-1639x2048.jpg 1639w, https:\/\/lacartebuissonniere.fr\/wp-content\/uploads\/2025\/12\/BE9A5CF5-0ED0-4F28-BE7C-784AF5CFCF4B_1_201_a-480x600.jpg 480w, https:\/\/lacartebuissonniere.fr\/wp-content\/uploads\/2025\/12\/BE9A5CF5-0ED0-4F28-BE7C-784AF5CFCF4B_1_201_a-scaled.jpg 2048w\" sizes=\"auto, (max-width: 819px) 100vw, 819px\" \/><\/figure>\n\n\n\n<figure class=\"wp-block-image size-large\"><img loading=\"lazy\" decoding=\"async\" width=\"819\" height=\"1024\" data-id=\"8523\" src=\"https:\/\/lacartebuissonniere.fr\/wp-content\/uploads\/2025\/12\/545561A2-BEDE-4068-AFE3-6A57DD1CC62B_1_201_a-819x1024.jpg\" alt=\"\" class=\"wp-image-8523\" srcset=\"https:\/\/lacartebuissonniere.fr\/wp-content\/uploads\/2025\/12\/545561A2-BEDE-4068-AFE3-6A57DD1CC62B_1_201_a-819x1024.jpg 819w, https:\/\/lacartebuissonniere.fr\/wp-content\/uploads\/2025\/12\/545561A2-BEDE-4068-AFE3-6A57DD1CC62B_1_201_a-240x300.jpg 240w, https:\/\/lacartebuissonniere.fr\/wp-content\/uploads\/2025\/12\/545561A2-BEDE-4068-AFE3-6A57DD1CC62B_1_201_a-768x960.jpg 768w, https:\/\/lacartebuissonniere.fr\/wp-content\/uploads\/2025\/12\/545561A2-BEDE-4068-AFE3-6A57DD1CC62B_1_201_a-1229x1536.jpg 1229w, https:\/\/lacartebuissonniere.fr\/wp-content\/uploads\/2025\/12\/545561A2-BEDE-4068-AFE3-6A57DD1CC62B_1_201_a-1639x2048.jpg 1639w, https:\/\/lacartebuissonniere.fr\/wp-content\/uploads\/2025\/12\/545561A2-BEDE-4068-AFE3-6A57DD1CC62B_1_201_a-480x600.jpg 480w, https:\/\/lacartebuissonniere.fr\/wp-content\/uploads\/2025\/12\/545561A2-BEDE-4068-AFE3-6A57DD1CC62B_1_201_a-scaled.jpg 2048w\" sizes=\"auto, (max-width: 819px) 100vw, 819px\" \/><\/figure>\n<\/figure>\n\n\n\n<p><\/p>\n\n\n\n<p>Et voici le r\u00e9sultat.<\/p>\n\n\n\n<p>Avec des couleurs traditionnelles&nbsp;:<\/p>\n\n\n\n<figure class=\"wp-block-gallery has-nested-images columns-default is-cropped wp-block-gallery-2 is-layout-flex wp-block-gallery-is-layout-flex\">\n<figure class=\"wp-block-image size-large\"><img loading=\"lazy\" decoding=\"async\" width=\"819\" height=\"1024\" data-id=\"8526\" src=\"https:\/\/lacartebuissonniere.fr\/wp-content\/uploads\/2025\/12\/16326A7B-B5F8-4D5F-B83B-DC360902F3BC-1-819x1024.png\" alt=\"\" class=\"wp-image-8526\" srcset=\"https:\/\/lacartebuissonniere.fr\/wp-content\/uploads\/2025\/12\/16326A7B-B5F8-4D5F-B83B-DC360902F3BC-1-819x1024.png 819w, https:\/\/lacartebuissonniere.fr\/wp-content\/uploads\/2025\/12\/16326A7B-B5F8-4D5F-B83B-DC360902F3BC-1-240x300.png 240w, https:\/\/lacartebuissonniere.fr\/wp-content\/uploads\/2025\/12\/16326A7B-B5F8-4D5F-B83B-DC360902F3BC-1-768x960.png 768w, https:\/\/lacartebuissonniere.fr\/wp-content\/uploads\/2025\/12\/16326A7B-B5F8-4D5F-B83B-DC360902F3BC-1-480x600.png 480w, https:\/\/lacartebuissonniere.fr\/wp-content\/uploads\/2025\/12\/16326A7B-B5F8-4D5F-B83B-DC360902F3BC-1.png 1080w\" sizes=\"auto, (max-width: 819px) 100vw, 819px\" \/><\/figure>\n\n\n\n<figure class=\"wp-block-image size-large\"><img loading=\"lazy\" decoding=\"async\" width=\"819\" height=\"1024\" data-id=\"8527\" src=\"https:\/\/lacartebuissonniere.fr\/wp-content\/uploads\/2025\/12\/E9B3574B-F942-458D-A210-E31A94922408-819x1024.png\" alt=\"\" class=\"wp-image-8527\" srcset=\"https:\/\/lacartebuissonniere.fr\/wp-content\/uploads\/2025\/12\/E9B3574B-F942-458D-A210-E31A94922408-819x1024.png 819w, https:\/\/lacartebuissonniere.fr\/wp-content\/uploads\/2025\/12\/E9B3574B-F942-458D-A210-E31A94922408-240x300.png 240w, https:\/\/lacartebuissonniere.fr\/wp-content\/uploads\/2025\/12\/E9B3574B-F942-458D-A210-E31A94922408-768x960.png 768w, https:\/\/lacartebuissonniere.fr\/wp-content\/uploads\/2025\/12\/E9B3574B-F942-458D-A210-E31A94922408-480x600.png 480w, https:\/\/lacartebuissonniere.fr\/wp-content\/uploads\/2025\/12\/E9B3574B-F942-458D-A210-E31A94922408.png 1080w\" sizes=\"auto, (max-width: 819px) 100vw, 819px\" \/><\/figure>\n<\/figure>\n\n\n\n<p><\/p>\n\n\n\n<p>Des motifs fleuris ou <a href=\"https:\/\/lacartebuissonniere.fr\/index.php\/2024\/07\/01\/motif-paisley\/\" target=\"_blank\" rel=\"noreferrer noopener\">paisley<\/a>\u00a0:<\/p>\n\n\n<div class=\"wp-block-image\">\n<figure class=\"aligncenter size-large\"><img loading=\"lazy\" decoding=\"async\" width=\"806\" height=\"1024\" src=\"https:\/\/lacartebuissonniere.fr\/wp-content\/uploads\/2025\/12\/135C2B2C-53EF-43C2-B1D7-4417DBE7D3C2_1_201_a-1-806x1024.jpeg\" alt=\"\" class=\"wp-image-8531\" srcset=\"https:\/\/lacartebuissonniere.fr\/wp-content\/uploads\/2025\/12\/135C2B2C-53EF-43C2-B1D7-4417DBE7D3C2_1_201_a-1-806x1024.jpeg 806w, https:\/\/lacartebuissonniere.fr\/wp-content\/uploads\/2025\/12\/135C2B2C-53EF-43C2-B1D7-4417DBE7D3C2_1_201_a-1-236x300.jpeg 236w, https:\/\/lacartebuissonniere.fr\/wp-content\/uploads\/2025\/12\/135C2B2C-53EF-43C2-B1D7-4417DBE7D3C2_1_201_a-1-768x975.jpeg 768w, https:\/\/lacartebuissonniere.fr\/wp-content\/uploads\/2025\/12\/135C2B2C-53EF-43C2-B1D7-4417DBE7D3C2_1_201_a-1-472x600.jpeg 472w, https:\/\/lacartebuissonniere.fr\/wp-content\/uploads\/2025\/12\/135C2B2C-53EF-43C2-B1D7-4417DBE7D3C2_1_201_a-1.jpeg 1063w\" sizes=\"auto, (max-width: 806px) 100vw, 806px\" \/><\/figure>\n<\/div>\n\n\n<p><\/p>\n\n\n\n<p>Et m\u00eame du <a href=\"https:\/\/lacartebuissonniere.fr\/index.php\/2022\/11\/16\/les-secrets-du-papier-washi\/\" target=\"_blank\" rel=\"noreferrer noopener\">papier <em>washi<\/em><\/a>\u00a0:<\/p>\n\n\n<div class=\"wp-block-image\">\n<figure class=\"aligncenter size-large\"><img loading=\"lazy\" decoding=\"async\" width=\"819\" height=\"1024\" src=\"https:\/\/lacartebuissonniere.fr\/wp-content\/uploads\/2025\/12\/7D9284B1-2B47-4A58-AC63-2AF2C9D1926D-1-819x1024.png\" alt=\"\" class=\"wp-image-8533\" srcset=\"https:\/\/lacartebuissonniere.fr\/wp-content\/uploads\/2025\/12\/7D9284B1-2B47-4A58-AC63-2AF2C9D1926D-1-819x1024.png 819w, https:\/\/lacartebuissonniere.fr\/wp-content\/uploads\/2025\/12\/7D9284B1-2B47-4A58-AC63-2AF2C9D1926D-1-240x300.png 240w, https:\/\/lacartebuissonniere.fr\/wp-content\/uploads\/2025\/12\/7D9284B1-2B47-4A58-AC63-2AF2C9D1926D-1-768x960.png 768w, https:\/\/lacartebuissonniere.fr\/wp-content\/uploads\/2025\/12\/7D9284B1-2B47-4A58-AC63-2AF2C9D1926D-1-480x600.png 480w, https:\/\/lacartebuissonniere.fr\/wp-content\/uploads\/2025\/12\/7D9284B1-2B47-4A58-AC63-2AF2C9D1926D-1.png 1080w\" sizes=\"auto, (max-width: 819px) 100vw, 819px\" \/><\/figure>\n<\/div>\n\n\n<p><\/p>\n\n\n\n<p>Avez-vous remarqu\u00e9 un d\u00e9tail in\u00e9dit&nbsp;?<\/p>\n\n\n\n<p>Cette ann\u00e9e, mes sapins ont des \u00e9toiles non plus dor\u00e9es ou argent\u00e9es, mais assorties \u00e0 leur robe&nbsp;!<\/p>\n","protected":false},"excerpt":{"rendered":"<p>Dans le calendrier r\u00e9publicain fran\u00e7ais, le 14e&nbsp;jour du mois de frimaire, souvent notre 4 d\u00e9cembre, \u00e9tait d\u00e9nomm\u00e9 jour du sapin. \u00c0 trois semaines de No\u00ebl, c\u2019est vraiment le jour id\u00e9al pour lancer l\u2019op\u00e9ration \u00ab&nbsp;Mon beau sapin&nbsp;\u00bb 2025&nbsp;! J\u2019ai d\u2019abord choisi quelques jolis papiers avec des dominantes de rouge et vert&nbsp;: Puis je les ai soigneusement [&hellip;]<\/p>\n","protected":false},"author":2,"featured_media":0,"comment_status":"open","ping_status":"open","sticky":false,"template":"","format":"standard","meta":{"two_page_speed":[],"footnotes":""},"categories":[15],"tags":[],"class_list":["post-8520","post","type-post","status-publish","format-standard","hentry","category-coulisses","entry"],"yoast_head":"<!-- This site is optimized with the Yoast SEO plugin v25.4 - https:\/\/yoast.com\/wordpress\/plugins\/seo\/ -->\n<title>Op\u00e9ration Mon beau sapin\u00a0! - La carte buissonni\u00e8re<\/title>\n<meta name=\"robots\" content=\"index, follow, max-snippet:-1, max-image-preview:large, max-video-preview:-1\" \/>\n<link rel=\"canonical\" href=\"https:\/\/lacartebuissonniere.fr\/index.php\/2025\/12\/04\/operation-mon-beau-sapin\/\" \/>\n<meta property=\"og:locale\" content=\"fr_FR\" \/>\n<meta property=\"og:type\" content=\"article\" \/>\n<meta property=\"og:title\" content=\"Op\u00e9ration Mon beau sapin\u00a0! - La carte buissonni\u00e8re\" \/>\n<meta property=\"og:description\" content=\"Dans le calendrier r\u00e9publicain fran\u00e7ais, le 14e&nbsp;jour du mois de frimaire, souvent notre 4 d\u00e9cembre, \u00e9tait d\u00e9nomm\u00e9 jour du sapin. \u00c0 trois semaines de No\u00ebl, c\u2019est vraiment le jour id\u00e9al pour lancer l\u2019op\u00e9ration \u00ab&nbsp;Mon beau sapin&nbsp;\u00bb 2025&nbsp;! J\u2019ai d\u2019abord choisi quelques jolis papiers avec des dominantes de rouge et vert&nbsp;: Puis je les ai soigneusement [&hellip;]\" \/>\n<meta property=\"og:url\" content=\"https:\/\/lacartebuissonniere.fr\/index.php\/2025\/12\/04\/operation-mon-beau-sapin\/\" \/>\n<meta property=\"og:site_name\" content=\"La carte buissonni\u00e8re\" \/>\n<meta property=\"article:publisher\" content=\"https:\/\/www.facebook.com\/lacartebuissonniere\/\" \/>\n<meta property=\"article:published_time\" content=\"2025-12-04T08:00:00+00:00\" \/>\n<meta property=\"og:image\" content=\"https:\/\/lacartebuissonniere.fr\/wp-content\/uploads\/2025\/12\/904E1249-2BCC-492A-A7BC-0FC73E2A78CE_1_105_c-1.jpeg\" \/>\n\t<meta property=\"og:image:width\" content=\"886\" \/>\n\t<meta property=\"og:image:height\" content=\"886\" \/>\n\t<meta property=\"og:image:type\" content=\"image\/jpeg\" \/>\n<meta name=\"author\" content=\"Carte buissonni\u00e8re\" \/>\n<meta name=\"twitter:card\" content=\"summary_large_image\" \/>\n<meta name=\"twitter:label1\" content=\"\u00c9crit par\" \/>\n\t<meta name=\"twitter:data1\" content=\"Carte buissonni\u00e8re\" \/>\n\t<meta name=\"twitter:label2\" content=\"Dur\u00e9e de lecture estim\u00e9e\" \/>\n\t<meta name=\"twitter:data2\" content=\"2 minutes\" \/>\n<script type=\"application\/ld+json\" class=\"yoast-schema-graph\">{\"@context\":\"https:\/\/schema.org\",\"@graph\":[{\"@type\":\"Article\",\"@id\":\"https:\/\/lacartebuissonniere.fr\/index.php\/2025\/12\/04\/operation-mon-beau-sapin\/#article\",\"isPartOf\":{\"@id\":\"https:\/\/lacartebuissonniere.fr\/index.php\/2025\/12\/04\/operation-mon-beau-sapin\/\"},\"author\":{\"name\":\"Carte buissonni\u00e8re\",\"@id\":\"https:\/\/lacartebuissonniere.fr\/#\/schema\/person\/4e60af809837a2287e4f6d4daaf7abd4\"},\"headline\":\"Op\u00e9ration Mon beau sapin\u00a0!\",\"datePublished\":\"2025-12-04T08:00:00+00:00\",\"mainEntityOfPage\":{\"@id\":\"https:\/\/lacartebuissonniere.fr\/index.php\/2025\/12\/04\/operation-mon-beau-sapin\/\"},\"wordCount\":132,\"commentCount\":0,\"publisher\":{\"@id\":\"https:\/\/lacartebuissonniere.fr\/#organization\"},\"image\":{\"@id\":\"https:\/\/lacartebuissonniere.fr\/index.php\/2025\/12\/04\/operation-mon-beau-sapin\/#primaryimage\"},\"thumbnailUrl\":\"https:\/\/lacartebuissonniere.fr\/wp-content\/uploads\/2025\/12\/904E1249-2BCC-492A-A7BC-0FC73E2A78CE_1_105_c-1.jpeg\",\"articleSection\":[\"COULISSES\"],\"inLanguage\":\"fr-FR\",\"potentialAction\":[{\"@type\":\"CommentAction\",\"name\":\"Comment\",\"target\":[\"https:\/\/lacartebuissonniere.fr\/index.php\/2025\/12\/04\/operation-mon-beau-sapin\/#respond\"]}]},{\"@type\":\"WebPage\",\"@id\":\"https:\/\/lacartebuissonniere.fr\/index.php\/2025\/12\/04\/operation-mon-beau-sapin\/\",\"url\":\"https:\/\/lacartebuissonniere.fr\/index.php\/2025\/12\/04\/operation-mon-beau-sapin\/\",\"name\":\"Op\u00e9ration Mon beau sapin\u00a0! - La carte buissonni\u00e8re\",\"isPartOf\":{\"@id\":\"https:\/\/lacartebuissonniere.fr\/#website\"},\"primaryImageOfPage\":{\"@id\":\"https:\/\/lacartebuissonniere.fr\/index.php\/2025\/12\/04\/operation-mon-beau-sapin\/#primaryimage\"},\"image\":{\"@id\":\"https:\/\/lacartebuissonniere.fr\/index.php\/2025\/12\/04\/operation-mon-beau-sapin\/#primaryimage\"},\"thumbnailUrl\":\"https:\/\/lacartebuissonniere.fr\/wp-content\/uploads\/2025\/12\/904E1249-2BCC-492A-A7BC-0FC73E2A78CE_1_105_c-1.jpeg\",\"datePublished\":\"2025-12-04T08:00:00+00:00\",\"breadcrumb\":{\"@id\":\"https:\/\/lacartebuissonniere.fr\/index.php\/2025\/12\/04\/operation-mon-beau-sapin\/#breadcrumb\"},\"inLanguage\":\"fr-FR\",\"potentialAction\":[{\"@type\":\"ReadAction\",\"target\":[\"https:\/\/lacartebuissonniere.fr\/index.php\/2025\/12\/04\/operation-mon-beau-sapin\/\"]}]},{\"@type\":\"ImageObject\",\"inLanguage\":\"fr-FR\",\"@id\":\"https:\/\/lacartebuissonniere.fr\/index.php\/2025\/12\/04\/operation-mon-beau-sapin\/#primaryimage\",\"url\":\"https:\/\/lacartebuissonniere.fr\/wp-content\/uploads\/2025\/12\/904E1249-2BCC-492A-A7BC-0FC73E2A78CE_1_105_c-1.jpeg\",\"contentUrl\":\"https:\/\/lacartebuissonniere.fr\/wp-content\/uploads\/2025\/12\/904E1249-2BCC-492A-A7BC-0FC73E2A78CE_1_105_c-1.jpeg\",\"width\":886,\"height\":886},{\"@type\":\"BreadcrumbList\",\"@id\":\"https:\/\/lacartebuissonniere.fr\/index.php\/2025\/12\/04\/operation-mon-beau-sapin\/#breadcrumb\",\"itemListElement\":[{\"@type\":\"ListItem\",\"position\":1,\"name\":\"Accueil\",\"item\":\"https:\/\/lacartebuissonniere.fr\/\"},{\"@type\":\"ListItem\",\"position\":2,\"name\":\"Op\u00e9ration Mon beau sapin\u00a0!\"}]},{\"@type\":\"WebSite\",\"@id\":\"https:\/\/lacartebuissonniere.fr\/#website\",\"url\":\"https:\/\/lacartebuissonniere.fr\/\",\"name\":\"La carte buissonni\u00e8re\",\"description\":\"\",\"publisher\":{\"@id\":\"https:\/\/lacartebuissonniere.fr\/#organization\"},\"potentialAction\":[{\"@type\":\"SearchAction\",\"target\":{\"@type\":\"EntryPoint\",\"urlTemplate\":\"https:\/\/lacartebuissonniere.fr\/?s={search_term_string}\"},\"query-input\":{\"@type\":\"PropertyValueSpecification\",\"valueRequired\":true,\"valueName\":\"search_term_string\"}}],\"inLanguage\":\"fr-FR\"},{\"@type\":\"Organization\",\"@id\":\"https:\/\/lacartebuissonniere.fr\/#organization\",\"name\":\"La carte buissonni\u00e8re\",\"url\":\"https:\/\/lacartebuissonniere.fr\/\",\"logo\":{\"@type\":\"ImageObject\",\"inLanguage\":\"fr-FR\",\"@id\":\"https:\/\/lacartebuissonniere.fr\/#\/schema\/logo\/image\/\",\"url\":\"https:\/\/lacartebuissonniere.fr\/wp-content\/uploads\/2022\/12\/Illustration-sans-titre.jpg\",\"contentUrl\":\"https:\/\/lacartebuissonniere.fr\/wp-content\/uploads\/2022\/12\/Illustration-sans-titre.jpg\",\"width\":637,\"height\":680,\"caption\":\"La carte buissonni\u00e8re\"},\"image\":{\"@id\":\"https:\/\/lacartebuissonniere.fr\/#\/schema\/logo\/image\/\"},\"sameAs\":[\"https:\/\/www.facebook.com\/lacartebuissonniere\/\",\"https:\/\/www.pinterest.fr\/DelphChabanne\/\"]},{\"@type\":\"Person\",\"@id\":\"https:\/\/lacartebuissonniere.fr\/#\/schema\/person\/4e60af809837a2287e4f6d4daaf7abd4\",\"name\":\"Carte buissonni\u00e8re\",\"image\":{\"@type\":\"ImageObject\",\"inLanguage\":\"fr-FR\",\"@id\":\"https:\/\/lacartebuissonniere.fr\/#\/schema\/person\/image\/\",\"url\":\"https:\/\/secure.gravatar.com\/avatar\/b543b5e0f093efbab3dfee8595bf9077ed504ab48ffeb378c9dc263381c278e6?s=96&d=mm&r=g\",\"contentUrl\":\"https:\/\/secure.gravatar.com\/avatar\/b543b5e0f093efbab3dfee8595bf9077ed504ab48ffeb378c9dc263381c278e6?s=96&d=mm&r=g\",\"caption\":\"Carte buissonni\u00e8re\"},\"sameAs\":[\"http:\/\/lacartebuissonniere.fr\"],\"url\":\"https:\/\/lacartebuissonniere.fr\/index.php\/author\/carteb\/\"}]}<\/script>\n<!-- \/ Yoast SEO plugin. -->","yoast_head_json":{"title":"Op\u00e9ration Mon beau sapin\u00a0! - La carte buissonni\u00e8re","robots":{"index":"index","follow":"follow","max-snippet":"max-snippet:-1","max-image-preview":"max-image-preview:large","max-video-preview":"max-video-preview:-1"},"canonical":"https:\/\/lacartebuissonniere.fr\/index.php\/2025\/12\/04\/operation-mon-beau-sapin\/","og_locale":"fr_FR","og_type":"article","og_title":"Op\u00e9ration Mon beau sapin\u00a0! - La carte buissonni\u00e8re","og_description":"Dans le calendrier r\u00e9publicain fran\u00e7ais, le 14e&nbsp;jour du mois de frimaire, souvent notre 4 d\u00e9cembre, \u00e9tait d\u00e9nomm\u00e9 jour du sapin. \u00c0 trois semaines de No\u00ebl, c\u2019est vraiment le jour id\u00e9al pour lancer l\u2019op\u00e9ration \u00ab&nbsp;Mon beau sapin&nbsp;\u00bb 2025&nbsp;! J\u2019ai d\u2019abord choisi quelques jolis papiers avec des dominantes de rouge et vert&nbsp;: Puis je les ai soigneusement [&hellip;]","og_url":"https:\/\/lacartebuissonniere.fr\/index.php\/2025\/12\/04\/operation-mon-beau-sapin\/","og_site_name":"La carte buissonni\u00e8re","article_publisher":"https:\/\/www.facebook.com\/lacartebuissonniere\/","article_published_time":"2025-12-04T08:00:00+00:00","og_image":[{"width":886,"height":886,"url":"https:\/\/lacartebuissonniere.fr\/wp-content\/uploads\/2025\/12\/904E1249-2BCC-492A-A7BC-0FC73E2A78CE_1_105_c-1.jpeg","type":"image\/jpeg"}],"author":"Carte buissonni\u00e8re","twitter_card":"summary_large_image","twitter_misc":{"\u00c9crit par":"Carte buissonni\u00e8re","Dur\u00e9e de lecture estim\u00e9e":"2 minutes"},"schema":{"@context":"https:\/\/schema.org","@graph":[{"@type":"Article","@id":"https:\/\/lacartebuissonniere.fr\/index.php\/2025\/12\/04\/operation-mon-beau-sapin\/#article","isPartOf":{"@id":"https:\/\/lacartebuissonniere.fr\/index.php\/2025\/12\/04\/operation-mon-beau-sapin\/"},"author":{"name":"Carte buissonni\u00e8re","@id":"https:\/\/lacartebuissonniere.fr\/#\/schema\/person\/4e60af809837a2287e4f6d4daaf7abd4"},"headline":"Op\u00e9ration Mon beau sapin\u00a0!","datePublished":"2025-12-04T08:00:00+00:00","mainEntityOfPage":{"@id":"https:\/\/lacartebuissonniere.fr\/index.php\/2025\/12\/04\/operation-mon-beau-sapin\/"},"wordCount":132,"commentCount":0,"publisher":{"@id":"https:\/\/lacartebuissonniere.fr\/#organization"},"image":{"@id":"https:\/\/lacartebuissonniere.fr\/index.php\/2025\/12\/04\/operation-mon-beau-sapin\/#primaryimage"},"thumbnailUrl":"https:\/\/lacartebuissonniere.fr\/wp-content\/uploads\/2025\/12\/904E1249-2BCC-492A-A7BC-0FC73E2A78CE_1_105_c-1.jpeg","articleSection":["COULISSES"],"inLanguage":"fr-FR","potentialAction":[{"@type":"CommentAction","name":"Comment","target":["https:\/\/lacartebuissonniere.fr\/index.php\/2025\/12\/04\/operation-mon-beau-sapin\/#respond"]}]},{"@type":"WebPage","@id":"https:\/\/lacartebuissonniere.fr\/index.php\/2025\/12\/04\/operation-mon-beau-sapin\/","url":"https:\/\/lacartebuissonniere.fr\/index.php\/2025\/12\/04\/operation-mon-beau-sapin\/","name":"Op\u00e9ration Mon beau sapin\u00a0! - La carte buissonni\u00e8re","isPartOf":{"@id":"https:\/\/lacartebuissonniere.fr\/#website"},"primaryImageOfPage":{"@id":"https:\/\/lacartebuissonniere.fr\/index.php\/2025\/12\/04\/operation-mon-beau-sapin\/#primaryimage"},"image":{"@id":"https:\/\/lacartebuissonniere.fr\/index.php\/2025\/12\/04\/operation-mon-beau-sapin\/#primaryimage"},"thumbnailUrl":"https:\/\/lacartebuissonniere.fr\/wp-content\/uploads\/2025\/12\/904E1249-2BCC-492A-A7BC-0FC73E2A78CE_1_105_c-1.jpeg","datePublished":"2025-12-04T08:00:00+00:00","breadcrumb":{"@id":"https:\/\/lacartebuissonniere.fr\/index.php\/2025\/12\/04\/operation-mon-beau-sapin\/#breadcrumb"},"inLanguage":"fr-FR","potentialAction":[{"@type":"ReadAction","target":["https:\/\/lacartebuissonniere.fr\/index.php\/2025\/12\/04\/operation-mon-beau-sapin\/"]}]},{"@type":"ImageObject","inLanguage":"fr-FR","@id":"https:\/\/lacartebuissonniere.fr\/index.php\/2025\/12\/04\/operation-mon-beau-sapin\/#primaryimage","url":"https:\/\/lacartebuissonniere.fr\/wp-content\/uploads\/2025\/12\/904E1249-2BCC-492A-A7BC-0FC73E2A78CE_1_105_c-1.jpeg","contentUrl":"https:\/\/lacartebuissonniere.fr\/wp-content\/uploads\/2025\/12\/904E1249-2BCC-492A-A7BC-0FC73E2A78CE_1_105_c-1.jpeg","width":886,"height":886},{"@type":"BreadcrumbList","@id":"https:\/\/lacartebuissonniere.fr\/index.php\/2025\/12\/04\/operation-mon-beau-sapin\/#breadcrumb","itemListElement":[{"@type":"ListItem","position":1,"name":"Accueil","item":"https:\/\/lacartebuissonniere.fr\/"},{"@type":"ListItem","position":2,"name":"Op\u00e9ration Mon beau sapin\u00a0!"}]},{"@type":"WebSite","@id":"https:\/\/lacartebuissonniere.fr\/#website","url":"https:\/\/lacartebuissonniere.fr\/","name":"La carte buissonni\u00e8re","description":"","publisher":{"@id":"https:\/\/lacartebuissonniere.fr\/#organization"},"potentialAction":[{"@type":"SearchAction","target":{"@type":"EntryPoint","urlTemplate":"https:\/\/lacartebuissonniere.fr\/?s={search_term_string}"},"query-input":{"@type":"PropertyValueSpecification","valueRequired":true,"valueName":"search_term_string"}}],"inLanguage":"fr-FR"},{"@type":"Organization","@id":"https:\/\/lacartebuissonniere.fr\/#organization","name":"La carte buissonni\u00e8re","url":"https:\/\/lacartebuissonniere.fr\/","logo":{"@type":"ImageObject","inLanguage":"fr-FR","@id":"https:\/\/lacartebuissonniere.fr\/#\/schema\/logo\/image\/","url":"https:\/\/lacartebuissonniere.fr\/wp-content\/uploads\/2022\/12\/Illustration-sans-titre.jpg","contentUrl":"https:\/\/lacartebuissonniere.fr\/wp-content\/uploads\/2022\/12\/Illustration-sans-titre.jpg","width":637,"height":680,"caption":"La carte buissonni\u00e8re"},"image":{"@id":"https:\/\/lacartebuissonniere.fr\/#\/schema\/logo\/image\/"},"sameAs":["https:\/\/www.facebook.com\/lacartebuissonniere\/","https:\/\/www.pinterest.fr\/DelphChabanne\/"]},{"@type":"Person","@id":"https:\/\/lacartebuissonniere.fr\/#\/schema\/person\/4e60af809837a2287e4f6d4daaf7abd4","name":"Carte buissonni\u00e8re","image":{"@type":"ImageObject","inLanguage":"fr-FR","@id":"https:\/\/lacartebuissonniere.fr\/#\/schema\/person\/image\/","url":"https:\/\/secure.gravatar.com\/avatar\/b543b5e0f093efbab3dfee8595bf9077ed504ab48ffeb378c9dc263381c278e6?s=96&d=mm&r=g","contentUrl":"https:\/\/secure.gravatar.com\/avatar\/b543b5e0f093efbab3dfee8595bf9077ed504ab48ffeb378c9dc263381c278e6?s=96&d=mm&r=g","caption":"Carte buissonni\u00e8re"},"sameAs":["http:\/\/lacartebuissonniere.fr"],"url":"https:\/\/lacartebuissonniere.fr\/index.php\/author\/carteb\/"}]}},"_links":{"self":[{"href":"https:\/\/lacartebuissonniere.fr\/index.php\/wp-json\/wp\/v2\/posts\/8520","targetHints":{"allow":["GET"]}}],"collection":[{"href":"https:\/\/lacartebuissonniere.fr\/index.php\/wp-json\/wp\/v2\/posts"}],"about":[{"href":"https:\/\/lacartebuissonniere.fr\/index.php\/wp-json\/wp\/v2\/types\/post"}],"author":[{"embeddable":true,"href":"https:\/\/lacartebuissonniere.fr\/index.php\/wp-json\/wp\/v2\/users\/2"}],"replies":[{"embeddable":true,"href":"https:\/\/lacartebuissonniere.fr\/index.php\/wp-json\/wp\/v2\/comments?post=8520"}],"version-history":[{"count":1,"href":"https:\/\/lacartebuissonniere.fr\/index.php\/wp-json\/wp\/v2\/posts\/8520\/revisions"}],"predecessor-version":[{"id":8534,"href":"https:\/\/lacartebuissonniere.fr\/index.php\/wp-json\/wp\/v2\/posts\/8520\/revisions\/8534"}],"wp:attachment":[{"href":"https:\/\/lacartebuissonniere.fr\/index.php\/wp-json\/wp\/v2\/media?parent=8520"}],"wp:term":[{"taxonomy":"category","embeddable":true,"href":"https:\/\/lacartebuissonniere.fr\/index.php\/wp-json\/wp\/v2\/categories?post=8520"},{"taxonomy":"post_tag","embeddable":true,"href":"https:\/\/lacartebuissonniere.fr\/index.php\/wp-json\/wp\/v2\/tags?post=8520"}],"curies":[{"name":"wp","href":"https:\/\/api.w.org\/{rel}","templated":true}]}}