{"id":8553,"date":"2025-12-10T09:00:00","date_gmt":"2025-12-10T08:00:00","guid":{"rendered":"https:\/\/lacartebuissonniere.fr\/?p=8553"},"modified":"2025-12-08T12:12:32","modified_gmt":"2025-12-08T11:12:32","slug":"comptine-etymologique-coronille","status":"publish","type":"post","link":"https:\/\/lacartebuissonniere.fr\/index.php\/2025\/12\/10\/comptine-etymologique-coronille\/","title":{"rendered":"Comptine \u00e9tymologique\u00a0: coronille"},"content":{"rendered":"\n<p><\/p>\n\n\n\n<p>La coronille appartient \u00e0 la grande famille des Fabac\u00e9es, l&rsquo;une des plus importantes familles de plantes \u00e0 fleurs, celle des haricots, des pois, des tr\u00e8fles, des mimosas\u2026<\/p>\n\n\n\n<p>Derri\u00e8re ce nom de <em>coronille<\/em> se cache en r\u00e9alit\u00e9 un ensemble de plantes aux allures vari\u00e9es, unies par leurs fleurs en petits bouquets ronds et leur capacit\u00e9 \u00e0 pousser dans les terrains pauvres et ensoleill\u00e9s.<\/p>\n\n\n\n<p>Les esp\u00e8ces jaunes sont sans doute les plus spectaculaires. L\u2019une des plus r\u00e9pandues, <em>Coronilla valentina subsp. glauca<\/em>, forme de beaux arbustes arrondis couverts d\u2019une myriade de petites fleurs jaune vif. Leur floraison, souvent tr\u00e8s pr\u00e9coce, illumine les massifs d\u00e8s la fin de l\u2019hiver, comme en atteste cet arbrisseau photographi\u00e9 au Jardin des Plantes de Paris&nbsp;:<\/p>\n\n\n\n<figure class=\"wp-block-gallery has-nested-images columns-default is-cropped wp-block-gallery-1 is-layout-flex wp-block-gallery-is-layout-flex\">\n<figure class=\"wp-block-image size-large\"><img loading=\"lazy\" decoding=\"async\" width=\"1024\" height=\"768\" data-id=\"8555\" src=\"https:\/\/lacartebuissonniere.fr\/wp-content\/uploads\/2025\/12\/21E97AD1-1628-4021-BF77-720D6A76431D_1_201_a-1024x768.jpeg\" alt=\"\" class=\"wp-image-8555\" srcset=\"https:\/\/lacartebuissonniere.fr\/wp-content\/uploads\/2025\/12\/21E97AD1-1628-4021-BF77-720D6A76431D_1_201_a-1024x768.jpeg 1024w, https:\/\/lacartebuissonniere.fr\/wp-content\/uploads\/2025\/12\/21E97AD1-1628-4021-BF77-720D6A76431D_1_201_a-300x225.jpeg 300w, https:\/\/lacartebuissonniere.fr\/wp-content\/uploads\/2025\/12\/21E97AD1-1628-4021-BF77-720D6A76431D_1_201_a-768x576.jpeg 768w, https:\/\/lacartebuissonniere.fr\/wp-content\/uploads\/2025\/12\/21E97AD1-1628-4021-BF77-720D6A76431D_1_201_a-1536x1152.jpeg 1536w, https:\/\/lacartebuissonniere.fr\/wp-content\/uploads\/2025\/12\/21E97AD1-1628-4021-BF77-720D6A76431D_1_201_a-2048x1536.jpeg 2048w, https:\/\/lacartebuissonniere.fr\/wp-content\/uploads\/2025\/12\/21E97AD1-1628-4021-BF77-720D6A76431D_1_201_a-600x450.jpeg 600w\" sizes=\"auto, (max-width: 1024px) 100vw, 1024px\" \/><\/figure>\n\n\n\n<figure class=\"wp-block-image size-large\"><img loading=\"lazy\" decoding=\"async\" width=\"1024\" height=\"768\" data-id=\"8554\" src=\"https:\/\/lacartebuissonniere.fr\/wp-content\/uploads\/2025\/12\/5539B01D-1F2A-4F7E-9386-3A7F3E4BFFB9_1_201_a-1024x768.jpeg\" alt=\"\" class=\"wp-image-8554\" srcset=\"https:\/\/lacartebuissonniere.fr\/wp-content\/uploads\/2025\/12\/5539B01D-1F2A-4F7E-9386-3A7F3E4BFFB9_1_201_a-1024x768.jpeg 1024w, https:\/\/lacartebuissonniere.fr\/wp-content\/uploads\/2025\/12\/5539B01D-1F2A-4F7E-9386-3A7F3E4BFFB9_1_201_a-300x225.jpeg 300w, https:\/\/lacartebuissonniere.fr\/wp-content\/uploads\/2025\/12\/5539B01D-1F2A-4F7E-9386-3A7F3E4BFFB9_1_201_a-768x576.jpeg 768w, https:\/\/lacartebuissonniere.fr\/wp-content\/uploads\/2025\/12\/5539B01D-1F2A-4F7E-9386-3A7F3E4BFFB9_1_201_a-1536x1152.jpeg 1536w, https:\/\/lacartebuissonniere.fr\/wp-content\/uploads\/2025\/12\/5539B01D-1F2A-4F7E-9386-3A7F3E4BFFB9_1_201_a-2048x1536.jpeg 2048w, https:\/\/lacartebuissonniere.fr\/wp-content\/uploads\/2025\/12\/5539B01D-1F2A-4F7E-9386-3A7F3E4BFFB9_1_201_a-600x450.jpeg 600w\" sizes=\"auto, (max-width: 1024px) 100vw, 1024px\" \/><\/figure>\n<\/figure>\n\n\n\n<p><\/p>\n\n\n<div class=\"wp-block-image\">\n<figure class=\"aligncenter size-full\"><img loading=\"lazy\" decoding=\"async\" width=\"768\" height=\"1024\" src=\"https:\/\/lacartebuissonniere.fr\/wp-content\/uploads\/2025\/12\/EDE4B97B-A9B6-414A-9C9E-2751E235F438_1_105_c-1.jpeg\" alt=\"\" class=\"wp-image-8557\" srcset=\"https:\/\/lacartebuissonniere.fr\/wp-content\/uploads\/2025\/12\/EDE4B97B-A9B6-414A-9C9E-2751E235F438_1_105_c-1.jpeg 768w, https:\/\/lacartebuissonniere.fr\/wp-content\/uploads\/2025\/12\/EDE4B97B-A9B6-414A-9C9E-2751E235F438_1_105_c-1-225x300.jpeg 225w, https:\/\/lacartebuissonniere.fr\/wp-content\/uploads\/2025\/12\/EDE4B97B-A9B6-414A-9C9E-2751E235F438_1_105_c-1-450x600.jpeg 450w\" sizes=\"auto, (max-width: 768px) 100vw, 768px\" \/><\/figure>\n<\/div>\n\n\n<p><\/p>\n\n\n\n<p>La coronille bigarr\u00e9e ou coronille changeante (<em>Securigera varia<\/em>) est beaucoup plus basse et s\u2019\u00e9tend en tapis l\u00e9gers. On la reconna\u00eet \u00e0 ses fleurs blanches, ros\u00e9es ou lilas\u00a0:<\/p>\n\n\n<div class=\"wp-block-image\">\n<figure class=\"aligncenter size-full\"><img loading=\"lazy\" decoding=\"async\" width=\"550\" height=\"688\" src=\"https:\/\/lacartebuissonniere.fr\/wp-content\/uploads\/2025\/12\/42043B62-1899-4081-9369-65614629DE10_1_201_a-1.jpeg\" alt=\"\" class=\"wp-image-8559\" srcset=\"https:\/\/lacartebuissonniere.fr\/wp-content\/uploads\/2025\/12\/42043B62-1899-4081-9369-65614629DE10_1_201_a-1.jpeg 550w, https:\/\/lacartebuissonniere.fr\/wp-content\/uploads\/2025\/12\/42043B62-1899-4081-9369-65614629DE10_1_201_a-1-240x300.jpeg 240w, https:\/\/lacartebuissonniere.fr\/wp-content\/uploads\/2025\/12\/42043B62-1899-4081-9369-65614629DE10_1_201_a-1-480x600.jpeg 480w\" sizes=\"auto, (max-width: 550px) 100vw, 550px\" \/><\/figure>\n<\/div>\n\n\n<p><\/p>\n\n\n\n<p>Avant Linn\u00e9, c\u2019est le botaniste Joseph Pitton de Tournefort qui a \u00e9tabli le nom de genre Coronilla, dans ses <em><a href=\"https:\/\/gallica.bnf.fr\/ark:\/12148\/btv1b8454361d\/f540.item#\" target=\"_blank\" rel=\"noreferrer noopener\">Elemens de botanique, ou Methode pour conno\u00eetre les plantes<\/a><\/em> de 1694\u00a0:<\/p>\n\n\n<div class=\"wp-block-image\">\n<figure class=\"aligncenter size-large\"><img loading=\"lazy\" decoding=\"async\" width=\"591\" height=\"1024\" src=\"https:\/\/lacartebuissonniere.fr\/wp-content\/uploads\/2025\/12\/1A85C08B-C84F-4776-BE85-A9F1D18A55D8_1_105_c-1-591x1024.jpeg\" alt=\"\" class=\"wp-image-8561\" srcset=\"https:\/\/lacartebuissonniere.fr\/wp-content\/uploads\/2025\/12\/1A85C08B-C84F-4776-BE85-A9F1D18A55D8_1_105_c-1-591x1024.jpeg 591w, https:\/\/lacartebuissonniere.fr\/wp-content\/uploads\/2025\/12\/1A85C08B-C84F-4776-BE85-A9F1D18A55D8_1_105_c-1-173x300.jpeg 173w, https:\/\/lacartebuissonniere.fr\/wp-content\/uploads\/2025\/12\/1A85C08B-C84F-4776-BE85-A9F1D18A55D8_1_105_c-1-346x600.jpeg 346w, https:\/\/lacartebuissonniere.fr\/wp-content\/uploads\/2025\/12\/1A85C08B-C84F-4776-BE85-A9F1D18A55D8_1_105_c-1.jpeg 673w\" sizes=\"auto, (max-width: 591px) 100vw, 591px\" \/><\/figure>\n<\/div>\n\n\n<p><\/p>\n\n\n\n<p>Il y pr\u00e9cise qu\u2019il se \u00ab\u00a0ser[t] de ce nom avec Lobel\u00a0\u00bb, c\u2019est-\u00e0-dire Lobelius ou Mathias de l&rsquo;Obel (1538-1616), m\u00e9decin et botaniste flamand.<\/p>\n\n\n<div class=\"wp-block-image\">\n<figure class=\"aligncenter size-full\"><img loading=\"lazy\" decoding=\"async\" width=\"627\" height=\"785\" src=\"https:\/\/lacartebuissonniere.fr\/wp-content\/uploads\/2025\/12\/DB840BDE-C457-4509-9E80-E140487857CA_1_201_a-2.jpeg\" alt=\"\" class=\"wp-image-8564\" srcset=\"https:\/\/lacartebuissonniere.fr\/wp-content\/uploads\/2025\/12\/DB840BDE-C457-4509-9E80-E140487857CA_1_201_a-2.jpeg 627w, https:\/\/lacartebuissonniere.fr\/wp-content\/uploads\/2025\/12\/DB840BDE-C457-4509-9E80-E140487857CA_1_201_a-2-240x300.jpeg 240w, https:\/\/lacartebuissonniere.fr\/wp-content\/uploads\/2025\/12\/DB840BDE-C457-4509-9E80-E140487857CA_1_201_a-2-479x600.jpeg 479w\" sizes=\"auto, (max-width: 627px) 100vw, 627px\" \/><\/figure>\n<\/div>\n\n\n<p><\/p>\n\n\n\n<p>Le mot <em>coronille<\/em> vient de l\u2019espagnol <em>coronilla<\/em>, diminutif de <em>corona<\/em>, \u00ab&nbsp;couronne&nbsp;\u00bb, emprunt direct au latin, en raison de la disposition des inflorescences en ombelles circulaires.<\/p>\n\n\n\n<p>D\u2019autres mots fran\u00e7ais d\u00e9rivent de l\u2019\u00e9tymon latin <em>corona<\/em>, \u00e0 commencer par le mot <em>couronne<\/em>.<\/p>\n\n\n\n<p>Les (art\u00e8res) <em>coronaires<\/em>, qui partent de l\u2019aorte et irriguent le c\u0153ur, l\u2019enserrent (le couronnent) en un r\u00e9seau circulaire.<\/p>\n\n\n\n<p>La <em>coronarographie<\/em> est une technique d&rsquo;imagerie m\u00e9dicale utilis\u00e9e en cardiologie pour pouvoir visualiser les art\u00e8res coronaires.<\/p>\n\n\n\n<p>La <em><a href=\"https:\/\/pg-astro.fr\/astronomie\/pic-du-midi\/pic-du-midi-coronographie.html\" target=\"_blank\" rel=\"noreferrer noopener\">coronographie<\/a><\/em> \u00e9tudie la couronne solaire.<\/p>\n\n\n\n<p>Quant au tristement c\u00e9l\u00e8bre <em>coronavirus<\/em>, il doit son nom \u00e0 son observation au microscope \u00e9lectronique, qui met en \u00e9vidence une enveloppe h\u00e9riss\u00e9e de prot\u00e9ines.<\/p>\n\n\n\n<p>Enfin, dans les pays de culture anglo-saxonne ainsi qu&rsquo;au Japon, un <em>coroner<\/em> est un officier de police judiciaire charg\u00e9, au nom de la Couronne, d&rsquo;enqu\u00eater sur les circonstances d&rsquo;un d\u00e9c\u00e8s &nbsp;&nbsp;par mort violente ou par accident.&nbsp;&nbsp;&nbsp;&nbsp;<\/p>\n\n\n\n<p><\/p>\n\n\n\n<p>Sources&nbsp;:<\/p>\n\n\n\n<p><a href=\"https:\/\/fr.wikipedia.org\/wiki\/Coronilla\" target=\"_blank\" rel=\"noreferrer noopener\">\u00ab\u00a0<em>Coronilla<\/em>\u00a0\u00bb<\/a> \u2013 fiche Wikip\u00e9dia<\/p>\n\n\n\n<p><a href=\"https:\/\/www.promessedefleurs.com\/conseil-plantes-jardin\/fichefamille\/coronille-coronilla-plantation-culture-entretien\/\" target=\"_blank\" rel=\"noreferrer noopener\">\u00ab\u00a0Coronille, Coronilla : plantation, culture, entretien\u00a0\u00bb<\/a><\/p>\n\n\n\n<p><a href=\"https:\/\/www.cnrtl.fr\/definition\/coronille\">\u00ab\u00a0Coronille\u00a0\u00bb <\/a>\u2013 Tr\u00e9sor de la Langue Fran\u00e7aise informatis\u00e9<\/p>\n\n\n\n<p><\/p>\n","protected":false},"excerpt":{"rendered":"<p>La coronille appartient \u00e0 la grande famille des Fabac\u00e9es, l&rsquo;une des plus importantes familles de plantes \u00e0 fleurs, celle des haricots, des pois, des tr\u00e8fles, des mimosas\u2026 Derri\u00e8re ce nom de coronille se cache en r\u00e9alit\u00e9 un ensemble de plantes aux allures vari\u00e9es, unies par leurs fleurs en petits bouquets ronds et leur capacit\u00e9 \u00e0 [&hellip;]<\/p>\n","protected":false},"author":2,"featured_media":0,"comment_status":"open","ping_status":"open","sticky":false,"template":"","format":"standard","meta":{"two_page_speed":[],"footnotes":""},"categories":[16,18,13],"tags":[],"class_list":["post-8553","post","type-post","status-publish","format-standard","hentry","category-flaneries","category-flaneries-culturelles","category-infos","entry"],"yoast_head":"<!-- This site is optimized with the Yoast SEO plugin v25.4 - https:\/\/yoast.com\/wordpress\/plugins\/seo\/ -->\n<title>Comptine \u00e9tymologique\u00a0: coronille - La carte buissonni\u00e8re<\/title>\n<meta name=\"robots\" content=\"index, follow, max-snippet:-1, max-image-preview:large, max-video-preview:-1\" \/>\n<link rel=\"canonical\" href=\"https:\/\/lacartebuissonniere.fr\/index.php\/2025\/12\/10\/comptine-etymologique-coronille\/\" \/>\n<meta property=\"og:locale\" content=\"fr_FR\" \/>\n<meta property=\"og:type\" content=\"article\" \/>\n<meta property=\"og:title\" content=\"Comptine \u00e9tymologique\u00a0: coronille - La carte buissonni\u00e8re\" \/>\n<meta property=\"og:description\" content=\"La coronille appartient \u00e0 la grande famille des Fabac\u00e9es, l&rsquo;une des plus importantes familles de plantes \u00e0 fleurs, celle des haricots, des pois, des tr\u00e8fles, des mimosas\u2026 Derri\u00e8re ce nom de coronille se cache en r\u00e9alit\u00e9 un ensemble de plantes aux allures vari\u00e9es, unies par leurs fleurs en petits bouquets ronds et leur capacit\u00e9 \u00e0 [&hellip;]\" \/>\n<meta property=\"og:url\" content=\"https:\/\/lacartebuissonniere.fr\/index.php\/2025\/12\/10\/comptine-etymologique-coronille\/\" \/>\n<meta property=\"og:site_name\" content=\"La carte buissonni\u00e8re\" \/>\n<meta property=\"article:publisher\" content=\"https:\/\/www.facebook.com\/lacartebuissonniere\/\" \/>\n<meta property=\"article:published_time\" content=\"2025-12-10T08:00:00+00:00\" \/>\n<meta property=\"og:image\" content=\"https:\/\/lacartebuissonniere.fr\/wp-content\/uploads\/2025\/12\/21E97AD1-1628-4021-BF77-720D6A76431D_1_201_a.jpeg\" \/>\n\t<meta property=\"og:image:width\" content=\"2560\" \/>\n\t<meta property=\"og:image:height\" content=\"1920\" \/>\n\t<meta property=\"og:image:type\" content=\"image\/jpeg\" \/>\n<meta name=\"author\" content=\"Carte buissonni\u00e8re\" \/>\n<meta name=\"twitter:card\" content=\"summary_large_image\" \/>\n<meta name=\"twitter:label1\" content=\"\u00c9crit par\" \/>\n\t<meta name=\"twitter:data1\" content=\"Carte buissonni\u00e8re\" \/>\n\t<meta name=\"twitter:label2\" content=\"Dur\u00e9e de lecture estim\u00e9e\" \/>\n\t<meta name=\"twitter:data2\" content=\"3 minutes\" \/>\n<script type=\"application\/ld+json\" class=\"yoast-schema-graph\">{\"@context\":\"https:\/\/schema.org\",\"@graph\":[{\"@type\":\"Article\",\"@id\":\"https:\/\/lacartebuissonniere.fr\/index.php\/2025\/12\/10\/comptine-etymologique-coronille\/#article\",\"isPartOf\":{\"@id\":\"https:\/\/lacartebuissonniere.fr\/index.php\/2025\/12\/10\/comptine-etymologique-coronille\/\"},\"author\":{\"name\":\"Carte buissonni\u00e8re\",\"@id\":\"https:\/\/lacartebuissonniere.fr\/#\/schema\/person\/4e60af809837a2287e4f6d4daaf7abd4\"},\"headline\":\"Comptine \u00e9tymologique\u00a0: coronille\",\"datePublished\":\"2025-12-10T08:00:00+00:00\",\"mainEntityOfPage\":{\"@id\":\"https:\/\/lacartebuissonniere.fr\/index.php\/2025\/12\/10\/comptine-etymologique-coronille\/\"},\"wordCount\":408,\"commentCount\":0,\"publisher\":{\"@id\":\"https:\/\/lacartebuissonniere.fr\/#organization\"},\"image\":{\"@id\":\"https:\/\/lacartebuissonniere.fr\/index.php\/2025\/12\/10\/comptine-etymologique-coronille\/#primaryimage\"},\"thumbnailUrl\":\"https:\/\/lacartebuissonniere.fr\/wp-content\/uploads\/2025\/12\/21E97AD1-1628-4021-BF77-720D6A76431D_1_201_a-1024x768.jpeg\",\"articleSection\":[\"FL\u00c2NERIES\",\"Fl\u00e2neries culturelles\",\"INFOS\"],\"inLanguage\":\"fr-FR\",\"potentialAction\":[{\"@type\":\"CommentAction\",\"name\":\"Comment\",\"target\":[\"https:\/\/lacartebuissonniere.fr\/index.php\/2025\/12\/10\/comptine-etymologique-coronille\/#respond\"]}]},{\"@type\":\"WebPage\",\"@id\":\"https:\/\/lacartebuissonniere.fr\/index.php\/2025\/12\/10\/comptine-etymologique-coronille\/\",\"url\":\"https:\/\/lacartebuissonniere.fr\/index.php\/2025\/12\/10\/comptine-etymologique-coronille\/\",\"name\":\"Comptine \u00e9tymologique\u00a0: coronille - La carte buissonni\u00e8re\",\"isPartOf\":{\"@id\":\"https:\/\/lacartebuissonniere.fr\/#website\"},\"primaryImageOfPage\":{\"@id\":\"https:\/\/lacartebuissonniere.fr\/index.php\/2025\/12\/10\/comptine-etymologique-coronille\/#primaryimage\"},\"image\":{\"@id\":\"https:\/\/lacartebuissonniere.fr\/index.php\/2025\/12\/10\/comptine-etymologique-coronille\/#primaryimage\"},\"thumbnailUrl\":\"https:\/\/lacartebuissonniere.fr\/wp-content\/uploads\/2025\/12\/21E97AD1-1628-4021-BF77-720D6A76431D_1_201_a-1024x768.jpeg\",\"datePublished\":\"2025-12-10T08:00:00+00:00\",\"breadcrumb\":{\"@id\":\"https:\/\/lacartebuissonniere.fr\/index.php\/2025\/12\/10\/comptine-etymologique-coronille\/#breadcrumb\"},\"inLanguage\":\"fr-FR\",\"potentialAction\":[{\"@type\":\"ReadAction\",\"target\":[\"https:\/\/lacartebuissonniere.fr\/index.php\/2025\/12\/10\/comptine-etymologique-coronille\/\"]}]},{\"@type\":\"ImageObject\",\"inLanguage\":\"fr-FR\",\"@id\":\"https:\/\/lacartebuissonniere.fr\/index.php\/2025\/12\/10\/comptine-etymologique-coronille\/#primaryimage\",\"url\":\"https:\/\/lacartebuissonniere.fr\/wp-content\/uploads\/2025\/12\/21E97AD1-1628-4021-BF77-720D6A76431D_1_201_a.jpeg\",\"contentUrl\":\"https:\/\/lacartebuissonniere.fr\/wp-content\/uploads\/2025\/12\/21E97AD1-1628-4021-BF77-720D6A76431D_1_201_a.jpeg\",\"width\":2560,\"height\":1920},{\"@type\":\"BreadcrumbList\",\"@id\":\"https:\/\/lacartebuissonniere.fr\/index.php\/2025\/12\/10\/comptine-etymologique-coronille\/#breadcrumb\",\"itemListElement\":[{\"@type\":\"ListItem\",\"position\":1,\"name\":\"Accueil\",\"item\":\"https:\/\/lacartebuissonniere.fr\/\"},{\"@type\":\"ListItem\",\"position\":2,\"name\":\"Comptine \u00e9tymologique\u00a0: coronille\"}]},{\"@type\":\"WebSite\",\"@id\":\"https:\/\/lacartebuissonniere.fr\/#website\",\"url\":\"https:\/\/lacartebuissonniere.fr\/\",\"name\":\"La carte buissonni\u00e8re\",\"description\":\"\",\"publisher\":{\"@id\":\"https:\/\/lacartebuissonniere.fr\/#organization\"},\"potentialAction\":[{\"@type\":\"SearchAction\",\"target\":{\"@type\":\"EntryPoint\",\"urlTemplate\":\"https:\/\/lacartebuissonniere.fr\/?s={search_term_string}\"},\"query-input\":{\"@type\":\"PropertyValueSpecification\",\"valueRequired\":true,\"valueName\":\"search_term_string\"}}],\"inLanguage\":\"fr-FR\"},{\"@type\":\"Organization\",\"@id\":\"https:\/\/lacartebuissonniere.fr\/#organization\",\"name\":\"La carte buissonni\u00e8re\",\"url\":\"https:\/\/lacartebuissonniere.fr\/\",\"logo\":{\"@type\":\"ImageObject\",\"inLanguage\":\"fr-FR\",\"@id\":\"https:\/\/lacartebuissonniere.fr\/#\/schema\/logo\/image\/\",\"url\":\"https:\/\/lacartebuissonniere.fr\/wp-content\/uploads\/2022\/12\/Illustration-sans-titre.jpg\",\"contentUrl\":\"https:\/\/lacartebuissonniere.fr\/wp-content\/uploads\/2022\/12\/Illustration-sans-titre.jpg\",\"width\":637,\"height\":680,\"caption\":\"La carte buissonni\u00e8re\"},\"image\":{\"@id\":\"https:\/\/lacartebuissonniere.fr\/#\/schema\/logo\/image\/\"},\"sameAs\":[\"https:\/\/www.facebook.com\/lacartebuissonniere\/\",\"https:\/\/www.pinterest.fr\/DelphChabanne\/\"]},{\"@type\":\"Person\",\"@id\":\"https:\/\/lacartebuissonniere.fr\/#\/schema\/person\/4e60af809837a2287e4f6d4daaf7abd4\",\"name\":\"Carte buissonni\u00e8re\",\"image\":{\"@type\":\"ImageObject\",\"inLanguage\":\"fr-FR\",\"@id\":\"https:\/\/lacartebuissonniere.fr\/#\/schema\/person\/image\/\",\"url\":\"https:\/\/secure.gravatar.com\/avatar\/b543b5e0f093efbab3dfee8595bf9077ed504ab48ffeb378c9dc263381c278e6?s=96&d=mm&r=g\",\"contentUrl\":\"https:\/\/secure.gravatar.com\/avatar\/b543b5e0f093efbab3dfee8595bf9077ed504ab48ffeb378c9dc263381c278e6?s=96&d=mm&r=g\",\"caption\":\"Carte buissonni\u00e8re\"},\"sameAs\":[\"http:\/\/lacartebuissonniere.fr\"],\"url\":\"https:\/\/lacartebuissonniere.fr\/index.php\/author\/carteb\/\"}]}<\/script>\n<!-- \/ Yoast SEO plugin. -->","yoast_head_json":{"title":"Comptine \u00e9tymologique\u00a0: coronille - La carte buissonni\u00e8re","robots":{"index":"index","follow":"follow","max-snippet":"max-snippet:-1","max-image-preview":"max-image-preview:large","max-video-preview":"max-video-preview:-1"},"canonical":"https:\/\/lacartebuissonniere.fr\/index.php\/2025\/12\/10\/comptine-etymologique-coronille\/","og_locale":"fr_FR","og_type":"article","og_title":"Comptine \u00e9tymologique\u00a0: coronille - La carte buissonni\u00e8re","og_description":"La coronille appartient \u00e0 la grande famille des Fabac\u00e9es, l&rsquo;une des plus importantes familles de plantes \u00e0 fleurs, celle des haricots, des pois, des tr\u00e8fles, des mimosas\u2026 Derri\u00e8re ce nom de coronille se cache en r\u00e9alit\u00e9 un ensemble de plantes aux allures vari\u00e9es, unies par leurs fleurs en petits bouquets ronds et leur capacit\u00e9 \u00e0 [&hellip;]","og_url":"https:\/\/lacartebuissonniere.fr\/index.php\/2025\/12\/10\/comptine-etymologique-coronille\/","og_site_name":"La carte buissonni\u00e8re","article_publisher":"https:\/\/www.facebook.com\/lacartebuissonniere\/","article_published_time":"2025-12-10T08:00:00+00:00","og_image":[{"width":2560,"height":1920,"url":"https:\/\/lacartebuissonniere.fr\/wp-content\/uploads\/2025\/12\/21E97AD1-1628-4021-BF77-720D6A76431D_1_201_a.jpeg","type":"image\/jpeg"}],"author":"Carte buissonni\u00e8re","twitter_card":"summary_large_image","twitter_misc":{"\u00c9crit par":"Carte buissonni\u00e8re","Dur\u00e9e de lecture estim\u00e9e":"3 minutes"},"schema":{"@context":"https:\/\/schema.org","@graph":[{"@type":"Article","@id":"https:\/\/lacartebuissonniere.fr\/index.php\/2025\/12\/10\/comptine-etymologique-coronille\/#article","isPartOf":{"@id":"https:\/\/lacartebuissonniere.fr\/index.php\/2025\/12\/10\/comptine-etymologique-coronille\/"},"author":{"name":"Carte buissonni\u00e8re","@id":"https:\/\/lacartebuissonniere.fr\/#\/schema\/person\/4e60af809837a2287e4f6d4daaf7abd4"},"headline":"Comptine \u00e9tymologique\u00a0: coronille","datePublished":"2025-12-10T08:00:00+00:00","mainEntityOfPage":{"@id":"https:\/\/lacartebuissonniere.fr\/index.php\/2025\/12\/10\/comptine-etymologique-coronille\/"},"wordCount":408,"commentCount":0,"publisher":{"@id":"https:\/\/lacartebuissonniere.fr\/#organization"},"image":{"@id":"https:\/\/lacartebuissonniere.fr\/index.php\/2025\/12\/10\/comptine-etymologique-coronille\/#primaryimage"},"thumbnailUrl":"https:\/\/lacartebuissonniere.fr\/wp-content\/uploads\/2025\/12\/21E97AD1-1628-4021-BF77-720D6A76431D_1_201_a-1024x768.jpeg","articleSection":["FL\u00c2NERIES","Fl\u00e2neries culturelles","INFOS"],"inLanguage":"fr-FR","potentialAction":[{"@type":"CommentAction","name":"Comment","target":["https:\/\/lacartebuissonniere.fr\/index.php\/2025\/12\/10\/comptine-etymologique-coronille\/#respond"]}]},{"@type":"WebPage","@id":"https:\/\/lacartebuissonniere.fr\/index.php\/2025\/12\/10\/comptine-etymologique-coronille\/","url":"https:\/\/lacartebuissonniere.fr\/index.php\/2025\/12\/10\/comptine-etymologique-coronille\/","name":"Comptine \u00e9tymologique\u00a0: coronille - La carte buissonni\u00e8re","isPartOf":{"@id":"https:\/\/lacartebuissonniere.fr\/#website"},"primaryImageOfPage":{"@id":"https:\/\/lacartebuissonniere.fr\/index.php\/2025\/12\/10\/comptine-etymologique-coronille\/#primaryimage"},"image":{"@id":"https:\/\/lacartebuissonniere.fr\/index.php\/2025\/12\/10\/comptine-etymologique-coronille\/#primaryimage"},"thumbnailUrl":"https:\/\/lacartebuissonniere.fr\/wp-content\/uploads\/2025\/12\/21E97AD1-1628-4021-BF77-720D6A76431D_1_201_a-1024x768.jpeg","datePublished":"2025-12-10T08:00:00+00:00","breadcrumb":{"@id":"https:\/\/lacartebuissonniere.fr\/index.php\/2025\/12\/10\/comptine-etymologique-coronille\/#breadcrumb"},"inLanguage":"fr-FR","potentialAction":[{"@type":"ReadAction","target":["https:\/\/lacartebuissonniere.fr\/index.php\/2025\/12\/10\/comptine-etymologique-coronille\/"]}]},{"@type":"ImageObject","inLanguage":"fr-FR","@id":"https:\/\/lacartebuissonniere.fr\/index.php\/2025\/12\/10\/comptine-etymologique-coronille\/#primaryimage","url":"https:\/\/lacartebuissonniere.fr\/wp-content\/uploads\/2025\/12\/21E97AD1-1628-4021-BF77-720D6A76431D_1_201_a.jpeg","contentUrl":"https:\/\/lacartebuissonniere.fr\/wp-content\/uploads\/2025\/12\/21E97AD1-1628-4021-BF77-720D6A76431D_1_201_a.jpeg","width":2560,"height":1920},{"@type":"BreadcrumbList","@id":"https:\/\/lacartebuissonniere.fr\/index.php\/2025\/12\/10\/comptine-etymologique-coronille\/#breadcrumb","itemListElement":[{"@type":"ListItem","position":1,"name":"Accueil","item":"https:\/\/lacartebuissonniere.fr\/"},{"@type":"ListItem","position":2,"name":"Comptine \u00e9tymologique\u00a0: coronille"}]},{"@type":"WebSite","@id":"https:\/\/lacartebuissonniere.fr\/#website","url":"https:\/\/lacartebuissonniere.fr\/","name":"La carte buissonni\u00e8re","description":"","publisher":{"@id":"https:\/\/lacartebuissonniere.fr\/#organization"},"potentialAction":[{"@type":"SearchAction","target":{"@type":"EntryPoint","urlTemplate":"https:\/\/lacartebuissonniere.fr\/?s={search_term_string}"},"query-input":{"@type":"PropertyValueSpecification","valueRequired":true,"valueName":"search_term_string"}}],"inLanguage":"fr-FR"},{"@type":"Organization","@id":"https:\/\/lacartebuissonniere.fr\/#organization","name":"La carte buissonni\u00e8re","url":"https:\/\/lacartebuissonniere.fr\/","logo":{"@type":"ImageObject","inLanguage":"fr-FR","@id":"https:\/\/lacartebuissonniere.fr\/#\/schema\/logo\/image\/","url":"https:\/\/lacartebuissonniere.fr\/wp-content\/uploads\/2022\/12\/Illustration-sans-titre.jpg","contentUrl":"https:\/\/lacartebuissonniere.fr\/wp-content\/uploads\/2022\/12\/Illustration-sans-titre.jpg","width":637,"height":680,"caption":"La carte buissonni\u00e8re"},"image":{"@id":"https:\/\/lacartebuissonniere.fr\/#\/schema\/logo\/image\/"},"sameAs":["https:\/\/www.facebook.com\/lacartebuissonniere\/","https:\/\/www.pinterest.fr\/DelphChabanne\/"]},{"@type":"Person","@id":"https:\/\/lacartebuissonniere.fr\/#\/schema\/person\/4e60af809837a2287e4f6d4daaf7abd4","name":"Carte buissonni\u00e8re","image":{"@type":"ImageObject","inLanguage":"fr-FR","@id":"https:\/\/lacartebuissonniere.fr\/#\/schema\/person\/image\/","url":"https:\/\/secure.gravatar.com\/avatar\/b543b5e0f093efbab3dfee8595bf9077ed504ab48ffeb378c9dc263381c278e6?s=96&d=mm&r=g","contentUrl":"https:\/\/secure.gravatar.com\/avatar\/b543b5e0f093efbab3dfee8595bf9077ed504ab48ffeb378c9dc263381c278e6?s=96&d=mm&r=g","caption":"Carte buissonni\u00e8re"},"sameAs":["http:\/\/lacartebuissonniere.fr"],"url":"https:\/\/lacartebuissonniere.fr\/index.php\/author\/carteb\/"}]}},"_links":{"self":[{"href":"https:\/\/lacartebuissonniere.fr\/index.php\/wp-json\/wp\/v2\/posts\/8553","targetHints":{"allow":["GET"]}}],"collection":[{"href":"https:\/\/lacartebuissonniere.fr\/index.php\/wp-json\/wp\/v2\/posts"}],"about":[{"href":"https:\/\/lacartebuissonniere.fr\/index.php\/wp-json\/wp\/v2\/types\/post"}],"author":[{"embeddable":true,"href":"https:\/\/lacartebuissonniere.fr\/index.php\/wp-json\/wp\/v2\/users\/2"}],"replies":[{"embeddable":true,"href":"https:\/\/lacartebuissonniere.fr\/index.php\/wp-json\/wp\/v2\/comments?post=8553"}],"version-history":[{"count":1,"href":"https:\/\/lacartebuissonniere.fr\/index.php\/wp-json\/wp\/v2\/posts\/8553\/revisions"}],"predecessor-version":[{"id":8565,"href":"https:\/\/lacartebuissonniere.fr\/index.php\/wp-json\/wp\/v2\/posts\/8553\/revisions\/8565"}],"wp:attachment":[{"href":"https:\/\/lacartebuissonniere.fr\/index.php\/wp-json\/wp\/v2\/media?parent=8553"}],"wp:term":[{"taxonomy":"category","embeddable":true,"href":"https:\/\/lacartebuissonniere.fr\/index.php\/wp-json\/wp\/v2\/categories?post=8553"},{"taxonomy":"post_tag","embeddable":true,"href":"https:\/\/lacartebuissonniere.fr\/index.php\/wp-json\/wp\/v2\/tags?post=8553"}],"curies":[{"name":"wp","href":"https:\/\/api.w.org\/{rel}","templated":true}]}}