{"id":8904,"date":"2026-03-11T07:00:00","date_gmt":"2026-03-11T06:00:00","guid":{"rendered":"https:\/\/lacartebuissonniere.fr\/?p=8904"},"modified":"2026-03-11T20:04:04","modified_gmt":"2026-03-11T19:04:04","slug":"sur-les-traces-de-la-statue-de-la-liberte-a-paris","status":"publish","type":"post","link":"https:\/\/lacartebuissonniere.fr\/index.php\/2026\/03\/11\/sur-les-traces-de-la-statue-de-la-liberte-a-paris\/","title":{"rendered":"Sur les traces de la statue de la Libert\u00e9\u2026 \u00e0 Paris !"},"content":{"rendered":"\n<p>La colossale Statue de la Libert\u00e9 qui veille sur l\u2019entr\u00e9e du port de New York est l\u2019un des monuments les plus c\u00e9l\u00e8bres du monde.<\/p>\n\n\n\n<p>Inaugur\u00e9e en 1886, elle symbolise depuis plus d\u2019un si\u00e8cle l\u2019amiti\u00e9 entre la France et les \u00c9tats-Unis.<\/p>\n\n\n\n<h2 class=\"wp-block-heading\">Quand la Statue de la Libert\u00e9 dominait Paris<\/h2>\n\n\n\n<p>Avant son d\u00e9part pour New York, la statue de Bartholdi fut enti\u00e8rement assembl\u00e9e dans les ateliers Gaget-Gauthier, rue de Chazelles. <\/p>\n\n\n\n<p>Pendant quelque mois, sa silhouette gigantesque d\u00e9passait les toits du quartier, comme le montrent cette photographie d\u2019Albert Fernique et ce tableau de Paul-Joseph-Victor Dargaud (1884)&nbsp;:<\/p>\n\n\n\n<figure class=\"wp-block-gallery has-nested-images columns-default is-cropped wp-block-gallery-1 is-layout-flex wp-block-gallery-is-layout-flex\">\n<figure class=\"wp-block-image size-large\"><img loading=\"lazy\" decoding=\"async\" width=\"784\" height=\"1024\" data-id=\"8906\" src=\"https:\/\/lacartebuissonniere.fr\/wp-content\/uploads\/2026\/03\/CD855E1D-F6A3-4A21-B127-CDB68F479B0C-784x1024.jpeg\" alt=\"\" class=\"wp-image-8906\" srcset=\"https:\/\/lacartebuissonniere.fr\/wp-content\/uploads\/2026\/03\/CD855E1D-F6A3-4A21-B127-CDB68F479B0C-784x1024.jpeg 784w, https:\/\/lacartebuissonniere.fr\/wp-content\/uploads\/2026\/03\/CD855E1D-F6A3-4A21-B127-CDB68F479B0C-230x300.jpeg 230w, https:\/\/lacartebuissonniere.fr\/wp-content\/uploads\/2026\/03\/CD855E1D-F6A3-4A21-B127-CDB68F479B0C-768x1003.jpeg 768w, https:\/\/lacartebuissonniere.fr\/wp-content\/uploads\/2026\/03\/CD855E1D-F6A3-4A21-B127-CDB68F479B0C-1176x1536.jpeg 1176w, https:\/\/lacartebuissonniere.fr\/wp-content\/uploads\/2026\/03\/CD855E1D-F6A3-4A21-B127-CDB68F479B0C-1567x2048.jpeg 1567w, https:\/\/lacartebuissonniere.fr\/wp-content\/uploads\/2026\/03\/CD855E1D-F6A3-4A21-B127-CDB68F479B0C-459x600.jpeg 459w, https:\/\/lacartebuissonniere.fr\/wp-content\/uploads\/2026\/03\/CD855E1D-F6A3-4A21-B127-CDB68F479B0C-scaled.jpeg 1959w\" sizes=\"auto, (max-width: 784px) 100vw, 784px\" \/><\/figure>\n\n\n\n<figure class=\"wp-block-image size-large\"><img loading=\"lazy\" decoding=\"async\" width=\"710\" height=\"1024\" data-id=\"8905\" src=\"https:\/\/lacartebuissonniere.fr\/wp-content\/uploads\/2026\/03\/A42646C4-EEF9-4CDF-9429-4F951CFFBEDE-710x1024.jpeg\" alt=\"\" class=\"wp-image-8905\" srcset=\"https:\/\/lacartebuissonniere.fr\/wp-content\/uploads\/2026\/03\/A42646C4-EEF9-4CDF-9429-4F951CFFBEDE-710x1024.jpeg 710w, https:\/\/lacartebuissonniere.fr\/wp-content\/uploads\/2026\/03\/A42646C4-EEF9-4CDF-9429-4F951CFFBEDE-208x300.jpeg 208w, https:\/\/lacartebuissonniere.fr\/wp-content\/uploads\/2026\/03\/A42646C4-EEF9-4CDF-9429-4F951CFFBEDE-768x1108.jpeg 768w, https:\/\/lacartebuissonniere.fr\/wp-content\/uploads\/2026\/03\/A42646C4-EEF9-4CDF-9429-4F951CFFBEDE-1065x1536.jpeg 1065w, https:\/\/lacartebuissonniere.fr\/wp-content\/uploads\/2026\/03\/A42646C4-EEF9-4CDF-9429-4F951CFFBEDE-1420x2048.jpeg 1420w, https:\/\/lacartebuissonniere.fr\/wp-content\/uploads\/2026\/03\/A42646C4-EEF9-4CDF-9429-4F951CFFBEDE-416x600.jpeg 416w, https:\/\/lacartebuissonniere.fr\/wp-content\/uploads\/2026\/03\/A42646C4-EEF9-4CDF-9429-4F951CFFBEDE-scaled.jpeg 1775w\" sizes=\"auto, (max-width: 710px) 100vw, 710px\" \/><\/figure>\n<\/figure>\n\n\n\n<p><\/p>\n\n\n\n<p>Cette Lady Liberty monumentale a bien rejoint New York, mais ce que l\u2019on sait moins, c\u2019est que Paris en abrite plusieurs r\u00e9pliques, diss\u00e9min\u00e9es dans la ville.<\/p>\n\n\n\n<p>Je les ai photographi\u00e9es au fil de mes promenades : de l\u2019\u00cele aux Cygnes aux mus\u00e9es parisiens, jusqu\u2019\u00e0 une Libert\u00e9 miniature dissimul\u00e9e dans une \u0153uvre contemporaine.<\/p>\n\n\n\n<h2 class=\"wp-block-heading\">Sur l\u2019\u00cele aux Cygnes<\/h2>\n\n\n\n<p>La plus connue des statues parisiennes se trouve sur l\u2019\u00cele aux Cygnes, pr\u00e8s du pont de Grenelle.<\/p>\n\n\n\n<p>En 1889, \u00e0 l\u2019occasion du centenaire de la R\u00e9volution fran\u00e7aise, elle a \u00e9t\u00e9 offerte \u00e0 la ville de Paris par la communaut\u00e9 parisienne des \u00c9tats-Unis d\u2019Am\u00e9rique.<\/p>\n\n\n\n<p>C\u2019est une r\u00e9plique en bronze d&rsquo;un mod\u00e8le d&rsquo;\u00e9tude en pl\u00e2tre r\u00e9alis\u00e9 par Bartholdi pour concevoir le monument.<\/p>\n\n\n\n<figure class=\"wp-block-gallery has-nested-images columns-default is-cropped wp-block-gallery-2 is-layout-flex wp-block-gallery-is-layout-flex\">\n<figure class=\"wp-block-image size-large\"><img loading=\"lazy\" decoding=\"async\" width=\"819\" height=\"1024\" data-id=\"8908\" src=\"https:\/\/lacartebuissonniere.fr\/wp-content\/uploads\/2026\/03\/C0521750-2928-444C-AD77-037D425EECED_1_201_a-819x1024.jpeg\" alt=\"\" class=\"wp-image-8908\" srcset=\"https:\/\/lacartebuissonniere.fr\/wp-content\/uploads\/2026\/03\/C0521750-2928-444C-AD77-037D425EECED_1_201_a-819x1024.jpeg 819w, https:\/\/lacartebuissonniere.fr\/wp-content\/uploads\/2026\/03\/C0521750-2928-444C-AD77-037D425EECED_1_201_a-240x300.jpeg 240w, https:\/\/lacartebuissonniere.fr\/wp-content\/uploads\/2026\/03\/C0521750-2928-444C-AD77-037D425EECED_1_201_a-768x960.jpeg 768w, https:\/\/lacartebuissonniere.fr\/wp-content\/uploads\/2026\/03\/C0521750-2928-444C-AD77-037D425EECED_1_201_a-1229x1536.jpeg 1229w, https:\/\/lacartebuissonniere.fr\/wp-content\/uploads\/2026\/03\/C0521750-2928-444C-AD77-037D425EECED_1_201_a-1638x2048.jpeg 1638w, https:\/\/lacartebuissonniere.fr\/wp-content\/uploads\/2026\/03\/C0521750-2928-444C-AD77-037D425EECED_1_201_a-480x600.jpeg 480w, https:\/\/lacartebuissonniere.fr\/wp-content\/uploads\/2026\/03\/C0521750-2928-444C-AD77-037D425EECED_1_201_a.jpeg 1920w\" sizes=\"auto, (max-width: 819px) 100vw, 819px\" \/><\/figure>\n\n\n\n<figure class=\"wp-block-image size-large\"><img loading=\"lazy\" decoding=\"async\" width=\"819\" height=\"1024\" data-id=\"8907\" src=\"https:\/\/lacartebuissonniere.fr\/wp-content\/uploads\/2026\/03\/8101980D-0A38-4BA8-A987-9EF7A53DF0B7_1_201_a-819x1024.jpeg\" alt=\"\" class=\"wp-image-8907\" srcset=\"https:\/\/lacartebuissonniere.fr\/wp-content\/uploads\/2026\/03\/8101980D-0A38-4BA8-A987-9EF7A53DF0B7_1_201_a-819x1024.jpeg 819w, https:\/\/lacartebuissonniere.fr\/wp-content\/uploads\/2026\/03\/8101980D-0A38-4BA8-A987-9EF7A53DF0B7_1_201_a-240x300.jpeg 240w, https:\/\/lacartebuissonniere.fr\/wp-content\/uploads\/2026\/03\/8101980D-0A38-4BA8-A987-9EF7A53DF0B7_1_201_a-768x960.jpeg 768w, https:\/\/lacartebuissonniere.fr\/wp-content\/uploads\/2026\/03\/8101980D-0A38-4BA8-A987-9EF7A53DF0B7_1_201_a-1229x1536.jpeg 1229w, https:\/\/lacartebuissonniere.fr\/wp-content\/uploads\/2026\/03\/8101980D-0A38-4BA8-A987-9EF7A53DF0B7_1_201_a-1638x2048.jpeg 1638w, https:\/\/lacartebuissonniere.fr\/wp-content\/uploads\/2026\/03\/8101980D-0A38-4BA8-A987-9EF7A53DF0B7_1_201_a-480x600.jpeg 480w, https:\/\/lacartebuissonniere.fr\/wp-content\/uploads\/2026\/03\/8101980D-0A38-4BA8-A987-9EF7A53DF0B7_1_201_a.jpeg 1920w\" sizes=\"auto, (max-width: 819px) 100vw, 819px\" \/><\/figure>\n<\/figure>\n\n\n\n<p><\/p>\n\n\n\n<p>Haute de 11,5 m\u00e8tres, alors que l\u2019originale mesure 46,05 m\u00e8tres, elle est tourn\u00e9e vers l\u2019ouest, en direction des \u00c9tats-Unis, depuis l&rsquo;Exposition universelle de 1937.<\/p>\n\n\n\n<p>Elle tient dans sa main gauche une tablette reliant les deux dates symboliques de l\u2019ind\u00e9pendance am\u00e9ricaine et de la R\u00e9volution fran\u00e7aise : 4 juillet 1776 et 14 juillet 1789.<\/p>\n\n\n\n<h2 class=\"wp-block-heading\">Au Jardin du Luxembourg<\/h2>\n\n\n\n<p>De 1906 \u00e0 2012, on a pu admirer une autre statue de la Libert\u00e9 dans le Jardin du Luxembourg. Il s\u2019agissait d\u2019un mod\u00e8le en bronze, beaucoup plus petit que celui de l\u2019\u00cele aux Cygnes (2,85 m\u00e8tres), \u00e9galement r\u00e9alis\u00e9 par Bartholdi.<\/p>\n\n\n\n<p>Pour des raisons de conservation, on l\u2019a retir\u00e9e du jardin et remplac\u00e9e par une copie \u00e9galement en bronze&nbsp;:<\/p>\n\n\n\n<figure class=\"wp-block-gallery has-nested-images columns-default is-cropped wp-block-gallery-3 is-layout-flex wp-block-gallery-is-layout-flex\">\n<figure class=\"wp-block-image size-large\"><img loading=\"lazy\" decoding=\"async\" width=\"819\" height=\"1024\" data-id=\"8910\" src=\"https:\/\/lacartebuissonniere.fr\/wp-content\/uploads\/2026\/03\/D4D207D1-CA79-4CA6-8B10-94FCDABAF427_1_201_a-819x1024.jpg\" alt=\"\" class=\"wp-image-8910\" srcset=\"https:\/\/lacartebuissonniere.fr\/wp-content\/uploads\/2026\/03\/D4D207D1-CA79-4CA6-8B10-94FCDABAF427_1_201_a-819x1024.jpg 819w, https:\/\/lacartebuissonniere.fr\/wp-content\/uploads\/2026\/03\/D4D207D1-CA79-4CA6-8B10-94FCDABAF427_1_201_a-240x300.jpg 240w, https:\/\/lacartebuissonniere.fr\/wp-content\/uploads\/2026\/03\/D4D207D1-CA79-4CA6-8B10-94FCDABAF427_1_201_a-768x960.jpg 768w, https:\/\/lacartebuissonniere.fr\/wp-content\/uploads\/2026\/03\/D4D207D1-CA79-4CA6-8B10-94FCDABAF427_1_201_a-1229x1536.jpg 1229w, https:\/\/lacartebuissonniere.fr\/wp-content\/uploads\/2026\/03\/D4D207D1-CA79-4CA6-8B10-94FCDABAF427_1_201_a-1638x2048.jpg 1638w, https:\/\/lacartebuissonniere.fr\/wp-content\/uploads\/2026\/03\/D4D207D1-CA79-4CA6-8B10-94FCDABAF427_1_201_a-480x600.jpg 480w, https:\/\/lacartebuissonniere.fr\/wp-content\/uploads\/2026\/03\/D4D207D1-CA79-4CA6-8B10-94FCDABAF427_1_201_a-scaled.jpg 2048w\" sizes=\"auto, (max-width: 819px) 100vw, 819px\" \/><\/figure>\n\n\n\n<figure class=\"wp-block-image size-large\"><img loading=\"lazy\" decoding=\"async\" width=\"819\" height=\"1024\" data-id=\"8909\" src=\"https:\/\/lacartebuissonniere.fr\/wp-content\/uploads\/2026\/03\/3CF767FB-3ED4-42DF-89BF-1CBBCE08C1FB_1_201_a-819x1024.jpg\" alt=\"\" class=\"wp-image-8909\" srcset=\"https:\/\/lacartebuissonniere.fr\/wp-content\/uploads\/2026\/03\/3CF767FB-3ED4-42DF-89BF-1CBBCE08C1FB_1_201_a-819x1024.jpg 819w, https:\/\/lacartebuissonniere.fr\/wp-content\/uploads\/2026\/03\/3CF767FB-3ED4-42DF-89BF-1CBBCE08C1FB_1_201_a-240x300.jpg 240w, https:\/\/lacartebuissonniere.fr\/wp-content\/uploads\/2026\/03\/3CF767FB-3ED4-42DF-89BF-1CBBCE08C1FB_1_201_a-768x960.jpg 768w, https:\/\/lacartebuissonniere.fr\/wp-content\/uploads\/2026\/03\/3CF767FB-3ED4-42DF-89BF-1CBBCE08C1FB_1_201_a-1229x1536.jpg 1229w, https:\/\/lacartebuissonniere.fr\/wp-content\/uploads\/2026\/03\/3CF767FB-3ED4-42DF-89BF-1CBBCE08C1FB_1_201_a-1638x2048.jpg 1638w, https:\/\/lacartebuissonniere.fr\/wp-content\/uploads\/2026\/03\/3CF767FB-3ED4-42DF-89BF-1CBBCE08C1FB_1_201_a-480x600.jpg 480w, https:\/\/lacartebuissonniere.fr\/wp-content\/uploads\/2026\/03\/3CF767FB-3ED4-42DF-89BF-1CBBCE08C1FB_1_201_a-scaled.jpg 2048w\" sizes=\"auto, (max-width: 819px) 100vw, 819px\" \/><\/figure>\n<\/figure>\n\n\n\n<p><\/p>\n\n\n\n<h2 class=\"wp-block-heading\">Au mus\u00e9e d\u2019Orsay<\/h2>\n\n\n\n<p>C\u2019est le mus\u00e9e d\u2019Orsay qui abrite aujourd\u2019hui la statue originale du Jardin du Luxembourg, \u00ab&nbsp;Libert\u00e9&nbsp;\u00bb, dite aussi \u00ab&nbsp;La Libert\u00e9 \u00e9clairant le monde&nbsp;\u00bb&nbsp;:<\/p>\n\n\n\n<figure class=\"wp-block-gallery has-nested-images columns-default is-cropped wp-block-gallery-4 is-layout-flex wp-block-gallery-is-layout-flex\">\n<figure class=\"wp-block-image size-large\"><img loading=\"lazy\" decoding=\"async\" width=\"819\" height=\"1024\" data-id=\"8912\" src=\"https:\/\/lacartebuissonniere.fr\/wp-content\/uploads\/2026\/03\/CE4D3490-B695-459D-87A6-7EED0A272B69_1_201_a-819x1024.jpeg\" alt=\"\" class=\"wp-image-8912\" srcset=\"https:\/\/lacartebuissonniere.fr\/wp-content\/uploads\/2026\/03\/CE4D3490-B695-459D-87A6-7EED0A272B69_1_201_a-819x1024.jpeg 819w, https:\/\/lacartebuissonniere.fr\/wp-content\/uploads\/2026\/03\/CE4D3490-B695-459D-87A6-7EED0A272B69_1_201_a-240x300.jpeg 240w, https:\/\/lacartebuissonniere.fr\/wp-content\/uploads\/2026\/03\/CE4D3490-B695-459D-87A6-7EED0A272B69_1_201_a-768x960.jpeg 768w, https:\/\/lacartebuissonniere.fr\/wp-content\/uploads\/2026\/03\/CE4D3490-B695-459D-87A6-7EED0A272B69_1_201_a-1229x1536.jpeg 1229w, https:\/\/lacartebuissonniere.fr\/wp-content\/uploads\/2026\/03\/CE4D3490-B695-459D-87A6-7EED0A272B69_1_201_a-1638x2048.jpeg 1638w, https:\/\/lacartebuissonniere.fr\/wp-content\/uploads\/2026\/03\/CE4D3490-B695-459D-87A6-7EED0A272B69_1_201_a-480x600.jpeg 480w, https:\/\/lacartebuissonniere.fr\/wp-content\/uploads\/2026\/03\/CE4D3490-B695-459D-87A6-7EED0A272B69_1_201_a.jpeg 1920w\" sizes=\"auto, (max-width: 819px) 100vw, 819px\" \/><\/figure>\n\n\n\n<figure class=\"wp-block-image size-large\"><img loading=\"lazy\" decoding=\"async\" width=\"819\" height=\"1024\" data-id=\"8911\" src=\"https:\/\/lacartebuissonniere.fr\/wp-content\/uploads\/2026\/03\/30C0C199-A454-426C-9A14-ADB8B35D13D6_1_201_a-819x1024.jpeg\" alt=\"\" class=\"wp-image-8911\" srcset=\"https:\/\/lacartebuissonniere.fr\/wp-content\/uploads\/2026\/03\/30C0C199-A454-426C-9A14-ADB8B35D13D6_1_201_a-819x1024.jpeg 819w, https:\/\/lacartebuissonniere.fr\/wp-content\/uploads\/2026\/03\/30C0C199-A454-426C-9A14-ADB8B35D13D6_1_201_a-240x300.jpeg 240w, https:\/\/lacartebuissonniere.fr\/wp-content\/uploads\/2026\/03\/30C0C199-A454-426C-9A14-ADB8B35D13D6_1_201_a-768x960.jpeg 768w, https:\/\/lacartebuissonniere.fr\/wp-content\/uploads\/2026\/03\/30C0C199-A454-426C-9A14-ADB8B35D13D6_1_201_a-1229x1536.jpeg 1229w, https:\/\/lacartebuissonniere.fr\/wp-content\/uploads\/2026\/03\/30C0C199-A454-426C-9A14-ADB8B35D13D6_1_201_a-1638x2048.jpeg 1638w, https:\/\/lacartebuissonniere.fr\/wp-content\/uploads\/2026\/03\/30C0C199-A454-426C-9A14-ADB8B35D13D6_1_201_a-480x600.jpeg 480w, https:\/\/lacartebuissonniere.fr\/wp-content\/uploads\/2026\/03\/30C0C199-A454-426C-9A14-ADB8B35D13D6_1_201_a.jpeg 1920w\" sizes=\"auto, (max-width: 819px) 100vw, 819px\" \/><\/figure>\n<\/figure>\n\n\n\n<p>L\u2019\u00c9tat fran\u00e7ais a acquis cette r\u00e9duction du vivant de Bartholdi, en septembre 1900, pour le mus\u00e9e du Luxembourg.<\/p>\n\n\n\n<h2 class=\"wp-block-heading\">Au mus\u00e9e des Arts et M\u00e9tiers<\/h2>\n\n\n\n<p>Le mus\u00e9e des Arts et M\u00e9tiers a longtemps expos\u00e9 deux statues.<\/p>\n\n\n\n<p>La premi\u00e8re accueillait les visiteurs sur le parvis du mus\u00e9e, o\u00f9 je l\u2019ai photographi\u00e9e en 2021, juste avant qu\u2019elle ne parte pour l\u2019ambassade de France de Washington&nbsp;:<\/p>\n\n\n\n<figure class=\"wp-block-gallery has-nested-images columns-default is-cropped wp-block-gallery-5 is-layout-flex wp-block-gallery-is-layout-flex\">\n<figure class=\"wp-block-image size-large\"><img loading=\"lazy\" decoding=\"async\" width=\"819\" height=\"1024\" data-id=\"8914\" src=\"https:\/\/lacartebuissonniere.fr\/wp-content\/uploads\/2026\/03\/91095564-2811-465F-88CF-3BCF9B8022DB_1_201_a-819x1024.jpeg\" alt=\"\" class=\"wp-image-8914\" srcset=\"https:\/\/lacartebuissonniere.fr\/wp-content\/uploads\/2026\/03\/91095564-2811-465F-88CF-3BCF9B8022DB_1_201_a-819x1024.jpeg 819w, https:\/\/lacartebuissonniere.fr\/wp-content\/uploads\/2026\/03\/91095564-2811-465F-88CF-3BCF9B8022DB_1_201_a-240x300.jpeg 240w, https:\/\/lacartebuissonniere.fr\/wp-content\/uploads\/2026\/03\/91095564-2811-465F-88CF-3BCF9B8022DB_1_201_a-768x960.jpeg 768w, https:\/\/lacartebuissonniere.fr\/wp-content\/uploads\/2026\/03\/91095564-2811-465F-88CF-3BCF9B8022DB_1_201_a-1229x1536.jpeg 1229w, https:\/\/lacartebuissonniere.fr\/wp-content\/uploads\/2026\/03\/91095564-2811-465F-88CF-3BCF9B8022DB_1_201_a-1638x2048.jpeg 1638w, https:\/\/lacartebuissonniere.fr\/wp-content\/uploads\/2026\/03\/91095564-2811-465F-88CF-3BCF9B8022DB_1_201_a-480x600.jpeg 480w, https:\/\/lacartebuissonniere.fr\/wp-content\/uploads\/2026\/03\/91095564-2811-465F-88CF-3BCF9B8022DB_1_201_a-scaled.jpeg 2048w\" sizes=\"auto, (max-width: 819px) 100vw, 819px\" \/><\/figure>\n\n\n\n<figure class=\"wp-block-image size-large\"><img loading=\"lazy\" decoding=\"async\" width=\"819\" height=\"1024\" data-id=\"8913\" src=\"https:\/\/lacartebuissonniere.fr\/wp-content\/uploads\/2026\/03\/FF5AB716-4958-41F3-8F06-7A781B9B0DBD_1_201_a-819x1024.jpeg\" alt=\"\" class=\"wp-image-8913\" srcset=\"https:\/\/lacartebuissonniere.fr\/wp-content\/uploads\/2026\/03\/FF5AB716-4958-41F3-8F06-7A781B9B0DBD_1_201_a-819x1024.jpeg 819w, https:\/\/lacartebuissonniere.fr\/wp-content\/uploads\/2026\/03\/FF5AB716-4958-41F3-8F06-7A781B9B0DBD_1_201_a-240x300.jpeg 240w, https:\/\/lacartebuissonniere.fr\/wp-content\/uploads\/2026\/03\/FF5AB716-4958-41F3-8F06-7A781B9B0DBD_1_201_a-768x960.jpeg 768w, https:\/\/lacartebuissonniere.fr\/wp-content\/uploads\/2026\/03\/FF5AB716-4958-41F3-8F06-7A781B9B0DBD_1_201_a-1229x1536.jpeg 1229w, https:\/\/lacartebuissonniere.fr\/wp-content\/uploads\/2026\/03\/FF5AB716-4958-41F3-8F06-7A781B9B0DBD_1_201_a-1638x2048.jpeg 1638w, https:\/\/lacartebuissonniere.fr\/wp-content\/uploads\/2026\/03\/FF5AB716-4958-41F3-8F06-7A781B9B0DBD_1_201_a-480x600.jpeg 480w, https:\/\/lacartebuissonniere.fr\/wp-content\/uploads\/2026\/03\/FF5AB716-4958-41F3-8F06-7A781B9B0DBD_1_201_a-scaled.jpeg 2048w\" sizes=\"auto, (max-width: 819px) 100vw, 819px\" \/><\/figure>\n<\/figure>\n\n\n\n<p>Il s\u2019agit d\u2019une repr\u00e9sentation au 1\/16 de l\u2019originale, comme le mod\u00e8le de 1875 en pl\u00e2tre peint qui tr\u00f4ne dans la chapelle&nbsp;:<\/p>\n\n\n\n<figure class=\"wp-block-gallery has-nested-images columns-default is-cropped wp-block-gallery-6 is-layout-flex wp-block-gallery-is-layout-flex\">\n<figure class=\"wp-block-image size-large\"><img loading=\"lazy\" decoding=\"async\" width=\"819\" height=\"1024\" data-id=\"8916\" src=\"https:\/\/lacartebuissonniere.fr\/wp-content\/uploads\/2026\/03\/6E902508-9A82-46F0-BC19-6E474F9B6894_1_201_a-819x1024.jpeg\" alt=\"\" class=\"wp-image-8916\" srcset=\"https:\/\/lacartebuissonniere.fr\/wp-content\/uploads\/2026\/03\/6E902508-9A82-46F0-BC19-6E474F9B6894_1_201_a-819x1024.jpeg 819w, https:\/\/lacartebuissonniere.fr\/wp-content\/uploads\/2026\/03\/6E902508-9A82-46F0-BC19-6E474F9B6894_1_201_a-240x300.jpeg 240w, https:\/\/lacartebuissonniere.fr\/wp-content\/uploads\/2026\/03\/6E902508-9A82-46F0-BC19-6E474F9B6894_1_201_a-768x960.jpeg 768w, https:\/\/lacartebuissonniere.fr\/wp-content\/uploads\/2026\/03\/6E902508-9A82-46F0-BC19-6E474F9B6894_1_201_a-1229x1536.jpeg 1229w, https:\/\/lacartebuissonniere.fr\/wp-content\/uploads\/2026\/03\/6E902508-9A82-46F0-BC19-6E474F9B6894_1_201_a-1638x2048.jpeg 1638w, https:\/\/lacartebuissonniere.fr\/wp-content\/uploads\/2026\/03\/6E902508-9A82-46F0-BC19-6E474F9B6894_1_201_a-480x600.jpeg 480w, https:\/\/lacartebuissonniere.fr\/wp-content\/uploads\/2026\/03\/6E902508-9A82-46F0-BC19-6E474F9B6894_1_201_a.jpeg 1771w\" sizes=\"auto, (max-width: 819px) 100vw, 819px\" \/><\/figure>\n\n\n\n<figure class=\"wp-block-image size-large\"><img loading=\"lazy\" decoding=\"async\" width=\"819\" height=\"1024\" data-id=\"8915\" src=\"https:\/\/lacartebuissonniere.fr\/wp-content\/uploads\/2026\/03\/621C2E45-2029-418E-B939-04A9E166DC20_1_201_a-819x1024.jpeg\" alt=\"\" class=\"wp-image-8915\" srcset=\"https:\/\/lacartebuissonniere.fr\/wp-content\/uploads\/2026\/03\/621C2E45-2029-418E-B939-04A9E166DC20_1_201_a-819x1024.jpeg 819w, https:\/\/lacartebuissonniere.fr\/wp-content\/uploads\/2026\/03\/621C2E45-2029-418E-B939-04A9E166DC20_1_201_a-240x300.jpeg 240w, https:\/\/lacartebuissonniere.fr\/wp-content\/uploads\/2026\/03\/621C2E45-2029-418E-B939-04A9E166DC20_1_201_a-768x960.jpeg 768w, https:\/\/lacartebuissonniere.fr\/wp-content\/uploads\/2026\/03\/621C2E45-2029-418E-B939-04A9E166DC20_1_201_a-1229x1536.jpeg 1229w, https:\/\/lacartebuissonniere.fr\/wp-content\/uploads\/2026\/03\/621C2E45-2029-418E-B939-04A9E166DC20_1_201_a-1638x2048.jpeg 1638w, https:\/\/lacartebuissonniere.fr\/wp-content\/uploads\/2026\/03\/621C2E45-2029-418E-B939-04A9E166DC20_1_201_a-480x600.jpeg 480w, https:\/\/lacartebuissonniere.fr\/wp-content\/uploads\/2026\/03\/621C2E45-2029-418E-B939-04A9E166DC20_1_201_a.jpeg 1827w\" sizes=\"auto, (max-width: 819px) 100vw, 819px\" \/><\/figure>\n\n\n\n<figure class=\"wp-block-image size-large\"><img loading=\"lazy\" decoding=\"async\" width=\"819\" height=\"1024\" data-id=\"8917\" src=\"https:\/\/lacartebuissonniere.fr\/wp-content\/uploads\/2026\/03\/C81C142B-0485-4E19-A5A8-3C6C6BB21317_1_201_a-819x1024.jpeg\" alt=\"\" class=\"wp-image-8917\" srcset=\"https:\/\/lacartebuissonniere.fr\/wp-content\/uploads\/2026\/03\/C81C142B-0485-4E19-A5A8-3C6C6BB21317_1_201_a-819x1024.jpeg 819w, https:\/\/lacartebuissonniere.fr\/wp-content\/uploads\/2026\/03\/C81C142B-0485-4E19-A5A8-3C6C6BB21317_1_201_a-240x300.jpeg 240w, https:\/\/lacartebuissonniere.fr\/wp-content\/uploads\/2026\/03\/C81C142B-0485-4E19-A5A8-3C6C6BB21317_1_201_a-768x960.jpeg 768w, https:\/\/lacartebuissonniere.fr\/wp-content\/uploads\/2026\/03\/C81C142B-0485-4E19-A5A8-3C6C6BB21317_1_201_a-1229x1536.jpeg 1229w, https:\/\/lacartebuissonniere.fr\/wp-content\/uploads\/2026\/03\/C81C142B-0485-4E19-A5A8-3C6C6BB21317_1_201_a-1638x2048.jpeg 1638w, https:\/\/lacartebuissonniere.fr\/wp-content\/uploads\/2026\/03\/C81C142B-0485-4E19-A5A8-3C6C6BB21317_1_201_a-480x600.jpeg 480w, https:\/\/lacartebuissonniere.fr\/wp-content\/uploads\/2026\/03\/C81C142B-0485-4E19-A5A8-3C6C6BB21317_1_201_a.jpeg 1920w\" sizes=\"auto, (max-width: 819px) 100vw, 819px\" \/><\/figure>\n<\/figure>\n\n\n\n<p><\/p>\n\n\n\n<h2 class=\"wp-block-heading\">La Flamme de la Libert\u00e9<\/h2>\n\n\n\n<p>Pr\u00e8s du pont de l\u2019Alma, dans le XVI<sup>e<\/sup> arrondissement, la Flamme de la Libert\u00e9 est une reproduction grandeur nature en cuivre dor\u00e9 de la torche que tient la statue de la Libert\u00e9 \u00e0 New York&nbsp;:<\/p>\n\n\n\n<figure class=\"wp-block-gallery has-nested-images columns-default is-cropped wp-block-gallery-7 is-layout-flex wp-block-gallery-is-layout-flex\">\n<figure class=\"wp-block-image size-large\"><img loading=\"lazy\" decoding=\"async\" width=\"819\" height=\"1024\" data-id=\"8919\" src=\"https:\/\/lacartebuissonniere.fr\/wp-content\/uploads\/2026\/03\/BD65788D-46A9-4896-ABB8-8ACBD373E684_1_201_a-819x1024.jpeg\" alt=\"\" class=\"wp-image-8919\" srcset=\"https:\/\/lacartebuissonniere.fr\/wp-content\/uploads\/2026\/03\/BD65788D-46A9-4896-ABB8-8ACBD373E684_1_201_a-819x1024.jpeg 819w, https:\/\/lacartebuissonniere.fr\/wp-content\/uploads\/2026\/03\/BD65788D-46A9-4896-ABB8-8ACBD373E684_1_201_a-240x300.jpeg 240w, https:\/\/lacartebuissonniere.fr\/wp-content\/uploads\/2026\/03\/BD65788D-46A9-4896-ABB8-8ACBD373E684_1_201_a-768x960.jpeg 768w, https:\/\/lacartebuissonniere.fr\/wp-content\/uploads\/2026\/03\/BD65788D-46A9-4896-ABB8-8ACBD373E684_1_201_a-1229x1536.jpeg 1229w, https:\/\/lacartebuissonniere.fr\/wp-content\/uploads\/2026\/03\/BD65788D-46A9-4896-ABB8-8ACBD373E684_1_201_a-1638x2048.jpeg 1638w, https:\/\/lacartebuissonniere.fr\/wp-content\/uploads\/2026\/03\/BD65788D-46A9-4896-ABB8-8ACBD373E684_1_201_a-480x600.jpeg 480w, https:\/\/lacartebuissonniere.fr\/wp-content\/uploads\/2026\/03\/BD65788D-46A9-4896-ABB8-8ACBD373E684_1_201_a.jpeg 1920w\" sizes=\"auto, (max-width: 819px) 100vw, 819px\" \/><\/figure>\n\n\n\n<figure class=\"wp-block-image size-large\"><img loading=\"lazy\" decoding=\"async\" width=\"819\" height=\"1024\" data-id=\"8918\" src=\"https:\/\/lacartebuissonniere.fr\/wp-content\/uploads\/2026\/03\/CAFC560F-8A9E-43EE-8321-B9F0790587CA_1_201_a-819x1024.jpeg\" alt=\"\" class=\"wp-image-8918\" srcset=\"https:\/\/lacartebuissonniere.fr\/wp-content\/uploads\/2026\/03\/CAFC560F-8A9E-43EE-8321-B9F0790587CA_1_201_a-819x1024.jpeg 819w, https:\/\/lacartebuissonniere.fr\/wp-content\/uploads\/2026\/03\/CAFC560F-8A9E-43EE-8321-B9F0790587CA_1_201_a-240x300.jpeg 240w, https:\/\/lacartebuissonniere.fr\/wp-content\/uploads\/2026\/03\/CAFC560F-8A9E-43EE-8321-B9F0790587CA_1_201_a-768x960.jpeg 768w, https:\/\/lacartebuissonniere.fr\/wp-content\/uploads\/2026\/03\/CAFC560F-8A9E-43EE-8321-B9F0790587CA_1_201_a-1229x1536.jpeg 1229w, https:\/\/lacartebuissonniere.fr\/wp-content\/uploads\/2026\/03\/CAFC560F-8A9E-43EE-8321-B9F0790587CA_1_201_a-1638x2048.jpeg 1638w, https:\/\/lacartebuissonniere.fr\/wp-content\/uploads\/2026\/03\/CAFC560F-8A9E-43EE-8321-B9F0790587CA_1_201_a-480x600.jpeg 480w, https:\/\/lacartebuissonniere.fr\/wp-content\/uploads\/2026\/03\/CAFC560F-8A9E-43EE-8321-B9F0790587CA_1_201_a.jpeg 1920w\" sizes=\"auto, (max-width: 819px) 100vw, 819px\" \/><\/figure>\n<\/figure>\n\n\n\n<p>Elle a \u00e9t\u00e9 offerte \u00e0 la France par les \u00c9tats-Unis en 1989, en remerciement de la restauration de la statue de la Libert\u00e9, \u00e0 l&rsquo;occasion de son centenaire. Depuis l\u2019accident qui causa la mort de<strong> Lady Diana Spencer dans le tunnel du pont de l\u2019Alma en 1997<\/strong>, elle s\u2019est transform\u00e9e en lieu de recueillement, elle qui illustre parfaitement la chanson comm\u00e9morative d&rsquo;Elton John \u00ab Candle in the Wind&nbsp;\u00bb.<\/p>\n\n\n\n<h2 class=\"wp-block-heading\">Le Centaure de C\u00e9sar<\/h2>\n\n\n\n<p>R\u00e9alis\u00e9e entre 1983 et 1985 par C\u00e9sar Baldaccini, cette \u0153uvre monumentale, hommage \u00e0 Pablo Picasso, se trouve place Michel Debr\u00e9, dans le VI\u1d49 arrondissement.<\/p>\n\n\n\n<p>Sur le torse du centaure, constitu\u00e9 d\u2019objets m\u00e9talliques soud\u00e9s, pr\u00e8s de l\u2019\u00e9paule gauche, on peut observer une toute petite Statue de la Libert\u00e9&nbsp;:<\/p>\n\n\n\n<figure class=\"wp-block-gallery has-nested-images columns-default is-cropped wp-block-gallery-8 is-layout-flex wp-block-gallery-is-layout-flex\">\n<figure class=\"wp-block-image size-large\"><img loading=\"lazy\" decoding=\"async\" width=\"819\" height=\"1024\" data-id=\"8921\" src=\"https:\/\/lacartebuissonniere.fr\/wp-content\/uploads\/2026\/03\/7F2DDA8D-9A28-401C-855E-ADE90C9CBC82_1_201_a-819x1024.jpeg\" alt=\"\" class=\"wp-image-8921\" srcset=\"https:\/\/lacartebuissonniere.fr\/wp-content\/uploads\/2026\/03\/7F2DDA8D-9A28-401C-855E-ADE90C9CBC82_1_201_a-819x1024.jpeg 819w, https:\/\/lacartebuissonniere.fr\/wp-content\/uploads\/2026\/03\/7F2DDA8D-9A28-401C-855E-ADE90C9CBC82_1_201_a-240x300.jpeg 240w, https:\/\/lacartebuissonniere.fr\/wp-content\/uploads\/2026\/03\/7F2DDA8D-9A28-401C-855E-ADE90C9CBC82_1_201_a-768x960.jpeg 768w, https:\/\/lacartebuissonniere.fr\/wp-content\/uploads\/2026\/03\/7F2DDA8D-9A28-401C-855E-ADE90C9CBC82_1_201_a-1229x1536.jpeg 1229w, https:\/\/lacartebuissonniere.fr\/wp-content\/uploads\/2026\/03\/7F2DDA8D-9A28-401C-855E-ADE90C9CBC82_1_201_a-1638x2048.jpeg 1638w, https:\/\/lacartebuissonniere.fr\/wp-content\/uploads\/2026\/03\/7F2DDA8D-9A28-401C-855E-ADE90C9CBC82_1_201_a-480x600.jpeg 480w, https:\/\/lacartebuissonniere.fr\/wp-content\/uploads\/2026\/03\/7F2DDA8D-9A28-401C-855E-ADE90C9CBC82_1_201_a.jpeg 1920w\" sizes=\"auto, (max-width: 819px) 100vw, 819px\" \/><\/figure>\n\n\n\n<figure class=\"wp-block-image size-large\"><img loading=\"lazy\" decoding=\"async\" width=\"819\" height=\"1024\" data-id=\"8920\" src=\"https:\/\/lacartebuissonniere.fr\/wp-content\/uploads\/2026\/03\/D4283447-E12B-468D-9100-69891A080506_1_201_a-819x1024.jpeg\" alt=\"\" class=\"wp-image-8920\" srcset=\"https:\/\/lacartebuissonniere.fr\/wp-content\/uploads\/2026\/03\/D4283447-E12B-468D-9100-69891A080506_1_201_a-819x1024.jpeg 819w, https:\/\/lacartebuissonniere.fr\/wp-content\/uploads\/2026\/03\/D4283447-E12B-468D-9100-69891A080506_1_201_a-240x300.jpeg 240w, https:\/\/lacartebuissonniere.fr\/wp-content\/uploads\/2026\/03\/D4283447-E12B-468D-9100-69891A080506_1_201_a-768x960.jpeg 768w, https:\/\/lacartebuissonniere.fr\/wp-content\/uploads\/2026\/03\/D4283447-E12B-468D-9100-69891A080506_1_201_a-1229x1536.jpeg 1229w, https:\/\/lacartebuissonniere.fr\/wp-content\/uploads\/2026\/03\/D4283447-E12B-468D-9100-69891A080506_1_201_a-1638x2048.jpeg 1638w, https:\/\/lacartebuissonniere.fr\/wp-content\/uploads\/2026\/03\/D4283447-E12B-468D-9100-69891A080506_1_201_a-480x600.jpeg 480w, https:\/\/lacartebuissonniere.fr\/wp-content\/uploads\/2026\/03\/D4283447-E12B-468D-9100-69891A080506_1_201_a.jpeg 1920w\" sizes=\"auto, (max-width: 819px) 100vw, 819px\" \/><\/figure>\n<\/figure>\n\n\n\n<p><\/p>\n\n\n\n<p>Elle symbolise bien s\u00fbr la libert\u00e9 de cr\u00e9ation artistique, ch\u00e8re \u00e0 C\u00e9sar.<\/p>\n\n\n\n<p>Mais elle participe surtout de l\u2019art moderne et de son art du palimpseste, en dialoguant avec une ic\u00f4ne universelle r\u00e9duite \u00e0 une toute petite \u00e9chelle.<\/p>\n\n\n\n<p>Plus minuscules encore, les statues de la Libert\u00e9 de mes cartes buissonni\u00e8res s\u2019abritent sous des feuilles de ginkgo turquoise et argent&nbsp;:<\/p>\n\n\n<div class=\"wp-block-image\">\n<figure class=\"aligncenter size-large\"><img loading=\"lazy\" decoding=\"async\" width=\"819\" height=\"1024\" src=\"https:\/\/lacartebuissonniere.fr\/wp-content\/uploads\/2026\/03\/26D7F2C3-BF88-410B-94C7-B03D88E220ED-1-819x1024.png\" alt=\"\" class=\"wp-image-8923\" srcset=\"https:\/\/lacartebuissonniere.fr\/wp-content\/uploads\/2026\/03\/26D7F2C3-BF88-410B-94C7-B03D88E220ED-1-819x1024.png 819w, https:\/\/lacartebuissonniere.fr\/wp-content\/uploads\/2026\/03\/26D7F2C3-BF88-410B-94C7-B03D88E220ED-1-240x300.png 240w, https:\/\/lacartebuissonniere.fr\/wp-content\/uploads\/2026\/03\/26D7F2C3-BF88-410B-94C7-B03D88E220ED-1-768x960.png 768w, https:\/\/lacartebuissonniere.fr\/wp-content\/uploads\/2026\/03\/26D7F2C3-BF88-410B-94C7-B03D88E220ED-1-480x600.png 480w, https:\/\/lacartebuissonniere.fr\/wp-content\/uploads\/2026\/03\/26D7F2C3-BF88-410B-94C7-B03D88E220ED-1.png 1080w\" sizes=\"auto, (max-width: 819px) 100vw, 819px\" \/><\/figure>\n<\/div>\n\n\n<p><\/p>\n\n\n\n<p>Sources&nbsp;:<\/p>\n\n\n\n<p><a href=\"https:\/\/www.merveilles-du-monde.com\/Statue-de-la-Liberte\/Copie-de-la-statue-de-la-Liberte-de-Paris.php\" target=\"_blank\" rel=\"noreferrer noopener\">\u00ab&nbsp;Copie de l&rsquo;\u00eele aux cygnes, \u00e0 Paris&nbsp;\u00bb<\/a><\/p>\n\n\n\n<p><a href=\"https:\/\/www.musee-orsay.fr\/fr\/oeuvres\/liberte-4813\" target=\"_blank\" rel=\"noreferrer noopener\">\u00ab&nbsp;Libert\u00e9&nbsp;\u00bb<\/a> \u2013 Mus\u00e9e d\u2019Orsay<\/p>\n\n\n\n<p><a href=\"https:\/\/www.arts-et-metiers.net\/musee\/modele-statue-de-la-liberte-eclairant-le-monde\" target=\"_blank\" rel=\"noreferrer noopener\">\u00ab&nbsp;Mod\u00e8le : Statue de la Libert\u00e9 \u00e9clairant le monde&nbsp;\u00bb<\/a> \u2013 Mus\u00e9e des Arts et M\u00e9tiers<\/p>\n\n\n\n<p><a href=\"https:\/\/www.pariszigzag.fr\/insolite\/histoire-insolite-paris\/la-petite-histoire-de-la-flamme-de-la-liberte\/\" target=\"_blank\" rel=\"noreferrer noopener\">\u00ab&nbsp;La petite histoire de la Flamme de la Libert\u00e9&nbsp;\u00bb<\/a><\/p>\n\n\n\n<p><a href=\"https:\/\/www.connaissancedesarts.com\/artistes\/cesar\/loeuvre-du-mois-le-centaure-de-cesar-1199189\/\" target=\"_blank\" rel=\"noreferrer noopener\">\u00ab&nbsp;Le Centaure de C\u00e9sar&nbsp;\u00bb<\/a> \u2013 Connaissance des arts<\/p>\n\n\n\n<p>Et le passionnant podcast <a href=\"https:\/\/www.radiofrance.fr\/franceinter\/podcasts\/serie-l-epopee-de-lady-liberty\" target=\"_blank\" rel=\"noreferrer noopener\">\u00ab&nbsp;L&rsquo;\u00e9pop\u00e9e de Lady Liberty&nbsp;\u00bb<\/a><\/p>\n","protected":false},"excerpt":{"rendered":"<p>La colossale Statue de la Libert\u00e9 qui veille sur l\u2019entr\u00e9e du port de New York est l\u2019un des monuments les plus c\u00e9l\u00e8bres du monde. Inaugur\u00e9e en 1886, elle symbolise depuis plus d\u2019un si\u00e8cle l\u2019amiti\u00e9 entre la France et les \u00c9tats-Unis. Quand la Statue de la Libert\u00e9 dominait Paris Avant son d\u00e9part pour New York, la [&hellip;]<\/p>\n","protected":false},"author":2,"featured_media":0,"comment_status":"open","ping_status":"open","sticky":false,"template":"","format":"standard","meta":{"two_page_speed":[],"footnotes":""},"categories":[16,18],"tags":[],"class_list":["post-8904","post","type-post","status-publish","format-standard","hentry","category-flaneries","category-flaneries-culturelles","entry"],"yoast_head":"<!-- This site is optimized with the Yoast SEO plugin v25.4 - https:\/\/yoast.com\/wordpress\/plugins\/seo\/ -->\n<title>Sur les traces de la statue de la Libert\u00e9\u2026 \u00e0 Paris ! - La carte buissonni\u00e8re<\/title>\n<meta name=\"robots\" content=\"index, follow, max-snippet:-1, max-image-preview:large, max-video-preview:-1\" \/>\n<link rel=\"canonical\" href=\"https:\/\/lacartebuissonniere.fr\/index.php\/2026\/03\/11\/sur-les-traces-de-la-statue-de-la-liberte-a-paris\/\" \/>\n<meta property=\"og:locale\" content=\"fr_FR\" \/>\n<meta property=\"og:type\" content=\"article\" \/>\n<meta property=\"og:title\" content=\"Sur les traces de la statue de la Libert\u00e9\u2026 \u00e0 Paris ! - La carte buissonni\u00e8re\" \/>\n<meta property=\"og:description\" content=\"La colossale Statue de la Libert\u00e9 qui veille sur l\u2019entr\u00e9e du port de New York est l\u2019un des monuments les plus c\u00e9l\u00e8bres du monde. Inaugur\u00e9e en 1886, elle symbolise depuis plus d\u2019un si\u00e8cle l\u2019amiti\u00e9 entre la France et les \u00c9tats-Unis. Quand la Statue de la Libert\u00e9 dominait Paris Avant son d\u00e9part pour New York, la [&hellip;]\" \/>\n<meta property=\"og:url\" content=\"https:\/\/lacartebuissonniere.fr\/index.php\/2026\/03\/11\/sur-les-traces-de-la-statue-de-la-liberte-a-paris\/\" \/>\n<meta property=\"og:site_name\" content=\"La carte buissonni\u00e8re\" \/>\n<meta property=\"article:publisher\" content=\"https:\/\/www.facebook.com\/lacartebuissonniere\/\" \/>\n<meta property=\"article:published_time\" content=\"2026-03-11T06:00:00+00:00\" \/>\n<meta property=\"article:modified_time\" content=\"2026-03-11T19:04:04+00:00\" \/>\n<meta property=\"og:image\" content=\"https:\/\/lacartebuissonniere.fr\/wp-content\/uploads\/2026\/03\/CD855E1D-F6A3-4A21-B127-CDB68F479B0C-scaled.jpeg\" \/>\n\t<meta property=\"og:image:width\" content=\"1959\" \/>\n\t<meta property=\"og:image:height\" content=\"2560\" \/>\n\t<meta property=\"og:image:type\" content=\"image\/jpeg\" \/>\n<meta name=\"author\" content=\"Carte buissonni\u00e8re\" \/>\n<meta name=\"twitter:card\" content=\"summary_large_image\" \/>\n<meta name=\"twitter:label1\" content=\"\u00c9crit par\" \/>\n\t<meta name=\"twitter:data1\" content=\"Carte buissonni\u00e8re\" \/>\n\t<meta name=\"twitter:label2\" content=\"Dur\u00e9e de lecture estim\u00e9e\" \/>\n\t<meta name=\"twitter:data2\" content=\"8 minutes\" \/>\n<script type=\"application\/ld+json\" class=\"yoast-schema-graph\">{\"@context\":\"https:\/\/schema.org\",\"@graph\":[{\"@type\":\"Article\",\"@id\":\"https:\/\/lacartebuissonniere.fr\/index.php\/2026\/03\/11\/sur-les-traces-de-la-statue-de-la-liberte-a-paris\/#article\",\"isPartOf\":{\"@id\":\"https:\/\/lacartebuissonniere.fr\/index.php\/2026\/03\/11\/sur-les-traces-de-la-statue-de-la-liberte-a-paris\/\"},\"author\":{\"name\":\"Carte buissonni\u00e8re\",\"@id\":\"https:\/\/lacartebuissonniere.fr\/#\/schema\/person\/4e60af809837a2287e4f6d4daaf7abd4\"},\"headline\":\"Sur les traces de la statue de la Libert\u00e9\u2026 \u00e0 Paris !\",\"datePublished\":\"2026-03-11T06:00:00+00:00\",\"dateModified\":\"2026-03-11T19:04:04+00:00\",\"mainEntityOfPage\":{\"@id\":\"https:\/\/lacartebuissonniere.fr\/index.php\/2026\/03\/11\/sur-les-traces-de-la-statue-de-la-liberte-a-paris\/\"},\"wordCount\":816,\"commentCount\":0,\"publisher\":{\"@id\":\"https:\/\/lacartebuissonniere.fr\/#organization\"},\"image\":{\"@id\":\"https:\/\/lacartebuissonniere.fr\/index.php\/2026\/03\/11\/sur-les-traces-de-la-statue-de-la-liberte-a-paris\/#primaryimage\"},\"thumbnailUrl\":\"https:\/\/lacartebuissonniere.fr\/wp-content\/uploads\/2026\/03\/CD855E1D-F6A3-4A21-B127-CDB68F479B0C-784x1024.jpeg\",\"articleSection\":[\"FL\u00c2NERIES\",\"Fl\u00e2neries culturelles\"],\"inLanguage\":\"fr-FR\",\"potentialAction\":[{\"@type\":\"CommentAction\",\"name\":\"Comment\",\"target\":[\"https:\/\/lacartebuissonniere.fr\/index.php\/2026\/03\/11\/sur-les-traces-de-la-statue-de-la-liberte-a-paris\/#respond\"]}]},{\"@type\":\"WebPage\",\"@id\":\"https:\/\/lacartebuissonniere.fr\/index.php\/2026\/03\/11\/sur-les-traces-de-la-statue-de-la-liberte-a-paris\/\",\"url\":\"https:\/\/lacartebuissonniere.fr\/index.php\/2026\/03\/11\/sur-les-traces-de-la-statue-de-la-liberte-a-paris\/\",\"name\":\"Sur les traces de la statue de la Libert\u00e9\u2026 \u00e0 Paris ! - La carte buissonni\u00e8re\",\"isPartOf\":{\"@id\":\"https:\/\/lacartebuissonniere.fr\/#website\"},\"primaryImageOfPage\":{\"@id\":\"https:\/\/lacartebuissonniere.fr\/index.php\/2026\/03\/11\/sur-les-traces-de-la-statue-de-la-liberte-a-paris\/#primaryimage\"},\"image\":{\"@id\":\"https:\/\/lacartebuissonniere.fr\/index.php\/2026\/03\/11\/sur-les-traces-de-la-statue-de-la-liberte-a-paris\/#primaryimage\"},\"thumbnailUrl\":\"https:\/\/lacartebuissonniere.fr\/wp-content\/uploads\/2026\/03\/CD855E1D-F6A3-4A21-B127-CDB68F479B0C-784x1024.jpeg\",\"datePublished\":\"2026-03-11T06:00:00+00:00\",\"dateModified\":\"2026-03-11T19:04:04+00:00\",\"breadcrumb\":{\"@id\":\"https:\/\/lacartebuissonniere.fr\/index.php\/2026\/03\/11\/sur-les-traces-de-la-statue-de-la-liberte-a-paris\/#breadcrumb\"},\"inLanguage\":\"fr-FR\",\"potentialAction\":[{\"@type\":\"ReadAction\",\"target\":[\"https:\/\/lacartebuissonniere.fr\/index.php\/2026\/03\/11\/sur-les-traces-de-la-statue-de-la-liberte-a-paris\/\"]}]},{\"@type\":\"ImageObject\",\"inLanguage\":\"fr-FR\",\"@id\":\"https:\/\/lacartebuissonniere.fr\/index.php\/2026\/03\/11\/sur-les-traces-de-la-statue-de-la-liberte-a-paris\/#primaryimage\",\"url\":\"https:\/\/lacartebuissonniere.fr\/wp-content\/uploads\/2026\/03\/CD855E1D-F6A3-4A21-B127-CDB68F479B0C-scaled.jpeg\",\"contentUrl\":\"https:\/\/lacartebuissonniere.fr\/wp-content\/uploads\/2026\/03\/CD855E1D-F6A3-4A21-B127-CDB68F479B0C-scaled.jpeg\",\"width\":1959,\"height\":2560,\"caption\":\"Statue de la Libert\u00e9 par Bartholdi, rue de Chazelles, atelier du fondeur Gayet-Gauthier. Photographie de Albert Fernique (1841-1898). Papier albumin\u00e9. Paris (XVII\u00e8me arr.), 1884. Paris, mus\u00e9e Carnavalet.\"},{\"@type\":\"BreadcrumbList\",\"@id\":\"https:\/\/lacartebuissonniere.fr\/index.php\/2026\/03\/11\/sur-les-traces-de-la-statue-de-la-liberte-a-paris\/#breadcrumb\",\"itemListElement\":[{\"@type\":\"ListItem\",\"position\":1,\"name\":\"Accueil\",\"item\":\"https:\/\/lacartebuissonniere.fr\/\"},{\"@type\":\"ListItem\",\"position\":2,\"name\":\"Sur les traces de la statue de la Libert\u00e9\u2026 \u00e0 Paris !\"}]},{\"@type\":\"WebSite\",\"@id\":\"https:\/\/lacartebuissonniere.fr\/#website\",\"url\":\"https:\/\/lacartebuissonniere.fr\/\",\"name\":\"La carte buissonni\u00e8re\",\"description\":\"\",\"publisher\":{\"@id\":\"https:\/\/lacartebuissonniere.fr\/#organization\"},\"potentialAction\":[{\"@type\":\"SearchAction\",\"target\":{\"@type\":\"EntryPoint\",\"urlTemplate\":\"https:\/\/lacartebuissonniere.fr\/?s={search_term_string}\"},\"query-input\":{\"@type\":\"PropertyValueSpecification\",\"valueRequired\":true,\"valueName\":\"search_term_string\"}}],\"inLanguage\":\"fr-FR\"},{\"@type\":\"Organization\",\"@id\":\"https:\/\/lacartebuissonniere.fr\/#organization\",\"name\":\"La carte buissonni\u00e8re\",\"url\":\"https:\/\/lacartebuissonniere.fr\/\",\"logo\":{\"@type\":\"ImageObject\",\"inLanguage\":\"fr-FR\",\"@id\":\"https:\/\/lacartebuissonniere.fr\/#\/schema\/logo\/image\/\",\"url\":\"https:\/\/lacartebuissonniere.fr\/wp-content\/uploads\/2022\/12\/Illustration-sans-titre.jpg\",\"contentUrl\":\"https:\/\/lacartebuissonniere.fr\/wp-content\/uploads\/2022\/12\/Illustration-sans-titre.jpg\",\"width\":637,\"height\":680,\"caption\":\"La carte buissonni\u00e8re\"},\"image\":{\"@id\":\"https:\/\/lacartebuissonniere.fr\/#\/schema\/logo\/image\/\"},\"sameAs\":[\"https:\/\/www.facebook.com\/lacartebuissonniere\/\",\"https:\/\/www.pinterest.fr\/DelphChabanne\/\"]},{\"@type\":\"Person\",\"@id\":\"https:\/\/lacartebuissonniere.fr\/#\/schema\/person\/4e60af809837a2287e4f6d4daaf7abd4\",\"name\":\"Carte buissonni\u00e8re\",\"image\":{\"@type\":\"ImageObject\",\"inLanguage\":\"fr-FR\",\"@id\":\"https:\/\/lacartebuissonniere.fr\/#\/schema\/person\/image\/\",\"url\":\"https:\/\/secure.gravatar.com\/avatar\/b543b5e0f093efbab3dfee8595bf9077ed504ab48ffeb378c9dc263381c278e6?s=96&d=mm&r=g\",\"contentUrl\":\"https:\/\/secure.gravatar.com\/avatar\/b543b5e0f093efbab3dfee8595bf9077ed504ab48ffeb378c9dc263381c278e6?s=96&d=mm&r=g\",\"caption\":\"Carte buissonni\u00e8re\"},\"sameAs\":[\"http:\/\/lacartebuissonniere.fr\"],\"url\":\"https:\/\/lacartebuissonniere.fr\/index.php\/author\/carteb\/\"}]}<\/script>\n<!-- \/ Yoast SEO plugin. -->","yoast_head_json":{"title":"Sur les traces de la statue de la Libert\u00e9\u2026 \u00e0 Paris ! - La carte buissonni\u00e8re","robots":{"index":"index","follow":"follow","max-snippet":"max-snippet:-1","max-image-preview":"max-image-preview:large","max-video-preview":"max-video-preview:-1"},"canonical":"https:\/\/lacartebuissonniere.fr\/index.php\/2026\/03\/11\/sur-les-traces-de-la-statue-de-la-liberte-a-paris\/","og_locale":"fr_FR","og_type":"article","og_title":"Sur les traces de la statue de la Libert\u00e9\u2026 \u00e0 Paris ! - La carte buissonni\u00e8re","og_description":"La colossale Statue de la Libert\u00e9 qui veille sur l\u2019entr\u00e9e du port de New York est l\u2019un des monuments les plus c\u00e9l\u00e8bres du monde. Inaugur\u00e9e en 1886, elle symbolise depuis plus d\u2019un si\u00e8cle l\u2019amiti\u00e9 entre la France et les \u00c9tats-Unis. Quand la Statue de la Libert\u00e9 dominait Paris Avant son d\u00e9part pour New York, la [&hellip;]","og_url":"https:\/\/lacartebuissonniere.fr\/index.php\/2026\/03\/11\/sur-les-traces-de-la-statue-de-la-liberte-a-paris\/","og_site_name":"La carte buissonni\u00e8re","article_publisher":"https:\/\/www.facebook.com\/lacartebuissonniere\/","article_published_time":"2026-03-11T06:00:00+00:00","article_modified_time":"2026-03-11T19:04:04+00:00","og_image":[{"width":1959,"height":2560,"url":"https:\/\/lacartebuissonniere.fr\/wp-content\/uploads\/2026\/03\/CD855E1D-F6A3-4A21-B127-CDB68F479B0C-scaled.jpeg","type":"image\/jpeg"}],"author":"Carte buissonni\u00e8re","twitter_card":"summary_large_image","twitter_misc":{"\u00c9crit par":"Carte buissonni\u00e8re","Dur\u00e9e de lecture estim\u00e9e":"8 minutes"},"schema":{"@context":"https:\/\/schema.org","@graph":[{"@type":"Article","@id":"https:\/\/lacartebuissonniere.fr\/index.php\/2026\/03\/11\/sur-les-traces-de-la-statue-de-la-liberte-a-paris\/#article","isPartOf":{"@id":"https:\/\/lacartebuissonniere.fr\/index.php\/2026\/03\/11\/sur-les-traces-de-la-statue-de-la-liberte-a-paris\/"},"author":{"name":"Carte buissonni\u00e8re","@id":"https:\/\/lacartebuissonniere.fr\/#\/schema\/person\/4e60af809837a2287e4f6d4daaf7abd4"},"headline":"Sur les traces de la statue de la Libert\u00e9\u2026 \u00e0 Paris !","datePublished":"2026-03-11T06:00:00+00:00","dateModified":"2026-03-11T19:04:04+00:00","mainEntityOfPage":{"@id":"https:\/\/lacartebuissonniere.fr\/index.php\/2026\/03\/11\/sur-les-traces-de-la-statue-de-la-liberte-a-paris\/"},"wordCount":816,"commentCount":0,"publisher":{"@id":"https:\/\/lacartebuissonniere.fr\/#organization"},"image":{"@id":"https:\/\/lacartebuissonniere.fr\/index.php\/2026\/03\/11\/sur-les-traces-de-la-statue-de-la-liberte-a-paris\/#primaryimage"},"thumbnailUrl":"https:\/\/lacartebuissonniere.fr\/wp-content\/uploads\/2026\/03\/CD855E1D-F6A3-4A21-B127-CDB68F479B0C-784x1024.jpeg","articleSection":["FL\u00c2NERIES","Fl\u00e2neries culturelles"],"inLanguage":"fr-FR","potentialAction":[{"@type":"CommentAction","name":"Comment","target":["https:\/\/lacartebuissonniere.fr\/index.php\/2026\/03\/11\/sur-les-traces-de-la-statue-de-la-liberte-a-paris\/#respond"]}]},{"@type":"WebPage","@id":"https:\/\/lacartebuissonniere.fr\/index.php\/2026\/03\/11\/sur-les-traces-de-la-statue-de-la-liberte-a-paris\/","url":"https:\/\/lacartebuissonniere.fr\/index.php\/2026\/03\/11\/sur-les-traces-de-la-statue-de-la-liberte-a-paris\/","name":"Sur les traces de la statue de la Libert\u00e9\u2026 \u00e0 Paris ! - La carte buissonni\u00e8re","isPartOf":{"@id":"https:\/\/lacartebuissonniere.fr\/#website"},"primaryImageOfPage":{"@id":"https:\/\/lacartebuissonniere.fr\/index.php\/2026\/03\/11\/sur-les-traces-de-la-statue-de-la-liberte-a-paris\/#primaryimage"},"image":{"@id":"https:\/\/lacartebuissonniere.fr\/index.php\/2026\/03\/11\/sur-les-traces-de-la-statue-de-la-liberte-a-paris\/#primaryimage"},"thumbnailUrl":"https:\/\/lacartebuissonniere.fr\/wp-content\/uploads\/2026\/03\/CD855E1D-F6A3-4A21-B127-CDB68F479B0C-784x1024.jpeg","datePublished":"2026-03-11T06:00:00+00:00","dateModified":"2026-03-11T19:04:04+00:00","breadcrumb":{"@id":"https:\/\/lacartebuissonniere.fr\/index.php\/2026\/03\/11\/sur-les-traces-de-la-statue-de-la-liberte-a-paris\/#breadcrumb"},"inLanguage":"fr-FR","potentialAction":[{"@type":"ReadAction","target":["https:\/\/lacartebuissonniere.fr\/index.php\/2026\/03\/11\/sur-les-traces-de-la-statue-de-la-liberte-a-paris\/"]}]},{"@type":"ImageObject","inLanguage":"fr-FR","@id":"https:\/\/lacartebuissonniere.fr\/index.php\/2026\/03\/11\/sur-les-traces-de-la-statue-de-la-liberte-a-paris\/#primaryimage","url":"https:\/\/lacartebuissonniere.fr\/wp-content\/uploads\/2026\/03\/CD855E1D-F6A3-4A21-B127-CDB68F479B0C-scaled.jpeg","contentUrl":"https:\/\/lacartebuissonniere.fr\/wp-content\/uploads\/2026\/03\/CD855E1D-F6A3-4A21-B127-CDB68F479B0C-scaled.jpeg","width":1959,"height":2560,"caption":"Statue de la Libert\u00e9 par Bartholdi, rue de Chazelles, atelier du fondeur Gayet-Gauthier. Photographie de Albert Fernique (1841-1898). Papier albumin\u00e9. Paris (XVII\u00e8me arr.), 1884. Paris, mus\u00e9e Carnavalet."},{"@type":"BreadcrumbList","@id":"https:\/\/lacartebuissonniere.fr\/index.php\/2026\/03\/11\/sur-les-traces-de-la-statue-de-la-liberte-a-paris\/#breadcrumb","itemListElement":[{"@type":"ListItem","position":1,"name":"Accueil","item":"https:\/\/lacartebuissonniere.fr\/"},{"@type":"ListItem","position":2,"name":"Sur les traces de la statue de la Libert\u00e9\u2026 \u00e0 Paris !"}]},{"@type":"WebSite","@id":"https:\/\/lacartebuissonniere.fr\/#website","url":"https:\/\/lacartebuissonniere.fr\/","name":"La carte buissonni\u00e8re","description":"","publisher":{"@id":"https:\/\/lacartebuissonniere.fr\/#organization"},"potentialAction":[{"@type":"SearchAction","target":{"@type":"EntryPoint","urlTemplate":"https:\/\/lacartebuissonniere.fr\/?s={search_term_string}"},"query-input":{"@type":"PropertyValueSpecification","valueRequired":true,"valueName":"search_term_string"}}],"inLanguage":"fr-FR"},{"@type":"Organization","@id":"https:\/\/lacartebuissonniere.fr\/#organization","name":"La carte buissonni\u00e8re","url":"https:\/\/lacartebuissonniere.fr\/","logo":{"@type":"ImageObject","inLanguage":"fr-FR","@id":"https:\/\/lacartebuissonniere.fr\/#\/schema\/logo\/image\/","url":"https:\/\/lacartebuissonniere.fr\/wp-content\/uploads\/2022\/12\/Illustration-sans-titre.jpg","contentUrl":"https:\/\/lacartebuissonniere.fr\/wp-content\/uploads\/2022\/12\/Illustration-sans-titre.jpg","width":637,"height":680,"caption":"La carte buissonni\u00e8re"},"image":{"@id":"https:\/\/lacartebuissonniere.fr\/#\/schema\/logo\/image\/"},"sameAs":["https:\/\/www.facebook.com\/lacartebuissonniere\/","https:\/\/www.pinterest.fr\/DelphChabanne\/"]},{"@type":"Person","@id":"https:\/\/lacartebuissonniere.fr\/#\/schema\/person\/4e60af809837a2287e4f6d4daaf7abd4","name":"Carte buissonni\u00e8re","image":{"@type":"ImageObject","inLanguage":"fr-FR","@id":"https:\/\/lacartebuissonniere.fr\/#\/schema\/person\/image\/","url":"https:\/\/secure.gravatar.com\/avatar\/b543b5e0f093efbab3dfee8595bf9077ed504ab48ffeb378c9dc263381c278e6?s=96&d=mm&r=g","contentUrl":"https:\/\/secure.gravatar.com\/avatar\/b543b5e0f093efbab3dfee8595bf9077ed504ab48ffeb378c9dc263381c278e6?s=96&d=mm&r=g","caption":"Carte buissonni\u00e8re"},"sameAs":["http:\/\/lacartebuissonniere.fr"],"url":"https:\/\/lacartebuissonniere.fr\/index.php\/author\/carteb\/"}]}},"_links":{"self":[{"href":"https:\/\/lacartebuissonniere.fr\/index.php\/wp-json\/wp\/v2\/posts\/8904","targetHints":{"allow":["GET"]}}],"collection":[{"href":"https:\/\/lacartebuissonniere.fr\/index.php\/wp-json\/wp\/v2\/posts"}],"about":[{"href":"https:\/\/lacartebuissonniere.fr\/index.php\/wp-json\/wp\/v2\/types\/post"}],"author":[{"embeddable":true,"href":"https:\/\/lacartebuissonniere.fr\/index.php\/wp-json\/wp\/v2\/users\/2"}],"replies":[{"embeddable":true,"href":"https:\/\/lacartebuissonniere.fr\/index.php\/wp-json\/wp\/v2\/comments?post=8904"}],"version-history":[{"count":3,"href":"https:\/\/lacartebuissonniere.fr\/index.php\/wp-json\/wp\/v2\/posts\/8904\/revisions"}],"predecessor-version":[{"id":8926,"href":"https:\/\/lacartebuissonniere.fr\/index.php\/wp-json\/wp\/v2\/posts\/8904\/revisions\/8926"}],"wp:attachment":[{"href":"https:\/\/lacartebuissonniere.fr\/index.php\/wp-json\/wp\/v2\/media?parent=8904"}],"wp:term":[{"taxonomy":"category","embeddable":true,"href":"https:\/\/lacartebuissonniere.fr\/index.php\/wp-json\/wp\/v2\/categories?post=8904"},{"taxonomy":"post_tag","embeddable":true,"href":"https:\/\/lacartebuissonniere.fr\/index.php\/wp-json\/wp\/v2\/tags?post=8904"}],"curies":[{"name":"wp","href":"https:\/\/api.w.org\/{rel}","templated":true}]}}