{"id":8929,"date":"2026-03-14T09:00:00","date_gmt":"2026-03-14T08:00:00","guid":{"rendered":"https:\/\/lacartebuissonniere.fr\/?p=8929"},"modified":"2026-03-14T19:53:17","modified_gmt":"2026-03-14T18:53:17","slug":"comptine-etymologique-paquerette","status":"publish","type":"post","link":"https:\/\/lacartebuissonniere.fr\/index.php\/2026\/03\/14\/comptine-etymologique-paquerette\/","title":{"rendered":"Comptine \u00e9tymologique\u00a0: p\u00e2querette"},"content":{"rendered":"\n<p><\/p>\n\n\n\n<p>C\u2019est le jour de la p\u00e2querette dans le calendrier r\u00e9publicain\u00a0!<\/p>\n\n\n\n<p>La p\u00e2querette commune, <em>Bellis perennis<\/em>, est une petite plante vivace de la famille des Ast\u00e9rac\u00e9es, qui comprend \u00e9galement les marguerites et les pissenlits.<\/p>\n\n\n\n<figure class=\"wp-block-gallery has-nested-images columns-default is-cropped wp-block-gallery-1 is-layout-flex wp-block-gallery-is-layout-flex\">\n<figure class=\"wp-block-image size-large\"><img loading=\"lazy\" decoding=\"async\" width=\"819\" height=\"1024\" data-id=\"8931\" src=\"https:\/\/lacartebuissonniere.fr\/wp-content\/uploads\/2026\/03\/DD94D4DA-08FF-4087-9920-8E0B1FCEB429_1_201_a-819x1024.jpeg\" alt=\"\" class=\"wp-image-8931\" srcset=\"https:\/\/lacartebuissonniere.fr\/wp-content\/uploads\/2026\/03\/DD94D4DA-08FF-4087-9920-8E0B1FCEB429_1_201_a-819x1024.jpeg 819w, https:\/\/lacartebuissonniere.fr\/wp-content\/uploads\/2026\/03\/DD94D4DA-08FF-4087-9920-8E0B1FCEB429_1_201_a-240x300.jpeg 240w, https:\/\/lacartebuissonniere.fr\/wp-content\/uploads\/2026\/03\/DD94D4DA-08FF-4087-9920-8E0B1FCEB429_1_201_a-768x960.jpeg 768w, https:\/\/lacartebuissonniere.fr\/wp-content\/uploads\/2026\/03\/DD94D4DA-08FF-4087-9920-8E0B1FCEB429_1_201_a-1229x1536.jpeg 1229w, https:\/\/lacartebuissonniere.fr\/wp-content\/uploads\/2026\/03\/DD94D4DA-08FF-4087-9920-8E0B1FCEB429_1_201_a-480x600.jpeg 480w, https:\/\/lacartebuissonniere.fr\/wp-content\/uploads\/2026\/03\/DD94D4DA-08FF-4087-9920-8E0B1FCEB429_1_201_a.jpeg 1536w\" sizes=\"auto, (max-width: 819px) 100vw, 819px\" \/><\/figure>\n\n\n\n<figure class=\"wp-block-image size-large\"><img loading=\"lazy\" decoding=\"async\" width=\"819\" height=\"1024\" data-id=\"8930\" src=\"https:\/\/lacartebuissonniere.fr\/wp-content\/uploads\/2026\/03\/14655714-8766-4F25-97DF-D72518936144_1_201_a-819x1024.jpeg\" alt=\"\" class=\"wp-image-8930\" srcset=\"https:\/\/lacartebuissonniere.fr\/wp-content\/uploads\/2026\/03\/14655714-8766-4F25-97DF-D72518936144_1_201_a-819x1024.jpeg 819w, https:\/\/lacartebuissonniere.fr\/wp-content\/uploads\/2026\/03\/14655714-8766-4F25-97DF-D72518936144_1_201_a-240x300.jpeg 240w, https:\/\/lacartebuissonniere.fr\/wp-content\/uploads\/2026\/03\/14655714-8766-4F25-97DF-D72518936144_1_201_a-768x960.jpeg 768w, https:\/\/lacartebuissonniere.fr\/wp-content\/uploads\/2026\/03\/14655714-8766-4F25-97DF-D72518936144_1_201_a-1229x1536.jpeg 1229w, https:\/\/lacartebuissonniere.fr\/wp-content\/uploads\/2026\/03\/14655714-8766-4F25-97DF-D72518936144_1_201_a-480x600.jpeg 480w, https:\/\/lacartebuissonniere.fr\/wp-content\/uploads\/2026\/03\/14655714-8766-4F25-97DF-D72518936144_1_201_a.jpeg 1536w\" sizes=\"auto, (max-width: 819px) 100vw, 819px\" \/><\/figure>\n<\/figure>\n\n\n\n<p><\/p>\n\n\n\n<p>Pour un botaniste, ce que l\u2019on consid\u00e8re commun\u00e9ment comme une fleur de p\u00e2querette est un capitule, un ensemble de fleurs pos\u00e9es sur un m\u00eame r\u00e9ceptacle.<\/p>\n\n\n\n<p>Au centre, les fleurs jaunes en forme de tube (<em>tubul\u00e9es<\/em>) sont m\u00e2les ou hermaphrodites.<\/p>\n\n\n\n<p>Sur le pourtour, les fleurs blanches, parfois ros\u00e9es, semblables \u00e0 des languettes (<em>ligul\u00e9es<\/em>) sont femelles ou st\u00e9riles.<\/p>\n\n\n<div class=\"wp-block-image\">\n<figure class=\"aligncenter size-large\"><img loading=\"lazy\" decoding=\"async\" width=\"819\" height=\"1024\" src=\"https:\/\/lacartebuissonniere.fr\/wp-content\/uploads\/2026\/03\/17646495-11F9-42FB-AD4B-8DC24AF110C2-1-819x1024.png\" alt=\"\" class=\"wp-image-8933\" srcset=\"https:\/\/lacartebuissonniere.fr\/wp-content\/uploads\/2026\/03\/17646495-11F9-42FB-AD4B-8DC24AF110C2-1-819x1024.png 819w, https:\/\/lacartebuissonniere.fr\/wp-content\/uploads\/2026\/03\/17646495-11F9-42FB-AD4B-8DC24AF110C2-1-240x300.png 240w, https:\/\/lacartebuissonniere.fr\/wp-content\/uploads\/2026\/03\/17646495-11F9-42FB-AD4B-8DC24AF110C2-1-768x960.png 768w, https:\/\/lacartebuissonniere.fr\/wp-content\/uploads\/2026\/03\/17646495-11F9-42FB-AD4B-8DC24AF110C2-1-480x600.png 480w, https:\/\/lacartebuissonniere.fr\/wp-content\/uploads\/2026\/03\/17646495-11F9-42FB-AD4B-8DC24AF110C2-1.png 1080w\" sizes=\"auto, (max-width: 819px) 100vw, 819px\" \/><\/figure>\n<\/div>\n\n\n<p><\/p>\n\n\n\n<p>Le nom de <em>p\u00e2querette<\/em> s\u2019explique par le fait que la plante fleurit abondamment au d\u00e9but du printemps, souvent autour de la p\u00e9riode de P\u00e2ques. C\u2019est l\u2019\u00e9tymologie admise, m\u00eame si Littr\u00e9 estimait&nbsp;: \u00ab&nbsp;ce ne peut \u00eatre la cause du nom de la plante, puisqu&rsquo;elle fleurit \u00e0 peu pr\u00e8s toute l&rsquo;ann\u00e9e&nbsp;\u00bb.<\/p>\n\n\n\n<p>La p\u00e2querette est dite <em>acaule<\/em>, c\u2019est-\u00e0-dire que sa tige est tr\u00e8s courte et que la fleur semble presque pos\u00e9e directement sur le sol. Tr\u00e8s fr\u00e9quente dans les pelouses et les prairies, elle pousse si bas qu\u2019elle affleure \u00e0 peine l\u2019herbe. Cette caract\u00e9ristique a inspir\u00e9 l\u2019image de l\u2019expression <em>au ras des p\u00e2querettes<\/em>, qui \u00e9voque quelque chose situ\u00e9 tout pr\u00e8s du sol. Par extension, dans le langage familier, on emploie cette formule pour qualifier ce qui est grossier et banal, par exemple une remarque, une blague ou un raisonnement jug\u00e9 particuli\u00e8rement simpliste.<\/p>\n\n\n\n<p>Les anglophones ne sont pas tr\u00e8s loin de cette image florale quand ils disent <em>to be pushing up (the) daisies<\/em>, litt\u00e9ralement \u00ab pousser les p\u00e2querettes par en dessous \u00bb, pour parler de quelqu\u2019un qui est mort et enterr\u00e9. Notre imaginaire botanique est un peu diff\u00e9rent : chez nous, ce sont d\u2019autres fleurs modestes, les pissenlits, que l\u2019on contemple dans cette position peu enviable\u2026 puisque l\u2019on finit par les \u00ab manger par la racine \u00bb&nbsp;!<\/p>\n\n\n<div class=\"wp-block-image\">\n<figure class=\"aligncenter size-large\"><img loading=\"lazy\" decoding=\"async\" width=\"819\" height=\"1024\" src=\"https:\/\/lacartebuissonniere.fr\/wp-content\/uploads\/2026\/03\/929A1252-7D2C-44C1-8C27-67BFAE5D5E95-1-819x1024.png\" alt=\"\" class=\"wp-image-8935\" srcset=\"https:\/\/lacartebuissonniere.fr\/wp-content\/uploads\/2026\/03\/929A1252-7D2C-44C1-8C27-67BFAE5D5E95-1-819x1024.png 819w, https:\/\/lacartebuissonniere.fr\/wp-content\/uploads\/2026\/03\/929A1252-7D2C-44C1-8C27-67BFAE5D5E95-1-240x300.png 240w, https:\/\/lacartebuissonniere.fr\/wp-content\/uploads\/2026\/03\/929A1252-7D2C-44C1-8C27-67BFAE5D5E95-1-768x960.png 768w, https:\/\/lacartebuissonniere.fr\/wp-content\/uploads\/2026\/03\/929A1252-7D2C-44C1-8C27-67BFAE5D5E95-1-480x600.png 480w, https:\/\/lacartebuissonniere.fr\/wp-content\/uploads\/2026\/03\/929A1252-7D2C-44C1-8C27-67BFAE5D5E95-1.png 1080w\" sizes=\"auto, (max-width: 819px) 100vw, 819px\" \/><\/figure>\n<\/div>\n\n\n<p><\/p>\n\n\n\n<p>Sources&nbsp;:<\/p>\n\n\n\n<p><a href=\"https:\/\/fr.wikipedia.org\/wiki\/P%C3%A2querette\" target=\"_blank\" rel=\"noreferrer noopener\">\u00ab&nbsp;P\u00e2querette&nbsp;\u00bb<\/a> \u2013 fiche Wikip\u00e9dia<\/p>\n\n\n\n<p><a href=\"https:\/\/plantes-sauvages-comestibles.com\/la-paquerette-belle-a-croquer\/\" target=\"_blank\" rel=\"noreferrer noopener\">\u00ab&nbsp;La p\u00e2querette \u2013 belle \u00e0 croquer&nbsp;\u00bb<\/a><\/p>\n\n\n\n<p><a href=\"https:\/\/www.cnrtl.fr\/definition\/p%C3%A2querette\" target=\"_blank\" rel=\"noreferrer noopener\">\u00ab&nbsp;P\u00e2querette&nbsp;\u00bb<\/a> \u2013 Tr\u00e9sor de la Langue Fran\u00e7aise informatis\u00e9<\/p>\n\n\n\n<p><\/p>\n\n\n\n<p>Vous aimez les p\u00e2querettes&nbsp;? Vous aimerez \u00e9galement&nbsp;:<\/p>\n\n\n\n<p><a href=\"https:\/\/lacartebuissonniere.fr\/index.php\/2024\/03\/14\/sous-le-signe-de-la-paquerette\/\" target=\"_blank\" rel=\"noreferrer noopener\">\u00ab&nbsp;Sous le signe de la p\u00e2querette&nbsp;\u00bb<\/a><\/p>\n\n\n\n<p><a href=\"https:\/\/lacartebuissonniere.fr\/index.php\/2025\/03\/14\/il-a-neige-des-paquerettes\/\" target=\"_blank\" rel=\"noreferrer noopener\">\u00ab&nbsp;Il a neig\u00e9 des p\u00e2querettes !&nbsp;\u00bb<\/a><\/p>\n","protected":false},"excerpt":{"rendered":"<p>C\u2019est le jour de la p\u00e2querette dans le calendrier r\u00e9publicain\u00a0! La p\u00e2querette commune, Bellis perennis, est une petite plante vivace de la famille des Ast\u00e9rac\u00e9es, qui comprend \u00e9galement les marguerites et les pissenlits. Pour un botaniste, ce que l\u2019on consid\u00e8re commun\u00e9ment comme une fleur de p\u00e2querette est un capitule, un ensemble de fleurs pos\u00e9es sur [&hellip;]<\/p>\n","protected":false},"author":2,"featured_media":0,"comment_status":"open","ping_status":"open","sticky":false,"template":"","format":"standard","meta":{"two_page_speed":[],"footnotes":""},"categories":[16,17,13],"tags":[],"class_list":["post-8929","post","type-post","status-publish","format-standard","hentry","category-flaneries","category-flaneries-botaniques","category-infos","entry"],"yoast_head":"<!-- This site is optimized with the Yoast SEO plugin v25.4 - https:\/\/yoast.com\/wordpress\/plugins\/seo\/ -->\n<title>Comptine \u00e9tymologique\u00a0: p\u00e2querette - La carte buissonni\u00e8re<\/title>\n<meta name=\"robots\" content=\"index, follow, max-snippet:-1, max-image-preview:large, max-video-preview:-1\" \/>\n<link rel=\"canonical\" href=\"https:\/\/lacartebuissonniere.fr\/index.php\/2026\/03\/14\/comptine-etymologique-paquerette\/\" \/>\n<meta property=\"og:locale\" content=\"fr_FR\" \/>\n<meta property=\"og:type\" content=\"article\" \/>\n<meta property=\"og:title\" content=\"Comptine \u00e9tymologique\u00a0: p\u00e2querette - La carte buissonni\u00e8re\" \/>\n<meta property=\"og:description\" content=\"C\u2019est le jour de la p\u00e2querette dans le calendrier r\u00e9publicain\u00a0! La p\u00e2querette commune, Bellis perennis, est une petite plante vivace de la famille des Ast\u00e9rac\u00e9es, qui comprend \u00e9galement les marguerites et les pissenlits. Pour un botaniste, ce que l\u2019on consid\u00e8re commun\u00e9ment comme une fleur de p\u00e2querette est un capitule, un ensemble de fleurs pos\u00e9es sur [&hellip;]\" \/>\n<meta property=\"og:url\" content=\"https:\/\/lacartebuissonniere.fr\/index.php\/2026\/03\/14\/comptine-etymologique-paquerette\/\" \/>\n<meta property=\"og:site_name\" content=\"La carte buissonni\u00e8re\" \/>\n<meta property=\"article:publisher\" content=\"https:\/\/www.facebook.com\/lacartebuissonniere\/\" \/>\n<meta property=\"article:published_time\" content=\"2026-03-14T08:00:00+00:00\" \/>\n<meta property=\"article:modified_time\" content=\"2026-03-14T18:53:17+00:00\" \/>\n<meta property=\"og:image\" content=\"https:\/\/lacartebuissonniere.fr\/wp-content\/uploads\/2026\/03\/DD94D4DA-08FF-4087-9920-8E0B1FCEB429_1_201_a.jpeg\" \/>\n\t<meta property=\"og:image:width\" content=\"1536\" \/>\n\t<meta property=\"og:image:height\" content=\"1920\" \/>\n\t<meta property=\"og:image:type\" content=\"image\/jpeg\" \/>\n<meta name=\"author\" content=\"Carte buissonni\u00e8re\" \/>\n<meta name=\"twitter:card\" content=\"summary_large_image\" \/>\n<meta name=\"twitter:label1\" content=\"\u00c9crit par\" \/>\n\t<meta name=\"twitter:data1\" content=\"Carte buissonni\u00e8re\" \/>\n\t<meta name=\"twitter:label2\" content=\"Dur\u00e9e de lecture estim\u00e9e\" \/>\n\t<meta name=\"twitter:data2\" content=\"3 minutes\" \/>\n<script type=\"application\/ld+json\" class=\"yoast-schema-graph\">{\"@context\":\"https:\/\/schema.org\",\"@graph\":[{\"@type\":\"Article\",\"@id\":\"https:\/\/lacartebuissonniere.fr\/index.php\/2026\/03\/14\/comptine-etymologique-paquerette\/#article\",\"isPartOf\":{\"@id\":\"https:\/\/lacartebuissonniere.fr\/index.php\/2026\/03\/14\/comptine-etymologique-paquerette\/\"},\"author\":{\"name\":\"Carte buissonni\u00e8re\",\"@id\":\"https:\/\/lacartebuissonniere.fr\/#\/schema\/person\/4e60af809837a2287e4f6d4daaf7abd4\"},\"headline\":\"Comptine \u00e9tymologique\u00a0: p\u00e2querette\",\"datePublished\":\"2026-03-14T08:00:00+00:00\",\"dateModified\":\"2026-03-14T18:53:17+00:00\",\"mainEntityOfPage\":{\"@id\":\"https:\/\/lacartebuissonniere.fr\/index.php\/2026\/03\/14\/comptine-etymologique-paquerette\/\"},\"wordCount\":408,\"commentCount\":0,\"publisher\":{\"@id\":\"https:\/\/lacartebuissonniere.fr\/#organization\"},\"image\":{\"@id\":\"https:\/\/lacartebuissonniere.fr\/index.php\/2026\/03\/14\/comptine-etymologique-paquerette\/#primaryimage\"},\"thumbnailUrl\":\"https:\/\/lacartebuissonniere.fr\/wp-content\/uploads\/2026\/03\/DD94D4DA-08FF-4087-9920-8E0B1FCEB429_1_201_a-819x1024.jpeg\",\"articleSection\":[\"FL\u00c2NERIES\",\"Fl\u00e2neries botaniques\",\"INFOS\"],\"inLanguage\":\"fr-FR\",\"potentialAction\":[{\"@type\":\"CommentAction\",\"name\":\"Comment\",\"target\":[\"https:\/\/lacartebuissonniere.fr\/index.php\/2026\/03\/14\/comptine-etymologique-paquerette\/#respond\"]}]},{\"@type\":\"WebPage\",\"@id\":\"https:\/\/lacartebuissonniere.fr\/index.php\/2026\/03\/14\/comptine-etymologique-paquerette\/\",\"url\":\"https:\/\/lacartebuissonniere.fr\/index.php\/2026\/03\/14\/comptine-etymologique-paquerette\/\",\"name\":\"Comptine \u00e9tymologique\u00a0: p\u00e2querette - La carte buissonni\u00e8re\",\"isPartOf\":{\"@id\":\"https:\/\/lacartebuissonniere.fr\/#website\"},\"primaryImageOfPage\":{\"@id\":\"https:\/\/lacartebuissonniere.fr\/index.php\/2026\/03\/14\/comptine-etymologique-paquerette\/#primaryimage\"},\"image\":{\"@id\":\"https:\/\/lacartebuissonniere.fr\/index.php\/2026\/03\/14\/comptine-etymologique-paquerette\/#primaryimage\"},\"thumbnailUrl\":\"https:\/\/lacartebuissonniere.fr\/wp-content\/uploads\/2026\/03\/DD94D4DA-08FF-4087-9920-8E0B1FCEB429_1_201_a-819x1024.jpeg\",\"datePublished\":\"2026-03-14T08:00:00+00:00\",\"dateModified\":\"2026-03-14T18:53:17+00:00\",\"breadcrumb\":{\"@id\":\"https:\/\/lacartebuissonniere.fr\/index.php\/2026\/03\/14\/comptine-etymologique-paquerette\/#breadcrumb\"},\"inLanguage\":\"fr-FR\",\"potentialAction\":[{\"@type\":\"ReadAction\",\"target\":[\"https:\/\/lacartebuissonniere.fr\/index.php\/2026\/03\/14\/comptine-etymologique-paquerette\/\"]}]},{\"@type\":\"ImageObject\",\"inLanguage\":\"fr-FR\",\"@id\":\"https:\/\/lacartebuissonniere.fr\/index.php\/2026\/03\/14\/comptine-etymologique-paquerette\/#primaryimage\",\"url\":\"https:\/\/lacartebuissonniere.fr\/wp-content\/uploads\/2026\/03\/DD94D4DA-08FF-4087-9920-8E0B1FCEB429_1_201_a.jpeg\",\"contentUrl\":\"https:\/\/lacartebuissonniere.fr\/wp-content\/uploads\/2026\/03\/DD94D4DA-08FF-4087-9920-8E0B1FCEB429_1_201_a.jpeg\",\"width\":1536,\"height\":1920},{\"@type\":\"BreadcrumbList\",\"@id\":\"https:\/\/lacartebuissonniere.fr\/index.php\/2026\/03\/14\/comptine-etymologique-paquerette\/#breadcrumb\",\"itemListElement\":[{\"@type\":\"ListItem\",\"position\":1,\"name\":\"Accueil\",\"item\":\"https:\/\/lacartebuissonniere.fr\/\"},{\"@type\":\"ListItem\",\"position\":2,\"name\":\"Comptine \u00e9tymologique\u00a0: p\u00e2querette\"}]},{\"@type\":\"WebSite\",\"@id\":\"https:\/\/lacartebuissonniere.fr\/#website\",\"url\":\"https:\/\/lacartebuissonniere.fr\/\",\"name\":\"La carte buissonni\u00e8re\",\"description\":\"\",\"publisher\":{\"@id\":\"https:\/\/lacartebuissonniere.fr\/#organization\"},\"potentialAction\":[{\"@type\":\"SearchAction\",\"target\":{\"@type\":\"EntryPoint\",\"urlTemplate\":\"https:\/\/lacartebuissonniere.fr\/?s={search_term_string}\"},\"query-input\":{\"@type\":\"PropertyValueSpecification\",\"valueRequired\":true,\"valueName\":\"search_term_string\"}}],\"inLanguage\":\"fr-FR\"},{\"@type\":\"Organization\",\"@id\":\"https:\/\/lacartebuissonniere.fr\/#organization\",\"name\":\"La carte buissonni\u00e8re\",\"url\":\"https:\/\/lacartebuissonniere.fr\/\",\"logo\":{\"@type\":\"ImageObject\",\"inLanguage\":\"fr-FR\",\"@id\":\"https:\/\/lacartebuissonniere.fr\/#\/schema\/logo\/image\/\",\"url\":\"https:\/\/lacartebuissonniere.fr\/wp-content\/uploads\/2022\/12\/Illustration-sans-titre.jpg\",\"contentUrl\":\"https:\/\/lacartebuissonniere.fr\/wp-content\/uploads\/2022\/12\/Illustration-sans-titre.jpg\",\"width\":637,\"height\":680,\"caption\":\"La carte buissonni\u00e8re\"},\"image\":{\"@id\":\"https:\/\/lacartebuissonniere.fr\/#\/schema\/logo\/image\/\"},\"sameAs\":[\"https:\/\/www.facebook.com\/lacartebuissonniere\/\",\"https:\/\/www.pinterest.fr\/DelphChabanne\/\"]},{\"@type\":\"Person\",\"@id\":\"https:\/\/lacartebuissonniere.fr\/#\/schema\/person\/4e60af809837a2287e4f6d4daaf7abd4\",\"name\":\"Carte buissonni\u00e8re\",\"image\":{\"@type\":\"ImageObject\",\"inLanguage\":\"fr-FR\",\"@id\":\"https:\/\/lacartebuissonniere.fr\/#\/schema\/person\/image\/\",\"url\":\"https:\/\/secure.gravatar.com\/avatar\/b543b5e0f093efbab3dfee8595bf9077ed504ab48ffeb378c9dc263381c278e6?s=96&d=mm&r=g\",\"contentUrl\":\"https:\/\/secure.gravatar.com\/avatar\/b543b5e0f093efbab3dfee8595bf9077ed504ab48ffeb378c9dc263381c278e6?s=96&d=mm&r=g\",\"caption\":\"Carte buissonni\u00e8re\"},\"sameAs\":[\"http:\/\/lacartebuissonniere.fr\"],\"url\":\"https:\/\/lacartebuissonniere.fr\/index.php\/author\/carteb\/\"}]}<\/script>\n<!-- \/ Yoast SEO plugin. -->","yoast_head_json":{"title":"Comptine \u00e9tymologique\u00a0: p\u00e2querette - La carte buissonni\u00e8re","robots":{"index":"index","follow":"follow","max-snippet":"max-snippet:-1","max-image-preview":"max-image-preview:large","max-video-preview":"max-video-preview:-1"},"canonical":"https:\/\/lacartebuissonniere.fr\/index.php\/2026\/03\/14\/comptine-etymologique-paquerette\/","og_locale":"fr_FR","og_type":"article","og_title":"Comptine \u00e9tymologique\u00a0: p\u00e2querette - La carte buissonni\u00e8re","og_description":"C\u2019est le jour de la p\u00e2querette dans le calendrier r\u00e9publicain\u00a0! La p\u00e2querette commune, Bellis perennis, est une petite plante vivace de la famille des Ast\u00e9rac\u00e9es, qui comprend \u00e9galement les marguerites et les pissenlits. Pour un botaniste, ce que l\u2019on consid\u00e8re commun\u00e9ment comme une fleur de p\u00e2querette est un capitule, un ensemble de fleurs pos\u00e9es sur [&hellip;]","og_url":"https:\/\/lacartebuissonniere.fr\/index.php\/2026\/03\/14\/comptine-etymologique-paquerette\/","og_site_name":"La carte buissonni\u00e8re","article_publisher":"https:\/\/www.facebook.com\/lacartebuissonniere\/","article_published_time":"2026-03-14T08:00:00+00:00","article_modified_time":"2026-03-14T18:53:17+00:00","og_image":[{"width":1536,"height":1920,"url":"https:\/\/lacartebuissonniere.fr\/wp-content\/uploads\/2026\/03\/DD94D4DA-08FF-4087-9920-8E0B1FCEB429_1_201_a.jpeg","type":"image\/jpeg"}],"author":"Carte buissonni\u00e8re","twitter_card":"summary_large_image","twitter_misc":{"\u00c9crit par":"Carte buissonni\u00e8re","Dur\u00e9e de lecture estim\u00e9e":"3 minutes"},"schema":{"@context":"https:\/\/schema.org","@graph":[{"@type":"Article","@id":"https:\/\/lacartebuissonniere.fr\/index.php\/2026\/03\/14\/comptine-etymologique-paquerette\/#article","isPartOf":{"@id":"https:\/\/lacartebuissonniere.fr\/index.php\/2026\/03\/14\/comptine-etymologique-paquerette\/"},"author":{"name":"Carte buissonni\u00e8re","@id":"https:\/\/lacartebuissonniere.fr\/#\/schema\/person\/4e60af809837a2287e4f6d4daaf7abd4"},"headline":"Comptine \u00e9tymologique\u00a0: p\u00e2querette","datePublished":"2026-03-14T08:00:00+00:00","dateModified":"2026-03-14T18:53:17+00:00","mainEntityOfPage":{"@id":"https:\/\/lacartebuissonniere.fr\/index.php\/2026\/03\/14\/comptine-etymologique-paquerette\/"},"wordCount":408,"commentCount":0,"publisher":{"@id":"https:\/\/lacartebuissonniere.fr\/#organization"},"image":{"@id":"https:\/\/lacartebuissonniere.fr\/index.php\/2026\/03\/14\/comptine-etymologique-paquerette\/#primaryimage"},"thumbnailUrl":"https:\/\/lacartebuissonniere.fr\/wp-content\/uploads\/2026\/03\/DD94D4DA-08FF-4087-9920-8E0B1FCEB429_1_201_a-819x1024.jpeg","articleSection":["FL\u00c2NERIES","Fl\u00e2neries botaniques","INFOS"],"inLanguage":"fr-FR","potentialAction":[{"@type":"CommentAction","name":"Comment","target":["https:\/\/lacartebuissonniere.fr\/index.php\/2026\/03\/14\/comptine-etymologique-paquerette\/#respond"]}]},{"@type":"WebPage","@id":"https:\/\/lacartebuissonniere.fr\/index.php\/2026\/03\/14\/comptine-etymologique-paquerette\/","url":"https:\/\/lacartebuissonniere.fr\/index.php\/2026\/03\/14\/comptine-etymologique-paquerette\/","name":"Comptine \u00e9tymologique\u00a0: p\u00e2querette - La carte buissonni\u00e8re","isPartOf":{"@id":"https:\/\/lacartebuissonniere.fr\/#website"},"primaryImageOfPage":{"@id":"https:\/\/lacartebuissonniere.fr\/index.php\/2026\/03\/14\/comptine-etymologique-paquerette\/#primaryimage"},"image":{"@id":"https:\/\/lacartebuissonniere.fr\/index.php\/2026\/03\/14\/comptine-etymologique-paquerette\/#primaryimage"},"thumbnailUrl":"https:\/\/lacartebuissonniere.fr\/wp-content\/uploads\/2026\/03\/DD94D4DA-08FF-4087-9920-8E0B1FCEB429_1_201_a-819x1024.jpeg","datePublished":"2026-03-14T08:00:00+00:00","dateModified":"2026-03-14T18:53:17+00:00","breadcrumb":{"@id":"https:\/\/lacartebuissonniere.fr\/index.php\/2026\/03\/14\/comptine-etymologique-paquerette\/#breadcrumb"},"inLanguage":"fr-FR","potentialAction":[{"@type":"ReadAction","target":["https:\/\/lacartebuissonniere.fr\/index.php\/2026\/03\/14\/comptine-etymologique-paquerette\/"]}]},{"@type":"ImageObject","inLanguage":"fr-FR","@id":"https:\/\/lacartebuissonniere.fr\/index.php\/2026\/03\/14\/comptine-etymologique-paquerette\/#primaryimage","url":"https:\/\/lacartebuissonniere.fr\/wp-content\/uploads\/2026\/03\/DD94D4DA-08FF-4087-9920-8E0B1FCEB429_1_201_a.jpeg","contentUrl":"https:\/\/lacartebuissonniere.fr\/wp-content\/uploads\/2026\/03\/DD94D4DA-08FF-4087-9920-8E0B1FCEB429_1_201_a.jpeg","width":1536,"height":1920},{"@type":"BreadcrumbList","@id":"https:\/\/lacartebuissonniere.fr\/index.php\/2026\/03\/14\/comptine-etymologique-paquerette\/#breadcrumb","itemListElement":[{"@type":"ListItem","position":1,"name":"Accueil","item":"https:\/\/lacartebuissonniere.fr\/"},{"@type":"ListItem","position":2,"name":"Comptine \u00e9tymologique\u00a0: p\u00e2querette"}]},{"@type":"WebSite","@id":"https:\/\/lacartebuissonniere.fr\/#website","url":"https:\/\/lacartebuissonniere.fr\/","name":"La carte buissonni\u00e8re","description":"","publisher":{"@id":"https:\/\/lacartebuissonniere.fr\/#organization"},"potentialAction":[{"@type":"SearchAction","target":{"@type":"EntryPoint","urlTemplate":"https:\/\/lacartebuissonniere.fr\/?s={search_term_string}"},"query-input":{"@type":"PropertyValueSpecification","valueRequired":true,"valueName":"search_term_string"}}],"inLanguage":"fr-FR"},{"@type":"Organization","@id":"https:\/\/lacartebuissonniere.fr\/#organization","name":"La carte buissonni\u00e8re","url":"https:\/\/lacartebuissonniere.fr\/","logo":{"@type":"ImageObject","inLanguage":"fr-FR","@id":"https:\/\/lacartebuissonniere.fr\/#\/schema\/logo\/image\/","url":"https:\/\/lacartebuissonniere.fr\/wp-content\/uploads\/2022\/12\/Illustration-sans-titre.jpg","contentUrl":"https:\/\/lacartebuissonniere.fr\/wp-content\/uploads\/2022\/12\/Illustration-sans-titre.jpg","width":637,"height":680,"caption":"La carte buissonni\u00e8re"},"image":{"@id":"https:\/\/lacartebuissonniere.fr\/#\/schema\/logo\/image\/"},"sameAs":["https:\/\/www.facebook.com\/lacartebuissonniere\/","https:\/\/www.pinterest.fr\/DelphChabanne\/"]},{"@type":"Person","@id":"https:\/\/lacartebuissonniere.fr\/#\/schema\/person\/4e60af809837a2287e4f6d4daaf7abd4","name":"Carte buissonni\u00e8re","image":{"@type":"ImageObject","inLanguage":"fr-FR","@id":"https:\/\/lacartebuissonniere.fr\/#\/schema\/person\/image\/","url":"https:\/\/secure.gravatar.com\/avatar\/b543b5e0f093efbab3dfee8595bf9077ed504ab48ffeb378c9dc263381c278e6?s=96&d=mm&r=g","contentUrl":"https:\/\/secure.gravatar.com\/avatar\/b543b5e0f093efbab3dfee8595bf9077ed504ab48ffeb378c9dc263381c278e6?s=96&d=mm&r=g","caption":"Carte buissonni\u00e8re"},"sameAs":["http:\/\/lacartebuissonniere.fr"],"url":"https:\/\/lacartebuissonniere.fr\/index.php\/author\/carteb\/"}]}},"_links":{"self":[{"href":"https:\/\/lacartebuissonniere.fr\/index.php\/wp-json\/wp\/v2\/posts\/8929","targetHints":{"allow":["GET"]}}],"collection":[{"href":"https:\/\/lacartebuissonniere.fr\/index.php\/wp-json\/wp\/v2\/posts"}],"about":[{"href":"https:\/\/lacartebuissonniere.fr\/index.php\/wp-json\/wp\/v2\/types\/post"}],"author":[{"embeddable":true,"href":"https:\/\/lacartebuissonniere.fr\/index.php\/wp-json\/wp\/v2\/users\/2"}],"replies":[{"embeddable":true,"href":"https:\/\/lacartebuissonniere.fr\/index.php\/wp-json\/wp\/v2\/comments?post=8929"}],"version-history":[{"count":2,"href":"https:\/\/lacartebuissonniere.fr\/index.php\/wp-json\/wp\/v2\/posts\/8929\/revisions"}],"predecessor-version":[{"id":8949,"href":"https:\/\/lacartebuissonniere.fr\/index.php\/wp-json\/wp\/v2\/posts\/8929\/revisions\/8949"}],"wp:attachment":[{"href":"https:\/\/lacartebuissonniere.fr\/index.php\/wp-json\/wp\/v2\/media?parent=8929"}],"wp:term":[{"taxonomy":"category","embeddable":true,"href":"https:\/\/lacartebuissonniere.fr\/index.php\/wp-json\/wp\/v2\/categories?post=8929"},{"taxonomy":"post_tag","embeddable":true,"href":"https:\/\/lacartebuissonniere.fr\/index.php\/wp-json\/wp\/v2\/tags?post=8929"}],"curies":[{"name":"wp","href":"https:\/\/api.w.org\/{rel}","templated":true}]}}