{"id":9139,"date":"2026-04-27T07:00:00","date_gmt":"2026-04-27T05:00:00","guid":{"rendered":"https:\/\/lacartebuissonniere.fr\/?p=9139"},"modified":"2026-04-24T21:27:37","modified_gmt":"2026-04-24T19:27:37","slug":"les-amanites-descher-une-petite-gravure-une-grande-enigme","status":"publish","type":"post","link":"https:\/\/lacartebuissonniere.fr\/index.php\/2026\/04\/27\/les-amanites-descher-une-petite-gravure-une-grande-enigme\/","title":{"rendered":"Les amanites d\u2019Escher : une petite gravure, une grande \u00e9nigme"},"content":{"rendered":"\n<p><\/p>\n\n\n\n<p>Apr\u00e8s la visite de l\u2019<a href=\"https:\/\/www.monnaiedeparis.fr\/fr\/exposition-mc-escher-paris\" target=\"_blank\" rel=\"noreferrer noopener\">exposition consacr\u00e9e \u00e0 Maurits Cornelis Escher \u00e0 la Monnaie de Paris<\/a>, une petite image m\u2019est rest\u00e9e longtemps en m\u00e9moire.<\/p>\n\n\n\n<p>Il s\u2019agit de cette gravure en noir et blanc, tr\u00e8s contrast\u00e9e, repr\u00e9sentant deux champignons accompagn\u00e9s d\u2019un court texte&nbsp;:<\/p>\n\n\n<div class=\"wp-block-image\">\n<figure class=\"aligncenter size-large\"><img loading=\"lazy\" decoding=\"async\" width=\"819\" height=\"1024\" src=\"https:\/\/lacartebuissonniere.fr\/wp-content\/uploads\/2026\/04\/BE936629-A4C7-4FDB-8AC3-52BFA59585E1_1_201_a-819x1024.jpg\" alt=\"\" class=\"wp-image-9140\" srcset=\"https:\/\/lacartebuissonniere.fr\/wp-content\/uploads\/2026\/04\/BE936629-A4C7-4FDB-8AC3-52BFA59585E1_1_201_a-819x1024.jpg 819w, https:\/\/lacartebuissonniere.fr\/wp-content\/uploads\/2026\/04\/BE936629-A4C7-4FDB-8AC3-52BFA59585E1_1_201_a-240x300.jpg 240w, https:\/\/lacartebuissonniere.fr\/wp-content\/uploads\/2026\/04\/BE936629-A4C7-4FDB-8AC3-52BFA59585E1_1_201_a-768x960.jpg 768w, https:\/\/lacartebuissonniere.fr\/wp-content\/uploads\/2026\/04\/BE936629-A4C7-4FDB-8AC3-52BFA59585E1_1_201_a-1229x1536.jpg 1229w, https:\/\/lacartebuissonniere.fr\/wp-content\/uploads\/2026\/04\/BE936629-A4C7-4FDB-8AC3-52BFA59585E1_1_201_a-1639x2048.jpg 1639w, https:\/\/lacartebuissonniere.fr\/wp-content\/uploads\/2026\/04\/BE936629-A4C7-4FDB-8AC3-52BFA59585E1_1_201_a-480x600.jpg 480w, https:\/\/lacartebuissonniere.fr\/wp-content\/uploads\/2026\/04\/BE936629-A4C7-4FDB-8AC3-52BFA59585E1_1_201_a-scaled.jpg 2048w\" sizes=\"auto, (max-width: 819px) 100vw, 819px\" \/><figcaption class=\"wp-element-caption\"><em>Emblemata XVI<\/em> (1931)<\/figcaption><\/figure>\n<\/div>\n\n\n<p><\/p>\n\n\n\n<p>Cette image appartient \u00e0 une s\u00e9rie de gravures sur bois intitul\u00e9e <em>Emblemata<\/em>. L\u2019ensemble comprend vingt-quatre \u00e9pigrammes, en n\u00e9erlandais, chacune introduite par une maxime en latin.<br>L\u2019objectif n\u2019est pas seulement esth\u00e9tique : il s\u2019agit de proposer une lecture symbolique du monde, o\u00f9 l\u2019image sert de point de d\u00e9part \u00e0 une r\u00e9flexion.<\/p>\n\n\n\n<p>Le sujet peut sembler trivial : de simples champignons, dessin\u00e9s avec une grande pr\u00e9cision.<br>Sauf que le champignon, c\u2019est l\u2019amanite tue-mouches, toxique et psychotrope.<br>Et que le catalogue de l\u2019exposition\u00a0propose les traductions suivantes pour la maxime et le quatrain :<\/p>\n\n\n\n<blockquote class=\"wp-block-quote is-layout-flow wp-block-quote-is-layout-flow\">\n<p>\u00ab&nbsp;De la pourriture humide je m\u2019\u00e9panouis \u00e0 nouveau avec gr\u00e2ce.<\/p>\n\n\n\n<p>Croissance secr\u00e8te,<br>H\u00e9ritage de la nuit,<br>Telle une \u00e9ponge je m\u2019\u00e9l\u00e8ve<br>Dans une beaut\u00e9 sereine.\u00a0\u00bb<\/p>\n<\/blockquote>\n\n\n\n<p>Le champignon appara\u00eet donc comme un organisme issu de la d\u00e9composition. Il pousse sur ce qui se d\u00e9sagr\u00e8ge, transformant la mati\u00e8re morte en forme \u00e9l\u00e9gante.<\/p>\n\n\n\n<p>Ce renversement ouvre plusieurs lectures :<\/p>\n\n\n\n<ul class=\"wp-block-list\">\n<li>Une lecture naturelle : le cycle de la vie, la transformation continue de la mati\u00e8re.<\/li>\n\n\n\n<li>Une lecture morale : ce qui est beau peut avoir une origine obscure ou inattendue.<\/li>\n\n\n\n<li>Une lecture plus ironique : la beaut\u00e9 n\u2019est jamais totalement innocente.<\/li>\n<\/ul>\n\n\n\n<p>C\u2019est cette ambigu\u00eft\u00e9 qui rend l\u2019image si marquante. Elle ne donne pas de r\u00e9ponse, mais installe une tension.<\/p>\n\n\n\n<p>On associe souvent Escher \u00e0 ses escaliers impossibles, ses mondes invers\u00e9s et ses pavages infinis. Cette \u0153uvre, moins connue, r\u00e9v\u00e8le une dimension plus contemplative.<br>Avant les paradoxes g\u00e9om\u00e9triques, il y a d\u00e9j\u00e0 chez lui une mani\u00e8re de penser en termes de contradictions : beaut\u00e9 et d\u00e9composition, ordre et transformation, forme et disparition.<\/p>\n\n\n\n<p>Ces champignons deviennent alors une premi\u00e8re variation sur un th\u00e8me qui traversera toute son \u0153uvre : celui des oppositions qui coexistent sans jamais se r\u00e9soudre compl\u00e8tement.<\/p>\n\n\n\n<p>En ce jour du champignon dans le calendrier r\u00e9publicain, j\u2019ai redonn\u00e9 \u00e0 l\u2019amanite sa couleur rouge pour l\u2019associer \u00e0 des feuilles de ginkgo&nbsp;:<\/p>\n\n\n\n<figure class=\"wp-block-gallery has-nested-images columns-default is-cropped wp-block-gallery-1 is-layout-flex wp-block-gallery-is-layout-flex\">\n<figure class=\"wp-block-image size-large\"><img loading=\"lazy\" decoding=\"async\" width=\"819\" height=\"1024\" data-id=\"9142\" src=\"https:\/\/lacartebuissonniere.fr\/wp-content\/uploads\/2026\/04\/9CD99C03-1DAF-40DF-84C0-A963DD2A3E70-819x1024.png\" alt=\"\" class=\"wp-image-9142\" srcset=\"https:\/\/lacartebuissonniere.fr\/wp-content\/uploads\/2026\/04\/9CD99C03-1DAF-40DF-84C0-A963DD2A3E70-819x1024.png 819w, https:\/\/lacartebuissonniere.fr\/wp-content\/uploads\/2026\/04\/9CD99C03-1DAF-40DF-84C0-A963DD2A3E70-240x300.png 240w, https:\/\/lacartebuissonniere.fr\/wp-content\/uploads\/2026\/04\/9CD99C03-1DAF-40DF-84C0-A963DD2A3E70-768x960.png 768w, https:\/\/lacartebuissonniere.fr\/wp-content\/uploads\/2026\/04\/9CD99C03-1DAF-40DF-84C0-A963DD2A3E70-480x600.png 480w, https:\/\/lacartebuissonniere.fr\/wp-content\/uploads\/2026\/04\/9CD99C03-1DAF-40DF-84C0-A963DD2A3E70.png 1080w\" sizes=\"auto, (max-width: 819px) 100vw, 819px\" \/><\/figure>\n\n\n\n<figure class=\"wp-block-image size-large\"><img loading=\"lazy\" decoding=\"async\" width=\"819\" height=\"1024\" data-id=\"9141\" src=\"https:\/\/lacartebuissonniere.fr\/wp-content\/uploads\/2026\/04\/4DD66577-138D-487C-BF88-C4ECE2FE70B0-819x1024.png\" alt=\"\" class=\"wp-image-9141\" srcset=\"https:\/\/lacartebuissonniere.fr\/wp-content\/uploads\/2026\/04\/4DD66577-138D-487C-BF88-C4ECE2FE70B0-819x1024.png 819w, https:\/\/lacartebuissonniere.fr\/wp-content\/uploads\/2026\/04\/4DD66577-138D-487C-BF88-C4ECE2FE70B0-240x300.png 240w, https:\/\/lacartebuissonniere.fr\/wp-content\/uploads\/2026\/04\/4DD66577-138D-487C-BF88-C4ECE2FE70B0-768x960.png 768w, https:\/\/lacartebuissonniere.fr\/wp-content\/uploads\/2026\/04\/4DD66577-138D-487C-BF88-C4ECE2FE70B0-480x600.png 480w, https:\/\/lacartebuissonniere.fr\/wp-content\/uploads\/2026\/04\/4DD66577-138D-487C-BF88-C4ECE2FE70B0.png 1080w\" sizes=\"auto, (max-width: 819px) 100vw, 819px\" \/><\/figure>\n<\/figure>\n\n\n\n<p><\/p>\n\n\n\n<p>Deux silhouettes imm\u00e9diatement reconnaissables : le champignon surgit de ce qui dispara\u00eet\u00a0; le ginkgo, lui, traverse le temps, jusqu\u2019\u00e0 rena\u00eetre l\u00e0 o\u00f9 tout semblait perdu.<br>Deux mani\u00e8res d\u2019habiter le monde, r\u00e9unies sur le m\u00eame papier.<\/p>\n\n\n\n<p><\/p>\n\n\n\n<p>Vous aimez les champignons&nbsp;? Vous aimerez \u00e9galement&nbsp;:<\/p>\n\n\n\n<p><a href=\"https:\/\/lacartebuissonniere.fr\/index.php\/2024\/04\/27\/sous-le-signe-du-champignon\/\" target=\"_blank\" rel=\"noreferrer noopener\">\u00ab\u00a0Sous le signe du champignon\u00a0\u00bb<\/a><\/p>\n\n\n\n<p><a href=\"https:\/\/lacartebuissonniere.fr\/index.php\/2025\/04\/27\/giant-triple-mushroom\/\" target=\"_blank\" rel=\"noreferrer noopener\">\u00ab Giant Triple Mushroom \u00bb<\/a><\/p>\n","protected":false},"excerpt":{"rendered":"<p>Apr\u00e8s la visite de l\u2019exposition consacr\u00e9e \u00e0 Maurits Cornelis Escher \u00e0 la Monnaie de Paris, une petite image m\u2019est rest\u00e9e longtemps en m\u00e9moire. Il s\u2019agit de cette gravure en noir et blanc, tr\u00e8s contrast\u00e9e, repr\u00e9sentant deux champignons accompagn\u00e9s d\u2019un court texte&nbsp;: Cette image appartient \u00e0 une s\u00e9rie de gravures sur bois intitul\u00e9e Emblemata. L\u2019ensemble comprend [&hellip;]<\/p>\n","protected":false},"author":2,"featured_media":0,"comment_status":"open","ping_status":"open","sticky":false,"template":"","format":"standard","meta":{"two_page_speed":[],"footnotes":""},"categories":[16,18],"tags":[],"class_list":["post-9139","post","type-post","status-publish","format-standard","hentry","category-flaneries","category-flaneries-culturelles","entry"],"yoast_head":"<!-- This site is optimized with the Yoast SEO plugin v25.4 - https:\/\/yoast.com\/wordpress\/plugins\/seo\/ -->\n<title>Les amanites d\u2019Escher : une petite gravure, une grande \u00e9nigme - La carte buissonni\u00e8re<\/title>\n<meta name=\"robots\" content=\"index, follow, max-snippet:-1, max-image-preview:large, max-video-preview:-1\" \/>\n<link rel=\"canonical\" href=\"https:\/\/lacartebuissonniere.fr\/index.php\/2026\/04\/27\/les-amanites-descher-une-petite-gravure-une-grande-enigme\/\" \/>\n<meta property=\"og:locale\" content=\"fr_FR\" \/>\n<meta property=\"og:type\" content=\"article\" \/>\n<meta property=\"og:title\" content=\"Les amanites d\u2019Escher : une petite gravure, une grande \u00e9nigme - La carte buissonni\u00e8re\" \/>\n<meta property=\"og:description\" content=\"Apr\u00e8s la visite de l\u2019exposition consacr\u00e9e \u00e0 Maurits Cornelis Escher \u00e0 la Monnaie de Paris, une petite image m\u2019est rest\u00e9e longtemps en m\u00e9moire. Il s\u2019agit de cette gravure en noir et blanc, tr\u00e8s contrast\u00e9e, repr\u00e9sentant deux champignons accompagn\u00e9s d\u2019un court texte&nbsp;: Cette image appartient \u00e0 une s\u00e9rie de gravures sur bois intitul\u00e9e Emblemata. L\u2019ensemble comprend [&hellip;]\" \/>\n<meta property=\"og:url\" content=\"https:\/\/lacartebuissonniere.fr\/index.php\/2026\/04\/27\/les-amanites-descher-une-petite-gravure-une-grande-enigme\/\" \/>\n<meta property=\"og:site_name\" content=\"La carte buissonni\u00e8re\" \/>\n<meta property=\"article:publisher\" content=\"https:\/\/www.facebook.com\/lacartebuissonniere\/\" \/>\n<meta property=\"article:published_time\" content=\"2026-04-27T05:00:00+00:00\" \/>\n<meta name=\"author\" content=\"Carte buissonni\u00e8re\" \/>\n<meta name=\"twitter:card\" content=\"summary_large_image\" \/>\n<meta name=\"twitter:label1\" content=\"\u00c9crit par\" \/>\n\t<meta name=\"twitter:data1\" content=\"Carte buissonni\u00e8re\" \/>\n\t<meta name=\"twitter:label2\" content=\"Dur\u00e9e de lecture estim\u00e9e\" \/>\n\t<meta name=\"twitter:data2\" content=\"3 minutes\" \/>\n<script type=\"application\/ld+json\" class=\"yoast-schema-graph\">{\"@context\":\"https:\/\/schema.org\",\"@graph\":[{\"@type\":\"Article\",\"@id\":\"https:\/\/lacartebuissonniere.fr\/index.php\/2026\/04\/27\/les-amanites-descher-une-petite-gravure-une-grande-enigme\/#article\",\"isPartOf\":{\"@id\":\"https:\/\/lacartebuissonniere.fr\/index.php\/2026\/04\/27\/les-amanites-descher-une-petite-gravure-une-grande-enigme\/\"},\"author\":{\"name\":\"Carte buissonni\u00e8re\",\"@id\":\"https:\/\/lacartebuissonniere.fr\/#\/schema\/person\/4e60af809837a2287e4f6d4daaf7abd4\"},\"headline\":\"Les amanites d\u2019Escher : une petite gravure, une grande \u00e9nigme\",\"datePublished\":\"2026-04-27T05:00:00+00:00\",\"mainEntityOfPage\":{\"@id\":\"https:\/\/lacartebuissonniere.fr\/index.php\/2026\/04\/27\/les-amanites-descher-une-petite-gravure-une-grande-enigme\/\"},\"wordCount\":465,\"commentCount\":0,\"publisher\":{\"@id\":\"https:\/\/lacartebuissonniere.fr\/#organization\"},\"image\":{\"@id\":\"https:\/\/lacartebuissonniere.fr\/index.php\/2026\/04\/27\/les-amanites-descher-une-petite-gravure-une-grande-enigme\/#primaryimage\"},\"thumbnailUrl\":\"https:\/\/lacartebuissonniere.fr\/wp-content\/uploads\/2026\/04\/BE936629-A4C7-4FDB-8AC3-52BFA59585E1_1_201_a-819x1024.jpg\",\"articleSection\":[\"FL\u00c2NERIES\",\"Fl\u00e2neries culturelles\"],\"inLanguage\":\"fr-FR\",\"potentialAction\":[{\"@type\":\"CommentAction\",\"name\":\"Comment\",\"target\":[\"https:\/\/lacartebuissonniere.fr\/index.php\/2026\/04\/27\/les-amanites-descher-une-petite-gravure-une-grande-enigme\/#respond\"]}]},{\"@type\":\"WebPage\",\"@id\":\"https:\/\/lacartebuissonniere.fr\/index.php\/2026\/04\/27\/les-amanites-descher-une-petite-gravure-une-grande-enigme\/\",\"url\":\"https:\/\/lacartebuissonniere.fr\/index.php\/2026\/04\/27\/les-amanites-descher-une-petite-gravure-une-grande-enigme\/\",\"name\":\"Les amanites d\u2019Escher : une petite gravure, une grande \u00e9nigme - La carte buissonni\u00e8re\",\"isPartOf\":{\"@id\":\"https:\/\/lacartebuissonniere.fr\/#website\"},\"primaryImageOfPage\":{\"@id\":\"https:\/\/lacartebuissonniere.fr\/index.php\/2026\/04\/27\/les-amanites-descher-une-petite-gravure-une-grande-enigme\/#primaryimage\"},\"image\":{\"@id\":\"https:\/\/lacartebuissonniere.fr\/index.php\/2026\/04\/27\/les-amanites-descher-une-petite-gravure-une-grande-enigme\/#primaryimage\"},\"thumbnailUrl\":\"https:\/\/lacartebuissonniere.fr\/wp-content\/uploads\/2026\/04\/BE936629-A4C7-4FDB-8AC3-52BFA59585E1_1_201_a-819x1024.jpg\",\"datePublished\":\"2026-04-27T05:00:00+00:00\",\"breadcrumb\":{\"@id\":\"https:\/\/lacartebuissonniere.fr\/index.php\/2026\/04\/27\/les-amanites-descher-une-petite-gravure-une-grande-enigme\/#breadcrumb\"},\"inLanguage\":\"fr-FR\",\"potentialAction\":[{\"@type\":\"ReadAction\",\"target\":[\"https:\/\/lacartebuissonniere.fr\/index.php\/2026\/04\/27\/les-amanites-descher-une-petite-gravure-une-grande-enigme\/\"]}]},{\"@type\":\"ImageObject\",\"inLanguage\":\"fr-FR\",\"@id\":\"https:\/\/lacartebuissonniere.fr\/index.php\/2026\/04\/27\/les-amanites-descher-une-petite-gravure-une-grande-enigme\/#primaryimage\",\"url\":\"https:\/\/lacartebuissonniere.fr\/wp-content\/uploads\/2026\/04\/BE936629-A4C7-4FDB-8AC3-52BFA59585E1_1_201_a-scaled.jpg\",\"contentUrl\":\"https:\/\/lacartebuissonniere.fr\/wp-content\/uploads\/2026\/04\/BE936629-A4C7-4FDB-8AC3-52BFA59585E1_1_201_a-scaled.jpg\",\"width\":2048,\"height\":2560},{\"@type\":\"BreadcrumbList\",\"@id\":\"https:\/\/lacartebuissonniere.fr\/index.php\/2026\/04\/27\/les-amanites-descher-une-petite-gravure-une-grande-enigme\/#breadcrumb\",\"itemListElement\":[{\"@type\":\"ListItem\",\"position\":1,\"name\":\"Accueil\",\"item\":\"https:\/\/lacartebuissonniere.fr\/\"},{\"@type\":\"ListItem\",\"position\":2,\"name\":\"Les amanites d\u2019Escher : une petite gravure, une grande \u00e9nigme\"}]},{\"@type\":\"WebSite\",\"@id\":\"https:\/\/lacartebuissonniere.fr\/#website\",\"url\":\"https:\/\/lacartebuissonniere.fr\/\",\"name\":\"La carte buissonni\u00e8re\",\"description\":\"\",\"publisher\":{\"@id\":\"https:\/\/lacartebuissonniere.fr\/#organization\"},\"potentialAction\":[{\"@type\":\"SearchAction\",\"target\":{\"@type\":\"EntryPoint\",\"urlTemplate\":\"https:\/\/lacartebuissonniere.fr\/?s={search_term_string}\"},\"query-input\":{\"@type\":\"PropertyValueSpecification\",\"valueRequired\":true,\"valueName\":\"search_term_string\"}}],\"inLanguage\":\"fr-FR\"},{\"@type\":\"Organization\",\"@id\":\"https:\/\/lacartebuissonniere.fr\/#organization\",\"name\":\"La carte buissonni\u00e8re\",\"url\":\"https:\/\/lacartebuissonniere.fr\/\",\"logo\":{\"@type\":\"ImageObject\",\"inLanguage\":\"fr-FR\",\"@id\":\"https:\/\/lacartebuissonniere.fr\/#\/schema\/logo\/image\/\",\"url\":\"https:\/\/lacartebuissonniere.fr\/wp-content\/uploads\/2022\/12\/Illustration-sans-titre.jpg\",\"contentUrl\":\"https:\/\/lacartebuissonniere.fr\/wp-content\/uploads\/2022\/12\/Illustration-sans-titre.jpg\",\"width\":637,\"height\":680,\"caption\":\"La carte buissonni\u00e8re\"},\"image\":{\"@id\":\"https:\/\/lacartebuissonniere.fr\/#\/schema\/logo\/image\/\"},\"sameAs\":[\"https:\/\/www.facebook.com\/lacartebuissonniere\/\",\"https:\/\/www.pinterest.fr\/DelphChabanne\/\"]},{\"@type\":\"Person\",\"@id\":\"https:\/\/lacartebuissonniere.fr\/#\/schema\/person\/4e60af809837a2287e4f6d4daaf7abd4\",\"name\":\"Carte buissonni\u00e8re\",\"image\":{\"@type\":\"ImageObject\",\"inLanguage\":\"fr-FR\",\"@id\":\"https:\/\/lacartebuissonniere.fr\/#\/schema\/person\/image\/\",\"url\":\"https:\/\/secure.gravatar.com\/avatar\/b543b5e0f093efbab3dfee8595bf9077ed504ab48ffeb378c9dc263381c278e6?s=96&d=mm&r=g\",\"contentUrl\":\"https:\/\/secure.gravatar.com\/avatar\/b543b5e0f093efbab3dfee8595bf9077ed504ab48ffeb378c9dc263381c278e6?s=96&d=mm&r=g\",\"caption\":\"Carte buissonni\u00e8re\"},\"sameAs\":[\"http:\/\/lacartebuissonniere.fr\"],\"url\":\"https:\/\/lacartebuissonniere.fr\/index.php\/author\/carteb\/\"}]}<\/script>\n<!-- \/ Yoast SEO plugin. -->","yoast_head_json":{"title":"Les amanites d\u2019Escher : une petite gravure, une grande \u00e9nigme - La carte buissonni\u00e8re","robots":{"index":"index","follow":"follow","max-snippet":"max-snippet:-1","max-image-preview":"max-image-preview:large","max-video-preview":"max-video-preview:-1"},"canonical":"https:\/\/lacartebuissonniere.fr\/index.php\/2026\/04\/27\/les-amanites-descher-une-petite-gravure-une-grande-enigme\/","og_locale":"fr_FR","og_type":"article","og_title":"Les amanites d\u2019Escher : une petite gravure, une grande \u00e9nigme - La carte buissonni\u00e8re","og_description":"Apr\u00e8s la visite de l\u2019exposition consacr\u00e9e \u00e0 Maurits Cornelis Escher \u00e0 la Monnaie de Paris, une petite image m\u2019est rest\u00e9e longtemps en m\u00e9moire. Il s\u2019agit de cette gravure en noir et blanc, tr\u00e8s contrast\u00e9e, repr\u00e9sentant deux champignons accompagn\u00e9s d\u2019un court texte&nbsp;: Cette image appartient \u00e0 une s\u00e9rie de gravures sur bois intitul\u00e9e Emblemata. L\u2019ensemble comprend [&hellip;]","og_url":"https:\/\/lacartebuissonniere.fr\/index.php\/2026\/04\/27\/les-amanites-descher-une-petite-gravure-une-grande-enigme\/","og_site_name":"La carte buissonni\u00e8re","article_publisher":"https:\/\/www.facebook.com\/lacartebuissonniere\/","article_published_time":"2026-04-27T05:00:00+00:00","author":"Carte buissonni\u00e8re","twitter_card":"summary_large_image","twitter_misc":{"\u00c9crit par":"Carte buissonni\u00e8re","Dur\u00e9e de lecture estim\u00e9e":"3 minutes"},"schema":{"@context":"https:\/\/schema.org","@graph":[{"@type":"Article","@id":"https:\/\/lacartebuissonniere.fr\/index.php\/2026\/04\/27\/les-amanites-descher-une-petite-gravure-une-grande-enigme\/#article","isPartOf":{"@id":"https:\/\/lacartebuissonniere.fr\/index.php\/2026\/04\/27\/les-amanites-descher-une-petite-gravure-une-grande-enigme\/"},"author":{"name":"Carte buissonni\u00e8re","@id":"https:\/\/lacartebuissonniere.fr\/#\/schema\/person\/4e60af809837a2287e4f6d4daaf7abd4"},"headline":"Les amanites d\u2019Escher : une petite gravure, une grande \u00e9nigme","datePublished":"2026-04-27T05:00:00+00:00","mainEntityOfPage":{"@id":"https:\/\/lacartebuissonniere.fr\/index.php\/2026\/04\/27\/les-amanites-descher-une-petite-gravure-une-grande-enigme\/"},"wordCount":465,"commentCount":0,"publisher":{"@id":"https:\/\/lacartebuissonniere.fr\/#organization"},"image":{"@id":"https:\/\/lacartebuissonniere.fr\/index.php\/2026\/04\/27\/les-amanites-descher-une-petite-gravure-une-grande-enigme\/#primaryimage"},"thumbnailUrl":"https:\/\/lacartebuissonniere.fr\/wp-content\/uploads\/2026\/04\/BE936629-A4C7-4FDB-8AC3-52BFA59585E1_1_201_a-819x1024.jpg","articleSection":["FL\u00c2NERIES","Fl\u00e2neries culturelles"],"inLanguage":"fr-FR","potentialAction":[{"@type":"CommentAction","name":"Comment","target":["https:\/\/lacartebuissonniere.fr\/index.php\/2026\/04\/27\/les-amanites-descher-une-petite-gravure-une-grande-enigme\/#respond"]}]},{"@type":"WebPage","@id":"https:\/\/lacartebuissonniere.fr\/index.php\/2026\/04\/27\/les-amanites-descher-une-petite-gravure-une-grande-enigme\/","url":"https:\/\/lacartebuissonniere.fr\/index.php\/2026\/04\/27\/les-amanites-descher-une-petite-gravure-une-grande-enigme\/","name":"Les amanites d\u2019Escher : une petite gravure, une grande \u00e9nigme - La carte buissonni\u00e8re","isPartOf":{"@id":"https:\/\/lacartebuissonniere.fr\/#website"},"primaryImageOfPage":{"@id":"https:\/\/lacartebuissonniere.fr\/index.php\/2026\/04\/27\/les-amanites-descher-une-petite-gravure-une-grande-enigme\/#primaryimage"},"image":{"@id":"https:\/\/lacartebuissonniere.fr\/index.php\/2026\/04\/27\/les-amanites-descher-une-petite-gravure-une-grande-enigme\/#primaryimage"},"thumbnailUrl":"https:\/\/lacartebuissonniere.fr\/wp-content\/uploads\/2026\/04\/BE936629-A4C7-4FDB-8AC3-52BFA59585E1_1_201_a-819x1024.jpg","datePublished":"2026-04-27T05:00:00+00:00","breadcrumb":{"@id":"https:\/\/lacartebuissonniere.fr\/index.php\/2026\/04\/27\/les-amanites-descher-une-petite-gravure-une-grande-enigme\/#breadcrumb"},"inLanguage":"fr-FR","potentialAction":[{"@type":"ReadAction","target":["https:\/\/lacartebuissonniere.fr\/index.php\/2026\/04\/27\/les-amanites-descher-une-petite-gravure-une-grande-enigme\/"]}]},{"@type":"ImageObject","inLanguage":"fr-FR","@id":"https:\/\/lacartebuissonniere.fr\/index.php\/2026\/04\/27\/les-amanites-descher-une-petite-gravure-une-grande-enigme\/#primaryimage","url":"https:\/\/lacartebuissonniere.fr\/wp-content\/uploads\/2026\/04\/BE936629-A4C7-4FDB-8AC3-52BFA59585E1_1_201_a-scaled.jpg","contentUrl":"https:\/\/lacartebuissonniere.fr\/wp-content\/uploads\/2026\/04\/BE936629-A4C7-4FDB-8AC3-52BFA59585E1_1_201_a-scaled.jpg","width":2048,"height":2560},{"@type":"BreadcrumbList","@id":"https:\/\/lacartebuissonniere.fr\/index.php\/2026\/04\/27\/les-amanites-descher-une-petite-gravure-une-grande-enigme\/#breadcrumb","itemListElement":[{"@type":"ListItem","position":1,"name":"Accueil","item":"https:\/\/lacartebuissonniere.fr\/"},{"@type":"ListItem","position":2,"name":"Les amanites d\u2019Escher : une petite gravure, une grande \u00e9nigme"}]},{"@type":"WebSite","@id":"https:\/\/lacartebuissonniere.fr\/#website","url":"https:\/\/lacartebuissonniere.fr\/","name":"La carte buissonni\u00e8re","description":"","publisher":{"@id":"https:\/\/lacartebuissonniere.fr\/#organization"},"potentialAction":[{"@type":"SearchAction","target":{"@type":"EntryPoint","urlTemplate":"https:\/\/lacartebuissonniere.fr\/?s={search_term_string}"},"query-input":{"@type":"PropertyValueSpecification","valueRequired":true,"valueName":"search_term_string"}}],"inLanguage":"fr-FR"},{"@type":"Organization","@id":"https:\/\/lacartebuissonniere.fr\/#organization","name":"La carte buissonni\u00e8re","url":"https:\/\/lacartebuissonniere.fr\/","logo":{"@type":"ImageObject","inLanguage":"fr-FR","@id":"https:\/\/lacartebuissonniere.fr\/#\/schema\/logo\/image\/","url":"https:\/\/lacartebuissonniere.fr\/wp-content\/uploads\/2022\/12\/Illustration-sans-titre.jpg","contentUrl":"https:\/\/lacartebuissonniere.fr\/wp-content\/uploads\/2022\/12\/Illustration-sans-titre.jpg","width":637,"height":680,"caption":"La carte buissonni\u00e8re"},"image":{"@id":"https:\/\/lacartebuissonniere.fr\/#\/schema\/logo\/image\/"},"sameAs":["https:\/\/www.facebook.com\/lacartebuissonniere\/","https:\/\/www.pinterest.fr\/DelphChabanne\/"]},{"@type":"Person","@id":"https:\/\/lacartebuissonniere.fr\/#\/schema\/person\/4e60af809837a2287e4f6d4daaf7abd4","name":"Carte buissonni\u00e8re","image":{"@type":"ImageObject","inLanguage":"fr-FR","@id":"https:\/\/lacartebuissonniere.fr\/#\/schema\/person\/image\/","url":"https:\/\/secure.gravatar.com\/avatar\/b543b5e0f093efbab3dfee8595bf9077ed504ab48ffeb378c9dc263381c278e6?s=96&d=mm&r=g","contentUrl":"https:\/\/secure.gravatar.com\/avatar\/b543b5e0f093efbab3dfee8595bf9077ed504ab48ffeb378c9dc263381c278e6?s=96&d=mm&r=g","caption":"Carte buissonni\u00e8re"},"sameAs":["http:\/\/lacartebuissonniere.fr"],"url":"https:\/\/lacartebuissonniere.fr\/index.php\/author\/carteb\/"}]}},"_links":{"self":[{"href":"https:\/\/lacartebuissonniere.fr\/index.php\/wp-json\/wp\/v2\/posts\/9139","targetHints":{"allow":["GET"]}}],"collection":[{"href":"https:\/\/lacartebuissonniere.fr\/index.php\/wp-json\/wp\/v2\/posts"}],"about":[{"href":"https:\/\/lacartebuissonniere.fr\/index.php\/wp-json\/wp\/v2\/types\/post"}],"author":[{"embeddable":true,"href":"https:\/\/lacartebuissonniere.fr\/index.php\/wp-json\/wp\/v2\/users\/2"}],"replies":[{"embeddable":true,"href":"https:\/\/lacartebuissonniere.fr\/index.php\/wp-json\/wp\/v2\/comments?post=9139"}],"version-history":[{"count":1,"href":"https:\/\/lacartebuissonniere.fr\/index.php\/wp-json\/wp\/v2\/posts\/9139\/revisions"}],"predecessor-version":[{"id":9144,"href":"https:\/\/lacartebuissonniere.fr\/index.php\/wp-json\/wp\/v2\/posts\/9139\/revisions\/9144"}],"wp:attachment":[{"href":"https:\/\/lacartebuissonniere.fr\/index.php\/wp-json\/wp\/v2\/media?parent=9139"}],"wp:term":[{"taxonomy":"category","embeddable":true,"href":"https:\/\/lacartebuissonniere.fr\/index.php\/wp-json\/wp\/v2\/categories?post=9139"},{"taxonomy":"post_tag","embeddable":true,"href":"https:\/\/lacartebuissonniere.fr\/index.php\/wp-json\/wp\/v2\/tags?post=9139"}],"curies":[{"name":"wp","href":"https:\/\/api.w.org\/{rel}","templated":true}]}}