{"id":9548,"date":"2026-09-02T07:00:00","date_gmt":"2026-09-02T05:00:00","guid":{"rendered":"https:\/\/lacartebuissonniere.fr\/?p=9548"},"modified":"2026-07-28T15:33:55","modified_gmt":"2026-07-28T13:33:55","slug":"les-metamorphoses-du-citron","status":"publish","type":"post","link":"https:\/\/lacartebuissonniere.fr\/index.php\/2026\/09\/02\/les-metamorphoses-du-citron\/","title":{"rendered":"Les m\u00e9tamorphoses du citron"},"content":{"rendered":"\n<p class=\"wp-block-paragraph\"><\/p>\n\n\n\n<p class=\"wp-block-paragraph\">J\u2019ai d\u00e9couvert Veks Van Hillik et son bestiaire fabuleux au hasard d\u2019une promenade \u00e0 l\u2019automne 2023.<\/p>\n\n\n\n<p class=\"wp-block-paragraph\">Le M.U.R. Bastille accueillait alors sa spectaculaire \u00ab&nbsp;Nature vivante au citron&nbsp;\u00bb&nbsp;:<\/p>\n\n\n<div class=\"wp-block-image\">\n<figure class=\"aligncenter size-large\"><img loading=\"lazy\" decoding=\"async\" width=\"819\" height=\"1024\" src=\"https:\/\/lacartebuissonniere.fr\/wp-content\/uploads\/2026\/07\/8877A747-5F20-420E-B6B0-5DF26244F8E3_1_201_a-819x1024.jpeg\" alt=\"\" class=\"wp-image-9549\" srcset=\"https:\/\/lacartebuissonniere.fr\/wp-content\/uploads\/2026\/07\/8877A747-5F20-420E-B6B0-5DF26244F8E3_1_201_a-819x1024.jpeg 819w, https:\/\/lacartebuissonniere.fr\/wp-content\/uploads\/2026\/07\/8877A747-5F20-420E-B6B0-5DF26244F8E3_1_201_a-240x300.jpeg 240w, https:\/\/lacartebuissonniere.fr\/wp-content\/uploads\/2026\/07\/8877A747-5F20-420E-B6B0-5DF26244F8E3_1_201_a-768x960.jpeg 768w, https:\/\/lacartebuissonniere.fr\/wp-content\/uploads\/2026\/07\/8877A747-5F20-420E-B6B0-5DF26244F8E3_1_201_a-1229x1536.jpeg 1229w, https:\/\/lacartebuissonniere.fr\/wp-content\/uploads\/2026\/07\/8877A747-5F20-420E-B6B0-5DF26244F8E3_1_201_a-480x600.jpeg 480w, https:\/\/lacartebuissonniere.fr\/wp-content\/uploads\/2026\/07\/8877A747-5F20-420E-B6B0-5DF26244F8E3_1_201_a.jpeg 1300w\" sizes=\"auto, (max-width: 819px) 100vw, 819px\" \/><\/figure>\n<\/div>\n\n\n<p class=\"wp-block-paragraph\"><\/p>\n\n\n\n<p class=\"wp-block-paragraph\">Moi qui adore les natures mortes des peintres du Si\u00e8cle d\u2019or hollandais et leurs superbes citrons \u00e0 la pelure en spirale, je suis rest\u00e9e subjugu\u00e9e.<\/p>\n\n\n\n<figure class=\"wp-block-gallery has-nested-images columns-default is-cropped wp-block-gallery-1 is-layout-flex wp-block-gallery-is-layout-flex\">\n<figure class=\"wp-block-image size-large\"><img loading=\"lazy\" decoding=\"async\" width=\"560\" height=\"399\" data-id=\"9551\" src=\"https:\/\/lacartebuissonniere.fr\/wp-content\/uploads\/2026\/07\/99E58180-A180-4FF7-AF85-E95C0CA1E622_1_201_a.jpeg\" alt=\"\" class=\"wp-image-9551\" srcset=\"https:\/\/lacartebuissonniere.fr\/wp-content\/uploads\/2026\/07\/99E58180-A180-4FF7-AF85-E95C0CA1E622_1_201_a.jpeg 560w, https:\/\/lacartebuissonniere.fr\/wp-content\/uploads\/2026\/07\/99E58180-A180-4FF7-AF85-E95C0CA1E622_1_201_a-300x214.jpeg 300w\" sizes=\"auto, (max-width: 560px) 100vw, 560px\" \/><\/figure>\n\n\n\n<figure class=\"wp-block-image size-large\"><img loading=\"lazy\" decoding=\"async\" width=\"1024\" height=\"740\" data-id=\"9550\" src=\"https:\/\/lacartebuissonniere.fr\/wp-content\/uploads\/2026\/07\/CDCB513A-15F5-4ACD-BB80-32C58AB9458D_1_105_c-1024x740.jpeg\" alt=\"\" class=\"wp-image-9550\" srcset=\"https:\/\/lacartebuissonniere.fr\/wp-content\/uploads\/2026\/07\/CDCB513A-15F5-4ACD-BB80-32C58AB9458D_1_105_c-1024x740.jpeg 1024w, https:\/\/lacartebuissonniere.fr\/wp-content\/uploads\/2026\/07\/CDCB513A-15F5-4ACD-BB80-32C58AB9458D_1_105_c-300x217.jpeg 300w, https:\/\/lacartebuissonniere.fr\/wp-content\/uploads\/2026\/07\/CDCB513A-15F5-4ACD-BB80-32C58AB9458D_1_105_c-768x555.jpeg 768w, https:\/\/lacartebuissonniere.fr\/wp-content\/uploads\/2026\/07\/CDCB513A-15F5-4ACD-BB80-32C58AB9458D_1_105_c-600x433.jpeg 600w, https:\/\/lacartebuissonniere.fr\/wp-content\/uploads\/2026\/07\/CDCB513A-15F5-4ACD-BB80-32C58AB9458D_1_105_c.jpeg 1044w\" sizes=\"auto, (max-width: 1024px) 100vw, 1024px\" \/><\/figure>\n<figcaption class=\"blocks-gallery-caption wp-element-caption\">Pieter Claesz<\/figcaption><\/figure>\n\n\n\n<p class=\"wp-block-paragraph\">Au XVII\u1d49 si\u00e8cle, on parlait de <em>stilleven<\/em>, \u00ab vie immobile \u00bb. Veks Van Hillik en reprend les codes tout en y d\u00e9ployant un imaginaire surr\u00e9aliste : un bras devenu branche, un aileron qui se fait papillon, des ramifications fleuries s\u2019\u00e9chappant de la gueule d\u2019un maquereau.<\/p>\n\n\n\n<p class=\"wp-block-paragraph\">L\u2019expression \u00ab&nbsp;nature vivante&nbsp;\u00bb, plut\u00f4t que \u00ab&nbsp;nature morte&nbsp;\u00bb ne doit \u00e9videmment rien au hasard. Elle convient d\u2019ailleurs \u00e0 bien d\u2019autres \u0153uvres de l\u2019artiste.<\/p>\n\n\n\n<p class=\"wp-block-paragraph\">Sur cette toile, le citron prend la forme d\u2019un poisson \u00e0 l\u2019\u0153il dor\u00e9 inquiet de son sort, comme l\u2019indique le titre plein d\u2019humour \u00ab&nbsp;Si je ne bouge pas&nbsp;\u00bb&nbsp;:<\/p>\n\n\n<div class=\"wp-block-image\">\n<figure class=\"aligncenter size-large\"><img loading=\"lazy\" decoding=\"async\" width=\"1018\" height=\"1024\" src=\"https:\/\/lacartebuissonniere.fr\/wp-content\/uploads\/2026\/07\/8703DFAC-2C60-42B3-B72C-7981CC09D09E_1_201_a-1018x1024.jpeg\" alt=\"\" class=\"wp-image-9552\" srcset=\"https:\/\/lacartebuissonniere.fr\/wp-content\/uploads\/2026\/07\/8703DFAC-2C60-42B3-B72C-7981CC09D09E_1_201_a-1018x1024.jpeg 1018w, https:\/\/lacartebuissonniere.fr\/wp-content\/uploads\/2026\/07\/8703DFAC-2C60-42B3-B72C-7981CC09D09E_1_201_a-298x300.jpeg 298w, https:\/\/lacartebuissonniere.fr\/wp-content\/uploads\/2026\/07\/8703DFAC-2C60-42B3-B72C-7981CC09D09E_1_201_a-150x150.jpeg 150w, https:\/\/lacartebuissonniere.fr\/wp-content\/uploads\/2026\/07\/8703DFAC-2C60-42B3-B72C-7981CC09D09E_1_201_a-768x772.jpeg 768w, https:\/\/lacartebuissonniere.fr\/wp-content\/uploads\/2026\/07\/8703DFAC-2C60-42B3-B72C-7981CC09D09E_1_201_a-1527x1536.jpeg 1527w, https:\/\/lacartebuissonniere.fr\/wp-content\/uploads\/2026\/07\/8703DFAC-2C60-42B3-B72C-7981CC09D09E_1_201_a-597x600.jpeg 597w, https:\/\/lacartebuissonniere.fr\/wp-content\/uploads\/2026\/07\/8703DFAC-2C60-42B3-B72C-7981CC09D09E_1_201_a.jpeg 1720w\" sizes=\"auto, (max-width: 1018px) 100vw, 1018px\" \/><\/figure>\n<\/div>\n\n\n<p class=\"wp-block-paragraph\"><\/p>\n\n\n\n<p class=\"wp-block-paragraph\">Le citron\u00a0? Ou plut\u00f4t le \u00ab\u00a0Poissitron\u00a0\u00bb, comme l\u2019annonce le titre d\u2019une autre toile\u00a0:<\/p>\n\n\n<div class=\"wp-block-image\">\n<figure class=\"aligncenter size-large\"><img loading=\"lazy\" decoding=\"async\" width=\"1017\" height=\"1024\" src=\"https:\/\/lacartebuissonniere.fr\/wp-content\/uploads\/2026\/07\/760CACEF-A637-44EE-8753-58D4FE7913DB-1-1017x1024.png\" alt=\"\" class=\"wp-image-9554\" srcset=\"https:\/\/lacartebuissonniere.fr\/wp-content\/uploads\/2026\/07\/760CACEF-A637-44EE-8753-58D4FE7913DB-1-1017x1024.png 1017w, https:\/\/lacartebuissonniere.fr\/wp-content\/uploads\/2026\/07\/760CACEF-A637-44EE-8753-58D4FE7913DB-1-298x300.png 298w, https:\/\/lacartebuissonniere.fr\/wp-content\/uploads\/2026\/07\/760CACEF-A637-44EE-8753-58D4FE7913DB-1-150x150.png 150w, https:\/\/lacartebuissonniere.fr\/wp-content\/uploads\/2026\/07\/760CACEF-A637-44EE-8753-58D4FE7913DB-1-768x773.png 768w, https:\/\/lacartebuissonniere.fr\/wp-content\/uploads\/2026\/07\/760CACEF-A637-44EE-8753-58D4FE7913DB-1-1525x1536.png 1525w, https:\/\/lacartebuissonniere.fr\/wp-content\/uploads\/2026\/07\/760CACEF-A637-44EE-8753-58D4FE7913DB-1-596x600.png 596w, https:\/\/lacartebuissonniere.fr\/wp-content\/uploads\/2026\/07\/760CACEF-A637-44EE-8753-58D4FE7913DB-1.png 1714w\" sizes=\"auto, (max-width: 1017px) 100vw, 1017px\" \/><\/figure>\n<\/div>\n\n\n<p class=\"wp-block-paragraph\"><\/p>\n\n\n\n<p class=\"wp-block-paragraph\">La pelure conna\u00eet une nouvelle variation avec \u00ab\u00a0La Citrouille\u00a0\u00bb\u00a0:<\/p>\n\n\n<div class=\"wp-block-image\">\n<figure class=\"aligncenter size-large\"><img loading=\"lazy\" decoding=\"async\" width=\"1024\" height=\"1005\" src=\"https:\/\/lacartebuissonniere.fr\/wp-content\/uploads\/2026\/07\/CF3F68CF-65D1-4C02-9A27-A72A5A7EDC74_1_201_a-1024x1005.jpeg\" alt=\"\" class=\"wp-image-9556\" srcset=\"https:\/\/lacartebuissonniere.fr\/wp-content\/uploads\/2026\/07\/CF3F68CF-65D1-4C02-9A27-A72A5A7EDC74_1_201_a-1024x1005.jpeg 1024w, https:\/\/lacartebuissonniere.fr\/wp-content\/uploads\/2026\/07\/CF3F68CF-65D1-4C02-9A27-A72A5A7EDC74_1_201_a-300x294.jpeg 300w, https:\/\/lacartebuissonniere.fr\/wp-content\/uploads\/2026\/07\/CF3F68CF-65D1-4C02-9A27-A72A5A7EDC74_1_201_a-768x754.jpeg 768w, https:\/\/lacartebuissonniere.fr\/wp-content\/uploads\/2026\/07\/CF3F68CF-65D1-4C02-9A27-A72A5A7EDC74_1_201_a-1536x1507.jpeg 1536w, https:\/\/lacartebuissonniere.fr\/wp-content\/uploads\/2026\/07\/CF3F68CF-65D1-4C02-9A27-A72A5A7EDC74_1_201_a-600x589.jpeg 600w, https:\/\/lacartebuissonniere.fr\/wp-content\/uploads\/2026\/07\/CF3F68CF-65D1-4C02-9A27-A72A5A7EDC74_1_201_a.jpeg 1716w\" sizes=\"auto, (max-width: 1024px) 100vw, 1024px\" \/><\/figure>\n<\/div>\n\n\n<p class=\"wp-block-paragraph\"><\/p>\n\n\n\n<p class=\"wp-block-paragraph\">Point de citrouille, mais une grenouille. La rime est savoureuse&nbsp;!<\/p>\n\n\n\n<p class=\"wp-block-paragraph\">J\u2019y vois surtout un clin d\u2019\u0153il \u00e0 l\u2019univers des contes, o\u00f9 citrouilles et crapauds sont volontiers promis aux m\u00e9tamorphoses. Pourquoi pas en citron, apr\u00e8s tout ?<\/p>\n\n\n\n<p class=\"wp-block-paragraph\">Enfin, avec \u00ab&nbsp;Penicilium Tremens&nbsp;\u00bb et \u00ab&nbsp;Deflection&nbsp;\u00bb, Veks Van Hillik infl\u00e9chit les conventions de la Vanit\u00e9 :<\/p>\n\n\n<div class=\"wp-block-image\">\n<figure class=\"aligncenter size-large\"><img loading=\"lazy\" decoding=\"async\" width=\"593\" height=\"1024\" src=\"https:\/\/lacartebuissonniere.fr\/wp-content\/uploads\/2026\/07\/3A4F2770-CA94-4765-B38C-B158B89CFFF9_1_201_a-593x1024.jpg\" alt=\"\" class=\"wp-image-9558\" srcset=\"https:\/\/lacartebuissonniere.fr\/wp-content\/uploads\/2026\/07\/3A4F2770-CA94-4765-B38C-B158B89CFFF9_1_201_a-593x1024.jpg 593w, https:\/\/lacartebuissonniere.fr\/wp-content\/uploads\/2026\/07\/3A4F2770-CA94-4765-B38C-B158B89CFFF9_1_201_a-174x300.jpg 174w, https:\/\/lacartebuissonniere.fr\/wp-content\/uploads\/2026\/07\/3A4F2770-CA94-4765-B38C-B158B89CFFF9_1_201_a-768x1325.jpg 768w, https:\/\/lacartebuissonniere.fr\/wp-content\/uploads\/2026\/07\/3A4F2770-CA94-4765-B38C-B158B89CFFF9_1_201_a-890x1536.jpg 890w, https:\/\/lacartebuissonniere.fr\/wp-content\/uploads\/2026\/07\/3A4F2770-CA94-4765-B38C-B158B89CFFF9_1_201_a-1187x2048.jpg 1187w, https:\/\/lacartebuissonniere.fr\/wp-content\/uploads\/2026\/07\/3A4F2770-CA94-4765-B38C-B158B89CFFF9_1_201_a-348x600.jpg 348w, https:\/\/lacartebuissonniere.fr\/wp-content\/uploads\/2026\/07\/3A4F2770-CA94-4765-B38C-B158B89CFFF9_1_201_a-scaled.jpg 1484w\" sizes=\"auto, (max-width: 593px) 100vw, 593px\" \/><\/figure>\n<\/div>\n\n\n<p class=\"wp-block-paragraph\"><\/p>\n\n\n<div class=\"wp-block-image\">\n<figure class=\"aligncenter size-large\"><img loading=\"lazy\" decoding=\"async\" width=\"407\" height=\"1024\" src=\"https:\/\/lacartebuissonniere.fr\/wp-content\/uploads\/2026\/07\/74B1DCC4-9CBC-4744-B5CE-9AB444927624-407x1024.png\" alt=\"\" class=\"wp-image-9557\" srcset=\"https:\/\/lacartebuissonniere.fr\/wp-content\/uploads\/2026\/07\/74B1DCC4-9CBC-4744-B5CE-9AB444927624-407x1024.png 407w, https:\/\/lacartebuissonniere.fr\/wp-content\/uploads\/2026\/07\/74B1DCC4-9CBC-4744-B5CE-9AB444927624-119x300.png 119w, https:\/\/lacartebuissonniere.fr\/wp-content\/uploads\/2026\/07\/74B1DCC4-9CBC-4744-B5CE-9AB444927624-239x600.png 239w, https:\/\/lacartebuissonniere.fr\/wp-content\/uploads\/2026\/07\/74B1DCC4-9CBC-4744-B5CE-9AB444927624.png 530w\" sizes=\"auto, (max-width: 407px) 100vw, 407px\" \/><\/figure>\n<\/div>\n\n\n<p class=\"wp-block-paragraph\"><\/p>\n\n\n\n<p class=\"wp-block-paragraph\">En effet, le citron se maintient en suspens sous toutes ses formes : pos\u00e9 au bord du marbre, dress\u00e9 \u00e0 la verticale sur un \u00e9chiquier ou r\u00e9duit \u00e0 une tranche flottante. Pourtant, il est d\u00e9j\u00e0 gagn\u00e9 par la putr\u00e9faction.<\/p>\n\n\n\n<p class=\"wp-block-paragraph\">Et dire que <em>penicilium<\/em> signifie \u00ab&nbsp;pinceau&nbsp;\u00bb en latin&nbsp;!<\/p>\n\n\n\n<p class=\"wp-block-paragraph\">Chez Veks Van Hillik, le citron quitte la nature morte pour entrer dans un monde de m\u00e9tamorphoses. Sur mes cartes buissonni\u00e8res, en ce jour qui le c\u00e9l\u00e8bre dans le calendrier r\u00e9publicain, il se contente plus modestement d\u2019apporter une touche de lumi\u00e8re estivale&nbsp;:<\/p>\n\n\n\n<figure class=\"wp-block-gallery has-nested-images columns-default is-cropped wp-block-gallery-2 is-layout-flex wp-block-gallery-is-layout-flex\">\n<figure class=\"wp-block-image size-large\"><img loading=\"lazy\" decoding=\"async\" width=\"819\" height=\"1024\" data-id=\"9560\" src=\"https:\/\/lacartebuissonniere.fr\/wp-content\/uploads\/2026\/07\/21842A58-3706-4895-856D-D8361AFD3444-819x1024.png\" alt=\"\" class=\"wp-image-9560\" srcset=\"https:\/\/lacartebuissonniere.fr\/wp-content\/uploads\/2026\/07\/21842A58-3706-4895-856D-D8361AFD3444-819x1024.png 819w, https:\/\/lacartebuissonniere.fr\/wp-content\/uploads\/2026\/07\/21842A58-3706-4895-856D-D8361AFD3444-240x300.png 240w, https:\/\/lacartebuissonniere.fr\/wp-content\/uploads\/2026\/07\/21842A58-3706-4895-856D-D8361AFD3444-768x960.png 768w, https:\/\/lacartebuissonniere.fr\/wp-content\/uploads\/2026\/07\/21842A58-3706-4895-856D-D8361AFD3444-480x600.png 480w, https:\/\/lacartebuissonniere.fr\/wp-content\/uploads\/2026\/07\/21842A58-3706-4895-856D-D8361AFD3444.png 1080w\" sizes=\"auto, (max-width: 819px) 100vw, 819px\" \/><\/figure>\n\n\n\n<figure class=\"wp-block-image size-large\"><img loading=\"lazy\" decoding=\"async\" width=\"819\" height=\"1024\" data-id=\"9559\" src=\"https:\/\/lacartebuissonniere.fr\/wp-content\/uploads\/2026\/07\/3AC9227E-62B9-483C-96F9-25E3B4C30D96-819x1024.png\" alt=\"\" class=\"wp-image-9559\" srcset=\"https:\/\/lacartebuissonniere.fr\/wp-content\/uploads\/2026\/07\/3AC9227E-62B9-483C-96F9-25E3B4C30D96-819x1024.png 819w, https:\/\/lacartebuissonniere.fr\/wp-content\/uploads\/2026\/07\/3AC9227E-62B9-483C-96F9-25E3B4C30D96-240x300.png 240w, https:\/\/lacartebuissonniere.fr\/wp-content\/uploads\/2026\/07\/3AC9227E-62B9-483C-96F9-25E3B4C30D96-768x960.png 768w, https:\/\/lacartebuissonniere.fr\/wp-content\/uploads\/2026\/07\/3AC9227E-62B9-483C-96F9-25E3B4C30D96-480x600.png 480w, https:\/\/lacartebuissonniere.fr\/wp-content\/uploads\/2026\/07\/3AC9227E-62B9-483C-96F9-25E3B4C30D96.png 1080w\" sizes=\"auto, (max-width: 819px) 100vw, 819px\" \/><\/figure>\n<\/figure>\n\n\n\n<p class=\"wp-block-paragraph\"><\/p>\n\n\n\n<p class=\"wp-block-paragraph\">Vous aimez les citrons&nbsp;? Vous aimerez \u00e9galement&nbsp;:<\/p>\n\n\n\n<p class=\"wp-block-paragraph\"><a href=\"https:\/\/lacartebuissonniere.fr\/index.php\/2023\/09\/02\/sous-le-signe-du-citron\/\" target=\"_blank\" rel=\"noreferrer noopener\">\u00ab\u00a0Sous le signe du citron\u00a0\u00bb<\/a><\/p>\n\n\n\n<p class=\"wp-block-paragraph\"><a href=\"https:\/\/lacartebuissonniere.fr\/index.php\/2024\/09\/02\/les-citrons-de-manet\/\" target=\"_blank\" rel=\"noreferrer noopener\">\u00ab\u00a0Les citrons de Manet\u00a0\u00bb<\/a><\/p>\n\n\n\n<p class=\"wp-block-paragraph\"><a href=\"https:\/\/lacartebuissonniere.fr\/index.php\/2025\/09\/02\/les-citrons-de-roy-lichtenstein\/\" target=\"_blank\" rel=\"noreferrer noopener\">\u00ab\u00a0Les citrons de Roy Lichtenstein\u00a0\u00bb<\/a><\/p>\n\n\n\n<p class=\"wp-block-paragraph\"><\/p>\n","protected":false},"excerpt":{"rendered":"<p>J\u2019ai d\u00e9couvert Veks Van Hillik et son bestiaire fabuleux au hasard d\u2019une promenade \u00e0 l\u2019automne 2023. Le M.U.R. Bastille accueillait alors sa spectaculaire \u00ab&nbsp;Nature vivante au citron&nbsp;\u00bb&nbsp;: Moi qui adore les natures mortes des peintres du Si\u00e8cle d\u2019or hollandais et leurs superbes citrons \u00e0 la pelure en spirale, je suis rest\u00e9e subjugu\u00e9e. Au XVII\u1d49 si\u00e8cle, [&hellip;]<\/p>\n","protected":false},"author":2,"featured_media":0,"comment_status":"open","ping_status":"open","sticky":false,"template":"","format":"standard","meta":{"ocean_post_layout":"","ocean_both_sidebars_style":"","ocean_both_sidebars_content_width":0,"ocean_both_sidebars_sidebars_width":0,"ocean_sidebar":"","ocean_second_sidebar":"","ocean_disable_margins":"enable","ocean_add_body_class":"","ocean_shortcode_before_top_bar":"","ocean_shortcode_after_top_bar":"","ocean_shortcode_before_header":"","ocean_shortcode_after_header":"","ocean_has_shortcode":"","ocean_shortcode_after_title":"","ocean_shortcode_before_footer_widgets":"","ocean_shortcode_after_footer_widgets":"","ocean_shortcode_before_footer_bottom":"","ocean_shortcode_after_footer_bottom":"","ocean_display_top_bar":"default","ocean_display_header":"default","ocean_header_style":"","ocean_center_header_left_menu":"","ocean_custom_header_template":"","ocean_custom_logo":0,"ocean_custom_retina_logo":0,"ocean_custom_logo_max_width":0,"ocean_custom_logo_tablet_max_width":0,"ocean_custom_logo_mobile_max_width":0,"ocean_custom_logo_max_height":0,"ocean_custom_logo_tablet_max_height":0,"ocean_custom_logo_mobile_max_height":0,"ocean_header_custom_menu":"","ocean_menu_typo_font_family":"","ocean_menu_typo_font_subset":"","ocean_menu_typo_font_size":0,"ocean_menu_typo_font_size_tablet":0,"ocean_menu_typo_font_size_mobile":0,"ocean_menu_typo_font_size_unit":"px","ocean_menu_typo_font_weight":"","ocean_menu_typo_font_weight_tablet":"","ocean_menu_typo_font_weight_mobile":"","ocean_menu_typo_transform":"","ocean_menu_typo_transform_tablet":"","ocean_menu_typo_transform_mobile":"","ocean_menu_typo_line_height":0,"ocean_menu_typo_line_height_tablet":0,"ocean_menu_typo_line_height_mobile":0,"ocean_menu_typo_line_height_unit":"","ocean_menu_typo_spacing":0,"ocean_menu_typo_spacing_tablet":0,"ocean_menu_typo_spacing_mobile":0,"ocean_menu_typo_spacing_unit":"","ocean_menu_link_color":"","ocean_menu_link_color_hover":"","ocean_menu_link_color_active":"","ocean_menu_link_background":"","ocean_menu_link_hover_background":"","ocean_menu_link_active_background":"","ocean_menu_social_links_bg":"","ocean_menu_social_hover_links_bg":"","ocean_menu_social_links_color":"","ocean_menu_social_hover_links_color":"","ocean_disable_title":"default","ocean_disable_heading":"default","ocean_post_title":"","ocean_post_subheading":"","ocean_post_title_style":"","ocean_post_title_background_color":"","ocean_post_title_background":0,"ocean_post_title_bg_image_position":"","ocean_post_title_bg_image_attachment":"","ocean_post_title_bg_image_repeat":"","ocean_post_title_bg_image_size":"","ocean_post_title_height":0,"ocean_post_title_bg_overlay":0.5,"ocean_post_title_bg_overlay_color":"","ocean_disable_breadcrumbs":"default","ocean_breadcrumbs_color":"","ocean_breadcrumbs_separator_color":"","ocean_breadcrumbs_links_color":"","ocean_breadcrumbs_links_hover_color":"","ocean_display_footer_widgets":"default","ocean_display_footer_bottom":"default","ocean_custom_footer_template":"","two_page_speed":[],"ocean_post_oembed":"","ocean_post_self_hosted_media":"","ocean_post_video_embed":"","ocean_link_format":"","ocean_link_format_target":"self","ocean_quote_format":"","ocean_quote_format_link":"post","ocean_gallery_link_images":"on","ocean_gallery_id":[],"footnotes":""},"categories":[16,18],"tags":[],"class_list":["post-9548","post","type-post","status-publish","format-standard","hentry","category-flaneries","category-flaneries-culturelles","entry"],"yoast_head":"<!-- This site is optimized with the Yoast SEO plugin v28.0 - https:\/\/yoast.com\/product\/yoast-seo-wordpress\/ -->\n<title>Les m\u00e9tamorphoses du citron - La carte buissonni\u00e8re<\/title>\n<meta name=\"robots\" content=\"index, follow, max-snippet:-1, max-image-preview:large, max-video-preview:-1\" \/>\n<link rel=\"canonical\" href=\"https:\/\/lacartebuissonniere.fr\/index.php\/2026\/09\/02\/les-metamorphoses-du-citron\/\" \/>\n<meta property=\"og:locale\" content=\"fr_FR\" \/>\n<meta property=\"og:type\" content=\"article\" \/>\n<meta property=\"og:title\" content=\"Les m\u00e9tamorphoses du citron - La carte buissonni\u00e8re\" \/>\n<meta property=\"og:description\" content=\"J\u2019ai d\u00e9couvert Veks Van Hillik et son bestiaire fabuleux au hasard d\u2019une promenade \u00e0 l\u2019automne 2023. Le M.U.R. Bastille accueillait alors sa spectaculaire \u00ab&nbsp;Nature vivante au citron&nbsp;\u00bb&nbsp;: Moi qui adore les natures mortes des peintres du Si\u00e8cle d\u2019or hollandais et leurs superbes citrons \u00e0 la pelure en spirale, je suis rest\u00e9e subjugu\u00e9e. Au XVII\u1d49 si\u00e8cle, [&hellip;]\" \/>\n<meta property=\"og:url\" content=\"https:\/\/lacartebuissonniere.fr\/index.php\/2026\/09\/02\/les-metamorphoses-du-citron\/\" \/>\n<meta property=\"og:site_name\" content=\"La carte buissonni\u00e8re\" \/>\n<meta property=\"article:publisher\" content=\"https:\/\/www.facebook.com\/lacartebuissonniere\/\" \/>\n<meta property=\"article:published_time\" content=\"2026-09-02T05:00:00+00:00\" \/>\n<meta property=\"og:image\" content=\"https:\/\/lacartebuissonniere.fr\/wp-content\/uploads\/2026\/07\/8877A747-5F20-420E-B6B0-5DF26244F8E3_1_201_a.jpeg\" \/>\n\t<meta property=\"og:image:width\" content=\"1300\" \/>\n\t<meta property=\"og:image:height\" content=\"1625\" \/>\n\t<meta property=\"og:image:type\" content=\"image\/jpeg\" \/>\n<meta name=\"author\" content=\"Carte buissonni\u00e8re\" \/>\n<meta name=\"twitter:card\" content=\"summary_large_image\" \/>\n<meta name=\"twitter:label1\" content=\"\u00c9crit par\" \/>\n\t<meta name=\"twitter:data1\" content=\"Carte buissonni\u00e8re\" \/>\n\t<meta name=\"twitter:label2\" content=\"Dur\u00e9e de lecture estim\u00e9e\" \/>\n\t<meta name=\"twitter:data2\" content=\"4 minutes\" \/>\n<script type=\"application\/ld+json\" class=\"yoast-schema-graph\">{\"@context\":\"https:\\\/\\\/schema.org\",\"@graph\":[{\"@type\":\"Article\",\"@id\":\"https:\\\/\\\/lacartebuissonniere.fr\\\/index.php\\\/2026\\\/09\\\/02\\\/les-metamorphoses-du-citron\\\/#article\",\"isPartOf\":{\"@id\":\"https:\\\/\\\/lacartebuissonniere.fr\\\/index.php\\\/2026\\\/09\\\/02\\\/les-metamorphoses-du-citron\\\/\"},\"author\":{\"name\":\"Carte buissonni\u00e8re\",\"@id\":\"https:\\\/\\\/lacartebuissonniere.fr\\\/#\\\/schema\\\/person\\\/4e60af809837a2287e4f6d4daaf7abd4\"},\"headline\":\"Les m\u00e9tamorphoses du citron\",\"datePublished\":\"2026-09-02T05:00:00+00:00\",\"mainEntityOfPage\":{\"@id\":\"https:\\\/\\\/lacartebuissonniere.fr\\\/index.php\\\/2026\\\/09\\\/02\\\/les-metamorphoses-du-citron\\\/\"},\"wordCount\":389,\"commentCount\":0,\"publisher\":{\"@id\":\"https:\\\/\\\/lacartebuissonniere.fr\\\/#organization\"},\"image\":{\"@id\":\"https:\\\/\\\/lacartebuissonniere.fr\\\/index.php\\\/2026\\\/09\\\/02\\\/les-metamorphoses-du-citron\\\/#primaryimage\"},\"thumbnailUrl\":\"https:\\\/\\\/lacartebuissonniere.fr\\\/wp-content\\\/uploads\\\/2026\\\/07\\\/8877A747-5F20-420E-B6B0-5DF26244F8E3_1_201_a-819x1024.jpeg\",\"articleSection\":[\"FL\u00c2NERIES\",\"Fl\u00e2neries culturelles\"],\"inLanguage\":\"fr-FR\",\"potentialAction\":[{\"@type\":\"CommentAction\",\"name\":\"Comment\",\"target\":[\"https:\\\/\\\/lacartebuissonniere.fr\\\/index.php\\\/2026\\\/09\\\/02\\\/les-metamorphoses-du-citron\\\/#respond\"]}]},{\"@type\":\"WebPage\",\"@id\":\"https:\\\/\\\/lacartebuissonniere.fr\\\/index.php\\\/2026\\\/09\\\/02\\\/les-metamorphoses-du-citron\\\/\",\"url\":\"https:\\\/\\\/lacartebuissonniere.fr\\\/index.php\\\/2026\\\/09\\\/02\\\/les-metamorphoses-du-citron\\\/\",\"name\":\"Les m\u00e9tamorphoses du citron - La carte buissonni\u00e8re\",\"isPartOf\":{\"@id\":\"https:\\\/\\\/lacartebuissonniere.fr\\\/#website\"},\"primaryImageOfPage\":{\"@id\":\"https:\\\/\\\/lacartebuissonniere.fr\\\/index.php\\\/2026\\\/09\\\/02\\\/les-metamorphoses-du-citron\\\/#primaryimage\"},\"image\":{\"@id\":\"https:\\\/\\\/lacartebuissonniere.fr\\\/index.php\\\/2026\\\/09\\\/02\\\/les-metamorphoses-du-citron\\\/#primaryimage\"},\"thumbnailUrl\":\"https:\\\/\\\/lacartebuissonniere.fr\\\/wp-content\\\/uploads\\\/2026\\\/07\\\/8877A747-5F20-420E-B6B0-5DF26244F8E3_1_201_a-819x1024.jpeg\",\"datePublished\":\"2026-09-02T05:00:00+00:00\",\"breadcrumb\":{\"@id\":\"https:\\\/\\\/lacartebuissonniere.fr\\\/index.php\\\/2026\\\/09\\\/02\\\/les-metamorphoses-du-citron\\\/#breadcrumb\"},\"inLanguage\":\"fr-FR\",\"potentialAction\":[{\"@type\":\"ReadAction\",\"target\":[\"https:\\\/\\\/lacartebuissonniere.fr\\\/index.php\\\/2026\\\/09\\\/02\\\/les-metamorphoses-du-citron\\\/\"]}]},{\"@type\":\"ImageObject\",\"inLanguage\":\"fr-FR\",\"@id\":\"https:\\\/\\\/lacartebuissonniere.fr\\\/index.php\\\/2026\\\/09\\\/02\\\/les-metamorphoses-du-citron\\\/#primaryimage\",\"url\":\"https:\\\/\\\/lacartebuissonniere.fr\\\/wp-content\\\/uploads\\\/2026\\\/07\\\/8877A747-5F20-420E-B6B0-5DF26244F8E3_1_201_a.jpeg\",\"contentUrl\":\"https:\\\/\\\/lacartebuissonniere.fr\\\/wp-content\\\/uploads\\\/2026\\\/07\\\/8877A747-5F20-420E-B6B0-5DF26244F8E3_1_201_a.jpeg\",\"width\":1300,\"height\":1625,\"caption\":\"Screenshot\"},{\"@type\":\"BreadcrumbList\",\"@id\":\"https:\\\/\\\/lacartebuissonniere.fr\\\/index.php\\\/2026\\\/09\\\/02\\\/les-metamorphoses-du-citron\\\/#breadcrumb\",\"itemListElement\":[{\"@type\":\"ListItem\",\"position\":1,\"name\":\"Accueil\",\"item\":\"https:\\\/\\\/lacartebuissonniere.fr\\\/\"},{\"@type\":\"ListItem\",\"position\":2,\"name\":\"Les m\u00e9tamorphoses du citron\"}]},{\"@type\":\"WebSite\",\"@id\":\"https:\\\/\\\/lacartebuissonniere.fr\\\/#website\",\"url\":\"https:\\\/\\\/lacartebuissonniere.fr\\\/\",\"name\":\"La carte buissonni\u00e8re\",\"description\":\"\",\"publisher\":{\"@id\":\"https:\\\/\\\/lacartebuissonniere.fr\\\/#organization\"},\"potentialAction\":[{\"@type\":\"SearchAction\",\"target\":{\"@type\":\"EntryPoint\",\"urlTemplate\":\"https:\\\/\\\/lacartebuissonniere.fr\\\/?s={search_term_string}\"},\"query-input\":{\"@type\":\"PropertyValueSpecification\",\"valueRequired\":true,\"valueName\":\"search_term_string\"}}],\"inLanguage\":\"fr-FR\"},{\"@type\":\"Organization\",\"@id\":\"https:\\\/\\\/lacartebuissonniere.fr\\\/#organization\",\"name\":\"La carte buissonni\u00e8re\",\"url\":\"https:\\\/\\\/lacartebuissonniere.fr\\\/\",\"logo\":{\"@type\":\"ImageObject\",\"inLanguage\":\"fr-FR\",\"@id\":\"https:\\\/\\\/lacartebuissonniere.fr\\\/#\\\/schema\\\/logo\\\/image\\\/\",\"url\":\"https:\\\/\\\/lacartebuissonniere.fr\\\/wp-content\\\/uploads\\\/2022\\\/12\\\/Illustration-sans-titre.jpg\",\"contentUrl\":\"https:\\\/\\\/lacartebuissonniere.fr\\\/wp-content\\\/uploads\\\/2022\\\/12\\\/Illustration-sans-titre.jpg\",\"width\":637,\"height\":680,\"caption\":\"La carte buissonni\u00e8re\"},\"image\":{\"@id\":\"https:\\\/\\\/lacartebuissonniere.fr\\\/#\\\/schema\\\/logo\\\/image\\\/\"},\"sameAs\":[\"https:\\\/\\\/www.facebook.com\\\/lacartebuissonniere\\\/\",\"https:\\\/\\\/www.pinterest.fr\\\/DelphChabanne\\\/\"]},{\"@type\":\"Person\",\"@id\":\"https:\\\/\\\/lacartebuissonniere.fr\\\/#\\\/schema\\\/person\\\/4e60af809837a2287e4f6d4daaf7abd4\",\"name\":\"Carte buissonni\u00e8re\",\"image\":{\"@type\":\"ImageObject\",\"inLanguage\":\"fr-FR\",\"@id\":\"https:\\\/\\\/secure.gravatar.com\\\/avatar\\\/b543b5e0f093efbab3dfee8595bf9077ed504ab48ffeb378c9dc263381c278e6?s=96&d=mm&r=g\",\"url\":\"https:\\\/\\\/secure.gravatar.com\\\/avatar\\\/b543b5e0f093efbab3dfee8595bf9077ed504ab48ffeb378c9dc263381c278e6?s=96&d=mm&r=g\",\"contentUrl\":\"https:\\\/\\\/secure.gravatar.com\\\/avatar\\\/b543b5e0f093efbab3dfee8595bf9077ed504ab48ffeb378c9dc263381c278e6?s=96&d=mm&r=g\",\"caption\":\"Carte buissonni\u00e8re\"},\"sameAs\":[\"http:\\\/\\\/lacartebuissonniere.fr\"],\"url\":\"https:\\\/\\\/lacartebuissonniere.fr\\\/index.php\\\/author\\\/carteb\\\/\"}]}<\/script>\n<!-- \/ Yoast SEO plugin. -->","yoast_head_json":{"title":"Les m\u00e9tamorphoses du citron - La carte buissonni\u00e8re","robots":{"index":"index","follow":"follow","max-snippet":"max-snippet:-1","max-image-preview":"max-image-preview:large","max-video-preview":"max-video-preview:-1"},"canonical":"https:\/\/lacartebuissonniere.fr\/index.php\/2026\/09\/02\/les-metamorphoses-du-citron\/","og_locale":"fr_FR","og_type":"article","og_title":"Les m\u00e9tamorphoses du citron - La carte buissonni\u00e8re","og_description":"J\u2019ai d\u00e9couvert Veks Van Hillik et son bestiaire fabuleux au hasard d\u2019une promenade \u00e0 l\u2019automne 2023. Le M.U.R. Bastille accueillait alors sa spectaculaire \u00ab&nbsp;Nature vivante au citron&nbsp;\u00bb&nbsp;: Moi qui adore les natures mortes des peintres du Si\u00e8cle d\u2019or hollandais et leurs superbes citrons \u00e0 la pelure en spirale, je suis rest\u00e9e subjugu\u00e9e. Au XVII\u1d49 si\u00e8cle, [&hellip;]","og_url":"https:\/\/lacartebuissonniere.fr\/index.php\/2026\/09\/02\/les-metamorphoses-du-citron\/","og_site_name":"La carte buissonni\u00e8re","article_publisher":"https:\/\/www.facebook.com\/lacartebuissonniere\/","article_published_time":"2026-09-02T05:00:00+00:00","og_image":[{"width":1300,"height":1625,"url":"https:\/\/lacartebuissonniere.fr\/wp-content\/uploads\/2026\/07\/8877A747-5F20-420E-B6B0-5DF26244F8E3_1_201_a.jpeg","type":"image\/jpeg"}],"author":"Carte buissonni\u00e8re","twitter_card":"summary_large_image","twitter_misc":{"\u00c9crit par":"Carte buissonni\u00e8re","Dur\u00e9e de lecture estim\u00e9e":"4 minutes"},"schema":{"@context":"https:\/\/schema.org","@graph":[{"@type":"Article","@id":"https:\/\/lacartebuissonniere.fr\/index.php\/2026\/09\/02\/les-metamorphoses-du-citron\/#article","isPartOf":{"@id":"https:\/\/lacartebuissonniere.fr\/index.php\/2026\/09\/02\/les-metamorphoses-du-citron\/"},"author":{"name":"Carte buissonni\u00e8re","@id":"https:\/\/lacartebuissonniere.fr\/#\/schema\/person\/4e60af809837a2287e4f6d4daaf7abd4"},"headline":"Les m\u00e9tamorphoses du citron","datePublished":"2026-09-02T05:00:00+00:00","mainEntityOfPage":{"@id":"https:\/\/lacartebuissonniere.fr\/index.php\/2026\/09\/02\/les-metamorphoses-du-citron\/"},"wordCount":389,"commentCount":0,"publisher":{"@id":"https:\/\/lacartebuissonniere.fr\/#organization"},"image":{"@id":"https:\/\/lacartebuissonniere.fr\/index.php\/2026\/09\/02\/les-metamorphoses-du-citron\/#primaryimage"},"thumbnailUrl":"https:\/\/lacartebuissonniere.fr\/wp-content\/uploads\/2026\/07\/8877A747-5F20-420E-B6B0-5DF26244F8E3_1_201_a-819x1024.jpeg","articleSection":["FL\u00c2NERIES","Fl\u00e2neries culturelles"],"inLanguage":"fr-FR","potentialAction":[{"@type":"CommentAction","name":"Comment","target":["https:\/\/lacartebuissonniere.fr\/index.php\/2026\/09\/02\/les-metamorphoses-du-citron\/#respond"]}]},{"@type":"WebPage","@id":"https:\/\/lacartebuissonniere.fr\/index.php\/2026\/09\/02\/les-metamorphoses-du-citron\/","url":"https:\/\/lacartebuissonniere.fr\/index.php\/2026\/09\/02\/les-metamorphoses-du-citron\/","name":"Les m\u00e9tamorphoses du citron - La carte buissonni\u00e8re","isPartOf":{"@id":"https:\/\/lacartebuissonniere.fr\/#website"},"primaryImageOfPage":{"@id":"https:\/\/lacartebuissonniere.fr\/index.php\/2026\/09\/02\/les-metamorphoses-du-citron\/#primaryimage"},"image":{"@id":"https:\/\/lacartebuissonniere.fr\/index.php\/2026\/09\/02\/les-metamorphoses-du-citron\/#primaryimage"},"thumbnailUrl":"https:\/\/lacartebuissonniere.fr\/wp-content\/uploads\/2026\/07\/8877A747-5F20-420E-B6B0-5DF26244F8E3_1_201_a-819x1024.jpeg","datePublished":"2026-09-02T05:00:00+00:00","breadcrumb":{"@id":"https:\/\/lacartebuissonniere.fr\/index.php\/2026\/09\/02\/les-metamorphoses-du-citron\/#breadcrumb"},"inLanguage":"fr-FR","potentialAction":[{"@type":"ReadAction","target":["https:\/\/lacartebuissonniere.fr\/index.php\/2026\/09\/02\/les-metamorphoses-du-citron\/"]}]},{"@type":"ImageObject","inLanguage":"fr-FR","@id":"https:\/\/lacartebuissonniere.fr\/index.php\/2026\/09\/02\/les-metamorphoses-du-citron\/#primaryimage","url":"https:\/\/lacartebuissonniere.fr\/wp-content\/uploads\/2026\/07\/8877A747-5F20-420E-B6B0-5DF26244F8E3_1_201_a.jpeg","contentUrl":"https:\/\/lacartebuissonniere.fr\/wp-content\/uploads\/2026\/07\/8877A747-5F20-420E-B6B0-5DF26244F8E3_1_201_a.jpeg","width":1300,"height":1625,"caption":"Screenshot"},{"@type":"BreadcrumbList","@id":"https:\/\/lacartebuissonniere.fr\/index.php\/2026\/09\/02\/les-metamorphoses-du-citron\/#breadcrumb","itemListElement":[{"@type":"ListItem","position":1,"name":"Accueil","item":"https:\/\/lacartebuissonniere.fr\/"},{"@type":"ListItem","position":2,"name":"Les m\u00e9tamorphoses du citron"}]},{"@type":"WebSite","@id":"https:\/\/lacartebuissonniere.fr\/#website","url":"https:\/\/lacartebuissonniere.fr\/","name":"La carte buissonni\u00e8re","description":"","publisher":{"@id":"https:\/\/lacartebuissonniere.fr\/#organization"},"potentialAction":[{"@type":"SearchAction","target":{"@type":"EntryPoint","urlTemplate":"https:\/\/lacartebuissonniere.fr\/?s={search_term_string}"},"query-input":{"@type":"PropertyValueSpecification","valueRequired":true,"valueName":"search_term_string"}}],"inLanguage":"fr-FR"},{"@type":"Organization","@id":"https:\/\/lacartebuissonniere.fr\/#organization","name":"La carte buissonni\u00e8re","url":"https:\/\/lacartebuissonniere.fr\/","logo":{"@type":"ImageObject","inLanguage":"fr-FR","@id":"https:\/\/lacartebuissonniere.fr\/#\/schema\/logo\/image\/","url":"https:\/\/lacartebuissonniere.fr\/wp-content\/uploads\/2022\/12\/Illustration-sans-titre.jpg","contentUrl":"https:\/\/lacartebuissonniere.fr\/wp-content\/uploads\/2022\/12\/Illustration-sans-titre.jpg","width":637,"height":680,"caption":"La carte buissonni\u00e8re"},"image":{"@id":"https:\/\/lacartebuissonniere.fr\/#\/schema\/logo\/image\/"},"sameAs":["https:\/\/www.facebook.com\/lacartebuissonniere\/","https:\/\/www.pinterest.fr\/DelphChabanne\/"]},{"@type":"Person","@id":"https:\/\/lacartebuissonniere.fr\/#\/schema\/person\/4e60af809837a2287e4f6d4daaf7abd4","name":"Carte buissonni\u00e8re","image":{"@type":"ImageObject","inLanguage":"fr-FR","@id":"https:\/\/secure.gravatar.com\/avatar\/b543b5e0f093efbab3dfee8595bf9077ed504ab48ffeb378c9dc263381c278e6?s=96&d=mm&r=g","url":"https:\/\/secure.gravatar.com\/avatar\/b543b5e0f093efbab3dfee8595bf9077ed504ab48ffeb378c9dc263381c278e6?s=96&d=mm&r=g","contentUrl":"https:\/\/secure.gravatar.com\/avatar\/b543b5e0f093efbab3dfee8595bf9077ed504ab48ffeb378c9dc263381c278e6?s=96&d=mm&r=g","caption":"Carte buissonni\u00e8re"},"sameAs":["http:\/\/lacartebuissonniere.fr"],"url":"https:\/\/lacartebuissonniere.fr\/index.php\/author\/carteb\/"}]}},"_links":{"self":[{"href":"https:\/\/lacartebuissonniere.fr\/index.php\/wp-json\/wp\/v2\/posts\/9548","targetHints":{"allow":["GET"]}}],"collection":[{"href":"https:\/\/lacartebuissonniere.fr\/index.php\/wp-json\/wp\/v2\/posts"}],"about":[{"href":"https:\/\/lacartebuissonniere.fr\/index.php\/wp-json\/wp\/v2\/types\/post"}],"author":[{"embeddable":true,"href":"https:\/\/lacartebuissonniere.fr\/index.php\/wp-json\/wp\/v2\/users\/2"}],"replies":[{"embeddable":true,"href":"https:\/\/lacartebuissonniere.fr\/index.php\/wp-json\/wp\/v2\/comments?post=9548"}],"version-history":[{"count":1,"href":"https:\/\/lacartebuissonniere.fr\/index.php\/wp-json\/wp\/v2\/posts\/9548\/revisions"}],"predecessor-version":[{"id":9561,"href":"https:\/\/lacartebuissonniere.fr\/index.php\/wp-json\/wp\/v2\/posts\/9548\/revisions\/9561"}],"wp:attachment":[{"href":"https:\/\/lacartebuissonniere.fr\/index.php\/wp-json\/wp\/v2\/media?parent=9548"}],"wp:term":[{"taxonomy":"category","embeddable":true,"href":"https:\/\/lacartebuissonniere.fr\/index.php\/wp-json\/wp\/v2\/categories?post=9548"},{"taxonomy":"post_tag","embeddable":true,"href":"https:\/\/lacartebuissonniere.fr\/index.php\/wp-json\/wp\/v2\/tags?post=9548"}],"curies":[{"name":"wp","href":"https:\/\/api.w.org\/{rel}","templated":true}]}}